{"id":2128,"date":"2023-12-11T12:00:03","date_gmt":"2023-12-11T15:00:03","guid":{"rendered":"https:\/\/transamerica93.com.br\/home\/?p=2128"},"modified":"2023-12-10T18:38:02","modified_gmt":"2023-12-10T21:38:02","slug":"susana-werner-diz-ter-sofrido-abuso-patrimonial-de-julio-cesar-sem-poder-tomar-decisoes","status":"publish","type":"post","link":"https:\/\/transamerica93.com.br\/home\/susana-werner-diz-ter-sofrido-abuso-patrimonial-de-julio-cesar-sem-poder-tomar-decisoes\/","title":{"rendered":"Susana Werner diz ter sofrido &#8216;abuso patrimonial&#8217; de J\u00falio C\u00e9sar: &#8216;Sem poder tomar decis\u00f5es&#8217;"},"content":{"rendered":"<div id=\"Corpo\">Por Reda\u00e7\u00e3o O Estado de S. Paulo<\/p>\n<p>Susana Werner, que recentemente se separou do ex-jogador de futebol J\u00falio C\u00e9sar, fez uma sequ\u00eancia de stories em seu Instagram neste domingo, 10, relatando ter passado por &#8220;abuso patrimonial&#8221;. O\u00a0<b>Estad\u00e3o<\/b>\u00a0buscou contato com a assessoria do goleiro, mas n\u00e3o obteve retorno at\u00e9 a publica\u00e7\u00e3o desta reportagem.<\/p>\n<p>Em maio, o casal anunciou o fim do casamento, que j\u00e1 durava 21 anos. Dois dias depois, por\u00e9m, o relacionamento foi reatado.<\/p>\n<p>Neste fim de semana, Susana confirmou o novo t\u00e9rmino em postagem no Instagram. &#8220;Sim, j\u00e1 estamos separados h\u00e1 um m\u00eas, mas o casamento j\u00e1 n\u00e3o existia h\u00e1 muitos anos. E sim, estou bem tranquila e decidida. Obrigada por tanto carinho, n\u00e3o me arrependo de nada! Agora quero curtir somente a mim mesma&#8221;, escreveu.<\/p>\n<p>Segundo a atriz, J\u00falio C\u00e9sar lhe pagava um valor mensal no per\u00edodo em que estavam juntos: &#8220;A gente fica triste, porque quer resolver, quer ajudar, quer fazer, mas est\u00e1 de m\u00e3os atadas, ali, sem poder tomar decis\u00f5es.&#8221;<\/p>\n<p>&#8220;Sou muito grata, sempre vivi bem com tudo que eu ganhei, n\u00e3o tenho do que reclamar. Viveria at\u00e9 com menos do que ele me dava por m\u00eas. Sou muito &#8216;de boa&#8217;, meus gastos s\u00e3o de comida. Meus gastos nunca foram bolsa de marca, roupa de luxo&#8221;, continuou, destacando que as dificuldades apareciam em momentos em que fazia obras, por exemplo.<\/p>\n<p>Em seguida, Susana Werner afirmou: &#8220;O nome disso \u00e9 abuso patrimonial. S\u00f3 fui aprender isso agora, quando aconteceu o neg\u00f3cio com a Ana Hickmann. S\u00f3 fui entender que eu fazia parte disso h\u00e1 pouco tempo.&#8221;<\/p>\n<p>&#8220;Provavelmente ele foi instru\u00eddo a ser assim. E tudo bem. Na minha cabe\u00e7a \u00e9 errado, e, \u00e9 por isso mesmo, um dos motivos que eu estou saindo fora. &#8216;Ah, Susana, por dinheiro?&#8217;. N\u00e3o. Porque o amor n\u00e3o \u00e9 tudo. N\u00e3o adianta voc\u00ea amar uma pessoa e ela n\u00e3o ter orgulho de voc\u00ea, n\u00e3o te apoiar nas coisas que voc\u00ea quer fazer, n\u00e3o olhar para voc\u00ea. Estava bem dif\u00edcil, j\u00e1 h\u00e1 muitos anos. Eu sinto muitas necessidades que n\u00e3o s\u00e3o supridas porque eu n\u00e3o posso. N\u00e3o tem como&#8221;, concluiu a atriz.<\/p>\n<p>O\u00a0<b>Estad\u00e3o<\/b>\u00a0buscou contato com a assessoria de J\u00falio C\u00e9sar a respeito do caso, mas n\u00e3o obteve retorno at\u00e9 a publica\u00e7\u00e3o desta reportagem. O espa\u00e7o segue aberto para manifesta\u00e7\u00e3o.<\/div>\n","protected":false},"excerpt":{"rendered":"<p>Por Reda\u00e7\u00e3o O Estado de S. Paulo Susana Werner, que recentemente se separou do ex-jogador de futebol J\u00falio C\u00e9sar, fez uma sequ\u00eancia de stories em seu Instagram neste domingo, 10, relatando ter passado por &#8220;abuso patrimonial&#8221;. O\u00a0Estad\u00e3o\u00a0buscou contato com a assessoria do goleiro, mas n\u00e3o obteve retorno at\u00e9 a publica\u00e7\u00e3o desta reportagem. Em maio, o &hellip;<\/p>\n","protected":false},"author":1,"featured_media":2129,"comment_status":"closed","ping_status":"closed","sticky":false,"template":"","format":"standard","meta":{"footnotes":""},"categories":[24],"tags":[],"class_list":["post-2128","post","type-post","status-publish","format-standard","has-post-thumbnail","hentry","category-entretenimento"],"yoast_head":"<!-- This site is optimized with the Yoast SEO plugin v27.4 - https:\/\/yoast.com\/product\/yoast-seo-wordpress\/ -->\n<title>Susana Werner diz ter sofrido &#039;abuso patrimonial&#039; de J\u00falio C\u00e9sar: &#039;Sem poder tomar decis\u00f5es&#039; - Transam\u00e9rica Mococa 93,3<\/title>\n<meta name=\"robots\" content=\"index, follow, max-snippet:-1, max-image-preview:large, max-video-preview:-1\" \/>\n<link rel=\"canonical\" href=\"https:\/\/transamerica93.com.br\/home\/susana-werner-diz-ter-sofrido-abuso-patrimonial-de-julio-cesar-sem-poder-tomar-decisoes\/\" \/>\n<meta property=\"og:locale\" content=\"pt_BR\" \/>\n<meta property=\"og:type\" content=\"article\" \/>\n<meta property=\"og:title\" content=\"Susana Werner diz ter sofrido &#039;abuso patrimonial&#039; de J\u00falio C\u00e9sar: &#039;Sem poder tomar decis\u00f5es&#039; - Transam\u00e9rica Mococa 93,3\" \/>\n<meta property=\"og:description\" content=\"Por Reda\u00e7\u00e3o O Estado de S. Paulo Susana Werner, que recentemente se separou do ex-jogador de futebol J\u00falio C\u00e9sar, fez uma sequ\u00eancia de stories em seu Instagram neste domingo, 10, relatando ter passado por &#8220;abuso patrimonial&#8221;. O\u00a0Estad\u00e3o\u00a0buscou contato com a assessoria do goleiro, mas n\u00e3o obteve retorno at\u00e9 a publica\u00e7\u00e3o desta reportagem. Em maio, o &hellip;\" \/>\n<meta property=\"og:url\" content=\"https:\/\/transamerica93.com.br\/home\/susana-werner-diz-ter-sofrido-abuso-patrimonial-de-julio-cesar-sem-poder-tomar-decisoes\/\" \/>\n<meta property=\"og:site_name\" content=\"Transam\u00e9rica Mococa 93,3\" \/>\n<meta property=\"article:publisher\" content=\"https:\/\/www.facebook.com\/transamericamococa\" \/>\n<meta property=\"article:published_time\" content=\"2023-12-11T15:00:03+00:00\" \/>\n<meta property=\"og:image\" content=\"https:\/\/transamerica93.com.br\/home\/wp-content\/uploads\/2023\/12\/imagem-11.jpg\" \/>\n\t<meta property=\"og:image:width\" content=\"866\" \/>\n\t<meta property=\"og:image:height\" content=\"549\" \/>\n\t<meta property=\"og:image:type\" content=\"image\/jpeg\" \/>\n<meta name=\"author\" content=\"Reda\u00e7\u00e3o\" \/>\n<meta name=\"twitter:card\" content=\"summary_large_image\" \/>\n<meta name=\"twitter:creator\" content=\"@transamerica933\" \/>\n<meta name=\"twitter:site\" content=\"@transamerica933\" \/>\n<meta name=\"twitter:label1\" content=\"Escrito por\" \/>\n\t<meta name=\"twitter:data1\" content=\"Reda\u00e7\u00e3o\" \/>\n\t<meta name=\"twitter:label2\" content=\"Est. tempo de leitura\" \/>\n\t<meta name=\"twitter:data2\" content=\"3 minutos\" \/>\n<script type=\"application\/ld+json\" class=\"yoast-schema-graph\">{\"@context\":\"https:\\\/\\\/schema.org\",\"@graph\":[{\"@type\":\"Article\",\"@id\":\"https:\\\/\\\/transamerica93.com.br\\\/home\\\/susana-werner-diz-ter-sofrido-abuso-patrimonial-de-julio-cesar-sem-poder-tomar-decisoes\\\/#article\",\"isPartOf\":{\"@id\":\"https:\\\/\\\/transamerica93.com.br\\\/home\\\/susana-werner-diz-ter-sofrido-abuso-patrimonial-de-julio-cesar-sem-poder-tomar-decisoes\\\/\"},\"author\":{\"name\":\"Reda\u00e7\u00e3o\",\"@id\":\"https:\\\/\\\/transamerica93.com.br\\\/home\\\/#\\\/schema\\\/person\\\/7fed7c99c0d4562efa8561bc0f543172\"},\"headline\":\"Susana Werner diz ter sofrido &#8216;abuso patrimonial&#8217; de J\u00falio C\u00e9sar: &#8216;Sem poder tomar decis\u00f5es&#8217;\",\"datePublished\":\"2023-12-11T15:00:03+00:00\",\"mainEntityOfPage\":{\"@id\":\"https:\\\/\\\/transamerica93.com.br\\\/home\\\/susana-werner-diz-ter-sofrido-abuso-patrimonial-de-julio-cesar-sem-poder-tomar-decisoes\\\/\"},\"wordCount\":432,\"publisher\":{\"@id\":\"https:\\\/\\\/transamerica93.com.br\\\/home\\\/#organization\"},\"image\":{\"@id\":\"https:\\\/\\\/transamerica93.com.br\\\/home\\\/susana-werner-diz-ter-sofrido-abuso-patrimonial-de-julio-cesar-sem-poder-tomar-decisoes\\\/#primaryimage\"},\"thumbnailUrl\":\"https:\\\/\\\/transamerica93.com.br\\\/home\\\/wp-content\\\/uploads\\\/2023\\\/12\\\/imagem-11.jpg\",\"articleSection\":[\"Entretenimento\"],\"inLanguage\":\"pt-BR\"},{\"@type\":\"WebPage\",\"@id\":\"https:\\\/\\\/transamerica93.com.br\\\/home\\\/susana-werner-diz-ter-sofrido-abuso-patrimonial-de-julio-cesar-sem-poder-tomar-decisoes\\\/\",\"url\":\"https:\\\/\\\/transamerica93.com.br\\\/home\\\/susana-werner-diz-ter-sofrido-abuso-patrimonial-de-julio-cesar-sem-poder-tomar-decisoes\\\/\",\"name\":\"Susana Werner diz ter sofrido 'abuso patrimonial' de J\u00falio C\u00e9sar: 'Sem poder tomar decis\u00f5es' - Transam\u00e9rica Mococa 93,3\",\"isPartOf\":{\"@id\":\"https:\\\/\\\/transamerica93.com.br\\\/home\\\/#website\"},\"primaryImageOfPage\":{\"@id\":\"https:\\\/\\\/transamerica93.com.br\\\/home\\\/susana-werner-diz-ter-sofrido-abuso-patrimonial-de-julio-cesar-sem-poder-tomar-decisoes\\\/#primaryimage\"},\"image\":{\"@id\":\"https:\\\/\\\/transamerica93.com.br\\\/home\\\/susana-werner-diz-ter-sofrido-abuso-patrimonial-de-julio-cesar-sem-poder-tomar-decisoes\\\/#primaryimage\"},\"thumbnailUrl\":\"https:\\\/\\\/transamerica93.com.br\\\/home\\\/wp-content\\\/uploads\\\/2023\\\/12\\\/imagem-11.jpg\",\"datePublished\":\"2023-12-11T15:00:03+00:00\",\"breadcrumb\":{\"@id\":\"https:\\\/\\\/transamerica93.com.br\\\/home\\\/susana-werner-diz-ter-sofrido-abuso-patrimonial-de-julio-cesar-sem-poder-tomar-decisoes\\\/#breadcrumb\"},\"inLanguage\":\"pt-BR\",\"potentialAction\":[{\"@type\":\"ReadAction\",\"target\":[\"https:\\\/\\\/transamerica93.com.br\\\/home\\\/susana-werner-diz-ter-sofrido-abuso-patrimonial-de-julio-cesar-sem-poder-tomar-decisoes\\\/\"]}]},{\"@type\":\"ImageObject\",\"inLanguage\":\"pt-BR\",\"@id\":\"https:\\\/\\\/transamerica93.com.br\\\/home\\\/susana-werner-diz-ter-sofrido-abuso-patrimonial-de-julio-cesar-sem-poder-tomar-decisoes\\\/#primaryimage\",\"url\":\"https:\\\/\\\/transamerica93.com.br\\\/home\\\/wp-content\\\/uploads\\\/2023\\\/12\\\/imagem-11.jpg\",\"contentUrl\":\"https:\\\/\\\/transamerica93.com.br\\\/home\\\/wp-content\\\/uploads\\\/2023\\\/12\\\/imagem-11.jpg\",\"width\":866,\"height\":549,\"caption\":\"Foto: Reprodu\u00e7\u00e3o\\\/ Instagram\\\/ ojuliocesar_12\"},{\"@type\":\"BreadcrumbList\",\"@id\":\"https:\\\/\\\/transamerica93.com.br\\\/home\\\/susana-werner-diz-ter-sofrido-abuso-patrimonial-de-julio-cesar-sem-poder-tomar-decisoes\\\/#breadcrumb\",\"itemListElement\":[{\"@type\":\"ListItem\",\"position\":1,\"name\":\"In\u00edcio\",\"item\":\"https:\\\/\\\/transamerica93.com.br\\\/home\\\/\"},{\"@type\":\"ListItem\",\"position\":2,\"name\":\"Susana Werner diz ter sofrido &#8216;abuso patrimonial&#8217; de J\u00falio C\u00e9sar: &#8216;Sem poder tomar decis\u00f5es&#8217;\"}]},{\"@type\":\"WebSite\",\"@id\":\"https:\\\/\\\/transamerica93.com.br\\\/home\\\/#website\",\"url\":\"https:\\\/\\\/transamerica93.com.br\\\/home\\\/\",\"name\":\"Transam\u00e9rica Mococa 93,3\",\"description\":\"\",\"publisher\":{\"@id\":\"https:\\\/\\\/transamerica93.com.br\\\/home\\\/#organization\"},\"potentialAction\":[{\"@type\":\"SearchAction\",\"target\":{\"@type\":\"EntryPoint\",\"urlTemplate\":\"https:\\\/\\\/transamerica93.com.br\\\/home\\\/?s={search_term_string}\"},\"query-input\":{\"@type\":\"PropertyValueSpecification\",\"valueRequired\":true,\"valueName\":\"search_term_string\"}}],\"inLanguage\":\"pt-BR\"},{\"@type\":\"Organization\",\"@id\":\"https:\\\/\\\/transamerica93.com.br\\\/home\\\/#organization\",\"name\":\"Transam\u00e9rica Mococa 93,3\",\"url\":\"https:\\\/\\\/transamerica93.com.br\\\/home\\\/\",\"logo\":{\"@type\":\"ImageObject\",\"inLanguage\":\"pt-BR\",\"@id\":\"https:\\\/\\\/transamerica93.com.br\\\/home\\\/#\\\/schema\\\/logo\\\/image\\\/\",\"url\":\"https:\\\/\\\/transamerica93.com.br\\\/home\\\/wp-content\\\/uploads\\\/2023\\\/10\\\/logo2.png\",\"contentUrl\":\"https:\\\/\\\/transamerica93.com.br\\\/home\\\/wp-content\\\/uploads\\\/2023\\\/10\\\/logo2.png\",\"width\":800,\"height\":500,\"caption\":\"Transam\u00e9rica Mococa 93,3\"},\"image\":{\"@id\":\"https:\\\/\\\/transamerica93.com.br\\\/home\\\/#\\\/schema\\\/logo\\\/image\\\/\"},\"sameAs\":[\"https:\\\/\\\/www.facebook.com\\\/transamericamococa\",\"https:\\\/\\\/x.com\\\/transamerica933\",\"https:\\\/\\\/www.instagram.com\\\/transamericamococa\"]},{\"@type\":\"Person\",\"@id\":\"https:\\\/\\\/transamerica93.com.br\\\/home\\\/#\\\/schema\\\/person\\\/7fed7c99c0d4562efa8561bc0f543172\",\"name\":\"Reda\u00e7\u00e3o\",\"image\":{\"@type\":\"ImageObject\",\"inLanguage\":\"pt-BR\",\"@id\":\"https:\\\/\\\/secure.gravatar.com\\\/avatar\\\/1072c6b775fb02ef8506ce967551d95926669a6b7d2c2147b42eea4d7c68395e?s=96&d=mm&r=g\",\"url\":\"https:\\\/\\\/secure.gravatar.com\\\/avatar\\\/1072c6b775fb02ef8506ce967551d95926669a6b7d2c2147b42eea4d7c68395e?s=96&d=mm&r=g\",\"contentUrl\":\"https:\\\/\\\/secure.gravatar.com\\\/avatar\\\/1072c6b775fb02ef8506ce967551d95926669a6b7d2c2147b42eea4d7c68395e?s=96&d=mm&r=g\",\"caption\":\"Reda\u00e7\u00e3o\"},\"sameAs\":[\"https:\\\/\\\/transamerica93.com.br\\\/home\"],\"url\":\"https:\\\/\\\/transamerica93.com.br\\\/home\\\/author\\\/william\\\/\"}]}<\/script>\n<!-- \/ Yoast SEO plugin. -->","yoast_head_json":{"title":"Susana Werner diz ter sofrido 'abuso patrimonial' de J\u00falio C\u00e9sar: 'Sem poder tomar decis\u00f5es' - Transam\u00e9rica Mococa 93,3","robots":{"index":"index","follow":"follow","max-snippet":"max-snippet:-1","max-image-preview":"max-image-preview:large","max-video-preview":"max-video-preview:-1"},"canonical":"https:\/\/transamerica93.com.br\/home\/susana-werner-diz-ter-sofrido-abuso-patrimonial-de-julio-cesar-sem-poder-tomar-decisoes\/","og_locale":"pt_BR","og_type":"article","og_title":"Susana Werner diz ter sofrido 'abuso patrimonial' de J\u00falio C\u00e9sar: 'Sem poder tomar decis\u00f5es' - Transam\u00e9rica Mococa 93,3","og_description":"Por Reda\u00e7\u00e3o O Estado de S. Paulo Susana Werner, que recentemente se separou do ex-jogador de futebol J\u00falio C\u00e9sar, fez uma sequ\u00eancia de stories em seu Instagram neste domingo, 10, relatando ter passado por &#8220;abuso patrimonial&#8221;. O\u00a0Estad\u00e3o\u00a0buscou contato com a assessoria do goleiro, mas n\u00e3o obteve retorno at\u00e9 a publica\u00e7\u00e3o desta reportagem. Em maio, o &hellip;","og_url":"https:\/\/transamerica93.com.br\/home\/susana-werner-diz-ter-sofrido-abuso-patrimonial-de-julio-cesar-sem-poder-tomar-decisoes\/","og_site_name":"Transam\u00e9rica Mococa 93,3","article_publisher":"https:\/\/www.facebook.com\/transamericamococa","article_published_time":"2023-12-11T15:00:03+00:00","og_image":[{"width":866,"height":549,"url":"https:\/\/transamerica93.com.br\/home\/wp-content\/uploads\/2023\/12\/imagem-11.jpg","type":"image\/jpeg"}],"author":"Reda\u00e7\u00e3o","twitter_card":"summary_large_image","twitter_creator":"@transamerica933","twitter_site":"@transamerica933","twitter_misc":{"Escrito por":"Reda\u00e7\u00e3o","Est. tempo de leitura":"3 minutos"},"schema":{"@context":"https:\/\/schema.org","@graph":[{"@type":"Article","@id":"https:\/\/transamerica93.com.br\/home\/susana-werner-diz-ter-sofrido-abuso-patrimonial-de-julio-cesar-sem-poder-tomar-decisoes\/#article","isPartOf":{"@id":"https:\/\/transamerica93.com.br\/home\/susana-werner-diz-ter-sofrido-abuso-patrimonial-de-julio-cesar-sem-poder-tomar-decisoes\/"},"author":{"name":"Reda\u00e7\u00e3o","@id":"https:\/\/transamerica93.com.br\/home\/#\/schema\/person\/7fed7c99c0d4562efa8561bc0f543172"},"headline":"Susana Werner diz ter sofrido &#8216;abuso patrimonial&#8217; de J\u00falio C\u00e9sar: &#8216;Sem poder tomar decis\u00f5es&#8217;","datePublished":"2023-12-11T15:00:03+00:00","mainEntityOfPage":{"@id":"https:\/\/transamerica93.com.br\/home\/susana-werner-diz-ter-sofrido-abuso-patrimonial-de-julio-cesar-sem-poder-tomar-decisoes\/"},"wordCount":432,"publisher":{"@id":"https:\/\/transamerica93.com.br\/home\/#organization"},"image":{"@id":"https:\/\/transamerica93.com.br\/home\/susana-werner-diz-ter-sofrido-abuso-patrimonial-de-julio-cesar-sem-poder-tomar-decisoes\/#primaryimage"},"thumbnailUrl":"https:\/\/transamerica93.com.br\/home\/wp-content\/uploads\/2023\/12\/imagem-11.jpg","articleSection":["Entretenimento"],"inLanguage":"pt-BR"},{"@type":"WebPage","@id":"https:\/\/transamerica93.com.br\/home\/susana-werner-diz-ter-sofrido-abuso-patrimonial-de-julio-cesar-sem-poder-tomar-decisoes\/","url":"https:\/\/transamerica93.com.br\/home\/susana-werner-diz-ter-sofrido-abuso-patrimonial-de-julio-cesar-sem-poder-tomar-decisoes\/","name":"Susana Werner diz ter sofrido 'abuso patrimonial' de J\u00falio C\u00e9sar: 'Sem poder tomar decis\u00f5es' - Transam\u00e9rica Mococa 93,3","isPartOf":{"@id":"https:\/\/transamerica93.com.br\/home\/#website"},"primaryImageOfPage":{"@id":"https:\/\/transamerica93.com.br\/home\/susana-werner-diz-ter-sofrido-abuso-patrimonial-de-julio-cesar-sem-poder-tomar-decisoes\/#primaryimage"},"image":{"@id":"https:\/\/transamerica93.com.br\/home\/susana-werner-diz-ter-sofrido-abuso-patrimonial-de-julio-cesar-sem-poder-tomar-decisoes\/#primaryimage"},"thumbnailUrl":"https:\/\/transamerica93.com.br\/home\/wp-content\/uploads\/2023\/12\/imagem-11.jpg","datePublished":"2023-12-11T15:00:03+00:00","breadcrumb":{"@id":"https:\/\/transamerica93.com.br\/home\/susana-werner-diz-ter-sofrido-abuso-patrimonial-de-julio-cesar-sem-poder-tomar-decisoes\/#breadcrumb"},"inLanguage":"pt-BR","potentialAction":[{"@type":"ReadAction","target":["https:\/\/transamerica93.com.br\/home\/susana-werner-diz-ter-sofrido-abuso-patrimonial-de-julio-cesar-sem-poder-tomar-decisoes\/"]}]},{"@type":"ImageObject","inLanguage":"pt-BR","@id":"https:\/\/transamerica93.com.br\/home\/susana-werner-diz-ter-sofrido-abuso-patrimonial-de-julio-cesar-sem-poder-tomar-decisoes\/#primaryimage","url":"https:\/\/transamerica93.com.br\/home\/wp-content\/uploads\/2023\/12\/imagem-11.jpg","contentUrl":"https:\/\/transamerica93.com.br\/home\/wp-content\/uploads\/2023\/12\/imagem-11.jpg","width":866,"height":549,"caption":"Foto: Reprodu\u00e7\u00e3o\/ Instagram\/ ojuliocesar_12"},{"@type":"BreadcrumbList","@id":"https:\/\/transamerica93.com.br\/home\/susana-werner-diz-ter-sofrido-abuso-patrimonial-de-julio-cesar-sem-poder-tomar-decisoes\/#breadcrumb","itemListElement":[{"@type":"ListItem","position":1,"name":"In\u00edcio","item":"https:\/\/transamerica93.com.br\/home\/"},{"@type":"ListItem","position":2,"name":"Susana Werner diz ter sofrido &#8216;abuso patrimonial&#8217; de J\u00falio C\u00e9sar: &#8216;Sem poder tomar decis\u00f5es&#8217;"}]},{"@type":"WebSite","@id":"https:\/\/transamerica93.com.br\/home\/#website","url":"https:\/\/transamerica93.com.br\/home\/","name":"Transam\u00e9rica Mococa 93,3","description":"","publisher":{"@id":"https:\/\/transamerica93.com.br\/home\/#organization"},"potentialAction":[{"@type":"SearchAction","target":{"@type":"EntryPoint","urlTemplate":"https:\/\/transamerica93.com.br\/home\/?s={search_term_string}"},"query-input":{"@type":"PropertyValueSpecification","valueRequired":true,"valueName":"search_term_string"}}],"inLanguage":"pt-BR"},{"@type":"Organization","@id":"https:\/\/transamerica93.com.br\/home\/#organization","name":"Transam\u00e9rica Mococa 93,3","url":"https:\/\/transamerica93.com.br\/home\/","logo":{"@type":"ImageObject","inLanguage":"pt-BR","@id":"https:\/\/transamerica93.com.br\/home\/#\/schema\/logo\/image\/","url":"https:\/\/transamerica93.com.br\/home\/wp-content\/uploads\/2023\/10\/logo2.png","contentUrl":"https:\/\/transamerica93.com.br\/home\/wp-content\/uploads\/2023\/10\/logo2.png","width":800,"height":500,"caption":"Transam\u00e9rica Mococa 93,3"},"image":{"@id":"https:\/\/transamerica93.com.br\/home\/#\/schema\/logo\/image\/"},"sameAs":["https:\/\/www.facebook.com\/transamericamococa","https:\/\/x.com\/transamerica933","https:\/\/www.instagram.com\/transamericamococa"]},{"@type":"Person","@id":"https:\/\/transamerica93.com.br\/home\/#\/schema\/person\/7fed7c99c0d4562efa8561bc0f543172","name":"Reda\u00e7\u00e3o","image":{"@type":"ImageObject","inLanguage":"pt-BR","@id":"https:\/\/secure.gravatar.com\/avatar\/1072c6b775fb02ef8506ce967551d95926669a6b7d2c2147b42eea4d7c68395e?s=96&d=mm&r=g","url":"https:\/\/secure.gravatar.com\/avatar\/1072c6b775fb02ef8506ce967551d95926669a6b7d2c2147b42eea4d7c68395e?s=96&d=mm&r=g","contentUrl":"https:\/\/secure.gravatar.com\/avatar\/1072c6b775fb02ef8506ce967551d95926669a6b7d2c2147b42eea4d7c68395e?s=96&d=mm&r=g","caption":"Reda\u00e7\u00e3o"},"sameAs":["https:\/\/transamerica93.com.br\/home"],"url":"https:\/\/transamerica93.com.br\/home\/author\/william\/"}]}},"_links":{"self":[{"href":"https:\/\/transamerica93.com.br\/home\/wp-json\/wp\/v2\/posts\/2128","targetHints":{"allow":["GET"]}}],"collection":[{"href":"https:\/\/transamerica93.com.br\/home\/wp-json\/wp\/v2\/posts"}],"about":[{"href":"https:\/\/transamerica93.com.br\/home\/wp-json\/wp\/v2\/types\/post"}],"author":[{"embeddable":true,"href":"https:\/\/transamerica93.com.br\/home\/wp-json\/wp\/v2\/users\/1"}],"replies":[{"embeddable":true,"href":"https:\/\/transamerica93.com.br\/home\/wp-json\/wp\/v2\/comments?post=2128"}],"version-history":[{"count":1,"href":"https:\/\/transamerica93.com.br\/home\/wp-json\/wp\/v2\/posts\/2128\/revisions"}],"predecessor-version":[{"id":2130,"href":"https:\/\/transamerica93.com.br\/home\/wp-json\/wp\/v2\/posts\/2128\/revisions\/2130"}],"wp:featuredmedia":[{"embeddable":true,"href":"https:\/\/transamerica93.com.br\/home\/wp-json\/wp\/v2\/media\/2129"}],"wp:attachment":[{"href":"https:\/\/transamerica93.com.br\/home\/wp-json\/wp\/v2\/media?parent=2128"}],"wp:term":[{"taxonomy":"category","embeddable":true,"href":"https:\/\/transamerica93.com.br\/home\/wp-json\/wp\/v2\/categories?post=2128"},{"taxonomy":"post_tag","embeddable":true,"href":"https:\/\/transamerica93.com.br\/home\/wp-json\/wp\/v2\/tags?post=2128"}],"curies":[{"name":"wp","href":"https:\/\/api.w.org\/{rel}","templated":true}]}}