{"id":2131,"date":"2023-12-11T11:00:10","date_gmt":"2023-12-11T14:00:10","guid":{"rendered":"https:\/\/transamerica93.com.br\/home\/?p=2131"},"modified":"2023-12-10T18:39:49","modified_gmt":"2023-12-10T21:39:49","slug":"milton-nascimento-e-lo-borges-curtem-show-de-paul-mccartney-juntos-em-belo-horizonte","status":"publish","type":"post","link":"https:\/\/transamerica93.com.br\/home\/milton-nascimento-e-lo-borges-curtem-show-de-paul-mccartney-juntos-em-belo-horizonte\/","title":{"rendered":"Milton Nascimento e L\u00f4 Borges curtem show de Paul McCartney juntos em Belo Horizonte"},"content":{"rendered":"<p>Os cantores Milton Nascimento e L\u00f4 Borges, que foram parceiros no grupo Clube da Esquina, curtiram juntos o show que o Beatle Paul McCartney fez em Belo Horizonte, na semana passada, segundo um registro publicado na manh\u00e3 deste domingo no Instagram de Milton.<\/p>\n<p>Amigos h\u00e1 mais de 50 anos, os dois aparecem batendo palmas em um v\u00eddeo durante a execu\u00e7\u00e3o de A Hard Day\u2019s Night, um dos cl\u00e1ssicos do setlist nos shows do Beatle, com a legenda &#8220;Sonhos n\u00e3o envelhecem. Mais de 50 anos depois, eu e @loborgesoficial seguimos juntos, e vivendo nossos sonhos atemporais&#8221;.<\/p>\n<p>O v\u00eddeo, publicado nas redes sociais do cantor, mexeu com os cora\u00e7\u00f5es do f\u00e3s do Clube da Esquina e tamb\u00e9m do Beatles. Nos coment\u00e1rios da postagem, os f\u00e3s exaltam a import\u00e2ncia do momento de Milton e L\u00f4 estarem juntos em mais uma apresenta\u00e7\u00e3o de Paul no Brasil, mas lamentavam a oportunidade perdida de uma participa\u00e7\u00e3o dos mineiros no show. &#8220;O Paul devia cham\u00e1-los pra cantar Para Lennon e McCartney&#8221;.<\/p>\n<p>Contando os nove shows da turn\u00ea Got Back pelo Pa\u00eds &#8211; incluindo a apresenta\u00e7\u00e3o surpresa no min\u00fasculo Clube do Choro, em Bras\u00edlia -, Paul McCartney j\u00e1 fez 37 apresenta\u00e7\u00f5es no Brasil desde que pisou pela primeira vez por aqui, em 1990, no Maracan\u00e3, onde ele se apresenta novamente e encerra a passagem pelo Brasil no dia 16 de dezembro.<\/p>\n","protected":false},"excerpt":{"rendered":"<p>Os cantores Milton Nascimento e L\u00f4 Borges, que foram parceiros no grupo Clube da Esquina, curtiram juntos o show que o Beatle Paul McCartney fez em Belo Horizonte, na semana passada, segundo um registro publicado na manh\u00e3 deste domingo no Instagram de Milton. Amigos h\u00e1 mais de 50 anos, os dois aparecem batendo palmas em &hellip;<\/p>\n","protected":false},"author":1,"featured_media":2132,"comment_status":"closed","ping_status":"closed","sticky":false,"template":"","format":"standard","meta":{"footnotes":""},"categories":[25],"tags":[],"class_list":["post-2131","post","type-post","status-publish","format-standard","has-post-thumbnail","hentry","category-musica"],"yoast_head":"<!-- This site is optimized with the Yoast SEO plugin v27.4 - https:\/\/yoast.com\/product\/yoast-seo-wordpress\/ -->\n<title>Milton Nascimento e L\u00f4 Borges curtem show de Paul McCartney juntos em Belo Horizonte - Transam\u00e9rica Mococa 93,3<\/title>\n<meta name=\"robots\" content=\"index, follow, max-snippet:-1, max-image-preview:large, max-video-preview:-1\" \/>\n<link rel=\"canonical\" href=\"https:\/\/transamerica93.com.br\/home\/milton-nascimento-e-lo-borges-curtem-show-de-paul-mccartney-juntos-em-belo-horizonte\/\" \/>\n<meta property=\"og:locale\" content=\"pt_BR\" \/>\n<meta property=\"og:type\" content=\"article\" \/>\n<meta property=\"og:title\" content=\"Milton Nascimento e L\u00f4 Borges curtem show de Paul McCartney juntos em Belo Horizonte - Transam\u00e9rica Mococa 93,3\" \/>\n<meta property=\"og:description\" content=\"Os cantores Milton Nascimento e L\u00f4 Borges, que foram parceiros no grupo Clube da Esquina, curtiram juntos o show que o Beatle Paul McCartney fez em Belo Horizonte, na semana passada, segundo um registro publicado na manh\u00e3 deste domingo no Instagram de Milton. Amigos h\u00e1 mais de 50 anos, os dois aparecem batendo palmas em &hellip;\" \/>\n<meta property=\"og:url\" content=\"https:\/\/transamerica93.com.br\/home\/milton-nascimento-e-lo-borges-curtem-show-de-paul-mccartney-juntos-em-belo-horizonte\/\" \/>\n<meta property=\"og:site_name\" content=\"Transam\u00e9rica Mococa 93,3\" \/>\n<meta property=\"article:publisher\" content=\"https:\/\/www.facebook.com\/transamericamococa\" \/>\n<meta property=\"article:published_time\" content=\"2023-12-11T14:00:10+00:00\" \/>\n<meta property=\"og:image\" content=\"https:\/\/transamerica93.com.br\/home\/wp-content\/uploads\/2023\/12\/imagem-12.jpg\" \/>\n\t<meta property=\"og:image:width\" content=\"800\" \/>\n\t<meta property=\"og:image:height\" content=\"500\" \/>\n\t<meta property=\"og:image:type\" content=\"image\/jpeg\" \/>\n<meta name=\"author\" content=\"Reda\u00e7\u00e3o\" \/>\n<meta name=\"twitter:card\" content=\"summary_large_image\" \/>\n<meta name=\"twitter:creator\" content=\"@transamerica933\" \/>\n<meta name=\"twitter:site\" content=\"@transamerica933\" \/>\n<meta name=\"twitter:label1\" content=\"Escrito por\" \/>\n\t<meta name=\"twitter:data1\" content=\"Reda\u00e7\u00e3o\" \/>\n\t<meta name=\"twitter:label2\" content=\"Est. tempo de leitura\" \/>\n\t<meta name=\"twitter:data2\" content=\"2 minutos\" \/>\n<script type=\"application\/ld+json\" class=\"yoast-schema-graph\">{\"@context\":\"https:\\\/\\\/schema.org\",\"@graph\":[{\"@type\":\"Article\",\"@id\":\"https:\\\/\\\/transamerica93.com.br\\\/home\\\/milton-nascimento-e-lo-borges-curtem-show-de-paul-mccartney-juntos-em-belo-horizonte\\\/#article\",\"isPartOf\":{\"@id\":\"https:\\\/\\\/transamerica93.com.br\\\/home\\\/milton-nascimento-e-lo-borges-curtem-show-de-paul-mccartney-juntos-em-belo-horizonte\\\/\"},\"author\":{\"name\":\"Reda\u00e7\u00e3o\",\"@id\":\"https:\\\/\\\/transamerica93.com.br\\\/home\\\/#\\\/schema\\\/person\\\/7fed7c99c0d4562efa8561bc0f543172\"},\"headline\":\"Milton Nascimento e L\u00f4 Borges curtem show de Paul McCartney juntos em Belo Horizonte\",\"datePublished\":\"2023-12-11T14:00:10+00:00\",\"mainEntityOfPage\":{\"@id\":\"https:\\\/\\\/transamerica93.com.br\\\/home\\\/milton-nascimento-e-lo-borges-curtem-show-de-paul-mccartney-juntos-em-belo-horizonte\\\/\"},\"wordCount\":252,\"publisher\":{\"@id\":\"https:\\\/\\\/transamerica93.com.br\\\/home\\\/#organization\"},\"image\":{\"@id\":\"https:\\\/\\\/transamerica93.com.br\\\/home\\\/milton-nascimento-e-lo-borges-curtem-show-de-paul-mccartney-juntos-em-belo-horizonte\\\/#primaryimage\"},\"thumbnailUrl\":\"https:\\\/\\\/transamerica93.com.br\\\/home\\\/wp-content\\\/uploads\\\/2023\\\/12\\\/imagem-12.jpg\",\"articleSection\":[\"M\u00fasica\"],\"inLanguage\":\"pt-BR\"},{\"@type\":\"WebPage\",\"@id\":\"https:\\\/\\\/transamerica93.com.br\\\/home\\\/milton-nascimento-e-lo-borges-curtem-show-de-paul-mccartney-juntos-em-belo-horizonte\\\/\",\"url\":\"https:\\\/\\\/transamerica93.com.br\\\/home\\\/milton-nascimento-e-lo-borges-curtem-show-de-paul-mccartney-juntos-em-belo-horizonte\\\/\",\"name\":\"Milton Nascimento e L\u00f4 Borges curtem show de Paul McCartney juntos em Belo Horizonte - Transam\u00e9rica Mococa 93,3\",\"isPartOf\":{\"@id\":\"https:\\\/\\\/transamerica93.com.br\\\/home\\\/#website\"},\"primaryImageOfPage\":{\"@id\":\"https:\\\/\\\/transamerica93.com.br\\\/home\\\/milton-nascimento-e-lo-borges-curtem-show-de-paul-mccartney-juntos-em-belo-horizonte\\\/#primaryimage\"},\"image\":{\"@id\":\"https:\\\/\\\/transamerica93.com.br\\\/home\\\/milton-nascimento-e-lo-borges-curtem-show-de-paul-mccartney-juntos-em-belo-horizonte\\\/#primaryimage\"},\"thumbnailUrl\":\"https:\\\/\\\/transamerica93.com.br\\\/home\\\/wp-content\\\/uploads\\\/2023\\\/12\\\/imagem-12.jpg\",\"datePublished\":\"2023-12-11T14:00:10+00:00\",\"breadcrumb\":{\"@id\":\"https:\\\/\\\/transamerica93.com.br\\\/home\\\/milton-nascimento-e-lo-borges-curtem-show-de-paul-mccartney-juntos-em-belo-horizonte\\\/#breadcrumb\"},\"inLanguage\":\"pt-BR\",\"potentialAction\":[{\"@type\":\"ReadAction\",\"target\":[\"https:\\\/\\\/transamerica93.com.br\\\/home\\\/milton-nascimento-e-lo-borges-curtem-show-de-paul-mccartney-juntos-em-belo-horizonte\\\/\"]}]},{\"@type\":\"ImageObject\",\"inLanguage\":\"pt-BR\",\"@id\":\"https:\\\/\\\/transamerica93.com.br\\\/home\\\/milton-nascimento-e-lo-borges-curtem-show-de-paul-mccartney-juntos-em-belo-horizonte\\\/#primaryimage\",\"url\":\"https:\\\/\\\/transamerica93.com.br\\\/home\\\/wp-content\\\/uploads\\\/2023\\\/12\\\/imagem-12.jpg\",\"contentUrl\":\"https:\\\/\\\/transamerica93.com.br\\\/home\\\/wp-content\\\/uploads\\\/2023\\\/12\\\/imagem-12.jpg\",\"width\":800,\"height\":500,\"caption\":\"Instagram\"},{\"@type\":\"BreadcrumbList\",\"@id\":\"https:\\\/\\\/transamerica93.com.br\\\/home\\\/milton-nascimento-e-lo-borges-curtem-show-de-paul-mccartney-juntos-em-belo-horizonte\\\/#breadcrumb\",\"itemListElement\":[{\"@type\":\"ListItem\",\"position\":1,\"name\":\"In\u00edcio\",\"item\":\"https:\\\/\\\/transamerica93.com.br\\\/home\\\/\"},{\"@type\":\"ListItem\",\"position\":2,\"name\":\"Milton Nascimento e L\u00f4 Borges curtem show de Paul McCartney juntos em Belo Horizonte\"}]},{\"@type\":\"WebSite\",\"@id\":\"https:\\\/\\\/transamerica93.com.br\\\/home\\\/#website\",\"url\":\"https:\\\/\\\/transamerica93.com.br\\\/home\\\/\",\"name\":\"Transam\u00e9rica Mococa 93,3\",\"description\":\"\",\"publisher\":{\"@id\":\"https:\\\/\\\/transamerica93.com.br\\\/home\\\/#organization\"},\"potentialAction\":[{\"@type\":\"SearchAction\",\"target\":{\"@type\":\"EntryPoint\",\"urlTemplate\":\"https:\\\/\\\/transamerica93.com.br\\\/home\\\/?s={search_term_string}\"},\"query-input\":{\"@type\":\"PropertyValueSpecification\",\"valueRequired\":true,\"valueName\":\"search_term_string\"}}],\"inLanguage\":\"pt-BR\"},{\"@type\":\"Organization\",\"@id\":\"https:\\\/\\\/transamerica93.com.br\\\/home\\\/#organization\",\"name\":\"Transam\u00e9rica Mococa 93,3\",\"url\":\"https:\\\/\\\/transamerica93.com.br\\\/home\\\/\",\"logo\":{\"@type\":\"ImageObject\",\"inLanguage\":\"pt-BR\",\"@id\":\"https:\\\/\\\/transamerica93.com.br\\\/home\\\/#\\\/schema\\\/logo\\\/image\\\/\",\"url\":\"https:\\\/\\\/transamerica93.com.br\\\/home\\\/wp-content\\\/uploads\\\/2023\\\/10\\\/logo2.png\",\"contentUrl\":\"https:\\\/\\\/transamerica93.com.br\\\/home\\\/wp-content\\\/uploads\\\/2023\\\/10\\\/logo2.png\",\"width\":800,\"height\":500,\"caption\":\"Transam\u00e9rica Mococa 93,3\"},\"image\":{\"@id\":\"https:\\\/\\\/transamerica93.com.br\\\/home\\\/#\\\/schema\\\/logo\\\/image\\\/\"},\"sameAs\":[\"https:\\\/\\\/www.facebook.com\\\/transamericamococa\",\"https:\\\/\\\/x.com\\\/transamerica933\",\"https:\\\/\\\/www.instagram.com\\\/transamericamococa\"]},{\"@type\":\"Person\",\"@id\":\"https:\\\/\\\/transamerica93.com.br\\\/home\\\/#\\\/schema\\\/person\\\/7fed7c99c0d4562efa8561bc0f543172\",\"name\":\"Reda\u00e7\u00e3o\",\"image\":{\"@type\":\"ImageObject\",\"inLanguage\":\"pt-BR\",\"@id\":\"https:\\\/\\\/secure.gravatar.com\\\/avatar\\\/1072c6b775fb02ef8506ce967551d95926669a6b7d2c2147b42eea4d7c68395e?s=96&d=mm&r=g\",\"url\":\"https:\\\/\\\/secure.gravatar.com\\\/avatar\\\/1072c6b775fb02ef8506ce967551d95926669a6b7d2c2147b42eea4d7c68395e?s=96&d=mm&r=g\",\"contentUrl\":\"https:\\\/\\\/secure.gravatar.com\\\/avatar\\\/1072c6b775fb02ef8506ce967551d95926669a6b7d2c2147b42eea4d7c68395e?s=96&d=mm&r=g\",\"caption\":\"Reda\u00e7\u00e3o\"},\"sameAs\":[\"https:\\\/\\\/transamerica93.com.br\\\/home\"],\"url\":\"https:\\\/\\\/transamerica93.com.br\\\/home\\\/author\\\/william\\\/\"}]}<\/script>\n<!-- \/ Yoast SEO plugin. -->","yoast_head_json":{"title":"Milton Nascimento e L\u00f4 Borges curtem show de Paul McCartney juntos em Belo Horizonte - Transam\u00e9rica Mococa 93,3","robots":{"index":"index","follow":"follow","max-snippet":"max-snippet:-1","max-image-preview":"max-image-preview:large","max-video-preview":"max-video-preview:-1"},"canonical":"https:\/\/transamerica93.com.br\/home\/milton-nascimento-e-lo-borges-curtem-show-de-paul-mccartney-juntos-em-belo-horizonte\/","og_locale":"pt_BR","og_type":"article","og_title":"Milton Nascimento e L\u00f4 Borges curtem show de Paul McCartney juntos em Belo Horizonte - Transam\u00e9rica Mococa 93,3","og_description":"Os cantores Milton Nascimento e L\u00f4 Borges, que foram parceiros no grupo Clube da Esquina, curtiram juntos o show que o Beatle Paul McCartney fez em Belo Horizonte, na semana passada, segundo um registro publicado na manh\u00e3 deste domingo no Instagram de Milton. Amigos h\u00e1 mais de 50 anos, os dois aparecem batendo palmas em &hellip;","og_url":"https:\/\/transamerica93.com.br\/home\/milton-nascimento-e-lo-borges-curtem-show-de-paul-mccartney-juntos-em-belo-horizonte\/","og_site_name":"Transam\u00e9rica Mococa 93,3","article_publisher":"https:\/\/www.facebook.com\/transamericamococa","article_published_time":"2023-12-11T14:00:10+00:00","og_image":[{"width":800,"height":500,"url":"https:\/\/transamerica93.com.br\/home\/wp-content\/uploads\/2023\/12\/imagem-12.jpg","type":"image\/jpeg"}],"author":"Reda\u00e7\u00e3o","twitter_card":"summary_large_image","twitter_creator":"@transamerica933","twitter_site":"@transamerica933","twitter_misc":{"Escrito por":"Reda\u00e7\u00e3o","Est. tempo de leitura":"2 minutos"},"schema":{"@context":"https:\/\/schema.org","@graph":[{"@type":"Article","@id":"https:\/\/transamerica93.com.br\/home\/milton-nascimento-e-lo-borges-curtem-show-de-paul-mccartney-juntos-em-belo-horizonte\/#article","isPartOf":{"@id":"https:\/\/transamerica93.com.br\/home\/milton-nascimento-e-lo-borges-curtem-show-de-paul-mccartney-juntos-em-belo-horizonte\/"},"author":{"name":"Reda\u00e7\u00e3o","@id":"https:\/\/transamerica93.com.br\/home\/#\/schema\/person\/7fed7c99c0d4562efa8561bc0f543172"},"headline":"Milton Nascimento e L\u00f4 Borges curtem show de Paul McCartney juntos em Belo Horizonte","datePublished":"2023-12-11T14:00:10+00:00","mainEntityOfPage":{"@id":"https:\/\/transamerica93.com.br\/home\/milton-nascimento-e-lo-borges-curtem-show-de-paul-mccartney-juntos-em-belo-horizonte\/"},"wordCount":252,"publisher":{"@id":"https:\/\/transamerica93.com.br\/home\/#organization"},"image":{"@id":"https:\/\/transamerica93.com.br\/home\/milton-nascimento-e-lo-borges-curtem-show-de-paul-mccartney-juntos-em-belo-horizonte\/#primaryimage"},"thumbnailUrl":"https:\/\/transamerica93.com.br\/home\/wp-content\/uploads\/2023\/12\/imagem-12.jpg","articleSection":["M\u00fasica"],"inLanguage":"pt-BR"},{"@type":"WebPage","@id":"https:\/\/transamerica93.com.br\/home\/milton-nascimento-e-lo-borges-curtem-show-de-paul-mccartney-juntos-em-belo-horizonte\/","url":"https:\/\/transamerica93.com.br\/home\/milton-nascimento-e-lo-borges-curtem-show-de-paul-mccartney-juntos-em-belo-horizonte\/","name":"Milton Nascimento e L\u00f4 Borges curtem show de Paul McCartney juntos em Belo Horizonte - Transam\u00e9rica Mococa 93,3","isPartOf":{"@id":"https:\/\/transamerica93.com.br\/home\/#website"},"primaryImageOfPage":{"@id":"https:\/\/transamerica93.com.br\/home\/milton-nascimento-e-lo-borges-curtem-show-de-paul-mccartney-juntos-em-belo-horizonte\/#primaryimage"},"image":{"@id":"https:\/\/transamerica93.com.br\/home\/milton-nascimento-e-lo-borges-curtem-show-de-paul-mccartney-juntos-em-belo-horizonte\/#primaryimage"},"thumbnailUrl":"https:\/\/transamerica93.com.br\/home\/wp-content\/uploads\/2023\/12\/imagem-12.jpg","datePublished":"2023-12-11T14:00:10+00:00","breadcrumb":{"@id":"https:\/\/transamerica93.com.br\/home\/milton-nascimento-e-lo-borges-curtem-show-de-paul-mccartney-juntos-em-belo-horizonte\/#breadcrumb"},"inLanguage":"pt-BR","potentialAction":[{"@type":"ReadAction","target":["https:\/\/transamerica93.com.br\/home\/milton-nascimento-e-lo-borges-curtem-show-de-paul-mccartney-juntos-em-belo-horizonte\/"]}]},{"@type":"ImageObject","inLanguage":"pt-BR","@id":"https:\/\/transamerica93.com.br\/home\/milton-nascimento-e-lo-borges-curtem-show-de-paul-mccartney-juntos-em-belo-horizonte\/#primaryimage","url":"https:\/\/transamerica93.com.br\/home\/wp-content\/uploads\/2023\/12\/imagem-12.jpg","contentUrl":"https:\/\/transamerica93.com.br\/home\/wp-content\/uploads\/2023\/12\/imagem-12.jpg","width":800,"height":500,"caption":"Instagram"},{"@type":"BreadcrumbList","@id":"https:\/\/transamerica93.com.br\/home\/milton-nascimento-e-lo-borges-curtem-show-de-paul-mccartney-juntos-em-belo-horizonte\/#breadcrumb","itemListElement":[{"@type":"ListItem","position":1,"name":"In\u00edcio","item":"https:\/\/transamerica93.com.br\/home\/"},{"@type":"ListItem","position":2,"name":"Milton Nascimento e L\u00f4 Borges curtem show de Paul McCartney juntos em Belo Horizonte"}]},{"@type":"WebSite","@id":"https:\/\/transamerica93.com.br\/home\/#website","url":"https:\/\/transamerica93.com.br\/home\/","name":"Transam\u00e9rica Mococa 93,3","description":"","publisher":{"@id":"https:\/\/transamerica93.com.br\/home\/#organization"},"potentialAction":[{"@type":"SearchAction","target":{"@type":"EntryPoint","urlTemplate":"https:\/\/transamerica93.com.br\/home\/?s={search_term_string}"},"query-input":{"@type":"PropertyValueSpecification","valueRequired":true,"valueName":"search_term_string"}}],"inLanguage":"pt-BR"},{"@type":"Organization","@id":"https:\/\/transamerica93.com.br\/home\/#organization","name":"Transam\u00e9rica Mococa 93,3","url":"https:\/\/transamerica93.com.br\/home\/","logo":{"@type":"ImageObject","inLanguage":"pt-BR","@id":"https:\/\/transamerica93.com.br\/home\/#\/schema\/logo\/image\/","url":"https:\/\/transamerica93.com.br\/home\/wp-content\/uploads\/2023\/10\/logo2.png","contentUrl":"https:\/\/transamerica93.com.br\/home\/wp-content\/uploads\/2023\/10\/logo2.png","width":800,"height":500,"caption":"Transam\u00e9rica Mococa 93,3"},"image":{"@id":"https:\/\/transamerica93.com.br\/home\/#\/schema\/logo\/image\/"},"sameAs":["https:\/\/www.facebook.com\/transamericamococa","https:\/\/x.com\/transamerica933","https:\/\/www.instagram.com\/transamericamococa"]},{"@type":"Person","@id":"https:\/\/transamerica93.com.br\/home\/#\/schema\/person\/7fed7c99c0d4562efa8561bc0f543172","name":"Reda\u00e7\u00e3o","image":{"@type":"ImageObject","inLanguage":"pt-BR","@id":"https:\/\/secure.gravatar.com\/avatar\/1072c6b775fb02ef8506ce967551d95926669a6b7d2c2147b42eea4d7c68395e?s=96&d=mm&r=g","url":"https:\/\/secure.gravatar.com\/avatar\/1072c6b775fb02ef8506ce967551d95926669a6b7d2c2147b42eea4d7c68395e?s=96&d=mm&r=g","contentUrl":"https:\/\/secure.gravatar.com\/avatar\/1072c6b775fb02ef8506ce967551d95926669a6b7d2c2147b42eea4d7c68395e?s=96&d=mm&r=g","caption":"Reda\u00e7\u00e3o"},"sameAs":["https:\/\/transamerica93.com.br\/home"],"url":"https:\/\/transamerica93.com.br\/home\/author\/william\/"}]}},"_links":{"self":[{"href":"https:\/\/transamerica93.com.br\/home\/wp-json\/wp\/v2\/posts\/2131","targetHints":{"allow":["GET"]}}],"collection":[{"href":"https:\/\/transamerica93.com.br\/home\/wp-json\/wp\/v2\/posts"}],"about":[{"href":"https:\/\/transamerica93.com.br\/home\/wp-json\/wp\/v2\/types\/post"}],"author":[{"embeddable":true,"href":"https:\/\/transamerica93.com.br\/home\/wp-json\/wp\/v2\/users\/1"}],"replies":[{"embeddable":true,"href":"https:\/\/transamerica93.com.br\/home\/wp-json\/wp\/v2\/comments?post=2131"}],"version-history":[{"count":1,"href":"https:\/\/transamerica93.com.br\/home\/wp-json\/wp\/v2\/posts\/2131\/revisions"}],"predecessor-version":[{"id":2133,"href":"https:\/\/transamerica93.com.br\/home\/wp-json\/wp\/v2\/posts\/2131\/revisions\/2133"}],"wp:featuredmedia":[{"embeddable":true,"href":"https:\/\/transamerica93.com.br\/home\/wp-json\/wp\/v2\/media\/2132"}],"wp:attachment":[{"href":"https:\/\/transamerica93.com.br\/home\/wp-json\/wp\/v2\/media?parent=2131"}],"wp:term":[{"taxonomy":"category","embeddable":true,"href":"https:\/\/transamerica93.com.br\/home\/wp-json\/wp\/v2\/categories?post=2131"},{"taxonomy":"post_tag","embeddable":true,"href":"https:\/\/transamerica93.com.br\/home\/wp-json\/wp\/v2\/tags?post=2131"}],"curies":[{"name":"wp","href":"https:\/\/api.w.org\/{rel}","templated":true}]}}