{"id":2137,"date":"2023-12-12T10:00:22","date_gmt":"2023-12-12T13:00:22","guid":{"rendered":"https:\/\/transamerica93.com.br\/home\/?p=2137"},"modified":"2023-12-12T12:00:26","modified_gmt":"2023-12-12T15:00:26","slug":"ednaldo-entra-com-recurso-no-stj-contra-afastamento-da-cbf-e-tenta-ficar-ate-as-eleicoes","status":"publish","type":"post","link":"https:\/\/transamerica93.com.br\/home\/ednaldo-entra-com-recurso-no-stj-contra-afastamento-da-cbf-e-tenta-ficar-ate-as-eleicoes\/","title":{"rendered":"Ednaldo entra com recurso no STJ contra afastamento da CBF e tenta ficar at\u00e9 as elei\u00e7\u00f5es"},"content":{"rendered":"<div id=\"Corpo\">A defesa de Ednaldo Rodrigues, presidente afastado da Confedera\u00e7\u00e3o Brasileira de Futebol (CBF), entrou com um recurso no Superior Tribunal de Justi\u00e7a (STJ), nesta segunda-feira, dia 11, contra a decis\u00e3o da Justi\u00e7a do Rio de destituir o dirigente do cargo. Os pr\u00f3ximos passos ser\u00e3o dados nesta semana. Os advogados citam que a decis\u00e3o p\u00f5e em xeque a &#8220;organiza\u00e7\u00e3o do futebol e sua cadeia econ\u00f4mica&#8221;, al\u00e9m do risco de a entidade ser suspensa pela Fifa, impedindo a sele\u00e7\u00e3o brasileira e clubes do Pa\u00eds de participarem de competi\u00e7\u00f5es internacionais.<\/p>\n<p>Ednaldo Rodrigues foi destitu\u00eddo do cargo na quinta-feira, dia 7, em consequ\u00eancia da anula\u00e7\u00e3o de uma s\u00e9rie de assembleias da entidade, entre elas a que elegeu o dirigente baiano. Todos elas estariam em desconformidade com a lei. A Justi\u00e7a tamb\u00e9m estabeleceu que o presidente do Superior Tribunal de Justi\u00e7a Desportiva (STJD), Jos\u00e9 Perdiz, atue como interventor na entidade at\u00e9 a convoca\u00e7\u00e3o de novas elei\u00e7\u00f5es. A defesa de Ednaldo pede ao STJ que, caso o recurso n\u00e3o seja aceito, ele permane\u00e7a na fun\u00e7\u00e3o para convocar um novo pleito no prazo de 30 dias. Esse prazo acabaria em janeiro.<\/p>\n<p>A consequ\u00eancia mais imediata do caso \u00e9 afastar o treinador Carlo Ancelotti da sele\u00e7\u00e3o brasileira. Ednaldo encaminhou a contrata\u00e7\u00e3o do treinador do Real Madrid para junho de 2024. Sem ele no cargo, o neg\u00f3cio pode ser desfeito. Ancelotti nunca se pronunciou sobre o assunto de forma clara.<\/p>\n<p>O julgamento que acabou tirando Ednaldo do poder do futebol tratou da legalidade de um Termo de Ajustamento de Conduta (TAC) firmado entre a CBF e o Minist\u00e9rio P\u00fablico do Rio de Janeiro (MP-RJ) em mar\u00e7o de 2022. Na \u00e9poca, o TAC permitiu que a Assembleia Geral da entidade elegesse Ednaldo presidente. Na quinta-feira, por\u00e9m, os desembargadores Gabriel Z\u00e9firo, Mauro Martins e Mafalda Lucchese consideraram inicialmente que o MP n\u00e3o poderia ter ajuizado A\u00e7\u00e3o Civil P\u00fablica (ACP) contra as elei\u00e7\u00f5es realizadas pela entidade em 2017, quando Rog\u00e9rio Caboclo foi eleito.<\/p>\n<p>A revis\u00e3o ocorreu a pedido de dois ex-presidentes da CBF, Ricardo Teixeira e Marco Polo del Nero. Assim, o TAC tamb\u00e9m foi considerado nulo. Outros dirigentes de federa\u00e7\u00f5es tamb\u00e9m acionaram a Justi\u00e7a.<\/p>\n<p>A CBF e o MP-RJ firmaram o TAC porque o \u00f3rg\u00e3o da Justi\u00e7a considerava ilegais as regras que regiam a elei\u00e7\u00e3o na confedera\u00e7\u00e3o, ou seja, a que levou Ednaldo Rodrigues ao cargo de presidente. Isso porque uma mudan\u00e7a no estatuto da entidade, em 2017, estabeleceu pesos diferentes para os votos praticados por federa\u00e7\u00f5es e clubes &#8211; a brecha permitia clubes e federa\u00e7\u00f5es de votarem em conjunto para eleger o presidente. Foi sob essa regra que Rog\u00e9rio Caboclo elegeu-se presidente da CBF em 2017, indicado pelo ent\u00e3o dirigente afastado Marco Polo del Nero. Caboclo foi destitu\u00eddo, em meio a den\u00fancias de ass\u00e9dio.<\/p>\n<p>Ednaldo Rodrigues, ent\u00e3o vice-presidente da CBF, assumiu o comando de forma interina ap\u00f3s o afastamento de Caboclo. Opositores tentaram barrar a elei\u00e7\u00e3o de mar\u00e7o de 2022 alegando que o TAC fora assinado por ele, como presidente interino, e serviu para referendar uma elei\u00e7\u00e3o que o tornaria presidente de fato.<\/p>\n<p>RISCO DE SUSPENS\u00c3O<\/p>\n<p>Em meio a essa movimenta\u00e7\u00e3o na Justi\u00e7a, que teria entre os articuladores cartolas afastados pela Fifa, na semana passada a entidade m\u00e1xima do futebol mundial enviou uma notifica\u00e7\u00e3o \u00e0 CBF alertando que a entidade poderia ser suspensa caso Ednaldo Rodrigues fosse afastado &#8220;por influ\u00eancia indevida de terceiros&#8221;<\/p>\n<p>&#8220;Gostar\u00edamos de lembrar que, de acordo com o art. 14 par. 1 i) e art. 19 dos Estatutos da FIFA, as associa\u00e7\u00f5es membros da FIFA s\u00e3o obrigadas a gerir os seus assuntos de forma independente e sem influ\u00eancia indevida de terceiros. Qualquer viola\u00e7\u00e3o destas obriga\u00e7\u00f5es pode levar a potenciais san\u00e7\u00f5es, conforme previsto nos Estatutos da FIFA&#8221;, dizia trecho do documento.<\/p>\n<p>&#8220;Al\u00e9m disso, e em rela\u00e7\u00e3o ao acima exposto, gostar\u00edamos de enfatizar que quaisquer viola\u00e7\u00f5es ao art. 14 par. 1 i) dos Estatutos da Fifa tamb\u00e9m podem levar a san\u00e7\u00f5es, mesmo que a influ\u00eancia de terceiros n\u00e3o tenha sido culpa da associa\u00e7\u00e3o membro em quest\u00e3o (art. 14, par\u00e1grafo 3 dos Estatutos da Fifa)&#8221;, acrescentava o texto. Na quinta-feira, a Fifa e a Conmebol reiteraram o alerta, em resposta a consultas realizadas pelo secret\u00e1rio-geral da CBF, Alcino Reis.<\/p><\/div>\n","protected":false},"excerpt":{"rendered":"<p>A defesa de Ednaldo Rodrigues, presidente afastado da Confedera\u00e7\u00e3o Brasileira de Futebol (CBF), entrou com um recurso no Superior Tribunal de Justi\u00e7a (STJ), nesta segunda-feira, dia 11, contra a decis\u00e3o da Justi\u00e7a do Rio de destituir o dirigente do cargo. Os pr\u00f3ximos passos ser\u00e3o dados nesta semana. Os advogados citam que a decis\u00e3o p\u00f5e em &hellip;<\/p>\n","protected":false},"author":1,"featured_media":2138,"comment_status":"closed","ping_status":"closed","sticky":false,"template":"","format":"standard","meta":{"footnotes":""},"categories":[31],"tags":[],"class_list":["post-2137","post","type-post","status-publish","format-standard","has-post-thumbnail","hentry","category-esportes"],"yoast_head":"<!-- This site is optimized with the Yoast SEO plugin v27.4 - https:\/\/yoast.com\/product\/yoast-seo-wordpress\/ -->\n<title>Ednaldo entra com recurso no STJ contra afastamento da CBF e tenta ficar at\u00e9 as elei\u00e7\u00f5es - Transam\u00e9rica Mococa 93,3<\/title>\n<meta name=\"robots\" content=\"index, follow, max-snippet:-1, max-image-preview:large, max-video-preview:-1\" \/>\n<link rel=\"canonical\" href=\"https:\/\/transamerica93.com.br\/home\/ednaldo-entra-com-recurso-no-stj-contra-afastamento-da-cbf-e-tenta-ficar-ate-as-eleicoes\/\" \/>\n<meta property=\"og:locale\" content=\"pt_BR\" \/>\n<meta property=\"og:type\" content=\"article\" \/>\n<meta property=\"og:title\" content=\"Ednaldo entra com recurso no STJ contra afastamento da CBF e tenta ficar at\u00e9 as elei\u00e7\u00f5es - Transam\u00e9rica Mococa 93,3\" \/>\n<meta property=\"og:description\" content=\"A defesa de Ednaldo Rodrigues, presidente afastado da Confedera\u00e7\u00e3o Brasileira de Futebol (CBF), entrou com um recurso no Superior Tribunal de Justi\u00e7a (STJ), nesta segunda-feira, dia 11, contra a decis\u00e3o da Justi\u00e7a do Rio de destituir o dirigente do cargo. Os pr\u00f3ximos passos ser\u00e3o dados nesta semana. Os advogados citam que a decis\u00e3o p\u00f5e em &hellip;\" \/>\n<meta property=\"og:url\" content=\"https:\/\/transamerica93.com.br\/home\/ednaldo-entra-com-recurso-no-stj-contra-afastamento-da-cbf-e-tenta-ficar-ate-as-eleicoes\/\" \/>\n<meta property=\"og:site_name\" content=\"Transam\u00e9rica Mococa 93,3\" \/>\n<meta property=\"article:publisher\" content=\"https:\/\/www.facebook.com\/transamericamococa\" \/>\n<meta property=\"article:published_time\" content=\"2023-12-12T13:00:22+00:00\" \/>\n<meta property=\"article:modified_time\" content=\"2023-12-12T15:00:26+00:00\" \/>\n<meta property=\"og:image\" content=\"https:\/\/transamerica93.com.br\/home\/wp-content\/uploads\/2023\/12\/imagem-14.jpg\" \/>\n\t<meta property=\"og:image:width\" content=\"1170\" \/>\n\t<meta property=\"og:image:height\" content=\"700\" \/>\n\t<meta property=\"og:image:type\" content=\"image\/jpeg\" \/>\n<meta name=\"author\" content=\"Reda\u00e7\u00e3o\" \/>\n<meta name=\"twitter:card\" content=\"summary_large_image\" \/>\n<meta name=\"twitter:creator\" content=\"@transamerica933\" \/>\n<meta name=\"twitter:site\" content=\"@transamerica933\" \/>\n<meta name=\"twitter:label1\" content=\"Escrito por\" \/>\n\t<meta name=\"twitter:data1\" content=\"Reda\u00e7\u00e3o\" \/>\n\t<meta name=\"twitter:label2\" content=\"Est. tempo de leitura\" \/>\n\t<meta name=\"twitter:data2\" content=\"4 minutos\" \/>\n<script type=\"application\/ld+json\" class=\"yoast-schema-graph\">{\"@context\":\"https:\\\/\\\/schema.org\",\"@graph\":[{\"@type\":\"Article\",\"@id\":\"https:\\\/\\\/transamerica93.com.br\\\/home\\\/ednaldo-entra-com-recurso-no-stj-contra-afastamento-da-cbf-e-tenta-ficar-ate-as-eleicoes\\\/#article\",\"isPartOf\":{\"@id\":\"https:\\\/\\\/transamerica93.com.br\\\/home\\\/ednaldo-entra-com-recurso-no-stj-contra-afastamento-da-cbf-e-tenta-ficar-ate-as-eleicoes\\\/\"},\"author\":{\"name\":\"Reda\u00e7\u00e3o\",\"@id\":\"https:\\\/\\\/transamerica93.com.br\\\/home\\\/#\\\/schema\\\/person\\\/7fed7c99c0d4562efa8561bc0f543172\"},\"headline\":\"Ednaldo entra com recurso no STJ contra afastamento da CBF e tenta ficar at\u00e9 as elei\u00e7\u00f5es\",\"datePublished\":\"2023-12-12T13:00:22+00:00\",\"dateModified\":\"2023-12-12T15:00:26+00:00\",\"mainEntityOfPage\":{\"@id\":\"https:\\\/\\\/transamerica93.com.br\\\/home\\\/ednaldo-entra-com-recurso-no-stj-contra-afastamento-da-cbf-e-tenta-ficar-ate-as-eleicoes\\\/\"},\"wordCount\":775,\"publisher\":{\"@id\":\"https:\\\/\\\/transamerica93.com.br\\\/home\\\/#organization\"},\"image\":{\"@id\":\"https:\\\/\\\/transamerica93.com.br\\\/home\\\/ednaldo-entra-com-recurso-no-stj-contra-afastamento-da-cbf-e-tenta-ficar-ate-as-eleicoes\\\/#primaryimage\"},\"thumbnailUrl\":\"https:\\\/\\\/transamerica93.com.br\\\/home\\\/wp-content\\\/uploads\\\/2023\\\/12\\\/imagem-14.jpg\",\"articleSection\":[\"Esportes\"],\"inLanguage\":\"pt-BR\"},{\"@type\":\"WebPage\",\"@id\":\"https:\\\/\\\/transamerica93.com.br\\\/home\\\/ednaldo-entra-com-recurso-no-stj-contra-afastamento-da-cbf-e-tenta-ficar-ate-as-eleicoes\\\/\",\"url\":\"https:\\\/\\\/transamerica93.com.br\\\/home\\\/ednaldo-entra-com-recurso-no-stj-contra-afastamento-da-cbf-e-tenta-ficar-ate-as-eleicoes\\\/\",\"name\":\"Ednaldo entra com recurso no STJ contra afastamento da CBF e tenta ficar at\u00e9 as elei\u00e7\u00f5es - Transam\u00e9rica Mococa 93,3\",\"isPartOf\":{\"@id\":\"https:\\\/\\\/transamerica93.com.br\\\/home\\\/#website\"},\"primaryImageOfPage\":{\"@id\":\"https:\\\/\\\/transamerica93.com.br\\\/home\\\/ednaldo-entra-com-recurso-no-stj-contra-afastamento-da-cbf-e-tenta-ficar-ate-as-eleicoes\\\/#primaryimage\"},\"image\":{\"@id\":\"https:\\\/\\\/transamerica93.com.br\\\/home\\\/ednaldo-entra-com-recurso-no-stj-contra-afastamento-da-cbf-e-tenta-ficar-ate-as-eleicoes\\\/#primaryimage\"},\"thumbnailUrl\":\"https:\\\/\\\/transamerica93.com.br\\\/home\\\/wp-content\\\/uploads\\\/2023\\\/12\\\/imagem-14.jpg\",\"datePublished\":\"2023-12-12T13:00:22+00:00\",\"dateModified\":\"2023-12-12T15:00:26+00:00\",\"breadcrumb\":{\"@id\":\"https:\\\/\\\/transamerica93.com.br\\\/home\\\/ednaldo-entra-com-recurso-no-stj-contra-afastamento-da-cbf-e-tenta-ficar-ate-as-eleicoes\\\/#breadcrumb\"},\"inLanguage\":\"pt-BR\",\"potentialAction\":[{\"@type\":\"ReadAction\",\"target\":[\"https:\\\/\\\/transamerica93.com.br\\\/home\\\/ednaldo-entra-com-recurso-no-stj-contra-afastamento-da-cbf-e-tenta-ficar-ate-as-eleicoes\\\/\"]}]},{\"@type\":\"ImageObject\",\"inLanguage\":\"pt-BR\",\"@id\":\"https:\\\/\\\/transamerica93.com.br\\\/home\\\/ednaldo-entra-com-recurso-no-stj-contra-afastamento-da-cbf-e-tenta-ficar-ate-as-eleicoes\\\/#primaryimage\",\"url\":\"https:\\\/\\\/transamerica93.com.br\\\/home\\\/wp-content\\\/uploads\\\/2023\\\/12\\\/imagem-14.jpg\",\"contentUrl\":\"https:\\\/\\\/transamerica93.com.br\\\/home\\\/wp-content\\\/uploads\\\/2023\\\/12\\\/imagem-14.jpg\",\"width\":1170,\"height\":700,\"caption\":\"\u00a9 Jo\u00e9dson Alves\\\/Ag\u00eancia Brasil\"},{\"@type\":\"BreadcrumbList\",\"@id\":\"https:\\\/\\\/transamerica93.com.br\\\/home\\\/ednaldo-entra-com-recurso-no-stj-contra-afastamento-da-cbf-e-tenta-ficar-ate-as-eleicoes\\\/#breadcrumb\",\"itemListElement\":[{\"@type\":\"ListItem\",\"position\":1,\"name\":\"In\u00edcio\",\"item\":\"https:\\\/\\\/transamerica93.com.br\\\/home\\\/\"},{\"@type\":\"ListItem\",\"position\":2,\"name\":\"Ednaldo entra com recurso no STJ contra afastamento da CBF e tenta ficar at\u00e9 as elei\u00e7\u00f5es\"}]},{\"@type\":\"WebSite\",\"@id\":\"https:\\\/\\\/transamerica93.com.br\\\/home\\\/#website\",\"url\":\"https:\\\/\\\/transamerica93.com.br\\\/home\\\/\",\"name\":\"Transam\u00e9rica Mococa 93,3\",\"description\":\"\",\"publisher\":{\"@id\":\"https:\\\/\\\/transamerica93.com.br\\\/home\\\/#organization\"},\"potentialAction\":[{\"@type\":\"SearchAction\",\"target\":{\"@type\":\"EntryPoint\",\"urlTemplate\":\"https:\\\/\\\/transamerica93.com.br\\\/home\\\/?s={search_term_string}\"},\"query-input\":{\"@type\":\"PropertyValueSpecification\",\"valueRequired\":true,\"valueName\":\"search_term_string\"}}],\"inLanguage\":\"pt-BR\"},{\"@type\":\"Organization\",\"@id\":\"https:\\\/\\\/transamerica93.com.br\\\/home\\\/#organization\",\"name\":\"Transam\u00e9rica Mococa 93,3\",\"url\":\"https:\\\/\\\/transamerica93.com.br\\\/home\\\/\",\"logo\":{\"@type\":\"ImageObject\",\"inLanguage\":\"pt-BR\",\"@id\":\"https:\\\/\\\/transamerica93.com.br\\\/home\\\/#\\\/schema\\\/logo\\\/image\\\/\",\"url\":\"https:\\\/\\\/transamerica93.com.br\\\/home\\\/wp-content\\\/uploads\\\/2023\\\/10\\\/logo2.png\",\"contentUrl\":\"https:\\\/\\\/transamerica93.com.br\\\/home\\\/wp-content\\\/uploads\\\/2023\\\/10\\\/logo2.png\",\"width\":800,\"height\":500,\"caption\":\"Transam\u00e9rica Mococa 93,3\"},\"image\":{\"@id\":\"https:\\\/\\\/transamerica93.com.br\\\/home\\\/#\\\/schema\\\/logo\\\/image\\\/\"},\"sameAs\":[\"https:\\\/\\\/www.facebook.com\\\/transamericamococa\",\"https:\\\/\\\/x.com\\\/transamerica933\",\"https:\\\/\\\/www.instagram.com\\\/transamericamococa\"]},{\"@type\":\"Person\",\"@id\":\"https:\\\/\\\/transamerica93.com.br\\\/home\\\/#\\\/schema\\\/person\\\/7fed7c99c0d4562efa8561bc0f543172\",\"name\":\"Reda\u00e7\u00e3o\",\"image\":{\"@type\":\"ImageObject\",\"inLanguage\":\"pt-BR\",\"@id\":\"https:\\\/\\\/secure.gravatar.com\\\/avatar\\\/1072c6b775fb02ef8506ce967551d95926669a6b7d2c2147b42eea4d7c68395e?s=96&d=mm&r=g\",\"url\":\"https:\\\/\\\/secure.gravatar.com\\\/avatar\\\/1072c6b775fb02ef8506ce967551d95926669a6b7d2c2147b42eea4d7c68395e?s=96&d=mm&r=g\",\"contentUrl\":\"https:\\\/\\\/secure.gravatar.com\\\/avatar\\\/1072c6b775fb02ef8506ce967551d95926669a6b7d2c2147b42eea4d7c68395e?s=96&d=mm&r=g\",\"caption\":\"Reda\u00e7\u00e3o\"},\"sameAs\":[\"https:\\\/\\\/transamerica93.com.br\\\/home\"],\"url\":\"https:\\\/\\\/transamerica93.com.br\\\/home\\\/author\\\/william\\\/\"}]}<\/script>\n<!-- \/ Yoast SEO plugin. -->","yoast_head_json":{"title":"Ednaldo entra com recurso no STJ contra afastamento da CBF e tenta ficar at\u00e9 as elei\u00e7\u00f5es - Transam\u00e9rica Mococa 93,3","robots":{"index":"index","follow":"follow","max-snippet":"max-snippet:-1","max-image-preview":"max-image-preview:large","max-video-preview":"max-video-preview:-1"},"canonical":"https:\/\/transamerica93.com.br\/home\/ednaldo-entra-com-recurso-no-stj-contra-afastamento-da-cbf-e-tenta-ficar-ate-as-eleicoes\/","og_locale":"pt_BR","og_type":"article","og_title":"Ednaldo entra com recurso no STJ contra afastamento da CBF e tenta ficar at\u00e9 as elei\u00e7\u00f5es - Transam\u00e9rica Mococa 93,3","og_description":"A defesa de Ednaldo Rodrigues, presidente afastado da Confedera\u00e7\u00e3o Brasileira de Futebol (CBF), entrou com um recurso no Superior Tribunal de Justi\u00e7a (STJ), nesta segunda-feira, dia 11, contra a decis\u00e3o da Justi\u00e7a do Rio de destituir o dirigente do cargo. Os pr\u00f3ximos passos ser\u00e3o dados nesta semana. Os advogados citam que a decis\u00e3o p\u00f5e em &hellip;","og_url":"https:\/\/transamerica93.com.br\/home\/ednaldo-entra-com-recurso-no-stj-contra-afastamento-da-cbf-e-tenta-ficar-ate-as-eleicoes\/","og_site_name":"Transam\u00e9rica Mococa 93,3","article_publisher":"https:\/\/www.facebook.com\/transamericamococa","article_published_time":"2023-12-12T13:00:22+00:00","article_modified_time":"2023-12-12T15:00:26+00:00","og_image":[{"width":1170,"height":700,"url":"https:\/\/transamerica93.com.br\/home\/wp-content\/uploads\/2023\/12\/imagem-14.jpg","type":"image\/jpeg"}],"author":"Reda\u00e7\u00e3o","twitter_card":"summary_large_image","twitter_creator":"@transamerica933","twitter_site":"@transamerica933","twitter_misc":{"Escrito por":"Reda\u00e7\u00e3o","Est. tempo de leitura":"4 minutos"},"schema":{"@context":"https:\/\/schema.org","@graph":[{"@type":"Article","@id":"https:\/\/transamerica93.com.br\/home\/ednaldo-entra-com-recurso-no-stj-contra-afastamento-da-cbf-e-tenta-ficar-ate-as-eleicoes\/#article","isPartOf":{"@id":"https:\/\/transamerica93.com.br\/home\/ednaldo-entra-com-recurso-no-stj-contra-afastamento-da-cbf-e-tenta-ficar-ate-as-eleicoes\/"},"author":{"name":"Reda\u00e7\u00e3o","@id":"https:\/\/transamerica93.com.br\/home\/#\/schema\/person\/7fed7c99c0d4562efa8561bc0f543172"},"headline":"Ednaldo entra com recurso no STJ contra afastamento da CBF e tenta ficar at\u00e9 as elei\u00e7\u00f5es","datePublished":"2023-12-12T13:00:22+00:00","dateModified":"2023-12-12T15:00:26+00:00","mainEntityOfPage":{"@id":"https:\/\/transamerica93.com.br\/home\/ednaldo-entra-com-recurso-no-stj-contra-afastamento-da-cbf-e-tenta-ficar-ate-as-eleicoes\/"},"wordCount":775,"publisher":{"@id":"https:\/\/transamerica93.com.br\/home\/#organization"},"image":{"@id":"https:\/\/transamerica93.com.br\/home\/ednaldo-entra-com-recurso-no-stj-contra-afastamento-da-cbf-e-tenta-ficar-ate-as-eleicoes\/#primaryimage"},"thumbnailUrl":"https:\/\/transamerica93.com.br\/home\/wp-content\/uploads\/2023\/12\/imagem-14.jpg","articleSection":["Esportes"],"inLanguage":"pt-BR"},{"@type":"WebPage","@id":"https:\/\/transamerica93.com.br\/home\/ednaldo-entra-com-recurso-no-stj-contra-afastamento-da-cbf-e-tenta-ficar-ate-as-eleicoes\/","url":"https:\/\/transamerica93.com.br\/home\/ednaldo-entra-com-recurso-no-stj-contra-afastamento-da-cbf-e-tenta-ficar-ate-as-eleicoes\/","name":"Ednaldo entra com recurso no STJ contra afastamento da CBF e tenta ficar at\u00e9 as elei\u00e7\u00f5es - Transam\u00e9rica Mococa 93,3","isPartOf":{"@id":"https:\/\/transamerica93.com.br\/home\/#website"},"primaryImageOfPage":{"@id":"https:\/\/transamerica93.com.br\/home\/ednaldo-entra-com-recurso-no-stj-contra-afastamento-da-cbf-e-tenta-ficar-ate-as-eleicoes\/#primaryimage"},"image":{"@id":"https:\/\/transamerica93.com.br\/home\/ednaldo-entra-com-recurso-no-stj-contra-afastamento-da-cbf-e-tenta-ficar-ate-as-eleicoes\/#primaryimage"},"thumbnailUrl":"https:\/\/transamerica93.com.br\/home\/wp-content\/uploads\/2023\/12\/imagem-14.jpg","datePublished":"2023-12-12T13:00:22+00:00","dateModified":"2023-12-12T15:00:26+00:00","breadcrumb":{"@id":"https:\/\/transamerica93.com.br\/home\/ednaldo-entra-com-recurso-no-stj-contra-afastamento-da-cbf-e-tenta-ficar-ate-as-eleicoes\/#breadcrumb"},"inLanguage":"pt-BR","potentialAction":[{"@type":"ReadAction","target":["https:\/\/transamerica93.com.br\/home\/ednaldo-entra-com-recurso-no-stj-contra-afastamento-da-cbf-e-tenta-ficar-ate-as-eleicoes\/"]}]},{"@type":"ImageObject","inLanguage":"pt-BR","@id":"https:\/\/transamerica93.com.br\/home\/ednaldo-entra-com-recurso-no-stj-contra-afastamento-da-cbf-e-tenta-ficar-ate-as-eleicoes\/#primaryimage","url":"https:\/\/transamerica93.com.br\/home\/wp-content\/uploads\/2023\/12\/imagem-14.jpg","contentUrl":"https:\/\/transamerica93.com.br\/home\/wp-content\/uploads\/2023\/12\/imagem-14.jpg","width":1170,"height":700,"caption":"\u00a9 Jo\u00e9dson Alves\/Ag\u00eancia Brasil"},{"@type":"BreadcrumbList","@id":"https:\/\/transamerica93.com.br\/home\/ednaldo-entra-com-recurso-no-stj-contra-afastamento-da-cbf-e-tenta-ficar-ate-as-eleicoes\/#breadcrumb","itemListElement":[{"@type":"ListItem","position":1,"name":"In\u00edcio","item":"https:\/\/transamerica93.com.br\/home\/"},{"@type":"ListItem","position":2,"name":"Ednaldo entra com recurso no STJ contra afastamento da CBF e tenta ficar at\u00e9 as elei\u00e7\u00f5es"}]},{"@type":"WebSite","@id":"https:\/\/transamerica93.com.br\/home\/#website","url":"https:\/\/transamerica93.com.br\/home\/","name":"Transam\u00e9rica Mococa 93,3","description":"","publisher":{"@id":"https:\/\/transamerica93.com.br\/home\/#organization"},"potentialAction":[{"@type":"SearchAction","target":{"@type":"EntryPoint","urlTemplate":"https:\/\/transamerica93.com.br\/home\/?s={search_term_string}"},"query-input":{"@type":"PropertyValueSpecification","valueRequired":true,"valueName":"search_term_string"}}],"inLanguage":"pt-BR"},{"@type":"Organization","@id":"https:\/\/transamerica93.com.br\/home\/#organization","name":"Transam\u00e9rica Mococa 93,3","url":"https:\/\/transamerica93.com.br\/home\/","logo":{"@type":"ImageObject","inLanguage":"pt-BR","@id":"https:\/\/transamerica93.com.br\/home\/#\/schema\/logo\/image\/","url":"https:\/\/transamerica93.com.br\/home\/wp-content\/uploads\/2023\/10\/logo2.png","contentUrl":"https:\/\/transamerica93.com.br\/home\/wp-content\/uploads\/2023\/10\/logo2.png","width":800,"height":500,"caption":"Transam\u00e9rica Mococa 93,3"},"image":{"@id":"https:\/\/transamerica93.com.br\/home\/#\/schema\/logo\/image\/"},"sameAs":["https:\/\/www.facebook.com\/transamericamococa","https:\/\/x.com\/transamerica933","https:\/\/www.instagram.com\/transamericamococa"]},{"@type":"Person","@id":"https:\/\/transamerica93.com.br\/home\/#\/schema\/person\/7fed7c99c0d4562efa8561bc0f543172","name":"Reda\u00e7\u00e3o","image":{"@type":"ImageObject","inLanguage":"pt-BR","@id":"https:\/\/secure.gravatar.com\/avatar\/1072c6b775fb02ef8506ce967551d95926669a6b7d2c2147b42eea4d7c68395e?s=96&d=mm&r=g","url":"https:\/\/secure.gravatar.com\/avatar\/1072c6b775fb02ef8506ce967551d95926669a6b7d2c2147b42eea4d7c68395e?s=96&d=mm&r=g","contentUrl":"https:\/\/secure.gravatar.com\/avatar\/1072c6b775fb02ef8506ce967551d95926669a6b7d2c2147b42eea4d7c68395e?s=96&d=mm&r=g","caption":"Reda\u00e7\u00e3o"},"sameAs":["https:\/\/transamerica93.com.br\/home"],"url":"https:\/\/transamerica93.com.br\/home\/author\/william\/"}]}},"_links":{"self":[{"href":"https:\/\/transamerica93.com.br\/home\/wp-json\/wp\/v2\/posts\/2137","targetHints":{"allow":["GET"]}}],"collection":[{"href":"https:\/\/transamerica93.com.br\/home\/wp-json\/wp\/v2\/posts"}],"about":[{"href":"https:\/\/transamerica93.com.br\/home\/wp-json\/wp\/v2\/types\/post"}],"author":[{"embeddable":true,"href":"https:\/\/transamerica93.com.br\/home\/wp-json\/wp\/v2\/users\/1"}],"replies":[{"embeddable":true,"href":"https:\/\/transamerica93.com.br\/home\/wp-json\/wp\/v2\/comments?post=2137"}],"version-history":[{"count":1,"href":"https:\/\/transamerica93.com.br\/home\/wp-json\/wp\/v2\/posts\/2137\/revisions"}],"predecessor-version":[{"id":2139,"href":"https:\/\/transamerica93.com.br\/home\/wp-json\/wp\/v2\/posts\/2137\/revisions\/2139"}],"wp:featuredmedia":[{"embeddable":true,"href":"https:\/\/transamerica93.com.br\/home\/wp-json\/wp\/v2\/media\/2138"}],"wp:attachment":[{"href":"https:\/\/transamerica93.com.br\/home\/wp-json\/wp\/v2\/media?parent=2137"}],"wp:term":[{"taxonomy":"category","embeddable":true,"href":"https:\/\/transamerica93.com.br\/home\/wp-json\/wp\/v2\/categories?post=2137"},{"taxonomy":"post_tag","embeddable":true,"href":"https:\/\/transamerica93.com.br\/home\/wp-json\/wp\/v2\/tags?post=2137"}],"curies":[{"name":"wp","href":"https:\/\/api.w.org\/{rel}","templated":true}]}}