{"id":2140,"date":"2023-12-12T12:01:02","date_gmt":"2023-12-12T15:01:02","guid":{"rendered":"https:\/\/transamerica93.com.br\/home\/?p=2140"},"modified":"2023-12-12T12:01:02","modified_gmt":"2023-12-12T15:01:02","slug":"alexandre-correa-reencontra-filho-30-dias-apos-denuncia-de-ana-hickmann","status":"publish","type":"post","link":"https:\/\/transamerica93.com.br\/home\/alexandre-correa-reencontra-filho-30-dias-apos-denuncia-de-ana-hickmann\/","title":{"rendered":"Alexandre Correa reencontra filho 30 dias ap\u00f3s den\u00fancia de Ana Hickmann"},"content":{"rendered":"<h6 class=\"Assina\">Por Reda\u00e7\u00e3o E+<\/h6>\n<p>O empres\u00e1rio Alexandre Correa, acusado de viol\u00eancia dom\u00e9stica e les\u00e3o corporal pela apresentadora Ana Hickmann, publicou registros mostrando que reencontrou o filho, Alezinho, de 9 anos, 30 dias ap\u00f3s Ana ter registrado um boletim de ocorr\u00eancia contra ele. Alexandre fez duas publica\u00e7\u00f5es ao lado do menino nesta segunda-feira, 11.<\/p>\n<p>Anteriormente, a defesa do empres\u00e1rio havia confirmado, ao\u00a0<b>Estad\u00e3o<\/b>, que ele abriu m\u00e3o da guarda compartilhada para visitar o filho uma vez por semana e a cada 15 dias aos finais de semana. \u00c0 \u00e9poca, a reportagem tentou contato com a assessoria da apresentadora para confirmar a informa\u00e7\u00e3o, mas n\u00e3o obteve retorno.<\/p>\n<p>Alexandre tamb\u00e9m havia divulgado que tentava uma autoriza\u00e7\u00e3o judicial para rever o menino. Segundo o advogado do empres\u00e1rio, ele teria entrado com o processo de aliena\u00e7\u00e3o parental para conseguir a guarda compartilhada. A assessoria de Ana tamb\u00e9m n\u00e3o comentou a afirma\u00e7\u00e3o da defesa de Alexandre.<\/p>\n<p>O\u00a0<b>Estad\u00e3o<\/b>\u00a0entrou em contato novamente com o advogado do empres\u00e1rio para questionar como o reencontro com o menino teria sido acertado, mas ainda n\u00e3o obteve retorno. O espa\u00e7o segue aberto.<\/p>\n<p>Em nota, a equipe da apresentadora disse que todos os processos que envolvem o caso tramitam em segredo de justi\u00e7a. &#8220;Importante mencionar que a apresentadora e empres\u00e1ria confia plenamente na Justi\u00e7a para condu\u00e7\u00e3o do caso&#8221;, descreve um trecho. Leia o comunicado completo:<\/p>\n<p>&#8220;Todos os processos est\u00e3o tramitando sob segredo de justi\u00e7a. Ana Hickmann j\u00e1 prestou todos os esclarecimentos necess\u00e1rios \u00e0s autoridades competentes e continua dedicada a solucionar as quest\u00f5es pendentes de maneira legal. Importante mencionar que a apresentadora e empres\u00e1ria confia plenamente na justi\u00e7a para condu\u00e7\u00e3o do caso.&#8221;<\/p>\n<p>Em uma das publica\u00e7\u00f5es feitas no Instagram, Alexandre descreveu que o encontro durou 3h. Segundo ele, os dois almo\u00e7aram na casa da av\u00f3 do menino, mediram a altura de Alezinho, ouviram m\u00fasica e foram cortar o cabelo.<\/p>\n<p>&#8220;E aquela despedida sem \u2018mimimi\u2019. Voc\u00ea \u00e9 sinistro demais, Ale&#8221;, escreveu o empres\u00e1rio. &#8220;A melhor parte [foi] quando disse, firme e seguro: \u2018eu sou o homem da casa agora, pai\u2019. Amo voc\u00ea at\u00e9 o infinito&#8221;, completou.<\/p>\n<p><b>Entenda o caso<\/b><\/p>\n<p>O\u00a0<b>Estad\u00e3o<\/b>\u00a0teve acesso ao boletim de ocorr\u00eancia registrado por Ana Hickmann, no qual ela acusa o empres\u00e1rio de agress\u00e3o f\u00edsica. Segundo seu relato, ela estaria na cozinha de sua casa com Alexandre, o filho e duas funcion\u00e1rias. Ela teria dito algo ao filho que o marido n\u00e3o teria gostado e foi repreendida, com &#8220;ambos aumentando o tom de voz&#8221;. A crian\u00e7a teria pedido que parassem de brigar e sa\u00eddo correndo assustada.<\/p>\n<p>&#8220;O autor passou a pressionar a v\u00edtima contra a parede, bem como a amea\u00e7\u00e1-la de agredi-la com uma cabe\u00e7ada, ocasi\u00e3o em que ela conseguiu afast\u00e1-lo e, ao tentar pegar seu telefone celular, que estava em cima de uma mesa na \u00e1rea externa, o autor, repentinamente, fechou a porta de correr da cozinha, o que pressionou o bra\u00e7o esquerdo da v\u00edtima&#8221;, diz o trecho seguinte do documento policial.<\/p>\n<p>Ana, ent\u00e3o, teria conseguido tranc\u00e1-lo para fora de casa e fez a liga\u00e7\u00e3o para a Pol\u00edcia Militar. Correa teria deixado o local pouco depois. Hickmann buscou atendimento m\u00e9dico no Hospital S\u00e3o Camilo, onde foi constatada uma contus\u00e3o em seu cotovelo esquerdo. Ainda segundo o BO, ela teve o bra\u00e7o imobilizado com uma tipoia.<\/p>\n<p>&#8220;A v\u00edtima tomou ci\u00eancia das medidas protetivas conferidas pela Lei Maria da Penha, por\u00e9m, neste momento, optou por n\u00e3o requer\u00ea-las&#8221;, encerra o documento.<\/p>\n<p><b>O que diz Alexandre Correa?<\/b><\/p>\n<p>Alexandre Correa confessou as agress\u00f5es, mas negou que tenha dado uma cabe\u00e7ada na apresentadora, segundo o\u00a0<i>UOL<\/i>. Ana voltou a falar sobre o caso, dizendo que os dois tinham um relacionamento t\u00f3xico durante uma entrevista ao\u00a0<i>Domingo Espetacular<\/i>, da Record TV, no dia 26.<\/p>\n<p>Ap\u00f3s a repercuss\u00e3o da entrevista, o empres\u00e1rio afirmou que ela est\u00e1 cometendo &#8220;uma verdadeira injusti\u00e7a&#8221; ao falar sobre o caso, segundo a\u00a0<i>Quem<\/i>. Veja o pronunciamento compartilhado por ele \u00e0 \u00e9poca em que a apresentadora registrou o boletim de ocorr\u00eancia:<\/p>\n<p>&#8220;De fato, tive um desentendimento com a minha esposa, situa\u00e7\u00e3o absolutamente isolada, que n\u00e3o gerou maiores consequ\u00eancias. Gostaria de esclarecer tamb\u00e9m que jamais dei uma cabe\u00e7ada nela, como inveridicamente est\u00e1 sendo veiculado na imprensa, e que tudo ser\u00e1 devidamente esclarecido no momento oportuno. Aproveito a oportunidade para pedir minhas mais sinceras desculpas a toda a minha fam\u00edlia pelo ocorrido. S\u00e3o 25 anos de matrim\u00f4nio, sem ter qualquer ocorr\u00eancia dessa natureza. Sempre servi a Ana como seu agente, com todo zelo, carinho e respeito, como assim trato as 7 mulheres com quem trabalho no meu escrit\u00f3rio&#8221;.<\/p>\n","protected":false},"excerpt":{"rendered":"<p>Por Reda\u00e7\u00e3o E+ O empres\u00e1rio Alexandre Correa, acusado de viol\u00eancia dom\u00e9stica e les\u00e3o corporal pela apresentadora Ana Hickmann, publicou registros mostrando que reencontrou o filho, Alezinho, de 9 anos, 30 dias ap\u00f3s Ana ter registrado um boletim de ocorr\u00eancia contra ele. Alexandre fez duas publica\u00e7\u00f5es ao lado do menino nesta segunda-feira, 11. Anteriormente, a defesa &hellip;<\/p>\n","protected":false},"author":1,"featured_media":2009,"comment_status":"closed","ping_status":"closed","sticky":false,"template":"","format":"standard","meta":{"footnotes":""},"categories":[24],"tags":[],"class_list":["post-2140","post","type-post","status-publish","format-standard","has-post-thumbnail","hentry","category-entretenimento"],"yoast_head":"<!-- This site is optimized with the Yoast SEO plugin v27.4 - https:\/\/yoast.com\/product\/yoast-seo-wordpress\/ -->\n<title>Alexandre Correa reencontra filho 30 dias ap\u00f3s den\u00fancia de Ana Hickmann - Transam\u00e9rica Mococa 93,3<\/title>\n<meta name=\"robots\" content=\"index, follow, max-snippet:-1, max-image-preview:large, max-video-preview:-1\" \/>\n<link rel=\"canonical\" href=\"https:\/\/transamerica93.com.br\/home\/alexandre-correa-reencontra-filho-30-dias-apos-denuncia-de-ana-hickmann\/\" \/>\n<meta property=\"og:locale\" content=\"pt_BR\" \/>\n<meta property=\"og:type\" content=\"article\" \/>\n<meta property=\"og:title\" content=\"Alexandre Correa reencontra filho 30 dias ap\u00f3s den\u00fancia de Ana Hickmann - Transam\u00e9rica Mococa 93,3\" \/>\n<meta property=\"og:description\" content=\"Por Reda\u00e7\u00e3o E+ O empres\u00e1rio Alexandre Correa, acusado de viol\u00eancia dom\u00e9stica e les\u00e3o corporal pela apresentadora Ana Hickmann, publicou registros mostrando que reencontrou o filho, Alezinho, de 9 anos, 30 dias ap\u00f3s Ana ter registrado um boletim de ocorr\u00eancia contra ele. Alexandre fez duas publica\u00e7\u00f5es ao lado do menino nesta segunda-feira, 11. Anteriormente, a defesa &hellip;\" \/>\n<meta property=\"og:url\" content=\"https:\/\/transamerica93.com.br\/home\/alexandre-correa-reencontra-filho-30-dias-apos-denuncia-de-ana-hickmann\/\" \/>\n<meta property=\"og:site_name\" content=\"Transam\u00e9rica Mococa 93,3\" \/>\n<meta property=\"article:publisher\" content=\"https:\/\/www.facebook.com\/transamericamococa\" \/>\n<meta property=\"article:published_time\" content=\"2023-12-12T15:01:02+00:00\" \/>\n<meta property=\"og:image\" content=\"https:\/\/transamerica93.com.br\/home\/wp-content\/uploads\/2023\/11\/imagem-4.jpg\" \/>\n\t<meta property=\"og:image:width\" content=\"758\" \/>\n\t<meta property=\"og:image:height\" content=\"493\" \/>\n\t<meta property=\"og:image:type\" content=\"image\/jpeg\" \/>\n<meta name=\"author\" content=\"Reda\u00e7\u00e3o\" \/>\n<meta name=\"twitter:card\" content=\"summary_large_image\" \/>\n<meta name=\"twitter:creator\" content=\"@transamerica933\" \/>\n<meta name=\"twitter:site\" content=\"@transamerica933\" \/>\n<meta name=\"twitter:label1\" content=\"Escrito por\" \/>\n\t<meta name=\"twitter:data1\" content=\"Reda\u00e7\u00e3o\" \/>\n\t<meta name=\"twitter:label2\" content=\"Est. tempo de leitura\" \/>\n\t<meta name=\"twitter:data2\" content=\"5 minutos\" \/>\n<script type=\"application\/ld+json\" class=\"yoast-schema-graph\">{\"@context\":\"https:\\\/\\\/schema.org\",\"@graph\":[{\"@type\":\"Article\",\"@id\":\"https:\\\/\\\/transamerica93.com.br\\\/home\\\/alexandre-correa-reencontra-filho-30-dias-apos-denuncia-de-ana-hickmann\\\/#article\",\"isPartOf\":{\"@id\":\"https:\\\/\\\/transamerica93.com.br\\\/home\\\/alexandre-correa-reencontra-filho-30-dias-apos-denuncia-de-ana-hickmann\\\/\"},\"author\":{\"name\":\"Reda\u00e7\u00e3o\",\"@id\":\"https:\\\/\\\/transamerica93.com.br\\\/home\\\/#\\\/schema\\\/person\\\/7fed7c99c0d4562efa8561bc0f543172\"},\"headline\":\"Alexandre Correa reencontra filho 30 dias ap\u00f3s den\u00fancia de Ana Hickmann\",\"datePublished\":\"2023-12-12T15:01:02+00:00\",\"mainEntityOfPage\":{\"@id\":\"https:\\\/\\\/transamerica93.com.br\\\/home\\\/alexandre-correa-reencontra-filho-30-dias-apos-denuncia-de-ana-hickmann\\\/\"},\"wordCount\":831,\"publisher\":{\"@id\":\"https:\\\/\\\/transamerica93.com.br\\\/home\\\/#organization\"},\"image\":{\"@id\":\"https:\\\/\\\/transamerica93.com.br\\\/home\\\/alexandre-correa-reencontra-filho-30-dias-apos-denuncia-de-ana-hickmann\\\/#primaryimage\"},\"thumbnailUrl\":\"https:\\\/\\\/transamerica93.com.br\\\/home\\\/wp-content\\\/uploads\\\/2023\\\/11\\\/imagem-4.jpg\",\"articleSection\":[\"Entretenimento\"],\"inLanguage\":\"pt-BR\"},{\"@type\":\"WebPage\",\"@id\":\"https:\\\/\\\/transamerica93.com.br\\\/home\\\/alexandre-correa-reencontra-filho-30-dias-apos-denuncia-de-ana-hickmann\\\/\",\"url\":\"https:\\\/\\\/transamerica93.com.br\\\/home\\\/alexandre-correa-reencontra-filho-30-dias-apos-denuncia-de-ana-hickmann\\\/\",\"name\":\"Alexandre Correa reencontra filho 30 dias ap\u00f3s den\u00fancia de Ana Hickmann - Transam\u00e9rica Mococa 93,3\",\"isPartOf\":{\"@id\":\"https:\\\/\\\/transamerica93.com.br\\\/home\\\/#website\"},\"primaryImageOfPage\":{\"@id\":\"https:\\\/\\\/transamerica93.com.br\\\/home\\\/alexandre-correa-reencontra-filho-30-dias-apos-denuncia-de-ana-hickmann\\\/#primaryimage\"},\"image\":{\"@id\":\"https:\\\/\\\/transamerica93.com.br\\\/home\\\/alexandre-correa-reencontra-filho-30-dias-apos-denuncia-de-ana-hickmann\\\/#primaryimage\"},\"thumbnailUrl\":\"https:\\\/\\\/transamerica93.com.br\\\/home\\\/wp-content\\\/uploads\\\/2023\\\/11\\\/imagem-4.jpg\",\"datePublished\":\"2023-12-12T15:01:02+00:00\",\"breadcrumb\":{\"@id\":\"https:\\\/\\\/transamerica93.com.br\\\/home\\\/alexandre-correa-reencontra-filho-30-dias-apos-denuncia-de-ana-hickmann\\\/#breadcrumb\"},\"inLanguage\":\"pt-BR\",\"potentialAction\":[{\"@type\":\"ReadAction\",\"target\":[\"https:\\\/\\\/transamerica93.com.br\\\/home\\\/alexandre-correa-reencontra-filho-30-dias-apos-denuncia-de-ana-hickmann\\\/\"]}]},{\"@type\":\"ImageObject\",\"inLanguage\":\"pt-BR\",\"@id\":\"https:\\\/\\\/transamerica93.com.br\\\/home\\\/alexandre-correa-reencontra-filho-30-dias-apos-denuncia-de-ana-hickmann\\\/#primaryimage\",\"url\":\"https:\\\/\\\/transamerica93.com.br\\\/home\\\/wp-content\\\/uploads\\\/2023\\\/11\\\/imagem-4.jpg\",\"contentUrl\":\"https:\\\/\\\/transamerica93.com.br\\\/home\\\/wp-content\\\/uploads\\\/2023\\\/11\\\/imagem-4.jpg\",\"width\":758,\"height\":493,\"caption\":\"Foto: Instagram @ahickmann\"},{\"@type\":\"BreadcrumbList\",\"@id\":\"https:\\\/\\\/transamerica93.com.br\\\/home\\\/alexandre-correa-reencontra-filho-30-dias-apos-denuncia-de-ana-hickmann\\\/#breadcrumb\",\"itemListElement\":[{\"@type\":\"ListItem\",\"position\":1,\"name\":\"In\u00edcio\",\"item\":\"https:\\\/\\\/transamerica93.com.br\\\/home\\\/\"},{\"@type\":\"ListItem\",\"position\":2,\"name\":\"Alexandre Correa reencontra filho 30 dias ap\u00f3s den\u00fancia de Ana Hickmann\"}]},{\"@type\":\"WebSite\",\"@id\":\"https:\\\/\\\/transamerica93.com.br\\\/home\\\/#website\",\"url\":\"https:\\\/\\\/transamerica93.com.br\\\/home\\\/\",\"name\":\"Transam\u00e9rica Mococa 93,3\",\"description\":\"\",\"publisher\":{\"@id\":\"https:\\\/\\\/transamerica93.com.br\\\/home\\\/#organization\"},\"potentialAction\":[{\"@type\":\"SearchAction\",\"target\":{\"@type\":\"EntryPoint\",\"urlTemplate\":\"https:\\\/\\\/transamerica93.com.br\\\/home\\\/?s={search_term_string}\"},\"query-input\":{\"@type\":\"PropertyValueSpecification\",\"valueRequired\":true,\"valueName\":\"search_term_string\"}}],\"inLanguage\":\"pt-BR\"},{\"@type\":\"Organization\",\"@id\":\"https:\\\/\\\/transamerica93.com.br\\\/home\\\/#organization\",\"name\":\"Transam\u00e9rica Mococa 93,3\",\"url\":\"https:\\\/\\\/transamerica93.com.br\\\/home\\\/\",\"logo\":{\"@type\":\"ImageObject\",\"inLanguage\":\"pt-BR\",\"@id\":\"https:\\\/\\\/transamerica93.com.br\\\/home\\\/#\\\/schema\\\/logo\\\/image\\\/\",\"url\":\"https:\\\/\\\/transamerica93.com.br\\\/home\\\/wp-content\\\/uploads\\\/2023\\\/10\\\/logo2.png\",\"contentUrl\":\"https:\\\/\\\/transamerica93.com.br\\\/home\\\/wp-content\\\/uploads\\\/2023\\\/10\\\/logo2.png\",\"width\":800,\"height\":500,\"caption\":\"Transam\u00e9rica Mococa 93,3\"},\"image\":{\"@id\":\"https:\\\/\\\/transamerica93.com.br\\\/home\\\/#\\\/schema\\\/logo\\\/image\\\/\"},\"sameAs\":[\"https:\\\/\\\/www.facebook.com\\\/transamericamococa\",\"https:\\\/\\\/x.com\\\/transamerica933\",\"https:\\\/\\\/www.instagram.com\\\/transamericamococa\"]},{\"@type\":\"Person\",\"@id\":\"https:\\\/\\\/transamerica93.com.br\\\/home\\\/#\\\/schema\\\/person\\\/7fed7c99c0d4562efa8561bc0f543172\",\"name\":\"Reda\u00e7\u00e3o\",\"image\":{\"@type\":\"ImageObject\",\"inLanguage\":\"pt-BR\",\"@id\":\"https:\\\/\\\/secure.gravatar.com\\\/avatar\\\/1072c6b775fb02ef8506ce967551d95926669a6b7d2c2147b42eea4d7c68395e?s=96&d=mm&r=g\",\"url\":\"https:\\\/\\\/secure.gravatar.com\\\/avatar\\\/1072c6b775fb02ef8506ce967551d95926669a6b7d2c2147b42eea4d7c68395e?s=96&d=mm&r=g\",\"contentUrl\":\"https:\\\/\\\/secure.gravatar.com\\\/avatar\\\/1072c6b775fb02ef8506ce967551d95926669a6b7d2c2147b42eea4d7c68395e?s=96&d=mm&r=g\",\"caption\":\"Reda\u00e7\u00e3o\"},\"sameAs\":[\"https:\\\/\\\/transamerica93.com.br\\\/home\"],\"url\":\"https:\\\/\\\/transamerica93.com.br\\\/home\\\/author\\\/william\\\/\"}]}<\/script>\n<!-- \/ Yoast SEO plugin. -->","yoast_head_json":{"title":"Alexandre Correa reencontra filho 30 dias ap\u00f3s den\u00fancia de Ana Hickmann - Transam\u00e9rica Mococa 93,3","robots":{"index":"index","follow":"follow","max-snippet":"max-snippet:-1","max-image-preview":"max-image-preview:large","max-video-preview":"max-video-preview:-1"},"canonical":"https:\/\/transamerica93.com.br\/home\/alexandre-correa-reencontra-filho-30-dias-apos-denuncia-de-ana-hickmann\/","og_locale":"pt_BR","og_type":"article","og_title":"Alexandre Correa reencontra filho 30 dias ap\u00f3s den\u00fancia de Ana Hickmann - Transam\u00e9rica Mococa 93,3","og_description":"Por Reda\u00e7\u00e3o E+ O empres\u00e1rio Alexandre Correa, acusado de viol\u00eancia dom\u00e9stica e les\u00e3o corporal pela apresentadora Ana Hickmann, publicou registros mostrando que reencontrou o filho, Alezinho, de 9 anos, 30 dias ap\u00f3s Ana ter registrado um boletim de ocorr\u00eancia contra ele. Alexandre fez duas publica\u00e7\u00f5es ao lado do menino nesta segunda-feira, 11. Anteriormente, a defesa &hellip;","og_url":"https:\/\/transamerica93.com.br\/home\/alexandre-correa-reencontra-filho-30-dias-apos-denuncia-de-ana-hickmann\/","og_site_name":"Transam\u00e9rica Mococa 93,3","article_publisher":"https:\/\/www.facebook.com\/transamericamococa","article_published_time":"2023-12-12T15:01:02+00:00","og_image":[{"width":758,"height":493,"url":"https:\/\/transamerica93.com.br\/home\/wp-content\/uploads\/2023\/11\/imagem-4.jpg","type":"image\/jpeg"}],"author":"Reda\u00e7\u00e3o","twitter_card":"summary_large_image","twitter_creator":"@transamerica933","twitter_site":"@transamerica933","twitter_misc":{"Escrito por":"Reda\u00e7\u00e3o","Est. tempo de leitura":"5 minutos"},"schema":{"@context":"https:\/\/schema.org","@graph":[{"@type":"Article","@id":"https:\/\/transamerica93.com.br\/home\/alexandre-correa-reencontra-filho-30-dias-apos-denuncia-de-ana-hickmann\/#article","isPartOf":{"@id":"https:\/\/transamerica93.com.br\/home\/alexandre-correa-reencontra-filho-30-dias-apos-denuncia-de-ana-hickmann\/"},"author":{"name":"Reda\u00e7\u00e3o","@id":"https:\/\/transamerica93.com.br\/home\/#\/schema\/person\/7fed7c99c0d4562efa8561bc0f543172"},"headline":"Alexandre Correa reencontra filho 30 dias ap\u00f3s den\u00fancia de Ana Hickmann","datePublished":"2023-12-12T15:01:02+00:00","mainEntityOfPage":{"@id":"https:\/\/transamerica93.com.br\/home\/alexandre-correa-reencontra-filho-30-dias-apos-denuncia-de-ana-hickmann\/"},"wordCount":831,"publisher":{"@id":"https:\/\/transamerica93.com.br\/home\/#organization"},"image":{"@id":"https:\/\/transamerica93.com.br\/home\/alexandre-correa-reencontra-filho-30-dias-apos-denuncia-de-ana-hickmann\/#primaryimage"},"thumbnailUrl":"https:\/\/transamerica93.com.br\/home\/wp-content\/uploads\/2023\/11\/imagem-4.jpg","articleSection":["Entretenimento"],"inLanguage":"pt-BR"},{"@type":"WebPage","@id":"https:\/\/transamerica93.com.br\/home\/alexandre-correa-reencontra-filho-30-dias-apos-denuncia-de-ana-hickmann\/","url":"https:\/\/transamerica93.com.br\/home\/alexandre-correa-reencontra-filho-30-dias-apos-denuncia-de-ana-hickmann\/","name":"Alexandre Correa reencontra filho 30 dias ap\u00f3s den\u00fancia de Ana Hickmann - Transam\u00e9rica Mococa 93,3","isPartOf":{"@id":"https:\/\/transamerica93.com.br\/home\/#website"},"primaryImageOfPage":{"@id":"https:\/\/transamerica93.com.br\/home\/alexandre-correa-reencontra-filho-30-dias-apos-denuncia-de-ana-hickmann\/#primaryimage"},"image":{"@id":"https:\/\/transamerica93.com.br\/home\/alexandre-correa-reencontra-filho-30-dias-apos-denuncia-de-ana-hickmann\/#primaryimage"},"thumbnailUrl":"https:\/\/transamerica93.com.br\/home\/wp-content\/uploads\/2023\/11\/imagem-4.jpg","datePublished":"2023-12-12T15:01:02+00:00","breadcrumb":{"@id":"https:\/\/transamerica93.com.br\/home\/alexandre-correa-reencontra-filho-30-dias-apos-denuncia-de-ana-hickmann\/#breadcrumb"},"inLanguage":"pt-BR","potentialAction":[{"@type":"ReadAction","target":["https:\/\/transamerica93.com.br\/home\/alexandre-correa-reencontra-filho-30-dias-apos-denuncia-de-ana-hickmann\/"]}]},{"@type":"ImageObject","inLanguage":"pt-BR","@id":"https:\/\/transamerica93.com.br\/home\/alexandre-correa-reencontra-filho-30-dias-apos-denuncia-de-ana-hickmann\/#primaryimage","url":"https:\/\/transamerica93.com.br\/home\/wp-content\/uploads\/2023\/11\/imagem-4.jpg","contentUrl":"https:\/\/transamerica93.com.br\/home\/wp-content\/uploads\/2023\/11\/imagem-4.jpg","width":758,"height":493,"caption":"Foto: Instagram @ahickmann"},{"@type":"BreadcrumbList","@id":"https:\/\/transamerica93.com.br\/home\/alexandre-correa-reencontra-filho-30-dias-apos-denuncia-de-ana-hickmann\/#breadcrumb","itemListElement":[{"@type":"ListItem","position":1,"name":"In\u00edcio","item":"https:\/\/transamerica93.com.br\/home\/"},{"@type":"ListItem","position":2,"name":"Alexandre Correa reencontra filho 30 dias ap\u00f3s den\u00fancia de Ana Hickmann"}]},{"@type":"WebSite","@id":"https:\/\/transamerica93.com.br\/home\/#website","url":"https:\/\/transamerica93.com.br\/home\/","name":"Transam\u00e9rica Mococa 93,3","description":"","publisher":{"@id":"https:\/\/transamerica93.com.br\/home\/#organization"},"potentialAction":[{"@type":"SearchAction","target":{"@type":"EntryPoint","urlTemplate":"https:\/\/transamerica93.com.br\/home\/?s={search_term_string}"},"query-input":{"@type":"PropertyValueSpecification","valueRequired":true,"valueName":"search_term_string"}}],"inLanguage":"pt-BR"},{"@type":"Organization","@id":"https:\/\/transamerica93.com.br\/home\/#organization","name":"Transam\u00e9rica Mococa 93,3","url":"https:\/\/transamerica93.com.br\/home\/","logo":{"@type":"ImageObject","inLanguage":"pt-BR","@id":"https:\/\/transamerica93.com.br\/home\/#\/schema\/logo\/image\/","url":"https:\/\/transamerica93.com.br\/home\/wp-content\/uploads\/2023\/10\/logo2.png","contentUrl":"https:\/\/transamerica93.com.br\/home\/wp-content\/uploads\/2023\/10\/logo2.png","width":800,"height":500,"caption":"Transam\u00e9rica Mococa 93,3"},"image":{"@id":"https:\/\/transamerica93.com.br\/home\/#\/schema\/logo\/image\/"},"sameAs":["https:\/\/www.facebook.com\/transamericamococa","https:\/\/x.com\/transamerica933","https:\/\/www.instagram.com\/transamericamococa"]},{"@type":"Person","@id":"https:\/\/transamerica93.com.br\/home\/#\/schema\/person\/7fed7c99c0d4562efa8561bc0f543172","name":"Reda\u00e7\u00e3o","image":{"@type":"ImageObject","inLanguage":"pt-BR","@id":"https:\/\/secure.gravatar.com\/avatar\/1072c6b775fb02ef8506ce967551d95926669a6b7d2c2147b42eea4d7c68395e?s=96&d=mm&r=g","url":"https:\/\/secure.gravatar.com\/avatar\/1072c6b775fb02ef8506ce967551d95926669a6b7d2c2147b42eea4d7c68395e?s=96&d=mm&r=g","contentUrl":"https:\/\/secure.gravatar.com\/avatar\/1072c6b775fb02ef8506ce967551d95926669a6b7d2c2147b42eea4d7c68395e?s=96&d=mm&r=g","caption":"Reda\u00e7\u00e3o"},"sameAs":["https:\/\/transamerica93.com.br\/home"],"url":"https:\/\/transamerica93.com.br\/home\/author\/william\/"}]}},"_links":{"self":[{"href":"https:\/\/transamerica93.com.br\/home\/wp-json\/wp\/v2\/posts\/2140","targetHints":{"allow":["GET"]}}],"collection":[{"href":"https:\/\/transamerica93.com.br\/home\/wp-json\/wp\/v2\/posts"}],"about":[{"href":"https:\/\/transamerica93.com.br\/home\/wp-json\/wp\/v2\/types\/post"}],"author":[{"embeddable":true,"href":"https:\/\/transamerica93.com.br\/home\/wp-json\/wp\/v2\/users\/1"}],"replies":[{"embeddable":true,"href":"https:\/\/transamerica93.com.br\/home\/wp-json\/wp\/v2\/comments?post=2140"}],"version-history":[{"count":1,"href":"https:\/\/transamerica93.com.br\/home\/wp-json\/wp\/v2\/posts\/2140\/revisions"}],"predecessor-version":[{"id":2141,"href":"https:\/\/transamerica93.com.br\/home\/wp-json\/wp\/v2\/posts\/2140\/revisions\/2141"}],"wp:featuredmedia":[{"embeddable":true,"href":"https:\/\/transamerica93.com.br\/home\/wp-json\/wp\/v2\/media\/2009"}],"wp:attachment":[{"href":"https:\/\/transamerica93.com.br\/home\/wp-json\/wp\/v2\/media?parent=2140"}],"wp:term":[{"taxonomy":"category","embeddable":true,"href":"https:\/\/transamerica93.com.br\/home\/wp-json\/wp\/v2\/categories?post=2140"},{"taxonomy":"post_tag","embeddable":true,"href":"https:\/\/transamerica93.com.br\/home\/wp-json\/wp\/v2\/tags?post=2140"}],"curies":[{"name":"wp","href":"https:\/\/api.w.org\/{rel}","templated":true}]}}