{"id":2144,"date":"2023-12-13T09:00:20","date_gmt":"2023-12-13T12:00:20","guid":{"rendered":"https:\/\/transamerica93.com.br\/home\/?p=2144"},"modified":"2023-12-12T16:00:00","modified_gmt":"2023-12-12T19:00:00","slug":"nona-onda-de-calor-devera-atingir-regioes-do-brasil-nesta-semana","status":"publish","type":"post","link":"https:\/\/transamerica93.com.br\/home\/nona-onda-de-calor-devera-atingir-regioes-do-brasil-nesta-semana\/","title":{"rendered":"Nona onda de calor dever\u00e1 atingir regi\u00f5es do Brasil nesta semana"},"content":{"rendered":"<div class=\"post-item-wrap\">\n<p>A esta\u00e7\u00e3o mais quente, o ver\u00e3o, ainda nem chegou e as temperaturas voltar\u00e3o a subir em \u00e1reas de 15 estados, mais o Distrito Federal, a partir de meio dia desta quinta-feira (14) at\u00e9 19h de domingo (17). O Instituto Nacional de Meteorologia (Inmet), vinculado ao Minist\u00e9rio da Agricultura e Pecu\u00e1ria, publicou, na manh\u00e3 desta ter\u00e7a-feira (12), o aviso laranja de perigo devido \u00e0\u00a0<a href=\"https:\/\/alertas2.inmet.gov.br\/45747\" target=\"_blank\" rel=\"noopener\">nona onda de calor de 2023<\/a>.<img decoding=\"async\" data-src=\"https:\/\/agenciabrasil.ebc.com.br\/ebc.png?id=1571790&amp;o=node\" src=\"data:image\/svg+xml;base64,PHN2ZyB3aWR0aD0iMSIgaGVpZ2h0PSIxIiB4bWxucz0iaHR0cDovL3d3dy53My5vcmcvMjAwMC9zdmciPjwvc3ZnPg==\" class=\"lazyload\" \/><img decoding=\"async\" data-src=\"https:\/\/agenciabrasil.ebc.com.br\/ebc.gif?id=1571790&amp;o=node\" src=\"data:image\/svg+xml;base64,PHN2ZyB3aWR0aD0iMSIgaGVpZ2h0PSIxIiB4bWxucz0iaHR0cDovL3d3dy53My5vcmcvMjAwMC9zdmciPjwvc3ZnPg==\" class=\"lazyload\" \/><\/p>\n<p>A cor laranja \u00e9 do aviso intermedi\u00e1rio de uma escala de riscos que varia de amarelo ao vermelho. Esta sinaliza\u00e7\u00e3o indica situa\u00e7\u00e3o meteorol\u00f3gica perigosa, quando as pessoas devem se manter vigilantes e informadas regularmente sobre as condi\u00e7\u00f5es meteorol\u00f3gicas previstas.<\/p>\n<h2>Localidades em alerta laranja<\/h2>\n<p>Para ser considerada onda de calor, a temperatura m\u00e1xima do dia deve registrar 5\u00b0\u00a0<em>Celsius<\/em>\u00a0(\u00b0C) acima da m\u00e9dia daquela localidade, por um per\u00edodo de tr\u00eas a cinco dias.<\/p>\n<p>De acordo com o instituto, as altas temperaturas ser\u00e3o verificadas nas regi\u00f5es Centro-Oeste, Sudeste e Sul e parte do Norte e Nordeste.\u00a0 Os estados que ser\u00e3o atingidos pelo intenso calor e que est\u00e3o nesta zona de perigo s\u00e3o os da regi\u00e3o Centro-Oeste (GO, MT, MS e DF), os tr\u00eas da regi\u00e3o Sul (SC, RS, PR), da regi\u00e3o Sudeste (MG, SP, RJ, centro e noroeste do Esp\u00edrito Santo). Na regi\u00e3o Nordeste, os alertas de calor\u00e3o v\u00e3o para os moradores da faixa oeste da Bahia, al\u00e9m do sul do Piau\u00ed e do Maranh\u00e3o. J\u00e1 no Norte, a onda de calor atingir\u00e1 o centro-sul do Tocantins e \u00e1reas de Rond\u00f4nia. As temperaturas poder\u00e3o alcan\u00e7ar os 39\u00b0 C, em algumas cidades brasileiras. A previs\u00e3o do Inmet aponta que, j\u00e1 nesta ter\u00e7a-feira, a umidade relativa do ar dever\u00e1 ficar em torno de 40% no Centro-Oeste e 30% no Sul do Brasil<\/p>\n<h2>Causas<\/h2>\n<p>A meteorologista do Inmet, Naiane Ara\u00fajo, aponta um conjunto de fatores respons\u00e1veis pelo fen\u00f4meno clim\u00e1tico caracterizado pelo aumento anormal das temperaturas por um certo per\u00edodo. \u201cNos pr\u00f3ximos dias, a chance de chuva j\u00e1 come\u00e7a a diminuir novamente, principalmente, a partir da quinta-feira, devido a uma massa de ar mais quente e seco, que vai quebrar esse canal de umidade, justamente nesta \u00e9poca do ano, quando nos aproximamos do ver\u00e3o, que \u00e9 uma \u00e9poca mais quente do ano. Conforme a gente tem o c\u00e9u aberto, mais ensolarado, com a aus\u00eancia de nuvens e de chuva, as temperaturas disparam mesmo&#8221;.<\/p>\n<p>A meteorologista aponta que o fen\u00f4meno natural\u00a0<em>El Ni\u00f1o<\/em>\u00a0\u00e9 um motivo a mais para aumentar os term\u00f4metros, mas n\u00e3o \u00e9 o \u00fanico. \u201cO\u00a0<em>El Ni\u00f1o<\/em>\u00a0\u00e9 um agravante. A gente teve a configura\u00e7\u00e3o do fen\u00f4meno ao longo dessa primavera e, durante o ver\u00e3o, deve persistir. Quando se configura um\u00a0<em>El Ni\u00f1o<\/em>, o fen\u00f4meno bagun\u00e7a o regime de chuva na \u00e1rea central do Brasil e tem um impacto muito claro nessa eleva\u00e7\u00e3o das temperaturas tamb\u00e9m. Ent\u00e3o, ele \u00e9 um combust\u00edvel a mais, sem d\u00favida alguma.\u201d<\/p>\n<h2>Riscos<\/h2>\n<div class=\"dnd-widget-wrapper context-grande_6colunas type-image atom-align-left\">\n<div class=\"dnd-atom-rendered\">\n<div class=\"shadow overflow-hidden rounded-lg d-block w-100\">\n<figure style=\"width: 886px\" class=\"wp-caption alignnone\"><img decoding=\"async\" class=\"flex-fill img-cover lazyload\" title=\"T\u00e2nia R\u00eago\/Ag\u00eancia Brasil\" data-src=\"https:\/\/imagens.ebc.com.br\/jnpC_JlXhDwCa4WyJ2Z-4d6rJDI=\/463x0\/smart\/https:\/\/agenciabrasil.ebc.com.br\/sites\/default\/files\/thumbnails\/image\/trbr3697.jpg?itok=lbhL5dkQ\" alt=\"Rio de Janeiro (RJ), 16\/11\/2023 - Moradores do Complexo da Mar\u00e9 se refrescam com chuveiros e piscinas improvisadas nas ruas da comunidade. A sensa\u00e7\u00e3o t\u00e9rmica na cidade do Rio de Janeiro voltou a superar os 50 graus Celsius (\u00b0C), com a onda de calor que atinge boa parte do Brasil. Foto: T\u00e2nia R\u00eago\/Ag\u00eancia Brasil\" width=\"886\" height=\"591\" src=\"data:image\/svg+xml;base64,PHN2ZyB3aWR0aD0iMSIgaGVpZ2h0PSIxIiB4bWxucz0iaHR0cDovL3d3dy53My5vcmcvMjAwMC9zdmciPjwvc3ZnPg==\" style=\"--smush-placeholder-width: 886px; --smush-placeholder-aspect-ratio: 886\/591;\" \/><figcaption class=\"wp-caption-text\">Moradores se refrescam com chuveiros da comunidade T\u00e2nia R\u00eago\/Ag\u00eancia Brasil<\/figcaption><\/figure>\n<\/div>\n<\/div>\n<\/div>\n<p>Os recordes de temperatura aumentam os riscos de inc\u00eandios e preju\u00edzos \u00e0 agropecu\u00e1ria, com a perda de produ\u00e7\u00e3o e mortes de animais.<\/p>\n<p>A sensa\u00e7\u00e3o t\u00e9rmica muito alta tamb\u00e9m pode provocar riscos \u00e0 sa\u00fade, como insola\u00e7\u00e3o em diferentes graus. Os mais vulner\u00e1veis e que precisam de mais aten\u00e7\u00e3o s\u00e3o pessoas idosas, beb\u00eas e crian\u00e7as, gestantes e portadores de doen\u00e7as cr\u00f4nicas, como problemas renais, card\u00edacos, respirat\u00f3rios ou de circula\u00e7\u00e3o; al\u00e9m da popula\u00e7\u00e3o em situa\u00e7\u00e3o de rua.<\/p>\n<p>Para a popula\u00e7\u00e3o em geral, para se proteger da insola\u00e7\u00e3o, o Minist\u00e9rio da Sa\u00fade recomenda hidrata\u00e7\u00e3o, resfriamento e prote\u00e7\u00e3o do sol e calor. A pasta preparou um guia com dicas b\u00e1sicas sobre como lidar com as temperaturas extremas, entre elas:<\/p>\n<p>\u00b7\u00a0 beber \u00e1guas e sucos com frequ\u00eancia, mesmo quando estiver sem sede;<\/p>\n<p>\u00b7\u00a0 evitar bebidas com \u00e1lcool, a\u00e7ucaradas e os refrigerantes;<\/p>\n<p>\u00b7\u00a0 evitar refei\u00e7\u00f5es pesadas e condimentadas;<\/p>\n<p>\u00b7\u00a0 ingerir refei\u00e7\u00f5es leves, como saladas e frutas, a exemplo de melancia, mel\u00e3o e laranja;<\/p>\n<p>\u00b7\u00a0\u00a0 permanecer em locais mais frescos e arejados: \u00e0 sombra, com ar condicionado ou ventilador;<\/p>\n<p>\u00b7\u00a0 manter os ambientes \u00famidos com umidificadores de ar, toalhas molhadas ou baldes de \u00e1gua.<\/p>\n<p>\u00b7 usar roupas com tecidos e modelos frescos para deixar a pele respirar;<\/p>\n<p>\u00b7\u00a0 tomar banhos frios ou com temperaturas mais baixas;<\/p>\n<p>\u00b7\u00a0 evitar mudan\u00e7as bruscas de temperatura.<\/p>\n<p>\u00b7 evitar se expor ao sol nos hor\u00e1rios mais quentes, assim como n\u00e3o realizar atividades f\u00edsicas nestes intervalos, principalmente, ao ar livre;<\/p>\n<p>\u00b7 usar protetor solar, \u00f3culos escuros e chap\u00e9us.<\/p>\n<p>Aos\u00a0<a href=\"https:\/\/agenciabrasil.ebc.com.br\/geral\/noticia\/2023-11\/animais-tambem-estao-sujeitos-estresses-devido-altas-temperaturas\" target=\"_blank\" rel=\"noopener\">tutores dos animais dom\u00e9sticos<\/a>, especialistas recomendam.<\/p>\n<p>\u00b7\u00a0 manter a \u00e1gua dos animais sempre fresca, limpa e dispon\u00edvel. Pedras de gelo podem ser acrescentadas ao l\u00edquido;<\/p>\n<p>\u00b7\u00a0 n\u00e3o caminhar com os animais em piso quente para n\u00e3o queimar as patas;<\/p>\n<p>\u00b7\u00a0 evitar passeios em hor\u00e1rios de pico de temperatura;<\/p>\n<p>\u00b7\u00a0 n\u00e3o deixar os\u00a0<em>pets<\/em>\u00a0expostos ao sol;<\/p>\n<p>\u00b7\u00a0 avaliar o uso de ar condicionado no local onde o\u00a0<em>pet\u00a0<\/em>fica;<\/p>\n<p>\u00b7 verificar os comportamentos do animal;<\/p>\n<p>\u00b7\u00a0 se necess\u00e1rio, procurar um veterin\u00e1rio.<\/p>\n<h2>Insola\u00e7\u00e3o<\/h2>\n<p>Quando o corpo n\u00e3o dissipa bem o calor, pode ocorrer a insola\u00e7\u00e3o em diferentes graus. O corpo humano d\u00e1 sinais deste aumento prejudicial da temperatura e um profissional de sa\u00fade dever\u00e1 ser procurado. Os n\u00edveis de insola\u00e7\u00e3o e seus sinais s\u00e3o:<\/p>\n<p>\u00b7 insola\u00e7\u00e3o leve: muito suor e c\u00e2imbras;<\/p>\n<p>\u00b7 insola\u00e7\u00e3o moderada: fraqueza, dor de cabe\u00e7a, enjoo, v\u00f4mito e irritabilidade;<\/p>\n<p>\u00b7 insola\u00e7\u00e3o grave: confus\u00e3o mental; tonturas; pele quente e seca; e at\u00e9 perda da consci\u00eancia.<\/p>\n<p>Neste caso, a orienta\u00e7\u00e3o \u00e9 chamar o mais r\u00e1pido poss\u00edvel o Servi\u00e7o de Atendimento M\u00f3vel de Urg\u00eancia (SAMU 192). A liga\u00e7\u00e3o para o telefone 192 \u00e9 gratuita e o servi\u00e7o p\u00fablico funciona 24 horas por dia, todos os dias da semana.<\/p>\n<p>Enquanto os socorristas n\u00e3o chegam, o acompanhante deve buscar um lugar fresco e poder\u00e1 esfriar o corpo da pessoa com panos \u00famidos ou spray com \u00e1gua.<\/p>\n<p>Para mais informa\u00e7\u00f5es, acesse o\u00a0<a href=\"https:\/\/www.gov.br\/saude\/pt-br\/assuntos\/onda-de-calor\" target=\"_blank\" rel=\"noopener\">guia de informa\u00e7\u00f5es do Minist\u00e9rio da Sa\u00fade<\/a>.<\/p>\n<\/div>\n<p class=\"alt-font font-italic my-2 small text-info\">Edi\u00e7\u00e3o: Val\u00e9ria Aguiar<\/p>\n","protected":false},"excerpt":{"rendered":"<p>A esta\u00e7\u00e3o mais quente, o ver\u00e3o, ainda nem chegou e as temperaturas voltar\u00e3o a subir em \u00e1reas de 15 estados, mais o Distrito Federal, a partir de meio dia desta quinta-feira (14) at\u00e9 19h de domingo (17). O Instituto Nacional de Meteorologia (Inmet), vinculado ao Minist\u00e9rio da Agricultura e Pecu\u00e1ria, publicou, na manh\u00e3 desta ter\u00e7a-feira &hellip;<\/p>\n","protected":false},"author":1,"featured_media":2145,"comment_status":"closed","ping_status":"closed","sticky":false,"template":"","format":"standard","meta":{"footnotes":""},"categories":[30],"tags":[],"class_list":["post-2144","post","type-post","status-publish","format-standard","has-post-thumbnail","hentry","category-geral"],"yoast_head":"<!-- This site is optimized with the Yoast SEO plugin v27.4 - https:\/\/yoast.com\/product\/yoast-seo-wordpress\/ -->\n<title>Nona onda de calor dever\u00e1 atingir regi\u00f5es do Brasil nesta semana - Transam\u00e9rica Mococa 93,3<\/title>\n<meta name=\"robots\" content=\"index, follow, max-snippet:-1, max-image-preview:large, max-video-preview:-1\" \/>\n<link rel=\"canonical\" href=\"https:\/\/transamerica93.com.br\/home\/nona-onda-de-calor-devera-atingir-regioes-do-brasil-nesta-semana\/\" \/>\n<meta property=\"og:locale\" content=\"pt_BR\" \/>\n<meta property=\"og:type\" content=\"article\" \/>\n<meta property=\"og:title\" content=\"Nona onda de calor dever\u00e1 atingir regi\u00f5es do Brasil nesta semana - Transam\u00e9rica Mococa 93,3\" \/>\n<meta property=\"og:description\" content=\"A esta\u00e7\u00e3o mais quente, o ver\u00e3o, ainda nem chegou e as temperaturas voltar\u00e3o a subir em \u00e1reas de 15 estados, mais o Distrito Federal, a partir de meio dia desta quinta-feira (14) at\u00e9 19h de domingo (17). O Instituto Nacional de Meteorologia (Inmet), vinculado ao Minist\u00e9rio da Agricultura e Pecu\u00e1ria, publicou, na manh\u00e3 desta ter\u00e7a-feira &hellip;\" \/>\n<meta property=\"og:url\" content=\"https:\/\/transamerica93.com.br\/home\/nona-onda-de-calor-devera-atingir-regioes-do-brasil-nesta-semana\/\" \/>\n<meta property=\"og:site_name\" content=\"Transam\u00e9rica Mococa 93,3\" \/>\n<meta property=\"article:publisher\" content=\"https:\/\/www.facebook.com\/transamericamococa\" \/>\n<meta property=\"article:published_time\" content=\"2023-12-13T12:00:20+00:00\" \/>\n<meta property=\"og:image\" content=\"https:\/\/transamerica93.com.br\/home\/wp-content\/uploads\/2023\/12\/imagem-15.jpg\" \/>\n\t<meta property=\"og:image:width\" content=\"1170\" \/>\n\t<meta property=\"og:image:height\" content=\"700\" \/>\n\t<meta property=\"og:image:type\" content=\"image\/jpeg\" \/>\n<meta name=\"author\" content=\"Reda\u00e7\u00e3o\" \/>\n<meta name=\"twitter:card\" content=\"summary_large_image\" \/>\n<meta name=\"twitter:creator\" content=\"@transamerica933\" \/>\n<meta name=\"twitter:site\" content=\"@transamerica933\" \/>\n<meta name=\"twitter:label1\" content=\"Escrito por\" \/>\n\t<meta name=\"twitter:data1\" content=\"Reda\u00e7\u00e3o\" \/>\n\t<meta name=\"twitter:label2\" content=\"Est. tempo de leitura\" \/>\n\t<meta name=\"twitter:data2\" content=\"6 minutos\" \/>\n<script type=\"application\/ld+json\" class=\"yoast-schema-graph\">{\"@context\":\"https:\\\/\\\/schema.org\",\"@graph\":[{\"@type\":\"Article\",\"@id\":\"https:\\\/\\\/transamerica93.com.br\\\/home\\\/nona-onda-de-calor-devera-atingir-regioes-do-brasil-nesta-semana\\\/#article\",\"isPartOf\":{\"@id\":\"https:\\\/\\\/transamerica93.com.br\\\/home\\\/nona-onda-de-calor-devera-atingir-regioes-do-brasil-nesta-semana\\\/\"},\"author\":{\"name\":\"Reda\u00e7\u00e3o\",\"@id\":\"https:\\\/\\\/transamerica93.com.br\\\/home\\\/#\\\/schema\\\/person\\\/7fed7c99c0d4562efa8561bc0f543172\"},\"headline\":\"Nona onda de calor dever\u00e1 atingir regi\u00f5es do Brasil nesta semana\",\"datePublished\":\"2023-12-13T12:00:20+00:00\",\"mainEntityOfPage\":{\"@id\":\"https:\\\/\\\/transamerica93.com.br\\\/home\\\/nona-onda-de-calor-devera-atingir-regioes-do-brasil-nesta-semana\\\/\"},\"wordCount\":1083,\"publisher\":{\"@id\":\"https:\\\/\\\/transamerica93.com.br\\\/home\\\/#organization\"},\"image\":{\"@id\":\"https:\\\/\\\/transamerica93.com.br\\\/home\\\/nona-onda-de-calor-devera-atingir-regioes-do-brasil-nesta-semana\\\/#primaryimage\"},\"thumbnailUrl\":\"https:\\\/\\\/transamerica93.com.br\\\/home\\\/wp-content\\\/uploads\\\/2023\\\/12\\\/imagem-15.jpg\",\"articleSection\":[\"Geral\"],\"inLanguage\":\"pt-BR\"},{\"@type\":\"WebPage\",\"@id\":\"https:\\\/\\\/transamerica93.com.br\\\/home\\\/nona-onda-de-calor-devera-atingir-regioes-do-brasil-nesta-semana\\\/\",\"url\":\"https:\\\/\\\/transamerica93.com.br\\\/home\\\/nona-onda-de-calor-devera-atingir-regioes-do-brasil-nesta-semana\\\/\",\"name\":\"Nona onda de calor dever\u00e1 atingir regi\u00f5es do Brasil nesta semana - Transam\u00e9rica Mococa 93,3\",\"isPartOf\":{\"@id\":\"https:\\\/\\\/transamerica93.com.br\\\/home\\\/#website\"},\"primaryImageOfPage\":{\"@id\":\"https:\\\/\\\/transamerica93.com.br\\\/home\\\/nona-onda-de-calor-devera-atingir-regioes-do-brasil-nesta-semana\\\/#primaryimage\"},\"image\":{\"@id\":\"https:\\\/\\\/transamerica93.com.br\\\/home\\\/nona-onda-de-calor-devera-atingir-regioes-do-brasil-nesta-semana\\\/#primaryimage\"},\"thumbnailUrl\":\"https:\\\/\\\/transamerica93.com.br\\\/home\\\/wp-content\\\/uploads\\\/2023\\\/12\\\/imagem-15.jpg\",\"datePublished\":\"2023-12-13T12:00:20+00:00\",\"breadcrumb\":{\"@id\":\"https:\\\/\\\/transamerica93.com.br\\\/home\\\/nona-onda-de-calor-devera-atingir-regioes-do-brasil-nesta-semana\\\/#breadcrumb\"},\"inLanguage\":\"pt-BR\",\"potentialAction\":[{\"@type\":\"ReadAction\",\"target\":[\"https:\\\/\\\/transamerica93.com.br\\\/home\\\/nona-onda-de-calor-devera-atingir-regioes-do-brasil-nesta-semana\\\/\"]}]},{\"@type\":\"ImageObject\",\"inLanguage\":\"pt-BR\",\"@id\":\"https:\\\/\\\/transamerica93.com.br\\\/home\\\/nona-onda-de-calor-devera-atingir-regioes-do-brasil-nesta-semana\\\/#primaryimage\",\"url\":\"https:\\\/\\\/transamerica93.com.br\\\/home\\\/wp-content\\\/uploads\\\/2023\\\/12\\\/imagem-15.jpg\",\"contentUrl\":\"https:\\\/\\\/transamerica93.com.br\\\/home\\\/wp-content\\\/uploads\\\/2023\\\/12\\\/imagem-15.jpg\",\"width\":1170,\"height\":700,\"caption\":\"\u00a9 Fernando Fraz\u00e3o\\\/Ag\u00eancia Brasil\"},{\"@type\":\"BreadcrumbList\",\"@id\":\"https:\\\/\\\/transamerica93.com.br\\\/home\\\/nona-onda-de-calor-devera-atingir-regioes-do-brasil-nesta-semana\\\/#breadcrumb\",\"itemListElement\":[{\"@type\":\"ListItem\",\"position\":1,\"name\":\"In\u00edcio\",\"item\":\"https:\\\/\\\/transamerica93.com.br\\\/home\\\/\"},{\"@type\":\"ListItem\",\"position\":2,\"name\":\"Nona onda de calor dever\u00e1 atingir regi\u00f5es do Brasil nesta semana\"}]},{\"@type\":\"WebSite\",\"@id\":\"https:\\\/\\\/transamerica93.com.br\\\/home\\\/#website\",\"url\":\"https:\\\/\\\/transamerica93.com.br\\\/home\\\/\",\"name\":\"Transam\u00e9rica Mococa 93,3\",\"description\":\"\",\"publisher\":{\"@id\":\"https:\\\/\\\/transamerica93.com.br\\\/home\\\/#organization\"},\"potentialAction\":[{\"@type\":\"SearchAction\",\"target\":{\"@type\":\"EntryPoint\",\"urlTemplate\":\"https:\\\/\\\/transamerica93.com.br\\\/home\\\/?s={search_term_string}\"},\"query-input\":{\"@type\":\"PropertyValueSpecification\",\"valueRequired\":true,\"valueName\":\"search_term_string\"}}],\"inLanguage\":\"pt-BR\"},{\"@type\":\"Organization\",\"@id\":\"https:\\\/\\\/transamerica93.com.br\\\/home\\\/#organization\",\"name\":\"Transam\u00e9rica Mococa 93,3\",\"url\":\"https:\\\/\\\/transamerica93.com.br\\\/home\\\/\",\"logo\":{\"@type\":\"ImageObject\",\"inLanguage\":\"pt-BR\",\"@id\":\"https:\\\/\\\/transamerica93.com.br\\\/home\\\/#\\\/schema\\\/logo\\\/image\\\/\",\"url\":\"https:\\\/\\\/transamerica93.com.br\\\/home\\\/wp-content\\\/uploads\\\/2023\\\/10\\\/logo2.png\",\"contentUrl\":\"https:\\\/\\\/transamerica93.com.br\\\/home\\\/wp-content\\\/uploads\\\/2023\\\/10\\\/logo2.png\",\"width\":800,\"height\":500,\"caption\":\"Transam\u00e9rica Mococa 93,3\"},\"image\":{\"@id\":\"https:\\\/\\\/transamerica93.com.br\\\/home\\\/#\\\/schema\\\/logo\\\/image\\\/\"},\"sameAs\":[\"https:\\\/\\\/www.facebook.com\\\/transamericamococa\",\"https:\\\/\\\/x.com\\\/transamerica933\",\"https:\\\/\\\/www.instagram.com\\\/transamericamococa\"]},{\"@type\":\"Person\",\"@id\":\"https:\\\/\\\/transamerica93.com.br\\\/home\\\/#\\\/schema\\\/person\\\/7fed7c99c0d4562efa8561bc0f543172\",\"name\":\"Reda\u00e7\u00e3o\",\"image\":{\"@type\":\"ImageObject\",\"inLanguage\":\"pt-BR\",\"@id\":\"https:\\\/\\\/secure.gravatar.com\\\/avatar\\\/1072c6b775fb02ef8506ce967551d95926669a6b7d2c2147b42eea4d7c68395e?s=96&d=mm&r=g\",\"url\":\"https:\\\/\\\/secure.gravatar.com\\\/avatar\\\/1072c6b775fb02ef8506ce967551d95926669a6b7d2c2147b42eea4d7c68395e?s=96&d=mm&r=g\",\"contentUrl\":\"https:\\\/\\\/secure.gravatar.com\\\/avatar\\\/1072c6b775fb02ef8506ce967551d95926669a6b7d2c2147b42eea4d7c68395e?s=96&d=mm&r=g\",\"caption\":\"Reda\u00e7\u00e3o\"},\"sameAs\":[\"https:\\\/\\\/transamerica93.com.br\\\/home\"],\"url\":\"https:\\\/\\\/transamerica93.com.br\\\/home\\\/author\\\/william\\\/\"}]}<\/script>\n<!-- \/ Yoast SEO plugin. -->","yoast_head_json":{"title":"Nona onda de calor dever\u00e1 atingir regi\u00f5es do Brasil nesta semana - Transam\u00e9rica Mococa 93,3","robots":{"index":"index","follow":"follow","max-snippet":"max-snippet:-1","max-image-preview":"max-image-preview:large","max-video-preview":"max-video-preview:-1"},"canonical":"https:\/\/transamerica93.com.br\/home\/nona-onda-de-calor-devera-atingir-regioes-do-brasil-nesta-semana\/","og_locale":"pt_BR","og_type":"article","og_title":"Nona onda de calor dever\u00e1 atingir regi\u00f5es do Brasil nesta semana - Transam\u00e9rica Mococa 93,3","og_description":"A esta\u00e7\u00e3o mais quente, o ver\u00e3o, ainda nem chegou e as temperaturas voltar\u00e3o a subir em \u00e1reas de 15 estados, mais o Distrito Federal, a partir de meio dia desta quinta-feira (14) at\u00e9 19h de domingo (17). O Instituto Nacional de Meteorologia (Inmet), vinculado ao Minist\u00e9rio da Agricultura e Pecu\u00e1ria, publicou, na manh\u00e3 desta ter\u00e7a-feira &hellip;","og_url":"https:\/\/transamerica93.com.br\/home\/nona-onda-de-calor-devera-atingir-regioes-do-brasil-nesta-semana\/","og_site_name":"Transam\u00e9rica Mococa 93,3","article_publisher":"https:\/\/www.facebook.com\/transamericamococa","article_published_time":"2023-12-13T12:00:20+00:00","og_image":[{"width":1170,"height":700,"url":"https:\/\/transamerica93.com.br\/home\/wp-content\/uploads\/2023\/12\/imagem-15.jpg","type":"image\/jpeg"}],"author":"Reda\u00e7\u00e3o","twitter_card":"summary_large_image","twitter_creator":"@transamerica933","twitter_site":"@transamerica933","twitter_misc":{"Escrito por":"Reda\u00e7\u00e3o","Est. tempo de leitura":"6 minutos"},"schema":{"@context":"https:\/\/schema.org","@graph":[{"@type":"Article","@id":"https:\/\/transamerica93.com.br\/home\/nona-onda-de-calor-devera-atingir-regioes-do-brasil-nesta-semana\/#article","isPartOf":{"@id":"https:\/\/transamerica93.com.br\/home\/nona-onda-de-calor-devera-atingir-regioes-do-brasil-nesta-semana\/"},"author":{"name":"Reda\u00e7\u00e3o","@id":"https:\/\/transamerica93.com.br\/home\/#\/schema\/person\/7fed7c99c0d4562efa8561bc0f543172"},"headline":"Nona onda de calor dever\u00e1 atingir regi\u00f5es do Brasil nesta semana","datePublished":"2023-12-13T12:00:20+00:00","mainEntityOfPage":{"@id":"https:\/\/transamerica93.com.br\/home\/nona-onda-de-calor-devera-atingir-regioes-do-brasil-nesta-semana\/"},"wordCount":1083,"publisher":{"@id":"https:\/\/transamerica93.com.br\/home\/#organization"},"image":{"@id":"https:\/\/transamerica93.com.br\/home\/nona-onda-de-calor-devera-atingir-regioes-do-brasil-nesta-semana\/#primaryimage"},"thumbnailUrl":"https:\/\/transamerica93.com.br\/home\/wp-content\/uploads\/2023\/12\/imagem-15.jpg","articleSection":["Geral"],"inLanguage":"pt-BR"},{"@type":"WebPage","@id":"https:\/\/transamerica93.com.br\/home\/nona-onda-de-calor-devera-atingir-regioes-do-brasil-nesta-semana\/","url":"https:\/\/transamerica93.com.br\/home\/nona-onda-de-calor-devera-atingir-regioes-do-brasil-nesta-semana\/","name":"Nona onda de calor dever\u00e1 atingir regi\u00f5es do Brasil nesta semana - Transam\u00e9rica Mococa 93,3","isPartOf":{"@id":"https:\/\/transamerica93.com.br\/home\/#website"},"primaryImageOfPage":{"@id":"https:\/\/transamerica93.com.br\/home\/nona-onda-de-calor-devera-atingir-regioes-do-brasil-nesta-semana\/#primaryimage"},"image":{"@id":"https:\/\/transamerica93.com.br\/home\/nona-onda-de-calor-devera-atingir-regioes-do-brasil-nesta-semana\/#primaryimage"},"thumbnailUrl":"https:\/\/transamerica93.com.br\/home\/wp-content\/uploads\/2023\/12\/imagem-15.jpg","datePublished":"2023-12-13T12:00:20+00:00","breadcrumb":{"@id":"https:\/\/transamerica93.com.br\/home\/nona-onda-de-calor-devera-atingir-regioes-do-brasil-nesta-semana\/#breadcrumb"},"inLanguage":"pt-BR","potentialAction":[{"@type":"ReadAction","target":["https:\/\/transamerica93.com.br\/home\/nona-onda-de-calor-devera-atingir-regioes-do-brasil-nesta-semana\/"]}]},{"@type":"ImageObject","inLanguage":"pt-BR","@id":"https:\/\/transamerica93.com.br\/home\/nona-onda-de-calor-devera-atingir-regioes-do-brasil-nesta-semana\/#primaryimage","url":"https:\/\/transamerica93.com.br\/home\/wp-content\/uploads\/2023\/12\/imagem-15.jpg","contentUrl":"https:\/\/transamerica93.com.br\/home\/wp-content\/uploads\/2023\/12\/imagem-15.jpg","width":1170,"height":700,"caption":"\u00a9 Fernando Fraz\u00e3o\/Ag\u00eancia Brasil"},{"@type":"BreadcrumbList","@id":"https:\/\/transamerica93.com.br\/home\/nona-onda-de-calor-devera-atingir-regioes-do-brasil-nesta-semana\/#breadcrumb","itemListElement":[{"@type":"ListItem","position":1,"name":"In\u00edcio","item":"https:\/\/transamerica93.com.br\/home\/"},{"@type":"ListItem","position":2,"name":"Nona onda de calor dever\u00e1 atingir regi\u00f5es do Brasil nesta semana"}]},{"@type":"WebSite","@id":"https:\/\/transamerica93.com.br\/home\/#website","url":"https:\/\/transamerica93.com.br\/home\/","name":"Transam\u00e9rica Mococa 93,3","description":"","publisher":{"@id":"https:\/\/transamerica93.com.br\/home\/#organization"},"potentialAction":[{"@type":"SearchAction","target":{"@type":"EntryPoint","urlTemplate":"https:\/\/transamerica93.com.br\/home\/?s={search_term_string}"},"query-input":{"@type":"PropertyValueSpecification","valueRequired":true,"valueName":"search_term_string"}}],"inLanguage":"pt-BR"},{"@type":"Organization","@id":"https:\/\/transamerica93.com.br\/home\/#organization","name":"Transam\u00e9rica Mococa 93,3","url":"https:\/\/transamerica93.com.br\/home\/","logo":{"@type":"ImageObject","inLanguage":"pt-BR","@id":"https:\/\/transamerica93.com.br\/home\/#\/schema\/logo\/image\/","url":"https:\/\/transamerica93.com.br\/home\/wp-content\/uploads\/2023\/10\/logo2.png","contentUrl":"https:\/\/transamerica93.com.br\/home\/wp-content\/uploads\/2023\/10\/logo2.png","width":800,"height":500,"caption":"Transam\u00e9rica Mococa 93,3"},"image":{"@id":"https:\/\/transamerica93.com.br\/home\/#\/schema\/logo\/image\/"},"sameAs":["https:\/\/www.facebook.com\/transamericamococa","https:\/\/x.com\/transamerica933","https:\/\/www.instagram.com\/transamericamococa"]},{"@type":"Person","@id":"https:\/\/transamerica93.com.br\/home\/#\/schema\/person\/7fed7c99c0d4562efa8561bc0f543172","name":"Reda\u00e7\u00e3o","image":{"@type":"ImageObject","inLanguage":"pt-BR","@id":"https:\/\/secure.gravatar.com\/avatar\/1072c6b775fb02ef8506ce967551d95926669a6b7d2c2147b42eea4d7c68395e?s=96&d=mm&r=g","url":"https:\/\/secure.gravatar.com\/avatar\/1072c6b775fb02ef8506ce967551d95926669a6b7d2c2147b42eea4d7c68395e?s=96&d=mm&r=g","contentUrl":"https:\/\/secure.gravatar.com\/avatar\/1072c6b775fb02ef8506ce967551d95926669a6b7d2c2147b42eea4d7c68395e?s=96&d=mm&r=g","caption":"Reda\u00e7\u00e3o"},"sameAs":["https:\/\/transamerica93.com.br\/home"],"url":"https:\/\/transamerica93.com.br\/home\/author\/william\/"}]}},"_links":{"self":[{"href":"https:\/\/transamerica93.com.br\/home\/wp-json\/wp\/v2\/posts\/2144","targetHints":{"allow":["GET"]}}],"collection":[{"href":"https:\/\/transamerica93.com.br\/home\/wp-json\/wp\/v2\/posts"}],"about":[{"href":"https:\/\/transamerica93.com.br\/home\/wp-json\/wp\/v2\/types\/post"}],"author":[{"embeddable":true,"href":"https:\/\/transamerica93.com.br\/home\/wp-json\/wp\/v2\/users\/1"}],"replies":[{"embeddable":true,"href":"https:\/\/transamerica93.com.br\/home\/wp-json\/wp\/v2\/comments?post=2144"}],"version-history":[{"count":1,"href":"https:\/\/transamerica93.com.br\/home\/wp-json\/wp\/v2\/posts\/2144\/revisions"}],"predecessor-version":[{"id":2146,"href":"https:\/\/transamerica93.com.br\/home\/wp-json\/wp\/v2\/posts\/2144\/revisions\/2146"}],"wp:featuredmedia":[{"embeddable":true,"href":"https:\/\/transamerica93.com.br\/home\/wp-json\/wp\/v2\/media\/2145"}],"wp:attachment":[{"href":"https:\/\/transamerica93.com.br\/home\/wp-json\/wp\/v2\/media?parent=2144"}],"wp:term":[{"taxonomy":"category","embeddable":true,"href":"https:\/\/transamerica93.com.br\/home\/wp-json\/wp\/v2\/categories?post=2144"},{"taxonomy":"post_tag","embeddable":true,"href":"https:\/\/transamerica93.com.br\/home\/wp-json\/wp\/v2\/tags?post=2144"}],"curies":[{"name":"wp","href":"https:\/\/api.w.org\/{rel}","templated":true}]}}