{"id":2147,"date":"2023-12-13T10:00:21","date_gmt":"2023-12-13T13:00:21","guid":{"rendered":"https:\/\/transamerica93.com.br\/home\/?p=2147"},"modified":"2023-12-12T16:03:10","modified_gmt":"2023-12-12T19:03:10","slug":"escudo-centralizado-e-ondas-site-vaza-suposta-nova-camisa-azul-da-selecao-brasileira","status":"publish","type":"post","link":"https:\/\/transamerica93.com.br\/home\/escudo-centralizado-e-ondas-site-vaza-suposta-nova-camisa-azul-da-selecao-brasileira\/","title":{"rendered":"Escudo centralizado e &#8216;ondas&#8217;: site vaza suposta nova camisa azul da sele\u00e7\u00e3o brasileira"},"content":{"rendered":"<p>O site Footy Headlines, especializado em camisas de times de futebol de todo o mundo, vazou imagens da suposta nova camisa azul reserva da sele\u00e7\u00e3o brasileira para 2024. Em novembro, a nova camisa principal j\u00e1 havia sido divulgada pelo portal, com torcedores surpreendidos com o design, considerado ousado. A pe\u00e7a azul, produzida pela marca americana de materiais esportivos Nike, repete alguns estilos vistos na nova &#8220;amarelinha&#8221;, principalmente pelo escudo centralizado.<\/p>\n<p>A camisa ser\u00e1 lan\u00e7ada, segundo o site, entre mar\u00e7o e abril de 2024, para a disputa da Copa Am\u00e9rica de 2024, nos Estados Unidos Al\u00e9m do bras\u00e3o ao centro, a nova camisa se destaca por uma estampa ondulada em azul claro. Com um design &#8220;moderno e vibrante&#8221;, combina uma base azul escura saturada com um azul claro, al\u00e9m do amarelo tradicional da sele\u00e7\u00e3o no escudo e no s\u00edmbolo da Nike.<\/p>\n<p>O escudo da Confedera\u00e7\u00e3o Brasileira de Futebol (CBF), que dever\u00e1 aparecer centralizado, e n\u00e3o mais a esquerda do peito, \u00e9 a principal mudan\u00e7a em rela\u00e7\u00e3o ao modelo usado na Copa do Mundo de 2022. A \u00faltima vez em que a sele\u00e7\u00e3o usou o s\u00edmbolo da entidade na parte central do uniforme foi em 2004, durante a disputa da Copa Am\u00e9rica daquele ano, que completa duas d\u00e9cadas em 2024. Na ocasi\u00e3o, o Brasil derrotou a Argentina nos p\u00eanaltis ap\u00f3s empatar por 2 a 2, com Adriano marcando nos minutos finais da decis\u00e3o.<\/p>\n<p>Com as ondas na estampa, a camisa azul se completa com o tema escolhido para o modelo principal. Com detalhes em amarelo claro, a camisa vazada forma um desenho inspirado na fauna e flora do Brasil. A escolha para o segundo uniforme tem como base os mares e oceano brasileiros. A gola, em um formato V moderno, repete o modelo vazado para a camisa principal.<\/p>\n<p>Existe a possibilidade de que os novos uniformes sejam utilizados j\u00e1 em amistoso contra a Inglaterra, no dia 23 de mar\u00e7o, em Wembley. Tr\u00eas dias depois, a sele\u00e7\u00e3o brasileira enfrentar\u00e1 a Espanha. Ser\u00e3o os primeiros compromissos da equipe, que ainda ter\u00e1 o comando de Fernando Diniz &#8211; a entidade aguarda, de forma \u2018tranquila\u2019, uma defini\u00e7\u00e3o de Carlo Ancelotti para que o italiano comande a equipe no ciclo para a Copa do Mundo de 2026.<\/p>\n","protected":false},"excerpt":{"rendered":"<p>O site Footy Headlines, especializado em camisas de times de futebol de todo o mundo, vazou imagens da suposta nova camisa azul reserva da sele\u00e7\u00e3o brasileira para 2024. Em novembro, a nova camisa principal j\u00e1 havia sido divulgada pelo portal, com torcedores surpreendidos com o design, considerado ousado. A pe\u00e7a azul, produzida pela marca americana &hellip;<\/p>\n","protected":false},"author":1,"featured_media":2148,"comment_status":"closed","ping_status":"closed","sticky":false,"template":"","format":"standard","meta":{"footnotes":""},"categories":[31],"tags":[],"class_list":["post-2147","post","type-post","status-publish","format-standard","has-post-thumbnail","hentry","category-esportes"],"yoast_head":"<!-- This site is optimized with the Yoast SEO plugin v27.4 - https:\/\/yoast.com\/product\/yoast-seo-wordpress\/ -->\n<title>Escudo centralizado e &#039;ondas&#039;: site vaza suposta nova camisa azul da sele\u00e7\u00e3o brasileira - Transam\u00e9rica Mococa 93,3<\/title>\n<meta name=\"robots\" content=\"index, follow, max-snippet:-1, max-image-preview:large, max-video-preview:-1\" \/>\n<link rel=\"canonical\" href=\"https:\/\/transamerica93.com.br\/home\/escudo-centralizado-e-ondas-site-vaza-suposta-nova-camisa-azul-da-selecao-brasileira\/\" \/>\n<meta property=\"og:locale\" content=\"pt_BR\" \/>\n<meta property=\"og:type\" content=\"article\" \/>\n<meta property=\"og:title\" content=\"Escudo centralizado e &#039;ondas&#039;: site vaza suposta nova camisa azul da sele\u00e7\u00e3o brasileira - Transam\u00e9rica Mococa 93,3\" \/>\n<meta property=\"og:description\" content=\"O site Footy Headlines, especializado em camisas de times de futebol de todo o mundo, vazou imagens da suposta nova camisa azul reserva da sele\u00e7\u00e3o brasileira para 2024. Em novembro, a nova camisa principal j\u00e1 havia sido divulgada pelo portal, com torcedores surpreendidos com o design, considerado ousado. A pe\u00e7a azul, produzida pela marca americana &hellip;\" \/>\n<meta property=\"og:url\" content=\"https:\/\/transamerica93.com.br\/home\/escudo-centralizado-e-ondas-site-vaza-suposta-nova-camisa-azul-da-selecao-brasileira\/\" \/>\n<meta property=\"og:site_name\" content=\"Transam\u00e9rica Mococa 93,3\" \/>\n<meta property=\"article:publisher\" content=\"https:\/\/www.facebook.com\/transamericamococa\" \/>\n<meta property=\"article:published_time\" content=\"2023-12-13T13:00:21+00:00\" \/>\n<meta property=\"og:image\" content=\"https:\/\/transamerica93.com.br\/home\/wp-content\/uploads\/2023\/12\/imagem-16.jpg\" \/>\n\t<meta property=\"og:image:width\" content=\"866\" \/>\n\t<meta property=\"og:image:height\" content=\"549\" \/>\n\t<meta property=\"og:image:type\" content=\"image\/jpeg\" \/>\n<meta name=\"author\" content=\"Reda\u00e7\u00e3o\" \/>\n<meta name=\"twitter:card\" content=\"summary_large_image\" \/>\n<meta name=\"twitter:creator\" content=\"@transamerica933\" \/>\n<meta name=\"twitter:site\" content=\"@transamerica933\" \/>\n<meta name=\"twitter:label1\" content=\"Escrito por\" \/>\n\t<meta name=\"twitter:data1\" content=\"Reda\u00e7\u00e3o\" \/>\n\t<meta name=\"twitter:label2\" content=\"Est. tempo de leitura\" \/>\n\t<meta name=\"twitter:data2\" content=\"3 minutos\" \/>\n<script type=\"application\/ld+json\" class=\"yoast-schema-graph\">{\"@context\":\"https:\\\/\\\/schema.org\",\"@graph\":[{\"@type\":\"Article\",\"@id\":\"https:\\\/\\\/transamerica93.com.br\\\/home\\\/escudo-centralizado-e-ondas-site-vaza-suposta-nova-camisa-azul-da-selecao-brasileira\\\/#article\",\"isPartOf\":{\"@id\":\"https:\\\/\\\/transamerica93.com.br\\\/home\\\/escudo-centralizado-e-ondas-site-vaza-suposta-nova-camisa-azul-da-selecao-brasileira\\\/\"},\"author\":{\"name\":\"Reda\u00e7\u00e3o\",\"@id\":\"https:\\\/\\\/transamerica93.com.br\\\/home\\\/#\\\/schema\\\/person\\\/7fed7c99c0d4562efa8561bc0f543172\"},\"headline\":\"Escudo centralizado e &#8216;ondas&#8217;: site vaza suposta nova camisa azul da sele\u00e7\u00e3o brasileira\",\"datePublished\":\"2023-12-13T13:00:21+00:00\",\"mainEntityOfPage\":{\"@id\":\"https:\\\/\\\/transamerica93.com.br\\\/home\\\/escudo-centralizado-e-ondas-site-vaza-suposta-nova-camisa-azul-da-selecao-brasileira\\\/\"},\"wordCount\":400,\"publisher\":{\"@id\":\"https:\\\/\\\/transamerica93.com.br\\\/home\\\/#organization\"},\"image\":{\"@id\":\"https:\\\/\\\/transamerica93.com.br\\\/home\\\/escudo-centralizado-e-ondas-site-vaza-suposta-nova-camisa-azul-da-selecao-brasileira\\\/#primaryimage\"},\"thumbnailUrl\":\"https:\\\/\\\/transamerica93.com.br\\\/home\\\/wp-content\\\/uploads\\\/2023\\\/12\\\/imagem-16.jpg\",\"articleSection\":[\"Esportes\"],\"inLanguage\":\"pt-BR\"},{\"@type\":\"WebPage\",\"@id\":\"https:\\\/\\\/transamerica93.com.br\\\/home\\\/escudo-centralizado-e-ondas-site-vaza-suposta-nova-camisa-azul-da-selecao-brasileira\\\/\",\"url\":\"https:\\\/\\\/transamerica93.com.br\\\/home\\\/escudo-centralizado-e-ondas-site-vaza-suposta-nova-camisa-azul-da-selecao-brasileira\\\/\",\"name\":\"Escudo centralizado e 'ondas': site vaza suposta nova camisa azul da sele\u00e7\u00e3o brasileira - Transam\u00e9rica Mococa 93,3\",\"isPartOf\":{\"@id\":\"https:\\\/\\\/transamerica93.com.br\\\/home\\\/#website\"},\"primaryImageOfPage\":{\"@id\":\"https:\\\/\\\/transamerica93.com.br\\\/home\\\/escudo-centralizado-e-ondas-site-vaza-suposta-nova-camisa-azul-da-selecao-brasileira\\\/#primaryimage\"},\"image\":{\"@id\":\"https:\\\/\\\/transamerica93.com.br\\\/home\\\/escudo-centralizado-e-ondas-site-vaza-suposta-nova-camisa-azul-da-selecao-brasileira\\\/#primaryimage\"},\"thumbnailUrl\":\"https:\\\/\\\/transamerica93.com.br\\\/home\\\/wp-content\\\/uploads\\\/2023\\\/12\\\/imagem-16.jpg\",\"datePublished\":\"2023-12-13T13:00:21+00:00\",\"breadcrumb\":{\"@id\":\"https:\\\/\\\/transamerica93.com.br\\\/home\\\/escudo-centralizado-e-ondas-site-vaza-suposta-nova-camisa-azul-da-selecao-brasileira\\\/#breadcrumb\"},\"inLanguage\":\"pt-BR\",\"potentialAction\":[{\"@type\":\"ReadAction\",\"target\":[\"https:\\\/\\\/transamerica93.com.br\\\/home\\\/escudo-centralizado-e-ondas-site-vaza-suposta-nova-camisa-azul-da-selecao-brasileira\\\/\"]}]},{\"@type\":\"ImageObject\",\"inLanguage\":\"pt-BR\",\"@id\":\"https:\\\/\\\/transamerica93.com.br\\\/home\\\/escudo-centralizado-e-ondas-site-vaza-suposta-nova-camisa-azul-da-selecao-brasileira\\\/#primaryimage\",\"url\":\"https:\\\/\\\/transamerica93.com.br\\\/home\\\/wp-content\\\/uploads\\\/2023\\\/12\\\/imagem-16.jpg\",\"contentUrl\":\"https:\\\/\\\/transamerica93.com.br\\\/home\\\/wp-content\\\/uploads\\\/2023\\\/12\\\/imagem-16.jpg\",\"width\":866,\"height\":549,\"caption\":\"Foto: Reprodu\u00e7\u00e3o\\\/Footy Headlines\"},{\"@type\":\"BreadcrumbList\",\"@id\":\"https:\\\/\\\/transamerica93.com.br\\\/home\\\/escudo-centralizado-e-ondas-site-vaza-suposta-nova-camisa-azul-da-selecao-brasileira\\\/#breadcrumb\",\"itemListElement\":[{\"@type\":\"ListItem\",\"position\":1,\"name\":\"In\u00edcio\",\"item\":\"https:\\\/\\\/transamerica93.com.br\\\/home\\\/\"},{\"@type\":\"ListItem\",\"position\":2,\"name\":\"Escudo centralizado e &#8216;ondas&#8217;: site vaza suposta nova camisa azul da sele\u00e7\u00e3o brasileira\"}]},{\"@type\":\"WebSite\",\"@id\":\"https:\\\/\\\/transamerica93.com.br\\\/home\\\/#website\",\"url\":\"https:\\\/\\\/transamerica93.com.br\\\/home\\\/\",\"name\":\"Transam\u00e9rica Mococa 93,3\",\"description\":\"\",\"publisher\":{\"@id\":\"https:\\\/\\\/transamerica93.com.br\\\/home\\\/#organization\"},\"potentialAction\":[{\"@type\":\"SearchAction\",\"target\":{\"@type\":\"EntryPoint\",\"urlTemplate\":\"https:\\\/\\\/transamerica93.com.br\\\/home\\\/?s={search_term_string}\"},\"query-input\":{\"@type\":\"PropertyValueSpecification\",\"valueRequired\":true,\"valueName\":\"search_term_string\"}}],\"inLanguage\":\"pt-BR\"},{\"@type\":\"Organization\",\"@id\":\"https:\\\/\\\/transamerica93.com.br\\\/home\\\/#organization\",\"name\":\"Transam\u00e9rica Mococa 93,3\",\"url\":\"https:\\\/\\\/transamerica93.com.br\\\/home\\\/\",\"logo\":{\"@type\":\"ImageObject\",\"inLanguage\":\"pt-BR\",\"@id\":\"https:\\\/\\\/transamerica93.com.br\\\/home\\\/#\\\/schema\\\/logo\\\/image\\\/\",\"url\":\"https:\\\/\\\/transamerica93.com.br\\\/home\\\/wp-content\\\/uploads\\\/2023\\\/10\\\/logo2.png\",\"contentUrl\":\"https:\\\/\\\/transamerica93.com.br\\\/home\\\/wp-content\\\/uploads\\\/2023\\\/10\\\/logo2.png\",\"width\":800,\"height\":500,\"caption\":\"Transam\u00e9rica Mococa 93,3\"},\"image\":{\"@id\":\"https:\\\/\\\/transamerica93.com.br\\\/home\\\/#\\\/schema\\\/logo\\\/image\\\/\"},\"sameAs\":[\"https:\\\/\\\/www.facebook.com\\\/transamericamococa\",\"https:\\\/\\\/x.com\\\/transamerica933\",\"https:\\\/\\\/www.instagram.com\\\/transamericamococa\"]},{\"@type\":\"Person\",\"@id\":\"https:\\\/\\\/transamerica93.com.br\\\/home\\\/#\\\/schema\\\/person\\\/7fed7c99c0d4562efa8561bc0f543172\",\"name\":\"Reda\u00e7\u00e3o\",\"image\":{\"@type\":\"ImageObject\",\"inLanguage\":\"pt-BR\",\"@id\":\"https:\\\/\\\/secure.gravatar.com\\\/avatar\\\/1072c6b775fb02ef8506ce967551d95926669a6b7d2c2147b42eea4d7c68395e?s=96&d=mm&r=g\",\"url\":\"https:\\\/\\\/secure.gravatar.com\\\/avatar\\\/1072c6b775fb02ef8506ce967551d95926669a6b7d2c2147b42eea4d7c68395e?s=96&d=mm&r=g\",\"contentUrl\":\"https:\\\/\\\/secure.gravatar.com\\\/avatar\\\/1072c6b775fb02ef8506ce967551d95926669a6b7d2c2147b42eea4d7c68395e?s=96&d=mm&r=g\",\"caption\":\"Reda\u00e7\u00e3o\"},\"sameAs\":[\"https:\\\/\\\/transamerica93.com.br\\\/home\"],\"url\":\"https:\\\/\\\/transamerica93.com.br\\\/home\\\/author\\\/william\\\/\"}]}<\/script>\n<!-- \/ Yoast SEO plugin. -->","yoast_head_json":{"title":"Escudo centralizado e 'ondas': site vaza suposta nova camisa azul da sele\u00e7\u00e3o brasileira - Transam\u00e9rica Mococa 93,3","robots":{"index":"index","follow":"follow","max-snippet":"max-snippet:-1","max-image-preview":"max-image-preview:large","max-video-preview":"max-video-preview:-1"},"canonical":"https:\/\/transamerica93.com.br\/home\/escudo-centralizado-e-ondas-site-vaza-suposta-nova-camisa-azul-da-selecao-brasileira\/","og_locale":"pt_BR","og_type":"article","og_title":"Escudo centralizado e 'ondas': site vaza suposta nova camisa azul da sele\u00e7\u00e3o brasileira - Transam\u00e9rica Mococa 93,3","og_description":"O site Footy Headlines, especializado em camisas de times de futebol de todo o mundo, vazou imagens da suposta nova camisa azul reserva da sele\u00e7\u00e3o brasileira para 2024. Em novembro, a nova camisa principal j\u00e1 havia sido divulgada pelo portal, com torcedores surpreendidos com o design, considerado ousado. A pe\u00e7a azul, produzida pela marca americana &hellip;","og_url":"https:\/\/transamerica93.com.br\/home\/escudo-centralizado-e-ondas-site-vaza-suposta-nova-camisa-azul-da-selecao-brasileira\/","og_site_name":"Transam\u00e9rica Mococa 93,3","article_publisher":"https:\/\/www.facebook.com\/transamericamococa","article_published_time":"2023-12-13T13:00:21+00:00","og_image":[{"width":866,"height":549,"url":"https:\/\/transamerica93.com.br\/home\/wp-content\/uploads\/2023\/12\/imagem-16.jpg","type":"image\/jpeg"}],"author":"Reda\u00e7\u00e3o","twitter_card":"summary_large_image","twitter_creator":"@transamerica933","twitter_site":"@transamerica933","twitter_misc":{"Escrito por":"Reda\u00e7\u00e3o","Est. tempo de leitura":"3 minutos"},"schema":{"@context":"https:\/\/schema.org","@graph":[{"@type":"Article","@id":"https:\/\/transamerica93.com.br\/home\/escudo-centralizado-e-ondas-site-vaza-suposta-nova-camisa-azul-da-selecao-brasileira\/#article","isPartOf":{"@id":"https:\/\/transamerica93.com.br\/home\/escudo-centralizado-e-ondas-site-vaza-suposta-nova-camisa-azul-da-selecao-brasileira\/"},"author":{"name":"Reda\u00e7\u00e3o","@id":"https:\/\/transamerica93.com.br\/home\/#\/schema\/person\/7fed7c99c0d4562efa8561bc0f543172"},"headline":"Escudo centralizado e &#8216;ondas&#8217;: site vaza suposta nova camisa azul da sele\u00e7\u00e3o brasileira","datePublished":"2023-12-13T13:00:21+00:00","mainEntityOfPage":{"@id":"https:\/\/transamerica93.com.br\/home\/escudo-centralizado-e-ondas-site-vaza-suposta-nova-camisa-azul-da-selecao-brasileira\/"},"wordCount":400,"publisher":{"@id":"https:\/\/transamerica93.com.br\/home\/#organization"},"image":{"@id":"https:\/\/transamerica93.com.br\/home\/escudo-centralizado-e-ondas-site-vaza-suposta-nova-camisa-azul-da-selecao-brasileira\/#primaryimage"},"thumbnailUrl":"https:\/\/transamerica93.com.br\/home\/wp-content\/uploads\/2023\/12\/imagem-16.jpg","articleSection":["Esportes"],"inLanguage":"pt-BR"},{"@type":"WebPage","@id":"https:\/\/transamerica93.com.br\/home\/escudo-centralizado-e-ondas-site-vaza-suposta-nova-camisa-azul-da-selecao-brasileira\/","url":"https:\/\/transamerica93.com.br\/home\/escudo-centralizado-e-ondas-site-vaza-suposta-nova-camisa-azul-da-selecao-brasileira\/","name":"Escudo centralizado e 'ondas': site vaza suposta nova camisa azul da sele\u00e7\u00e3o brasileira - Transam\u00e9rica Mococa 93,3","isPartOf":{"@id":"https:\/\/transamerica93.com.br\/home\/#website"},"primaryImageOfPage":{"@id":"https:\/\/transamerica93.com.br\/home\/escudo-centralizado-e-ondas-site-vaza-suposta-nova-camisa-azul-da-selecao-brasileira\/#primaryimage"},"image":{"@id":"https:\/\/transamerica93.com.br\/home\/escudo-centralizado-e-ondas-site-vaza-suposta-nova-camisa-azul-da-selecao-brasileira\/#primaryimage"},"thumbnailUrl":"https:\/\/transamerica93.com.br\/home\/wp-content\/uploads\/2023\/12\/imagem-16.jpg","datePublished":"2023-12-13T13:00:21+00:00","breadcrumb":{"@id":"https:\/\/transamerica93.com.br\/home\/escudo-centralizado-e-ondas-site-vaza-suposta-nova-camisa-azul-da-selecao-brasileira\/#breadcrumb"},"inLanguage":"pt-BR","potentialAction":[{"@type":"ReadAction","target":["https:\/\/transamerica93.com.br\/home\/escudo-centralizado-e-ondas-site-vaza-suposta-nova-camisa-azul-da-selecao-brasileira\/"]}]},{"@type":"ImageObject","inLanguage":"pt-BR","@id":"https:\/\/transamerica93.com.br\/home\/escudo-centralizado-e-ondas-site-vaza-suposta-nova-camisa-azul-da-selecao-brasileira\/#primaryimage","url":"https:\/\/transamerica93.com.br\/home\/wp-content\/uploads\/2023\/12\/imagem-16.jpg","contentUrl":"https:\/\/transamerica93.com.br\/home\/wp-content\/uploads\/2023\/12\/imagem-16.jpg","width":866,"height":549,"caption":"Foto: Reprodu\u00e7\u00e3o\/Footy Headlines"},{"@type":"BreadcrumbList","@id":"https:\/\/transamerica93.com.br\/home\/escudo-centralizado-e-ondas-site-vaza-suposta-nova-camisa-azul-da-selecao-brasileira\/#breadcrumb","itemListElement":[{"@type":"ListItem","position":1,"name":"In\u00edcio","item":"https:\/\/transamerica93.com.br\/home\/"},{"@type":"ListItem","position":2,"name":"Escudo centralizado e &#8216;ondas&#8217;: site vaza suposta nova camisa azul da sele\u00e7\u00e3o brasileira"}]},{"@type":"WebSite","@id":"https:\/\/transamerica93.com.br\/home\/#website","url":"https:\/\/transamerica93.com.br\/home\/","name":"Transam\u00e9rica Mococa 93,3","description":"","publisher":{"@id":"https:\/\/transamerica93.com.br\/home\/#organization"},"potentialAction":[{"@type":"SearchAction","target":{"@type":"EntryPoint","urlTemplate":"https:\/\/transamerica93.com.br\/home\/?s={search_term_string}"},"query-input":{"@type":"PropertyValueSpecification","valueRequired":true,"valueName":"search_term_string"}}],"inLanguage":"pt-BR"},{"@type":"Organization","@id":"https:\/\/transamerica93.com.br\/home\/#organization","name":"Transam\u00e9rica Mococa 93,3","url":"https:\/\/transamerica93.com.br\/home\/","logo":{"@type":"ImageObject","inLanguage":"pt-BR","@id":"https:\/\/transamerica93.com.br\/home\/#\/schema\/logo\/image\/","url":"https:\/\/transamerica93.com.br\/home\/wp-content\/uploads\/2023\/10\/logo2.png","contentUrl":"https:\/\/transamerica93.com.br\/home\/wp-content\/uploads\/2023\/10\/logo2.png","width":800,"height":500,"caption":"Transam\u00e9rica Mococa 93,3"},"image":{"@id":"https:\/\/transamerica93.com.br\/home\/#\/schema\/logo\/image\/"},"sameAs":["https:\/\/www.facebook.com\/transamericamococa","https:\/\/x.com\/transamerica933","https:\/\/www.instagram.com\/transamericamococa"]},{"@type":"Person","@id":"https:\/\/transamerica93.com.br\/home\/#\/schema\/person\/7fed7c99c0d4562efa8561bc0f543172","name":"Reda\u00e7\u00e3o","image":{"@type":"ImageObject","inLanguage":"pt-BR","@id":"https:\/\/secure.gravatar.com\/avatar\/1072c6b775fb02ef8506ce967551d95926669a6b7d2c2147b42eea4d7c68395e?s=96&d=mm&r=g","url":"https:\/\/secure.gravatar.com\/avatar\/1072c6b775fb02ef8506ce967551d95926669a6b7d2c2147b42eea4d7c68395e?s=96&d=mm&r=g","contentUrl":"https:\/\/secure.gravatar.com\/avatar\/1072c6b775fb02ef8506ce967551d95926669a6b7d2c2147b42eea4d7c68395e?s=96&d=mm&r=g","caption":"Reda\u00e7\u00e3o"},"sameAs":["https:\/\/transamerica93.com.br\/home"],"url":"https:\/\/transamerica93.com.br\/home\/author\/william\/"}]}},"_links":{"self":[{"href":"https:\/\/transamerica93.com.br\/home\/wp-json\/wp\/v2\/posts\/2147","targetHints":{"allow":["GET"]}}],"collection":[{"href":"https:\/\/transamerica93.com.br\/home\/wp-json\/wp\/v2\/posts"}],"about":[{"href":"https:\/\/transamerica93.com.br\/home\/wp-json\/wp\/v2\/types\/post"}],"author":[{"embeddable":true,"href":"https:\/\/transamerica93.com.br\/home\/wp-json\/wp\/v2\/users\/1"}],"replies":[{"embeddable":true,"href":"https:\/\/transamerica93.com.br\/home\/wp-json\/wp\/v2\/comments?post=2147"}],"version-history":[{"count":1,"href":"https:\/\/transamerica93.com.br\/home\/wp-json\/wp\/v2\/posts\/2147\/revisions"}],"predecessor-version":[{"id":2149,"href":"https:\/\/transamerica93.com.br\/home\/wp-json\/wp\/v2\/posts\/2147\/revisions\/2149"}],"wp:featuredmedia":[{"embeddable":true,"href":"https:\/\/transamerica93.com.br\/home\/wp-json\/wp\/v2\/media\/2148"}],"wp:attachment":[{"href":"https:\/\/transamerica93.com.br\/home\/wp-json\/wp\/v2\/media?parent=2147"}],"wp:term":[{"taxonomy":"category","embeddable":true,"href":"https:\/\/transamerica93.com.br\/home\/wp-json\/wp\/v2\/categories?post=2147"},{"taxonomy":"post_tag","embeddable":true,"href":"https:\/\/transamerica93.com.br\/home\/wp-json\/wp\/v2\/tags?post=2147"}],"curies":[{"name":"wp","href":"https:\/\/api.w.org\/{rel}","templated":true}]}}