{"id":2162,"date":"2023-12-18T09:00:33","date_gmt":"2023-12-18T12:00:33","guid":{"rendered":"https:\/\/transamerica93.com.br\/home\/?p=2162"},"modified":"2023-12-13T17:32:24","modified_gmt":"2023-12-13T20:32:24","slug":"mais-de-47-milhoes-podem-estar-sob-vigilancia-de-reconhecimento-facial","status":"publish","type":"post","link":"https:\/\/transamerica93.com.br\/home\/mais-de-47-milhoes-podem-estar-sob-vigilancia-de-reconhecimento-facial\/","title":{"rendered":"Mais de 47 milh\u00f5es podem estar sob vigil\u00e2ncia de reconhecimento facial"},"content":{"rendered":"<div class=\"post-item-wrap\">\n<p>Estudo do Centro de Estudos de Seguran\u00e7a e Cidadania (Cesec) mostra que 47,6 milh\u00f5es de brasileiros est\u00e3o potencialmente sob vigil\u00e2ncia de c\u00e2meras de reconhecimento facial no pa\u00eds. Isso representa cerca de um quinto da popula\u00e7\u00e3o. O levantamento foi feito com base nos locais onde essa tecnologia est\u00e1 sendo usada.\u00a0<img decoding=\"async\" data-src=\"https:\/\/agenciabrasil.ebc.com.br\/ebc.png?id=1572061&amp;o=node\" src=\"data:image\/svg+xml;base64,PHN2ZyB3aWR0aD0iMSIgaGVpZ2h0PSIxIiB4bWxucz0iaHR0cDovL3d3dy53My5vcmcvMjAwMC9zdmciPjwvc3ZnPg==\" class=\"lazyload\" \/><img decoding=\"async\" data-src=\"https:\/\/agenciabrasil.ebc.com.br\/ebc.gif?id=1572061&amp;o=node\" src=\"data:image\/svg+xml;base64,PHN2ZyB3aWR0aD0iMSIgaGVpZ2h0PSIxIiB4bWxucz0iaHR0cDovL3d3dy53My5vcmcvMjAwMC9zdmciPjwvc3ZnPg==\" class=\"lazyload\" \/><\/p>\n<p>De acordo com o trabalho, h\u00e1 pelo menos 165 de projetos de videomonitoramento com reconhecimento facial. Na Regi\u00e3o Sudeste, segundo o estudo h\u00e1 21,7 milh\u00f5es pessoas sujeitas a essa tecnologia. No Nordeste, s\u00e3o 14,1 milh\u00f5es.<\/p>\n<p>O levantamento mostrou ainda que o estado da Bahia fez o maior investimento na ferramenta (R$ 728 milh\u00f5es). Goi\u00e1s concentra o maior n\u00famero de projetos ativos (64), devido ao fato de que a pol\u00edtica est\u00e1 sendo executada pelos munic\u00edpios.<\/p>\n<p>Segundo a coordenadora do estudo, Thallita Lima, a tecnologia de reconhecimento facial precisa ser mais bem pensada e regulamentada, antes de ser t\u00e3o amplamente utilizada. Ela questionou\u00a0a efici\u00eancia da tecnologia, uma vez que n\u00e3o h\u00e1 efeitos pr\u00e1ticos na redu\u00e7\u00e3o da viol\u00eancia, onde ela tem sido usada.<\/p>\n<p>Al\u00e9m disso, a tecnologia est\u00e1 sujeita a falhas no reconhecimento facial, que pode tanto n\u00e3o reconhecer os suspeitos como tamb\u00e9m lan\u00e7ar suspeitas sobre pessoas inocentes.<\/p>\n<p>\u201cA gente tem estudos, desde 2018, que mostram que as tecnologias de reconhecimento facial s\u00e3o enviesadas e, portanto, vulnerabilizam principalmente grupos minorit\u00e1rios, como pessoas negras, mulheres negras em especial, pessoas n\u00e3o-bin\u00e1rias. Por isso, a gente precisa refletir quais s\u00e3o os riscos quando a gente usa essa tecnologia de forma t\u00e3o ampliada no nosso espa\u00e7o urbano\u201d, explicou\u00a0a pesquisadora.<\/p>\n<p>Al\u00e9m disso, Thallita questiona ainda os gastos necess\u00e1rios para a implanta\u00e7\u00e3o dessa tecnologia, inclusive em cidades pequenas que n\u00e3o enfrentam grandes problemas em rela\u00e7\u00e3o \u00e0 viol\u00eancia.<\/p>\n<p>\u201cA tecnologia de reconhecimento facial, pelos levantamentos, n\u00e3o tem sido eficiente para modificar a experi\u00eancia da inseguran\u00e7a nas cidades e os indicadores de seguran\u00e7a p\u00fablica. E \u00e9 muito cara. Ser\u00e1 que vale a pena investir em algo que a gente sabe que n\u00e3o vai dar certo?\u201d.<\/p>\n<\/div>\n<p class=\"alt-font font-italic my-2 small text-info\">Edi\u00e7\u00e3o: Maria Claudia<\/p>\n","protected":false},"excerpt":{"rendered":"<p>Estudo do Centro de Estudos de Seguran\u00e7a e Cidadania (Cesec) mostra que 47,6 milh\u00f5es de brasileiros est\u00e3o potencialmente sob vigil\u00e2ncia de c\u00e2meras de reconhecimento facial no pa\u00eds. Isso representa cerca de um quinto da popula\u00e7\u00e3o. O levantamento foi feito com base nos locais onde essa tecnologia est\u00e1 sendo usada.\u00a0 De acordo com o trabalho, h\u00e1 &hellip;<\/p>\n","protected":false},"author":1,"featured_media":2163,"comment_status":"closed","ping_status":"closed","sticky":false,"template":"","format":"standard","meta":{"footnotes":""},"categories":[30],"tags":[],"class_list":["post-2162","post","type-post","status-publish","format-standard","has-post-thumbnail","hentry","category-geral"],"yoast_head":"<!-- This site is optimized with the Yoast SEO plugin v27.4 - https:\/\/yoast.com\/product\/yoast-seo-wordpress\/ -->\n<title>Mais de 47 milh\u00f5es podem estar sob vigil\u00e2ncia de reconhecimento facial - Transam\u00e9rica Mococa 93,3<\/title>\n<meta name=\"robots\" content=\"index, follow, max-snippet:-1, max-image-preview:large, max-video-preview:-1\" \/>\n<link rel=\"canonical\" href=\"https:\/\/transamerica93.com.br\/home\/mais-de-47-milhoes-podem-estar-sob-vigilancia-de-reconhecimento-facial\/\" \/>\n<meta property=\"og:locale\" content=\"pt_BR\" \/>\n<meta property=\"og:type\" content=\"article\" \/>\n<meta property=\"og:title\" content=\"Mais de 47 milh\u00f5es podem estar sob vigil\u00e2ncia de reconhecimento facial - Transam\u00e9rica Mococa 93,3\" \/>\n<meta property=\"og:description\" content=\"Estudo do Centro de Estudos de Seguran\u00e7a e Cidadania (Cesec) mostra que 47,6 milh\u00f5es de brasileiros est\u00e3o potencialmente sob vigil\u00e2ncia de c\u00e2meras de reconhecimento facial no pa\u00eds. Isso representa cerca de um quinto da popula\u00e7\u00e3o. O levantamento foi feito com base nos locais onde essa tecnologia est\u00e1 sendo usada.\u00a0 De acordo com o trabalho, h\u00e1 &hellip;\" \/>\n<meta property=\"og:url\" content=\"https:\/\/transamerica93.com.br\/home\/mais-de-47-milhoes-podem-estar-sob-vigilancia-de-reconhecimento-facial\/\" \/>\n<meta property=\"og:site_name\" content=\"Transam\u00e9rica Mococa 93,3\" \/>\n<meta property=\"article:publisher\" content=\"https:\/\/www.facebook.com\/transamericamococa\" \/>\n<meta property=\"article:published_time\" content=\"2023-12-18T12:00:33+00:00\" \/>\n<meta property=\"og:image\" content=\"https:\/\/transamerica93.com.br\/home\/wp-content\/uploads\/2023\/12\/imagem-20.jpg\" \/>\n\t<meta property=\"og:image:width\" content=\"1170\" \/>\n\t<meta property=\"og:image:height\" content=\"700\" \/>\n\t<meta property=\"og:image:type\" content=\"image\/jpeg\" \/>\n<meta name=\"author\" content=\"Reda\u00e7\u00e3o\" \/>\n<meta name=\"twitter:card\" content=\"summary_large_image\" \/>\n<meta name=\"twitter:creator\" content=\"@transamerica933\" \/>\n<meta name=\"twitter:site\" content=\"@transamerica933\" \/>\n<meta name=\"twitter:label1\" content=\"Escrito por\" \/>\n\t<meta name=\"twitter:data1\" content=\"Reda\u00e7\u00e3o\" \/>\n\t<meta name=\"twitter:label2\" content=\"Est. tempo de leitura\" \/>\n\t<meta name=\"twitter:data2\" content=\"3 minutos\" \/>\n<script type=\"application\/ld+json\" class=\"yoast-schema-graph\">{\"@context\":\"https:\\\/\\\/schema.org\",\"@graph\":[{\"@type\":\"Article\",\"@id\":\"https:\\\/\\\/transamerica93.com.br\\\/home\\\/mais-de-47-milhoes-podem-estar-sob-vigilancia-de-reconhecimento-facial\\\/#article\",\"isPartOf\":{\"@id\":\"https:\\\/\\\/transamerica93.com.br\\\/home\\\/mais-de-47-milhoes-podem-estar-sob-vigilancia-de-reconhecimento-facial\\\/\"},\"author\":{\"name\":\"Reda\u00e7\u00e3o\",\"@id\":\"https:\\\/\\\/transamerica93.com.br\\\/home\\\/#\\\/schema\\\/person\\\/7fed7c99c0d4562efa8561bc0f543172\"},\"headline\":\"Mais de 47 milh\u00f5es podem estar sob vigil\u00e2ncia de reconhecimento facial\",\"datePublished\":\"2023-12-18T12:00:33+00:00\",\"mainEntityOfPage\":{\"@id\":\"https:\\\/\\\/transamerica93.com.br\\\/home\\\/mais-de-47-milhoes-podem-estar-sob-vigilancia-de-reconhecimento-facial\\\/\"},\"wordCount\":377,\"publisher\":{\"@id\":\"https:\\\/\\\/transamerica93.com.br\\\/home\\\/#organization\"},\"image\":{\"@id\":\"https:\\\/\\\/transamerica93.com.br\\\/home\\\/mais-de-47-milhoes-podem-estar-sob-vigilancia-de-reconhecimento-facial\\\/#primaryimage\"},\"thumbnailUrl\":\"https:\\\/\\\/transamerica93.com.br\\\/home\\\/wp-content\\\/uploads\\\/2023\\\/12\\\/imagem-20.jpg\",\"articleSection\":[\"Geral\"],\"inLanguage\":\"pt-BR\"},{\"@type\":\"WebPage\",\"@id\":\"https:\\\/\\\/transamerica93.com.br\\\/home\\\/mais-de-47-milhoes-podem-estar-sob-vigilancia-de-reconhecimento-facial\\\/\",\"url\":\"https:\\\/\\\/transamerica93.com.br\\\/home\\\/mais-de-47-milhoes-podem-estar-sob-vigilancia-de-reconhecimento-facial\\\/\",\"name\":\"Mais de 47 milh\u00f5es podem estar sob vigil\u00e2ncia de reconhecimento facial - Transam\u00e9rica Mococa 93,3\",\"isPartOf\":{\"@id\":\"https:\\\/\\\/transamerica93.com.br\\\/home\\\/#website\"},\"primaryImageOfPage\":{\"@id\":\"https:\\\/\\\/transamerica93.com.br\\\/home\\\/mais-de-47-milhoes-podem-estar-sob-vigilancia-de-reconhecimento-facial\\\/#primaryimage\"},\"image\":{\"@id\":\"https:\\\/\\\/transamerica93.com.br\\\/home\\\/mais-de-47-milhoes-podem-estar-sob-vigilancia-de-reconhecimento-facial\\\/#primaryimage\"},\"thumbnailUrl\":\"https:\\\/\\\/transamerica93.com.br\\\/home\\\/wp-content\\\/uploads\\\/2023\\\/12\\\/imagem-20.jpg\",\"datePublished\":\"2023-12-18T12:00:33+00:00\",\"breadcrumb\":{\"@id\":\"https:\\\/\\\/transamerica93.com.br\\\/home\\\/mais-de-47-milhoes-podem-estar-sob-vigilancia-de-reconhecimento-facial\\\/#breadcrumb\"},\"inLanguage\":\"pt-BR\",\"potentialAction\":[{\"@type\":\"ReadAction\",\"target\":[\"https:\\\/\\\/transamerica93.com.br\\\/home\\\/mais-de-47-milhoes-podem-estar-sob-vigilancia-de-reconhecimento-facial\\\/\"]}]},{\"@type\":\"ImageObject\",\"inLanguage\":\"pt-BR\",\"@id\":\"https:\\\/\\\/transamerica93.com.br\\\/home\\\/mais-de-47-milhoes-podem-estar-sob-vigilancia-de-reconhecimento-facial\\\/#primaryimage\",\"url\":\"https:\\\/\\\/transamerica93.com.br\\\/home\\\/wp-content\\\/uploads\\\/2023\\\/12\\\/imagem-20.jpg\",\"contentUrl\":\"https:\\\/\\\/transamerica93.com.br\\\/home\\\/wp-content\\\/uploads\\\/2023\\\/12\\\/imagem-20.jpg\",\"width\":1170,\"height\":700,\"caption\":\"\u00a9 Fernando Fraz\u00e3o\\\/Ag\u00eancia Brasil\"},{\"@type\":\"BreadcrumbList\",\"@id\":\"https:\\\/\\\/transamerica93.com.br\\\/home\\\/mais-de-47-milhoes-podem-estar-sob-vigilancia-de-reconhecimento-facial\\\/#breadcrumb\",\"itemListElement\":[{\"@type\":\"ListItem\",\"position\":1,\"name\":\"In\u00edcio\",\"item\":\"https:\\\/\\\/transamerica93.com.br\\\/home\\\/\"},{\"@type\":\"ListItem\",\"position\":2,\"name\":\"Mais de 47 milh\u00f5es podem estar sob vigil\u00e2ncia de reconhecimento facial\"}]},{\"@type\":\"WebSite\",\"@id\":\"https:\\\/\\\/transamerica93.com.br\\\/home\\\/#website\",\"url\":\"https:\\\/\\\/transamerica93.com.br\\\/home\\\/\",\"name\":\"Transam\u00e9rica Mococa 93,3\",\"description\":\"\",\"publisher\":{\"@id\":\"https:\\\/\\\/transamerica93.com.br\\\/home\\\/#organization\"},\"potentialAction\":[{\"@type\":\"SearchAction\",\"target\":{\"@type\":\"EntryPoint\",\"urlTemplate\":\"https:\\\/\\\/transamerica93.com.br\\\/home\\\/?s={search_term_string}\"},\"query-input\":{\"@type\":\"PropertyValueSpecification\",\"valueRequired\":true,\"valueName\":\"search_term_string\"}}],\"inLanguage\":\"pt-BR\"},{\"@type\":\"Organization\",\"@id\":\"https:\\\/\\\/transamerica93.com.br\\\/home\\\/#organization\",\"name\":\"Transam\u00e9rica Mococa 93,3\",\"url\":\"https:\\\/\\\/transamerica93.com.br\\\/home\\\/\",\"logo\":{\"@type\":\"ImageObject\",\"inLanguage\":\"pt-BR\",\"@id\":\"https:\\\/\\\/transamerica93.com.br\\\/home\\\/#\\\/schema\\\/logo\\\/image\\\/\",\"url\":\"https:\\\/\\\/transamerica93.com.br\\\/home\\\/wp-content\\\/uploads\\\/2023\\\/10\\\/logo2.png\",\"contentUrl\":\"https:\\\/\\\/transamerica93.com.br\\\/home\\\/wp-content\\\/uploads\\\/2023\\\/10\\\/logo2.png\",\"width\":800,\"height\":500,\"caption\":\"Transam\u00e9rica Mococa 93,3\"},\"image\":{\"@id\":\"https:\\\/\\\/transamerica93.com.br\\\/home\\\/#\\\/schema\\\/logo\\\/image\\\/\"},\"sameAs\":[\"https:\\\/\\\/www.facebook.com\\\/transamericamococa\",\"https:\\\/\\\/x.com\\\/transamerica933\",\"https:\\\/\\\/www.instagram.com\\\/transamericamococa\"]},{\"@type\":\"Person\",\"@id\":\"https:\\\/\\\/transamerica93.com.br\\\/home\\\/#\\\/schema\\\/person\\\/7fed7c99c0d4562efa8561bc0f543172\",\"name\":\"Reda\u00e7\u00e3o\",\"image\":{\"@type\":\"ImageObject\",\"inLanguage\":\"pt-BR\",\"@id\":\"https:\\\/\\\/secure.gravatar.com\\\/avatar\\\/1072c6b775fb02ef8506ce967551d95926669a6b7d2c2147b42eea4d7c68395e?s=96&d=mm&r=g\",\"url\":\"https:\\\/\\\/secure.gravatar.com\\\/avatar\\\/1072c6b775fb02ef8506ce967551d95926669a6b7d2c2147b42eea4d7c68395e?s=96&d=mm&r=g\",\"contentUrl\":\"https:\\\/\\\/secure.gravatar.com\\\/avatar\\\/1072c6b775fb02ef8506ce967551d95926669a6b7d2c2147b42eea4d7c68395e?s=96&d=mm&r=g\",\"caption\":\"Reda\u00e7\u00e3o\"},\"sameAs\":[\"https:\\\/\\\/transamerica93.com.br\\\/home\"],\"url\":\"https:\\\/\\\/transamerica93.com.br\\\/home\\\/author\\\/william\\\/\"}]}<\/script>\n<!-- \/ Yoast SEO plugin. -->","yoast_head_json":{"title":"Mais de 47 milh\u00f5es podem estar sob vigil\u00e2ncia de reconhecimento facial - Transam\u00e9rica Mococa 93,3","robots":{"index":"index","follow":"follow","max-snippet":"max-snippet:-1","max-image-preview":"max-image-preview:large","max-video-preview":"max-video-preview:-1"},"canonical":"https:\/\/transamerica93.com.br\/home\/mais-de-47-milhoes-podem-estar-sob-vigilancia-de-reconhecimento-facial\/","og_locale":"pt_BR","og_type":"article","og_title":"Mais de 47 milh\u00f5es podem estar sob vigil\u00e2ncia de reconhecimento facial - Transam\u00e9rica Mococa 93,3","og_description":"Estudo do Centro de Estudos de Seguran\u00e7a e Cidadania (Cesec) mostra que 47,6 milh\u00f5es de brasileiros est\u00e3o potencialmente sob vigil\u00e2ncia de c\u00e2meras de reconhecimento facial no pa\u00eds. Isso representa cerca de um quinto da popula\u00e7\u00e3o. O levantamento foi feito com base nos locais onde essa tecnologia est\u00e1 sendo usada.\u00a0 De acordo com o trabalho, h\u00e1 &hellip;","og_url":"https:\/\/transamerica93.com.br\/home\/mais-de-47-milhoes-podem-estar-sob-vigilancia-de-reconhecimento-facial\/","og_site_name":"Transam\u00e9rica Mococa 93,3","article_publisher":"https:\/\/www.facebook.com\/transamericamococa","article_published_time":"2023-12-18T12:00:33+00:00","og_image":[{"width":1170,"height":700,"url":"https:\/\/transamerica93.com.br\/home\/wp-content\/uploads\/2023\/12\/imagem-20.jpg","type":"image\/jpeg"}],"author":"Reda\u00e7\u00e3o","twitter_card":"summary_large_image","twitter_creator":"@transamerica933","twitter_site":"@transamerica933","twitter_misc":{"Escrito por":"Reda\u00e7\u00e3o","Est. tempo de leitura":"3 minutos"},"schema":{"@context":"https:\/\/schema.org","@graph":[{"@type":"Article","@id":"https:\/\/transamerica93.com.br\/home\/mais-de-47-milhoes-podem-estar-sob-vigilancia-de-reconhecimento-facial\/#article","isPartOf":{"@id":"https:\/\/transamerica93.com.br\/home\/mais-de-47-milhoes-podem-estar-sob-vigilancia-de-reconhecimento-facial\/"},"author":{"name":"Reda\u00e7\u00e3o","@id":"https:\/\/transamerica93.com.br\/home\/#\/schema\/person\/7fed7c99c0d4562efa8561bc0f543172"},"headline":"Mais de 47 milh\u00f5es podem estar sob vigil\u00e2ncia de reconhecimento facial","datePublished":"2023-12-18T12:00:33+00:00","mainEntityOfPage":{"@id":"https:\/\/transamerica93.com.br\/home\/mais-de-47-milhoes-podem-estar-sob-vigilancia-de-reconhecimento-facial\/"},"wordCount":377,"publisher":{"@id":"https:\/\/transamerica93.com.br\/home\/#organization"},"image":{"@id":"https:\/\/transamerica93.com.br\/home\/mais-de-47-milhoes-podem-estar-sob-vigilancia-de-reconhecimento-facial\/#primaryimage"},"thumbnailUrl":"https:\/\/transamerica93.com.br\/home\/wp-content\/uploads\/2023\/12\/imagem-20.jpg","articleSection":["Geral"],"inLanguage":"pt-BR"},{"@type":"WebPage","@id":"https:\/\/transamerica93.com.br\/home\/mais-de-47-milhoes-podem-estar-sob-vigilancia-de-reconhecimento-facial\/","url":"https:\/\/transamerica93.com.br\/home\/mais-de-47-milhoes-podem-estar-sob-vigilancia-de-reconhecimento-facial\/","name":"Mais de 47 milh\u00f5es podem estar sob vigil\u00e2ncia de reconhecimento facial - Transam\u00e9rica Mococa 93,3","isPartOf":{"@id":"https:\/\/transamerica93.com.br\/home\/#website"},"primaryImageOfPage":{"@id":"https:\/\/transamerica93.com.br\/home\/mais-de-47-milhoes-podem-estar-sob-vigilancia-de-reconhecimento-facial\/#primaryimage"},"image":{"@id":"https:\/\/transamerica93.com.br\/home\/mais-de-47-milhoes-podem-estar-sob-vigilancia-de-reconhecimento-facial\/#primaryimage"},"thumbnailUrl":"https:\/\/transamerica93.com.br\/home\/wp-content\/uploads\/2023\/12\/imagem-20.jpg","datePublished":"2023-12-18T12:00:33+00:00","breadcrumb":{"@id":"https:\/\/transamerica93.com.br\/home\/mais-de-47-milhoes-podem-estar-sob-vigilancia-de-reconhecimento-facial\/#breadcrumb"},"inLanguage":"pt-BR","potentialAction":[{"@type":"ReadAction","target":["https:\/\/transamerica93.com.br\/home\/mais-de-47-milhoes-podem-estar-sob-vigilancia-de-reconhecimento-facial\/"]}]},{"@type":"ImageObject","inLanguage":"pt-BR","@id":"https:\/\/transamerica93.com.br\/home\/mais-de-47-milhoes-podem-estar-sob-vigilancia-de-reconhecimento-facial\/#primaryimage","url":"https:\/\/transamerica93.com.br\/home\/wp-content\/uploads\/2023\/12\/imagem-20.jpg","contentUrl":"https:\/\/transamerica93.com.br\/home\/wp-content\/uploads\/2023\/12\/imagem-20.jpg","width":1170,"height":700,"caption":"\u00a9 Fernando Fraz\u00e3o\/Ag\u00eancia Brasil"},{"@type":"BreadcrumbList","@id":"https:\/\/transamerica93.com.br\/home\/mais-de-47-milhoes-podem-estar-sob-vigilancia-de-reconhecimento-facial\/#breadcrumb","itemListElement":[{"@type":"ListItem","position":1,"name":"In\u00edcio","item":"https:\/\/transamerica93.com.br\/home\/"},{"@type":"ListItem","position":2,"name":"Mais de 47 milh\u00f5es podem estar sob vigil\u00e2ncia de reconhecimento facial"}]},{"@type":"WebSite","@id":"https:\/\/transamerica93.com.br\/home\/#website","url":"https:\/\/transamerica93.com.br\/home\/","name":"Transam\u00e9rica Mococa 93,3","description":"","publisher":{"@id":"https:\/\/transamerica93.com.br\/home\/#organization"},"potentialAction":[{"@type":"SearchAction","target":{"@type":"EntryPoint","urlTemplate":"https:\/\/transamerica93.com.br\/home\/?s={search_term_string}"},"query-input":{"@type":"PropertyValueSpecification","valueRequired":true,"valueName":"search_term_string"}}],"inLanguage":"pt-BR"},{"@type":"Organization","@id":"https:\/\/transamerica93.com.br\/home\/#organization","name":"Transam\u00e9rica Mococa 93,3","url":"https:\/\/transamerica93.com.br\/home\/","logo":{"@type":"ImageObject","inLanguage":"pt-BR","@id":"https:\/\/transamerica93.com.br\/home\/#\/schema\/logo\/image\/","url":"https:\/\/transamerica93.com.br\/home\/wp-content\/uploads\/2023\/10\/logo2.png","contentUrl":"https:\/\/transamerica93.com.br\/home\/wp-content\/uploads\/2023\/10\/logo2.png","width":800,"height":500,"caption":"Transam\u00e9rica Mococa 93,3"},"image":{"@id":"https:\/\/transamerica93.com.br\/home\/#\/schema\/logo\/image\/"},"sameAs":["https:\/\/www.facebook.com\/transamericamococa","https:\/\/x.com\/transamerica933","https:\/\/www.instagram.com\/transamericamococa"]},{"@type":"Person","@id":"https:\/\/transamerica93.com.br\/home\/#\/schema\/person\/7fed7c99c0d4562efa8561bc0f543172","name":"Reda\u00e7\u00e3o","image":{"@type":"ImageObject","inLanguage":"pt-BR","@id":"https:\/\/secure.gravatar.com\/avatar\/1072c6b775fb02ef8506ce967551d95926669a6b7d2c2147b42eea4d7c68395e?s=96&d=mm&r=g","url":"https:\/\/secure.gravatar.com\/avatar\/1072c6b775fb02ef8506ce967551d95926669a6b7d2c2147b42eea4d7c68395e?s=96&d=mm&r=g","contentUrl":"https:\/\/secure.gravatar.com\/avatar\/1072c6b775fb02ef8506ce967551d95926669a6b7d2c2147b42eea4d7c68395e?s=96&d=mm&r=g","caption":"Reda\u00e7\u00e3o"},"sameAs":["https:\/\/transamerica93.com.br\/home"],"url":"https:\/\/transamerica93.com.br\/home\/author\/william\/"}]}},"_links":{"self":[{"href":"https:\/\/transamerica93.com.br\/home\/wp-json\/wp\/v2\/posts\/2162","targetHints":{"allow":["GET"]}}],"collection":[{"href":"https:\/\/transamerica93.com.br\/home\/wp-json\/wp\/v2\/posts"}],"about":[{"href":"https:\/\/transamerica93.com.br\/home\/wp-json\/wp\/v2\/types\/post"}],"author":[{"embeddable":true,"href":"https:\/\/transamerica93.com.br\/home\/wp-json\/wp\/v2\/users\/1"}],"replies":[{"embeddable":true,"href":"https:\/\/transamerica93.com.br\/home\/wp-json\/wp\/v2\/comments?post=2162"}],"version-history":[{"count":1,"href":"https:\/\/transamerica93.com.br\/home\/wp-json\/wp\/v2\/posts\/2162\/revisions"}],"predecessor-version":[{"id":2164,"href":"https:\/\/transamerica93.com.br\/home\/wp-json\/wp\/v2\/posts\/2162\/revisions\/2164"}],"wp:featuredmedia":[{"embeddable":true,"href":"https:\/\/transamerica93.com.br\/home\/wp-json\/wp\/v2\/media\/2163"}],"wp:attachment":[{"href":"https:\/\/transamerica93.com.br\/home\/wp-json\/wp\/v2\/media?parent=2162"}],"wp:term":[{"taxonomy":"category","embeddable":true,"href":"https:\/\/transamerica93.com.br\/home\/wp-json\/wp\/v2\/categories?post=2162"},{"taxonomy":"post_tag","embeddable":true,"href":"https:\/\/transamerica93.com.br\/home\/wp-json\/wp\/v2\/tags?post=2162"}],"curies":[{"name":"wp","href":"https:\/\/api.w.org\/{rel}","templated":true}]}}