{"id":2165,"date":"2023-12-14T10:00:38","date_gmt":"2023-12-14T13:00:38","guid":{"rendered":"https:\/\/transamerica93.com.br\/home\/?p=2165"},"modified":"2023-12-13T17:33:22","modified_gmt":"2023-12-13T20:33:22","slug":"stj-nega-recurso-da-cbf-para-manter-ednaldo-rodrigues-na-presidencia","status":"publish","type":"post","link":"https:\/\/transamerica93.com.br\/home\/stj-nega-recurso-da-cbf-para-manter-ednaldo-rodrigues-na-presidencia\/","title":{"rendered":"STJ nega recurso da CBF para manter Ednaldo Rodrigues na presid\u00eancia"},"content":{"rendered":"<div class=\"post-item-wrap\">\n<p>A ministra Maria Thereza de Assis Moura, presidente do Superior Tribunal de Justi\u00e7a (STJ), negou ontem (13) um recurso por meio do qual a Confedera\u00e7\u00e3o Brasileira de Futebol (CBF) buscava reverter o afastamento de presidente da entidade, Ednaldo Rodrigues. <img decoding=\"async\" data-src=\"https:\/\/agenciabrasil.ebc.com.br\/ebc.png?id=1572062&amp;o=node\" src=\"data:image\/svg+xml;base64,PHN2ZyB3aWR0aD0iMSIgaGVpZ2h0PSIxIiB4bWxucz0iaHR0cDovL3d3dy53My5vcmcvMjAwMC9zdmciPjwvc3ZnPg==\" class=\"lazyload\" \/><img decoding=\"async\" data-src=\"https:\/\/agenciabrasil.ebc.com.br\/ebc.gif?id=1572062&amp;o=node\" src=\"data:image\/svg+xml;base64,PHN2ZyB3aWR0aD0iMSIgaGVpZ2h0PSIxIiB4bWxucz0iaHR0cDovL3d3dy53My5vcmcvMjAwMC9zdmciPjwvc3ZnPg==\" class=\"lazyload\" \/><\/p>\n<p>A apela\u00e7\u00e3o foi rejeitada por motivos processuais e n\u00e3o teve o m\u00e9rito analisado. Assis Moura destacou que a CBF \u00e9 uma entidade privada, motivo pelo qual n\u00e3o estaria apta a pedir a suspens\u00e3o de senten\u00e7as judiciais.<\/p>\n<p>A ministra destacou que o direito de requerer uma suspens\u00e3o de liminar ou senten\u00e7a (SLS) \u00e9 exclusiva para casos em que o poder p\u00fablico figura como parte. Ela frisou ainda que a CBF recorreu ao STJ por meio de um pedido de SLS paralelamente a outro recurso, ainda n\u00e3o julgado, impetrado pelo pr\u00f3prio Ednaldo Rodrigues e relatado pelo ministro Ricardo Villas B\u00f4as Cueva.<\/p>\n<p>H\u00e1 de se aguardar as vias recursais regulares, n\u00e3o cabendo SLS no caso, ressaltou a presidente do STJ. &#8220;Como \u00e9 cedi\u00e7o, n\u00e3o \u00e9 vi\u00e1vel o emprego deste instituto como suced\u00e2neo recursal apto a propiciar o exame do acerto ou do desacerto da decis\u00e3o impugnada\u201d, escreveu a ministra.<\/p>\n<h2>Entenda<\/h2>\n<p>Rodrigues foi afastado da presid\u00eancia da CBF na semana passada, por decis\u00e3o do Tribunal de Justi\u00e7a do Rio de Janeiro (TJRJ), que determinou a realiza\u00e7\u00e3o em 30 dias de novas elei\u00e7\u00f5es para a dire\u00e7\u00e3o da entidade.<\/p>\n<p>O afastamento ocorreu depois que a Justi\u00e7a fluminense arquivou uma a\u00e7\u00e3o civil p\u00fablica aberta em 2017, na qual o Minist\u00e9rio P\u00fablico do Rio de Janeiro (MPRJ) havia conseguido anular as elei\u00e7\u00f5es daquele ano, abrindo caminho para Rodrigues conseguir se eleger presidente da CBF.<\/p>\n<p>Agora, o TJRJ reconheceu que o MPRJ n\u00e3o poderia ter atuado no caso, o que anula a elei\u00e7\u00e3o extraordin\u00e1ria que elegeu Rodrigues.<\/p>\n<p>Ao STJ, os advogados da CBF alegaram que a interfer\u00eancia judicial nos cargos de dire\u00e7\u00e3o da entidade coloca em risco o interesse p\u00fablico, por amea\u00e7ar a explora\u00e7\u00e3o econ\u00f4mica e a gest\u00e3o do futebol no Brasil.<\/p>\n<p>Segundo a CBF, o caso pode levar a Federa\u00e7\u00e3o Internacional de Futebol (Fifa) a suspender a entidade brasileira, o que tiraria o Brasil da pr\u00f3xima Copa do Mundo. Isso porque a Fifa, por seu regimento interno, n\u00e3o permite a atua\u00e7\u00e3o regular de entidades nacionais que n\u00e3o demonstrem ter autonomia administrativa.<\/p>\n<\/div>\n<p class=\"alt-font font-italic my-2 small text-info\">Edi\u00e7\u00e3o: Val\u00e9ria Aguiar<\/p>\n","protected":false},"excerpt":{"rendered":"<p>A ministra Maria Thereza de Assis Moura, presidente do Superior Tribunal de Justi\u00e7a (STJ), negou ontem (13) um recurso por meio do qual a Confedera\u00e7\u00e3o Brasileira de Futebol (CBF) buscava reverter o afastamento de presidente da entidade, Ednaldo Rodrigues. A apela\u00e7\u00e3o foi rejeitada por motivos processuais e n\u00e3o teve o m\u00e9rito analisado. Assis Moura destacou &hellip;<\/p>\n","protected":false},"author":1,"featured_media":2138,"comment_status":"closed","ping_status":"closed","sticky":false,"template":"","format":"standard","meta":{"footnotes":""},"categories":[31],"tags":[],"class_list":["post-2165","post","type-post","status-publish","format-standard","has-post-thumbnail","hentry","category-esportes"],"yoast_head":"<!-- This site is optimized with the Yoast SEO plugin v27.4 - https:\/\/yoast.com\/product\/yoast-seo-wordpress\/ -->\n<title>STJ nega recurso da CBF para manter Ednaldo Rodrigues na presid\u00eancia - Transam\u00e9rica Mococa 93,3<\/title>\n<meta name=\"robots\" content=\"index, follow, max-snippet:-1, max-image-preview:large, max-video-preview:-1\" \/>\n<link rel=\"canonical\" href=\"https:\/\/transamerica93.com.br\/home\/stj-nega-recurso-da-cbf-para-manter-ednaldo-rodrigues-na-presidencia\/\" \/>\n<meta property=\"og:locale\" content=\"pt_BR\" \/>\n<meta property=\"og:type\" content=\"article\" \/>\n<meta property=\"og:title\" content=\"STJ nega recurso da CBF para manter Ednaldo Rodrigues na presid\u00eancia - Transam\u00e9rica Mococa 93,3\" \/>\n<meta property=\"og:description\" content=\"A ministra Maria Thereza de Assis Moura, presidente do Superior Tribunal de Justi\u00e7a (STJ), negou ontem (13) um recurso por meio do qual a Confedera\u00e7\u00e3o Brasileira de Futebol (CBF) buscava reverter o afastamento de presidente da entidade, Ednaldo Rodrigues. A apela\u00e7\u00e3o foi rejeitada por motivos processuais e n\u00e3o teve o m\u00e9rito analisado. Assis Moura destacou &hellip;\" \/>\n<meta property=\"og:url\" content=\"https:\/\/transamerica93.com.br\/home\/stj-nega-recurso-da-cbf-para-manter-ednaldo-rodrigues-na-presidencia\/\" \/>\n<meta property=\"og:site_name\" content=\"Transam\u00e9rica Mococa 93,3\" \/>\n<meta property=\"article:publisher\" content=\"https:\/\/www.facebook.com\/transamericamococa\" \/>\n<meta property=\"article:published_time\" content=\"2023-12-14T13:00:38+00:00\" \/>\n<meta property=\"og:image\" content=\"https:\/\/transamerica93.com.br\/home\/wp-content\/uploads\/2023\/12\/imagem-14.jpg\" \/>\n\t<meta property=\"og:image:width\" content=\"1170\" \/>\n\t<meta property=\"og:image:height\" content=\"700\" \/>\n\t<meta property=\"og:image:type\" content=\"image\/jpeg\" \/>\n<meta name=\"author\" content=\"Reda\u00e7\u00e3o\" \/>\n<meta name=\"twitter:card\" content=\"summary_large_image\" \/>\n<meta name=\"twitter:creator\" content=\"@transamerica933\" \/>\n<meta name=\"twitter:site\" content=\"@transamerica933\" \/>\n<meta name=\"twitter:label1\" content=\"Escrito por\" \/>\n\t<meta name=\"twitter:data1\" content=\"Reda\u00e7\u00e3o\" \/>\n\t<meta name=\"twitter:label2\" content=\"Est. tempo de leitura\" \/>\n\t<meta name=\"twitter:data2\" content=\"3 minutos\" \/>\n<script type=\"application\/ld+json\" class=\"yoast-schema-graph\">{\"@context\":\"https:\\\/\\\/schema.org\",\"@graph\":[{\"@type\":\"Article\",\"@id\":\"https:\\\/\\\/transamerica93.com.br\\\/home\\\/stj-nega-recurso-da-cbf-para-manter-ednaldo-rodrigues-na-presidencia\\\/#article\",\"isPartOf\":{\"@id\":\"https:\\\/\\\/transamerica93.com.br\\\/home\\\/stj-nega-recurso-da-cbf-para-manter-ednaldo-rodrigues-na-presidencia\\\/\"},\"author\":{\"name\":\"Reda\u00e7\u00e3o\",\"@id\":\"https:\\\/\\\/transamerica93.com.br\\\/home\\\/#\\\/schema\\\/person\\\/7fed7c99c0d4562efa8561bc0f543172\"},\"headline\":\"STJ nega recurso da CBF para manter Ednaldo Rodrigues na presid\u00eancia\",\"datePublished\":\"2023-12-14T13:00:38+00:00\",\"mainEntityOfPage\":{\"@id\":\"https:\\\/\\\/transamerica93.com.br\\\/home\\\/stj-nega-recurso-da-cbf-para-manter-ednaldo-rodrigues-na-presidencia\\\/\"},\"wordCount\":429,\"publisher\":{\"@id\":\"https:\\\/\\\/transamerica93.com.br\\\/home\\\/#organization\"},\"image\":{\"@id\":\"https:\\\/\\\/transamerica93.com.br\\\/home\\\/stj-nega-recurso-da-cbf-para-manter-ednaldo-rodrigues-na-presidencia\\\/#primaryimage\"},\"thumbnailUrl\":\"https:\\\/\\\/transamerica93.com.br\\\/home\\\/wp-content\\\/uploads\\\/2023\\\/12\\\/imagem-14.jpg\",\"articleSection\":[\"Esportes\"],\"inLanguage\":\"pt-BR\"},{\"@type\":\"WebPage\",\"@id\":\"https:\\\/\\\/transamerica93.com.br\\\/home\\\/stj-nega-recurso-da-cbf-para-manter-ednaldo-rodrigues-na-presidencia\\\/\",\"url\":\"https:\\\/\\\/transamerica93.com.br\\\/home\\\/stj-nega-recurso-da-cbf-para-manter-ednaldo-rodrigues-na-presidencia\\\/\",\"name\":\"STJ nega recurso da CBF para manter Ednaldo Rodrigues na presid\u00eancia - Transam\u00e9rica Mococa 93,3\",\"isPartOf\":{\"@id\":\"https:\\\/\\\/transamerica93.com.br\\\/home\\\/#website\"},\"primaryImageOfPage\":{\"@id\":\"https:\\\/\\\/transamerica93.com.br\\\/home\\\/stj-nega-recurso-da-cbf-para-manter-ednaldo-rodrigues-na-presidencia\\\/#primaryimage\"},\"image\":{\"@id\":\"https:\\\/\\\/transamerica93.com.br\\\/home\\\/stj-nega-recurso-da-cbf-para-manter-ednaldo-rodrigues-na-presidencia\\\/#primaryimage\"},\"thumbnailUrl\":\"https:\\\/\\\/transamerica93.com.br\\\/home\\\/wp-content\\\/uploads\\\/2023\\\/12\\\/imagem-14.jpg\",\"datePublished\":\"2023-12-14T13:00:38+00:00\",\"breadcrumb\":{\"@id\":\"https:\\\/\\\/transamerica93.com.br\\\/home\\\/stj-nega-recurso-da-cbf-para-manter-ednaldo-rodrigues-na-presidencia\\\/#breadcrumb\"},\"inLanguage\":\"pt-BR\",\"potentialAction\":[{\"@type\":\"ReadAction\",\"target\":[\"https:\\\/\\\/transamerica93.com.br\\\/home\\\/stj-nega-recurso-da-cbf-para-manter-ednaldo-rodrigues-na-presidencia\\\/\"]}]},{\"@type\":\"ImageObject\",\"inLanguage\":\"pt-BR\",\"@id\":\"https:\\\/\\\/transamerica93.com.br\\\/home\\\/stj-nega-recurso-da-cbf-para-manter-ednaldo-rodrigues-na-presidencia\\\/#primaryimage\",\"url\":\"https:\\\/\\\/transamerica93.com.br\\\/home\\\/wp-content\\\/uploads\\\/2023\\\/12\\\/imagem-14.jpg\",\"contentUrl\":\"https:\\\/\\\/transamerica93.com.br\\\/home\\\/wp-content\\\/uploads\\\/2023\\\/12\\\/imagem-14.jpg\",\"width\":1170,\"height\":700,\"caption\":\"\u00a9 Jo\u00e9dson Alves\\\/Ag\u00eancia Brasil\"},{\"@type\":\"BreadcrumbList\",\"@id\":\"https:\\\/\\\/transamerica93.com.br\\\/home\\\/stj-nega-recurso-da-cbf-para-manter-ednaldo-rodrigues-na-presidencia\\\/#breadcrumb\",\"itemListElement\":[{\"@type\":\"ListItem\",\"position\":1,\"name\":\"In\u00edcio\",\"item\":\"https:\\\/\\\/transamerica93.com.br\\\/home\\\/\"},{\"@type\":\"ListItem\",\"position\":2,\"name\":\"STJ nega recurso da CBF para manter Ednaldo Rodrigues na presid\u00eancia\"}]},{\"@type\":\"WebSite\",\"@id\":\"https:\\\/\\\/transamerica93.com.br\\\/home\\\/#website\",\"url\":\"https:\\\/\\\/transamerica93.com.br\\\/home\\\/\",\"name\":\"Transam\u00e9rica Mococa 93,3\",\"description\":\"\",\"publisher\":{\"@id\":\"https:\\\/\\\/transamerica93.com.br\\\/home\\\/#organization\"},\"potentialAction\":[{\"@type\":\"SearchAction\",\"target\":{\"@type\":\"EntryPoint\",\"urlTemplate\":\"https:\\\/\\\/transamerica93.com.br\\\/home\\\/?s={search_term_string}\"},\"query-input\":{\"@type\":\"PropertyValueSpecification\",\"valueRequired\":true,\"valueName\":\"search_term_string\"}}],\"inLanguage\":\"pt-BR\"},{\"@type\":\"Organization\",\"@id\":\"https:\\\/\\\/transamerica93.com.br\\\/home\\\/#organization\",\"name\":\"Transam\u00e9rica Mococa 93,3\",\"url\":\"https:\\\/\\\/transamerica93.com.br\\\/home\\\/\",\"logo\":{\"@type\":\"ImageObject\",\"inLanguage\":\"pt-BR\",\"@id\":\"https:\\\/\\\/transamerica93.com.br\\\/home\\\/#\\\/schema\\\/logo\\\/image\\\/\",\"url\":\"https:\\\/\\\/transamerica93.com.br\\\/home\\\/wp-content\\\/uploads\\\/2023\\\/10\\\/logo2.png\",\"contentUrl\":\"https:\\\/\\\/transamerica93.com.br\\\/home\\\/wp-content\\\/uploads\\\/2023\\\/10\\\/logo2.png\",\"width\":800,\"height\":500,\"caption\":\"Transam\u00e9rica Mococa 93,3\"},\"image\":{\"@id\":\"https:\\\/\\\/transamerica93.com.br\\\/home\\\/#\\\/schema\\\/logo\\\/image\\\/\"},\"sameAs\":[\"https:\\\/\\\/www.facebook.com\\\/transamericamococa\",\"https:\\\/\\\/x.com\\\/transamerica933\",\"https:\\\/\\\/www.instagram.com\\\/transamericamococa\"]},{\"@type\":\"Person\",\"@id\":\"https:\\\/\\\/transamerica93.com.br\\\/home\\\/#\\\/schema\\\/person\\\/7fed7c99c0d4562efa8561bc0f543172\",\"name\":\"Reda\u00e7\u00e3o\",\"image\":{\"@type\":\"ImageObject\",\"inLanguage\":\"pt-BR\",\"@id\":\"https:\\\/\\\/secure.gravatar.com\\\/avatar\\\/1072c6b775fb02ef8506ce967551d95926669a6b7d2c2147b42eea4d7c68395e?s=96&d=mm&r=g\",\"url\":\"https:\\\/\\\/secure.gravatar.com\\\/avatar\\\/1072c6b775fb02ef8506ce967551d95926669a6b7d2c2147b42eea4d7c68395e?s=96&d=mm&r=g\",\"contentUrl\":\"https:\\\/\\\/secure.gravatar.com\\\/avatar\\\/1072c6b775fb02ef8506ce967551d95926669a6b7d2c2147b42eea4d7c68395e?s=96&d=mm&r=g\",\"caption\":\"Reda\u00e7\u00e3o\"},\"sameAs\":[\"https:\\\/\\\/transamerica93.com.br\\\/home\"],\"url\":\"https:\\\/\\\/transamerica93.com.br\\\/home\\\/author\\\/william\\\/\"}]}<\/script>\n<!-- \/ Yoast SEO plugin. -->","yoast_head_json":{"title":"STJ nega recurso da CBF para manter Ednaldo Rodrigues na presid\u00eancia - Transam\u00e9rica Mococa 93,3","robots":{"index":"index","follow":"follow","max-snippet":"max-snippet:-1","max-image-preview":"max-image-preview:large","max-video-preview":"max-video-preview:-1"},"canonical":"https:\/\/transamerica93.com.br\/home\/stj-nega-recurso-da-cbf-para-manter-ednaldo-rodrigues-na-presidencia\/","og_locale":"pt_BR","og_type":"article","og_title":"STJ nega recurso da CBF para manter Ednaldo Rodrigues na presid\u00eancia - Transam\u00e9rica Mococa 93,3","og_description":"A ministra Maria Thereza de Assis Moura, presidente do Superior Tribunal de Justi\u00e7a (STJ), negou ontem (13) um recurso por meio do qual a Confedera\u00e7\u00e3o Brasileira de Futebol (CBF) buscava reverter o afastamento de presidente da entidade, Ednaldo Rodrigues. A apela\u00e7\u00e3o foi rejeitada por motivos processuais e n\u00e3o teve o m\u00e9rito analisado. Assis Moura destacou &hellip;","og_url":"https:\/\/transamerica93.com.br\/home\/stj-nega-recurso-da-cbf-para-manter-ednaldo-rodrigues-na-presidencia\/","og_site_name":"Transam\u00e9rica Mococa 93,3","article_publisher":"https:\/\/www.facebook.com\/transamericamococa","article_published_time":"2023-12-14T13:00:38+00:00","og_image":[{"width":1170,"height":700,"url":"https:\/\/transamerica93.com.br\/home\/wp-content\/uploads\/2023\/12\/imagem-14.jpg","type":"image\/jpeg"}],"author":"Reda\u00e7\u00e3o","twitter_card":"summary_large_image","twitter_creator":"@transamerica933","twitter_site":"@transamerica933","twitter_misc":{"Escrito por":"Reda\u00e7\u00e3o","Est. tempo de leitura":"3 minutos"},"schema":{"@context":"https:\/\/schema.org","@graph":[{"@type":"Article","@id":"https:\/\/transamerica93.com.br\/home\/stj-nega-recurso-da-cbf-para-manter-ednaldo-rodrigues-na-presidencia\/#article","isPartOf":{"@id":"https:\/\/transamerica93.com.br\/home\/stj-nega-recurso-da-cbf-para-manter-ednaldo-rodrigues-na-presidencia\/"},"author":{"name":"Reda\u00e7\u00e3o","@id":"https:\/\/transamerica93.com.br\/home\/#\/schema\/person\/7fed7c99c0d4562efa8561bc0f543172"},"headline":"STJ nega recurso da CBF para manter Ednaldo Rodrigues na presid\u00eancia","datePublished":"2023-12-14T13:00:38+00:00","mainEntityOfPage":{"@id":"https:\/\/transamerica93.com.br\/home\/stj-nega-recurso-da-cbf-para-manter-ednaldo-rodrigues-na-presidencia\/"},"wordCount":429,"publisher":{"@id":"https:\/\/transamerica93.com.br\/home\/#organization"},"image":{"@id":"https:\/\/transamerica93.com.br\/home\/stj-nega-recurso-da-cbf-para-manter-ednaldo-rodrigues-na-presidencia\/#primaryimage"},"thumbnailUrl":"https:\/\/transamerica93.com.br\/home\/wp-content\/uploads\/2023\/12\/imagem-14.jpg","articleSection":["Esportes"],"inLanguage":"pt-BR"},{"@type":"WebPage","@id":"https:\/\/transamerica93.com.br\/home\/stj-nega-recurso-da-cbf-para-manter-ednaldo-rodrigues-na-presidencia\/","url":"https:\/\/transamerica93.com.br\/home\/stj-nega-recurso-da-cbf-para-manter-ednaldo-rodrigues-na-presidencia\/","name":"STJ nega recurso da CBF para manter Ednaldo Rodrigues na presid\u00eancia - Transam\u00e9rica Mococa 93,3","isPartOf":{"@id":"https:\/\/transamerica93.com.br\/home\/#website"},"primaryImageOfPage":{"@id":"https:\/\/transamerica93.com.br\/home\/stj-nega-recurso-da-cbf-para-manter-ednaldo-rodrigues-na-presidencia\/#primaryimage"},"image":{"@id":"https:\/\/transamerica93.com.br\/home\/stj-nega-recurso-da-cbf-para-manter-ednaldo-rodrigues-na-presidencia\/#primaryimage"},"thumbnailUrl":"https:\/\/transamerica93.com.br\/home\/wp-content\/uploads\/2023\/12\/imagem-14.jpg","datePublished":"2023-12-14T13:00:38+00:00","breadcrumb":{"@id":"https:\/\/transamerica93.com.br\/home\/stj-nega-recurso-da-cbf-para-manter-ednaldo-rodrigues-na-presidencia\/#breadcrumb"},"inLanguage":"pt-BR","potentialAction":[{"@type":"ReadAction","target":["https:\/\/transamerica93.com.br\/home\/stj-nega-recurso-da-cbf-para-manter-ednaldo-rodrigues-na-presidencia\/"]}]},{"@type":"ImageObject","inLanguage":"pt-BR","@id":"https:\/\/transamerica93.com.br\/home\/stj-nega-recurso-da-cbf-para-manter-ednaldo-rodrigues-na-presidencia\/#primaryimage","url":"https:\/\/transamerica93.com.br\/home\/wp-content\/uploads\/2023\/12\/imagem-14.jpg","contentUrl":"https:\/\/transamerica93.com.br\/home\/wp-content\/uploads\/2023\/12\/imagem-14.jpg","width":1170,"height":700,"caption":"\u00a9 Jo\u00e9dson Alves\/Ag\u00eancia Brasil"},{"@type":"BreadcrumbList","@id":"https:\/\/transamerica93.com.br\/home\/stj-nega-recurso-da-cbf-para-manter-ednaldo-rodrigues-na-presidencia\/#breadcrumb","itemListElement":[{"@type":"ListItem","position":1,"name":"In\u00edcio","item":"https:\/\/transamerica93.com.br\/home\/"},{"@type":"ListItem","position":2,"name":"STJ nega recurso da CBF para manter Ednaldo Rodrigues na presid\u00eancia"}]},{"@type":"WebSite","@id":"https:\/\/transamerica93.com.br\/home\/#website","url":"https:\/\/transamerica93.com.br\/home\/","name":"Transam\u00e9rica Mococa 93,3","description":"","publisher":{"@id":"https:\/\/transamerica93.com.br\/home\/#organization"},"potentialAction":[{"@type":"SearchAction","target":{"@type":"EntryPoint","urlTemplate":"https:\/\/transamerica93.com.br\/home\/?s={search_term_string}"},"query-input":{"@type":"PropertyValueSpecification","valueRequired":true,"valueName":"search_term_string"}}],"inLanguage":"pt-BR"},{"@type":"Organization","@id":"https:\/\/transamerica93.com.br\/home\/#organization","name":"Transam\u00e9rica Mococa 93,3","url":"https:\/\/transamerica93.com.br\/home\/","logo":{"@type":"ImageObject","inLanguage":"pt-BR","@id":"https:\/\/transamerica93.com.br\/home\/#\/schema\/logo\/image\/","url":"https:\/\/transamerica93.com.br\/home\/wp-content\/uploads\/2023\/10\/logo2.png","contentUrl":"https:\/\/transamerica93.com.br\/home\/wp-content\/uploads\/2023\/10\/logo2.png","width":800,"height":500,"caption":"Transam\u00e9rica Mococa 93,3"},"image":{"@id":"https:\/\/transamerica93.com.br\/home\/#\/schema\/logo\/image\/"},"sameAs":["https:\/\/www.facebook.com\/transamericamococa","https:\/\/x.com\/transamerica933","https:\/\/www.instagram.com\/transamericamococa"]},{"@type":"Person","@id":"https:\/\/transamerica93.com.br\/home\/#\/schema\/person\/7fed7c99c0d4562efa8561bc0f543172","name":"Reda\u00e7\u00e3o","image":{"@type":"ImageObject","inLanguage":"pt-BR","@id":"https:\/\/secure.gravatar.com\/avatar\/1072c6b775fb02ef8506ce967551d95926669a6b7d2c2147b42eea4d7c68395e?s=96&d=mm&r=g","url":"https:\/\/secure.gravatar.com\/avatar\/1072c6b775fb02ef8506ce967551d95926669a6b7d2c2147b42eea4d7c68395e?s=96&d=mm&r=g","contentUrl":"https:\/\/secure.gravatar.com\/avatar\/1072c6b775fb02ef8506ce967551d95926669a6b7d2c2147b42eea4d7c68395e?s=96&d=mm&r=g","caption":"Reda\u00e7\u00e3o"},"sameAs":["https:\/\/transamerica93.com.br\/home"],"url":"https:\/\/transamerica93.com.br\/home\/author\/william\/"}]}},"_links":{"self":[{"href":"https:\/\/transamerica93.com.br\/home\/wp-json\/wp\/v2\/posts\/2165","targetHints":{"allow":["GET"]}}],"collection":[{"href":"https:\/\/transamerica93.com.br\/home\/wp-json\/wp\/v2\/posts"}],"about":[{"href":"https:\/\/transamerica93.com.br\/home\/wp-json\/wp\/v2\/types\/post"}],"author":[{"embeddable":true,"href":"https:\/\/transamerica93.com.br\/home\/wp-json\/wp\/v2\/users\/1"}],"replies":[{"embeddable":true,"href":"https:\/\/transamerica93.com.br\/home\/wp-json\/wp\/v2\/comments?post=2165"}],"version-history":[{"count":1,"href":"https:\/\/transamerica93.com.br\/home\/wp-json\/wp\/v2\/posts\/2165\/revisions"}],"predecessor-version":[{"id":2166,"href":"https:\/\/transamerica93.com.br\/home\/wp-json\/wp\/v2\/posts\/2165\/revisions\/2166"}],"wp:featuredmedia":[{"embeddable":true,"href":"https:\/\/transamerica93.com.br\/home\/wp-json\/wp\/v2\/media\/2138"}],"wp:attachment":[{"href":"https:\/\/transamerica93.com.br\/home\/wp-json\/wp\/v2\/media?parent=2165"}],"wp:term":[{"taxonomy":"category","embeddable":true,"href":"https:\/\/transamerica93.com.br\/home\/wp-json\/wp\/v2\/categories?post=2165"},{"taxonomy":"post_tag","embeddable":true,"href":"https:\/\/transamerica93.com.br\/home\/wp-json\/wp\/v2\/tags?post=2165"}],"curies":[{"name":"wp","href":"https:\/\/api.w.org\/{rel}","templated":true}]}}