{"id":2170,"date":"2023-12-18T10:00:39","date_gmt":"2023-12-18T13:00:39","guid":{"rendered":"https:\/\/transamerica93.com.br\/home\/?p=2170"},"modified":"2023-12-13T17:35:36","modified_gmt":"2023-12-13T20:35:36","slug":"ederson-e-um-dos-3-finalistas-ao-premio-de-melhor-goleiro-da-fifa-2023","status":"publish","type":"post","link":"https:\/\/transamerica93.com.br\/home\/ederson-e-um-dos-3-finalistas-ao-premio-de-melhor-goleiro-da-fifa-2023\/","title":{"rendered":"Ederson \u00e9 um dos 3 finalistas ao pr\u00eamio de melhor goleiro da Fifa 2023"},"content":{"rendered":"<p>O brasileiro Ederson, jogador do Manchester City (Inglaterra) e da sele\u00e7\u00e3o brasileira e do Manchester City (Inglaterra), \u00e9 um dos tr\u00eas finalistas ao pr\u00eamio de melhor goleiro masculino do mundo de 2023 da Fifa (The Best 2023), ap\u00f3s vota\u00e7\u00e3o entre treinadores, capit\u00e3es de sele\u00e7\u00f5es nacionais, jornalistas e torcedores. Natural de Osasco (SP), Ederson concorrer\u00e1 com o belga Courtois (Real Madrid) e o marroquino Bono, que h\u00e1 tr\u00eas meses trocou o Sevilha (Espanha) pelo Al-Hilal (Ar\u00e1bia Saudita).<img decoding=\"async\" data-src=\"https:\/\/agenciabrasil.ebc.com.br\/ebc.png?id=1571840&amp;o=node\" src=\"data:image\/svg+xml;base64,PHN2ZyB3aWR0aD0iMSIgaGVpZ2h0PSIxIiB4bWxucz0iaHR0cDovL3d3dy53My5vcmcvMjAwMC9zdmciPjwvc3ZnPg==\" class=\"lazyload\" \/><img decoding=\"async\" data-src=\"https:\/\/agenciabrasil.ebc.com.br\/ebc.gif?id=1571840&amp;o=node\" src=\"data:image\/svg+xml;base64,PHN2ZyB3aWR0aD0iMSIgaGVpZ2h0PSIxIiB4bWxucz0iaHR0cDovL3d3dy53My5vcmcvMjAwMC9zdmciPjwvc3ZnPg==\" class=\"lazyload\" \/><\/p>\n<p>Os tr\u00eas goleiros foram os mais votados entre os cinco indicados pela Fifa em setembro \u2013 tamb\u00e9m estavam na disputa o camaron\u00eas Onana (ex-Inter de Mil\u00e3o e hoje no Manchester United) e o alem\u00e3o Ter Stegen (Barcelona). \u00a0O goleiro vencedor The Best ser\u00e1 anunciado durante cerim\u00f4nia de gala em Londres, em 15 de janeiro de 2024. Na mesma noite ser\u00e3o conhecidos os ganhadores nas\u00a0<a href=\"https:\/\/www.fifa.com\/fifaplus\/pt\/the-best-fifa-football-awards\/articles\/the-best-2023-indicados-anunciados-votacao\"><strong>demais categorias da premia\u00e7\u00e3o<\/strong><\/a>, cujos finalistas ainda ser\u00e3o divulgados pela Fifa.<\/p>\n<div class=\"dnd-widget-wrapper context-cheio_8colunas type-image\">\n<div class=\"dnd-atom-rendered\">\n<div class=\"shadow overflow-hidden rounded-lg d-block w-100\">\n<figure style=\"width: 754px\" class=\"wp-caption alignnone\"><img decoding=\"async\" class=\"flex-fill img-cover lazyload\" title=\"Lucas Figueiredo\/CBF\" data-src=\"https:\/\/imagens.ebc.com.br\/gXOArB0P2wBHsbJkPcETRs-AHyE=\/754x0\/smart\/https:\/\/agenciabrasil.ebc.com.br\/sites\/default\/files\/thumbnails\/image\/ederson_goleiro_selecao_brasileira_0.jpg?itok=zB5X9_1i\" alt=\"Treino da Sele\u00e7\u00e3o Brasileira em Seul - 29\/05\/2022 - Ederson goleiro\" width=\"754\" height=\"503\" src=\"data:image\/svg+xml;base64,PHN2ZyB3aWR0aD0iMSIgaGVpZ2h0PSIxIiB4bWxucz0iaHR0cDovL3d3dy53My5vcmcvMjAwMC9zdmciPjwvc3ZnPg==\" style=\"--smush-placeholder-width: 754px; --smush-placeholder-aspect-ratio: 754\/503;\" \/><figcaption class=\"wp-caption-text\">Ederson se destacou na conquista do t\u00edtulo in\u00e9dito do City na Liga dos Campe\u00f5es (2022\/23):\u00a0\u00a0levou apenas \u00a0tr\u00eas gols em sete jogos da fase eliminat\u00f3ria. O time brit\u00e2nico completou a Tr\u00edplice Coroa ao faturar tamb\u00e9m as ta\u00e7as da Premier League e da Copa da Inglaterra. &#8211; Lucas Figueiredo\/CBF\/Direitos Reservados<\/figcaption><\/figure>\n<\/div>\n<\/div>\n<\/div>\n<p>O per\u00edodo de avalia\u00e7\u00e3o do desempenho dos goleiros se estendeu do dia 19 de dezembro de 2022 at\u00e9 20 de agosto deste ano. Neste per\u00edodo, Ederson se destacou na conquista do t\u00edtulo in\u00e9dito do City na Liga dos Campe\u00f5es (2022\/23):\u00a0levou apenas \u00a0tr\u00eas gols em sete jogos da fase eliminat\u00f3ria. O time brit\u00e2nico\u00a0completou a Tr\u00edplice Coroa ao faturar tamb\u00e9m as\u00a0ta\u00e7as da Premier League e da Copa da Inglaterra.<\/p>\n<p>Tamb\u00e9m nesta ter\u00e7a (12) foram anunciadas as finalistas a melhor goleira do mundo de 2023, no per\u00edodo entre 1\u00ba de agosto de 2022 e o \u00faltimo dia 20 de agosto. As mais votadas foram a \u00a0australiana Mackenzie Arnold (West Ham) a espanhola Catalina Coll (Barcelona), e a brit\u00e2nica Mary Earps (Manchester United).\u00a0 Na lista inicial de indicadas ao pr\u00eamio da Fifa, estavam ainda a alem\u00e3 Ann-Katrin Berger (Chelsea), a chilena Christiane Endler (Lyon), a sueca Zecira Musovic (sele\u00e7\u00e3o da Su\u00e9cia) e a espanhola Sandra Panos (Barcelona).<\/p>\n","protected":false},"excerpt":{"rendered":"<p>O brasileiro Ederson, jogador do Manchester City (Inglaterra) e da sele\u00e7\u00e3o brasileira e do Manchester City (Inglaterra), \u00e9 um dos tr\u00eas finalistas ao pr\u00eamio de melhor goleiro masculino do mundo de 2023 da Fifa (The Best 2023), ap\u00f3s vota\u00e7\u00e3o entre treinadores, capit\u00e3es de sele\u00e7\u00f5es nacionais, jornalistas e torcedores. Natural de Osasco (SP), Ederson concorrer\u00e1 com &hellip;<\/p>\n","protected":false},"author":1,"featured_media":2171,"comment_status":"closed","ping_status":"closed","sticky":false,"template":"","format":"standard","meta":{"footnotes":""},"categories":[31],"tags":[],"class_list":["post-2170","post","type-post","status-publish","format-standard","has-post-thumbnail","hentry","category-esportes"],"yoast_head":"<!-- This site is optimized with the Yoast SEO plugin v27.4 - https:\/\/yoast.com\/product\/yoast-seo-wordpress\/ -->\n<title>Ederson \u00e9 um dos 3 finalistas ao pr\u00eamio de melhor goleiro da Fifa 2023 - Transam\u00e9rica Mococa 93,3<\/title>\n<meta name=\"robots\" content=\"index, follow, max-snippet:-1, max-image-preview:large, max-video-preview:-1\" \/>\n<link rel=\"canonical\" href=\"https:\/\/transamerica93.com.br\/home\/ederson-e-um-dos-3-finalistas-ao-premio-de-melhor-goleiro-da-fifa-2023\/\" \/>\n<meta property=\"og:locale\" content=\"pt_BR\" \/>\n<meta property=\"og:type\" content=\"article\" \/>\n<meta property=\"og:title\" content=\"Ederson \u00e9 um dos 3 finalistas ao pr\u00eamio de melhor goleiro da Fifa 2023 - Transam\u00e9rica Mococa 93,3\" \/>\n<meta property=\"og:description\" content=\"O brasileiro Ederson, jogador do Manchester City (Inglaterra) e da sele\u00e7\u00e3o brasileira e do Manchester City (Inglaterra), \u00e9 um dos tr\u00eas finalistas ao pr\u00eamio de melhor goleiro masculino do mundo de 2023 da Fifa (The Best 2023), ap\u00f3s vota\u00e7\u00e3o entre treinadores, capit\u00e3es de sele\u00e7\u00f5es nacionais, jornalistas e torcedores. Natural de Osasco (SP), Ederson concorrer\u00e1 com &hellip;\" \/>\n<meta property=\"og:url\" content=\"https:\/\/transamerica93.com.br\/home\/ederson-e-um-dos-3-finalistas-ao-premio-de-melhor-goleiro-da-fifa-2023\/\" \/>\n<meta property=\"og:site_name\" content=\"Transam\u00e9rica Mococa 93,3\" \/>\n<meta property=\"article:publisher\" content=\"https:\/\/www.facebook.com\/transamericamococa\" \/>\n<meta property=\"article:published_time\" content=\"2023-12-18T13:00:39+00:00\" \/>\n<meta property=\"og:image\" content=\"https:\/\/transamerica93.com.br\/home\/wp-content\/uploads\/2023\/12\/imagem-22.jpg\" \/>\n\t<meta property=\"og:image:width\" content=\"1170\" \/>\n\t<meta property=\"og:image:height\" content=\"700\" \/>\n\t<meta property=\"og:image:type\" content=\"image\/jpeg\" \/>\n<meta name=\"author\" content=\"Reda\u00e7\u00e3o\" \/>\n<meta name=\"twitter:card\" content=\"summary_large_image\" \/>\n<meta name=\"twitter:creator\" content=\"@transamerica933\" \/>\n<meta name=\"twitter:site\" content=\"@transamerica933\" \/>\n<meta name=\"twitter:label1\" content=\"Escrito por\" \/>\n\t<meta name=\"twitter:data1\" content=\"Reda\u00e7\u00e3o\" \/>\n\t<meta name=\"twitter:label2\" content=\"Est. tempo de leitura\" \/>\n\t<meta name=\"twitter:data2\" content=\"3 minutos\" \/>\n<script type=\"application\/ld+json\" class=\"yoast-schema-graph\">{\"@context\":\"https:\\\/\\\/schema.org\",\"@graph\":[{\"@type\":\"Article\",\"@id\":\"https:\\\/\\\/transamerica93.com.br\\\/home\\\/ederson-e-um-dos-3-finalistas-ao-premio-de-melhor-goleiro-da-fifa-2023\\\/#article\",\"isPartOf\":{\"@id\":\"https:\\\/\\\/transamerica93.com.br\\\/home\\\/ederson-e-um-dos-3-finalistas-ao-premio-de-melhor-goleiro-da-fifa-2023\\\/\"},\"author\":{\"name\":\"Reda\u00e7\u00e3o\",\"@id\":\"https:\\\/\\\/transamerica93.com.br\\\/home\\\/#\\\/schema\\\/person\\\/7fed7c99c0d4562efa8561bc0f543172\"},\"headline\":\"Ederson \u00e9 um dos 3 finalistas ao pr\u00eamio de melhor goleiro da Fifa 2023\",\"datePublished\":\"2023-12-18T13:00:39+00:00\",\"mainEntityOfPage\":{\"@id\":\"https:\\\/\\\/transamerica93.com.br\\\/home\\\/ederson-e-um-dos-3-finalistas-ao-premio-de-melhor-goleiro-da-fifa-2023\\\/\"},\"wordCount\":406,\"publisher\":{\"@id\":\"https:\\\/\\\/transamerica93.com.br\\\/home\\\/#organization\"},\"image\":{\"@id\":\"https:\\\/\\\/transamerica93.com.br\\\/home\\\/ederson-e-um-dos-3-finalistas-ao-premio-de-melhor-goleiro-da-fifa-2023\\\/#primaryimage\"},\"thumbnailUrl\":\"https:\\\/\\\/transamerica93.com.br\\\/home\\\/wp-content\\\/uploads\\\/2023\\\/12\\\/imagem-22.jpg\",\"articleSection\":[\"Esportes\"],\"inLanguage\":\"pt-BR\"},{\"@type\":\"WebPage\",\"@id\":\"https:\\\/\\\/transamerica93.com.br\\\/home\\\/ederson-e-um-dos-3-finalistas-ao-premio-de-melhor-goleiro-da-fifa-2023\\\/\",\"url\":\"https:\\\/\\\/transamerica93.com.br\\\/home\\\/ederson-e-um-dos-3-finalistas-ao-premio-de-melhor-goleiro-da-fifa-2023\\\/\",\"name\":\"Ederson \u00e9 um dos 3 finalistas ao pr\u00eamio de melhor goleiro da Fifa 2023 - Transam\u00e9rica Mococa 93,3\",\"isPartOf\":{\"@id\":\"https:\\\/\\\/transamerica93.com.br\\\/home\\\/#website\"},\"primaryImageOfPage\":{\"@id\":\"https:\\\/\\\/transamerica93.com.br\\\/home\\\/ederson-e-um-dos-3-finalistas-ao-premio-de-melhor-goleiro-da-fifa-2023\\\/#primaryimage\"},\"image\":{\"@id\":\"https:\\\/\\\/transamerica93.com.br\\\/home\\\/ederson-e-um-dos-3-finalistas-ao-premio-de-melhor-goleiro-da-fifa-2023\\\/#primaryimage\"},\"thumbnailUrl\":\"https:\\\/\\\/transamerica93.com.br\\\/home\\\/wp-content\\\/uploads\\\/2023\\\/12\\\/imagem-22.jpg\",\"datePublished\":\"2023-12-18T13:00:39+00:00\",\"breadcrumb\":{\"@id\":\"https:\\\/\\\/transamerica93.com.br\\\/home\\\/ederson-e-um-dos-3-finalistas-ao-premio-de-melhor-goleiro-da-fifa-2023\\\/#breadcrumb\"},\"inLanguage\":\"pt-BR\",\"potentialAction\":[{\"@type\":\"ReadAction\",\"target\":[\"https:\\\/\\\/transamerica93.com.br\\\/home\\\/ederson-e-um-dos-3-finalistas-ao-premio-de-melhor-goleiro-da-fifa-2023\\\/\"]}]},{\"@type\":\"ImageObject\",\"inLanguage\":\"pt-BR\",\"@id\":\"https:\\\/\\\/transamerica93.com.br\\\/home\\\/ederson-e-um-dos-3-finalistas-ao-premio-de-melhor-goleiro-da-fifa-2023\\\/#primaryimage\",\"url\":\"https:\\\/\\\/transamerica93.com.br\\\/home\\\/wp-content\\\/uploads\\\/2023\\\/12\\\/imagem-22.jpg\",\"contentUrl\":\"https:\\\/\\\/transamerica93.com.br\\\/home\\\/wp-content\\\/uploads\\\/2023\\\/12\\\/imagem-22.jpg\",\"width\":1170,\"height\":700,\"caption\":\"\u00a9 fifaworldcup\\\/Instagram\"},{\"@type\":\"BreadcrumbList\",\"@id\":\"https:\\\/\\\/transamerica93.com.br\\\/home\\\/ederson-e-um-dos-3-finalistas-ao-premio-de-melhor-goleiro-da-fifa-2023\\\/#breadcrumb\",\"itemListElement\":[{\"@type\":\"ListItem\",\"position\":1,\"name\":\"In\u00edcio\",\"item\":\"https:\\\/\\\/transamerica93.com.br\\\/home\\\/\"},{\"@type\":\"ListItem\",\"position\":2,\"name\":\"Ederson \u00e9 um dos 3 finalistas ao pr\u00eamio de melhor goleiro da Fifa 2023\"}]},{\"@type\":\"WebSite\",\"@id\":\"https:\\\/\\\/transamerica93.com.br\\\/home\\\/#website\",\"url\":\"https:\\\/\\\/transamerica93.com.br\\\/home\\\/\",\"name\":\"Transam\u00e9rica Mococa 93,3\",\"description\":\"\",\"publisher\":{\"@id\":\"https:\\\/\\\/transamerica93.com.br\\\/home\\\/#organization\"},\"potentialAction\":[{\"@type\":\"SearchAction\",\"target\":{\"@type\":\"EntryPoint\",\"urlTemplate\":\"https:\\\/\\\/transamerica93.com.br\\\/home\\\/?s={search_term_string}\"},\"query-input\":{\"@type\":\"PropertyValueSpecification\",\"valueRequired\":true,\"valueName\":\"search_term_string\"}}],\"inLanguage\":\"pt-BR\"},{\"@type\":\"Organization\",\"@id\":\"https:\\\/\\\/transamerica93.com.br\\\/home\\\/#organization\",\"name\":\"Transam\u00e9rica Mococa 93,3\",\"url\":\"https:\\\/\\\/transamerica93.com.br\\\/home\\\/\",\"logo\":{\"@type\":\"ImageObject\",\"inLanguage\":\"pt-BR\",\"@id\":\"https:\\\/\\\/transamerica93.com.br\\\/home\\\/#\\\/schema\\\/logo\\\/image\\\/\",\"url\":\"https:\\\/\\\/transamerica93.com.br\\\/home\\\/wp-content\\\/uploads\\\/2023\\\/10\\\/logo2.png\",\"contentUrl\":\"https:\\\/\\\/transamerica93.com.br\\\/home\\\/wp-content\\\/uploads\\\/2023\\\/10\\\/logo2.png\",\"width\":800,\"height\":500,\"caption\":\"Transam\u00e9rica Mococa 93,3\"},\"image\":{\"@id\":\"https:\\\/\\\/transamerica93.com.br\\\/home\\\/#\\\/schema\\\/logo\\\/image\\\/\"},\"sameAs\":[\"https:\\\/\\\/www.facebook.com\\\/transamericamococa\",\"https:\\\/\\\/x.com\\\/transamerica933\",\"https:\\\/\\\/www.instagram.com\\\/transamericamococa\"]},{\"@type\":\"Person\",\"@id\":\"https:\\\/\\\/transamerica93.com.br\\\/home\\\/#\\\/schema\\\/person\\\/7fed7c99c0d4562efa8561bc0f543172\",\"name\":\"Reda\u00e7\u00e3o\",\"image\":{\"@type\":\"ImageObject\",\"inLanguage\":\"pt-BR\",\"@id\":\"https:\\\/\\\/secure.gravatar.com\\\/avatar\\\/1072c6b775fb02ef8506ce967551d95926669a6b7d2c2147b42eea4d7c68395e?s=96&d=mm&r=g\",\"url\":\"https:\\\/\\\/secure.gravatar.com\\\/avatar\\\/1072c6b775fb02ef8506ce967551d95926669a6b7d2c2147b42eea4d7c68395e?s=96&d=mm&r=g\",\"contentUrl\":\"https:\\\/\\\/secure.gravatar.com\\\/avatar\\\/1072c6b775fb02ef8506ce967551d95926669a6b7d2c2147b42eea4d7c68395e?s=96&d=mm&r=g\",\"caption\":\"Reda\u00e7\u00e3o\"},\"sameAs\":[\"https:\\\/\\\/transamerica93.com.br\\\/home\"],\"url\":\"https:\\\/\\\/transamerica93.com.br\\\/home\\\/author\\\/william\\\/\"}]}<\/script>\n<!-- \/ Yoast SEO plugin. -->","yoast_head_json":{"title":"Ederson \u00e9 um dos 3 finalistas ao pr\u00eamio de melhor goleiro da Fifa 2023 - Transam\u00e9rica Mococa 93,3","robots":{"index":"index","follow":"follow","max-snippet":"max-snippet:-1","max-image-preview":"max-image-preview:large","max-video-preview":"max-video-preview:-1"},"canonical":"https:\/\/transamerica93.com.br\/home\/ederson-e-um-dos-3-finalistas-ao-premio-de-melhor-goleiro-da-fifa-2023\/","og_locale":"pt_BR","og_type":"article","og_title":"Ederson \u00e9 um dos 3 finalistas ao pr\u00eamio de melhor goleiro da Fifa 2023 - Transam\u00e9rica Mococa 93,3","og_description":"O brasileiro Ederson, jogador do Manchester City (Inglaterra) e da sele\u00e7\u00e3o brasileira e do Manchester City (Inglaterra), \u00e9 um dos tr\u00eas finalistas ao pr\u00eamio de melhor goleiro masculino do mundo de 2023 da Fifa (The Best 2023), ap\u00f3s vota\u00e7\u00e3o entre treinadores, capit\u00e3es de sele\u00e7\u00f5es nacionais, jornalistas e torcedores. Natural de Osasco (SP), Ederson concorrer\u00e1 com &hellip;","og_url":"https:\/\/transamerica93.com.br\/home\/ederson-e-um-dos-3-finalistas-ao-premio-de-melhor-goleiro-da-fifa-2023\/","og_site_name":"Transam\u00e9rica Mococa 93,3","article_publisher":"https:\/\/www.facebook.com\/transamericamococa","article_published_time":"2023-12-18T13:00:39+00:00","og_image":[{"width":1170,"height":700,"url":"https:\/\/transamerica93.com.br\/home\/wp-content\/uploads\/2023\/12\/imagem-22.jpg","type":"image\/jpeg"}],"author":"Reda\u00e7\u00e3o","twitter_card":"summary_large_image","twitter_creator":"@transamerica933","twitter_site":"@transamerica933","twitter_misc":{"Escrito por":"Reda\u00e7\u00e3o","Est. tempo de leitura":"3 minutos"},"schema":{"@context":"https:\/\/schema.org","@graph":[{"@type":"Article","@id":"https:\/\/transamerica93.com.br\/home\/ederson-e-um-dos-3-finalistas-ao-premio-de-melhor-goleiro-da-fifa-2023\/#article","isPartOf":{"@id":"https:\/\/transamerica93.com.br\/home\/ederson-e-um-dos-3-finalistas-ao-premio-de-melhor-goleiro-da-fifa-2023\/"},"author":{"name":"Reda\u00e7\u00e3o","@id":"https:\/\/transamerica93.com.br\/home\/#\/schema\/person\/7fed7c99c0d4562efa8561bc0f543172"},"headline":"Ederson \u00e9 um dos 3 finalistas ao pr\u00eamio de melhor goleiro da Fifa 2023","datePublished":"2023-12-18T13:00:39+00:00","mainEntityOfPage":{"@id":"https:\/\/transamerica93.com.br\/home\/ederson-e-um-dos-3-finalistas-ao-premio-de-melhor-goleiro-da-fifa-2023\/"},"wordCount":406,"publisher":{"@id":"https:\/\/transamerica93.com.br\/home\/#organization"},"image":{"@id":"https:\/\/transamerica93.com.br\/home\/ederson-e-um-dos-3-finalistas-ao-premio-de-melhor-goleiro-da-fifa-2023\/#primaryimage"},"thumbnailUrl":"https:\/\/transamerica93.com.br\/home\/wp-content\/uploads\/2023\/12\/imagem-22.jpg","articleSection":["Esportes"],"inLanguage":"pt-BR"},{"@type":"WebPage","@id":"https:\/\/transamerica93.com.br\/home\/ederson-e-um-dos-3-finalistas-ao-premio-de-melhor-goleiro-da-fifa-2023\/","url":"https:\/\/transamerica93.com.br\/home\/ederson-e-um-dos-3-finalistas-ao-premio-de-melhor-goleiro-da-fifa-2023\/","name":"Ederson \u00e9 um dos 3 finalistas ao pr\u00eamio de melhor goleiro da Fifa 2023 - Transam\u00e9rica Mococa 93,3","isPartOf":{"@id":"https:\/\/transamerica93.com.br\/home\/#website"},"primaryImageOfPage":{"@id":"https:\/\/transamerica93.com.br\/home\/ederson-e-um-dos-3-finalistas-ao-premio-de-melhor-goleiro-da-fifa-2023\/#primaryimage"},"image":{"@id":"https:\/\/transamerica93.com.br\/home\/ederson-e-um-dos-3-finalistas-ao-premio-de-melhor-goleiro-da-fifa-2023\/#primaryimage"},"thumbnailUrl":"https:\/\/transamerica93.com.br\/home\/wp-content\/uploads\/2023\/12\/imagem-22.jpg","datePublished":"2023-12-18T13:00:39+00:00","breadcrumb":{"@id":"https:\/\/transamerica93.com.br\/home\/ederson-e-um-dos-3-finalistas-ao-premio-de-melhor-goleiro-da-fifa-2023\/#breadcrumb"},"inLanguage":"pt-BR","potentialAction":[{"@type":"ReadAction","target":["https:\/\/transamerica93.com.br\/home\/ederson-e-um-dos-3-finalistas-ao-premio-de-melhor-goleiro-da-fifa-2023\/"]}]},{"@type":"ImageObject","inLanguage":"pt-BR","@id":"https:\/\/transamerica93.com.br\/home\/ederson-e-um-dos-3-finalistas-ao-premio-de-melhor-goleiro-da-fifa-2023\/#primaryimage","url":"https:\/\/transamerica93.com.br\/home\/wp-content\/uploads\/2023\/12\/imagem-22.jpg","contentUrl":"https:\/\/transamerica93.com.br\/home\/wp-content\/uploads\/2023\/12\/imagem-22.jpg","width":1170,"height":700,"caption":"\u00a9 fifaworldcup\/Instagram"},{"@type":"BreadcrumbList","@id":"https:\/\/transamerica93.com.br\/home\/ederson-e-um-dos-3-finalistas-ao-premio-de-melhor-goleiro-da-fifa-2023\/#breadcrumb","itemListElement":[{"@type":"ListItem","position":1,"name":"In\u00edcio","item":"https:\/\/transamerica93.com.br\/home\/"},{"@type":"ListItem","position":2,"name":"Ederson \u00e9 um dos 3 finalistas ao pr\u00eamio de melhor goleiro da Fifa 2023"}]},{"@type":"WebSite","@id":"https:\/\/transamerica93.com.br\/home\/#website","url":"https:\/\/transamerica93.com.br\/home\/","name":"Transam\u00e9rica Mococa 93,3","description":"","publisher":{"@id":"https:\/\/transamerica93.com.br\/home\/#organization"},"potentialAction":[{"@type":"SearchAction","target":{"@type":"EntryPoint","urlTemplate":"https:\/\/transamerica93.com.br\/home\/?s={search_term_string}"},"query-input":{"@type":"PropertyValueSpecification","valueRequired":true,"valueName":"search_term_string"}}],"inLanguage":"pt-BR"},{"@type":"Organization","@id":"https:\/\/transamerica93.com.br\/home\/#organization","name":"Transam\u00e9rica Mococa 93,3","url":"https:\/\/transamerica93.com.br\/home\/","logo":{"@type":"ImageObject","inLanguage":"pt-BR","@id":"https:\/\/transamerica93.com.br\/home\/#\/schema\/logo\/image\/","url":"https:\/\/transamerica93.com.br\/home\/wp-content\/uploads\/2023\/10\/logo2.png","contentUrl":"https:\/\/transamerica93.com.br\/home\/wp-content\/uploads\/2023\/10\/logo2.png","width":800,"height":500,"caption":"Transam\u00e9rica Mococa 93,3"},"image":{"@id":"https:\/\/transamerica93.com.br\/home\/#\/schema\/logo\/image\/"},"sameAs":["https:\/\/www.facebook.com\/transamericamococa","https:\/\/x.com\/transamerica933","https:\/\/www.instagram.com\/transamericamococa"]},{"@type":"Person","@id":"https:\/\/transamerica93.com.br\/home\/#\/schema\/person\/7fed7c99c0d4562efa8561bc0f543172","name":"Reda\u00e7\u00e3o","image":{"@type":"ImageObject","inLanguage":"pt-BR","@id":"https:\/\/secure.gravatar.com\/avatar\/1072c6b775fb02ef8506ce967551d95926669a6b7d2c2147b42eea4d7c68395e?s=96&d=mm&r=g","url":"https:\/\/secure.gravatar.com\/avatar\/1072c6b775fb02ef8506ce967551d95926669a6b7d2c2147b42eea4d7c68395e?s=96&d=mm&r=g","contentUrl":"https:\/\/secure.gravatar.com\/avatar\/1072c6b775fb02ef8506ce967551d95926669a6b7d2c2147b42eea4d7c68395e?s=96&d=mm&r=g","caption":"Reda\u00e7\u00e3o"},"sameAs":["https:\/\/transamerica93.com.br\/home"],"url":"https:\/\/transamerica93.com.br\/home\/author\/william\/"}]}},"_links":{"self":[{"href":"https:\/\/transamerica93.com.br\/home\/wp-json\/wp\/v2\/posts\/2170","targetHints":{"allow":["GET"]}}],"collection":[{"href":"https:\/\/transamerica93.com.br\/home\/wp-json\/wp\/v2\/posts"}],"about":[{"href":"https:\/\/transamerica93.com.br\/home\/wp-json\/wp\/v2\/types\/post"}],"author":[{"embeddable":true,"href":"https:\/\/transamerica93.com.br\/home\/wp-json\/wp\/v2\/users\/1"}],"replies":[{"embeddable":true,"href":"https:\/\/transamerica93.com.br\/home\/wp-json\/wp\/v2\/comments?post=2170"}],"version-history":[{"count":1,"href":"https:\/\/transamerica93.com.br\/home\/wp-json\/wp\/v2\/posts\/2170\/revisions"}],"predecessor-version":[{"id":2172,"href":"https:\/\/transamerica93.com.br\/home\/wp-json\/wp\/v2\/posts\/2170\/revisions\/2172"}],"wp:featuredmedia":[{"embeddable":true,"href":"https:\/\/transamerica93.com.br\/home\/wp-json\/wp\/v2\/media\/2171"}],"wp:attachment":[{"href":"https:\/\/transamerica93.com.br\/home\/wp-json\/wp\/v2\/media?parent=2170"}],"wp:term":[{"taxonomy":"category","embeddable":true,"href":"https:\/\/transamerica93.com.br\/home\/wp-json\/wp\/v2\/categories?post=2170"},{"taxonomy":"post_tag","embeddable":true,"href":"https:\/\/transamerica93.com.br\/home\/wp-json\/wp\/v2\/tags?post=2170"}],"curies":[{"name":"wp","href":"https:\/\/api.w.org\/{rel}","templated":true}]}}