{"id":2176,"date":"2023-12-14T11:00:52","date_gmt":"2023-12-14T14:00:52","guid":{"rendered":"https:\/\/transamerica93.com.br\/home\/?p=2176"},"modified":"2023-12-13T17:39:21","modified_gmt":"2023-12-13T20:39:21","slug":"luisa-sonza-lamenta-exposicao-em-serie-em-que-ela-mesma-expoe-cada-detalhe-da-sua-vida","status":"publish","type":"post","link":"https:\/\/transamerica93.com.br\/home\/luisa-sonza-lamenta-exposicao-em-serie-em-que-ela-mesma-expoe-cada-detalhe-da-sua-vida\/","title":{"rendered":"Lu\u00edsa Sonza lamenta exposi\u00e7\u00e3o em s\u00e9rie em que ela mesma exp\u00f5e cada detalhe da sua vida"},"content":{"rendered":"<p>Por Dora Guerra<\/p>\n<p>&#8220;T\u00f4 triste por antecipa\u00e7\u00e3o. Quando sair o document\u00e1rio, o cancelamento que vai vir\u2026&#8221;, comenta Lu\u00edsa. Essa \u00e9 uma das primeiras cenas de\u00a0<i>Se Eu Fosse Lu\u00edsa Sonza<\/i>, s\u00e9rie documental sobre a artista que estreiou na Netflix nesta quarta-feira, 13.<\/p>\n<p>O dilema fica claro j\u00e1 nesse primeiro momento. Lu\u00edsa teme todo o \u00f3dio descabido que recebe, mas responde com mais exposi\u00e7\u00e3o. \u00c9 a grande quest\u00e3o da s\u00e9rie e da carreira dela: o quanto disso \u00e9 saud\u00e1vel?<\/p>\n<p>Alternando entre o passado e o presente,\u00a0<i>Se Eu Fosse Lu\u00edsa Sonza<\/i>\u00a0exp\u00f5e ainda mais a hist\u00f3ria da artista. Conta sobre o grupo musical adolescente Sol Maior, o relacionamento com Whindersson Nunes e entra na carreira solo da cantora. S\u00e3o mostradas grava\u00e7\u00f5es desde a produ\u00e7\u00e3o do disco\u00a0<i>Doce 22<\/i>\u00a0at\u00e9 o lan\u00e7amento de seu \u00e1lbum mais recente,\u00a0<i>Esc\u00e2ndalo \u00cdntimo<\/i><\/p>\n<p>O tom nessa trajet\u00f3ria \u00e9 de dificuldade: mesmo ao abordar a inf\u00e2ncia da cantora, ficam pistas de que houve sofrimento em cada passo.<\/p>\n<p>Lu\u00edsa, que agora tem 25 anos, toca no assunto feminismo e conta que muito do que sofreu foi por ser mulher. Ressalta que, ao se casar com Whindersson ainda jovem, era chamada de interesseira; ao se separar, era chamada de meretriz (para usar um termo suave). De fato, n\u00e3o h\u00e1 justificativa plaus\u00edvel que sustente tudo o que a artista ouviu. A vida dela e da fam\u00edlia j\u00e1 foi amea\u00e7ada por internautas em mais de uma ocasi\u00e3o.<\/p>\n<p>Mas a trajet\u00f3ria de Lu\u00edsa cresceu, tamb\u00e9m, gra\u00e7as ao que ela fez com esse \u00f3dio descabido. &#8220;P*ta, v*gabunda, interesseira&#8221; virou verso de m\u00fasica, entoado por milhares de pessoas. Foi isso que ela transformou em pot\u00eancia, o que at\u00e9 aparece na s\u00e9rie &#8211; rapidamente. &#8220;Eu fazendo meu trabalho, e escutando s\u00f3 besteira&#8221;, canta.<\/p>\n<p>&#8220;Porque quando eu despejo tudo na m\u00fasica, o sofrimento n\u00e3o fica todo em v\u00e3o&#8221;, diz ela. Mas pouco do que Sonza fez criativamente \u00e9 descrito por ela no document\u00e1rio. Boa parte das decis\u00f5es de carreira dela n\u00e3o s\u00e3o sequer mostradas em depoimento da artista, mas de sua equipe.<\/p>\n<p>Na verdade, o document\u00e1rio (que tem epis\u00f3dios intitulados &#8220;O mundo \u00e9 um moinho&#8221;, &#8220;Eu sou minha pr\u00f3pria hater&#8221; e &#8220;Esc\u00e2ndalo \u00cdntimo&#8221;) n\u00e3o se demora muito na m\u00fasica. Mostra o Rivotril que a artista toma, uma sequ\u00eancia excruciante de shows, as ondas de\u00a0<i>hate<\/i>. Talvez a ideia fosse mudar a opini\u00e3o de quem a odeia &#8211; o que geralmente \u00e9 em v\u00e3o -, transformando raiva em piedade.<\/p>\n<p>O resultado \u00e9 um meio do caminho estranho, quase s\u00e1dico. Ficamos em uma encruzilhada como espectadores: devemos admir\u00e1-la ou nos compadecer? Lu\u00edsa foi v\u00edtima de muitas coisas terr\u00edveis, mas n\u00e3o \u00e9 uma coitada. Sofre, mas tem privil\u00e9gios. E tem poder, tem voz, tem palco para responder.<\/p>\n<p>Mas n\u00e3o. Lu\u00edsa \u00e9 mostrada como uma pessoa que quer, mas n\u00e3o consegue sustentar o dedo do meio \u00e0s cr\u00edticas. Aquele que suas refer\u00eancias, de Rita Lee a Madonna, levantaram. E isso mal \u00e9 verdade &#8211; em muitos momentos, Lu\u00edsa optou por enfrentar quem a xinga. Dobrou a aposta, at\u00e9.<\/p>\n<p><i>Se Eu Fosse Lu\u00edsa Sonza<\/i>\u00a0perde a oportunidade de retratar justamente isso: Sonza como agente de si mesma. \u00c9 o oposto de\u00a0<i>Vai Anitta<\/i>, que mostrava uma artista imponente, com poucas vulnerabilidades e muita confian\u00e7a. O document\u00e1rio sobre Lu\u00edsa a desenha como uma passageira quase passiva de sua carreira que, quando mudou a opini\u00e3o p\u00fablica a seu favor, foi por um tweet impulsivo e acidental.<\/p>\n<p>(Simbolicamente, um dos poucos momentos em que a artista n\u00e3o \u00e9 retratada como v\u00edtima \u00e9 quando fala do caso de racismo, sozinha com uma c\u00e2mera de celular. Tem sobriedade e consci\u00eancia na fala, independentemente de saber se o espectador acreditar\u00e1 no que ela diz. \u00c9, finalmente, Lu\u00edsa contando sua narrativa dos fatos).<\/p>\n<p>A produ\u00e7\u00e3o tem a pretens\u00e3o, not\u00e1vel, de abordar todos os assuntos na vida pessoal de Lu\u00edsa. Para tanto, o agora infame relacionamento com Chico Moedas tamb\u00e9m aparece rapidamente.<\/p>\n<p>\u00c9 um momento leve do document\u00e1rio, em que a cantora se alegra sobre seu novo disco e fala de um amor &#8220;inocente, que pode durar pouco&#8221;. Mas at\u00e9 a forma com que isso \u00e9 retratado perde f\u00f4lego: ap\u00f3s as falas da cantora, um\u00a0<i>lettering<\/i>\u00a0anuncia que a can\u00e7\u00e3o\u00a0<i>Chico<\/i>\u00a0era n\u00famero 1 do Pa\u00eds &#8220;quando Chico traiu Lu\u00edsa&#8221; (sic).<\/p>\n<p>\u00c9 um texto branco sob tela preta. Recurso usado na s\u00e9rie para falar do hiato de Lu\u00edsa para cuidar da sa\u00fade mental, a morte de Mar\u00edlia Mendon\u00e7a, a acusa\u00e7\u00e3o de racismo etc. E a trai\u00e7\u00e3o de Chico. Os grandes (e graves) acontecimentos da carreira de Sonza s\u00e3o tratados com o mesmo recurso visual que uma trai\u00e7\u00e3o em um namoro de meses.<\/p>\n<p>E para qu\u00ea? Ao sugerir um momento celebrat\u00f3rio &#8211; as m\u00fasicas e os n\u00fameros do novo \u00e1lbum -, a obra d\u00e1 a entender que Sonza fez sucesso &#8216;apesar de&#8217;. N\u00e3o nos d\u00e1 a chance de v\u00ea-la como uma artista forte, que se consagra &#8216;por causa de&#8217; suas cria\u00e7\u00f5es, quem \u00e9, o que viveu.<\/p>\n<p>Dizem que quando uma artista pop assina um contrato milion\u00e1rio, ela \u00e9 colocada em uma &#8220;gaiola de ouro&#8221;: recebe investimentos alt\u00edssimos rumo ao sucesso, mas perde o poder de decis\u00e3o. Se torna coadjuvante &#8211; e ilustra\u00e7\u00e3o &#8211; de sua pr\u00f3pria carreira. Ao fim do document\u00e1rio, a impress\u00e3o subliminar \u00e9 de que Sonza est\u00e1 presa na gaiola de ouro.<\/p>\n<p>Ela n\u00e3o se sente bem durante as grava\u00e7\u00f5es; n\u00e3o quer fazer tantos shows em sequ\u00eancia, mas faz; n\u00e3o quer aqueles prazos para o \u00e1lbum, mas os segue; nem sequer aparenta querer aquele document\u00e1rio. A gaiola de ouro n\u00e3o costuma ser t\u00e3o transparente<\/p>\n<p>No fim das contas,\u00a0<i>Se Eu Fosse Lu\u00edsa Sonza<\/i>\u00a0\u00e9 um excelente t\u00edtulo. Nem ela parece fazer o que gostaria, se s\u00f3 ela fosse Lu\u00edsa Sonza.<\/p>\n","protected":false},"excerpt":{"rendered":"<p>Por Dora Guerra &#8220;T\u00f4 triste por antecipa\u00e7\u00e3o. Quando sair o document\u00e1rio, o cancelamento que vai vir\u2026&#8221;, comenta Lu\u00edsa. Essa \u00e9 uma das primeiras cenas de\u00a0Se Eu Fosse Lu\u00edsa Sonza, s\u00e9rie documental sobre a artista que estreiou na Netflix nesta quarta-feira, 13. O dilema fica claro j\u00e1 nesse primeiro momento. Lu\u00edsa teme todo o \u00f3dio descabido &hellip;<\/p>\n","protected":false},"author":1,"featured_media":2177,"comment_status":"closed","ping_status":"closed","sticky":false,"template":"","format":"standard","meta":{"footnotes":""},"categories":[25],"tags":[],"class_list":["post-2176","post","type-post","status-publish","format-standard","has-post-thumbnail","hentry","category-musica"],"yoast_head":"<!-- This site is optimized with the Yoast SEO plugin v27.4 - https:\/\/yoast.com\/product\/yoast-seo-wordpress\/ -->\n<title>Lu\u00edsa Sonza lamenta exposi\u00e7\u00e3o em s\u00e9rie em que ela mesma exp\u00f5e cada detalhe da sua vida - Transam\u00e9rica Mococa 93,3<\/title>\n<meta name=\"robots\" content=\"index, follow, max-snippet:-1, max-image-preview:large, max-video-preview:-1\" \/>\n<link rel=\"canonical\" href=\"https:\/\/transamerica93.com.br\/home\/luisa-sonza-lamenta-exposicao-em-serie-em-que-ela-mesma-expoe-cada-detalhe-da-sua-vida\/\" \/>\n<meta property=\"og:locale\" content=\"pt_BR\" \/>\n<meta property=\"og:type\" content=\"article\" \/>\n<meta property=\"og:title\" content=\"Lu\u00edsa Sonza lamenta exposi\u00e7\u00e3o em s\u00e9rie em que ela mesma exp\u00f5e cada detalhe da sua vida - Transam\u00e9rica Mococa 93,3\" \/>\n<meta property=\"og:description\" content=\"Por Dora Guerra &#8220;T\u00f4 triste por antecipa\u00e7\u00e3o. Quando sair o document\u00e1rio, o cancelamento que vai vir\u2026&#8221;, comenta Lu\u00edsa. Essa \u00e9 uma das primeiras cenas de\u00a0Se Eu Fosse Lu\u00edsa Sonza, s\u00e9rie documental sobre a artista que estreiou na Netflix nesta quarta-feira, 13. O dilema fica claro j\u00e1 nesse primeiro momento. Lu\u00edsa teme todo o \u00f3dio descabido &hellip;\" \/>\n<meta property=\"og:url\" content=\"https:\/\/transamerica93.com.br\/home\/luisa-sonza-lamenta-exposicao-em-serie-em-que-ela-mesma-expoe-cada-detalhe-da-sua-vida\/\" \/>\n<meta property=\"og:site_name\" content=\"Transam\u00e9rica Mococa 93,3\" \/>\n<meta property=\"article:publisher\" content=\"https:\/\/www.facebook.com\/transamericamococa\" \/>\n<meta property=\"article:published_time\" content=\"2023-12-14T14:00:52+00:00\" \/>\n<meta property=\"og:image\" content=\"https:\/\/transamerica93.com.br\/home\/wp-content\/uploads\/2023\/12\/imagem-24.jpg\" \/>\n\t<meta property=\"og:image:width\" content=\"1170\" \/>\n\t<meta property=\"og:image:height\" content=\"720\" \/>\n\t<meta property=\"og:image:type\" content=\"image\/jpeg\" \/>\n<meta name=\"author\" content=\"Reda\u00e7\u00e3o\" \/>\n<meta name=\"twitter:card\" content=\"summary_large_image\" \/>\n<meta name=\"twitter:creator\" content=\"@transamerica933\" \/>\n<meta name=\"twitter:site\" content=\"@transamerica933\" \/>\n<meta name=\"twitter:label1\" content=\"Escrito por\" \/>\n\t<meta name=\"twitter:data1\" content=\"Reda\u00e7\u00e3o\" \/>\n\t<meta name=\"twitter:label2\" content=\"Est. tempo de leitura\" \/>\n\t<meta name=\"twitter:data2\" content=\"6 minutos\" \/>\n<script type=\"application\/ld+json\" class=\"yoast-schema-graph\">{\"@context\":\"https:\\\/\\\/schema.org\",\"@graph\":[{\"@type\":\"Article\",\"@id\":\"https:\\\/\\\/transamerica93.com.br\\\/home\\\/luisa-sonza-lamenta-exposicao-em-serie-em-que-ela-mesma-expoe-cada-detalhe-da-sua-vida\\\/#article\",\"isPartOf\":{\"@id\":\"https:\\\/\\\/transamerica93.com.br\\\/home\\\/luisa-sonza-lamenta-exposicao-em-serie-em-que-ela-mesma-expoe-cada-detalhe-da-sua-vida\\\/\"},\"author\":{\"name\":\"Reda\u00e7\u00e3o\",\"@id\":\"https:\\\/\\\/transamerica93.com.br\\\/home\\\/#\\\/schema\\\/person\\\/7fed7c99c0d4562efa8561bc0f543172\"},\"headline\":\"Lu\u00edsa Sonza lamenta exposi\u00e7\u00e3o em s\u00e9rie em que ela mesma exp\u00f5e cada detalhe da sua vida\",\"datePublished\":\"2023-12-14T14:00:52+00:00\",\"mainEntityOfPage\":{\"@id\":\"https:\\\/\\\/transamerica93.com.br\\\/home\\\/luisa-sonza-lamenta-exposicao-em-serie-em-que-ela-mesma-expoe-cada-detalhe-da-sua-vida\\\/\"},\"wordCount\":1056,\"publisher\":{\"@id\":\"https:\\\/\\\/transamerica93.com.br\\\/home\\\/#organization\"},\"image\":{\"@id\":\"https:\\\/\\\/transamerica93.com.br\\\/home\\\/luisa-sonza-lamenta-exposicao-em-serie-em-que-ela-mesma-expoe-cada-detalhe-da-sua-vida\\\/#primaryimage\"},\"thumbnailUrl\":\"https:\\\/\\\/transamerica93.com.br\\\/home\\\/wp-content\\\/uploads\\\/2023\\\/12\\\/imagem-24.jpg\",\"articleSection\":[\"M\u00fasica\"],\"inLanguage\":\"pt-BR\"},{\"@type\":\"WebPage\",\"@id\":\"https:\\\/\\\/transamerica93.com.br\\\/home\\\/luisa-sonza-lamenta-exposicao-em-serie-em-que-ela-mesma-expoe-cada-detalhe-da-sua-vida\\\/\",\"url\":\"https:\\\/\\\/transamerica93.com.br\\\/home\\\/luisa-sonza-lamenta-exposicao-em-serie-em-que-ela-mesma-expoe-cada-detalhe-da-sua-vida\\\/\",\"name\":\"Lu\u00edsa Sonza lamenta exposi\u00e7\u00e3o em s\u00e9rie em que ela mesma exp\u00f5e cada detalhe da sua vida - Transam\u00e9rica Mococa 93,3\",\"isPartOf\":{\"@id\":\"https:\\\/\\\/transamerica93.com.br\\\/home\\\/#website\"},\"primaryImageOfPage\":{\"@id\":\"https:\\\/\\\/transamerica93.com.br\\\/home\\\/luisa-sonza-lamenta-exposicao-em-serie-em-que-ela-mesma-expoe-cada-detalhe-da-sua-vida\\\/#primaryimage\"},\"image\":{\"@id\":\"https:\\\/\\\/transamerica93.com.br\\\/home\\\/luisa-sonza-lamenta-exposicao-em-serie-em-que-ela-mesma-expoe-cada-detalhe-da-sua-vida\\\/#primaryimage\"},\"thumbnailUrl\":\"https:\\\/\\\/transamerica93.com.br\\\/home\\\/wp-content\\\/uploads\\\/2023\\\/12\\\/imagem-24.jpg\",\"datePublished\":\"2023-12-14T14:00:52+00:00\",\"breadcrumb\":{\"@id\":\"https:\\\/\\\/transamerica93.com.br\\\/home\\\/luisa-sonza-lamenta-exposicao-em-serie-em-que-ela-mesma-expoe-cada-detalhe-da-sua-vida\\\/#breadcrumb\"},\"inLanguage\":\"pt-BR\",\"potentialAction\":[{\"@type\":\"ReadAction\",\"target\":[\"https:\\\/\\\/transamerica93.com.br\\\/home\\\/luisa-sonza-lamenta-exposicao-em-serie-em-que-ela-mesma-expoe-cada-detalhe-da-sua-vida\\\/\"]}]},{\"@type\":\"ImageObject\",\"inLanguage\":\"pt-BR\",\"@id\":\"https:\\\/\\\/transamerica93.com.br\\\/home\\\/luisa-sonza-lamenta-exposicao-em-serie-em-que-ela-mesma-expoe-cada-detalhe-da-sua-vida\\\/#primaryimage\",\"url\":\"https:\\\/\\\/transamerica93.com.br\\\/home\\\/wp-content\\\/uploads\\\/2023\\\/12\\\/imagem-24.jpg\",\"contentUrl\":\"https:\\\/\\\/transamerica93.com.br\\\/home\\\/wp-content\\\/uploads\\\/2023\\\/12\\\/imagem-24.jpg\",\"width\":1170,\"height\":720,\"caption\":\"Divulga\u00e7\u00e3o\"},{\"@type\":\"BreadcrumbList\",\"@id\":\"https:\\\/\\\/transamerica93.com.br\\\/home\\\/luisa-sonza-lamenta-exposicao-em-serie-em-que-ela-mesma-expoe-cada-detalhe-da-sua-vida\\\/#breadcrumb\",\"itemListElement\":[{\"@type\":\"ListItem\",\"position\":1,\"name\":\"In\u00edcio\",\"item\":\"https:\\\/\\\/transamerica93.com.br\\\/home\\\/\"},{\"@type\":\"ListItem\",\"position\":2,\"name\":\"Lu\u00edsa Sonza lamenta exposi\u00e7\u00e3o em s\u00e9rie em que ela mesma exp\u00f5e cada detalhe da sua vida\"}]},{\"@type\":\"WebSite\",\"@id\":\"https:\\\/\\\/transamerica93.com.br\\\/home\\\/#website\",\"url\":\"https:\\\/\\\/transamerica93.com.br\\\/home\\\/\",\"name\":\"Transam\u00e9rica Mococa 93,3\",\"description\":\"\",\"publisher\":{\"@id\":\"https:\\\/\\\/transamerica93.com.br\\\/home\\\/#organization\"},\"potentialAction\":[{\"@type\":\"SearchAction\",\"target\":{\"@type\":\"EntryPoint\",\"urlTemplate\":\"https:\\\/\\\/transamerica93.com.br\\\/home\\\/?s={search_term_string}\"},\"query-input\":{\"@type\":\"PropertyValueSpecification\",\"valueRequired\":true,\"valueName\":\"search_term_string\"}}],\"inLanguage\":\"pt-BR\"},{\"@type\":\"Organization\",\"@id\":\"https:\\\/\\\/transamerica93.com.br\\\/home\\\/#organization\",\"name\":\"Transam\u00e9rica Mococa 93,3\",\"url\":\"https:\\\/\\\/transamerica93.com.br\\\/home\\\/\",\"logo\":{\"@type\":\"ImageObject\",\"inLanguage\":\"pt-BR\",\"@id\":\"https:\\\/\\\/transamerica93.com.br\\\/home\\\/#\\\/schema\\\/logo\\\/image\\\/\",\"url\":\"https:\\\/\\\/transamerica93.com.br\\\/home\\\/wp-content\\\/uploads\\\/2023\\\/10\\\/logo2.png\",\"contentUrl\":\"https:\\\/\\\/transamerica93.com.br\\\/home\\\/wp-content\\\/uploads\\\/2023\\\/10\\\/logo2.png\",\"width\":800,\"height\":500,\"caption\":\"Transam\u00e9rica Mococa 93,3\"},\"image\":{\"@id\":\"https:\\\/\\\/transamerica93.com.br\\\/home\\\/#\\\/schema\\\/logo\\\/image\\\/\"},\"sameAs\":[\"https:\\\/\\\/www.facebook.com\\\/transamericamococa\",\"https:\\\/\\\/x.com\\\/transamerica933\",\"https:\\\/\\\/www.instagram.com\\\/transamericamococa\"]},{\"@type\":\"Person\",\"@id\":\"https:\\\/\\\/transamerica93.com.br\\\/home\\\/#\\\/schema\\\/person\\\/7fed7c99c0d4562efa8561bc0f543172\",\"name\":\"Reda\u00e7\u00e3o\",\"image\":{\"@type\":\"ImageObject\",\"inLanguage\":\"pt-BR\",\"@id\":\"https:\\\/\\\/secure.gravatar.com\\\/avatar\\\/1072c6b775fb02ef8506ce967551d95926669a6b7d2c2147b42eea4d7c68395e?s=96&d=mm&r=g\",\"url\":\"https:\\\/\\\/secure.gravatar.com\\\/avatar\\\/1072c6b775fb02ef8506ce967551d95926669a6b7d2c2147b42eea4d7c68395e?s=96&d=mm&r=g\",\"contentUrl\":\"https:\\\/\\\/secure.gravatar.com\\\/avatar\\\/1072c6b775fb02ef8506ce967551d95926669a6b7d2c2147b42eea4d7c68395e?s=96&d=mm&r=g\",\"caption\":\"Reda\u00e7\u00e3o\"},\"sameAs\":[\"https:\\\/\\\/transamerica93.com.br\\\/home\"],\"url\":\"https:\\\/\\\/transamerica93.com.br\\\/home\\\/author\\\/william\\\/\"}]}<\/script>\n<!-- \/ Yoast SEO plugin. -->","yoast_head_json":{"title":"Lu\u00edsa Sonza lamenta exposi\u00e7\u00e3o em s\u00e9rie em que ela mesma exp\u00f5e cada detalhe da sua vida - Transam\u00e9rica Mococa 93,3","robots":{"index":"index","follow":"follow","max-snippet":"max-snippet:-1","max-image-preview":"max-image-preview:large","max-video-preview":"max-video-preview:-1"},"canonical":"https:\/\/transamerica93.com.br\/home\/luisa-sonza-lamenta-exposicao-em-serie-em-que-ela-mesma-expoe-cada-detalhe-da-sua-vida\/","og_locale":"pt_BR","og_type":"article","og_title":"Lu\u00edsa Sonza lamenta exposi\u00e7\u00e3o em s\u00e9rie em que ela mesma exp\u00f5e cada detalhe da sua vida - Transam\u00e9rica Mococa 93,3","og_description":"Por Dora Guerra &#8220;T\u00f4 triste por antecipa\u00e7\u00e3o. Quando sair o document\u00e1rio, o cancelamento que vai vir\u2026&#8221;, comenta Lu\u00edsa. Essa \u00e9 uma das primeiras cenas de\u00a0Se Eu Fosse Lu\u00edsa Sonza, s\u00e9rie documental sobre a artista que estreiou na Netflix nesta quarta-feira, 13. O dilema fica claro j\u00e1 nesse primeiro momento. Lu\u00edsa teme todo o \u00f3dio descabido &hellip;","og_url":"https:\/\/transamerica93.com.br\/home\/luisa-sonza-lamenta-exposicao-em-serie-em-que-ela-mesma-expoe-cada-detalhe-da-sua-vida\/","og_site_name":"Transam\u00e9rica Mococa 93,3","article_publisher":"https:\/\/www.facebook.com\/transamericamococa","article_published_time":"2023-12-14T14:00:52+00:00","og_image":[{"width":1170,"height":720,"url":"https:\/\/transamerica93.com.br\/home\/wp-content\/uploads\/2023\/12\/imagem-24.jpg","type":"image\/jpeg"}],"author":"Reda\u00e7\u00e3o","twitter_card":"summary_large_image","twitter_creator":"@transamerica933","twitter_site":"@transamerica933","twitter_misc":{"Escrito por":"Reda\u00e7\u00e3o","Est. tempo de leitura":"6 minutos"},"schema":{"@context":"https:\/\/schema.org","@graph":[{"@type":"Article","@id":"https:\/\/transamerica93.com.br\/home\/luisa-sonza-lamenta-exposicao-em-serie-em-que-ela-mesma-expoe-cada-detalhe-da-sua-vida\/#article","isPartOf":{"@id":"https:\/\/transamerica93.com.br\/home\/luisa-sonza-lamenta-exposicao-em-serie-em-que-ela-mesma-expoe-cada-detalhe-da-sua-vida\/"},"author":{"name":"Reda\u00e7\u00e3o","@id":"https:\/\/transamerica93.com.br\/home\/#\/schema\/person\/7fed7c99c0d4562efa8561bc0f543172"},"headline":"Lu\u00edsa Sonza lamenta exposi\u00e7\u00e3o em s\u00e9rie em que ela mesma exp\u00f5e cada detalhe da sua vida","datePublished":"2023-12-14T14:00:52+00:00","mainEntityOfPage":{"@id":"https:\/\/transamerica93.com.br\/home\/luisa-sonza-lamenta-exposicao-em-serie-em-que-ela-mesma-expoe-cada-detalhe-da-sua-vida\/"},"wordCount":1056,"publisher":{"@id":"https:\/\/transamerica93.com.br\/home\/#organization"},"image":{"@id":"https:\/\/transamerica93.com.br\/home\/luisa-sonza-lamenta-exposicao-em-serie-em-que-ela-mesma-expoe-cada-detalhe-da-sua-vida\/#primaryimage"},"thumbnailUrl":"https:\/\/transamerica93.com.br\/home\/wp-content\/uploads\/2023\/12\/imagem-24.jpg","articleSection":["M\u00fasica"],"inLanguage":"pt-BR"},{"@type":"WebPage","@id":"https:\/\/transamerica93.com.br\/home\/luisa-sonza-lamenta-exposicao-em-serie-em-que-ela-mesma-expoe-cada-detalhe-da-sua-vida\/","url":"https:\/\/transamerica93.com.br\/home\/luisa-sonza-lamenta-exposicao-em-serie-em-que-ela-mesma-expoe-cada-detalhe-da-sua-vida\/","name":"Lu\u00edsa Sonza lamenta exposi\u00e7\u00e3o em s\u00e9rie em que ela mesma exp\u00f5e cada detalhe da sua vida - Transam\u00e9rica Mococa 93,3","isPartOf":{"@id":"https:\/\/transamerica93.com.br\/home\/#website"},"primaryImageOfPage":{"@id":"https:\/\/transamerica93.com.br\/home\/luisa-sonza-lamenta-exposicao-em-serie-em-que-ela-mesma-expoe-cada-detalhe-da-sua-vida\/#primaryimage"},"image":{"@id":"https:\/\/transamerica93.com.br\/home\/luisa-sonza-lamenta-exposicao-em-serie-em-que-ela-mesma-expoe-cada-detalhe-da-sua-vida\/#primaryimage"},"thumbnailUrl":"https:\/\/transamerica93.com.br\/home\/wp-content\/uploads\/2023\/12\/imagem-24.jpg","datePublished":"2023-12-14T14:00:52+00:00","breadcrumb":{"@id":"https:\/\/transamerica93.com.br\/home\/luisa-sonza-lamenta-exposicao-em-serie-em-que-ela-mesma-expoe-cada-detalhe-da-sua-vida\/#breadcrumb"},"inLanguage":"pt-BR","potentialAction":[{"@type":"ReadAction","target":["https:\/\/transamerica93.com.br\/home\/luisa-sonza-lamenta-exposicao-em-serie-em-que-ela-mesma-expoe-cada-detalhe-da-sua-vida\/"]}]},{"@type":"ImageObject","inLanguage":"pt-BR","@id":"https:\/\/transamerica93.com.br\/home\/luisa-sonza-lamenta-exposicao-em-serie-em-que-ela-mesma-expoe-cada-detalhe-da-sua-vida\/#primaryimage","url":"https:\/\/transamerica93.com.br\/home\/wp-content\/uploads\/2023\/12\/imagem-24.jpg","contentUrl":"https:\/\/transamerica93.com.br\/home\/wp-content\/uploads\/2023\/12\/imagem-24.jpg","width":1170,"height":720,"caption":"Divulga\u00e7\u00e3o"},{"@type":"BreadcrumbList","@id":"https:\/\/transamerica93.com.br\/home\/luisa-sonza-lamenta-exposicao-em-serie-em-que-ela-mesma-expoe-cada-detalhe-da-sua-vida\/#breadcrumb","itemListElement":[{"@type":"ListItem","position":1,"name":"In\u00edcio","item":"https:\/\/transamerica93.com.br\/home\/"},{"@type":"ListItem","position":2,"name":"Lu\u00edsa Sonza lamenta exposi\u00e7\u00e3o em s\u00e9rie em que ela mesma exp\u00f5e cada detalhe da sua vida"}]},{"@type":"WebSite","@id":"https:\/\/transamerica93.com.br\/home\/#website","url":"https:\/\/transamerica93.com.br\/home\/","name":"Transam\u00e9rica Mococa 93,3","description":"","publisher":{"@id":"https:\/\/transamerica93.com.br\/home\/#organization"},"potentialAction":[{"@type":"SearchAction","target":{"@type":"EntryPoint","urlTemplate":"https:\/\/transamerica93.com.br\/home\/?s={search_term_string}"},"query-input":{"@type":"PropertyValueSpecification","valueRequired":true,"valueName":"search_term_string"}}],"inLanguage":"pt-BR"},{"@type":"Organization","@id":"https:\/\/transamerica93.com.br\/home\/#organization","name":"Transam\u00e9rica Mococa 93,3","url":"https:\/\/transamerica93.com.br\/home\/","logo":{"@type":"ImageObject","inLanguage":"pt-BR","@id":"https:\/\/transamerica93.com.br\/home\/#\/schema\/logo\/image\/","url":"https:\/\/transamerica93.com.br\/home\/wp-content\/uploads\/2023\/10\/logo2.png","contentUrl":"https:\/\/transamerica93.com.br\/home\/wp-content\/uploads\/2023\/10\/logo2.png","width":800,"height":500,"caption":"Transam\u00e9rica Mococa 93,3"},"image":{"@id":"https:\/\/transamerica93.com.br\/home\/#\/schema\/logo\/image\/"},"sameAs":["https:\/\/www.facebook.com\/transamericamococa","https:\/\/x.com\/transamerica933","https:\/\/www.instagram.com\/transamericamococa"]},{"@type":"Person","@id":"https:\/\/transamerica93.com.br\/home\/#\/schema\/person\/7fed7c99c0d4562efa8561bc0f543172","name":"Reda\u00e7\u00e3o","image":{"@type":"ImageObject","inLanguage":"pt-BR","@id":"https:\/\/secure.gravatar.com\/avatar\/1072c6b775fb02ef8506ce967551d95926669a6b7d2c2147b42eea4d7c68395e?s=96&d=mm&r=g","url":"https:\/\/secure.gravatar.com\/avatar\/1072c6b775fb02ef8506ce967551d95926669a6b7d2c2147b42eea4d7c68395e?s=96&d=mm&r=g","contentUrl":"https:\/\/secure.gravatar.com\/avatar\/1072c6b775fb02ef8506ce967551d95926669a6b7d2c2147b42eea4d7c68395e?s=96&d=mm&r=g","caption":"Reda\u00e7\u00e3o"},"sameAs":["https:\/\/transamerica93.com.br\/home"],"url":"https:\/\/transamerica93.com.br\/home\/author\/william\/"}]}},"_links":{"self":[{"href":"https:\/\/transamerica93.com.br\/home\/wp-json\/wp\/v2\/posts\/2176","targetHints":{"allow":["GET"]}}],"collection":[{"href":"https:\/\/transamerica93.com.br\/home\/wp-json\/wp\/v2\/posts"}],"about":[{"href":"https:\/\/transamerica93.com.br\/home\/wp-json\/wp\/v2\/types\/post"}],"author":[{"embeddable":true,"href":"https:\/\/transamerica93.com.br\/home\/wp-json\/wp\/v2\/users\/1"}],"replies":[{"embeddable":true,"href":"https:\/\/transamerica93.com.br\/home\/wp-json\/wp\/v2\/comments?post=2176"}],"version-history":[{"count":1,"href":"https:\/\/transamerica93.com.br\/home\/wp-json\/wp\/v2\/posts\/2176\/revisions"}],"predecessor-version":[{"id":2178,"href":"https:\/\/transamerica93.com.br\/home\/wp-json\/wp\/v2\/posts\/2176\/revisions\/2178"}],"wp:featuredmedia":[{"embeddable":true,"href":"https:\/\/transamerica93.com.br\/home\/wp-json\/wp\/v2\/media\/2177"}],"wp:attachment":[{"href":"https:\/\/transamerica93.com.br\/home\/wp-json\/wp\/v2\/media?parent=2176"}],"wp:term":[{"taxonomy":"category","embeddable":true,"href":"https:\/\/transamerica93.com.br\/home\/wp-json\/wp\/v2\/categories?post=2176"},{"taxonomy":"post_tag","embeddable":true,"href":"https:\/\/transamerica93.com.br\/home\/wp-json\/wp\/v2\/tags?post=2176"}],"curies":[{"name":"wp","href":"https:\/\/api.w.org\/{rel}","templated":true}]}}