{"id":2185,"date":"2023-12-15T12:00:08","date_gmt":"2023-12-15T15:00:08","guid":{"rendered":"https:\/\/transamerica93.com.br\/home\/?p=2185"},"modified":"2023-12-13T17:44:47","modified_gmt":"2023-12-13T20:44:47","slug":"suzana-werner-afirma-que-pagou-pela-festa-de-casamento-com-julio-cesar","status":"publish","type":"post","link":"https:\/\/transamerica93.com.br\/home\/suzana-werner-afirma-que-pagou-pela-festa-de-casamento-com-julio-cesar\/","title":{"rendered":"Suzana Werner afirma que pagou pela festa de casamento com J\u00falio C\u00e9sar"},"content":{"rendered":"<div id=\"Corpo\">\n<h6 class=\"Assina\">Por Reda\u00e7\u00e3o E+<\/h6>\n<p>Suzana Werner deu mais detalhes de seu relacionamento com J\u00falio C\u00e9sar, que passa por um t\u00e9rmino conturbado, anunciado no domingo, 10. Em post do Instagram feito na \u00faltima ter\u00e7a, 12, a apresentadora afirmou que ela pagou pela festa de casamento com o ex-jogador, realizada em 2002.<\/p>\n<p>&#8220;Sim, casamos com comunh\u00e3o parcial de bens. N\u00e3o, ele n\u00e3o tinha nada antes do casamento. Sim, come\u00e7amos morando em minha casa e sim paguei nosso casamento. Sim, o dinheiro que constru\u00edmos juntos \u00e9 nosso!&#8221;, escreveu.<\/p>\n<p>&#8220;Tenho um cart\u00e3o, super v\u00e1lido, com um limite justo utilizado todos os meses e sou enormemente grata por isso, mas n\u00e3o tenho dinheiro para pagar um advogado e me tirar dessa situa\u00e7\u00e3o. O acesso ao dinheiro do casal \u2026 voc\u00eas sabem bem e obviamente est\u00e1 me sendo dificultado. Nem a mesada do m\u00eas eu recebi e hoje j\u00e1 s\u00e3o 12 de dezembro&#8221;. Suzana completa: &#8220;Seria isso c\u00e1rcere privado de rico? Abuso patrimonial \u00e9 isso, para quem ainda n\u00e3o entendeu&#8221;, escreveu.<\/p>\n<p>Na mesma postagem, ela afirmou que n\u00e3o daria entrevistas sobre o caso. Posteriormente, deletou a publica\u00e7\u00e3o e fez outra, com a legenda: &#8220;Devido a nossa sa\u00fade mental&#8230; vou retirar do ar o que escrevi. Deus h\u00e1 de resolver tudo&#8221;.<\/p>\n<p>O pr\u00f3prio J\u00falio Cesar j\u00e1 havia afirmado, em entrevista ao programa\u00a0<i>Me Poupe Show<\/i>, da Rede TV, em 2021, que as despesas da festa de casamento foram pagas pela ent\u00e3o esposa. &#8220;No come\u00e7o, a Susana me emprestava o dinheiro. Ela pagou o casamento. Eu fiquei devendo dinheiro a ela. Somos um casal de boa cabe\u00e7a. Sempre fui o homem da casa e um grande poupador. Mas nunca soube investir o que guardava&#8221;, explicou.<\/div>\n","protected":false},"excerpt":{"rendered":"<p>Por Reda\u00e7\u00e3o E+ Suzana Werner deu mais detalhes de seu relacionamento com J\u00falio C\u00e9sar, que passa por um t\u00e9rmino conturbado, anunciado no domingo, 10. Em post do Instagram feito na \u00faltima ter\u00e7a, 12, a apresentadora afirmou que ela pagou pela festa de casamento com o ex-jogador, realizada em 2002. &#8220;Sim, casamos com comunh\u00e3o parcial de &hellip;<\/p>\n","protected":false},"author":1,"featured_media":2129,"comment_status":"closed","ping_status":"closed","sticky":false,"template":"","format":"standard","meta":{"footnotes":""},"categories":[24],"tags":[],"class_list":["post-2185","post","type-post","status-publish","format-standard","has-post-thumbnail","hentry","category-entretenimento"],"yoast_head":"<!-- This site is optimized with the Yoast SEO plugin v27.4 - https:\/\/yoast.com\/product\/yoast-seo-wordpress\/ -->\n<title>Suzana Werner afirma que pagou pela festa de casamento com J\u00falio C\u00e9sar - Transam\u00e9rica Mococa 93,3<\/title>\n<meta name=\"robots\" content=\"index, follow, max-snippet:-1, max-image-preview:large, max-video-preview:-1\" \/>\n<link rel=\"canonical\" href=\"https:\/\/transamerica93.com.br\/home\/suzana-werner-afirma-que-pagou-pela-festa-de-casamento-com-julio-cesar\/\" \/>\n<meta property=\"og:locale\" content=\"pt_BR\" \/>\n<meta property=\"og:type\" content=\"article\" \/>\n<meta property=\"og:title\" content=\"Suzana Werner afirma que pagou pela festa de casamento com J\u00falio C\u00e9sar - Transam\u00e9rica Mococa 93,3\" \/>\n<meta property=\"og:description\" content=\"Por Reda\u00e7\u00e3o E+ Suzana Werner deu mais detalhes de seu relacionamento com J\u00falio C\u00e9sar, que passa por um t\u00e9rmino conturbado, anunciado no domingo, 10. Em post do Instagram feito na \u00faltima ter\u00e7a, 12, a apresentadora afirmou que ela pagou pela festa de casamento com o ex-jogador, realizada em 2002. &#8220;Sim, casamos com comunh\u00e3o parcial de &hellip;\" \/>\n<meta property=\"og:url\" content=\"https:\/\/transamerica93.com.br\/home\/suzana-werner-afirma-que-pagou-pela-festa-de-casamento-com-julio-cesar\/\" \/>\n<meta property=\"og:site_name\" content=\"Transam\u00e9rica Mococa 93,3\" \/>\n<meta property=\"article:publisher\" content=\"https:\/\/www.facebook.com\/transamericamococa\" \/>\n<meta property=\"article:published_time\" content=\"2023-12-15T15:00:08+00:00\" \/>\n<meta property=\"og:image\" content=\"https:\/\/transamerica93.com.br\/home\/wp-content\/uploads\/2023\/12\/imagem-11.jpg\" \/>\n\t<meta property=\"og:image:width\" content=\"866\" \/>\n\t<meta property=\"og:image:height\" content=\"549\" \/>\n\t<meta property=\"og:image:type\" content=\"image\/jpeg\" \/>\n<meta name=\"author\" content=\"Reda\u00e7\u00e3o\" \/>\n<meta name=\"twitter:card\" content=\"summary_large_image\" \/>\n<meta name=\"twitter:creator\" content=\"@transamerica933\" \/>\n<meta name=\"twitter:site\" content=\"@transamerica933\" \/>\n<meta name=\"twitter:label1\" content=\"Escrito por\" \/>\n\t<meta name=\"twitter:data1\" content=\"Reda\u00e7\u00e3o\" \/>\n\t<meta name=\"twitter:label2\" content=\"Est. tempo de leitura\" \/>\n\t<meta name=\"twitter:data2\" content=\"2 minutos\" \/>\n<script type=\"application\/ld+json\" class=\"yoast-schema-graph\">{\"@context\":\"https:\\\/\\\/schema.org\",\"@graph\":[{\"@type\":\"Article\",\"@id\":\"https:\\\/\\\/transamerica93.com.br\\\/home\\\/suzana-werner-afirma-que-pagou-pela-festa-de-casamento-com-julio-cesar\\\/#article\",\"isPartOf\":{\"@id\":\"https:\\\/\\\/transamerica93.com.br\\\/home\\\/suzana-werner-afirma-que-pagou-pela-festa-de-casamento-com-julio-cesar\\\/\"},\"author\":{\"name\":\"Reda\u00e7\u00e3o\",\"@id\":\"https:\\\/\\\/transamerica93.com.br\\\/home\\\/#\\\/schema\\\/person\\\/7fed7c99c0d4562efa8561bc0f543172\"},\"headline\":\"Suzana Werner afirma que pagou pela festa de casamento com J\u00falio C\u00e9sar\",\"datePublished\":\"2023-12-15T15:00:08+00:00\",\"mainEntityOfPage\":{\"@id\":\"https:\\\/\\\/transamerica93.com.br\\\/home\\\/suzana-werner-afirma-que-pagou-pela-festa-de-casamento-com-julio-cesar\\\/\"},\"wordCount\":309,\"publisher\":{\"@id\":\"https:\\\/\\\/transamerica93.com.br\\\/home\\\/#organization\"},\"image\":{\"@id\":\"https:\\\/\\\/transamerica93.com.br\\\/home\\\/suzana-werner-afirma-que-pagou-pela-festa-de-casamento-com-julio-cesar\\\/#primaryimage\"},\"thumbnailUrl\":\"https:\\\/\\\/transamerica93.com.br\\\/home\\\/wp-content\\\/uploads\\\/2023\\\/12\\\/imagem-11.jpg\",\"articleSection\":[\"Entretenimento\"],\"inLanguage\":\"pt-BR\"},{\"@type\":\"WebPage\",\"@id\":\"https:\\\/\\\/transamerica93.com.br\\\/home\\\/suzana-werner-afirma-que-pagou-pela-festa-de-casamento-com-julio-cesar\\\/\",\"url\":\"https:\\\/\\\/transamerica93.com.br\\\/home\\\/suzana-werner-afirma-que-pagou-pela-festa-de-casamento-com-julio-cesar\\\/\",\"name\":\"Suzana Werner afirma que pagou pela festa de casamento com J\u00falio C\u00e9sar - Transam\u00e9rica Mococa 93,3\",\"isPartOf\":{\"@id\":\"https:\\\/\\\/transamerica93.com.br\\\/home\\\/#website\"},\"primaryImageOfPage\":{\"@id\":\"https:\\\/\\\/transamerica93.com.br\\\/home\\\/suzana-werner-afirma-que-pagou-pela-festa-de-casamento-com-julio-cesar\\\/#primaryimage\"},\"image\":{\"@id\":\"https:\\\/\\\/transamerica93.com.br\\\/home\\\/suzana-werner-afirma-que-pagou-pela-festa-de-casamento-com-julio-cesar\\\/#primaryimage\"},\"thumbnailUrl\":\"https:\\\/\\\/transamerica93.com.br\\\/home\\\/wp-content\\\/uploads\\\/2023\\\/12\\\/imagem-11.jpg\",\"datePublished\":\"2023-12-15T15:00:08+00:00\",\"breadcrumb\":{\"@id\":\"https:\\\/\\\/transamerica93.com.br\\\/home\\\/suzana-werner-afirma-que-pagou-pela-festa-de-casamento-com-julio-cesar\\\/#breadcrumb\"},\"inLanguage\":\"pt-BR\",\"potentialAction\":[{\"@type\":\"ReadAction\",\"target\":[\"https:\\\/\\\/transamerica93.com.br\\\/home\\\/suzana-werner-afirma-que-pagou-pela-festa-de-casamento-com-julio-cesar\\\/\"]}]},{\"@type\":\"ImageObject\",\"inLanguage\":\"pt-BR\",\"@id\":\"https:\\\/\\\/transamerica93.com.br\\\/home\\\/suzana-werner-afirma-que-pagou-pela-festa-de-casamento-com-julio-cesar\\\/#primaryimage\",\"url\":\"https:\\\/\\\/transamerica93.com.br\\\/home\\\/wp-content\\\/uploads\\\/2023\\\/12\\\/imagem-11.jpg\",\"contentUrl\":\"https:\\\/\\\/transamerica93.com.br\\\/home\\\/wp-content\\\/uploads\\\/2023\\\/12\\\/imagem-11.jpg\",\"width\":866,\"height\":549,\"caption\":\"Foto: Reprodu\u00e7\u00e3o\\\/ Instagram\\\/ ojuliocesar_12\"},{\"@type\":\"BreadcrumbList\",\"@id\":\"https:\\\/\\\/transamerica93.com.br\\\/home\\\/suzana-werner-afirma-que-pagou-pela-festa-de-casamento-com-julio-cesar\\\/#breadcrumb\",\"itemListElement\":[{\"@type\":\"ListItem\",\"position\":1,\"name\":\"In\u00edcio\",\"item\":\"https:\\\/\\\/transamerica93.com.br\\\/home\\\/\"},{\"@type\":\"ListItem\",\"position\":2,\"name\":\"Suzana Werner afirma que pagou pela festa de casamento com J\u00falio C\u00e9sar\"}]},{\"@type\":\"WebSite\",\"@id\":\"https:\\\/\\\/transamerica93.com.br\\\/home\\\/#website\",\"url\":\"https:\\\/\\\/transamerica93.com.br\\\/home\\\/\",\"name\":\"Transam\u00e9rica Mococa 93,3\",\"description\":\"\",\"publisher\":{\"@id\":\"https:\\\/\\\/transamerica93.com.br\\\/home\\\/#organization\"},\"potentialAction\":[{\"@type\":\"SearchAction\",\"target\":{\"@type\":\"EntryPoint\",\"urlTemplate\":\"https:\\\/\\\/transamerica93.com.br\\\/home\\\/?s={search_term_string}\"},\"query-input\":{\"@type\":\"PropertyValueSpecification\",\"valueRequired\":true,\"valueName\":\"search_term_string\"}}],\"inLanguage\":\"pt-BR\"},{\"@type\":\"Organization\",\"@id\":\"https:\\\/\\\/transamerica93.com.br\\\/home\\\/#organization\",\"name\":\"Transam\u00e9rica Mococa 93,3\",\"url\":\"https:\\\/\\\/transamerica93.com.br\\\/home\\\/\",\"logo\":{\"@type\":\"ImageObject\",\"inLanguage\":\"pt-BR\",\"@id\":\"https:\\\/\\\/transamerica93.com.br\\\/home\\\/#\\\/schema\\\/logo\\\/image\\\/\",\"url\":\"https:\\\/\\\/transamerica93.com.br\\\/home\\\/wp-content\\\/uploads\\\/2023\\\/10\\\/logo2.png\",\"contentUrl\":\"https:\\\/\\\/transamerica93.com.br\\\/home\\\/wp-content\\\/uploads\\\/2023\\\/10\\\/logo2.png\",\"width\":800,\"height\":500,\"caption\":\"Transam\u00e9rica Mococa 93,3\"},\"image\":{\"@id\":\"https:\\\/\\\/transamerica93.com.br\\\/home\\\/#\\\/schema\\\/logo\\\/image\\\/\"},\"sameAs\":[\"https:\\\/\\\/www.facebook.com\\\/transamericamococa\",\"https:\\\/\\\/x.com\\\/transamerica933\",\"https:\\\/\\\/www.instagram.com\\\/transamericamococa\"]},{\"@type\":\"Person\",\"@id\":\"https:\\\/\\\/transamerica93.com.br\\\/home\\\/#\\\/schema\\\/person\\\/7fed7c99c0d4562efa8561bc0f543172\",\"name\":\"Reda\u00e7\u00e3o\",\"image\":{\"@type\":\"ImageObject\",\"inLanguage\":\"pt-BR\",\"@id\":\"https:\\\/\\\/secure.gravatar.com\\\/avatar\\\/1072c6b775fb02ef8506ce967551d95926669a6b7d2c2147b42eea4d7c68395e?s=96&d=mm&r=g\",\"url\":\"https:\\\/\\\/secure.gravatar.com\\\/avatar\\\/1072c6b775fb02ef8506ce967551d95926669a6b7d2c2147b42eea4d7c68395e?s=96&d=mm&r=g\",\"contentUrl\":\"https:\\\/\\\/secure.gravatar.com\\\/avatar\\\/1072c6b775fb02ef8506ce967551d95926669a6b7d2c2147b42eea4d7c68395e?s=96&d=mm&r=g\",\"caption\":\"Reda\u00e7\u00e3o\"},\"sameAs\":[\"https:\\\/\\\/transamerica93.com.br\\\/home\"],\"url\":\"https:\\\/\\\/transamerica93.com.br\\\/home\\\/author\\\/william\\\/\"}]}<\/script>\n<!-- \/ Yoast SEO plugin. -->","yoast_head_json":{"title":"Suzana Werner afirma que pagou pela festa de casamento com J\u00falio C\u00e9sar - Transam\u00e9rica Mococa 93,3","robots":{"index":"index","follow":"follow","max-snippet":"max-snippet:-1","max-image-preview":"max-image-preview:large","max-video-preview":"max-video-preview:-1"},"canonical":"https:\/\/transamerica93.com.br\/home\/suzana-werner-afirma-que-pagou-pela-festa-de-casamento-com-julio-cesar\/","og_locale":"pt_BR","og_type":"article","og_title":"Suzana Werner afirma que pagou pela festa de casamento com J\u00falio C\u00e9sar - Transam\u00e9rica Mococa 93,3","og_description":"Por Reda\u00e7\u00e3o E+ Suzana Werner deu mais detalhes de seu relacionamento com J\u00falio C\u00e9sar, que passa por um t\u00e9rmino conturbado, anunciado no domingo, 10. Em post do Instagram feito na \u00faltima ter\u00e7a, 12, a apresentadora afirmou que ela pagou pela festa de casamento com o ex-jogador, realizada em 2002. &#8220;Sim, casamos com comunh\u00e3o parcial de &hellip;","og_url":"https:\/\/transamerica93.com.br\/home\/suzana-werner-afirma-que-pagou-pela-festa-de-casamento-com-julio-cesar\/","og_site_name":"Transam\u00e9rica Mococa 93,3","article_publisher":"https:\/\/www.facebook.com\/transamericamococa","article_published_time":"2023-12-15T15:00:08+00:00","og_image":[{"width":866,"height":549,"url":"https:\/\/transamerica93.com.br\/home\/wp-content\/uploads\/2023\/12\/imagem-11.jpg","type":"image\/jpeg"}],"author":"Reda\u00e7\u00e3o","twitter_card":"summary_large_image","twitter_creator":"@transamerica933","twitter_site":"@transamerica933","twitter_misc":{"Escrito por":"Reda\u00e7\u00e3o","Est. tempo de leitura":"2 minutos"},"schema":{"@context":"https:\/\/schema.org","@graph":[{"@type":"Article","@id":"https:\/\/transamerica93.com.br\/home\/suzana-werner-afirma-que-pagou-pela-festa-de-casamento-com-julio-cesar\/#article","isPartOf":{"@id":"https:\/\/transamerica93.com.br\/home\/suzana-werner-afirma-que-pagou-pela-festa-de-casamento-com-julio-cesar\/"},"author":{"name":"Reda\u00e7\u00e3o","@id":"https:\/\/transamerica93.com.br\/home\/#\/schema\/person\/7fed7c99c0d4562efa8561bc0f543172"},"headline":"Suzana Werner afirma que pagou pela festa de casamento com J\u00falio C\u00e9sar","datePublished":"2023-12-15T15:00:08+00:00","mainEntityOfPage":{"@id":"https:\/\/transamerica93.com.br\/home\/suzana-werner-afirma-que-pagou-pela-festa-de-casamento-com-julio-cesar\/"},"wordCount":309,"publisher":{"@id":"https:\/\/transamerica93.com.br\/home\/#organization"},"image":{"@id":"https:\/\/transamerica93.com.br\/home\/suzana-werner-afirma-que-pagou-pela-festa-de-casamento-com-julio-cesar\/#primaryimage"},"thumbnailUrl":"https:\/\/transamerica93.com.br\/home\/wp-content\/uploads\/2023\/12\/imagem-11.jpg","articleSection":["Entretenimento"],"inLanguage":"pt-BR"},{"@type":"WebPage","@id":"https:\/\/transamerica93.com.br\/home\/suzana-werner-afirma-que-pagou-pela-festa-de-casamento-com-julio-cesar\/","url":"https:\/\/transamerica93.com.br\/home\/suzana-werner-afirma-que-pagou-pela-festa-de-casamento-com-julio-cesar\/","name":"Suzana Werner afirma que pagou pela festa de casamento com J\u00falio C\u00e9sar - Transam\u00e9rica Mococa 93,3","isPartOf":{"@id":"https:\/\/transamerica93.com.br\/home\/#website"},"primaryImageOfPage":{"@id":"https:\/\/transamerica93.com.br\/home\/suzana-werner-afirma-que-pagou-pela-festa-de-casamento-com-julio-cesar\/#primaryimage"},"image":{"@id":"https:\/\/transamerica93.com.br\/home\/suzana-werner-afirma-que-pagou-pela-festa-de-casamento-com-julio-cesar\/#primaryimage"},"thumbnailUrl":"https:\/\/transamerica93.com.br\/home\/wp-content\/uploads\/2023\/12\/imagem-11.jpg","datePublished":"2023-12-15T15:00:08+00:00","breadcrumb":{"@id":"https:\/\/transamerica93.com.br\/home\/suzana-werner-afirma-que-pagou-pela-festa-de-casamento-com-julio-cesar\/#breadcrumb"},"inLanguage":"pt-BR","potentialAction":[{"@type":"ReadAction","target":["https:\/\/transamerica93.com.br\/home\/suzana-werner-afirma-que-pagou-pela-festa-de-casamento-com-julio-cesar\/"]}]},{"@type":"ImageObject","inLanguage":"pt-BR","@id":"https:\/\/transamerica93.com.br\/home\/suzana-werner-afirma-que-pagou-pela-festa-de-casamento-com-julio-cesar\/#primaryimage","url":"https:\/\/transamerica93.com.br\/home\/wp-content\/uploads\/2023\/12\/imagem-11.jpg","contentUrl":"https:\/\/transamerica93.com.br\/home\/wp-content\/uploads\/2023\/12\/imagem-11.jpg","width":866,"height":549,"caption":"Foto: Reprodu\u00e7\u00e3o\/ Instagram\/ ojuliocesar_12"},{"@type":"BreadcrumbList","@id":"https:\/\/transamerica93.com.br\/home\/suzana-werner-afirma-que-pagou-pela-festa-de-casamento-com-julio-cesar\/#breadcrumb","itemListElement":[{"@type":"ListItem","position":1,"name":"In\u00edcio","item":"https:\/\/transamerica93.com.br\/home\/"},{"@type":"ListItem","position":2,"name":"Suzana Werner afirma que pagou pela festa de casamento com J\u00falio C\u00e9sar"}]},{"@type":"WebSite","@id":"https:\/\/transamerica93.com.br\/home\/#website","url":"https:\/\/transamerica93.com.br\/home\/","name":"Transam\u00e9rica Mococa 93,3","description":"","publisher":{"@id":"https:\/\/transamerica93.com.br\/home\/#organization"},"potentialAction":[{"@type":"SearchAction","target":{"@type":"EntryPoint","urlTemplate":"https:\/\/transamerica93.com.br\/home\/?s={search_term_string}"},"query-input":{"@type":"PropertyValueSpecification","valueRequired":true,"valueName":"search_term_string"}}],"inLanguage":"pt-BR"},{"@type":"Organization","@id":"https:\/\/transamerica93.com.br\/home\/#organization","name":"Transam\u00e9rica Mococa 93,3","url":"https:\/\/transamerica93.com.br\/home\/","logo":{"@type":"ImageObject","inLanguage":"pt-BR","@id":"https:\/\/transamerica93.com.br\/home\/#\/schema\/logo\/image\/","url":"https:\/\/transamerica93.com.br\/home\/wp-content\/uploads\/2023\/10\/logo2.png","contentUrl":"https:\/\/transamerica93.com.br\/home\/wp-content\/uploads\/2023\/10\/logo2.png","width":800,"height":500,"caption":"Transam\u00e9rica Mococa 93,3"},"image":{"@id":"https:\/\/transamerica93.com.br\/home\/#\/schema\/logo\/image\/"},"sameAs":["https:\/\/www.facebook.com\/transamericamococa","https:\/\/x.com\/transamerica933","https:\/\/www.instagram.com\/transamericamococa"]},{"@type":"Person","@id":"https:\/\/transamerica93.com.br\/home\/#\/schema\/person\/7fed7c99c0d4562efa8561bc0f543172","name":"Reda\u00e7\u00e3o","image":{"@type":"ImageObject","inLanguage":"pt-BR","@id":"https:\/\/secure.gravatar.com\/avatar\/1072c6b775fb02ef8506ce967551d95926669a6b7d2c2147b42eea4d7c68395e?s=96&d=mm&r=g","url":"https:\/\/secure.gravatar.com\/avatar\/1072c6b775fb02ef8506ce967551d95926669a6b7d2c2147b42eea4d7c68395e?s=96&d=mm&r=g","contentUrl":"https:\/\/secure.gravatar.com\/avatar\/1072c6b775fb02ef8506ce967551d95926669a6b7d2c2147b42eea4d7c68395e?s=96&d=mm&r=g","caption":"Reda\u00e7\u00e3o"},"sameAs":["https:\/\/transamerica93.com.br\/home"],"url":"https:\/\/transamerica93.com.br\/home\/author\/william\/"}]}},"_links":{"self":[{"href":"https:\/\/transamerica93.com.br\/home\/wp-json\/wp\/v2\/posts\/2185","targetHints":{"allow":["GET"]}}],"collection":[{"href":"https:\/\/transamerica93.com.br\/home\/wp-json\/wp\/v2\/posts"}],"about":[{"href":"https:\/\/transamerica93.com.br\/home\/wp-json\/wp\/v2\/types\/post"}],"author":[{"embeddable":true,"href":"https:\/\/transamerica93.com.br\/home\/wp-json\/wp\/v2\/users\/1"}],"replies":[{"embeddable":true,"href":"https:\/\/transamerica93.com.br\/home\/wp-json\/wp\/v2\/comments?post=2185"}],"version-history":[{"count":1,"href":"https:\/\/transamerica93.com.br\/home\/wp-json\/wp\/v2\/posts\/2185\/revisions"}],"predecessor-version":[{"id":2186,"href":"https:\/\/transamerica93.com.br\/home\/wp-json\/wp\/v2\/posts\/2185\/revisions\/2186"}],"wp:featuredmedia":[{"embeddable":true,"href":"https:\/\/transamerica93.com.br\/home\/wp-json\/wp\/v2\/media\/2129"}],"wp:attachment":[{"href":"https:\/\/transamerica93.com.br\/home\/wp-json\/wp\/v2\/media?parent=2185"}],"wp:term":[{"taxonomy":"category","embeddable":true,"href":"https:\/\/transamerica93.com.br\/home\/wp-json\/wp\/v2\/categories?post=2185"},{"taxonomy":"post_tag","embeddable":true,"href":"https:\/\/transamerica93.com.br\/home\/wp-json\/wp\/v2\/tags?post=2185"}],"curies":[{"name":"wp","href":"https:\/\/api.w.org\/{rel}","templated":true}]}}