{"id":2193,"date":"2023-12-29T09:00:04","date_gmt":"2023-12-29T12:00:04","guid":{"rendered":"https:\/\/transamerica93.com.br\/home\/?p=2193"},"modified":"2023-12-29T17:17:40","modified_gmt":"2023-12-29T20:17:40","slug":"anvisa-cancela-registro-de-mais-de-12-mil-pomadas-de-modelar-cabelos","status":"publish","type":"post","link":"https:\/\/transamerica93.com.br\/home\/anvisa-cancela-registro-de-mais-de-12-mil-pomadas-de-modelar-cabelos\/","title":{"rendered":"Anvisa cancela registro de mais de 1,2 mil pomadas de modelar cabelos"},"content":{"rendered":"<div class=\"post-item alt-font\">\n<div class=\"post-item-wrap\">\n<p>A Ag\u00eancia Nacional de Vigil\u00e2ncia Sanit\u00e1ria (Anvisa) cancelou\u00a0nesta sexta-feira (29) os registros de 1.266 pomadas sem enx\u00e1gue, ceras e sprays para modelar, tran\u00e7ar ou fixar ou cabelos.\u00a0 A lista completa com os nomes dos produtos e o Cadastro Nacional da Pessoa Jur\u00eddica (CNPJ) de cada um dos fabricantes foi\u00a0<a href=\"https:\/\/www.in.gov.br\/web\/dou\/-\/resolucao-re-n-4.972-de-28-de-dezembro-de-2023-534986393\">publicada no Di\u00e1rio Oficial da Uni\u00e3o<\/a>\u00a0do \u00faltimo dia \u00fatil do ano.\u00a0 \u00a0<img decoding=\"async\" data-src=\"https:\/\/agenciabrasil.ebc.com.br\/ebc.png?id=1574752&amp;o=node\" src=\"data:image\/svg+xml;base64,PHN2ZyB3aWR0aD0iMSIgaGVpZ2h0PSIxIiB4bWxucz0iaHR0cDovL3d3dy53My5vcmcvMjAwMC9zdmciPjwvc3ZnPg==\" class=\"lazyload\" \/><img decoding=\"async\" data-src=\"https:\/\/agenciabrasil.ebc.com.br\/ebc.gif?id=1574752&amp;o=node\" src=\"data:image\/svg+xml;base64,PHN2ZyB3aWR0aD0iMSIgaGVpZ2h0PSIxIiB4bWxucz0iaHR0cDovL3d3dy53My5vcmcvMjAwMC9zdmciPjwvc3ZnPg==\" class=\"lazyload\" \/><\/p>\n<p>De acordo com a ag\u00eancia reguladora, os produtos cancelados agora n\u00e3o atendem \u00e0s novas regras para pomadas estabelecidas em setembro deste ano, em decis\u00e3o colegiada da Anvisa (RDC 814\/2023), ap\u00f3s as ocorr\u00eancias dos dois primeiros meses do ano.<\/p>\n<p>Desde setembro, \u00e9 considerado descumprimento da norma ter o nome \u201cpomada\u201d, mesmo que em outros idiomas, no r\u00f3tulo do produto ou ter na f\u00f3rmula qu\u00edmica a concentra\u00e7\u00e3o igual ou superior a 20% de \u00e1lcoois etoxilados.<\/p>\n<p>Em comunicado divulgado no portal da Anvisa, a entidade garante que os cancelamentos anunciados nesta sexta-feira j\u00e1 eram planejados e n\u00e3o estariam diretamente relacionados \u00e0s ocorr\u00eancias mais recentes de irrita\u00e7\u00e3o ocular, que est\u00e3o sob investiga\u00e7\u00e3o.<\/p>\n<p>Nos \u00faltimos dias, a\u00a0<a href=\"http:\/\/agenciabrasil.ebc.com.br\/geral\/noticia\/2023-12\/no-rio-pomada-modeladora-de-cabelo-faz-emergencia-lotar-apos-natal\">Anvisa tem recebido relatos de casos<\/a>\u00a0de efeitos indesej\u00e1veis ou inesperados provocados por produtos para tran\u00e7ar\/modelar os cabelos. Entre as consequ\u00eancias notificadas est\u00e3o cegueira tempor\u00e1ria, les\u00f5es e queimaduras oculares, forte ard\u00eancia nos olhos, lacrimejamento intenso, coceira, vermelhid\u00e3o, incha\u00e7o na regi\u00e3o e dor de cabe\u00e7a.<\/p>\n<p>Anteriormente, outros 1.741 registros de pomadas j\u00e1 haviam sido cancelados por resolu\u00e7\u00f5es da Anvisa.<\/p>\n<h2>Produtos<\/h2>\n<p>A resolu\u00e7\u00e3o da Anvisa entra em vigor imediatamente e esses produtos n\u00e3o podem mais ser comercializados, expostos ao consumo ou usados. Os lotes cancelados devem ser inutilizados e n\u00e3o existe determina\u00e7\u00e3o de recolhimento das embalagens, no momento.<\/p>\n<p>A fabrica\u00e7\u00e3o ou comercializa\u00e7\u00e3o de produtos cancelados e n\u00e3o autorizados constitui infra\u00e7\u00e3o sanit\u00e1ria sujeita a penalidades, que variam de multa \u00e0 interdi\u00e7\u00e3o de estabelecimentos e cancelamento de autoriza\u00e7\u00e3o para funcionamento da empresa.<\/p>\n<h2>Recomenda\u00e7\u00f5es<\/h2>\n<p>A Anvisa orienta os consumidores a n\u00e3o usar produtos n\u00e3o autorizados pela ag\u00eancia, evitar o uso excessivo dos produtos e lavar as m\u00e3os ap\u00f3s a aplica\u00e7\u00e3o do produto. Tamb\u00e9m est\u00e3o entre as recomenda\u00e7\u00f5es realizar um teste de alergia em uma pequena \u00e1rea da pele antes de aplicar o produto e n\u00e3o usar ou suspender o produto se estiver com a pele, os olhos, couro cabeludo ou outra parte do corpo irritada.<\/p>\n<p>\u00c9 preciso evitar o contato do produto com os olhos, c\u00edlios e sobrancelhas e, se houver contato com os olhos, eles devem ser lavados com \u00e1gua corrente por, pelo menos, 15 minutos.\u00a0 Se necess\u00e1rio, para evitar que a intoxica\u00e7\u00e3o se agrave, o consumidor deve procurar assist\u00eancia m\u00e9dica.<\/p>\n<p>As pomadas para fixar e\/ou modelar os cabelos, sem enx\u00e1gue, somente estar\u00e3o autorizadas \u00e0 venda se estiverem\u00a0<a href=\"http:\/\/%20https\/\/www.gov.br\/anvisa\/pt-br\/assuntos\/cosmeticos\/pomadas\/pomadas-autorizadas%C2%A0\">na lista de pomadas autorizadas<\/a>, dispon\u00edvel no site da Anvisa<\/p>\n<h2>Notifica\u00e7\u00f5es<\/h2>\n<p>Para o devido monitoramento da qualidade dos produtos usados no pa\u00eds, a Anvisa colocou \u00e0 disposi\u00e7\u00e3o dois canais de notifica\u00e7\u00e3o para que a sociedade possa comunicar, de forma simplificada, rea\u00e7\u00f5es indesej\u00e1veis, que possam ser relacionadas ao uso desses ou outros produtos, como de higiene pessoal e cosm\u00e9ticos.<\/p>\n<p>O primeiro canal \u00e9 o site voltado para notifica\u00e7\u00f5es feitas por cidad\u00e3os consumidores e por profissionais de sal\u00f5es de beleza e com\u00e9rcio em geral que\u00a0<a href=\"https:\/\/pesquisa.anvisa.gov.br\/index.php\/368782?lang=pt-BR\">t\u00eam contato com as pomadas<\/a>.\u00a0O segundo canal \u00e9 destinado a\u00a0<a href=\"https:\/\/notivisa.anvisa.gov.br\/frmLogin.asp\">profissionais de sa\u00fade<\/a>\u00a0e estabelecimentos.<\/p>\n<p>De acordo com a Anvisa, para o preenchimento do formul\u00e1rio on line \u00e9 importante que ter os dados dispon\u00edveis no r\u00f3tulo do produto. Os dados informados nas notifica\u00e7\u00f5es, tanto da pessoa que comunica o fato, como do consumidor do produto ser\u00e3o mantidos em sigilo.<\/p>\n<\/div>\n<p class=\"alt-font font-italic my-2 small text-info\">Edi\u00e7\u00e3o: Sabrina Craide<\/p>\n<\/div>\n","protected":false},"excerpt":{"rendered":"<p>A Ag\u00eancia Nacional de Vigil\u00e2ncia Sanit\u00e1ria (Anvisa) cancelou\u00a0nesta sexta-feira (29) os registros de 1.266 pomadas sem enx\u00e1gue, ceras e sprays para modelar, tran\u00e7ar ou fixar ou cabelos.\u00a0 A lista completa com os nomes dos produtos e o Cadastro Nacional da Pessoa Jur\u00eddica (CNPJ) de cada um dos fabricantes foi\u00a0publicada no Di\u00e1rio Oficial da Uni\u00e3o\u00a0do \u00faltimo &hellip;<\/p>\n","protected":false},"author":1,"featured_media":2194,"comment_status":"closed","ping_status":"closed","sticky":false,"template":"","format":"standard","meta":{"footnotes":""},"categories":[30],"tags":[],"class_list":["post-2193","post","type-post","status-publish","format-standard","has-post-thumbnail","hentry","category-geral"],"yoast_head":"<!-- This site is optimized with the Yoast SEO plugin v27.4 - https:\/\/yoast.com\/product\/yoast-seo-wordpress\/ -->\n<title>Anvisa cancela registro de mais de 1,2 mil pomadas de modelar cabelos - Transam\u00e9rica Mococa 93,3<\/title>\n<meta name=\"robots\" content=\"index, follow, max-snippet:-1, max-image-preview:large, max-video-preview:-1\" \/>\n<link rel=\"canonical\" href=\"https:\/\/transamerica93.com.br\/home\/anvisa-cancela-registro-de-mais-de-12-mil-pomadas-de-modelar-cabelos\/\" \/>\n<meta property=\"og:locale\" content=\"pt_BR\" \/>\n<meta property=\"og:type\" content=\"article\" \/>\n<meta property=\"og:title\" content=\"Anvisa cancela registro de mais de 1,2 mil pomadas de modelar cabelos - Transam\u00e9rica Mococa 93,3\" \/>\n<meta property=\"og:description\" content=\"A Ag\u00eancia Nacional de Vigil\u00e2ncia Sanit\u00e1ria (Anvisa) cancelou\u00a0nesta sexta-feira (29) os registros de 1.266 pomadas sem enx\u00e1gue, ceras e sprays para modelar, tran\u00e7ar ou fixar ou cabelos.\u00a0 A lista completa com os nomes dos produtos e o Cadastro Nacional da Pessoa Jur\u00eddica (CNPJ) de cada um dos fabricantes foi\u00a0publicada no Di\u00e1rio Oficial da Uni\u00e3o\u00a0do \u00faltimo &hellip;\" \/>\n<meta property=\"og:url\" content=\"https:\/\/transamerica93.com.br\/home\/anvisa-cancela-registro-de-mais-de-12-mil-pomadas-de-modelar-cabelos\/\" \/>\n<meta property=\"og:site_name\" content=\"Transam\u00e9rica Mococa 93,3\" \/>\n<meta property=\"article:publisher\" content=\"https:\/\/www.facebook.com\/transamericamococa\" \/>\n<meta property=\"article:published_time\" content=\"2023-12-29T12:00:04+00:00\" \/>\n<meta property=\"article:modified_time\" content=\"2023-12-29T20:17:40+00:00\" \/>\n<meta property=\"og:image\" content=\"https:\/\/transamerica93.com.br\/home\/wp-content\/uploads\/2023\/12\/imagem-27.jpg\" \/>\n\t<meta property=\"og:image:width\" content=\"1168\" \/>\n\t<meta property=\"og:image:height\" content=\"699\" \/>\n\t<meta property=\"og:image:type\" content=\"image\/jpeg\" \/>\n<meta name=\"author\" content=\"Reda\u00e7\u00e3o\" \/>\n<meta name=\"twitter:card\" content=\"summary_large_image\" \/>\n<meta name=\"twitter:creator\" content=\"@transamerica933\" \/>\n<meta name=\"twitter:site\" content=\"@transamerica933\" \/>\n<meta name=\"twitter:label1\" content=\"Escrito por\" \/>\n\t<meta name=\"twitter:data1\" content=\"Reda\u00e7\u00e3o\" \/>\n\t<meta name=\"twitter:label2\" content=\"Est. tempo de leitura\" \/>\n\t<meta name=\"twitter:data2\" content=\"4 minutos\" \/>\n<script type=\"application\/ld+json\" class=\"yoast-schema-graph\">{\"@context\":\"https:\\\/\\\/schema.org\",\"@graph\":[{\"@type\":\"Article\",\"@id\":\"https:\\\/\\\/transamerica93.com.br\\\/home\\\/anvisa-cancela-registro-de-mais-de-12-mil-pomadas-de-modelar-cabelos\\\/#article\",\"isPartOf\":{\"@id\":\"https:\\\/\\\/transamerica93.com.br\\\/home\\\/anvisa-cancela-registro-de-mais-de-12-mil-pomadas-de-modelar-cabelos\\\/\"},\"author\":{\"name\":\"Reda\u00e7\u00e3o\",\"@id\":\"https:\\\/\\\/transamerica93.com.br\\\/home\\\/#\\\/schema\\\/person\\\/7fed7c99c0d4562efa8561bc0f543172\"},\"headline\":\"Anvisa cancela registro de mais de 1,2 mil pomadas de modelar cabelos\",\"datePublished\":\"2023-12-29T12:00:04+00:00\",\"dateModified\":\"2023-12-29T20:17:40+00:00\",\"mainEntityOfPage\":{\"@id\":\"https:\\\/\\\/transamerica93.com.br\\\/home\\\/anvisa-cancela-registro-de-mais-de-12-mil-pomadas-de-modelar-cabelos\\\/\"},\"wordCount\":666,\"publisher\":{\"@id\":\"https:\\\/\\\/transamerica93.com.br\\\/home\\\/#organization\"},\"image\":{\"@id\":\"https:\\\/\\\/transamerica93.com.br\\\/home\\\/anvisa-cancela-registro-de-mais-de-12-mil-pomadas-de-modelar-cabelos\\\/#primaryimage\"},\"thumbnailUrl\":\"https:\\\/\\\/transamerica93.com.br\\\/home\\\/wp-content\\\/uploads\\\/2023\\\/12\\\/imagem-27.jpg\",\"articleSection\":[\"Geral\"],\"inLanguage\":\"pt-BR\"},{\"@type\":\"WebPage\",\"@id\":\"https:\\\/\\\/transamerica93.com.br\\\/home\\\/anvisa-cancela-registro-de-mais-de-12-mil-pomadas-de-modelar-cabelos\\\/\",\"url\":\"https:\\\/\\\/transamerica93.com.br\\\/home\\\/anvisa-cancela-registro-de-mais-de-12-mil-pomadas-de-modelar-cabelos\\\/\",\"name\":\"Anvisa cancela registro de mais de 1,2 mil pomadas de modelar cabelos - Transam\u00e9rica Mococa 93,3\",\"isPartOf\":{\"@id\":\"https:\\\/\\\/transamerica93.com.br\\\/home\\\/#website\"},\"primaryImageOfPage\":{\"@id\":\"https:\\\/\\\/transamerica93.com.br\\\/home\\\/anvisa-cancela-registro-de-mais-de-12-mil-pomadas-de-modelar-cabelos\\\/#primaryimage\"},\"image\":{\"@id\":\"https:\\\/\\\/transamerica93.com.br\\\/home\\\/anvisa-cancela-registro-de-mais-de-12-mil-pomadas-de-modelar-cabelos\\\/#primaryimage\"},\"thumbnailUrl\":\"https:\\\/\\\/transamerica93.com.br\\\/home\\\/wp-content\\\/uploads\\\/2023\\\/12\\\/imagem-27.jpg\",\"datePublished\":\"2023-12-29T12:00:04+00:00\",\"dateModified\":\"2023-12-29T20:17:40+00:00\",\"breadcrumb\":{\"@id\":\"https:\\\/\\\/transamerica93.com.br\\\/home\\\/anvisa-cancela-registro-de-mais-de-12-mil-pomadas-de-modelar-cabelos\\\/#breadcrumb\"},\"inLanguage\":\"pt-BR\",\"potentialAction\":[{\"@type\":\"ReadAction\",\"target\":[\"https:\\\/\\\/transamerica93.com.br\\\/home\\\/anvisa-cancela-registro-de-mais-de-12-mil-pomadas-de-modelar-cabelos\\\/\"]}]},{\"@type\":\"ImageObject\",\"inLanguage\":\"pt-BR\",\"@id\":\"https:\\\/\\\/transamerica93.com.br\\\/home\\\/anvisa-cancela-registro-de-mais-de-12-mil-pomadas-de-modelar-cabelos\\\/#primaryimage\",\"url\":\"https:\\\/\\\/transamerica93.com.br\\\/home\\\/wp-content\\\/uploads\\\/2023\\\/12\\\/imagem-27.jpg\",\"contentUrl\":\"https:\\\/\\\/transamerica93.com.br\\\/home\\\/wp-content\\\/uploads\\\/2023\\\/12\\\/imagem-27.jpg\",\"width\":1168,\"height\":699,\"caption\":\"\u00a9 Fabio Rodrigues-Pozzebom\\\/ Ag\u00eancia Brasil\"},{\"@type\":\"BreadcrumbList\",\"@id\":\"https:\\\/\\\/transamerica93.com.br\\\/home\\\/anvisa-cancela-registro-de-mais-de-12-mil-pomadas-de-modelar-cabelos\\\/#breadcrumb\",\"itemListElement\":[{\"@type\":\"ListItem\",\"position\":1,\"name\":\"In\u00edcio\",\"item\":\"https:\\\/\\\/transamerica93.com.br\\\/home\\\/\"},{\"@type\":\"ListItem\",\"position\":2,\"name\":\"Anvisa cancela registro de mais de 1,2 mil pomadas de modelar cabelos\"}]},{\"@type\":\"WebSite\",\"@id\":\"https:\\\/\\\/transamerica93.com.br\\\/home\\\/#website\",\"url\":\"https:\\\/\\\/transamerica93.com.br\\\/home\\\/\",\"name\":\"Transam\u00e9rica Mococa 93,3\",\"description\":\"\",\"publisher\":{\"@id\":\"https:\\\/\\\/transamerica93.com.br\\\/home\\\/#organization\"},\"potentialAction\":[{\"@type\":\"SearchAction\",\"target\":{\"@type\":\"EntryPoint\",\"urlTemplate\":\"https:\\\/\\\/transamerica93.com.br\\\/home\\\/?s={search_term_string}\"},\"query-input\":{\"@type\":\"PropertyValueSpecification\",\"valueRequired\":true,\"valueName\":\"search_term_string\"}}],\"inLanguage\":\"pt-BR\"},{\"@type\":\"Organization\",\"@id\":\"https:\\\/\\\/transamerica93.com.br\\\/home\\\/#organization\",\"name\":\"Transam\u00e9rica Mococa 93,3\",\"url\":\"https:\\\/\\\/transamerica93.com.br\\\/home\\\/\",\"logo\":{\"@type\":\"ImageObject\",\"inLanguage\":\"pt-BR\",\"@id\":\"https:\\\/\\\/transamerica93.com.br\\\/home\\\/#\\\/schema\\\/logo\\\/image\\\/\",\"url\":\"https:\\\/\\\/transamerica93.com.br\\\/home\\\/wp-content\\\/uploads\\\/2023\\\/10\\\/logo2.png\",\"contentUrl\":\"https:\\\/\\\/transamerica93.com.br\\\/home\\\/wp-content\\\/uploads\\\/2023\\\/10\\\/logo2.png\",\"width\":800,\"height\":500,\"caption\":\"Transam\u00e9rica Mococa 93,3\"},\"image\":{\"@id\":\"https:\\\/\\\/transamerica93.com.br\\\/home\\\/#\\\/schema\\\/logo\\\/image\\\/\"},\"sameAs\":[\"https:\\\/\\\/www.facebook.com\\\/transamericamococa\",\"https:\\\/\\\/x.com\\\/transamerica933\",\"https:\\\/\\\/www.instagram.com\\\/transamericamococa\"]},{\"@type\":\"Person\",\"@id\":\"https:\\\/\\\/transamerica93.com.br\\\/home\\\/#\\\/schema\\\/person\\\/7fed7c99c0d4562efa8561bc0f543172\",\"name\":\"Reda\u00e7\u00e3o\",\"image\":{\"@type\":\"ImageObject\",\"inLanguage\":\"pt-BR\",\"@id\":\"https:\\\/\\\/secure.gravatar.com\\\/avatar\\\/1072c6b775fb02ef8506ce967551d95926669a6b7d2c2147b42eea4d7c68395e?s=96&d=mm&r=g\",\"url\":\"https:\\\/\\\/secure.gravatar.com\\\/avatar\\\/1072c6b775fb02ef8506ce967551d95926669a6b7d2c2147b42eea4d7c68395e?s=96&d=mm&r=g\",\"contentUrl\":\"https:\\\/\\\/secure.gravatar.com\\\/avatar\\\/1072c6b775fb02ef8506ce967551d95926669a6b7d2c2147b42eea4d7c68395e?s=96&d=mm&r=g\",\"caption\":\"Reda\u00e7\u00e3o\"},\"sameAs\":[\"https:\\\/\\\/transamerica93.com.br\\\/home\"],\"url\":\"https:\\\/\\\/transamerica93.com.br\\\/home\\\/author\\\/william\\\/\"}]}<\/script>\n<!-- \/ Yoast SEO plugin. -->","yoast_head_json":{"title":"Anvisa cancela registro de mais de 1,2 mil pomadas de modelar cabelos - Transam\u00e9rica Mococa 93,3","robots":{"index":"index","follow":"follow","max-snippet":"max-snippet:-1","max-image-preview":"max-image-preview:large","max-video-preview":"max-video-preview:-1"},"canonical":"https:\/\/transamerica93.com.br\/home\/anvisa-cancela-registro-de-mais-de-12-mil-pomadas-de-modelar-cabelos\/","og_locale":"pt_BR","og_type":"article","og_title":"Anvisa cancela registro de mais de 1,2 mil pomadas de modelar cabelos - Transam\u00e9rica Mococa 93,3","og_description":"A Ag\u00eancia Nacional de Vigil\u00e2ncia Sanit\u00e1ria (Anvisa) cancelou\u00a0nesta sexta-feira (29) os registros de 1.266 pomadas sem enx\u00e1gue, ceras e sprays para modelar, tran\u00e7ar ou fixar ou cabelos.\u00a0 A lista completa com os nomes dos produtos e o Cadastro Nacional da Pessoa Jur\u00eddica (CNPJ) de cada um dos fabricantes foi\u00a0publicada no Di\u00e1rio Oficial da Uni\u00e3o\u00a0do \u00faltimo &hellip;","og_url":"https:\/\/transamerica93.com.br\/home\/anvisa-cancela-registro-de-mais-de-12-mil-pomadas-de-modelar-cabelos\/","og_site_name":"Transam\u00e9rica Mococa 93,3","article_publisher":"https:\/\/www.facebook.com\/transamericamococa","article_published_time":"2023-12-29T12:00:04+00:00","article_modified_time":"2023-12-29T20:17:40+00:00","og_image":[{"width":1168,"height":699,"url":"https:\/\/transamerica93.com.br\/home\/wp-content\/uploads\/2023\/12\/imagem-27.jpg","type":"image\/jpeg"}],"author":"Reda\u00e7\u00e3o","twitter_card":"summary_large_image","twitter_creator":"@transamerica933","twitter_site":"@transamerica933","twitter_misc":{"Escrito por":"Reda\u00e7\u00e3o","Est. tempo de leitura":"4 minutos"},"schema":{"@context":"https:\/\/schema.org","@graph":[{"@type":"Article","@id":"https:\/\/transamerica93.com.br\/home\/anvisa-cancela-registro-de-mais-de-12-mil-pomadas-de-modelar-cabelos\/#article","isPartOf":{"@id":"https:\/\/transamerica93.com.br\/home\/anvisa-cancela-registro-de-mais-de-12-mil-pomadas-de-modelar-cabelos\/"},"author":{"name":"Reda\u00e7\u00e3o","@id":"https:\/\/transamerica93.com.br\/home\/#\/schema\/person\/7fed7c99c0d4562efa8561bc0f543172"},"headline":"Anvisa cancela registro de mais de 1,2 mil pomadas de modelar cabelos","datePublished":"2023-12-29T12:00:04+00:00","dateModified":"2023-12-29T20:17:40+00:00","mainEntityOfPage":{"@id":"https:\/\/transamerica93.com.br\/home\/anvisa-cancela-registro-de-mais-de-12-mil-pomadas-de-modelar-cabelos\/"},"wordCount":666,"publisher":{"@id":"https:\/\/transamerica93.com.br\/home\/#organization"},"image":{"@id":"https:\/\/transamerica93.com.br\/home\/anvisa-cancela-registro-de-mais-de-12-mil-pomadas-de-modelar-cabelos\/#primaryimage"},"thumbnailUrl":"https:\/\/transamerica93.com.br\/home\/wp-content\/uploads\/2023\/12\/imagem-27.jpg","articleSection":["Geral"],"inLanguage":"pt-BR"},{"@type":"WebPage","@id":"https:\/\/transamerica93.com.br\/home\/anvisa-cancela-registro-de-mais-de-12-mil-pomadas-de-modelar-cabelos\/","url":"https:\/\/transamerica93.com.br\/home\/anvisa-cancela-registro-de-mais-de-12-mil-pomadas-de-modelar-cabelos\/","name":"Anvisa cancela registro de mais de 1,2 mil pomadas de modelar cabelos - Transam\u00e9rica Mococa 93,3","isPartOf":{"@id":"https:\/\/transamerica93.com.br\/home\/#website"},"primaryImageOfPage":{"@id":"https:\/\/transamerica93.com.br\/home\/anvisa-cancela-registro-de-mais-de-12-mil-pomadas-de-modelar-cabelos\/#primaryimage"},"image":{"@id":"https:\/\/transamerica93.com.br\/home\/anvisa-cancela-registro-de-mais-de-12-mil-pomadas-de-modelar-cabelos\/#primaryimage"},"thumbnailUrl":"https:\/\/transamerica93.com.br\/home\/wp-content\/uploads\/2023\/12\/imagem-27.jpg","datePublished":"2023-12-29T12:00:04+00:00","dateModified":"2023-12-29T20:17:40+00:00","breadcrumb":{"@id":"https:\/\/transamerica93.com.br\/home\/anvisa-cancela-registro-de-mais-de-12-mil-pomadas-de-modelar-cabelos\/#breadcrumb"},"inLanguage":"pt-BR","potentialAction":[{"@type":"ReadAction","target":["https:\/\/transamerica93.com.br\/home\/anvisa-cancela-registro-de-mais-de-12-mil-pomadas-de-modelar-cabelos\/"]}]},{"@type":"ImageObject","inLanguage":"pt-BR","@id":"https:\/\/transamerica93.com.br\/home\/anvisa-cancela-registro-de-mais-de-12-mil-pomadas-de-modelar-cabelos\/#primaryimage","url":"https:\/\/transamerica93.com.br\/home\/wp-content\/uploads\/2023\/12\/imagem-27.jpg","contentUrl":"https:\/\/transamerica93.com.br\/home\/wp-content\/uploads\/2023\/12\/imagem-27.jpg","width":1168,"height":699,"caption":"\u00a9 Fabio Rodrigues-Pozzebom\/ Ag\u00eancia Brasil"},{"@type":"BreadcrumbList","@id":"https:\/\/transamerica93.com.br\/home\/anvisa-cancela-registro-de-mais-de-12-mil-pomadas-de-modelar-cabelos\/#breadcrumb","itemListElement":[{"@type":"ListItem","position":1,"name":"In\u00edcio","item":"https:\/\/transamerica93.com.br\/home\/"},{"@type":"ListItem","position":2,"name":"Anvisa cancela registro de mais de 1,2 mil pomadas de modelar cabelos"}]},{"@type":"WebSite","@id":"https:\/\/transamerica93.com.br\/home\/#website","url":"https:\/\/transamerica93.com.br\/home\/","name":"Transam\u00e9rica Mococa 93,3","description":"","publisher":{"@id":"https:\/\/transamerica93.com.br\/home\/#organization"},"potentialAction":[{"@type":"SearchAction","target":{"@type":"EntryPoint","urlTemplate":"https:\/\/transamerica93.com.br\/home\/?s={search_term_string}"},"query-input":{"@type":"PropertyValueSpecification","valueRequired":true,"valueName":"search_term_string"}}],"inLanguage":"pt-BR"},{"@type":"Organization","@id":"https:\/\/transamerica93.com.br\/home\/#organization","name":"Transam\u00e9rica Mococa 93,3","url":"https:\/\/transamerica93.com.br\/home\/","logo":{"@type":"ImageObject","inLanguage":"pt-BR","@id":"https:\/\/transamerica93.com.br\/home\/#\/schema\/logo\/image\/","url":"https:\/\/transamerica93.com.br\/home\/wp-content\/uploads\/2023\/10\/logo2.png","contentUrl":"https:\/\/transamerica93.com.br\/home\/wp-content\/uploads\/2023\/10\/logo2.png","width":800,"height":500,"caption":"Transam\u00e9rica Mococa 93,3"},"image":{"@id":"https:\/\/transamerica93.com.br\/home\/#\/schema\/logo\/image\/"},"sameAs":["https:\/\/www.facebook.com\/transamericamococa","https:\/\/x.com\/transamerica933","https:\/\/www.instagram.com\/transamericamococa"]},{"@type":"Person","@id":"https:\/\/transamerica93.com.br\/home\/#\/schema\/person\/7fed7c99c0d4562efa8561bc0f543172","name":"Reda\u00e7\u00e3o","image":{"@type":"ImageObject","inLanguage":"pt-BR","@id":"https:\/\/secure.gravatar.com\/avatar\/1072c6b775fb02ef8506ce967551d95926669a6b7d2c2147b42eea4d7c68395e?s=96&d=mm&r=g","url":"https:\/\/secure.gravatar.com\/avatar\/1072c6b775fb02ef8506ce967551d95926669a6b7d2c2147b42eea4d7c68395e?s=96&d=mm&r=g","contentUrl":"https:\/\/secure.gravatar.com\/avatar\/1072c6b775fb02ef8506ce967551d95926669a6b7d2c2147b42eea4d7c68395e?s=96&d=mm&r=g","caption":"Reda\u00e7\u00e3o"},"sameAs":["https:\/\/transamerica93.com.br\/home"],"url":"https:\/\/transamerica93.com.br\/home\/author\/william\/"}]}},"_links":{"self":[{"href":"https:\/\/transamerica93.com.br\/home\/wp-json\/wp\/v2\/posts\/2193","targetHints":{"allow":["GET"]}}],"collection":[{"href":"https:\/\/transamerica93.com.br\/home\/wp-json\/wp\/v2\/posts"}],"about":[{"href":"https:\/\/transamerica93.com.br\/home\/wp-json\/wp\/v2\/types\/post"}],"author":[{"embeddable":true,"href":"https:\/\/transamerica93.com.br\/home\/wp-json\/wp\/v2\/users\/1"}],"replies":[{"embeddable":true,"href":"https:\/\/transamerica93.com.br\/home\/wp-json\/wp\/v2\/comments?post=2193"}],"version-history":[{"count":1,"href":"https:\/\/transamerica93.com.br\/home\/wp-json\/wp\/v2\/posts\/2193\/revisions"}],"predecessor-version":[{"id":2195,"href":"https:\/\/transamerica93.com.br\/home\/wp-json\/wp\/v2\/posts\/2193\/revisions\/2195"}],"wp:featuredmedia":[{"embeddable":true,"href":"https:\/\/transamerica93.com.br\/home\/wp-json\/wp\/v2\/media\/2194"}],"wp:attachment":[{"href":"https:\/\/transamerica93.com.br\/home\/wp-json\/wp\/v2\/media?parent=2193"}],"wp:term":[{"taxonomy":"category","embeddable":true,"href":"https:\/\/transamerica93.com.br\/home\/wp-json\/wp\/v2\/categories?post=2193"},{"taxonomy":"post_tag","embeddable":true,"href":"https:\/\/transamerica93.com.br\/home\/wp-json\/wp\/v2\/tags?post=2193"}],"curies":[{"name":"wp","href":"https:\/\/api.w.org\/{rel}","templated":true}]}}