{"id":2196,"date":"2023-12-30T09:00:02","date_gmt":"2023-12-30T12:00:02","guid":{"rendered":"https:\/\/transamerica93.com.br\/home\/?p=2196"},"modified":"2023-12-29T17:19:04","modified_gmt":"2023-12-29T20:19:04","slug":"inscricoes-para-o-sisu-comecam-dia-22-e-vao-ate-25-de-janeiro","status":"publish","type":"post","link":"https:\/\/transamerica93.com.br\/home\/inscricoes-para-o-sisu-comecam-dia-22-e-vao-ate-25-de-janeiro\/","title":{"rendered":"Inscri\u00e7\u00f5es para o Sisu come\u00e7am dia 22 e v\u00e3o at\u00e9 25 de janeiro"},"content":{"rendered":"<div class=\"post-item-wrap\">\n<p>Sonhos, expectativas e escolhas. Tudo isso deve vir \u00e0 tona, entre 22 e 25 de janeiro, para quem deseja ingressar em uma universidade p\u00fablica no ano que vem. \u00c9 nesse per\u00edodo que os estudantes que realizaram o Exame Nacional do Ensino M\u00e9dio (Enem) v\u00e3o concorrer a 264.254 vagas em 127 institui\u00e7\u00f5es p\u00fablicas, para o primeiro ou at\u00e9 para o segundo semestre de 2024, via Sistema de\u00a0<a href=\"https:\/\/acessounico.mec.gov.br\/\" target=\"_blank\" rel=\"noopener\">Sele\u00e7\u00e3o Unificada (Sisu)<\/a>, o principal port\u00e3o de entrada no ensino superior gratuito no Brasil. As datas e as informa\u00e7\u00f5es foram divulgadas\u00a0nesta sexta (29), pelo Minist\u00e9rio da Educa\u00e7\u00e3o.\u00a0<img decoding=\"async\" data-src=\"https:\/\/agenciabrasil.ebc.com.br\/ebc.png?id=1574757&amp;o=node\" src=\"data:image\/svg+xml;base64,PHN2ZyB3aWR0aD0iMSIgaGVpZ2h0PSIxIiB4bWxucz0iaHR0cDovL3d3dy53My5vcmcvMjAwMC9zdmciPjwvc3ZnPg==\" class=\"lazyload\" \/><img decoding=\"async\" data-src=\"https:\/\/agenciabrasil.ebc.com.br\/ebc.gif?id=1574757&amp;o=node\" src=\"data:image\/svg+xml;base64,PHN2ZyB3aWR0aD0iMSIgaGVpZ2h0PSIxIiB4bWxucz0iaHR0cDovL3d3dy53My5vcmcvMjAwMC9zdmciPjwvc3ZnPg==\" class=\"lazyload\" \/><\/p>\n<p>O resultado do processo seletivo est\u00e1 previsto para ser divulgado no dia 30 de janeiro, pelo Portal \u00danico de Acesso. A matr\u00edcula dos selecionados deve ocorrer no per\u00edodo de 1\u00ba a 7 de fevereiro de 2024.<\/p>\n<p>Uma novidade nesta edi\u00e7\u00e3o \u00e9 que o Sisu ter\u00e1 somente uma etapa de inscri\u00e7\u00e3o de candidatos \u00e0s vagas nas institui\u00e7\u00f5es participantes para o ano. Ser\u00e3o ofertadas vagas de cursos com in\u00edcio previsto das aulas para o primeiro e o segundo semestre de 2024. Ingressar no segundo semestre leva em conta as vagas dispon\u00edveis e a ordem de classifica\u00e7\u00e3o dos candidatos.<\/p>\n<p>Segundo o MEC, o candidato n\u00e3o poder\u00e1 escolher em qual semestre ir\u00e1 ingressar, j\u00e1 que isso depende da classifica\u00e7\u00e3o no curso. Se selecionado, o candidato dever\u00e1 realizar a matr\u00edcula na universidade no per\u00edodo indicado no edital.<\/p>\n<p>O ingresso do estudante no curso, no entanto, depender\u00e1 da sua coloca\u00e7\u00e3o em rela\u00e7\u00e3o \u00e0s vagas dispon\u00edveis e da ocupa\u00e7\u00e3o efetiva das vagas pelos estudantes que estiverem mais bem colocados no curso pretendido. Assim, ser\u00e1 a classifica\u00e7\u00e3o do candidato que definir\u00e1 o in\u00edcio do seu curso, no primeiro ou segundo semestre, conforme edital espec\u00edfico de cada institui\u00e7\u00e3o de ensino superior.<\/p>\n<h2>Condi\u00e7\u00f5es<\/h2>\n<p>A condi\u00e7\u00e3o para participar do processo seletivo do Sisu \u00e9 que o candidato tenha participado da edi\u00e7\u00e3o de 2023 do Enem e n\u00e3o tenha zerado a prova de reda\u00e7\u00e3o. Quem participou do exame como treineiro n\u00e3o pode concorrer \u00e0s vagas pelo Sisu.<\/p>\n<h2>Hora da escolha<\/h2>\n<p>O edital prev\u00ea que o candidato possa se inscrever no processo seletivo do Sisu em at\u00e9 duas op\u00e7\u00f5es de vaga.<\/p>\n<p>Uma novidade no Sisu deste ano \u00e9 que todos os candidatos se inscrevam primeiramente na modalidade de ampla concorr\u00eancia .<\/p>\n<p>Em seguida, \u00e9 prevista a reserva de vagas ofertadas pela Lei de Cotas e pelas pol\u00edticas de a\u00e7\u00f5es afirmativas das institui\u00e7\u00f5es de ensino. A ideia \u00e9 que beneficie os candidatos realmente demandantes de pol\u00edtica compensat\u00f3ria para acesso ao ensino superior.<\/p>\n<h2>Lista de espera<\/h2>\n<p>Outra novidade \u00e9 que a lista de espera possa ser utilizada durante todo o ano pelas institui\u00e7\u00f5es de educa\u00e7\u00e3o superior participantes, para preenchimento das vagas eventualmente n\u00e3o ocupadas na chamada regular.<\/p>\n<p>Segundo o MEC, o candidato que n\u00e3o for selecionado na chamada regular poder\u00e1 manifestar interesse em participar da lista de espera, no per\u00edodo de 30 de janeiro a 7 de fevereiro, tamb\u00e9m pelo Portal \u00danico de Acesso.<\/p>\n<h2>Servi\u00e7o:<\/h2>\n<p>Inscri\u00e7\u00e3o: 22 a 25 de janeiro de 2024.<\/p>\n<p>Resultado: 30 de janeiro de 2024.<\/p>\n<p>Matr\u00edcula dos selecionados: 1\u00ba a 7 de fevereiro de 2024.<\/p>\n<p>Manifesta\u00e7\u00e3o de interesse na lista de espera: 30 de janeiro a 7 de fevereiro de 2024.<\/p>\n<\/div>\n<p class=\"alt-font font-italic my-2 small text-info\">Edi\u00e7\u00e3o: Aline Leal<\/p>\n","protected":false},"excerpt":{"rendered":"<p>Sonhos, expectativas e escolhas. Tudo isso deve vir \u00e0 tona, entre 22 e 25 de janeiro, para quem deseja ingressar em uma universidade p\u00fablica no ano que vem. \u00c9 nesse per\u00edodo que os estudantes que realizaram o Exame Nacional do Ensino M\u00e9dio (Enem) v\u00e3o concorrer a 264.254 vagas em 127 institui\u00e7\u00f5es p\u00fablicas, para o primeiro &hellip;<\/p>\n","protected":false},"author":1,"featured_media":2197,"comment_status":"closed","ping_status":"closed","sticky":false,"template":"","format":"standard","meta":{"footnotes":""},"categories":[30],"tags":[],"class_list":["post-2196","post","type-post","status-publish","format-standard","has-post-thumbnail","hentry","category-geral"],"yoast_head":"<!-- This site is optimized with the Yoast SEO plugin v27.4 - https:\/\/yoast.com\/product\/yoast-seo-wordpress\/ -->\n<title>Inscri\u00e7\u00f5es para o Sisu come\u00e7am dia 22 e v\u00e3o at\u00e9 25 de janeiro - Transam\u00e9rica Mococa 93,3<\/title>\n<meta name=\"robots\" content=\"index, follow, max-snippet:-1, max-image-preview:large, max-video-preview:-1\" \/>\n<link rel=\"canonical\" href=\"https:\/\/transamerica93.com.br\/home\/inscricoes-para-o-sisu-comecam-dia-22-e-vao-ate-25-de-janeiro\/\" \/>\n<meta property=\"og:locale\" content=\"pt_BR\" \/>\n<meta property=\"og:type\" content=\"article\" \/>\n<meta property=\"og:title\" content=\"Inscri\u00e7\u00f5es para o Sisu come\u00e7am dia 22 e v\u00e3o at\u00e9 25 de janeiro - Transam\u00e9rica Mococa 93,3\" \/>\n<meta property=\"og:description\" content=\"Sonhos, expectativas e escolhas. Tudo isso deve vir \u00e0 tona, entre 22 e 25 de janeiro, para quem deseja ingressar em uma universidade p\u00fablica no ano que vem. \u00c9 nesse per\u00edodo que os estudantes que realizaram o Exame Nacional do Ensino M\u00e9dio (Enem) v\u00e3o concorrer a 264.254 vagas em 127 institui\u00e7\u00f5es p\u00fablicas, para o primeiro &hellip;\" \/>\n<meta property=\"og:url\" content=\"https:\/\/transamerica93.com.br\/home\/inscricoes-para-o-sisu-comecam-dia-22-e-vao-ate-25-de-janeiro\/\" \/>\n<meta property=\"og:site_name\" content=\"Transam\u00e9rica Mococa 93,3\" \/>\n<meta property=\"article:publisher\" content=\"https:\/\/www.facebook.com\/transamericamococa\" \/>\n<meta property=\"article:published_time\" content=\"2023-12-30T12:00:02+00:00\" \/>\n<meta property=\"og:image\" content=\"https:\/\/transamerica93.com.br\/home\/wp-content\/uploads\/2023\/12\/imagem-28.jpg\" \/>\n\t<meta property=\"og:image:width\" content=\"1170\" \/>\n\t<meta property=\"og:image:height\" content=\"700\" \/>\n\t<meta property=\"og:image:type\" content=\"image\/jpeg\" \/>\n<meta name=\"author\" content=\"Reda\u00e7\u00e3o\" \/>\n<meta name=\"twitter:card\" content=\"summary_large_image\" \/>\n<meta name=\"twitter:creator\" content=\"@transamerica933\" \/>\n<meta name=\"twitter:site\" content=\"@transamerica933\" \/>\n<meta name=\"twitter:label1\" content=\"Escrito por\" \/>\n\t<meta name=\"twitter:data1\" content=\"Reda\u00e7\u00e3o\" \/>\n\t<meta name=\"twitter:label2\" content=\"Est. tempo de leitura\" \/>\n\t<meta name=\"twitter:data2\" content=\"4 minutos\" \/>\n<script type=\"application\/ld+json\" class=\"yoast-schema-graph\">{\"@context\":\"https:\\\/\\\/schema.org\",\"@graph\":[{\"@type\":\"Article\",\"@id\":\"https:\\\/\\\/transamerica93.com.br\\\/home\\\/inscricoes-para-o-sisu-comecam-dia-22-e-vao-ate-25-de-janeiro\\\/#article\",\"isPartOf\":{\"@id\":\"https:\\\/\\\/transamerica93.com.br\\\/home\\\/inscricoes-para-o-sisu-comecam-dia-22-e-vao-ate-25-de-janeiro\\\/\"},\"author\":{\"name\":\"Reda\u00e7\u00e3o\",\"@id\":\"https:\\\/\\\/transamerica93.com.br\\\/home\\\/#\\\/schema\\\/person\\\/7fed7c99c0d4562efa8561bc0f543172\"},\"headline\":\"Inscri\u00e7\u00f5es para o Sisu come\u00e7am dia 22 e v\u00e3o at\u00e9 25 de janeiro\",\"datePublished\":\"2023-12-30T12:00:02+00:00\",\"mainEntityOfPage\":{\"@id\":\"https:\\\/\\\/transamerica93.com.br\\\/home\\\/inscricoes-para-o-sisu-comecam-dia-22-e-vao-ate-25-de-janeiro\\\/\"},\"wordCount\":563,\"publisher\":{\"@id\":\"https:\\\/\\\/transamerica93.com.br\\\/home\\\/#organization\"},\"image\":{\"@id\":\"https:\\\/\\\/transamerica93.com.br\\\/home\\\/inscricoes-para-o-sisu-comecam-dia-22-e-vao-ate-25-de-janeiro\\\/#primaryimage\"},\"thumbnailUrl\":\"https:\\\/\\\/transamerica93.com.br\\\/home\\\/wp-content\\\/uploads\\\/2023\\\/12\\\/imagem-28.jpg\",\"articleSection\":[\"Geral\"],\"inLanguage\":\"pt-BR\"},{\"@type\":\"WebPage\",\"@id\":\"https:\\\/\\\/transamerica93.com.br\\\/home\\\/inscricoes-para-o-sisu-comecam-dia-22-e-vao-ate-25-de-janeiro\\\/\",\"url\":\"https:\\\/\\\/transamerica93.com.br\\\/home\\\/inscricoes-para-o-sisu-comecam-dia-22-e-vao-ate-25-de-janeiro\\\/\",\"name\":\"Inscri\u00e7\u00f5es para o Sisu come\u00e7am dia 22 e v\u00e3o at\u00e9 25 de janeiro - Transam\u00e9rica Mococa 93,3\",\"isPartOf\":{\"@id\":\"https:\\\/\\\/transamerica93.com.br\\\/home\\\/#website\"},\"primaryImageOfPage\":{\"@id\":\"https:\\\/\\\/transamerica93.com.br\\\/home\\\/inscricoes-para-o-sisu-comecam-dia-22-e-vao-ate-25-de-janeiro\\\/#primaryimage\"},\"image\":{\"@id\":\"https:\\\/\\\/transamerica93.com.br\\\/home\\\/inscricoes-para-o-sisu-comecam-dia-22-e-vao-ate-25-de-janeiro\\\/#primaryimage\"},\"thumbnailUrl\":\"https:\\\/\\\/transamerica93.com.br\\\/home\\\/wp-content\\\/uploads\\\/2023\\\/12\\\/imagem-28.jpg\",\"datePublished\":\"2023-12-30T12:00:02+00:00\",\"breadcrumb\":{\"@id\":\"https:\\\/\\\/transamerica93.com.br\\\/home\\\/inscricoes-para-o-sisu-comecam-dia-22-e-vao-ate-25-de-janeiro\\\/#breadcrumb\"},\"inLanguage\":\"pt-BR\",\"potentialAction\":[{\"@type\":\"ReadAction\",\"target\":[\"https:\\\/\\\/transamerica93.com.br\\\/home\\\/inscricoes-para-o-sisu-comecam-dia-22-e-vao-ate-25-de-janeiro\\\/\"]}]},{\"@type\":\"ImageObject\",\"inLanguage\":\"pt-BR\",\"@id\":\"https:\\\/\\\/transamerica93.com.br\\\/home\\\/inscricoes-para-o-sisu-comecam-dia-22-e-vao-ate-25-de-janeiro\\\/#primaryimage\",\"url\":\"https:\\\/\\\/transamerica93.com.br\\\/home\\\/wp-content\\\/uploads\\\/2023\\\/12\\\/imagem-28.jpg\",\"contentUrl\":\"https:\\\/\\\/transamerica93.com.br\\\/home\\\/wp-content\\\/uploads\\\/2023\\\/12\\\/imagem-28.jpg\",\"width\":1170,\"height\":700,\"caption\":\"\u00a9 Rafa Neddermeyer\\\/Ag\u00eancia Brasil\"},{\"@type\":\"BreadcrumbList\",\"@id\":\"https:\\\/\\\/transamerica93.com.br\\\/home\\\/inscricoes-para-o-sisu-comecam-dia-22-e-vao-ate-25-de-janeiro\\\/#breadcrumb\",\"itemListElement\":[{\"@type\":\"ListItem\",\"position\":1,\"name\":\"In\u00edcio\",\"item\":\"https:\\\/\\\/transamerica93.com.br\\\/home\\\/\"},{\"@type\":\"ListItem\",\"position\":2,\"name\":\"Inscri\u00e7\u00f5es para o Sisu come\u00e7am dia 22 e v\u00e3o at\u00e9 25 de janeiro\"}]},{\"@type\":\"WebSite\",\"@id\":\"https:\\\/\\\/transamerica93.com.br\\\/home\\\/#website\",\"url\":\"https:\\\/\\\/transamerica93.com.br\\\/home\\\/\",\"name\":\"Transam\u00e9rica Mococa 93,3\",\"description\":\"\",\"publisher\":{\"@id\":\"https:\\\/\\\/transamerica93.com.br\\\/home\\\/#organization\"},\"potentialAction\":[{\"@type\":\"SearchAction\",\"target\":{\"@type\":\"EntryPoint\",\"urlTemplate\":\"https:\\\/\\\/transamerica93.com.br\\\/home\\\/?s={search_term_string}\"},\"query-input\":{\"@type\":\"PropertyValueSpecification\",\"valueRequired\":true,\"valueName\":\"search_term_string\"}}],\"inLanguage\":\"pt-BR\"},{\"@type\":\"Organization\",\"@id\":\"https:\\\/\\\/transamerica93.com.br\\\/home\\\/#organization\",\"name\":\"Transam\u00e9rica Mococa 93,3\",\"url\":\"https:\\\/\\\/transamerica93.com.br\\\/home\\\/\",\"logo\":{\"@type\":\"ImageObject\",\"inLanguage\":\"pt-BR\",\"@id\":\"https:\\\/\\\/transamerica93.com.br\\\/home\\\/#\\\/schema\\\/logo\\\/image\\\/\",\"url\":\"https:\\\/\\\/transamerica93.com.br\\\/home\\\/wp-content\\\/uploads\\\/2023\\\/10\\\/logo2.png\",\"contentUrl\":\"https:\\\/\\\/transamerica93.com.br\\\/home\\\/wp-content\\\/uploads\\\/2023\\\/10\\\/logo2.png\",\"width\":800,\"height\":500,\"caption\":\"Transam\u00e9rica Mococa 93,3\"},\"image\":{\"@id\":\"https:\\\/\\\/transamerica93.com.br\\\/home\\\/#\\\/schema\\\/logo\\\/image\\\/\"},\"sameAs\":[\"https:\\\/\\\/www.facebook.com\\\/transamericamococa\",\"https:\\\/\\\/x.com\\\/transamerica933\",\"https:\\\/\\\/www.instagram.com\\\/transamericamococa\"]},{\"@type\":\"Person\",\"@id\":\"https:\\\/\\\/transamerica93.com.br\\\/home\\\/#\\\/schema\\\/person\\\/7fed7c99c0d4562efa8561bc0f543172\",\"name\":\"Reda\u00e7\u00e3o\",\"image\":{\"@type\":\"ImageObject\",\"inLanguage\":\"pt-BR\",\"@id\":\"https:\\\/\\\/secure.gravatar.com\\\/avatar\\\/1072c6b775fb02ef8506ce967551d95926669a6b7d2c2147b42eea4d7c68395e?s=96&d=mm&r=g\",\"url\":\"https:\\\/\\\/secure.gravatar.com\\\/avatar\\\/1072c6b775fb02ef8506ce967551d95926669a6b7d2c2147b42eea4d7c68395e?s=96&d=mm&r=g\",\"contentUrl\":\"https:\\\/\\\/secure.gravatar.com\\\/avatar\\\/1072c6b775fb02ef8506ce967551d95926669a6b7d2c2147b42eea4d7c68395e?s=96&d=mm&r=g\",\"caption\":\"Reda\u00e7\u00e3o\"},\"sameAs\":[\"https:\\\/\\\/transamerica93.com.br\\\/home\"],\"url\":\"https:\\\/\\\/transamerica93.com.br\\\/home\\\/author\\\/william\\\/\"}]}<\/script>\n<!-- \/ Yoast SEO plugin. -->","yoast_head_json":{"title":"Inscri\u00e7\u00f5es para o Sisu come\u00e7am dia 22 e v\u00e3o at\u00e9 25 de janeiro - Transam\u00e9rica Mococa 93,3","robots":{"index":"index","follow":"follow","max-snippet":"max-snippet:-1","max-image-preview":"max-image-preview:large","max-video-preview":"max-video-preview:-1"},"canonical":"https:\/\/transamerica93.com.br\/home\/inscricoes-para-o-sisu-comecam-dia-22-e-vao-ate-25-de-janeiro\/","og_locale":"pt_BR","og_type":"article","og_title":"Inscri\u00e7\u00f5es para o Sisu come\u00e7am dia 22 e v\u00e3o at\u00e9 25 de janeiro - Transam\u00e9rica Mococa 93,3","og_description":"Sonhos, expectativas e escolhas. Tudo isso deve vir \u00e0 tona, entre 22 e 25 de janeiro, para quem deseja ingressar em uma universidade p\u00fablica no ano que vem. \u00c9 nesse per\u00edodo que os estudantes que realizaram o Exame Nacional do Ensino M\u00e9dio (Enem) v\u00e3o concorrer a 264.254 vagas em 127 institui\u00e7\u00f5es p\u00fablicas, para o primeiro &hellip;","og_url":"https:\/\/transamerica93.com.br\/home\/inscricoes-para-o-sisu-comecam-dia-22-e-vao-ate-25-de-janeiro\/","og_site_name":"Transam\u00e9rica Mococa 93,3","article_publisher":"https:\/\/www.facebook.com\/transamericamococa","article_published_time":"2023-12-30T12:00:02+00:00","og_image":[{"width":1170,"height":700,"url":"https:\/\/transamerica93.com.br\/home\/wp-content\/uploads\/2023\/12\/imagem-28.jpg","type":"image\/jpeg"}],"author":"Reda\u00e7\u00e3o","twitter_card":"summary_large_image","twitter_creator":"@transamerica933","twitter_site":"@transamerica933","twitter_misc":{"Escrito por":"Reda\u00e7\u00e3o","Est. tempo de leitura":"4 minutos"},"schema":{"@context":"https:\/\/schema.org","@graph":[{"@type":"Article","@id":"https:\/\/transamerica93.com.br\/home\/inscricoes-para-o-sisu-comecam-dia-22-e-vao-ate-25-de-janeiro\/#article","isPartOf":{"@id":"https:\/\/transamerica93.com.br\/home\/inscricoes-para-o-sisu-comecam-dia-22-e-vao-ate-25-de-janeiro\/"},"author":{"name":"Reda\u00e7\u00e3o","@id":"https:\/\/transamerica93.com.br\/home\/#\/schema\/person\/7fed7c99c0d4562efa8561bc0f543172"},"headline":"Inscri\u00e7\u00f5es para o Sisu come\u00e7am dia 22 e v\u00e3o at\u00e9 25 de janeiro","datePublished":"2023-12-30T12:00:02+00:00","mainEntityOfPage":{"@id":"https:\/\/transamerica93.com.br\/home\/inscricoes-para-o-sisu-comecam-dia-22-e-vao-ate-25-de-janeiro\/"},"wordCount":563,"publisher":{"@id":"https:\/\/transamerica93.com.br\/home\/#organization"},"image":{"@id":"https:\/\/transamerica93.com.br\/home\/inscricoes-para-o-sisu-comecam-dia-22-e-vao-ate-25-de-janeiro\/#primaryimage"},"thumbnailUrl":"https:\/\/transamerica93.com.br\/home\/wp-content\/uploads\/2023\/12\/imagem-28.jpg","articleSection":["Geral"],"inLanguage":"pt-BR"},{"@type":"WebPage","@id":"https:\/\/transamerica93.com.br\/home\/inscricoes-para-o-sisu-comecam-dia-22-e-vao-ate-25-de-janeiro\/","url":"https:\/\/transamerica93.com.br\/home\/inscricoes-para-o-sisu-comecam-dia-22-e-vao-ate-25-de-janeiro\/","name":"Inscri\u00e7\u00f5es para o Sisu come\u00e7am dia 22 e v\u00e3o at\u00e9 25 de janeiro - Transam\u00e9rica Mococa 93,3","isPartOf":{"@id":"https:\/\/transamerica93.com.br\/home\/#website"},"primaryImageOfPage":{"@id":"https:\/\/transamerica93.com.br\/home\/inscricoes-para-o-sisu-comecam-dia-22-e-vao-ate-25-de-janeiro\/#primaryimage"},"image":{"@id":"https:\/\/transamerica93.com.br\/home\/inscricoes-para-o-sisu-comecam-dia-22-e-vao-ate-25-de-janeiro\/#primaryimage"},"thumbnailUrl":"https:\/\/transamerica93.com.br\/home\/wp-content\/uploads\/2023\/12\/imagem-28.jpg","datePublished":"2023-12-30T12:00:02+00:00","breadcrumb":{"@id":"https:\/\/transamerica93.com.br\/home\/inscricoes-para-o-sisu-comecam-dia-22-e-vao-ate-25-de-janeiro\/#breadcrumb"},"inLanguage":"pt-BR","potentialAction":[{"@type":"ReadAction","target":["https:\/\/transamerica93.com.br\/home\/inscricoes-para-o-sisu-comecam-dia-22-e-vao-ate-25-de-janeiro\/"]}]},{"@type":"ImageObject","inLanguage":"pt-BR","@id":"https:\/\/transamerica93.com.br\/home\/inscricoes-para-o-sisu-comecam-dia-22-e-vao-ate-25-de-janeiro\/#primaryimage","url":"https:\/\/transamerica93.com.br\/home\/wp-content\/uploads\/2023\/12\/imagem-28.jpg","contentUrl":"https:\/\/transamerica93.com.br\/home\/wp-content\/uploads\/2023\/12\/imagem-28.jpg","width":1170,"height":700,"caption":"\u00a9 Rafa Neddermeyer\/Ag\u00eancia Brasil"},{"@type":"BreadcrumbList","@id":"https:\/\/transamerica93.com.br\/home\/inscricoes-para-o-sisu-comecam-dia-22-e-vao-ate-25-de-janeiro\/#breadcrumb","itemListElement":[{"@type":"ListItem","position":1,"name":"In\u00edcio","item":"https:\/\/transamerica93.com.br\/home\/"},{"@type":"ListItem","position":2,"name":"Inscri\u00e7\u00f5es para o Sisu come\u00e7am dia 22 e v\u00e3o at\u00e9 25 de janeiro"}]},{"@type":"WebSite","@id":"https:\/\/transamerica93.com.br\/home\/#website","url":"https:\/\/transamerica93.com.br\/home\/","name":"Transam\u00e9rica Mococa 93,3","description":"","publisher":{"@id":"https:\/\/transamerica93.com.br\/home\/#organization"},"potentialAction":[{"@type":"SearchAction","target":{"@type":"EntryPoint","urlTemplate":"https:\/\/transamerica93.com.br\/home\/?s={search_term_string}"},"query-input":{"@type":"PropertyValueSpecification","valueRequired":true,"valueName":"search_term_string"}}],"inLanguage":"pt-BR"},{"@type":"Organization","@id":"https:\/\/transamerica93.com.br\/home\/#organization","name":"Transam\u00e9rica Mococa 93,3","url":"https:\/\/transamerica93.com.br\/home\/","logo":{"@type":"ImageObject","inLanguage":"pt-BR","@id":"https:\/\/transamerica93.com.br\/home\/#\/schema\/logo\/image\/","url":"https:\/\/transamerica93.com.br\/home\/wp-content\/uploads\/2023\/10\/logo2.png","contentUrl":"https:\/\/transamerica93.com.br\/home\/wp-content\/uploads\/2023\/10\/logo2.png","width":800,"height":500,"caption":"Transam\u00e9rica Mococa 93,3"},"image":{"@id":"https:\/\/transamerica93.com.br\/home\/#\/schema\/logo\/image\/"},"sameAs":["https:\/\/www.facebook.com\/transamericamococa","https:\/\/x.com\/transamerica933","https:\/\/www.instagram.com\/transamericamococa"]},{"@type":"Person","@id":"https:\/\/transamerica93.com.br\/home\/#\/schema\/person\/7fed7c99c0d4562efa8561bc0f543172","name":"Reda\u00e7\u00e3o","image":{"@type":"ImageObject","inLanguage":"pt-BR","@id":"https:\/\/secure.gravatar.com\/avatar\/1072c6b775fb02ef8506ce967551d95926669a6b7d2c2147b42eea4d7c68395e?s=96&d=mm&r=g","url":"https:\/\/secure.gravatar.com\/avatar\/1072c6b775fb02ef8506ce967551d95926669a6b7d2c2147b42eea4d7c68395e?s=96&d=mm&r=g","contentUrl":"https:\/\/secure.gravatar.com\/avatar\/1072c6b775fb02ef8506ce967551d95926669a6b7d2c2147b42eea4d7c68395e?s=96&d=mm&r=g","caption":"Reda\u00e7\u00e3o"},"sameAs":["https:\/\/transamerica93.com.br\/home"],"url":"https:\/\/transamerica93.com.br\/home\/author\/william\/"}]}},"_links":{"self":[{"href":"https:\/\/transamerica93.com.br\/home\/wp-json\/wp\/v2\/posts\/2196","targetHints":{"allow":["GET"]}}],"collection":[{"href":"https:\/\/transamerica93.com.br\/home\/wp-json\/wp\/v2\/posts"}],"about":[{"href":"https:\/\/transamerica93.com.br\/home\/wp-json\/wp\/v2\/types\/post"}],"author":[{"embeddable":true,"href":"https:\/\/transamerica93.com.br\/home\/wp-json\/wp\/v2\/users\/1"}],"replies":[{"embeddable":true,"href":"https:\/\/transamerica93.com.br\/home\/wp-json\/wp\/v2\/comments?post=2196"}],"version-history":[{"count":1,"href":"https:\/\/transamerica93.com.br\/home\/wp-json\/wp\/v2\/posts\/2196\/revisions"}],"predecessor-version":[{"id":2198,"href":"https:\/\/transamerica93.com.br\/home\/wp-json\/wp\/v2\/posts\/2196\/revisions\/2198"}],"wp:featuredmedia":[{"embeddable":true,"href":"https:\/\/transamerica93.com.br\/home\/wp-json\/wp\/v2\/media\/2197"}],"wp:attachment":[{"href":"https:\/\/transamerica93.com.br\/home\/wp-json\/wp\/v2\/media?parent=2196"}],"wp:term":[{"taxonomy":"category","embeddable":true,"href":"https:\/\/transamerica93.com.br\/home\/wp-json\/wp\/v2\/categories?post=2196"},{"taxonomy":"post_tag","embeddable":true,"href":"https:\/\/transamerica93.com.br\/home\/wp-json\/wp\/v2\/tags?post=2196"}],"curies":[{"name":"wp","href":"https:\/\/api.w.org\/{rel}","templated":true}]}}