{"id":2199,"date":"2023-12-29T12:00:23","date_gmt":"2023-12-29T15:00:23","guid":{"rendered":"https:\/\/transamerica93.com.br\/home\/?p=2199"},"modified":"2023-12-29T17:22:34","modified_gmt":"2023-12-29T20:22:34","slug":"um-ano-apos-morte-pele-segue-vivo-na-memoria-dos-brasileiros","status":"publish","type":"post","link":"https:\/\/transamerica93.com.br\/home\/um-ano-apos-morte-pele-segue-vivo-na-memoria-dos-brasileiros\/","title":{"rendered":"Um ano ap\u00f3s morte, Pel\u00e9 segue vivo na mem\u00f3ria dos brasileiros"},"content":{"rendered":"<div class=\"post-item alt-font\">\n<div class=\"post-item-wrap\">\n<p>Nesta sexta-feira (29) faz um ano do dia em que o\u00a0mundo do futebol se despediu de sua realeza. A morte de Edson Arantes do Nascimento, o Pel\u00e9, aos 82 anos, ap\u00f3s complica\u00e7\u00f5es de um c\u00e2ncer de c\u00f3lon, foi manchete no planeta inteiro. Os dribles, os gols e o sorriso do Atleta do S\u00e9culo, que ficam na lembran\u00e7a, mexem ainda mais com quem teve a oportunidade de conviver com o Rei.<img decoding=\"async\" data-src=\"https:\/\/agenciabrasil.ebc.com.br\/ebc.png?id=1574740&amp;o=node\" src=\"data:image\/svg+xml;base64,PHN2ZyB3aWR0aD0iMSIgaGVpZ2h0PSIxIiB4bWxucz0iaHR0cDovL3d3dy53My5vcmcvMjAwMC9zdmciPjwvc3ZnPg==\" class=\"lazyload\" \/><img decoding=\"async\" data-src=\"https:\/\/agenciabrasil.ebc.com.br\/ebc.gif?id=1574740&amp;o=node\" src=\"data:image\/svg+xml;base64,PHN2ZyB3aWR0aD0iMSIgaGVpZ2h0PSIxIiB4bWxucz0iaHR0cDovL3d3dy53My5vcmcvMjAwMC9zdmciPjwvc3ZnPg==\" class=\"lazyload\" \/><\/p>\n<p>&#8220;Trabalhei com ele por 16 anos. [Fizemos] Toda a cataloga\u00e7\u00e3o do acervo dele, perto de 2,5 mil pe\u00e7as. Fizemos excurs\u00f5es por Am\u00e9rica do Sul, \u00c1frica, Brasil. [Pel\u00e9] Era um patr\u00e3o excelente, um grande cora\u00e7\u00e3o, um cara que prezava muito por quem estava por perto, que ajudava muito as pessoas. Tem o lado que poucos conhecem, o de Edson&#8221;, destacou Rog\u00e9rio Zilli, curador do Memorial das Conquistas do Santos Futebol Clube.<\/p>\n<p>Inaugurado h\u00e1 20 anos, o Memorial re\u00fane itens alusivos aos momentos mais importantes da centen\u00e1ria hist\u00f3ria do Peixe. N\u00e3o \u00e0 toa, tem um espa\u00e7o dedicado exclusivamente a Pel\u00e9, que defendeu o clube por 18 anos e conquistou in\u00fameros t\u00edtulos, como dois Mundiais Interclubes, duas Libertadores e seis Campeonatos Brasileiros. Entre os artigos, est\u00e3o camisas antigas e os contratos do Atleta do S\u00e9culo, com destaque ao \u00faltimo, vigente entre 1972 e 1974. A visita simples ao museu &#8211; que fica na pr\u00f3pria Vila Belmiro, est\u00e1dio alvinegro, em Santos (SP) &#8211; custa R$ 25.<\/p>\n<p>Torcedor santista e xar\u00e1 do Rei do Futebol &#8211; inclusive, tamb\u00e9m apelidado de Pel\u00e9 -, Edson Fernando Dias veio de Campo Limpo Paulista (SP) para visitar o Memorial do Peixe. Metal\u00fargico aposentado,\u00a0trouxe o filho, Danilo, para celebrar o anivers\u00e1rio e conhecer mais \u00e0 fundo a hist\u00f3ria do clube e, naturalmente, do eterno camisa 10.<\/p>\n<p>&#8220;Tem muita coisa que a gente j\u00e1 viu, mas em internet e na televis\u00e3o. Estar aqui, ver ao vivo, n\u00e3o tem palavras para explicar. \u00c9 uma coisa que d\u00e1 muito orgulho, de cada vez mais alimentar a paix\u00e3o pelo clube&#8221;, disse Edson.<\/p>\n<p>Ele foi uma das 230 mil pessoas\u00a0que sa\u00edram\u00a0de v\u00e1rios cantos do Brasil e do mundo para estar presente na\u00a0Vila Belmiro, entre 2 e 3 de janeiro, para o vel\u00f3rio de Pel\u00e9. O sepultamento ocorreu no Memorial Necr\u00f3pole Ecum\u00eanica, maior cemit\u00e9rio vertical do mundo, ap\u00f3s cortejo f\u00fanebre por ruas de Santos.<\/p>\n<p>Inicialmente, o corpo ficaria no nono andar do cemit\u00e9rio, em homenagem ao pai de Pel\u00e9, Dondinho, que usava a camisa 9 quando jogador. Um acordo com a fam\u00edlia do Rei, por\u00e9m, resultou na cria\u00e7\u00e3o de um mausol\u00e9u no primeiro andar do cemit\u00e9rio, para facilitar a visita\u00e7\u00e3o dos f\u00e3s.<\/p>\n<p>O espa\u00e7o tem 200 metros quadrados, decorado com grama sint\u00e9tica e camisas que o ex-jogador utilizou no Santos, na sele\u00e7\u00e3o brasileira e no Cosmos (time dos Estados Unidos). O caix\u00e3o com o corpo de Pel\u00e9 \u00e9 dourado. Na entrada, h\u00e1 duas est\u00e1tuas do Atleta do S\u00e9culo em tamanho real. O local, inaugurado em maio,\u00a0recebeu mais de sete mil visitantes em 2023, de acordo com o Memorial. A entrada \u00e9 gratuita, sendo necess\u00e1rio cadastro pr\u00e9vio no site do cemit\u00e9rio.<\/p>\n<p>No Centro de Santos, outra refer\u00eancia ao eterno camisa 10 ganhou mais visibilidade ao longo do primeiro ano da morte do Rei. Fundado em 2014, o Museu Pel\u00e9, com mais de 600 itens do acervo pessoal do Atleta do S\u00e9culo, tamb\u00e9m tem entrada gratuita e se tornou ponto de visita\u00e7\u00e3o obrigat\u00f3rio na cidade.<\/p>\n<p>&#8220;O n\u00famero de turistas [ao Museu Pel\u00e9] aumentou demais, aumentou cinco vezes. V\u00eam pessoas do interior de S\u00e3o Paulo e outros estados, at\u00e9 mesmo de fora do pa\u00eds. Quem viu Pel\u00e9 jogando fica mais emocionado e se identifica muito mais. A gente percebe que principalmente os estrangeiros t\u00eam uma adora\u00e7\u00e3o absurda pelo Pel\u00e9&#8221;, afirmou Kuka Herrador, chefe de Equipamentos e Atra\u00e7\u00f5es Tur\u00edsticas da Prefeitura de Santos.<\/p>\n<h2>Homenagens<\/h2>\n<p>As homenagens a Pel\u00e9 n\u00e3o se limitaram aos dias seguintes \u00e0 morte. Durante o ano, v\u00e1rios\u00a0jogos de futebol no pa\u00eds respeitaram um minuto de sil\u00eancio antes de a bola rolar. Na Supercopa do Brasil, entre Palmeiras e Flamengo, duas filhas do Rei, Fl\u00e1via e Kely Nascimento, subiram no gramado do Est\u00e1dio Man\u00e9 Garrincha com as Ta\u00e7as Jules Rimet das Copas do Mundo que o pai ajudou a sele\u00e7\u00e3o brasileira a conquistar em 1958, 1962 e 1970.<\/p>\n<p>Em S\u00e3o Paulo, as competi\u00e7\u00f5es organizadas pela Federa\u00e7\u00e3o Paulista de Futebol (FPF), da base ao profissional, ganharam uma coroa no trof\u00e9u, em homenagem a Pel\u00e9. Um deles, o do Campeonato Paulista sub-12, ficou com o Santos. A maior parte das ta\u00e7as foram para o Palmeiras, que al\u00e9m de vencer o Paulist\u00e3o, ganhou a Copa S\u00e3o Paulo e os Estaduais sub-11, sub-13, sub-15 e sub-20, todos no masculino.<\/p>\n<p>A S\u00e9rie A do Campeonato Brasileiro, por sua vez, recebeu o nome de Brasileir\u00e3o Rei. Ironicamente, por\u00e9m, foi justamente na edi\u00e7\u00e3o que prestou rever\u00eancia ao maior \u00eddolo que o Santos foi rebaixado \u00e0 segunda divis\u00e3o pela primeira vez.<\/p>\n<p>Fora do futebol, mas ainda no esporte, Pel\u00e9 deu nome aos trof\u00e9us oferecidos aos melhores atletas do ano, masculino e feminino, no Pr\u00eamio Brasil Ol\u00edmpico, realizado no \u00faltimo dia 15 de dezembro. Entre os homens, o ganhador, de maneira in\u00e9dita, foi o arqueiro Marcus D&#8217;Almeida, enquanto a ginasta Rebeca Andrade venceu a disputa das mulheres pela terceira vez.<\/p>\n<div class=\"dnd-widget-wrapper context-cheio_8colunas type-image\">\n<div class=\"dnd-atom-rendered\">\n<div class=\"shadow overflow-hidden rounded-lg d-block w-100\">\n<figure style=\"width: 754px\" class=\"wp-caption alignnone\"><img decoding=\"async\" class=\"flex-fill img-cover lazyload\" title=\"Fernando Fraz\u00e3o\/Ag\u00eancia Brasil\" data-src=\"https:\/\/imagens.ebc.com.br\/WvBoVeghiutp1O7CEzZCGy7riZw=\/754x0\/smart\/https:\/\/agenciabrasil.ebc.com.br\/sites\/default\/files\/thumbnails\/image\/_mg_9061.jpg?itok=UftewuX5\" alt=\"Trecho da Avenida Presidente Castelo Branco, mais conhecida como Radial Oeste, \u00e9 batizado Avenida Rei Pel\u00e9 nas imedia\u00e7\u00f5es do Est\u00e1dio do Maracan\u00e3.\" width=\"754\" height=\"503\" src=\"data:image\/svg+xml;base64,PHN2ZyB3aWR0aD0iMSIgaGVpZ2h0PSIxIiB4bWxucz0iaHR0cDovL3d3dy53My5vcmcvMjAwMC9zdmciPjwvc3ZnPg==\" style=\"--smush-placeholder-width: 754px; --smush-placeholder-aspect-ratio: 754\/503;\" \/><figcaption class=\"wp-caption-text\">Trecho da Avenida Presidente Castelo Branco, mais conhecida como Radial Oeste, \u00e9 batizado Avenida Rei Pel\u00e9 nas imedia\u00e7\u00f5es do Est\u00e1dio do Maracan\u00e3. &#8211;\u00a0Fernando Fraz\u00e3o\/Ag\u00eancia Brasil<\/figcaption><\/figure>\n<\/div>\n<\/div>\n<\/div>\n<p>Pel\u00e9 virou nome de est\u00e1dio em Tr\u00eas Cora\u00e7\u00f5es (MG), sua cidade natal. Tamb\u00e9m batizou avenidas Brasil afora, como a Radial Oeste, no entorno do Est\u00e1dio do Maracan\u00e3, no Rio de Janeiro. E foi eternizado na l\u00edngua portuguesa, ao se tornar\u00a0<a href=\"https:\/\/agenciabrasil.ebc.com.br\/esportes\/noticia\/2023-04\/pele-vira-verbete-do-dicionario-michaelis#:~:text=O%20dicion%C3%A1rio%20Michaelis%20anunciou%20que,nas%20vers%C3%B5es%20f%C3%ADsicas%20da%20obra.&amp;text=O%20REI%20OFICIALMENTE%20EST%C3%81%20NO,%C3%A9%20o%20pel%C3%A9%20do%20Basquete.\" target=\"_blank\" rel=\"noopener\">verbete\u00a0<\/a>no dicion\u00e1rio Michaelis, depois de uma campanha da Pel\u00e9 Foundation e do Santos.<\/p>\n<p>&#8220;Que ou aquele que \u00e9 fora do comum, que ou quem em virtude de sua qualidade, valor ou superioridade n\u00e3o pode ser igualado a nada ou a ningu\u00e9m&#8221;. Ou simplesmente, Pel\u00e9.<\/p>\n<\/div>\n<p class=\"alt-font font-italic my-2 small text-info\">Edi\u00e7\u00e3o: Aline Leal<\/p>\n<\/div>\n","protected":false},"excerpt":{"rendered":"<p>Nesta sexta-feira (29) faz um ano do dia em que o\u00a0mundo do futebol se despediu de sua realeza. A morte de Edson Arantes do Nascimento, o Pel\u00e9, aos 82 anos, ap\u00f3s complica\u00e7\u00f5es de um c\u00e2ncer de c\u00f3lon, foi manchete no planeta inteiro. Os dribles, os gols e o sorriso do Atleta do S\u00e9culo, que ficam &hellip;<\/p>\n","protected":false},"author":1,"featured_media":2200,"comment_status":"closed","ping_status":"closed","sticky":false,"template":"","format":"standard","meta":{"footnotes":""},"categories":[31],"tags":[],"class_list":["post-2199","post","type-post","status-publish","format-standard","has-post-thumbnail","hentry","category-esportes"],"yoast_head":"<!-- This site is optimized with the Yoast SEO plugin v27.4 - https:\/\/yoast.com\/product\/yoast-seo-wordpress\/ -->\n<title>Um ano ap\u00f3s morte, Pel\u00e9 segue vivo na mem\u00f3ria dos brasileiros - Transam\u00e9rica Mococa 93,3<\/title>\n<meta name=\"robots\" content=\"index, follow, max-snippet:-1, max-image-preview:large, max-video-preview:-1\" \/>\n<link rel=\"canonical\" href=\"https:\/\/transamerica93.com.br\/home\/um-ano-apos-morte-pele-segue-vivo-na-memoria-dos-brasileiros\/\" \/>\n<meta property=\"og:locale\" content=\"pt_BR\" \/>\n<meta property=\"og:type\" content=\"article\" \/>\n<meta property=\"og:title\" content=\"Um ano ap\u00f3s morte, Pel\u00e9 segue vivo na mem\u00f3ria dos brasileiros - Transam\u00e9rica Mococa 93,3\" \/>\n<meta property=\"og:description\" content=\"Nesta sexta-feira (29) faz um ano do dia em que o\u00a0mundo do futebol se despediu de sua realeza. A morte de Edson Arantes do Nascimento, o Pel\u00e9, aos 82 anos, ap\u00f3s complica\u00e7\u00f5es de um c\u00e2ncer de c\u00f3lon, foi manchete no planeta inteiro. Os dribles, os gols e o sorriso do Atleta do S\u00e9culo, que ficam &hellip;\" \/>\n<meta property=\"og:url\" content=\"https:\/\/transamerica93.com.br\/home\/um-ano-apos-morte-pele-segue-vivo-na-memoria-dos-brasileiros\/\" \/>\n<meta property=\"og:site_name\" content=\"Transam\u00e9rica Mococa 93,3\" \/>\n<meta property=\"article:publisher\" content=\"https:\/\/www.facebook.com\/transamericamococa\" \/>\n<meta property=\"article:published_time\" content=\"2023-12-29T15:00:23+00:00\" \/>\n<meta property=\"article:modified_time\" content=\"2023-12-29T20:22:34+00:00\" \/>\n<meta property=\"og:image\" content=\"https:\/\/transamerica93.com.br\/home\/wp-content\/uploads\/2023\/12\/imagem2.jpg\" \/>\n\t<meta property=\"og:image:width\" content=\"1170\" \/>\n\t<meta property=\"og:image:height\" content=\"700\" \/>\n\t<meta property=\"og:image:type\" content=\"image\/jpeg\" \/>\n<meta name=\"author\" content=\"Reda\u00e7\u00e3o\" \/>\n<meta name=\"twitter:card\" content=\"summary_large_image\" \/>\n<meta name=\"twitter:creator\" content=\"@transamerica933\" \/>\n<meta name=\"twitter:site\" content=\"@transamerica933\" \/>\n<meta name=\"twitter:label1\" content=\"Escrito por\" \/>\n\t<meta name=\"twitter:data1\" content=\"Reda\u00e7\u00e3o\" \/>\n\t<meta name=\"twitter:label2\" content=\"Est. tempo de leitura\" \/>\n\t<meta name=\"twitter:data2\" content=\"7 minutos\" \/>\n<script type=\"application\/ld+json\" class=\"yoast-schema-graph\">{\"@context\":\"https:\\\/\\\/schema.org\",\"@graph\":[{\"@type\":\"Article\",\"@id\":\"https:\\\/\\\/transamerica93.com.br\\\/home\\\/um-ano-apos-morte-pele-segue-vivo-na-memoria-dos-brasileiros\\\/#article\",\"isPartOf\":{\"@id\":\"https:\\\/\\\/transamerica93.com.br\\\/home\\\/um-ano-apos-morte-pele-segue-vivo-na-memoria-dos-brasileiros\\\/\"},\"author\":{\"name\":\"Reda\u00e7\u00e3o\",\"@id\":\"https:\\\/\\\/transamerica93.com.br\\\/home\\\/#\\\/schema\\\/person\\\/7fed7c99c0d4562efa8561bc0f543172\"},\"headline\":\"Um ano ap\u00f3s morte, Pel\u00e9 segue vivo na mem\u00f3ria dos brasileiros\",\"datePublished\":\"2023-12-29T15:00:23+00:00\",\"dateModified\":\"2023-12-29T20:22:34+00:00\",\"mainEntityOfPage\":{\"@id\":\"https:\\\/\\\/transamerica93.com.br\\\/home\\\/um-ano-apos-morte-pele-segue-vivo-na-memoria-dos-brasileiros\\\/\"},\"wordCount\":1082,\"publisher\":{\"@id\":\"https:\\\/\\\/transamerica93.com.br\\\/home\\\/#organization\"},\"image\":{\"@id\":\"https:\\\/\\\/transamerica93.com.br\\\/home\\\/um-ano-apos-morte-pele-segue-vivo-na-memoria-dos-brasileiros\\\/#primaryimage\"},\"thumbnailUrl\":\"https:\\\/\\\/transamerica93.com.br\\\/home\\\/wp-content\\\/uploads\\\/2023\\\/12\\\/imagem2.jpg\",\"articleSection\":[\"Esportes\"],\"inLanguage\":\"pt-BR\"},{\"@type\":\"WebPage\",\"@id\":\"https:\\\/\\\/transamerica93.com.br\\\/home\\\/um-ano-apos-morte-pele-segue-vivo-na-memoria-dos-brasileiros\\\/\",\"url\":\"https:\\\/\\\/transamerica93.com.br\\\/home\\\/um-ano-apos-morte-pele-segue-vivo-na-memoria-dos-brasileiros\\\/\",\"name\":\"Um ano ap\u00f3s morte, Pel\u00e9 segue vivo na mem\u00f3ria dos brasileiros - Transam\u00e9rica Mococa 93,3\",\"isPartOf\":{\"@id\":\"https:\\\/\\\/transamerica93.com.br\\\/home\\\/#website\"},\"primaryImageOfPage\":{\"@id\":\"https:\\\/\\\/transamerica93.com.br\\\/home\\\/um-ano-apos-morte-pele-segue-vivo-na-memoria-dos-brasileiros\\\/#primaryimage\"},\"image\":{\"@id\":\"https:\\\/\\\/transamerica93.com.br\\\/home\\\/um-ano-apos-morte-pele-segue-vivo-na-memoria-dos-brasileiros\\\/#primaryimage\"},\"thumbnailUrl\":\"https:\\\/\\\/transamerica93.com.br\\\/home\\\/wp-content\\\/uploads\\\/2023\\\/12\\\/imagem2.jpg\",\"datePublished\":\"2023-12-29T15:00:23+00:00\",\"dateModified\":\"2023-12-29T20:22:34+00:00\",\"breadcrumb\":{\"@id\":\"https:\\\/\\\/transamerica93.com.br\\\/home\\\/um-ano-apos-morte-pele-segue-vivo-na-memoria-dos-brasileiros\\\/#breadcrumb\"},\"inLanguage\":\"pt-BR\",\"potentialAction\":[{\"@type\":\"ReadAction\",\"target\":[\"https:\\\/\\\/transamerica93.com.br\\\/home\\\/um-ano-apos-morte-pele-segue-vivo-na-memoria-dos-brasileiros\\\/\"]}]},{\"@type\":\"ImageObject\",\"inLanguage\":\"pt-BR\",\"@id\":\"https:\\\/\\\/transamerica93.com.br\\\/home\\\/um-ano-apos-morte-pele-segue-vivo-na-memoria-dos-brasileiros\\\/#primaryimage\",\"url\":\"https:\\\/\\\/transamerica93.com.br\\\/home\\\/wp-content\\\/uploads\\\/2023\\\/12\\\/imagem2.jpg\",\"contentUrl\":\"https:\\\/\\\/transamerica93.com.br\\\/home\\\/wp-content\\\/uploads\\\/2023\\\/12\\\/imagem2.jpg\",\"width\":1170,\"height\":700,\"caption\":\"\u00a9 REUTERS\\\/Anindito Mukherjee\\\/\\\/Direitos reservados\"},{\"@type\":\"BreadcrumbList\",\"@id\":\"https:\\\/\\\/transamerica93.com.br\\\/home\\\/um-ano-apos-morte-pele-segue-vivo-na-memoria-dos-brasileiros\\\/#breadcrumb\",\"itemListElement\":[{\"@type\":\"ListItem\",\"position\":1,\"name\":\"In\u00edcio\",\"item\":\"https:\\\/\\\/transamerica93.com.br\\\/home\\\/\"},{\"@type\":\"ListItem\",\"position\":2,\"name\":\"Um ano ap\u00f3s morte, Pel\u00e9 segue vivo na mem\u00f3ria dos brasileiros\"}]},{\"@type\":\"WebSite\",\"@id\":\"https:\\\/\\\/transamerica93.com.br\\\/home\\\/#website\",\"url\":\"https:\\\/\\\/transamerica93.com.br\\\/home\\\/\",\"name\":\"Transam\u00e9rica Mococa 93,3\",\"description\":\"\",\"publisher\":{\"@id\":\"https:\\\/\\\/transamerica93.com.br\\\/home\\\/#organization\"},\"potentialAction\":[{\"@type\":\"SearchAction\",\"target\":{\"@type\":\"EntryPoint\",\"urlTemplate\":\"https:\\\/\\\/transamerica93.com.br\\\/home\\\/?s={search_term_string}\"},\"query-input\":{\"@type\":\"PropertyValueSpecification\",\"valueRequired\":true,\"valueName\":\"search_term_string\"}}],\"inLanguage\":\"pt-BR\"},{\"@type\":\"Organization\",\"@id\":\"https:\\\/\\\/transamerica93.com.br\\\/home\\\/#organization\",\"name\":\"Transam\u00e9rica Mococa 93,3\",\"url\":\"https:\\\/\\\/transamerica93.com.br\\\/home\\\/\",\"logo\":{\"@type\":\"ImageObject\",\"inLanguage\":\"pt-BR\",\"@id\":\"https:\\\/\\\/transamerica93.com.br\\\/home\\\/#\\\/schema\\\/logo\\\/image\\\/\",\"url\":\"https:\\\/\\\/transamerica93.com.br\\\/home\\\/wp-content\\\/uploads\\\/2023\\\/10\\\/logo2.png\",\"contentUrl\":\"https:\\\/\\\/transamerica93.com.br\\\/home\\\/wp-content\\\/uploads\\\/2023\\\/10\\\/logo2.png\",\"width\":800,\"height\":500,\"caption\":\"Transam\u00e9rica Mococa 93,3\"},\"image\":{\"@id\":\"https:\\\/\\\/transamerica93.com.br\\\/home\\\/#\\\/schema\\\/logo\\\/image\\\/\"},\"sameAs\":[\"https:\\\/\\\/www.facebook.com\\\/transamericamococa\",\"https:\\\/\\\/x.com\\\/transamerica933\",\"https:\\\/\\\/www.instagram.com\\\/transamericamococa\"]},{\"@type\":\"Person\",\"@id\":\"https:\\\/\\\/transamerica93.com.br\\\/home\\\/#\\\/schema\\\/person\\\/7fed7c99c0d4562efa8561bc0f543172\",\"name\":\"Reda\u00e7\u00e3o\",\"image\":{\"@type\":\"ImageObject\",\"inLanguage\":\"pt-BR\",\"@id\":\"https:\\\/\\\/secure.gravatar.com\\\/avatar\\\/1072c6b775fb02ef8506ce967551d95926669a6b7d2c2147b42eea4d7c68395e?s=96&d=mm&r=g\",\"url\":\"https:\\\/\\\/secure.gravatar.com\\\/avatar\\\/1072c6b775fb02ef8506ce967551d95926669a6b7d2c2147b42eea4d7c68395e?s=96&d=mm&r=g\",\"contentUrl\":\"https:\\\/\\\/secure.gravatar.com\\\/avatar\\\/1072c6b775fb02ef8506ce967551d95926669a6b7d2c2147b42eea4d7c68395e?s=96&d=mm&r=g\",\"caption\":\"Reda\u00e7\u00e3o\"},\"sameAs\":[\"https:\\\/\\\/transamerica93.com.br\\\/home\"],\"url\":\"https:\\\/\\\/transamerica93.com.br\\\/home\\\/author\\\/william\\\/\"}]}<\/script>\n<!-- \/ Yoast SEO plugin. -->","yoast_head_json":{"title":"Um ano ap\u00f3s morte, Pel\u00e9 segue vivo na mem\u00f3ria dos brasileiros - Transam\u00e9rica Mococa 93,3","robots":{"index":"index","follow":"follow","max-snippet":"max-snippet:-1","max-image-preview":"max-image-preview:large","max-video-preview":"max-video-preview:-1"},"canonical":"https:\/\/transamerica93.com.br\/home\/um-ano-apos-morte-pele-segue-vivo-na-memoria-dos-brasileiros\/","og_locale":"pt_BR","og_type":"article","og_title":"Um ano ap\u00f3s morte, Pel\u00e9 segue vivo na mem\u00f3ria dos brasileiros - Transam\u00e9rica Mococa 93,3","og_description":"Nesta sexta-feira (29) faz um ano do dia em que o\u00a0mundo do futebol se despediu de sua realeza. A morte de Edson Arantes do Nascimento, o Pel\u00e9, aos 82 anos, ap\u00f3s complica\u00e7\u00f5es de um c\u00e2ncer de c\u00f3lon, foi manchete no planeta inteiro. Os dribles, os gols e o sorriso do Atleta do S\u00e9culo, que ficam &hellip;","og_url":"https:\/\/transamerica93.com.br\/home\/um-ano-apos-morte-pele-segue-vivo-na-memoria-dos-brasileiros\/","og_site_name":"Transam\u00e9rica Mococa 93,3","article_publisher":"https:\/\/www.facebook.com\/transamericamococa","article_published_time":"2023-12-29T15:00:23+00:00","article_modified_time":"2023-12-29T20:22:34+00:00","og_image":[{"width":1170,"height":700,"url":"https:\/\/transamerica93.com.br\/home\/wp-content\/uploads\/2023\/12\/imagem2.jpg","type":"image\/jpeg"}],"author":"Reda\u00e7\u00e3o","twitter_card":"summary_large_image","twitter_creator":"@transamerica933","twitter_site":"@transamerica933","twitter_misc":{"Escrito por":"Reda\u00e7\u00e3o","Est. tempo de leitura":"7 minutos"},"schema":{"@context":"https:\/\/schema.org","@graph":[{"@type":"Article","@id":"https:\/\/transamerica93.com.br\/home\/um-ano-apos-morte-pele-segue-vivo-na-memoria-dos-brasileiros\/#article","isPartOf":{"@id":"https:\/\/transamerica93.com.br\/home\/um-ano-apos-morte-pele-segue-vivo-na-memoria-dos-brasileiros\/"},"author":{"name":"Reda\u00e7\u00e3o","@id":"https:\/\/transamerica93.com.br\/home\/#\/schema\/person\/7fed7c99c0d4562efa8561bc0f543172"},"headline":"Um ano ap\u00f3s morte, Pel\u00e9 segue vivo na mem\u00f3ria dos brasileiros","datePublished":"2023-12-29T15:00:23+00:00","dateModified":"2023-12-29T20:22:34+00:00","mainEntityOfPage":{"@id":"https:\/\/transamerica93.com.br\/home\/um-ano-apos-morte-pele-segue-vivo-na-memoria-dos-brasileiros\/"},"wordCount":1082,"publisher":{"@id":"https:\/\/transamerica93.com.br\/home\/#organization"},"image":{"@id":"https:\/\/transamerica93.com.br\/home\/um-ano-apos-morte-pele-segue-vivo-na-memoria-dos-brasileiros\/#primaryimage"},"thumbnailUrl":"https:\/\/transamerica93.com.br\/home\/wp-content\/uploads\/2023\/12\/imagem2.jpg","articleSection":["Esportes"],"inLanguage":"pt-BR"},{"@type":"WebPage","@id":"https:\/\/transamerica93.com.br\/home\/um-ano-apos-morte-pele-segue-vivo-na-memoria-dos-brasileiros\/","url":"https:\/\/transamerica93.com.br\/home\/um-ano-apos-morte-pele-segue-vivo-na-memoria-dos-brasileiros\/","name":"Um ano ap\u00f3s morte, Pel\u00e9 segue vivo na mem\u00f3ria dos brasileiros - Transam\u00e9rica Mococa 93,3","isPartOf":{"@id":"https:\/\/transamerica93.com.br\/home\/#website"},"primaryImageOfPage":{"@id":"https:\/\/transamerica93.com.br\/home\/um-ano-apos-morte-pele-segue-vivo-na-memoria-dos-brasileiros\/#primaryimage"},"image":{"@id":"https:\/\/transamerica93.com.br\/home\/um-ano-apos-morte-pele-segue-vivo-na-memoria-dos-brasileiros\/#primaryimage"},"thumbnailUrl":"https:\/\/transamerica93.com.br\/home\/wp-content\/uploads\/2023\/12\/imagem2.jpg","datePublished":"2023-12-29T15:00:23+00:00","dateModified":"2023-12-29T20:22:34+00:00","breadcrumb":{"@id":"https:\/\/transamerica93.com.br\/home\/um-ano-apos-morte-pele-segue-vivo-na-memoria-dos-brasileiros\/#breadcrumb"},"inLanguage":"pt-BR","potentialAction":[{"@type":"ReadAction","target":["https:\/\/transamerica93.com.br\/home\/um-ano-apos-morte-pele-segue-vivo-na-memoria-dos-brasileiros\/"]}]},{"@type":"ImageObject","inLanguage":"pt-BR","@id":"https:\/\/transamerica93.com.br\/home\/um-ano-apos-morte-pele-segue-vivo-na-memoria-dos-brasileiros\/#primaryimage","url":"https:\/\/transamerica93.com.br\/home\/wp-content\/uploads\/2023\/12\/imagem2.jpg","contentUrl":"https:\/\/transamerica93.com.br\/home\/wp-content\/uploads\/2023\/12\/imagem2.jpg","width":1170,"height":700,"caption":"\u00a9 REUTERS\/Anindito Mukherjee\/\/Direitos reservados"},{"@type":"BreadcrumbList","@id":"https:\/\/transamerica93.com.br\/home\/um-ano-apos-morte-pele-segue-vivo-na-memoria-dos-brasileiros\/#breadcrumb","itemListElement":[{"@type":"ListItem","position":1,"name":"In\u00edcio","item":"https:\/\/transamerica93.com.br\/home\/"},{"@type":"ListItem","position":2,"name":"Um ano ap\u00f3s morte, Pel\u00e9 segue vivo na mem\u00f3ria dos brasileiros"}]},{"@type":"WebSite","@id":"https:\/\/transamerica93.com.br\/home\/#website","url":"https:\/\/transamerica93.com.br\/home\/","name":"Transam\u00e9rica Mococa 93,3","description":"","publisher":{"@id":"https:\/\/transamerica93.com.br\/home\/#organization"},"potentialAction":[{"@type":"SearchAction","target":{"@type":"EntryPoint","urlTemplate":"https:\/\/transamerica93.com.br\/home\/?s={search_term_string}"},"query-input":{"@type":"PropertyValueSpecification","valueRequired":true,"valueName":"search_term_string"}}],"inLanguage":"pt-BR"},{"@type":"Organization","@id":"https:\/\/transamerica93.com.br\/home\/#organization","name":"Transam\u00e9rica Mococa 93,3","url":"https:\/\/transamerica93.com.br\/home\/","logo":{"@type":"ImageObject","inLanguage":"pt-BR","@id":"https:\/\/transamerica93.com.br\/home\/#\/schema\/logo\/image\/","url":"https:\/\/transamerica93.com.br\/home\/wp-content\/uploads\/2023\/10\/logo2.png","contentUrl":"https:\/\/transamerica93.com.br\/home\/wp-content\/uploads\/2023\/10\/logo2.png","width":800,"height":500,"caption":"Transam\u00e9rica Mococa 93,3"},"image":{"@id":"https:\/\/transamerica93.com.br\/home\/#\/schema\/logo\/image\/"},"sameAs":["https:\/\/www.facebook.com\/transamericamococa","https:\/\/x.com\/transamerica933","https:\/\/www.instagram.com\/transamericamococa"]},{"@type":"Person","@id":"https:\/\/transamerica93.com.br\/home\/#\/schema\/person\/7fed7c99c0d4562efa8561bc0f543172","name":"Reda\u00e7\u00e3o","image":{"@type":"ImageObject","inLanguage":"pt-BR","@id":"https:\/\/secure.gravatar.com\/avatar\/1072c6b775fb02ef8506ce967551d95926669a6b7d2c2147b42eea4d7c68395e?s=96&d=mm&r=g","url":"https:\/\/secure.gravatar.com\/avatar\/1072c6b775fb02ef8506ce967551d95926669a6b7d2c2147b42eea4d7c68395e?s=96&d=mm&r=g","contentUrl":"https:\/\/secure.gravatar.com\/avatar\/1072c6b775fb02ef8506ce967551d95926669a6b7d2c2147b42eea4d7c68395e?s=96&d=mm&r=g","caption":"Reda\u00e7\u00e3o"},"sameAs":["https:\/\/transamerica93.com.br\/home"],"url":"https:\/\/transamerica93.com.br\/home\/author\/william\/"}]}},"_links":{"self":[{"href":"https:\/\/transamerica93.com.br\/home\/wp-json\/wp\/v2\/posts\/2199","targetHints":{"allow":["GET"]}}],"collection":[{"href":"https:\/\/transamerica93.com.br\/home\/wp-json\/wp\/v2\/posts"}],"about":[{"href":"https:\/\/transamerica93.com.br\/home\/wp-json\/wp\/v2\/types\/post"}],"author":[{"embeddable":true,"href":"https:\/\/transamerica93.com.br\/home\/wp-json\/wp\/v2\/users\/1"}],"replies":[{"embeddable":true,"href":"https:\/\/transamerica93.com.br\/home\/wp-json\/wp\/v2\/comments?post=2199"}],"version-history":[{"count":1,"href":"https:\/\/transamerica93.com.br\/home\/wp-json\/wp\/v2\/posts\/2199\/revisions"}],"predecessor-version":[{"id":2201,"href":"https:\/\/transamerica93.com.br\/home\/wp-json\/wp\/v2\/posts\/2199\/revisions\/2201"}],"wp:featuredmedia":[{"embeddable":true,"href":"https:\/\/transamerica93.com.br\/home\/wp-json\/wp\/v2\/media\/2200"}],"wp:attachment":[{"href":"https:\/\/transamerica93.com.br\/home\/wp-json\/wp\/v2\/media?parent=2199"}],"wp:term":[{"taxonomy":"category","embeddable":true,"href":"https:\/\/transamerica93.com.br\/home\/wp-json\/wp\/v2\/categories?post=2199"},{"taxonomy":"post_tag","embeddable":true,"href":"https:\/\/transamerica93.com.br\/home\/wp-json\/wp\/v2\/tags?post=2199"}],"curies":[{"name":"wp","href":"https:\/\/api.w.org\/{rel}","templated":true}]}}