{"id":2214,"date":"2023-12-31T12:00:31","date_gmt":"2023-12-31T15:00:31","guid":{"rendered":"https:\/\/transamerica93.com.br\/home\/?p=2214"},"modified":"2023-12-29T17:36:55","modified_gmt":"2023-12-29T20:36:55","slug":"bernardinho-assume-o-comando-da-selecao-masculina-de-volei","status":"publish","type":"post","link":"https:\/\/transamerica93.com.br\/home\/bernardinho-assume-o-comando-da-selecao-masculina-de-volei\/","title":{"rendered":"Bernardinho assume o comando da sele\u00e7\u00e3o masculina de v\u00f4lei"},"content":{"rendered":"<div class=\"post-item-wrap\">\n<p>O t\u00e9cnico Bernardinho retornou ao comando da sele\u00e7\u00e3o brasileira de v\u00f4lei masculino, anunciou a Confedera\u00e7\u00e3o Brasileira de Voleibol (CBV) na noite desta quarta-feira (27) por meio de um comunicado. Ele retorna ao comando da equipe nacional at\u00e9 a pr\u00f3xima edi\u00e7\u00e3o dos Jogos Ol\u00edmpicos, em 2024 em Paris (Fran\u00e7a), ap\u00f3s a decis\u00e3o de Renan Dal Zotto de deixar a posi\u00e7\u00e3o.<img decoding=\"async\" data-src=\"https:\/\/agenciabrasil.ebc.com.br\/ebc.png?id=1574561&amp;o=node\" src=\"data:image\/svg+xml;base64,PHN2ZyB3aWR0aD0iMSIgaGVpZ2h0PSIxIiB4bWxucz0iaHR0cDovL3d3dy53My5vcmcvMjAwMC9zdmciPjwvc3ZnPg==\" class=\"lazyload\" \/><img decoding=\"async\" data-src=\"https:\/\/agenciabrasil.ebc.com.br\/ebc.gif?id=1574561&amp;o=node\" src=\"data:image\/svg+xml;base64,PHN2ZyB3aWR0aD0iMSIgaGVpZ2h0PSIxIiB4bWxucz0iaHR0cDovL3d3dy53My5vcmcvMjAwMC9zdmciPjwvc3ZnPg==\" class=\"lazyload\" \/><\/p>\n<p>Esta ser\u00e1 a s\u00e9tima vez em que Bernardinho comanda o Brasil em uma edi\u00e7\u00e3o de Jogos Ol\u00edmpicos. Pela sele\u00e7\u00e3o masculina ele conquistou dois ouros (Atenas 2004 e Rio 2016) e duas pratas (Pequim 2008 e Londres 2012). Com a equipe feminina ele alcan\u00e7ou dois bronzes (Atlanta 1996 e Sydney 2000). Al\u00e9m disso, como jogador ele garantiu uma prata (Los Angeles 1984) para o Brasil.<\/p>\n<div class=\"twitter-tweet twitter-tweet-rendered\"><iframe id=\"twitter-widget-0\" title=\"X Post\" data-src=\"https:\/\/platform.twitter.com\/embed\/Tweet.html?creatorScreenName=agenciabrasil&amp;dnt=false&amp;embedId=twitter-widget-0&amp;features=eyJ0ZndfdGltZWxpbmVfbGlzdCI6eyJidWNrZXQiOltdLCJ2ZXJzaW9uIjpudWxsfSwidGZ3X2ZvbGxvd2VyX2NvdW50X3N1bnNldCI6eyJidWNrZXQiOnRydWUsInZlcnNpb24iOm51bGx9LCJ0ZndfdHdlZXRfZWRpdF9iYWNrZW5kIjp7ImJ1Y2tldCI6Im9uIiwidmVyc2lvbiI6bnVsbH0sInRmd19yZWZzcmNfc2Vzc2lvbiI6eyJidWNrZXQiOiJvbiIsInZlcnNpb24iOm51bGx9LCJ0ZndfZm9zbnJfc29mdF9pbnRlcnZlbnRpb25zX2VuYWJsZWQiOnsiYnVja2V0Ijoib24iLCJ2ZXJzaW9uIjpudWxsfSwidGZ3X21peGVkX21lZGlhXzE1ODk3Ijp7ImJ1Y2tldCI6InRyZWF0bWVudCIsInZlcnNpb24iOm51bGx9LCJ0ZndfZXhwZXJpbWVudHNfY29va2llX2V4cGlyYXRpb24iOnsiYnVja2V0IjoxMjA5NjAwLCJ2ZXJzaW9uIjpudWxsfSwidGZ3X3Nob3dfYmlyZHdhdGNoX3Bpdm90c19lbmFibGVkIjp7ImJ1Y2tldCI6Im9uIiwidmVyc2lvbiI6bnVsbH0sInRmd19kdXBsaWNhdGVfc2NyaWJlc190b19zZXR0aW5ncyI6eyJidWNrZXQiOiJvbiIsInZlcnNpb24iOm51bGx9LCJ0ZndfdXNlX3Byb2ZpbGVfaW1hZ2Vfc2hhcGVfZW5hYmxlZCI6eyJidWNrZXQiOiJvbiIsInZlcnNpb24iOm51bGx9LCJ0ZndfdmlkZW9faGxzX2R5bmFtaWNfbWFuaWZlc3RzXzE1MDgyIjp7ImJ1Y2tldCI6InRydWVfYml0cmF0ZSIsInZlcnNpb24iOm51bGx9LCJ0ZndfbGVnYWN5X3RpbWVsaW5lX3N1bnNldCI6eyJidWNrZXQiOnRydWUsInZlcnNpb24iOm51bGx9LCJ0ZndfdHdlZXRfZWRpdF9mcm9udGVuZCI6eyJidWNrZXQiOiJvbiIsInZlcnNpb24iOm51bGx9fQ%3D%3D&amp;frame=false&amp;hideCard=false&amp;hideThread=false&amp;id=1740160698850881739&amp;lang=pt&amp;origin=https%3A%2F%2Fagenciabrasil.ebc.com.br%2Fesportes%2Fnoticia%2F2023-12%2Fbernardinho-assume-o-comando-da-selecao-masculina-de-volei&amp;sessionId=9f016c9ebcf66579724b55a716126c44f8dd6dae&amp;siteScreenName=agenciabrasil&amp;theme=light&amp;widgetsVersion=2615f7e52b7e0%3A1702314776716&amp;width=550px\" frameborder=\"0\" scrolling=\"no\" allowfullscreen=\"allowfullscreen\" data-tweet-id=\"1740160698850881739\" data-mce-fragment=\"1\" src=\"data:image\/svg+xml;base64,PHN2ZyB3aWR0aD0iMSIgaGVpZ2h0PSIxIiB4bWxucz0iaHR0cDovL3d3dy53My5vcmcvMjAwMC9zdmciPjwvc3ZnPg==\" class=\"lazyload\" data-load-mode=\"1\"><\/iframe><\/div>\n<div><\/div>\n<p>\u201cVoltei para contribuir. A decis\u00e3o do Renan [Dal Zotto, de deixar a sele\u00e7\u00e3o] foi uma grande surpresa, mas respeito muito sua iniciativa de cuidar da sa\u00fade e da fam\u00edlia. Ele fez um trabalho muito bom e deixa a sele\u00e7\u00e3o classificada para os Jogos Ol\u00edmpicos\u201d, declarou Bernardinho, que tamb\u00e9m continuar\u00e1 no comando da equipe do Sesc Flamengo na Superliga Feminina de V\u00f4lei.<\/p>\n<p>\u201cBernardinho tem seu nome escrito na hist\u00f3ria do esporte mundial, \u00e9 uma felicidade para o v\u00f4lei brasileiro contar com um profissional com esse talento e hist\u00f3rico. Ele j\u00e1 estava atuando como coordenador t\u00e9cnico das equipes masculinas adultas e de base, em um trabalho integrado que visa os Jogos Ol\u00edmpicos de 2024, 2028 e 2032. Esse projeto continua e, neste momento, nada mais natural do que ele assumir o comando da sele\u00e7\u00e3o adulta. Fizemos o convite e ele aceitou o desafio de acumular os dois cargos at\u00e9 o fim deste ciclo ol\u00edmpico\u201d, declarou o presidente da CBV, Radam\u00e9s Lattari.<\/p>\n<\/div>\n<p class=\"alt-font font-italic my-2 small text-info\">Edi\u00e7\u00e3o: F\u00e1bio Lisboa<\/p>\n","protected":false},"excerpt":{"rendered":"<p>O t\u00e9cnico Bernardinho retornou ao comando da sele\u00e7\u00e3o brasileira de v\u00f4lei masculino, anunciou a Confedera\u00e7\u00e3o Brasileira de Voleibol (CBV) na noite desta quarta-feira (27) por meio de um comunicado. Ele retorna ao comando da equipe nacional at\u00e9 a pr\u00f3xima edi\u00e7\u00e3o dos Jogos Ol\u00edmpicos, em 2024 em Paris (Fran\u00e7a), ap\u00f3s a decis\u00e3o de Renan Dal Zotto &hellip;<\/p>\n","protected":false},"author":1,"featured_media":2215,"comment_status":"closed","ping_status":"closed","sticky":false,"template":"","format":"standard","meta":{"footnotes":""},"categories":[31],"tags":[],"class_list":["post-2214","post","type-post","status-publish","format-standard","has-post-thumbnail","hentry","category-esportes"],"yoast_head":"<!-- This site is optimized with the Yoast SEO plugin v27.4 - https:\/\/yoast.com\/product\/yoast-seo-wordpress\/ -->\n<title>Bernardinho assume o comando da sele\u00e7\u00e3o masculina de v\u00f4lei - Transam\u00e9rica Mococa 93,3<\/title>\n<meta name=\"robots\" content=\"index, follow, max-snippet:-1, max-image-preview:large, max-video-preview:-1\" \/>\n<link rel=\"canonical\" href=\"https:\/\/transamerica93.com.br\/home\/bernardinho-assume-o-comando-da-selecao-masculina-de-volei\/\" \/>\n<meta property=\"og:locale\" content=\"pt_BR\" \/>\n<meta property=\"og:type\" content=\"article\" \/>\n<meta property=\"og:title\" content=\"Bernardinho assume o comando da sele\u00e7\u00e3o masculina de v\u00f4lei - Transam\u00e9rica Mococa 93,3\" \/>\n<meta property=\"og:description\" content=\"O t\u00e9cnico Bernardinho retornou ao comando da sele\u00e7\u00e3o brasileira de v\u00f4lei masculino, anunciou a Confedera\u00e7\u00e3o Brasileira de Voleibol (CBV) na noite desta quarta-feira (27) por meio de um comunicado. Ele retorna ao comando da equipe nacional at\u00e9 a pr\u00f3xima edi\u00e7\u00e3o dos Jogos Ol\u00edmpicos, em 2024 em Paris (Fran\u00e7a), ap\u00f3s a decis\u00e3o de Renan Dal Zotto &hellip;\" \/>\n<meta property=\"og:url\" content=\"https:\/\/transamerica93.com.br\/home\/bernardinho-assume-o-comando-da-selecao-masculina-de-volei\/\" \/>\n<meta property=\"og:site_name\" content=\"Transam\u00e9rica Mococa 93,3\" \/>\n<meta property=\"article:publisher\" content=\"https:\/\/www.facebook.com\/transamericamococa\" \/>\n<meta property=\"article:published_time\" content=\"2023-12-31T15:00:31+00:00\" \/>\n<meta property=\"og:image\" content=\"https:\/\/transamerica93.com.br\/home\/wp-content\/uploads\/2023\/12\/imagem-30.jpg\" \/>\n\t<meta property=\"og:image:width\" content=\"1170\" \/>\n\t<meta property=\"og:image:height\" content=\"700\" \/>\n\t<meta property=\"og:image:type\" content=\"image\/jpeg\" \/>\n<meta name=\"author\" content=\"Reda\u00e7\u00e3o\" \/>\n<meta name=\"twitter:card\" content=\"summary_large_image\" \/>\n<meta name=\"twitter:creator\" content=\"@transamerica933\" \/>\n<meta name=\"twitter:site\" content=\"@transamerica933\" \/>\n<meta name=\"twitter:label1\" content=\"Escrito por\" \/>\n\t<meta name=\"twitter:data1\" content=\"Reda\u00e7\u00e3o\" \/>\n\t<meta name=\"twitter:label2\" content=\"Est. tempo de leitura\" \/>\n\t<meta name=\"twitter:data2\" content=\"2 minutos\" \/>\n<script type=\"application\/ld+json\" class=\"yoast-schema-graph\">{\"@context\":\"https:\\\/\\\/schema.org\",\"@graph\":[{\"@type\":\"Article\",\"@id\":\"https:\\\/\\\/transamerica93.com.br\\\/home\\\/bernardinho-assume-o-comando-da-selecao-masculina-de-volei\\\/#article\",\"isPartOf\":{\"@id\":\"https:\\\/\\\/transamerica93.com.br\\\/home\\\/bernardinho-assume-o-comando-da-selecao-masculina-de-volei\\\/\"},\"author\":{\"name\":\"Reda\u00e7\u00e3o\",\"@id\":\"https:\\\/\\\/transamerica93.com.br\\\/home\\\/#\\\/schema\\\/person\\\/7fed7c99c0d4562efa8561bc0f543172\"},\"headline\":\"Bernardinho assume o comando da sele\u00e7\u00e3o masculina de v\u00f4lei\",\"datePublished\":\"2023-12-31T15:00:31+00:00\",\"mainEntityOfPage\":{\"@id\":\"https:\\\/\\\/transamerica93.com.br\\\/home\\\/bernardinho-assume-o-comando-da-selecao-masculina-de-volei\\\/\"},\"wordCount\":318,\"publisher\":{\"@id\":\"https:\\\/\\\/transamerica93.com.br\\\/home\\\/#organization\"},\"image\":{\"@id\":\"https:\\\/\\\/transamerica93.com.br\\\/home\\\/bernardinho-assume-o-comando-da-selecao-masculina-de-volei\\\/#primaryimage\"},\"thumbnailUrl\":\"https:\\\/\\\/transamerica93.com.br\\\/home\\\/wp-content\\\/uploads\\\/2023\\\/12\\\/imagem-30.jpg\",\"articleSection\":[\"Esportes\"],\"inLanguage\":\"pt-BR\"},{\"@type\":\"WebPage\",\"@id\":\"https:\\\/\\\/transamerica93.com.br\\\/home\\\/bernardinho-assume-o-comando-da-selecao-masculina-de-volei\\\/\",\"url\":\"https:\\\/\\\/transamerica93.com.br\\\/home\\\/bernardinho-assume-o-comando-da-selecao-masculina-de-volei\\\/\",\"name\":\"Bernardinho assume o comando da sele\u00e7\u00e3o masculina de v\u00f4lei - Transam\u00e9rica Mococa 93,3\",\"isPartOf\":{\"@id\":\"https:\\\/\\\/transamerica93.com.br\\\/home\\\/#website\"},\"primaryImageOfPage\":{\"@id\":\"https:\\\/\\\/transamerica93.com.br\\\/home\\\/bernardinho-assume-o-comando-da-selecao-masculina-de-volei\\\/#primaryimage\"},\"image\":{\"@id\":\"https:\\\/\\\/transamerica93.com.br\\\/home\\\/bernardinho-assume-o-comando-da-selecao-masculina-de-volei\\\/#primaryimage\"},\"thumbnailUrl\":\"https:\\\/\\\/transamerica93.com.br\\\/home\\\/wp-content\\\/uploads\\\/2023\\\/12\\\/imagem-30.jpg\",\"datePublished\":\"2023-12-31T15:00:31+00:00\",\"breadcrumb\":{\"@id\":\"https:\\\/\\\/transamerica93.com.br\\\/home\\\/bernardinho-assume-o-comando-da-selecao-masculina-de-volei\\\/#breadcrumb\"},\"inLanguage\":\"pt-BR\",\"potentialAction\":[{\"@type\":\"ReadAction\",\"target\":[\"https:\\\/\\\/transamerica93.com.br\\\/home\\\/bernardinho-assume-o-comando-da-selecao-masculina-de-volei\\\/\"]}]},{\"@type\":\"ImageObject\",\"inLanguage\":\"pt-BR\",\"@id\":\"https:\\\/\\\/transamerica93.com.br\\\/home\\\/bernardinho-assume-o-comando-da-selecao-masculina-de-volei\\\/#primaryimage\",\"url\":\"https:\\\/\\\/transamerica93.com.br\\\/home\\\/wp-content\\\/uploads\\\/2023\\\/12\\\/imagem-30.jpg\",\"contentUrl\":\"https:\\\/\\\/transamerica93.com.br\\\/home\\\/wp-content\\\/uploads\\\/2023\\\/12\\\/imagem-30.jpg\",\"width\":1170,\"height\":700,\"caption\":\"\u00a9 Reprodu\u00e7\u00e3o Twitter\\\/FFvolle\"},{\"@type\":\"BreadcrumbList\",\"@id\":\"https:\\\/\\\/transamerica93.com.br\\\/home\\\/bernardinho-assume-o-comando-da-selecao-masculina-de-volei\\\/#breadcrumb\",\"itemListElement\":[{\"@type\":\"ListItem\",\"position\":1,\"name\":\"In\u00edcio\",\"item\":\"https:\\\/\\\/transamerica93.com.br\\\/home\\\/\"},{\"@type\":\"ListItem\",\"position\":2,\"name\":\"Bernardinho assume o comando da sele\u00e7\u00e3o masculina de v\u00f4lei\"}]},{\"@type\":\"WebSite\",\"@id\":\"https:\\\/\\\/transamerica93.com.br\\\/home\\\/#website\",\"url\":\"https:\\\/\\\/transamerica93.com.br\\\/home\\\/\",\"name\":\"Transam\u00e9rica Mococa 93,3\",\"description\":\"\",\"publisher\":{\"@id\":\"https:\\\/\\\/transamerica93.com.br\\\/home\\\/#organization\"},\"potentialAction\":[{\"@type\":\"SearchAction\",\"target\":{\"@type\":\"EntryPoint\",\"urlTemplate\":\"https:\\\/\\\/transamerica93.com.br\\\/home\\\/?s={search_term_string}\"},\"query-input\":{\"@type\":\"PropertyValueSpecification\",\"valueRequired\":true,\"valueName\":\"search_term_string\"}}],\"inLanguage\":\"pt-BR\"},{\"@type\":\"Organization\",\"@id\":\"https:\\\/\\\/transamerica93.com.br\\\/home\\\/#organization\",\"name\":\"Transam\u00e9rica Mococa 93,3\",\"url\":\"https:\\\/\\\/transamerica93.com.br\\\/home\\\/\",\"logo\":{\"@type\":\"ImageObject\",\"inLanguage\":\"pt-BR\",\"@id\":\"https:\\\/\\\/transamerica93.com.br\\\/home\\\/#\\\/schema\\\/logo\\\/image\\\/\",\"url\":\"https:\\\/\\\/transamerica93.com.br\\\/home\\\/wp-content\\\/uploads\\\/2023\\\/10\\\/logo2.png\",\"contentUrl\":\"https:\\\/\\\/transamerica93.com.br\\\/home\\\/wp-content\\\/uploads\\\/2023\\\/10\\\/logo2.png\",\"width\":800,\"height\":500,\"caption\":\"Transam\u00e9rica Mococa 93,3\"},\"image\":{\"@id\":\"https:\\\/\\\/transamerica93.com.br\\\/home\\\/#\\\/schema\\\/logo\\\/image\\\/\"},\"sameAs\":[\"https:\\\/\\\/www.facebook.com\\\/transamericamococa\",\"https:\\\/\\\/x.com\\\/transamerica933\",\"https:\\\/\\\/www.instagram.com\\\/transamericamococa\"]},{\"@type\":\"Person\",\"@id\":\"https:\\\/\\\/transamerica93.com.br\\\/home\\\/#\\\/schema\\\/person\\\/7fed7c99c0d4562efa8561bc0f543172\",\"name\":\"Reda\u00e7\u00e3o\",\"image\":{\"@type\":\"ImageObject\",\"inLanguage\":\"pt-BR\",\"@id\":\"https:\\\/\\\/secure.gravatar.com\\\/avatar\\\/1072c6b775fb02ef8506ce967551d95926669a6b7d2c2147b42eea4d7c68395e?s=96&d=mm&r=g\",\"url\":\"https:\\\/\\\/secure.gravatar.com\\\/avatar\\\/1072c6b775fb02ef8506ce967551d95926669a6b7d2c2147b42eea4d7c68395e?s=96&d=mm&r=g\",\"contentUrl\":\"https:\\\/\\\/secure.gravatar.com\\\/avatar\\\/1072c6b775fb02ef8506ce967551d95926669a6b7d2c2147b42eea4d7c68395e?s=96&d=mm&r=g\",\"caption\":\"Reda\u00e7\u00e3o\"},\"sameAs\":[\"https:\\\/\\\/transamerica93.com.br\\\/home\"],\"url\":\"https:\\\/\\\/transamerica93.com.br\\\/home\\\/author\\\/william\\\/\"}]}<\/script>\n<!-- \/ Yoast SEO plugin. -->","yoast_head_json":{"title":"Bernardinho assume o comando da sele\u00e7\u00e3o masculina de v\u00f4lei - Transam\u00e9rica Mococa 93,3","robots":{"index":"index","follow":"follow","max-snippet":"max-snippet:-1","max-image-preview":"max-image-preview:large","max-video-preview":"max-video-preview:-1"},"canonical":"https:\/\/transamerica93.com.br\/home\/bernardinho-assume-o-comando-da-selecao-masculina-de-volei\/","og_locale":"pt_BR","og_type":"article","og_title":"Bernardinho assume o comando da sele\u00e7\u00e3o masculina de v\u00f4lei - Transam\u00e9rica Mococa 93,3","og_description":"O t\u00e9cnico Bernardinho retornou ao comando da sele\u00e7\u00e3o brasileira de v\u00f4lei masculino, anunciou a Confedera\u00e7\u00e3o Brasileira de Voleibol (CBV) na noite desta quarta-feira (27) por meio de um comunicado. Ele retorna ao comando da equipe nacional at\u00e9 a pr\u00f3xima edi\u00e7\u00e3o dos Jogos Ol\u00edmpicos, em 2024 em Paris (Fran\u00e7a), ap\u00f3s a decis\u00e3o de Renan Dal Zotto &hellip;","og_url":"https:\/\/transamerica93.com.br\/home\/bernardinho-assume-o-comando-da-selecao-masculina-de-volei\/","og_site_name":"Transam\u00e9rica Mococa 93,3","article_publisher":"https:\/\/www.facebook.com\/transamericamococa","article_published_time":"2023-12-31T15:00:31+00:00","og_image":[{"width":1170,"height":700,"url":"https:\/\/transamerica93.com.br\/home\/wp-content\/uploads\/2023\/12\/imagem-30.jpg","type":"image\/jpeg"}],"author":"Reda\u00e7\u00e3o","twitter_card":"summary_large_image","twitter_creator":"@transamerica933","twitter_site":"@transamerica933","twitter_misc":{"Escrito por":"Reda\u00e7\u00e3o","Est. tempo de leitura":"2 minutos"},"schema":{"@context":"https:\/\/schema.org","@graph":[{"@type":"Article","@id":"https:\/\/transamerica93.com.br\/home\/bernardinho-assume-o-comando-da-selecao-masculina-de-volei\/#article","isPartOf":{"@id":"https:\/\/transamerica93.com.br\/home\/bernardinho-assume-o-comando-da-selecao-masculina-de-volei\/"},"author":{"name":"Reda\u00e7\u00e3o","@id":"https:\/\/transamerica93.com.br\/home\/#\/schema\/person\/7fed7c99c0d4562efa8561bc0f543172"},"headline":"Bernardinho assume o comando da sele\u00e7\u00e3o masculina de v\u00f4lei","datePublished":"2023-12-31T15:00:31+00:00","mainEntityOfPage":{"@id":"https:\/\/transamerica93.com.br\/home\/bernardinho-assume-o-comando-da-selecao-masculina-de-volei\/"},"wordCount":318,"publisher":{"@id":"https:\/\/transamerica93.com.br\/home\/#organization"},"image":{"@id":"https:\/\/transamerica93.com.br\/home\/bernardinho-assume-o-comando-da-selecao-masculina-de-volei\/#primaryimage"},"thumbnailUrl":"https:\/\/transamerica93.com.br\/home\/wp-content\/uploads\/2023\/12\/imagem-30.jpg","articleSection":["Esportes"],"inLanguage":"pt-BR"},{"@type":"WebPage","@id":"https:\/\/transamerica93.com.br\/home\/bernardinho-assume-o-comando-da-selecao-masculina-de-volei\/","url":"https:\/\/transamerica93.com.br\/home\/bernardinho-assume-o-comando-da-selecao-masculina-de-volei\/","name":"Bernardinho assume o comando da sele\u00e7\u00e3o masculina de v\u00f4lei - Transam\u00e9rica Mococa 93,3","isPartOf":{"@id":"https:\/\/transamerica93.com.br\/home\/#website"},"primaryImageOfPage":{"@id":"https:\/\/transamerica93.com.br\/home\/bernardinho-assume-o-comando-da-selecao-masculina-de-volei\/#primaryimage"},"image":{"@id":"https:\/\/transamerica93.com.br\/home\/bernardinho-assume-o-comando-da-selecao-masculina-de-volei\/#primaryimage"},"thumbnailUrl":"https:\/\/transamerica93.com.br\/home\/wp-content\/uploads\/2023\/12\/imagem-30.jpg","datePublished":"2023-12-31T15:00:31+00:00","breadcrumb":{"@id":"https:\/\/transamerica93.com.br\/home\/bernardinho-assume-o-comando-da-selecao-masculina-de-volei\/#breadcrumb"},"inLanguage":"pt-BR","potentialAction":[{"@type":"ReadAction","target":["https:\/\/transamerica93.com.br\/home\/bernardinho-assume-o-comando-da-selecao-masculina-de-volei\/"]}]},{"@type":"ImageObject","inLanguage":"pt-BR","@id":"https:\/\/transamerica93.com.br\/home\/bernardinho-assume-o-comando-da-selecao-masculina-de-volei\/#primaryimage","url":"https:\/\/transamerica93.com.br\/home\/wp-content\/uploads\/2023\/12\/imagem-30.jpg","contentUrl":"https:\/\/transamerica93.com.br\/home\/wp-content\/uploads\/2023\/12\/imagem-30.jpg","width":1170,"height":700,"caption":"\u00a9 Reprodu\u00e7\u00e3o Twitter\/FFvolle"},{"@type":"BreadcrumbList","@id":"https:\/\/transamerica93.com.br\/home\/bernardinho-assume-o-comando-da-selecao-masculina-de-volei\/#breadcrumb","itemListElement":[{"@type":"ListItem","position":1,"name":"In\u00edcio","item":"https:\/\/transamerica93.com.br\/home\/"},{"@type":"ListItem","position":2,"name":"Bernardinho assume o comando da sele\u00e7\u00e3o masculina de v\u00f4lei"}]},{"@type":"WebSite","@id":"https:\/\/transamerica93.com.br\/home\/#website","url":"https:\/\/transamerica93.com.br\/home\/","name":"Transam\u00e9rica Mococa 93,3","description":"","publisher":{"@id":"https:\/\/transamerica93.com.br\/home\/#organization"},"potentialAction":[{"@type":"SearchAction","target":{"@type":"EntryPoint","urlTemplate":"https:\/\/transamerica93.com.br\/home\/?s={search_term_string}"},"query-input":{"@type":"PropertyValueSpecification","valueRequired":true,"valueName":"search_term_string"}}],"inLanguage":"pt-BR"},{"@type":"Organization","@id":"https:\/\/transamerica93.com.br\/home\/#organization","name":"Transam\u00e9rica Mococa 93,3","url":"https:\/\/transamerica93.com.br\/home\/","logo":{"@type":"ImageObject","inLanguage":"pt-BR","@id":"https:\/\/transamerica93.com.br\/home\/#\/schema\/logo\/image\/","url":"https:\/\/transamerica93.com.br\/home\/wp-content\/uploads\/2023\/10\/logo2.png","contentUrl":"https:\/\/transamerica93.com.br\/home\/wp-content\/uploads\/2023\/10\/logo2.png","width":800,"height":500,"caption":"Transam\u00e9rica Mococa 93,3"},"image":{"@id":"https:\/\/transamerica93.com.br\/home\/#\/schema\/logo\/image\/"},"sameAs":["https:\/\/www.facebook.com\/transamericamococa","https:\/\/x.com\/transamerica933","https:\/\/www.instagram.com\/transamericamococa"]},{"@type":"Person","@id":"https:\/\/transamerica93.com.br\/home\/#\/schema\/person\/7fed7c99c0d4562efa8561bc0f543172","name":"Reda\u00e7\u00e3o","image":{"@type":"ImageObject","inLanguage":"pt-BR","@id":"https:\/\/secure.gravatar.com\/avatar\/1072c6b775fb02ef8506ce967551d95926669a6b7d2c2147b42eea4d7c68395e?s=96&d=mm&r=g","url":"https:\/\/secure.gravatar.com\/avatar\/1072c6b775fb02ef8506ce967551d95926669a6b7d2c2147b42eea4d7c68395e?s=96&d=mm&r=g","contentUrl":"https:\/\/secure.gravatar.com\/avatar\/1072c6b775fb02ef8506ce967551d95926669a6b7d2c2147b42eea4d7c68395e?s=96&d=mm&r=g","caption":"Reda\u00e7\u00e3o"},"sameAs":["https:\/\/transamerica93.com.br\/home"],"url":"https:\/\/transamerica93.com.br\/home\/author\/william\/"}]}},"_links":{"self":[{"href":"https:\/\/transamerica93.com.br\/home\/wp-json\/wp\/v2\/posts\/2214","targetHints":{"allow":["GET"]}}],"collection":[{"href":"https:\/\/transamerica93.com.br\/home\/wp-json\/wp\/v2\/posts"}],"about":[{"href":"https:\/\/transamerica93.com.br\/home\/wp-json\/wp\/v2\/types\/post"}],"author":[{"embeddable":true,"href":"https:\/\/transamerica93.com.br\/home\/wp-json\/wp\/v2\/users\/1"}],"replies":[{"embeddable":true,"href":"https:\/\/transamerica93.com.br\/home\/wp-json\/wp\/v2\/comments?post=2214"}],"version-history":[{"count":2,"href":"https:\/\/transamerica93.com.br\/home\/wp-json\/wp\/v2\/posts\/2214\/revisions"}],"predecessor-version":[{"id":2217,"href":"https:\/\/transamerica93.com.br\/home\/wp-json\/wp\/v2\/posts\/2214\/revisions\/2217"}],"wp:featuredmedia":[{"embeddable":true,"href":"https:\/\/transamerica93.com.br\/home\/wp-json\/wp\/v2\/media\/2215"}],"wp:attachment":[{"href":"https:\/\/transamerica93.com.br\/home\/wp-json\/wp\/v2\/media?parent=2214"}],"wp:term":[{"taxonomy":"category","embeddable":true,"href":"https:\/\/transamerica93.com.br\/home\/wp-json\/wp\/v2\/categories?post=2214"},{"taxonomy":"post_tag","embeddable":true,"href":"https:\/\/transamerica93.com.br\/home\/wp-json\/wp\/v2\/tags?post=2214"}],"curies":[{"name":"wp","href":"https:\/\/api.w.org\/{rel}","templated":true}]}}