{"id":2219,"date":"2024-01-01T12:00:38","date_gmt":"2024-01-01T15:00:38","guid":{"rendered":"https:\/\/transamerica93.com.br\/home\/?p=2219"},"modified":"2023-12-29T17:40:02","modified_gmt":"2023-12-29T20:40:02","slug":"brasil-tera-17-atletas-nos-jogos-olimpicos-de-inverno-da-juventude","status":"publish","type":"post","link":"https:\/\/transamerica93.com.br\/home\/brasil-tera-17-atletas-nos-jogos-olimpicos-de-inverno-da-juventude\/","title":{"rendered":"Brasil ter\u00e1 17 atletas nos Jogos Ol\u00edmpicos de Inverno da Juventude"},"content":{"rendered":"<div class=\"post-item-wrap\">\n<p>A equipe de atletas que representar\u00e1 o Brasil na pr\u00f3xima edi\u00e7\u00e3o dos Jogos Ol\u00edmpicos de Inverno da Juventude cresceu. Ap\u00f3s a convoca\u00e7\u00e3o feita pela Confedera\u00e7\u00e3o Brasileira de Desportos na Neve (CBDN) na \u00faltima ter\u00e7a-feira (21), a Federa\u00e7\u00e3o Internacional de Esqui (FIS, na sigla em ingl\u00eas) realocou as vagas continentais, o que garantiu \u00e0 equipe brasileira mais duas vagas.<img decoding=\"async\" data-src=\"https:\/\/agenciabrasil.ebc.com.br\/ebc.png?id=1574285&amp;o=node\" src=\"data:image\/svg+xml;base64,PHN2ZyB3aWR0aD0iMSIgaGVpZ2h0PSIxIiB4bWxucz0iaHR0cDovL3d3dy53My5vcmcvMjAwMC9zdmciPjwvc3ZnPg==\" class=\"lazyload\" \/><img decoding=\"async\" data-src=\"https:\/\/agenciabrasil.ebc.com.br\/ebc.gif?id=1574285&amp;o=node\" src=\"data:image\/svg+xml;base64,PHN2ZyB3aWR0aD0iMSIgaGVpZ2h0PSIxIiB4bWxucz0iaHR0cDovL3d3dy53My5vcmcvMjAwMC9zdmciPjwvc3ZnPg==\" class=\"lazyload\" \/><\/p>\n<p>Desta forma a CBDN convocou os atletas Gabriel Santos e Mariana Silva, que se juntam a Ian Francisco da Silva e J\u00falia Reis na disputa do esqui cross country. Assim o Brasil passa a ter o total de 17 representantes na pr\u00f3xima edi\u00e7\u00e3o da competi\u00e7\u00e3o, que ser\u00e1 disputada a partir do dia 19 de janeiro na prov\u00edncia de Gangwon, na Rep\u00fablica da Coreia.<\/p>\n<p>\u201cNo momento em que fui convocada tive uma sensa\u00e7\u00e3o inexplic\u00e1vel. Saber que vou fazer parte do Time Brasil na neve me deixa muito honrada. Tenho certeza de que ser\u00e1 uma temporada inesquec\u00edvel. Espero ter bons resultados e me dedicar ao m\u00e1ximo\u201d, declarou Mariana.<\/p>\n<p>A 4\u00aa edi\u00e7\u00e3o dos Jogos Ol\u00edmpicos de Inverno da Juventude contar\u00e1 com aproximadamente 1.900 jovens atletas competindo em 81 eventos de sete esportes e 15 disciplinas. O Brasil inicia o evento com uma marca importante: o recorde tanto no n\u00famero de atletas (17), quanto de modalidades das quais tomar\u00e1 parte (7).<\/p>\n<p>Al\u00e9m dos quatro atletas do esqui cross country, o Brasil ser\u00e1 representado por Pedro Ribeiro, Guilherme Melo, Julia Gentile e Rafaela Ladeira no curling, Jo\u00e3o Teixeira e Zion Beth\u00f4nico no snowboard, os irm\u00e3os g\u00eameos Alice e Arthur Padilha no esqui alpino, Luiz Felipe Seixas e Andr\u00e9 Luiz dos Santos no bobsled, Cau\u00ea Miota e Eduardo Strapasson no skeleton e Lucas Koo na patina\u00e7\u00e3o velocidade.<\/p>\n<\/div>\n<p class=\"alt-font font-italic my-2 small text-info\">Edi\u00e7\u00e3o: F\u00e1bio Lisboa<\/p>\n","protected":false},"excerpt":{"rendered":"<p>A equipe de atletas que representar\u00e1 o Brasil na pr\u00f3xima edi\u00e7\u00e3o dos Jogos Ol\u00edmpicos de Inverno da Juventude cresceu. Ap\u00f3s a convoca\u00e7\u00e3o feita pela Confedera\u00e7\u00e3o Brasileira de Desportos na Neve (CBDN) na \u00faltima ter\u00e7a-feira (21), a Federa\u00e7\u00e3o Internacional de Esqui (FIS, na sigla em ingl\u00eas) realocou as vagas continentais, o que garantiu \u00e0 equipe brasileira &hellip;<\/p>\n","protected":false},"author":1,"featured_media":2220,"comment_status":"closed","ping_status":"closed","sticky":false,"template":"","format":"standard","meta":{"footnotes":""},"categories":[31],"tags":[],"class_list":["post-2219","post","type-post","status-publish","format-standard","has-post-thumbnail","hentry","category-esportes"],"yoast_head":"<!-- This site is optimized with the Yoast SEO plugin v27.4 - https:\/\/yoast.com\/product\/yoast-seo-wordpress\/ -->\n<title>Brasil ter\u00e1 17 atletas nos Jogos Ol\u00edmpicos de Inverno da Juventude - Transam\u00e9rica Mococa 93,3<\/title>\n<meta name=\"robots\" content=\"index, follow, max-snippet:-1, max-image-preview:large, max-video-preview:-1\" \/>\n<link rel=\"canonical\" href=\"https:\/\/transamerica93.com.br\/home\/brasil-tera-17-atletas-nos-jogos-olimpicos-de-inverno-da-juventude\/\" \/>\n<meta property=\"og:locale\" content=\"pt_BR\" \/>\n<meta property=\"og:type\" content=\"article\" \/>\n<meta property=\"og:title\" content=\"Brasil ter\u00e1 17 atletas nos Jogos Ol\u00edmpicos de Inverno da Juventude - Transam\u00e9rica Mococa 93,3\" \/>\n<meta property=\"og:description\" content=\"A equipe de atletas que representar\u00e1 o Brasil na pr\u00f3xima edi\u00e7\u00e3o dos Jogos Ol\u00edmpicos de Inverno da Juventude cresceu. Ap\u00f3s a convoca\u00e7\u00e3o feita pela Confedera\u00e7\u00e3o Brasileira de Desportos na Neve (CBDN) na \u00faltima ter\u00e7a-feira (21), a Federa\u00e7\u00e3o Internacional de Esqui (FIS, na sigla em ingl\u00eas) realocou as vagas continentais, o que garantiu \u00e0 equipe brasileira &hellip;\" \/>\n<meta property=\"og:url\" content=\"https:\/\/transamerica93.com.br\/home\/brasil-tera-17-atletas-nos-jogos-olimpicos-de-inverno-da-juventude\/\" \/>\n<meta property=\"og:site_name\" content=\"Transam\u00e9rica Mococa 93,3\" \/>\n<meta property=\"article:publisher\" content=\"https:\/\/www.facebook.com\/transamericamococa\" \/>\n<meta property=\"article:published_time\" content=\"2024-01-01T15:00:38+00:00\" \/>\n<meta property=\"og:image\" content=\"https:\/\/transamerica93.com.br\/home\/wp-content\/uploads\/2023\/12\/imagem-31.jpg\" \/>\n\t<meta property=\"og:image:width\" content=\"1170\" \/>\n\t<meta property=\"og:image:height\" content=\"700\" \/>\n\t<meta property=\"og:image:type\" content=\"image\/jpeg\" \/>\n<meta name=\"author\" content=\"Reda\u00e7\u00e3o\" \/>\n<meta name=\"twitter:card\" content=\"summary_large_image\" \/>\n<meta name=\"twitter:creator\" content=\"@transamerica933\" \/>\n<meta name=\"twitter:site\" content=\"@transamerica933\" \/>\n<meta name=\"twitter:label1\" content=\"Escrito por\" \/>\n\t<meta name=\"twitter:data1\" content=\"Reda\u00e7\u00e3o\" \/>\n\t<meta name=\"twitter:label2\" content=\"Est. tempo de leitura\" \/>\n\t<meta name=\"twitter:data2\" content=\"2 minutos\" \/>\n<script type=\"application\/ld+json\" class=\"yoast-schema-graph\">{\"@context\":\"https:\\\/\\\/schema.org\",\"@graph\":[{\"@type\":\"Article\",\"@id\":\"https:\\\/\\\/transamerica93.com.br\\\/home\\\/brasil-tera-17-atletas-nos-jogos-olimpicos-de-inverno-da-juventude\\\/#article\",\"isPartOf\":{\"@id\":\"https:\\\/\\\/transamerica93.com.br\\\/home\\\/brasil-tera-17-atletas-nos-jogos-olimpicos-de-inverno-da-juventude\\\/\"},\"author\":{\"name\":\"Reda\u00e7\u00e3o\",\"@id\":\"https:\\\/\\\/transamerica93.com.br\\\/home\\\/#\\\/schema\\\/person\\\/7fed7c99c0d4562efa8561bc0f543172\"},\"headline\":\"Brasil ter\u00e1 17 atletas nos Jogos Ol\u00edmpicos de Inverno da Juventude\",\"datePublished\":\"2024-01-01T15:00:38+00:00\",\"mainEntityOfPage\":{\"@id\":\"https:\\\/\\\/transamerica93.com.br\\\/home\\\/brasil-tera-17-atletas-nos-jogos-olimpicos-de-inverno-da-juventude\\\/\"},\"wordCount\":313,\"publisher\":{\"@id\":\"https:\\\/\\\/transamerica93.com.br\\\/home\\\/#organization\"},\"image\":{\"@id\":\"https:\\\/\\\/transamerica93.com.br\\\/home\\\/brasil-tera-17-atletas-nos-jogos-olimpicos-de-inverno-da-juventude\\\/#primaryimage\"},\"thumbnailUrl\":\"https:\\\/\\\/transamerica93.com.br\\\/home\\\/wp-content\\\/uploads\\\/2023\\\/12\\\/imagem-31.jpg\",\"articleSection\":[\"Esportes\"],\"inLanguage\":\"pt-BR\"},{\"@type\":\"WebPage\",\"@id\":\"https:\\\/\\\/transamerica93.com.br\\\/home\\\/brasil-tera-17-atletas-nos-jogos-olimpicos-de-inverno-da-juventude\\\/\",\"url\":\"https:\\\/\\\/transamerica93.com.br\\\/home\\\/brasil-tera-17-atletas-nos-jogos-olimpicos-de-inverno-da-juventude\\\/\",\"name\":\"Brasil ter\u00e1 17 atletas nos Jogos Ol\u00edmpicos de Inverno da Juventude - Transam\u00e9rica Mococa 93,3\",\"isPartOf\":{\"@id\":\"https:\\\/\\\/transamerica93.com.br\\\/home\\\/#website\"},\"primaryImageOfPage\":{\"@id\":\"https:\\\/\\\/transamerica93.com.br\\\/home\\\/brasil-tera-17-atletas-nos-jogos-olimpicos-de-inverno-da-juventude\\\/#primaryimage\"},\"image\":{\"@id\":\"https:\\\/\\\/transamerica93.com.br\\\/home\\\/brasil-tera-17-atletas-nos-jogos-olimpicos-de-inverno-da-juventude\\\/#primaryimage\"},\"thumbnailUrl\":\"https:\\\/\\\/transamerica93.com.br\\\/home\\\/wp-content\\\/uploads\\\/2023\\\/12\\\/imagem-31.jpg\",\"datePublished\":\"2024-01-01T15:00:38+00:00\",\"breadcrumb\":{\"@id\":\"https:\\\/\\\/transamerica93.com.br\\\/home\\\/brasil-tera-17-atletas-nos-jogos-olimpicos-de-inverno-da-juventude\\\/#breadcrumb\"},\"inLanguage\":\"pt-BR\",\"potentialAction\":[{\"@type\":\"ReadAction\",\"target\":[\"https:\\\/\\\/transamerica93.com.br\\\/home\\\/brasil-tera-17-atletas-nos-jogos-olimpicos-de-inverno-da-juventude\\\/\"]}]},{\"@type\":\"ImageObject\",\"inLanguage\":\"pt-BR\",\"@id\":\"https:\\\/\\\/transamerica93.com.br\\\/home\\\/brasil-tera-17-atletas-nos-jogos-olimpicos-de-inverno-da-juventude\\\/#primaryimage\",\"url\":\"https:\\\/\\\/transamerica93.com.br\\\/home\\\/wp-content\\\/uploads\\\/2023\\\/12\\\/imagem-31.jpg\",\"contentUrl\":\"https:\\\/\\\/transamerica93.com.br\\\/home\\\/wp-content\\\/uploads\\\/2023\\\/12\\\/imagem-31.jpg\",\"width\":1170,\"height\":700,\"caption\":\"\u00a9 PAWEL KOPCZYNSKI\"},{\"@type\":\"BreadcrumbList\",\"@id\":\"https:\\\/\\\/transamerica93.com.br\\\/home\\\/brasil-tera-17-atletas-nos-jogos-olimpicos-de-inverno-da-juventude\\\/#breadcrumb\",\"itemListElement\":[{\"@type\":\"ListItem\",\"position\":1,\"name\":\"In\u00edcio\",\"item\":\"https:\\\/\\\/transamerica93.com.br\\\/home\\\/\"},{\"@type\":\"ListItem\",\"position\":2,\"name\":\"Brasil ter\u00e1 17 atletas nos Jogos Ol\u00edmpicos de Inverno da Juventude\"}]},{\"@type\":\"WebSite\",\"@id\":\"https:\\\/\\\/transamerica93.com.br\\\/home\\\/#website\",\"url\":\"https:\\\/\\\/transamerica93.com.br\\\/home\\\/\",\"name\":\"Transam\u00e9rica Mococa 93,3\",\"description\":\"\",\"publisher\":{\"@id\":\"https:\\\/\\\/transamerica93.com.br\\\/home\\\/#organization\"},\"potentialAction\":[{\"@type\":\"SearchAction\",\"target\":{\"@type\":\"EntryPoint\",\"urlTemplate\":\"https:\\\/\\\/transamerica93.com.br\\\/home\\\/?s={search_term_string}\"},\"query-input\":{\"@type\":\"PropertyValueSpecification\",\"valueRequired\":true,\"valueName\":\"search_term_string\"}}],\"inLanguage\":\"pt-BR\"},{\"@type\":\"Organization\",\"@id\":\"https:\\\/\\\/transamerica93.com.br\\\/home\\\/#organization\",\"name\":\"Transam\u00e9rica Mococa 93,3\",\"url\":\"https:\\\/\\\/transamerica93.com.br\\\/home\\\/\",\"logo\":{\"@type\":\"ImageObject\",\"inLanguage\":\"pt-BR\",\"@id\":\"https:\\\/\\\/transamerica93.com.br\\\/home\\\/#\\\/schema\\\/logo\\\/image\\\/\",\"url\":\"https:\\\/\\\/transamerica93.com.br\\\/home\\\/wp-content\\\/uploads\\\/2023\\\/10\\\/logo2.png\",\"contentUrl\":\"https:\\\/\\\/transamerica93.com.br\\\/home\\\/wp-content\\\/uploads\\\/2023\\\/10\\\/logo2.png\",\"width\":800,\"height\":500,\"caption\":\"Transam\u00e9rica Mococa 93,3\"},\"image\":{\"@id\":\"https:\\\/\\\/transamerica93.com.br\\\/home\\\/#\\\/schema\\\/logo\\\/image\\\/\"},\"sameAs\":[\"https:\\\/\\\/www.facebook.com\\\/transamericamococa\",\"https:\\\/\\\/x.com\\\/transamerica933\",\"https:\\\/\\\/www.instagram.com\\\/transamericamococa\"]},{\"@type\":\"Person\",\"@id\":\"https:\\\/\\\/transamerica93.com.br\\\/home\\\/#\\\/schema\\\/person\\\/7fed7c99c0d4562efa8561bc0f543172\",\"name\":\"Reda\u00e7\u00e3o\",\"image\":{\"@type\":\"ImageObject\",\"inLanguage\":\"pt-BR\",\"@id\":\"https:\\\/\\\/secure.gravatar.com\\\/avatar\\\/1072c6b775fb02ef8506ce967551d95926669a6b7d2c2147b42eea4d7c68395e?s=96&d=mm&r=g\",\"url\":\"https:\\\/\\\/secure.gravatar.com\\\/avatar\\\/1072c6b775fb02ef8506ce967551d95926669a6b7d2c2147b42eea4d7c68395e?s=96&d=mm&r=g\",\"contentUrl\":\"https:\\\/\\\/secure.gravatar.com\\\/avatar\\\/1072c6b775fb02ef8506ce967551d95926669a6b7d2c2147b42eea4d7c68395e?s=96&d=mm&r=g\",\"caption\":\"Reda\u00e7\u00e3o\"},\"sameAs\":[\"https:\\\/\\\/transamerica93.com.br\\\/home\"],\"url\":\"https:\\\/\\\/transamerica93.com.br\\\/home\\\/author\\\/william\\\/\"}]}<\/script>\n<!-- \/ Yoast SEO plugin. -->","yoast_head_json":{"title":"Brasil ter\u00e1 17 atletas nos Jogos Ol\u00edmpicos de Inverno da Juventude - Transam\u00e9rica Mococa 93,3","robots":{"index":"index","follow":"follow","max-snippet":"max-snippet:-1","max-image-preview":"max-image-preview:large","max-video-preview":"max-video-preview:-1"},"canonical":"https:\/\/transamerica93.com.br\/home\/brasil-tera-17-atletas-nos-jogos-olimpicos-de-inverno-da-juventude\/","og_locale":"pt_BR","og_type":"article","og_title":"Brasil ter\u00e1 17 atletas nos Jogos Ol\u00edmpicos de Inverno da Juventude - Transam\u00e9rica Mococa 93,3","og_description":"A equipe de atletas que representar\u00e1 o Brasil na pr\u00f3xima edi\u00e7\u00e3o dos Jogos Ol\u00edmpicos de Inverno da Juventude cresceu. Ap\u00f3s a convoca\u00e7\u00e3o feita pela Confedera\u00e7\u00e3o Brasileira de Desportos na Neve (CBDN) na \u00faltima ter\u00e7a-feira (21), a Federa\u00e7\u00e3o Internacional de Esqui (FIS, na sigla em ingl\u00eas) realocou as vagas continentais, o que garantiu \u00e0 equipe brasileira &hellip;","og_url":"https:\/\/transamerica93.com.br\/home\/brasil-tera-17-atletas-nos-jogos-olimpicos-de-inverno-da-juventude\/","og_site_name":"Transam\u00e9rica Mococa 93,3","article_publisher":"https:\/\/www.facebook.com\/transamericamococa","article_published_time":"2024-01-01T15:00:38+00:00","og_image":[{"width":1170,"height":700,"url":"https:\/\/transamerica93.com.br\/home\/wp-content\/uploads\/2023\/12\/imagem-31.jpg","type":"image\/jpeg"}],"author":"Reda\u00e7\u00e3o","twitter_card":"summary_large_image","twitter_creator":"@transamerica933","twitter_site":"@transamerica933","twitter_misc":{"Escrito por":"Reda\u00e7\u00e3o","Est. tempo de leitura":"2 minutos"},"schema":{"@context":"https:\/\/schema.org","@graph":[{"@type":"Article","@id":"https:\/\/transamerica93.com.br\/home\/brasil-tera-17-atletas-nos-jogos-olimpicos-de-inverno-da-juventude\/#article","isPartOf":{"@id":"https:\/\/transamerica93.com.br\/home\/brasil-tera-17-atletas-nos-jogos-olimpicos-de-inverno-da-juventude\/"},"author":{"name":"Reda\u00e7\u00e3o","@id":"https:\/\/transamerica93.com.br\/home\/#\/schema\/person\/7fed7c99c0d4562efa8561bc0f543172"},"headline":"Brasil ter\u00e1 17 atletas nos Jogos Ol\u00edmpicos de Inverno da Juventude","datePublished":"2024-01-01T15:00:38+00:00","mainEntityOfPage":{"@id":"https:\/\/transamerica93.com.br\/home\/brasil-tera-17-atletas-nos-jogos-olimpicos-de-inverno-da-juventude\/"},"wordCount":313,"publisher":{"@id":"https:\/\/transamerica93.com.br\/home\/#organization"},"image":{"@id":"https:\/\/transamerica93.com.br\/home\/brasil-tera-17-atletas-nos-jogos-olimpicos-de-inverno-da-juventude\/#primaryimage"},"thumbnailUrl":"https:\/\/transamerica93.com.br\/home\/wp-content\/uploads\/2023\/12\/imagem-31.jpg","articleSection":["Esportes"],"inLanguage":"pt-BR"},{"@type":"WebPage","@id":"https:\/\/transamerica93.com.br\/home\/brasil-tera-17-atletas-nos-jogos-olimpicos-de-inverno-da-juventude\/","url":"https:\/\/transamerica93.com.br\/home\/brasil-tera-17-atletas-nos-jogos-olimpicos-de-inverno-da-juventude\/","name":"Brasil ter\u00e1 17 atletas nos Jogos Ol\u00edmpicos de Inverno da Juventude - Transam\u00e9rica Mococa 93,3","isPartOf":{"@id":"https:\/\/transamerica93.com.br\/home\/#website"},"primaryImageOfPage":{"@id":"https:\/\/transamerica93.com.br\/home\/brasil-tera-17-atletas-nos-jogos-olimpicos-de-inverno-da-juventude\/#primaryimage"},"image":{"@id":"https:\/\/transamerica93.com.br\/home\/brasil-tera-17-atletas-nos-jogos-olimpicos-de-inverno-da-juventude\/#primaryimage"},"thumbnailUrl":"https:\/\/transamerica93.com.br\/home\/wp-content\/uploads\/2023\/12\/imagem-31.jpg","datePublished":"2024-01-01T15:00:38+00:00","breadcrumb":{"@id":"https:\/\/transamerica93.com.br\/home\/brasil-tera-17-atletas-nos-jogos-olimpicos-de-inverno-da-juventude\/#breadcrumb"},"inLanguage":"pt-BR","potentialAction":[{"@type":"ReadAction","target":["https:\/\/transamerica93.com.br\/home\/brasil-tera-17-atletas-nos-jogos-olimpicos-de-inverno-da-juventude\/"]}]},{"@type":"ImageObject","inLanguage":"pt-BR","@id":"https:\/\/transamerica93.com.br\/home\/brasil-tera-17-atletas-nos-jogos-olimpicos-de-inverno-da-juventude\/#primaryimage","url":"https:\/\/transamerica93.com.br\/home\/wp-content\/uploads\/2023\/12\/imagem-31.jpg","contentUrl":"https:\/\/transamerica93.com.br\/home\/wp-content\/uploads\/2023\/12\/imagem-31.jpg","width":1170,"height":700,"caption":"\u00a9 PAWEL KOPCZYNSKI"},{"@type":"BreadcrumbList","@id":"https:\/\/transamerica93.com.br\/home\/brasil-tera-17-atletas-nos-jogos-olimpicos-de-inverno-da-juventude\/#breadcrumb","itemListElement":[{"@type":"ListItem","position":1,"name":"In\u00edcio","item":"https:\/\/transamerica93.com.br\/home\/"},{"@type":"ListItem","position":2,"name":"Brasil ter\u00e1 17 atletas nos Jogos Ol\u00edmpicos de Inverno da Juventude"}]},{"@type":"WebSite","@id":"https:\/\/transamerica93.com.br\/home\/#website","url":"https:\/\/transamerica93.com.br\/home\/","name":"Transam\u00e9rica Mococa 93,3","description":"","publisher":{"@id":"https:\/\/transamerica93.com.br\/home\/#organization"},"potentialAction":[{"@type":"SearchAction","target":{"@type":"EntryPoint","urlTemplate":"https:\/\/transamerica93.com.br\/home\/?s={search_term_string}"},"query-input":{"@type":"PropertyValueSpecification","valueRequired":true,"valueName":"search_term_string"}}],"inLanguage":"pt-BR"},{"@type":"Organization","@id":"https:\/\/transamerica93.com.br\/home\/#organization","name":"Transam\u00e9rica Mococa 93,3","url":"https:\/\/transamerica93.com.br\/home\/","logo":{"@type":"ImageObject","inLanguage":"pt-BR","@id":"https:\/\/transamerica93.com.br\/home\/#\/schema\/logo\/image\/","url":"https:\/\/transamerica93.com.br\/home\/wp-content\/uploads\/2023\/10\/logo2.png","contentUrl":"https:\/\/transamerica93.com.br\/home\/wp-content\/uploads\/2023\/10\/logo2.png","width":800,"height":500,"caption":"Transam\u00e9rica Mococa 93,3"},"image":{"@id":"https:\/\/transamerica93.com.br\/home\/#\/schema\/logo\/image\/"},"sameAs":["https:\/\/www.facebook.com\/transamericamococa","https:\/\/x.com\/transamerica933","https:\/\/www.instagram.com\/transamericamococa"]},{"@type":"Person","@id":"https:\/\/transamerica93.com.br\/home\/#\/schema\/person\/7fed7c99c0d4562efa8561bc0f543172","name":"Reda\u00e7\u00e3o","image":{"@type":"ImageObject","inLanguage":"pt-BR","@id":"https:\/\/secure.gravatar.com\/avatar\/1072c6b775fb02ef8506ce967551d95926669a6b7d2c2147b42eea4d7c68395e?s=96&d=mm&r=g","url":"https:\/\/secure.gravatar.com\/avatar\/1072c6b775fb02ef8506ce967551d95926669a6b7d2c2147b42eea4d7c68395e?s=96&d=mm&r=g","contentUrl":"https:\/\/secure.gravatar.com\/avatar\/1072c6b775fb02ef8506ce967551d95926669a6b7d2c2147b42eea4d7c68395e?s=96&d=mm&r=g","caption":"Reda\u00e7\u00e3o"},"sameAs":["https:\/\/transamerica93.com.br\/home"],"url":"https:\/\/transamerica93.com.br\/home\/author\/william\/"}]}},"_links":{"self":[{"href":"https:\/\/transamerica93.com.br\/home\/wp-json\/wp\/v2\/posts\/2219","targetHints":{"allow":["GET"]}}],"collection":[{"href":"https:\/\/transamerica93.com.br\/home\/wp-json\/wp\/v2\/posts"}],"about":[{"href":"https:\/\/transamerica93.com.br\/home\/wp-json\/wp\/v2\/types\/post"}],"author":[{"embeddable":true,"href":"https:\/\/transamerica93.com.br\/home\/wp-json\/wp\/v2\/users\/1"}],"replies":[{"embeddable":true,"href":"https:\/\/transamerica93.com.br\/home\/wp-json\/wp\/v2\/comments?post=2219"}],"version-history":[{"count":1,"href":"https:\/\/transamerica93.com.br\/home\/wp-json\/wp\/v2\/posts\/2219\/revisions"}],"predecessor-version":[{"id":2221,"href":"https:\/\/transamerica93.com.br\/home\/wp-json\/wp\/v2\/posts\/2219\/revisions\/2221"}],"wp:featuredmedia":[{"embeddable":true,"href":"https:\/\/transamerica93.com.br\/home\/wp-json\/wp\/v2\/media\/2220"}],"wp:attachment":[{"href":"https:\/\/transamerica93.com.br\/home\/wp-json\/wp\/v2\/media?parent=2219"}],"wp:term":[{"taxonomy":"category","embeddable":true,"href":"https:\/\/transamerica93.com.br\/home\/wp-json\/wp\/v2\/categories?post=2219"},{"taxonomy":"post_tag","embeddable":true,"href":"https:\/\/transamerica93.com.br\/home\/wp-json\/wp\/v2\/tags?post=2219"}],"curies":[{"name":"wp","href":"https:\/\/api.w.org\/{rel}","templated":true}]}}