{"id":2240,"date":"2024-01-01T15:00:56","date_gmt":"2024-01-01T18:00:56","guid":{"rendered":"https:\/\/transamerica93.com.br\/home\/?p=2240"},"modified":"2023-12-29T18:03:38","modified_gmt":"2023-12-29T21:03:38","slug":"familia-de-ana-clara-benevides-vai-entrar-com-acao-por-danos-morais-contra-t4f-diz-advogado","status":"publish","type":"post","link":"https:\/\/transamerica93.com.br\/home\/familia-de-ana-clara-benevides-vai-entrar-com-acao-por-danos-morais-contra-t4f-diz-advogado\/","title":{"rendered":"Fam\u00edlia de Ana Clara Benevides vai entrar com a\u00e7\u00e3o por danos morais contra T4F, diz advogado"},"content":{"rendered":"<p>Por Gabriela Piva<\/p>\n<p>A fam\u00edlia de Ana Clara Benevides quer entrar com uma a\u00e7\u00e3o civil contra a Time For Fun (T4F), empresa que produziu os shows de Taylor Swift no Brasil, ap\u00f3s a jovem de 23 anos morrer no show da cantora, no Rio de Janeiro. Segundo o advogado dos pais, Jo\u00e3o Paulo Sales Delmondes, informou ao\u00a0<b>Estad\u00e3o<\/b>, eles v\u00e3o protocolar uma a\u00e7\u00e3o de danos morais contra a empresa. A reportagem tentou contato com a produtora para um posicionamento, mas n\u00e3o teve retorno at\u00e9 o momento desta publica\u00e7\u00e3o.<\/p>\n<p>A novidade veio ap\u00f3s o laudo da aut\u00f3psia mostrar que Ana Clara Benevides morreu devido ao intenso calor no Est\u00e1dio Nilton Santos, o Engenh\u00e3o, no Rio de Janeiro. Naquele dia, a sensa\u00e7\u00e3o t\u00e9rmica na cidade era de cerca de 60\u00baC.<\/p>\n<p>Para Jo\u00e3o Paulo, o documento comprova que os organizadores foram omissos com o bem-estar do p\u00fablico &#8211; o que causou a morte da estudante de psicologia. O primeiro passo da equipe jur\u00eddica, nesse caso, ser\u00e1 buscar a repara\u00e7\u00e3o de danos.<\/p>\n<p>&#8220;Entendemos que estamos com todos os elementos probat\u00f3rios suficientes, ou seja, as condi\u00e7\u00f5es clim\u00e1ticas no dia do evento, a falha da organiza\u00e7\u00e3o dificultando a entrada de \u00e1gua, a aus\u00eancia de pontos de hidrata\u00e7\u00e3o, o pronunciamento do pr\u00f3prio CEO da T4F reconhecendo os erros no dia da fatalidade e, principalmente, o laudo divulgado concluindo pela aus\u00eancia de problemas cardiovasculares, utiliza\u00e7\u00e3o de subst\u00e2ncias il\u00edcitas e condi\u00e7\u00e3o f\u00edsica inadequada&#8221;, explicou ele ao\u00a0<b>Estad\u00e3o<\/b>.<\/p>\n<p>&#8220;O laudo mostra que Ana Clara n\u00e3o tinha problema cardiovascular, n\u00e3o tinha feito ingest\u00e3o de subst\u00e2ncias il\u00edcitas e tampouco possu\u00eda um condicionamento f\u00edsico inadequado, acaba confirmando que a falha da organiza\u00e7\u00e3o do evento fizeram com que Ana ficasse exposta ao calor extremo e, fatalmente, culminasse em sua morte&#8221;, disse o advogado em v\u00eddeo divulgado \u00e0 imprensa.<\/p>\n<p>Jo\u00e3o Paulo ainda diz que a fam\u00edlia espera que os respons\u00e1veis sejam indiciados na esfera criminal ap\u00f3s a conclus\u00e3o do inqu\u00e9rito. No final de novembro, a Delegacia do Consumidor (Decon) abriu um inqu\u00e9rito para investigar as condutas da T4F ap\u00f3s a morte de Ana Clara Benevides e relatos de f\u00e3s. O \u00f3rg\u00e3o apura o crime de perigo para a vida ou sa\u00fade.<\/p>\n<p>Mesmo com a a\u00e7\u00e3o de repara\u00e7\u00e3o de danos, Jo\u00e3o Paulo defende que nada diminuir\u00e1 a dor dos pais de Ana Clara. &#8220;O objetivo da fam\u00edlia \u00e9 buscar o judici\u00e1rio com um car\u00e1ter punitivo para mostrar que a empresa errou e para ser responsabilizada pelo dano que cometeu, bem como pedag\u00f3gico para servir de exemplo para que outras fam\u00edlias n\u00e3o passem pela mesma dor que a fam\u00edlia da Ana Clara vem passando&#8221;, finalizou.<\/p>\n<p><b>Pronunciamento da T4F<\/b><\/p>\n<p>No final de novembro, Serafim Abreu, CEO da Time For Fun, se pronunciou sobre os acontecimentos nos shows de Taylor Swift no Rio de Janeiro. No v\u00eddeo, publicado nas redes sociais da empresa, ele pediu desculpas \u00e0s pessoas que &#8220;n\u00e3o tiveram a melhor experi\u00eancia poss\u00edvel&#8221;.<\/p>\n<p>O pronunciamento foi divulgado seis dias ap\u00f3s a morte de Ana Clara Benevides e um dia ap\u00f3s a abertura do inqu\u00e9rito da Pol\u00edcia Civil do Rio de Janeiro, que ir\u00e1 investigar a produtora por poss\u00edvel crime de perigo para a vida ou sa\u00fade.<\/p>\n<p>&#8220;Decidi gravar esse v\u00eddeo para falar diretamente com nossos consumidores, parceiros, f\u00e3s e p\u00fablico geral&#8221;, iniciou o empres\u00e1rio. &#8220;Sabemos a enorme responsabilidade que temos ao organizar um evento desse porte, por isso n\u00e3o economizamos esfor\u00e7os e recursos para seguir sempre as melhores pr\u00e1ticas mundiais do setor, para garantir conforto e seguran\u00e7a para todos&#8221;.<\/p>\n<p>&#8220;Ainda assim, enfrentamos dias de calor extremo no Rio de Janeiro, com sensa\u00e7\u00e3o t\u00e9rmica alt\u00edssima e sem precedentes&#8221;, afirmou. &#8220;Sim, reconhecemos que poder\u00edamos ter tomado algumas a\u00e7\u00f5es alternativas, adicionais a todas as outras que fizemos, como, por exemplo, criar locais de sombra nas \u00e1reas externas, alterar os hor\u00e1rios dos shows anteriormente programados e enfatizar mais a permiss\u00e3o de entrada com copos de \u00e1gua descart\u00e1veis&#8221;.<\/p>\n<p>Para Abreu, os acontecimentos serviram para o aprendizado de novas pr\u00e1ticas para momentos de calor extremo. &#8220;Entendemos tamb\u00e9m que todo o setor precisa repensar sua atua\u00e7\u00e3o diante dessa realidade&#8221;, refor\u00e7ou.<\/p>\n<p>O\u00a0<b>Estad\u00e3o<\/b>\u00a0tentou contato com a produtora nesta quarta-feira, 27. A reportagem queria um posicionamento sobre as falas do advogado Jo\u00e3o Paulo e o laudo, mas n\u00e3o teve retorno at\u00e9 o momento desta publica\u00e7\u00e3o. O espa\u00e7o segue aberto.<\/p>\n<p><b>Entenda o caso<\/b><\/p>\n<p>A f\u00e3 da cantora Taylor Swift Ana Clara Benevides, de 23 anos, que morreu ap\u00f3s passar mal durante a apresenta\u00e7\u00e3o da artista no Est\u00e1dio Nilton Santos, o Engenh\u00e3o, no Rio de Janeiro, sofreu uma exaust\u00e3o t\u00e9rmica causada pelo calor. Conforme o\u00a0<i>G1<\/i>, essa \u00e9 a informa\u00e7\u00e3o presente no laudo de necropsia divulgado nesta quarta-feira.<\/p>\n<p>Com um p\u00fablico de cerca de 60 mil pessoas, o primeiro show da turn\u00ea\u00a0<i>The Eras Tour<\/i>\u00a0no Brasil ficou marcado pela trag\u00e9dia No dia 17 de novembro, quando aconteceu a apresenta\u00e7\u00e3o, o calor era extremo, com m\u00e1xima registrada de 40\u00baC e sensa\u00e7\u00e3o t\u00e9rmica de quase 60\u00baC. A empresa respons\u00e1vel pelo show no Brasil, foi alvo de cr\u00edticas por problemas de organiza\u00e7\u00e3o e pela proibi\u00e7\u00e3o de que os f\u00e3s levassem sua pr\u00f3pria \u00e1gua ao est\u00e1dio.<\/p>\n<p>Ap\u00f3s a morte de Ana Clara, autoridades anunciaram novas medidas para shows e espet\u00e1culos no Pa\u00eds. O ministro da Justi\u00e7a e da Seguran\u00e7a P\u00fablica, Fl\u00e1vio Dino (PSB), editou uma nova regra, que permite a entrada de garrafas de \u00e1gua para uso pessoal em shows.<\/p>\n","protected":false},"excerpt":{"rendered":"<p>Por Gabriela Piva A fam\u00edlia de Ana Clara Benevides quer entrar com uma a\u00e7\u00e3o civil contra a Time For Fun (T4F), empresa que produziu os shows de Taylor Swift no Brasil, ap\u00f3s a jovem de 23 anos morrer no show da cantora, no Rio de Janeiro. Segundo o advogado dos pais, Jo\u00e3o Paulo Sales Delmondes, &hellip;<\/p>\n","protected":false},"author":1,"featured_media":2241,"comment_status":"closed","ping_status":"closed","sticky":false,"template":"","format":"standard","meta":{"footnotes":""},"categories":[25],"tags":[],"class_list":["post-2240","post","type-post","status-publish","format-standard","has-post-thumbnail","hentry","category-musica"],"yoast_head":"<!-- This site is optimized with the Yoast SEO plugin v27.4 - https:\/\/yoast.com\/product\/yoast-seo-wordpress\/ -->\n<title>Fam\u00edlia de Ana Clara Benevides vai entrar com a\u00e7\u00e3o por danos morais contra T4F, diz advogado - Transam\u00e9rica Mococa 93,3<\/title>\n<meta name=\"robots\" content=\"index, follow, max-snippet:-1, max-image-preview:large, max-video-preview:-1\" \/>\n<link rel=\"canonical\" href=\"https:\/\/transamerica93.com.br\/home\/familia-de-ana-clara-benevides-vai-entrar-com-acao-por-danos-morais-contra-t4f-diz-advogado\/\" \/>\n<meta property=\"og:locale\" content=\"pt_BR\" \/>\n<meta property=\"og:type\" content=\"article\" \/>\n<meta property=\"og:title\" content=\"Fam\u00edlia de Ana Clara Benevides vai entrar com a\u00e7\u00e3o por danos morais contra T4F, diz advogado - Transam\u00e9rica Mococa 93,3\" \/>\n<meta property=\"og:description\" content=\"Por Gabriela Piva A fam\u00edlia de Ana Clara Benevides quer entrar com uma a\u00e7\u00e3o civil contra a Time For Fun (T4F), empresa que produziu os shows de Taylor Swift no Brasil, ap\u00f3s a jovem de 23 anos morrer no show da cantora, no Rio de Janeiro. Segundo o advogado dos pais, Jo\u00e3o Paulo Sales Delmondes, &hellip;\" \/>\n<meta property=\"og:url\" content=\"https:\/\/transamerica93.com.br\/home\/familia-de-ana-clara-benevides-vai-entrar-com-acao-por-danos-morais-contra-t4f-diz-advogado\/\" \/>\n<meta property=\"og:site_name\" content=\"Transam\u00e9rica Mococa 93,3\" \/>\n<meta property=\"article:publisher\" content=\"https:\/\/www.facebook.com\/transamericamococa\" \/>\n<meta property=\"article:published_time\" content=\"2024-01-01T18:00:56+00:00\" \/>\n<meta property=\"og:image\" content=\"https:\/\/transamerica93.com.br\/home\/wp-content\/uploads\/2023\/12\/image.jpg\" \/>\n\t<meta property=\"og:image:width\" content=\"800\" \/>\n\t<meta property=\"og:image:height\" content=\"450\" \/>\n\t<meta property=\"og:image:type\" content=\"image\/jpeg\" \/>\n<meta name=\"author\" content=\"Reda\u00e7\u00e3o\" \/>\n<meta name=\"twitter:card\" content=\"summary_large_image\" \/>\n<meta name=\"twitter:creator\" content=\"@transamerica933\" \/>\n<meta name=\"twitter:site\" content=\"@transamerica933\" \/>\n<meta name=\"twitter:label1\" content=\"Escrito por\" \/>\n\t<meta name=\"twitter:data1\" content=\"Reda\u00e7\u00e3o\" \/>\n\t<meta name=\"twitter:label2\" content=\"Est. tempo de leitura\" \/>\n\t<meta name=\"twitter:data2\" content=\"5 minutos\" \/>\n<script type=\"application\/ld+json\" class=\"yoast-schema-graph\">{\"@context\":\"https:\\\/\\\/schema.org\",\"@graph\":[{\"@type\":\"Article\",\"@id\":\"https:\\\/\\\/transamerica93.com.br\\\/home\\\/familia-de-ana-clara-benevides-vai-entrar-com-acao-por-danos-morais-contra-t4f-diz-advogado\\\/#article\",\"isPartOf\":{\"@id\":\"https:\\\/\\\/transamerica93.com.br\\\/home\\\/familia-de-ana-clara-benevides-vai-entrar-com-acao-por-danos-morais-contra-t4f-diz-advogado\\\/\"},\"author\":{\"name\":\"Reda\u00e7\u00e3o\",\"@id\":\"https:\\\/\\\/transamerica93.com.br\\\/home\\\/#\\\/schema\\\/person\\\/7fed7c99c0d4562efa8561bc0f543172\"},\"headline\":\"Fam\u00edlia de Ana Clara Benevides vai entrar com a\u00e7\u00e3o por danos morais contra T4F, diz advogado\",\"datePublished\":\"2024-01-01T18:00:56+00:00\",\"mainEntityOfPage\":{\"@id\":\"https:\\\/\\\/transamerica93.com.br\\\/home\\\/familia-de-ana-clara-benevides-vai-entrar-com-acao-por-danos-morais-contra-t4f-diz-advogado\\\/\"},\"wordCount\":1020,\"publisher\":{\"@id\":\"https:\\\/\\\/transamerica93.com.br\\\/home\\\/#organization\"},\"image\":{\"@id\":\"https:\\\/\\\/transamerica93.com.br\\\/home\\\/familia-de-ana-clara-benevides-vai-entrar-com-acao-por-danos-morais-contra-t4f-diz-advogado\\\/#primaryimage\"},\"thumbnailUrl\":\"https:\\\/\\\/transamerica93.com.br\\\/home\\\/wp-content\\\/uploads\\\/2023\\\/12\\\/image.jpg\",\"articleSection\":[\"M\u00fasica\"],\"inLanguage\":\"pt-BR\"},{\"@type\":\"WebPage\",\"@id\":\"https:\\\/\\\/transamerica93.com.br\\\/home\\\/familia-de-ana-clara-benevides-vai-entrar-com-acao-por-danos-morais-contra-t4f-diz-advogado\\\/\",\"url\":\"https:\\\/\\\/transamerica93.com.br\\\/home\\\/familia-de-ana-clara-benevides-vai-entrar-com-acao-por-danos-morais-contra-t4f-diz-advogado\\\/\",\"name\":\"Fam\u00edlia de Ana Clara Benevides vai entrar com a\u00e7\u00e3o por danos morais contra T4F, diz advogado - Transam\u00e9rica Mococa 93,3\",\"isPartOf\":{\"@id\":\"https:\\\/\\\/transamerica93.com.br\\\/home\\\/#website\"},\"primaryImageOfPage\":{\"@id\":\"https:\\\/\\\/transamerica93.com.br\\\/home\\\/familia-de-ana-clara-benevides-vai-entrar-com-acao-por-danos-morais-contra-t4f-diz-advogado\\\/#primaryimage\"},\"image\":{\"@id\":\"https:\\\/\\\/transamerica93.com.br\\\/home\\\/familia-de-ana-clara-benevides-vai-entrar-com-acao-por-danos-morais-contra-t4f-diz-advogado\\\/#primaryimage\"},\"thumbnailUrl\":\"https:\\\/\\\/transamerica93.com.br\\\/home\\\/wp-content\\\/uploads\\\/2023\\\/12\\\/image.jpg\",\"datePublished\":\"2024-01-01T18:00:56+00:00\",\"breadcrumb\":{\"@id\":\"https:\\\/\\\/transamerica93.com.br\\\/home\\\/familia-de-ana-clara-benevides-vai-entrar-com-acao-por-danos-morais-contra-t4f-diz-advogado\\\/#breadcrumb\"},\"inLanguage\":\"pt-BR\",\"potentialAction\":[{\"@type\":\"ReadAction\",\"target\":[\"https:\\\/\\\/transamerica93.com.br\\\/home\\\/familia-de-ana-clara-benevides-vai-entrar-com-acao-por-danos-morais-contra-t4f-diz-advogado\\\/\"]}]},{\"@type\":\"ImageObject\",\"inLanguage\":\"pt-BR\",\"@id\":\"https:\\\/\\\/transamerica93.com.br\\\/home\\\/familia-de-ana-clara-benevides-vai-entrar-com-acao-por-danos-morais-contra-t4f-diz-advogado\\\/#primaryimage\",\"url\":\"https:\\\/\\\/transamerica93.com.br\\\/home\\\/wp-content\\\/uploads\\\/2023\\\/12\\\/image.jpg\",\"contentUrl\":\"https:\\\/\\\/transamerica93.com.br\\\/home\\\/wp-content\\\/uploads\\\/2023\\\/12\\\/image.jpg\",\"width\":800,\"height\":450,\"caption\":\"Foto\\\/Reprodu\u00e7\u00e3o\\\/Instagram\\\/@acbenevides\"},{\"@type\":\"BreadcrumbList\",\"@id\":\"https:\\\/\\\/transamerica93.com.br\\\/home\\\/familia-de-ana-clara-benevides-vai-entrar-com-acao-por-danos-morais-contra-t4f-diz-advogado\\\/#breadcrumb\",\"itemListElement\":[{\"@type\":\"ListItem\",\"position\":1,\"name\":\"In\u00edcio\",\"item\":\"https:\\\/\\\/transamerica93.com.br\\\/home\\\/\"},{\"@type\":\"ListItem\",\"position\":2,\"name\":\"Fam\u00edlia de Ana Clara Benevides vai entrar com a\u00e7\u00e3o por danos morais contra T4F, diz advogado\"}]},{\"@type\":\"WebSite\",\"@id\":\"https:\\\/\\\/transamerica93.com.br\\\/home\\\/#website\",\"url\":\"https:\\\/\\\/transamerica93.com.br\\\/home\\\/\",\"name\":\"Transam\u00e9rica Mococa 93,3\",\"description\":\"\",\"publisher\":{\"@id\":\"https:\\\/\\\/transamerica93.com.br\\\/home\\\/#organization\"},\"potentialAction\":[{\"@type\":\"SearchAction\",\"target\":{\"@type\":\"EntryPoint\",\"urlTemplate\":\"https:\\\/\\\/transamerica93.com.br\\\/home\\\/?s={search_term_string}\"},\"query-input\":{\"@type\":\"PropertyValueSpecification\",\"valueRequired\":true,\"valueName\":\"search_term_string\"}}],\"inLanguage\":\"pt-BR\"},{\"@type\":\"Organization\",\"@id\":\"https:\\\/\\\/transamerica93.com.br\\\/home\\\/#organization\",\"name\":\"Transam\u00e9rica Mococa 93,3\",\"url\":\"https:\\\/\\\/transamerica93.com.br\\\/home\\\/\",\"logo\":{\"@type\":\"ImageObject\",\"inLanguage\":\"pt-BR\",\"@id\":\"https:\\\/\\\/transamerica93.com.br\\\/home\\\/#\\\/schema\\\/logo\\\/image\\\/\",\"url\":\"https:\\\/\\\/transamerica93.com.br\\\/home\\\/wp-content\\\/uploads\\\/2023\\\/10\\\/logo2.png\",\"contentUrl\":\"https:\\\/\\\/transamerica93.com.br\\\/home\\\/wp-content\\\/uploads\\\/2023\\\/10\\\/logo2.png\",\"width\":800,\"height\":500,\"caption\":\"Transam\u00e9rica Mococa 93,3\"},\"image\":{\"@id\":\"https:\\\/\\\/transamerica93.com.br\\\/home\\\/#\\\/schema\\\/logo\\\/image\\\/\"},\"sameAs\":[\"https:\\\/\\\/www.facebook.com\\\/transamericamococa\",\"https:\\\/\\\/x.com\\\/transamerica933\",\"https:\\\/\\\/www.instagram.com\\\/transamericamococa\"]},{\"@type\":\"Person\",\"@id\":\"https:\\\/\\\/transamerica93.com.br\\\/home\\\/#\\\/schema\\\/person\\\/7fed7c99c0d4562efa8561bc0f543172\",\"name\":\"Reda\u00e7\u00e3o\",\"image\":{\"@type\":\"ImageObject\",\"inLanguage\":\"pt-BR\",\"@id\":\"https:\\\/\\\/secure.gravatar.com\\\/avatar\\\/1072c6b775fb02ef8506ce967551d95926669a6b7d2c2147b42eea4d7c68395e?s=96&d=mm&r=g\",\"url\":\"https:\\\/\\\/secure.gravatar.com\\\/avatar\\\/1072c6b775fb02ef8506ce967551d95926669a6b7d2c2147b42eea4d7c68395e?s=96&d=mm&r=g\",\"contentUrl\":\"https:\\\/\\\/secure.gravatar.com\\\/avatar\\\/1072c6b775fb02ef8506ce967551d95926669a6b7d2c2147b42eea4d7c68395e?s=96&d=mm&r=g\",\"caption\":\"Reda\u00e7\u00e3o\"},\"sameAs\":[\"https:\\\/\\\/transamerica93.com.br\\\/home\"],\"url\":\"https:\\\/\\\/transamerica93.com.br\\\/home\\\/author\\\/william\\\/\"}]}<\/script>\n<!-- \/ Yoast SEO plugin. -->","yoast_head_json":{"title":"Fam\u00edlia de Ana Clara Benevides vai entrar com a\u00e7\u00e3o por danos morais contra T4F, diz advogado - Transam\u00e9rica Mococa 93,3","robots":{"index":"index","follow":"follow","max-snippet":"max-snippet:-1","max-image-preview":"max-image-preview:large","max-video-preview":"max-video-preview:-1"},"canonical":"https:\/\/transamerica93.com.br\/home\/familia-de-ana-clara-benevides-vai-entrar-com-acao-por-danos-morais-contra-t4f-diz-advogado\/","og_locale":"pt_BR","og_type":"article","og_title":"Fam\u00edlia de Ana Clara Benevides vai entrar com a\u00e7\u00e3o por danos morais contra T4F, diz advogado - Transam\u00e9rica Mococa 93,3","og_description":"Por Gabriela Piva A fam\u00edlia de Ana Clara Benevides quer entrar com uma a\u00e7\u00e3o civil contra a Time For Fun (T4F), empresa que produziu os shows de Taylor Swift no Brasil, ap\u00f3s a jovem de 23 anos morrer no show da cantora, no Rio de Janeiro. Segundo o advogado dos pais, Jo\u00e3o Paulo Sales Delmondes, &hellip;","og_url":"https:\/\/transamerica93.com.br\/home\/familia-de-ana-clara-benevides-vai-entrar-com-acao-por-danos-morais-contra-t4f-diz-advogado\/","og_site_name":"Transam\u00e9rica Mococa 93,3","article_publisher":"https:\/\/www.facebook.com\/transamericamococa","article_published_time":"2024-01-01T18:00:56+00:00","og_image":[{"width":800,"height":450,"url":"https:\/\/transamerica93.com.br\/home\/wp-content\/uploads\/2023\/12\/image.jpg","type":"image\/jpeg"}],"author":"Reda\u00e7\u00e3o","twitter_card":"summary_large_image","twitter_creator":"@transamerica933","twitter_site":"@transamerica933","twitter_misc":{"Escrito por":"Reda\u00e7\u00e3o","Est. tempo de leitura":"5 minutos"},"schema":{"@context":"https:\/\/schema.org","@graph":[{"@type":"Article","@id":"https:\/\/transamerica93.com.br\/home\/familia-de-ana-clara-benevides-vai-entrar-com-acao-por-danos-morais-contra-t4f-diz-advogado\/#article","isPartOf":{"@id":"https:\/\/transamerica93.com.br\/home\/familia-de-ana-clara-benevides-vai-entrar-com-acao-por-danos-morais-contra-t4f-diz-advogado\/"},"author":{"name":"Reda\u00e7\u00e3o","@id":"https:\/\/transamerica93.com.br\/home\/#\/schema\/person\/7fed7c99c0d4562efa8561bc0f543172"},"headline":"Fam\u00edlia de Ana Clara Benevides vai entrar com a\u00e7\u00e3o por danos morais contra T4F, diz advogado","datePublished":"2024-01-01T18:00:56+00:00","mainEntityOfPage":{"@id":"https:\/\/transamerica93.com.br\/home\/familia-de-ana-clara-benevides-vai-entrar-com-acao-por-danos-morais-contra-t4f-diz-advogado\/"},"wordCount":1020,"publisher":{"@id":"https:\/\/transamerica93.com.br\/home\/#organization"},"image":{"@id":"https:\/\/transamerica93.com.br\/home\/familia-de-ana-clara-benevides-vai-entrar-com-acao-por-danos-morais-contra-t4f-diz-advogado\/#primaryimage"},"thumbnailUrl":"https:\/\/transamerica93.com.br\/home\/wp-content\/uploads\/2023\/12\/image.jpg","articleSection":["M\u00fasica"],"inLanguage":"pt-BR"},{"@type":"WebPage","@id":"https:\/\/transamerica93.com.br\/home\/familia-de-ana-clara-benevides-vai-entrar-com-acao-por-danos-morais-contra-t4f-diz-advogado\/","url":"https:\/\/transamerica93.com.br\/home\/familia-de-ana-clara-benevides-vai-entrar-com-acao-por-danos-morais-contra-t4f-diz-advogado\/","name":"Fam\u00edlia de Ana Clara Benevides vai entrar com a\u00e7\u00e3o por danos morais contra T4F, diz advogado - Transam\u00e9rica Mococa 93,3","isPartOf":{"@id":"https:\/\/transamerica93.com.br\/home\/#website"},"primaryImageOfPage":{"@id":"https:\/\/transamerica93.com.br\/home\/familia-de-ana-clara-benevides-vai-entrar-com-acao-por-danos-morais-contra-t4f-diz-advogado\/#primaryimage"},"image":{"@id":"https:\/\/transamerica93.com.br\/home\/familia-de-ana-clara-benevides-vai-entrar-com-acao-por-danos-morais-contra-t4f-diz-advogado\/#primaryimage"},"thumbnailUrl":"https:\/\/transamerica93.com.br\/home\/wp-content\/uploads\/2023\/12\/image.jpg","datePublished":"2024-01-01T18:00:56+00:00","breadcrumb":{"@id":"https:\/\/transamerica93.com.br\/home\/familia-de-ana-clara-benevides-vai-entrar-com-acao-por-danos-morais-contra-t4f-diz-advogado\/#breadcrumb"},"inLanguage":"pt-BR","potentialAction":[{"@type":"ReadAction","target":["https:\/\/transamerica93.com.br\/home\/familia-de-ana-clara-benevides-vai-entrar-com-acao-por-danos-morais-contra-t4f-diz-advogado\/"]}]},{"@type":"ImageObject","inLanguage":"pt-BR","@id":"https:\/\/transamerica93.com.br\/home\/familia-de-ana-clara-benevides-vai-entrar-com-acao-por-danos-morais-contra-t4f-diz-advogado\/#primaryimage","url":"https:\/\/transamerica93.com.br\/home\/wp-content\/uploads\/2023\/12\/image.jpg","contentUrl":"https:\/\/transamerica93.com.br\/home\/wp-content\/uploads\/2023\/12\/image.jpg","width":800,"height":450,"caption":"Foto\/Reprodu\u00e7\u00e3o\/Instagram\/@acbenevides"},{"@type":"BreadcrumbList","@id":"https:\/\/transamerica93.com.br\/home\/familia-de-ana-clara-benevides-vai-entrar-com-acao-por-danos-morais-contra-t4f-diz-advogado\/#breadcrumb","itemListElement":[{"@type":"ListItem","position":1,"name":"In\u00edcio","item":"https:\/\/transamerica93.com.br\/home\/"},{"@type":"ListItem","position":2,"name":"Fam\u00edlia de Ana Clara Benevides vai entrar com a\u00e7\u00e3o por danos morais contra T4F, diz advogado"}]},{"@type":"WebSite","@id":"https:\/\/transamerica93.com.br\/home\/#website","url":"https:\/\/transamerica93.com.br\/home\/","name":"Transam\u00e9rica Mococa 93,3","description":"","publisher":{"@id":"https:\/\/transamerica93.com.br\/home\/#organization"},"potentialAction":[{"@type":"SearchAction","target":{"@type":"EntryPoint","urlTemplate":"https:\/\/transamerica93.com.br\/home\/?s={search_term_string}"},"query-input":{"@type":"PropertyValueSpecification","valueRequired":true,"valueName":"search_term_string"}}],"inLanguage":"pt-BR"},{"@type":"Organization","@id":"https:\/\/transamerica93.com.br\/home\/#organization","name":"Transam\u00e9rica Mococa 93,3","url":"https:\/\/transamerica93.com.br\/home\/","logo":{"@type":"ImageObject","inLanguage":"pt-BR","@id":"https:\/\/transamerica93.com.br\/home\/#\/schema\/logo\/image\/","url":"https:\/\/transamerica93.com.br\/home\/wp-content\/uploads\/2023\/10\/logo2.png","contentUrl":"https:\/\/transamerica93.com.br\/home\/wp-content\/uploads\/2023\/10\/logo2.png","width":800,"height":500,"caption":"Transam\u00e9rica Mococa 93,3"},"image":{"@id":"https:\/\/transamerica93.com.br\/home\/#\/schema\/logo\/image\/"},"sameAs":["https:\/\/www.facebook.com\/transamericamococa","https:\/\/x.com\/transamerica933","https:\/\/www.instagram.com\/transamericamococa"]},{"@type":"Person","@id":"https:\/\/transamerica93.com.br\/home\/#\/schema\/person\/7fed7c99c0d4562efa8561bc0f543172","name":"Reda\u00e7\u00e3o","image":{"@type":"ImageObject","inLanguage":"pt-BR","@id":"https:\/\/secure.gravatar.com\/avatar\/1072c6b775fb02ef8506ce967551d95926669a6b7d2c2147b42eea4d7c68395e?s=96&d=mm&r=g","url":"https:\/\/secure.gravatar.com\/avatar\/1072c6b775fb02ef8506ce967551d95926669a6b7d2c2147b42eea4d7c68395e?s=96&d=mm&r=g","contentUrl":"https:\/\/secure.gravatar.com\/avatar\/1072c6b775fb02ef8506ce967551d95926669a6b7d2c2147b42eea4d7c68395e?s=96&d=mm&r=g","caption":"Reda\u00e7\u00e3o"},"sameAs":["https:\/\/transamerica93.com.br\/home"],"url":"https:\/\/transamerica93.com.br\/home\/author\/william\/"}]}},"_links":{"self":[{"href":"https:\/\/transamerica93.com.br\/home\/wp-json\/wp\/v2\/posts\/2240","targetHints":{"allow":["GET"]}}],"collection":[{"href":"https:\/\/transamerica93.com.br\/home\/wp-json\/wp\/v2\/posts"}],"about":[{"href":"https:\/\/transamerica93.com.br\/home\/wp-json\/wp\/v2\/types\/post"}],"author":[{"embeddable":true,"href":"https:\/\/transamerica93.com.br\/home\/wp-json\/wp\/v2\/users\/1"}],"replies":[{"embeddable":true,"href":"https:\/\/transamerica93.com.br\/home\/wp-json\/wp\/v2\/comments?post=2240"}],"version-history":[{"count":1,"href":"https:\/\/transamerica93.com.br\/home\/wp-json\/wp\/v2\/posts\/2240\/revisions"}],"predecessor-version":[{"id":2242,"href":"https:\/\/transamerica93.com.br\/home\/wp-json\/wp\/v2\/posts\/2240\/revisions\/2242"}],"wp:featuredmedia":[{"embeddable":true,"href":"https:\/\/transamerica93.com.br\/home\/wp-json\/wp\/v2\/media\/2241"}],"wp:attachment":[{"href":"https:\/\/transamerica93.com.br\/home\/wp-json\/wp\/v2\/media?parent=2240"}],"wp:term":[{"taxonomy":"category","embeddable":true,"href":"https:\/\/transamerica93.com.br\/home\/wp-json\/wp\/v2\/categories?post=2240"},{"taxonomy":"post_tag","embeddable":true,"href":"https:\/\/transamerica93.com.br\/home\/wp-json\/wp\/v2\/tags?post=2240"}],"curies":[{"name":"wp","href":"https:\/\/api.w.org\/{rel}","templated":true}]}}