{"id":2255,"date":"2024-01-05T12:00:05","date_gmt":"2024-01-05T15:00:05","guid":{"rendered":"https:\/\/transamerica93.com.br\/home\/?p=2255"},"modified":"2024-01-03T22:24:34","modified_gmt":"2024-01-04T01:24:34","slug":"ramon-convoca-goleiro-kaique-do-palmeiras-para-defender-selecao-em-pre-olimpico","status":"publish","type":"post","link":"https:\/\/transamerica93.com.br\/home\/ramon-convoca-goleiro-kaique-do-palmeiras-para-defender-selecao-em-pre-olimpico\/","title":{"rendered":"Ramon convoca goleiro Kaique, do Palmeiras, para defender sele\u00e7\u00e3o em Pr\u00e9-Ol\u00edmpico"},"content":{"rendered":"<p>O t\u00e9cnico Ramon Menezes precisou fazer mais uma mudan\u00e7a em sua lista original de convocados para o Torneio Pr\u00e9-Ol\u00edmpico, a ser disputado entre os dias 20 de janeiro e 11 de fevereiro, na Venezuela. Ele chamou o goleiro Kaique, do Palmeiras, para refor\u00e7ar a sele\u00e7\u00e3o brasileira pr\u00e9-ol\u00edmpica.<\/p>\n<p>Kaique vai ocupar a vaga que inicialmente era de Andrew, do Gil Vicente. Ramon precisou fazer a altera\u00e7\u00e3o porque o time portugu\u00eas n\u00e3o liberou o atleta brasileiro para a competi\u00e7\u00e3o que d\u00e1 duas vagas nos Jogos Ol\u00edmpicos de Paris-2024.<\/p>\n<p>O goleiro palmeirense foi titular da equipe paulista nos t\u00edtulos da Copa S\u00e3o Paulo de Futebol J\u00fanior, nos \u00faltimos dois anos, e tamb\u00e9m atuou na Copa do Brasil Sub-20 e no Campeonato Brasileiro Sub-20, ambos em 2022. Al\u00e9m disso, teve passagem pela sele\u00e7\u00e3o no Sul-Americano Sub-20, em 2023, e no Mundial Sub-20.<\/p>\n<p>Trata-se da segunda mudan\u00e7a que Ramon Menezes faz em sua convoca\u00e7\u00e3o inicial, anunciada no m\u00eas passado. Ele precisou tirar da lista o lateral Luan C\u00e2ndido, do Red Bull Bragantino, e o volante Danilo, do Nottingham Forest, da Inglaterra. Nos dois casos, os clubes n\u00e3o liberaram os jogadores para o Pr\u00e9-Ol\u00edmpico. O t\u00e9cnico da sele\u00e7\u00e3o, ent\u00e3o, chamou Kaiki Bruno, do Cruzeiro, e Mauricio, do Internacional.<\/p>\n<p>Os vetos dos clubes fazem parte da rotina ol\u00edmpica uma vez que a competi\u00e7\u00e3o n\u00e3o \u00e9 organizada pela Fifa. Assim, por n\u00e3o fazer parte do calend\u00e1rio da entidade que gere o futebol mundial, os times t\u00eam a liberdade de n\u00e3o cederem os jogadores.<\/p>\n","protected":false},"excerpt":{"rendered":"<p>O t\u00e9cnico Ramon Menezes precisou fazer mais uma mudan\u00e7a em sua lista original de convocados para o Torneio Pr\u00e9-Ol\u00edmpico, a ser disputado entre os dias 20 de janeiro e 11 de fevereiro, na Venezuela. Ele chamou o goleiro Kaique, do Palmeiras, para refor\u00e7ar a sele\u00e7\u00e3o brasileira pr\u00e9-ol\u00edmpica. Kaique vai ocupar a vaga que inicialmente era &hellip;<\/p>\n","protected":false},"author":1,"featured_media":2256,"comment_status":"closed","ping_status":"closed","sticky":false,"template":"","format":"standard","meta":{"footnotes":""},"categories":[31],"tags":[],"class_list":["post-2255","post","type-post","status-publish","format-standard","has-post-thumbnail","hentry","category-esportes"],"yoast_head":"<!-- This site is optimized with the Yoast SEO plugin v27.4 - https:\/\/yoast.com\/product\/yoast-seo-wordpress\/ -->\n<title>Ramon convoca goleiro Kaique, do Palmeiras, para defender sele\u00e7\u00e3o em Pr\u00e9-Ol\u00edmpico - Transam\u00e9rica Mococa 93,3<\/title>\n<meta name=\"robots\" content=\"index, follow, max-snippet:-1, max-image-preview:large, max-video-preview:-1\" \/>\n<link rel=\"canonical\" href=\"https:\/\/transamerica93.com.br\/home\/ramon-convoca-goleiro-kaique-do-palmeiras-para-defender-selecao-em-pre-olimpico\/\" \/>\n<meta property=\"og:locale\" content=\"pt_BR\" \/>\n<meta property=\"og:type\" content=\"article\" \/>\n<meta property=\"og:title\" content=\"Ramon convoca goleiro Kaique, do Palmeiras, para defender sele\u00e7\u00e3o em Pr\u00e9-Ol\u00edmpico - Transam\u00e9rica Mococa 93,3\" \/>\n<meta property=\"og:description\" content=\"O t\u00e9cnico Ramon Menezes precisou fazer mais uma mudan\u00e7a em sua lista original de convocados para o Torneio Pr\u00e9-Ol\u00edmpico, a ser disputado entre os dias 20 de janeiro e 11 de fevereiro, na Venezuela. Ele chamou o goleiro Kaique, do Palmeiras, para refor\u00e7ar a sele\u00e7\u00e3o brasileira pr\u00e9-ol\u00edmpica. Kaique vai ocupar a vaga que inicialmente era &hellip;\" \/>\n<meta property=\"og:url\" content=\"https:\/\/transamerica93.com.br\/home\/ramon-convoca-goleiro-kaique-do-palmeiras-para-defender-selecao-em-pre-olimpico\/\" \/>\n<meta property=\"og:site_name\" content=\"Transam\u00e9rica Mococa 93,3\" \/>\n<meta property=\"article:publisher\" content=\"https:\/\/www.facebook.com\/transamericamococa\" \/>\n<meta property=\"article:published_time\" content=\"2024-01-05T15:00:05+00:00\" \/>\n<meta property=\"og:image\" content=\"https:\/\/transamerica93.com.br\/home\/wp-content\/uploads\/2024\/01\/imagem-3.jpg\" \/>\n\t<meta property=\"og:image:width\" content=\"987\" \/>\n\t<meta property=\"og:image:height\" content=\"633\" \/>\n\t<meta property=\"og:image:type\" content=\"image\/jpeg\" \/>\n<meta name=\"author\" content=\"Reda\u00e7\u00e3o\" \/>\n<meta name=\"twitter:card\" content=\"summary_large_image\" \/>\n<meta name=\"twitter:creator\" content=\"@transamerica933\" \/>\n<meta name=\"twitter:site\" content=\"@transamerica933\" \/>\n<meta name=\"twitter:label1\" content=\"Escrito por\" \/>\n\t<meta name=\"twitter:data1\" content=\"Reda\u00e7\u00e3o\" \/>\n\t<meta name=\"twitter:label2\" content=\"Est. tempo de leitura\" \/>\n\t<meta name=\"twitter:data2\" content=\"2 minutos\" \/>\n<script type=\"application\/ld+json\" class=\"yoast-schema-graph\">{\"@context\":\"https:\\\/\\\/schema.org\",\"@graph\":[{\"@type\":\"Article\",\"@id\":\"https:\\\/\\\/transamerica93.com.br\\\/home\\\/ramon-convoca-goleiro-kaique-do-palmeiras-para-defender-selecao-em-pre-olimpico\\\/#article\",\"isPartOf\":{\"@id\":\"https:\\\/\\\/transamerica93.com.br\\\/home\\\/ramon-convoca-goleiro-kaique-do-palmeiras-para-defender-selecao-em-pre-olimpico\\\/\"},\"author\":{\"name\":\"Reda\u00e7\u00e3o\",\"@id\":\"https:\\\/\\\/transamerica93.com.br\\\/home\\\/#\\\/schema\\\/person\\\/7fed7c99c0d4562efa8561bc0f543172\"},\"headline\":\"Ramon convoca goleiro Kaique, do Palmeiras, para defender sele\u00e7\u00e3o em Pr\u00e9-Ol\u00edmpico\",\"datePublished\":\"2024-01-05T15:00:05+00:00\",\"mainEntityOfPage\":{\"@id\":\"https:\\\/\\\/transamerica93.com.br\\\/home\\\/ramon-convoca-goleiro-kaique-do-palmeiras-para-defender-selecao-em-pre-olimpico\\\/\"},\"wordCount\":290,\"publisher\":{\"@id\":\"https:\\\/\\\/transamerica93.com.br\\\/home\\\/#organization\"},\"image\":{\"@id\":\"https:\\\/\\\/transamerica93.com.br\\\/home\\\/ramon-convoca-goleiro-kaique-do-palmeiras-para-defender-selecao-em-pre-olimpico\\\/#primaryimage\"},\"thumbnailUrl\":\"https:\\\/\\\/transamerica93.com.br\\\/home\\\/wp-content\\\/uploads\\\/2024\\\/01\\\/imagem-3.jpg\",\"articleSection\":[\"Esportes\"],\"inLanguage\":\"pt-BR\"},{\"@type\":\"WebPage\",\"@id\":\"https:\\\/\\\/transamerica93.com.br\\\/home\\\/ramon-convoca-goleiro-kaique-do-palmeiras-para-defender-selecao-em-pre-olimpico\\\/\",\"url\":\"https:\\\/\\\/transamerica93.com.br\\\/home\\\/ramon-convoca-goleiro-kaique-do-palmeiras-para-defender-selecao-em-pre-olimpico\\\/\",\"name\":\"Ramon convoca goleiro Kaique, do Palmeiras, para defender sele\u00e7\u00e3o em Pr\u00e9-Ol\u00edmpico - Transam\u00e9rica Mococa 93,3\",\"isPartOf\":{\"@id\":\"https:\\\/\\\/transamerica93.com.br\\\/home\\\/#website\"},\"primaryImageOfPage\":{\"@id\":\"https:\\\/\\\/transamerica93.com.br\\\/home\\\/ramon-convoca-goleiro-kaique-do-palmeiras-para-defender-selecao-em-pre-olimpico\\\/#primaryimage\"},\"image\":{\"@id\":\"https:\\\/\\\/transamerica93.com.br\\\/home\\\/ramon-convoca-goleiro-kaique-do-palmeiras-para-defender-selecao-em-pre-olimpico\\\/#primaryimage\"},\"thumbnailUrl\":\"https:\\\/\\\/transamerica93.com.br\\\/home\\\/wp-content\\\/uploads\\\/2024\\\/01\\\/imagem-3.jpg\",\"datePublished\":\"2024-01-05T15:00:05+00:00\",\"breadcrumb\":{\"@id\":\"https:\\\/\\\/transamerica93.com.br\\\/home\\\/ramon-convoca-goleiro-kaique-do-palmeiras-para-defender-selecao-em-pre-olimpico\\\/#breadcrumb\"},\"inLanguage\":\"pt-BR\",\"potentialAction\":[{\"@type\":\"ReadAction\",\"target\":[\"https:\\\/\\\/transamerica93.com.br\\\/home\\\/ramon-convoca-goleiro-kaique-do-palmeiras-para-defender-selecao-em-pre-olimpico\\\/\"]}]},{\"@type\":\"ImageObject\",\"inLanguage\":\"pt-BR\",\"@id\":\"https:\\\/\\\/transamerica93.com.br\\\/home\\\/ramon-convoca-goleiro-kaique-do-palmeiras-para-defender-selecao-em-pre-olimpico\\\/#primaryimage\",\"url\":\"https:\\\/\\\/transamerica93.com.br\\\/home\\\/wp-content\\\/uploads\\\/2024\\\/01\\\/imagem-3.jpg\",\"contentUrl\":\"https:\\\/\\\/transamerica93.com.br\\\/home\\\/wp-content\\\/uploads\\\/2024\\\/01\\\/imagem-3.jpg\",\"width\":987,\"height\":633,\"caption\":\"Cr\u00e9dito: Cesar Greco\\\/Palmeiras\"},{\"@type\":\"BreadcrumbList\",\"@id\":\"https:\\\/\\\/transamerica93.com.br\\\/home\\\/ramon-convoca-goleiro-kaique-do-palmeiras-para-defender-selecao-em-pre-olimpico\\\/#breadcrumb\",\"itemListElement\":[{\"@type\":\"ListItem\",\"position\":1,\"name\":\"In\u00edcio\",\"item\":\"https:\\\/\\\/transamerica93.com.br\\\/home\\\/\"},{\"@type\":\"ListItem\",\"position\":2,\"name\":\"Ramon convoca goleiro Kaique, do Palmeiras, para defender sele\u00e7\u00e3o em Pr\u00e9-Ol\u00edmpico\"}]},{\"@type\":\"WebSite\",\"@id\":\"https:\\\/\\\/transamerica93.com.br\\\/home\\\/#website\",\"url\":\"https:\\\/\\\/transamerica93.com.br\\\/home\\\/\",\"name\":\"Transam\u00e9rica Mococa 93,3\",\"description\":\"\",\"publisher\":{\"@id\":\"https:\\\/\\\/transamerica93.com.br\\\/home\\\/#organization\"},\"potentialAction\":[{\"@type\":\"SearchAction\",\"target\":{\"@type\":\"EntryPoint\",\"urlTemplate\":\"https:\\\/\\\/transamerica93.com.br\\\/home\\\/?s={search_term_string}\"},\"query-input\":{\"@type\":\"PropertyValueSpecification\",\"valueRequired\":true,\"valueName\":\"search_term_string\"}}],\"inLanguage\":\"pt-BR\"},{\"@type\":\"Organization\",\"@id\":\"https:\\\/\\\/transamerica93.com.br\\\/home\\\/#organization\",\"name\":\"Transam\u00e9rica Mococa 93,3\",\"url\":\"https:\\\/\\\/transamerica93.com.br\\\/home\\\/\",\"logo\":{\"@type\":\"ImageObject\",\"inLanguage\":\"pt-BR\",\"@id\":\"https:\\\/\\\/transamerica93.com.br\\\/home\\\/#\\\/schema\\\/logo\\\/image\\\/\",\"url\":\"https:\\\/\\\/transamerica93.com.br\\\/home\\\/wp-content\\\/uploads\\\/2023\\\/10\\\/logo2.png\",\"contentUrl\":\"https:\\\/\\\/transamerica93.com.br\\\/home\\\/wp-content\\\/uploads\\\/2023\\\/10\\\/logo2.png\",\"width\":800,\"height\":500,\"caption\":\"Transam\u00e9rica Mococa 93,3\"},\"image\":{\"@id\":\"https:\\\/\\\/transamerica93.com.br\\\/home\\\/#\\\/schema\\\/logo\\\/image\\\/\"},\"sameAs\":[\"https:\\\/\\\/www.facebook.com\\\/transamericamococa\",\"https:\\\/\\\/x.com\\\/transamerica933\",\"https:\\\/\\\/www.instagram.com\\\/transamericamococa\"]},{\"@type\":\"Person\",\"@id\":\"https:\\\/\\\/transamerica93.com.br\\\/home\\\/#\\\/schema\\\/person\\\/7fed7c99c0d4562efa8561bc0f543172\",\"name\":\"Reda\u00e7\u00e3o\",\"image\":{\"@type\":\"ImageObject\",\"inLanguage\":\"pt-BR\",\"@id\":\"https:\\\/\\\/secure.gravatar.com\\\/avatar\\\/1072c6b775fb02ef8506ce967551d95926669a6b7d2c2147b42eea4d7c68395e?s=96&d=mm&r=g\",\"url\":\"https:\\\/\\\/secure.gravatar.com\\\/avatar\\\/1072c6b775fb02ef8506ce967551d95926669a6b7d2c2147b42eea4d7c68395e?s=96&d=mm&r=g\",\"contentUrl\":\"https:\\\/\\\/secure.gravatar.com\\\/avatar\\\/1072c6b775fb02ef8506ce967551d95926669a6b7d2c2147b42eea4d7c68395e?s=96&d=mm&r=g\",\"caption\":\"Reda\u00e7\u00e3o\"},\"sameAs\":[\"https:\\\/\\\/transamerica93.com.br\\\/home\"],\"url\":\"https:\\\/\\\/transamerica93.com.br\\\/home\\\/author\\\/william\\\/\"}]}<\/script>\n<!-- \/ Yoast SEO plugin. -->","yoast_head_json":{"title":"Ramon convoca goleiro Kaique, do Palmeiras, para defender sele\u00e7\u00e3o em Pr\u00e9-Ol\u00edmpico - Transam\u00e9rica Mococa 93,3","robots":{"index":"index","follow":"follow","max-snippet":"max-snippet:-1","max-image-preview":"max-image-preview:large","max-video-preview":"max-video-preview:-1"},"canonical":"https:\/\/transamerica93.com.br\/home\/ramon-convoca-goleiro-kaique-do-palmeiras-para-defender-selecao-em-pre-olimpico\/","og_locale":"pt_BR","og_type":"article","og_title":"Ramon convoca goleiro Kaique, do Palmeiras, para defender sele\u00e7\u00e3o em Pr\u00e9-Ol\u00edmpico - Transam\u00e9rica Mococa 93,3","og_description":"O t\u00e9cnico Ramon Menezes precisou fazer mais uma mudan\u00e7a em sua lista original de convocados para o Torneio Pr\u00e9-Ol\u00edmpico, a ser disputado entre os dias 20 de janeiro e 11 de fevereiro, na Venezuela. Ele chamou o goleiro Kaique, do Palmeiras, para refor\u00e7ar a sele\u00e7\u00e3o brasileira pr\u00e9-ol\u00edmpica. Kaique vai ocupar a vaga que inicialmente era &hellip;","og_url":"https:\/\/transamerica93.com.br\/home\/ramon-convoca-goleiro-kaique-do-palmeiras-para-defender-selecao-em-pre-olimpico\/","og_site_name":"Transam\u00e9rica Mococa 93,3","article_publisher":"https:\/\/www.facebook.com\/transamericamococa","article_published_time":"2024-01-05T15:00:05+00:00","og_image":[{"width":987,"height":633,"url":"https:\/\/transamerica93.com.br\/home\/wp-content\/uploads\/2024\/01\/imagem-3.jpg","type":"image\/jpeg"}],"author":"Reda\u00e7\u00e3o","twitter_card":"summary_large_image","twitter_creator":"@transamerica933","twitter_site":"@transamerica933","twitter_misc":{"Escrito por":"Reda\u00e7\u00e3o","Est. tempo de leitura":"2 minutos"},"schema":{"@context":"https:\/\/schema.org","@graph":[{"@type":"Article","@id":"https:\/\/transamerica93.com.br\/home\/ramon-convoca-goleiro-kaique-do-palmeiras-para-defender-selecao-em-pre-olimpico\/#article","isPartOf":{"@id":"https:\/\/transamerica93.com.br\/home\/ramon-convoca-goleiro-kaique-do-palmeiras-para-defender-selecao-em-pre-olimpico\/"},"author":{"name":"Reda\u00e7\u00e3o","@id":"https:\/\/transamerica93.com.br\/home\/#\/schema\/person\/7fed7c99c0d4562efa8561bc0f543172"},"headline":"Ramon convoca goleiro Kaique, do Palmeiras, para defender sele\u00e7\u00e3o em Pr\u00e9-Ol\u00edmpico","datePublished":"2024-01-05T15:00:05+00:00","mainEntityOfPage":{"@id":"https:\/\/transamerica93.com.br\/home\/ramon-convoca-goleiro-kaique-do-palmeiras-para-defender-selecao-em-pre-olimpico\/"},"wordCount":290,"publisher":{"@id":"https:\/\/transamerica93.com.br\/home\/#organization"},"image":{"@id":"https:\/\/transamerica93.com.br\/home\/ramon-convoca-goleiro-kaique-do-palmeiras-para-defender-selecao-em-pre-olimpico\/#primaryimage"},"thumbnailUrl":"https:\/\/transamerica93.com.br\/home\/wp-content\/uploads\/2024\/01\/imagem-3.jpg","articleSection":["Esportes"],"inLanguage":"pt-BR"},{"@type":"WebPage","@id":"https:\/\/transamerica93.com.br\/home\/ramon-convoca-goleiro-kaique-do-palmeiras-para-defender-selecao-em-pre-olimpico\/","url":"https:\/\/transamerica93.com.br\/home\/ramon-convoca-goleiro-kaique-do-palmeiras-para-defender-selecao-em-pre-olimpico\/","name":"Ramon convoca goleiro Kaique, do Palmeiras, para defender sele\u00e7\u00e3o em Pr\u00e9-Ol\u00edmpico - Transam\u00e9rica Mococa 93,3","isPartOf":{"@id":"https:\/\/transamerica93.com.br\/home\/#website"},"primaryImageOfPage":{"@id":"https:\/\/transamerica93.com.br\/home\/ramon-convoca-goleiro-kaique-do-palmeiras-para-defender-selecao-em-pre-olimpico\/#primaryimage"},"image":{"@id":"https:\/\/transamerica93.com.br\/home\/ramon-convoca-goleiro-kaique-do-palmeiras-para-defender-selecao-em-pre-olimpico\/#primaryimage"},"thumbnailUrl":"https:\/\/transamerica93.com.br\/home\/wp-content\/uploads\/2024\/01\/imagem-3.jpg","datePublished":"2024-01-05T15:00:05+00:00","breadcrumb":{"@id":"https:\/\/transamerica93.com.br\/home\/ramon-convoca-goleiro-kaique-do-palmeiras-para-defender-selecao-em-pre-olimpico\/#breadcrumb"},"inLanguage":"pt-BR","potentialAction":[{"@type":"ReadAction","target":["https:\/\/transamerica93.com.br\/home\/ramon-convoca-goleiro-kaique-do-palmeiras-para-defender-selecao-em-pre-olimpico\/"]}]},{"@type":"ImageObject","inLanguage":"pt-BR","@id":"https:\/\/transamerica93.com.br\/home\/ramon-convoca-goleiro-kaique-do-palmeiras-para-defender-selecao-em-pre-olimpico\/#primaryimage","url":"https:\/\/transamerica93.com.br\/home\/wp-content\/uploads\/2024\/01\/imagem-3.jpg","contentUrl":"https:\/\/transamerica93.com.br\/home\/wp-content\/uploads\/2024\/01\/imagem-3.jpg","width":987,"height":633,"caption":"Cr\u00e9dito: Cesar Greco\/Palmeiras"},{"@type":"BreadcrumbList","@id":"https:\/\/transamerica93.com.br\/home\/ramon-convoca-goleiro-kaique-do-palmeiras-para-defender-selecao-em-pre-olimpico\/#breadcrumb","itemListElement":[{"@type":"ListItem","position":1,"name":"In\u00edcio","item":"https:\/\/transamerica93.com.br\/home\/"},{"@type":"ListItem","position":2,"name":"Ramon convoca goleiro Kaique, do Palmeiras, para defender sele\u00e7\u00e3o em Pr\u00e9-Ol\u00edmpico"}]},{"@type":"WebSite","@id":"https:\/\/transamerica93.com.br\/home\/#website","url":"https:\/\/transamerica93.com.br\/home\/","name":"Transam\u00e9rica Mococa 93,3","description":"","publisher":{"@id":"https:\/\/transamerica93.com.br\/home\/#organization"},"potentialAction":[{"@type":"SearchAction","target":{"@type":"EntryPoint","urlTemplate":"https:\/\/transamerica93.com.br\/home\/?s={search_term_string}"},"query-input":{"@type":"PropertyValueSpecification","valueRequired":true,"valueName":"search_term_string"}}],"inLanguage":"pt-BR"},{"@type":"Organization","@id":"https:\/\/transamerica93.com.br\/home\/#organization","name":"Transam\u00e9rica Mococa 93,3","url":"https:\/\/transamerica93.com.br\/home\/","logo":{"@type":"ImageObject","inLanguage":"pt-BR","@id":"https:\/\/transamerica93.com.br\/home\/#\/schema\/logo\/image\/","url":"https:\/\/transamerica93.com.br\/home\/wp-content\/uploads\/2023\/10\/logo2.png","contentUrl":"https:\/\/transamerica93.com.br\/home\/wp-content\/uploads\/2023\/10\/logo2.png","width":800,"height":500,"caption":"Transam\u00e9rica Mococa 93,3"},"image":{"@id":"https:\/\/transamerica93.com.br\/home\/#\/schema\/logo\/image\/"},"sameAs":["https:\/\/www.facebook.com\/transamericamococa","https:\/\/x.com\/transamerica933","https:\/\/www.instagram.com\/transamericamococa"]},{"@type":"Person","@id":"https:\/\/transamerica93.com.br\/home\/#\/schema\/person\/7fed7c99c0d4562efa8561bc0f543172","name":"Reda\u00e7\u00e3o","image":{"@type":"ImageObject","inLanguage":"pt-BR","@id":"https:\/\/secure.gravatar.com\/avatar\/1072c6b775fb02ef8506ce967551d95926669a6b7d2c2147b42eea4d7c68395e?s=96&d=mm&r=g","url":"https:\/\/secure.gravatar.com\/avatar\/1072c6b775fb02ef8506ce967551d95926669a6b7d2c2147b42eea4d7c68395e?s=96&d=mm&r=g","contentUrl":"https:\/\/secure.gravatar.com\/avatar\/1072c6b775fb02ef8506ce967551d95926669a6b7d2c2147b42eea4d7c68395e?s=96&d=mm&r=g","caption":"Reda\u00e7\u00e3o"},"sameAs":["https:\/\/transamerica93.com.br\/home"],"url":"https:\/\/transamerica93.com.br\/home\/author\/william\/"}]}},"_links":{"self":[{"href":"https:\/\/transamerica93.com.br\/home\/wp-json\/wp\/v2\/posts\/2255","targetHints":{"allow":["GET"]}}],"collection":[{"href":"https:\/\/transamerica93.com.br\/home\/wp-json\/wp\/v2\/posts"}],"about":[{"href":"https:\/\/transamerica93.com.br\/home\/wp-json\/wp\/v2\/types\/post"}],"author":[{"embeddable":true,"href":"https:\/\/transamerica93.com.br\/home\/wp-json\/wp\/v2\/users\/1"}],"replies":[{"embeddable":true,"href":"https:\/\/transamerica93.com.br\/home\/wp-json\/wp\/v2\/comments?post=2255"}],"version-history":[{"count":1,"href":"https:\/\/transamerica93.com.br\/home\/wp-json\/wp\/v2\/posts\/2255\/revisions"}],"predecessor-version":[{"id":2257,"href":"https:\/\/transamerica93.com.br\/home\/wp-json\/wp\/v2\/posts\/2255\/revisions\/2257"}],"wp:featuredmedia":[{"embeddable":true,"href":"https:\/\/transamerica93.com.br\/home\/wp-json\/wp\/v2\/media\/2256"}],"wp:attachment":[{"href":"https:\/\/transamerica93.com.br\/home\/wp-json\/wp\/v2\/media?parent=2255"}],"wp:term":[{"taxonomy":"category","embeddable":true,"href":"https:\/\/transamerica93.com.br\/home\/wp-json\/wp\/v2\/categories?post=2255"},{"taxonomy":"post_tag","embeddable":true,"href":"https:\/\/transamerica93.com.br\/home\/wp-json\/wp\/v2\/tags?post=2255"}],"curies":[{"name":"wp","href":"https:\/\/api.w.org\/{rel}","templated":true}]}}