{"id":2258,"date":"2024-01-04T15:00:02","date_gmt":"2024-01-04T18:00:02","guid":{"rendered":"https:\/\/transamerica93.com.br\/home\/?p=2258"},"modified":"2024-01-03T22:26:26","modified_gmt":"2024-01-04T01:26:26","slug":"cantor-nattan-anuncia-pausa-na-carreira-para-passar-por-tratamento-medico","status":"publish","type":"post","link":"https:\/\/transamerica93.com.br\/home\/cantor-nattan-anuncia-pausa-na-carreira-para-passar-por-tratamento-medico\/","title":{"rendered":"Cantor Nattan anuncia pausa na carreira para passar por tratamento m\u00e9dico"},"content":{"rendered":"<div id=\"Corpo\">\n<h6 class=\"Assina\">Por Reda\u00e7\u00e3o O Estado de S. Paulo<\/h6>\n<p>O cantor cearense Nattan, de hits como\u00a0<i>Tem Cabar\u00e9 Essa Noite<\/i>\u00a0e\u00a0<i>Love Gostosinho<\/i> anunciou uma pausa na carreira. Nattan, de 24 anos, foi diagnosticado com a bact\u00e9ria H. pylori h\u00e1 tr\u00eas meses &#8211; comumente encontrada no est\u00f4mago e que acomete aproximadamente metade de popula\u00e7\u00e3o mundial.<\/p>\n<p>Segundo Nattanzinho, como ele tamb\u00e9m \u00e9 conhecido, os rem\u00e9dios que os m\u00e9dicos lhe passaram t\u00eam prejudicado suas cordas vocais. &#8220;Comecei esse tratamento muito intensivo com antibi\u00f3ticos muito fortes. Catorze dias de rem\u00e9dios. E esses rem\u00e9dios me deram muito refluxo, e o que eu tomava para refluxo, n\u00e3o conseguia administrar com os antibi\u00f3ticos da H. Pylori. Isso me causou bastante edema nas minhas cordas vocais&#8221;, explicou em um v\u00eddeo postado em suas redes sociais.<\/p>\n<p>Nattan tamb\u00e9m relatou o que estava ocorrendo em suas apresenta\u00e7\u00f5es. &#8220;Eu chegava com a voz perfeitamente bem. Com 20, 30 minutos de show, minha voz sumia totalmente, do nada. N\u00e3o conseguia voltar&#8221;, disse. &#8220;A gente meio que se assustou porque a gente n\u00e3o sabia o que estava ocasionando isso&#8221;.<\/p>\n<p>O cantor disse que ficou muito abalado com os shows que teve que interromper ou cancelar nos \u00faltimos tempos. &#8220;\u00c9 muito doloroso para um cantor que est\u00e1 querendo cantar no palco, se expressar. Eu sa\u00eda muito triste&#8221;, disse.<\/p>\n<p>No \u00faltimo dia 31 de dezembro, o cantor se apresentou no r\u00e9veillon do Copacabana, no Rio, mas fez uma show mais curto, tamb\u00e9m devido aos problemas que t\u00eam enfrentado. &#8220;Cheguei no Rio de Janeiro e, na terceira m\u00fasica do show, minha voz deu uma diminu\u00edda. Olhei pra cima, pedi a Deus e consegui, gra\u00e7as a Deus, fazer uma hora de show. Quando pisei para fora do palco, a minha voz ficou totalmente rouca de novo&#8221;.<\/p>\n<p>Nattan disse no v\u00eddeo que vai parar por um tempo para se tratar. &#8220;Esse \u00e9 um momento de parar, de me cuidar, de se (sic) juntar com as pessoas que est\u00e3o me acompanhando pra ver realmente qual tratamento fazer. Quero voltar pra voc\u00eas 100%&#8221;, afirmou, sem cravar nenhuma data para seu retorno aos palcos.<\/p><\/div>\n","protected":false},"excerpt":{"rendered":"<p>Por Reda\u00e7\u00e3o O Estado de S. Paulo O cantor cearense Nattan, de hits como\u00a0Tem Cabar\u00e9 Essa Noite\u00a0e\u00a0Love Gostosinho anunciou uma pausa na carreira. Nattan, de 24 anos, foi diagnosticado com a bact\u00e9ria H. pylori h\u00e1 tr\u00eas meses &#8211; comumente encontrada no est\u00f4mago e que acomete aproximadamente metade de popula\u00e7\u00e3o mundial. Segundo Nattanzinho, como ele tamb\u00e9m &hellip;<\/p>\n","protected":false},"author":1,"featured_media":2259,"comment_status":"closed","ping_status":"closed","sticky":false,"template":"","format":"standard","meta":{"footnotes":""},"categories":[25],"tags":[],"class_list":["post-2258","post","type-post","status-publish","format-standard","has-post-thumbnail","hentry","category-musica"],"yoast_head":"<!-- This site is optimized with the Yoast SEO plugin v27.4 - https:\/\/yoast.com\/product\/yoast-seo-wordpress\/ -->\n<title>Cantor Nattan anuncia pausa na carreira para passar por tratamento m\u00e9dico - Transam\u00e9rica Mococa 93,3<\/title>\n<meta name=\"robots\" content=\"index, follow, max-snippet:-1, max-image-preview:large, max-video-preview:-1\" \/>\n<link rel=\"canonical\" href=\"https:\/\/transamerica93.com.br\/home\/cantor-nattan-anuncia-pausa-na-carreira-para-passar-por-tratamento-medico\/\" \/>\n<meta property=\"og:locale\" content=\"pt_BR\" \/>\n<meta property=\"og:type\" content=\"article\" \/>\n<meta property=\"og:title\" content=\"Cantor Nattan anuncia pausa na carreira para passar por tratamento m\u00e9dico - Transam\u00e9rica Mococa 93,3\" \/>\n<meta property=\"og:description\" content=\"Por Reda\u00e7\u00e3o O Estado de S. Paulo O cantor cearense Nattan, de hits como\u00a0Tem Cabar\u00e9 Essa Noite\u00a0e\u00a0Love Gostosinho anunciou uma pausa na carreira. Nattan, de 24 anos, foi diagnosticado com a bact\u00e9ria H. pylori h\u00e1 tr\u00eas meses &#8211; comumente encontrada no est\u00f4mago e que acomete aproximadamente metade de popula\u00e7\u00e3o mundial. Segundo Nattanzinho, como ele tamb\u00e9m &hellip;\" \/>\n<meta property=\"og:url\" content=\"https:\/\/transamerica93.com.br\/home\/cantor-nattan-anuncia-pausa-na-carreira-para-passar-por-tratamento-medico\/\" \/>\n<meta property=\"og:site_name\" content=\"Transam\u00e9rica Mococa 93,3\" \/>\n<meta property=\"article:publisher\" content=\"https:\/\/www.facebook.com\/transamericamococa\" \/>\n<meta property=\"article:published_time\" content=\"2024-01-04T18:00:02+00:00\" \/>\n<meta property=\"og:image\" content=\"https:\/\/transamerica93.com.br\/home\/wp-content\/uploads\/2024\/01\/imagem-4.jpg\" \/>\n\t<meta property=\"og:image:width\" content=\"984\" \/>\n\t<meta property=\"og:image:height\" content=\"633\" \/>\n\t<meta property=\"og:image:type\" content=\"image\/jpeg\" \/>\n<meta name=\"author\" content=\"Reda\u00e7\u00e3o\" \/>\n<meta name=\"twitter:card\" content=\"summary_large_image\" \/>\n<meta name=\"twitter:creator\" content=\"@transamerica933\" \/>\n<meta name=\"twitter:site\" content=\"@transamerica933\" \/>\n<meta name=\"twitter:label1\" content=\"Escrito por\" \/>\n\t<meta name=\"twitter:data1\" content=\"Reda\u00e7\u00e3o\" \/>\n\t<meta name=\"twitter:label2\" content=\"Est. tempo de leitura\" \/>\n\t<meta name=\"twitter:data2\" content=\"3 minutos\" \/>\n<script type=\"application\/ld+json\" class=\"yoast-schema-graph\">{\"@context\":\"https:\\\/\\\/schema.org\",\"@graph\":[{\"@type\":\"Article\",\"@id\":\"https:\\\/\\\/transamerica93.com.br\\\/home\\\/cantor-nattan-anuncia-pausa-na-carreira-para-passar-por-tratamento-medico\\\/#article\",\"isPartOf\":{\"@id\":\"https:\\\/\\\/transamerica93.com.br\\\/home\\\/cantor-nattan-anuncia-pausa-na-carreira-para-passar-por-tratamento-medico\\\/\"},\"author\":{\"name\":\"Reda\u00e7\u00e3o\",\"@id\":\"https:\\\/\\\/transamerica93.com.br\\\/home\\\/#\\\/schema\\\/person\\\/7fed7c99c0d4562efa8561bc0f543172\"},\"headline\":\"Cantor Nattan anuncia pausa na carreira para passar por tratamento m\u00e9dico\",\"datePublished\":\"2024-01-04T18:00:02+00:00\",\"mainEntityOfPage\":{\"@id\":\"https:\\\/\\\/transamerica93.com.br\\\/home\\\/cantor-nattan-anuncia-pausa-na-carreira-para-passar-por-tratamento-medico\\\/\"},\"wordCount\":375,\"publisher\":{\"@id\":\"https:\\\/\\\/transamerica93.com.br\\\/home\\\/#organization\"},\"image\":{\"@id\":\"https:\\\/\\\/transamerica93.com.br\\\/home\\\/cantor-nattan-anuncia-pausa-na-carreira-para-passar-por-tratamento-medico\\\/#primaryimage\"},\"thumbnailUrl\":\"https:\\\/\\\/transamerica93.com.br\\\/home\\\/wp-content\\\/uploads\\\/2024\\\/01\\\/imagem-4.jpg\",\"articleSection\":[\"M\u00fasica\"],\"inLanguage\":\"pt-BR\"},{\"@type\":\"WebPage\",\"@id\":\"https:\\\/\\\/transamerica93.com.br\\\/home\\\/cantor-nattan-anuncia-pausa-na-carreira-para-passar-por-tratamento-medico\\\/\",\"url\":\"https:\\\/\\\/transamerica93.com.br\\\/home\\\/cantor-nattan-anuncia-pausa-na-carreira-para-passar-por-tratamento-medico\\\/\",\"name\":\"Cantor Nattan anuncia pausa na carreira para passar por tratamento m\u00e9dico - Transam\u00e9rica Mococa 93,3\",\"isPartOf\":{\"@id\":\"https:\\\/\\\/transamerica93.com.br\\\/home\\\/#website\"},\"primaryImageOfPage\":{\"@id\":\"https:\\\/\\\/transamerica93.com.br\\\/home\\\/cantor-nattan-anuncia-pausa-na-carreira-para-passar-por-tratamento-medico\\\/#primaryimage\"},\"image\":{\"@id\":\"https:\\\/\\\/transamerica93.com.br\\\/home\\\/cantor-nattan-anuncia-pausa-na-carreira-para-passar-por-tratamento-medico\\\/#primaryimage\"},\"thumbnailUrl\":\"https:\\\/\\\/transamerica93.com.br\\\/home\\\/wp-content\\\/uploads\\\/2024\\\/01\\\/imagem-4.jpg\",\"datePublished\":\"2024-01-04T18:00:02+00:00\",\"breadcrumb\":{\"@id\":\"https:\\\/\\\/transamerica93.com.br\\\/home\\\/cantor-nattan-anuncia-pausa-na-carreira-para-passar-por-tratamento-medico\\\/#breadcrumb\"},\"inLanguage\":\"pt-BR\",\"potentialAction\":[{\"@type\":\"ReadAction\",\"target\":[\"https:\\\/\\\/transamerica93.com.br\\\/home\\\/cantor-nattan-anuncia-pausa-na-carreira-para-passar-por-tratamento-medico\\\/\"]}]},{\"@type\":\"ImageObject\",\"inLanguage\":\"pt-BR\",\"@id\":\"https:\\\/\\\/transamerica93.com.br\\\/home\\\/cantor-nattan-anuncia-pausa-na-carreira-para-passar-por-tratamento-medico\\\/#primaryimage\",\"url\":\"https:\\\/\\\/transamerica93.com.br\\\/home\\\/wp-content\\\/uploads\\\/2024\\\/01\\\/imagem-4.jpg\",\"contentUrl\":\"https:\\\/\\\/transamerica93.com.br\\\/home\\\/wp-content\\\/uploads\\\/2024\\\/01\\\/imagem-4.jpg\",\"width\":984,\"height\":633,\"caption\":\"Foto: Reprodu\u00e7\u00e3o\\\/ Instagram @nattan\"},{\"@type\":\"BreadcrumbList\",\"@id\":\"https:\\\/\\\/transamerica93.com.br\\\/home\\\/cantor-nattan-anuncia-pausa-na-carreira-para-passar-por-tratamento-medico\\\/#breadcrumb\",\"itemListElement\":[{\"@type\":\"ListItem\",\"position\":1,\"name\":\"In\u00edcio\",\"item\":\"https:\\\/\\\/transamerica93.com.br\\\/home\\\/\"},{\"@type\":\"ListItem\",\"position\":2,\"name\":\"Cantor Nattan anuncia pausa na carreira para passar por tratamento m\u00e9dico\"}]},{\"@type\":\"WebSite\",\"@id\":\"https:\\\/\\\/transamerica93.com.br\\\/home\\\/#website\",\"url\":\"https:\\\/\\\/transamerica93.com.br\\\/home\\\/\",\"name\":\"Transam\u00e9rica Mococa 93,3\",\"description\":\"\",\"publisher\":{\"@id\":\"https:\\\/\\\/transamerica93.com.br\\\/home\\\/#organization\"},\"potentialAction\":[{\"@type\":\"SearchAction\",\"target\":{\"@type\":\"EntryPoint\",\"urlTemplate\":\"https:\\\/\\\/transamerica93.com.br\\\/home\\\/?s={search_term_string}\"},\"query-input\":{\"@type\":\"PropertyValueSpecification\",\"valueRequired\":true,\"valueName\":\"search_term_string\"}}],\"inLanguage\":\"pt-BR\"},{\"@type\":\"Organization\",\"@id\":\"https:\\\/\\\/transamerica93.com.br\\\/home\\\/#organization\",\"name\":\"Transam\u00e9rica Mococa 93,3\",\"url\":\"https:\\\/\\\/transamerica93.com.br\\\/home\\\/\",\"logo\":{\"@type\":\"ImageObject\",\"inLanguage\":\"pt-BR\",\"@id\":\"https:\\\/\\\/transamerica93.com.br\\\/home\\\/#\\\/schema\\\/logo\\\/image\\\/\",\"url\":\"https:\\\/\\\/transamerica93.com.br\\\/home\\\/wp-content\\\/uploads\\\/2023\\\/10\\\/logo2.png\",\"contentUrl\":\"https:\\\/\\\/transamerica93.com.br\\\/home\\\/wp-content\\\/uploads\\\/2023\\\/10\\\/logo2.png\",\"width\":800,\"height\":500,\"caption\":\"Transam\u00e9rica Mococa 93,3\"},\"image\":{\"@id\":\"https:\\\/\\\/transamerica93.com.br\\\/home\\\/#\\\/schema\\\/logo\\\/image\\\/\"},\"sameAs\":[\"https:\\\/\\\/www.facebook.com\\\/transamericamococa\",\"https:\\\/\\\/x.com\\\/transamerica933\",\"https:\\\/\\\/www.instagram.com\\\/transamericamococa\"]},{\"@type\":\"Person\",\"@id\":\"https:\\\/\\\/transamerica93.com.br\\\/home\\\/#\\\/schema\\\/person\\\/7fed7c99c0d4562efa8561bc0f543172\",\"name\":\"Reda\u00e7\u00e3o\",\"image\":{\"@type\":\"ImageObject\",\"inLanguage\":\"pt-BR\",\"@id\":\"https:\\\/\\\/secure.gravatar.com\\\/avatar\\\/1072c6b775fb02ef8506ce967551d95926669a6b7d2c2147b42eea4d7c68395e?s=96&d=mm&r=g\",\"url\":\"https:\\\/\\\/secure.gravatar.com\\\/avatar\\\/1072c6b775fb02ef8506ce967551d95926669a6b7d2c2147b42eea4d7c68395e?s=96&d=mm&r=g\",\"contentUrl\":\"https:\\\/\\\/secure.gravatar.com\\\/avatar\\\/1072c6b775fb02ef8506ce967551d95926669a6b7d2c2147b42eea4d7c68395e?s=96&d=mm&r=g\",\"caption\":\"Reda\u00e7\u00e3o\"},\"sameAs\":[\"https:\\\/\\\/transamerica93.com.br\\\/home\"],\"url\":\"https:\\\/\\\/transamerica93.com.br\\\/home\\\/author\\\/william\\\/\"}]}<\/script>\n<!-- \/ Yoast SEO plugin. -->","yoast_head_json":{"title":"Cantor Nattan anuncia pausa na carreira para passar por tratamento m\u00e9dico - Transam\u00e9rica Mococa 93,3","robots":{"index":"index","follow":"follow","max-snippet":"max-snippet:-1","max-image-preview":"max-image-preview:large","max-video-preview":"max-video-preview:-1"},"canonical":"https:\/\/transamerica93.com.br\/home\/cantor-nattan-anuncia-pausa-na-carreira-para-passar-por-tratamento-medico\/","og_locale":"pt_BR","og_type":"article","og_title":"Cantor Nattan anuncia pausa na carreira para passar por tratamento m\u00e9dico - Transam\u00e9rica Mococa 93,3","og_description":"Por Reda\u00e7\u00e3o O Estado de S. Paulo O cantor cearense Nattan, de hits como\u00a0Tem Cabar\u00e9 Essa Noite\u00a0e\u00a0Love Gostosinho anunciou uma pausa na carreira. Nattan, de 24 anos, foi diagnosticado com a bact\u00e9ria H. pylori h\u00e1 tr\u00eas meses &#8211; comumente encontrada no est\u00f4mago e que acomete aproximadamente metade de popula\u00e7\u00e3o mundial. Segundo Nattanzinho, como ele tamb\u00e9m &hellip;","og_url":"https:\/\/transamerica93.com.br\/home\/cantor-nattan-anuncia-pausa-na-carreira-para-passar-por-tratamento-medico\/","og_site_name":"Transam\u00e9rica Mococa 93,3","article_publisher":"https:\/\/www.facebook.com\/transamericamococa","article_published_time":"2024-01-04T18:00:02+00:00","og_image":[{"width":984,"height":633,"url":"https:\/\/transamerica93.com.br\/home\/wp-content\/uploads\/2024\/01\/imagem-4.jpg","type":"image\/jpeg"}],"author":"Reda\u00e7\u00e3o","twitter_card":"summary_large_image","twitter_creator":"@transamerica933","twitter_site":"@transamerica933","twitter_misc":{"Escrito por":"Reda\u00e7\u00e3o","Est. tempo de leitura":"3 minutos"},"schema":{"@context":"https:\/\/schema.org","@graph":[{"@type":"Article","@id":"https:\/\/transamerica93.com.br\/home\/cantor-nattan-anuncia-pausa-na-carreira-para-passar-por-tratamento-medico\/#article","isPartOf":{"@id":"https:\/\/transamerica93.com.br\/home\/cantor-nattan-anuncia-pausa-na-carreira-para-passar-por-tratamento-medico\/"},"author":{"name":"Reda\u00e7\u00e3o","@id":"https:\/\/transamerica93.com.br\/home\/#\/schema\/person\/7fed7c99c0d4562efa8561bc0f543172"},"headline":"Cantor Nattan anuncia pausa na carreira para passar por tratamento m\u00e9dico","datePublished":"2024-01-04T18:00:02+00:00","mainEntityOfPage":{"@id":"https:\/\/transamerica93.com.br\/home\/cantor-nattan-anuncia-pausa-na-carreira-para-passar-por-tratamento-medico\/"},"wordCount":375,"publisher":{"@id":"https:\/\/transamerica93.com.br\/home\/#organization"},"image":{"@id":"https:\/\/transamerica93.com.br\/home\/cantor-nattan-anuncia-pausa-na-carreira-para-passar-por-tratamento-medico\/#primaryimage"},"thumbnailUrl":"https:\/\/transamerica93.com.br\/home\/wp-content\/uploads\/2024\/01\/imagem-4.jpg","articleSection":["M\u00fasica"],"inLanguage":"pt-BR"},{"@type":"WebPage","@id":"https:\/\/transamerica93.com.br\/home\/cantor-nattan-anuncia-pausa-na-carreira-para-passar-por-tratamento-medico\/","url":"https:\/\/transamerica93.com.br\/home\/cantor-nattan-anuncia-pausa-na-carreira-para-passar-por-tratamento-medico\/","name":"Cantor Nattan anuncia pausa na carreira para passar por tratamento m\u00e9dico - Transam\u00e9rica Mococa 93,3","isPartOf":{"@id":"https:\/\/transamerica93.com.br\/home\/#website"},"primaryImageOfPage":{"@id":"https:\/\/transamerica93.com.br\/home\/cantor-nattan-anuncia-pausa-na-carreira-para-passar-por-tratamento-medico\/#primaryimage"},"image":{"@id":"https:\/\/transamerica93.com.br\/home\/cantor-nattan-anuncia-pausa-na-carreira-para-passar-por-tratamento-medico\/#primaryimage"},"thumbnailUrl":"https:\/\/transamerica93.com.br\/home\/wp-content\/uploads\/2024\/01\/imagem-4.jpg","datePublished":"2024-01-04T18:00:02+00:00","breadcrumb":{"@id":"https:\/\/transamerica93.com.br\/home\/cantor-nattan-anuncia-pausa-na-carreira-para-passar-por-tratamento-medico\/#breadcrumb"},"inLanguage":"pt-BR","potentialAction":[{"@type":"ReadAction","target":["https:\/\/transamerica93.com.br\/home\/cantor-nattan-anuncia-pausa-na-carreira-para-passar-por-tratamento-medico\/"]}]},{"@type":"ImageObject","inLanguage":"pt-BR","@id":"https:\/\/transamerica93.com.br\/home\/cantor-nattan-anuncia-pausa-na-carreira-para-passar-por-tratamento-medico\/#primaryimage","url":"https:\/\/transamerica93.com.br\/home\/wp-content\/uploads\/2024\/01\/imagem-4.jpg","contentUrl":"https:\/\/transamerica93.com.br\/home\/wp-content\/uploads\/2024\/01\/imagem-4.jpg","width":984,"height":633,"caption":"Foto: Reprodu\u00e7\u00e3o\/ Instagram @nattan"},{"@type":"BreadcrumbList","@id":"https:\/\/transamerica93.com.br\/home\/cantor-nattan-anuncia-pausa-na-carreira-para-passar-por-tratamento-medico\/#breadcrumb","itemListElement":[{"@type":"ListItem","position":1,"name":"In\u00edcio","item":"https:\/\/transamerica93.com.br\/home\/"},{"@type":"ListItem","position":2,"name":"Cantor Nattan anuncia pausa na carreira para passar por tratamento m\u00e9dico"}]},{"@type":"WebSite","@id":"https:\/\/transamerica93.com.br\/home\/#website","url":"https:\/\/transamerica93.com.br\/home\/","name":"Transam\u00e9rica Mococa 93,3","description":"","publisher":{"@id":"https:\/\/transamerica93.com.br\/home\/#organization"},"potentialAction":[{"@type":"SearchAction","target":{"@type":"EntryPoint","urlTemplate":"https:\/\/transamerica93.com.br\/home\/?s={search_term_string}"},"query-input":{"@type":"PropertyValueSpecification","valueRequired":true,"valueName":"search_term_string"}}],"inLanguage":"pt-BR"},{"@type":"Organization","@id":"https:\/\/transamerica93.com.br\/home\/#organization","name":"Transam\u00e9rica Mococa 93,3","url":"https:\/\/transamerica93.com.br\/home\/","logo":{"@type":"ImageObject","inLanguage":"pt-BR","@id":"https:\/\/transamerica93.com.br\/home\/#\/schema\/logo\/image\/","url":"https:\/\/transamerica93.com.br\/home\/wp-content\/uploads\/2023\/10\/logo2.png","contentUrl":"https:\/\/transamerica93.com.br\/home\/wp-content\/uploads\/2023\/10\/logo2.png","width":800,"height":500,"caption":"Transam\u00e9rica Mococa 93,3"},"image":{"@id":"https:\/\/transamerica93.com.br\/home\/#\/schema\/logo\/image\/"},"sameAs":["https:\/\/www.facebook.com\/transamericamococa","https:\/\/x.com\/transamerica933","https:\/\/www.instagram.com\/transamericamococa"]},{"@type":"Person","@id":"https:\/\/transamerica93.com.br\/home\/#\/schema\/person\/7fed7c99c0d4562efa8561bc0f543172","name":"Reda\u00e7\u00e3o","image":{"@type":"ImageObject","inLanguage":"pt-BR","@id":"https:\/\/secure.gravatar.com\/avatar\/1072c6b775fb02ef8506ce967551d95926669a6b7d2c2147b42eea4d7c68395e?s=96&d=mm&r=g","url":"https:\/\/secure.gravatar.com\/avatar\/1072c6b775fb02ef8506ce967551d95926669a6b7d2c2147b42eea4d7c68395e?s=96&d=mm&r=g","contentUrl":"https:\/\/secure.gravatar.com\/avatar\/1072c6b775fb02ef8506ce967551d95926669a6b7d2c2147b42eea4d7c68395e?s=96&d=mm&r=g","caption":"Reda\u00e7\u00e3o"},"sameAs":["https:\/\/transamerica93.com.br\/home"],"url":"https:\/\/transamerica93.com.br\/home\/author\/william\/"}]}},"_links":{"self":[{"href":"https:\/\/transamerica93.com.br\/home\/wp-json\/wp\/v2\/posts\/2258","targetHints":{"allow":["GET"]}}],"collection":[{"href":"https:\/\/transamerica93.com.br\/home\/wp-json\/wp\/v2\/posts"}],"about":[{"href":"https:\/\/transamerica93.com.br\/home\/wp-json\/wp\/v2\/types\/post"}],"author":[{"embeddable":true,"href":"https:\/\/transamerica93.com.br\/home\/wp-json\/wp\/v2\/users\/1"}],"replies":[{"embeddable":true,"href":"https:\/\/transamerica93.com.br\/home\/wp-json\/wp\/v2\/comments?post=2258"}],"version-history":[{"count":1,"href":"https:\/\/transamerica93.com.br\/home\/wp-json\/wp\/v2\/posts\/2258\/revisions"}],"predecessor-version":[{"id":2260,"href":"https:\/\/transamerica93.com.br\/home\/wp-json\/wp\/v2\/posts\/2258\/revisions\/2260"}],"wp:featuredmedia":[{"embeddable":true,"href":"https:\/\/transamerica93.com.br\/home\/wp-json\/wp\/v2\/media\/2259"}],"wp:attachment":[{"href":"https:\/\/transamerica93.com.br\/home\/wp-json\/wp\/v2\/media?parent=2258"}],"wp:term":[{"taxonomy":"category","embeddable":true,"href":"https:\/\/transamerica93.com.br\/home\/wp-json\/wp\/v2\/categories?post=2258"},{"taxonomy":"post_tag","embeddable":true,"href":"https:\/\/transamerica93.com.br\/home\/wp-json\/wp\/v2\/tags?post=2258"}],"curies":[{"name":"wp","href":"https:\/\/api.w.org\/{rel}","templated":true}]}}