{"id":2261,"date":"2024-01-05T15:00:18","date_gmt":"2024-01-05T18:00:18","guid":{"rendered":"https:\/\/transamerica93.com.br\/home\/?p=2261"},"modified":"2024-01-03T22:28:56","modified_gmt":"2024-01-04T01:28:56","slug":"paul-mccartney-dedica-video-a-fas-brasileiros-apos-turne-no-pais-foi-fantastico","status":"publish","type":"post","link":"https:\/\/transamerica93.com.br\/home\/paul-mccartney-dedica-video-a-fas-brasileiros-apos-turne-no-pais-foi-fantastico\/","title":{"rendered":"Paul McCartney dedica v\u00eddeo a f\u00e3s brasileiros ap\u00f3s turn\u00ea no Pa\u00eds: &#8216;Foi fant\u00e1stico&#8217;"},"content":{"rendered":"<h6 class=\"Assina\">Por Reda\u00e7\u00e3o E+<\/h6>\n<p>Paul McCartney publicou um v\u00eddeo em seu Instagram, agradecendo ao p\u00fablico brasileiro pela presen\u00e7a na turn\u00ea <i>Got Back<\/i>, que passou por Belo Horizonte, Bras\u00edlia, Curitiba, Rio de Janeiro e S\u00e3o Paulo. &#8220;Paul encerrou sua turn\u00ea 2023\u00a0<i>Got Back<\/i>\u00a0em cinco grandes cidades do Brasil, terminando com um grande show no Est\u00e1dio do Maracan\u00e3, no Rio de Janeiro! Obrigado a todos que vieram&#8221;, l\u00ea-se na legenda do v\u00eddeo<\/p>\n<p><a href=\"https:\/\/www.instagram.com\/reel\/C1pNZpFMWSX\/?\" target=\"_blank\" rel=\"noopener\"><u>Confira aqui<\/u><\/a><\/p>\n<p>Com direito a narra\u00e7\u00e3o do pr\u00f3prio Paul, o m\u00fasico comenta a emo\u00e7\u00e3o de tocar no Pa\u00eds: &#8220;Foi fant\u00e1stico&#8221; disse o ex-Beatle. Ele tamb\u00e9m destaca a presen\u00e7a de jovens nos shows e agradece a recep\u00e7\u00e3o do p\u00fablico brasileiro. O v\u00eddeo mostra alguns bastidores da turn\u00ea, como Paul recebendo a placa de mais de 2 milh\u00f5es de ingressos vendidos no Brasil, os momentos de concentra\u00e7\u00e3o antes de subir ao palco e, claro a emo\u00e7\u00e3o dos f\u00e3s, que lotaram os shows nos est\u00e1dios das cinco capitais.<\/p>\n<p>O m\u00fasico teceu elogios aos brasileiros: &#8220;\u00c9 uma linda na\u00e7\u00e3o. Quando voc\u00ea sobe ao palco com uma plateia como essa, o sentimento \u00e9 o mesmo de encontrar um amigo querido na rua que voc\u00ea n\u00e3o v\u00ea h\u00e1 muito tempo&#8221;, disse.<\/p>\n<p>Paul iniciou sua turn\u00ea no Brasil em novembro, em Bras\u00edlia, com direito a um show surpresa no intimista Clube do Choro. Com capacidade para pouco mais de 300 pessoas, a apresenta\u00e7\u00e3o lembrou os tempos de Cavern Club, no in\u00edcio da carreira dos Beatles.<\/p>\n<p>Os shows de Paul McCartney no Brasil foram acompanhados por famosos como Milton Nascimento, L\u00f4 Borges, Gilberto Gil, Herbert Vianna (Os Paralamas do Sucesso), Ang\u00e9lica e Luciano Huck.<\/p>\n<p><b>Em bom portugu\u00eas<\/b><\/p>\n<p>Durante a turn\u00ea, o ex-Beatle esbanjou simpatia ao arriscar algumas palavras em portugu\u00eas, que variavam de acordo com as express\u00f5es de cada regi\u00e3o por onde passou. Em S\u00e3o Paulo, recepcionou os f\u00e3s com um &#8220;boa noite, mano?&#8221;; em Belo Horizonte, falou &#8220;uai&#8221;; em Curitiba arriscou um &#8220;e a\u00ed, piazada?&#8221;; no Rio, mandou um &#8220;aha-uhu O Maraca \u00e9 nosso&#8221;.<\/p>\n","protected":false},"excerpt":{"rendered":"<p>Por Reda\u00e7\u00e3o E+ Paul McCartney publicou um v\u00eddeo em seu Instagram, agradecendo ao p\u00fablico brasileiro pela presen\u00e7a na turn\u00ea Got Back, que passou por Belo Horizonte, Bras\u00edlia, Curitiba, Rio de Janeiro e S\u00e3o Paulo. &#8220;Paul encerrou sua turn\u00ea 2023\u00a0Got Back\u00a0em cinco grandes cidades do Brasil, terminando com um grande show no Est\u00e1dio do Maracan\u00e3, no &hellip;<\/p>\n","protected":false},"author":1,"featured_media":2262,"comment_status":"closed","ping_status":"closed","sticky":false,"template":"","format":"standard","meta":{"footnotes":""},"categories":[25],"tags":[],"class_list":["post-2261","post","type-post","status-publish","format-standard","has-post-thumbnail","hentry","category-musica"],"yoast_head":"<!-- This site is optimized with the Yoast SEO plugin v27.4 - https:\/\/yoast.com\/product\/yoast-seo-wordpress\/ -->\n<title>Paul McCartney dedica v\u00eddeo a f\u00e3s brasileiros ap\u00f3s turn\u00ea no Pa\u00eds: &#039;Foi fant\u00e1stico&#039; - Transam\u00e9rica Mococa 93,3<\/title>\n<meta name=\"robots\" content=\"index, follow, max-snippet:-1, max-image-preview:large, max-video-preview:-1\" \/>\n<link rel=\"canonical\" href=\"https:\/\/transamerica93.com.br\/home\/paul-mccartney-dedica-video-a-fas-brasileiros-apos-turne-no-pais-foi-fantastico\/\" \/>\n<meta property=\"og:locale\" content=\"pt_BR\" \/>\n<meta property=\"og:type\" content=\"article\" \/>\n<meta property=\"og:title\" content=\"Paul McCartney dedica v\u00eddeo a f\u00e3s brasileiros ap\u00f3s turn\u00ea no Pa\u00eds: &#039;Foi fant\u00e1stico&#039; - Transam\u00e9rica Mococa 93,3\" \/>\n<meta property=\"og:description\" content=\"Por Reda\u00e7\u00e3o E+ Paul McCartney publicou um v\u00eddeo em seu Instagram, agradecendo ao p\u00fablico brasileiro pela presen\u00e7a na turn\u00ea Got Back, que passou por Belo Horizonte, Bras\u00edlia, Curitiba, Rio de Janeiro e S\u00e3o Paulo. &#8220;Paul encerrou sua turn\u00ea 2023\u00a0Got Back\u00a0em cinco grandes cidades do Brasil, terminando com um grande show no Est\u00e1dio do Maracan\u00e3, no &hellip;\" \/>\n<meta property=\"og:url\" content=\"https:\/\/transamerica93.com.br\/home\/paul-mccartney-dedica-video-a-fas-brasileiros-apos-turne-no-pais-foi-fantastico\/\" \/>\n<meta property=\"og:site_name\" content=\"Transam\u00e9rica Mococa 93,3\" \/>\n<meta property=\"article:publisher\" content=\"https:\/\/www.facebook.com\/transamericamococa\" \/>\n<meta property=\"article:published_time\" content=\"2024-01-05T18:00:18+00:00\" \/>\n<meta property=\"og:image\" content=\"https:\/\/transamerica93.com.br\/home\/wp-content\/uploads\/2024\/01\/imagem-5.jpg\" \/>\n\t<meta property=\"og:image:width\" content=\"984\" \/>\n\t<meta property=\"og:image:height\" content=\"633\" \/>\n\t<meta property=\"og:image:type\" content=\"image\/jpeg\" \/>\n<meta name=\"author\" content=\"Reda\u00e7\u00e3o\" \/>\n<meta name=\"twitter:card\" content=\"summary_large_image\" \/>\n<meta name=\"twitter:creator\" content=\"@transamerica933\" \/>\n<meta name=\"twitter:site\" content=\"@transamerica933\" \/>\n<meta name=\"twitter:label1\" content=\"Escrito por\" \/>\n\t<meta name=\"twitter:data1\" content=\"Reda\u00e7\u00e3o\" \/>\n\t<meta name=\"twitter:label2\" content=\"Est. tempo de leitura\" \/>\n\t<meta name=\"twitter:data2\" content=\"2 minutos\" \/>\n<script type=\"application\/ld+json\" class=\"yoast-schema-graph\">{\"@context\":\"https:\\\/\\\/schema.org\",\"@graph\":[{\"@type\":\"Article\",\"@id\":\"https:\\\/\\\/transamerica93.com.br\\\/home\\\/paul-mccartney-dedica-video-a-fas-brasileiros-apos-turne-no-pais-foi-fantastico\\\/#article\",\"isPartOf\":{\"@id\":\"https:\\\/\\\/transamerica93.com.br\\\/home\\\/paul-mccartney-dedica-video-a-fas-brasileiros-apos-turne-no-pais-foi-fantastico\\\/\"},\"author\":{\"name\":\"Reda\u00e7\u00e3o\",\"@id\":\"https:\\\/\\\/transamerica93.com.br\\\/home\\\/#\\\/schema\\\/person\\\/7fed7c99c0d4562efa8561bc0f543172\"},\"headline\":\"Paul McCartney dedica v\u00eddeo a f\u00e3s brasileiros ap\u00f3s turn\u00ea no Pa\u00eds: &#8216;Foi fant\u00e1stico&#8217;\",\"datePublished\":\"2024-01-05T18:00:18+00:00\",\"mainEntityOfPage\":{\"@id\":\"https:\\\/\\\/transamerica93.com.br\\\/home\\\/paul-mccartney-dedica-video-a-fas-brasileiros-apos-turne-no-pais-foi-fantastico\\\/\"},\"wordCount\":377,\"publisher\":{\"@id\":\"https:\\\/\\\/transamerica93.com.br\\\/home\\\/#organization\"},\"image\":{\"@id\":\"https:\\\/\\\/transamerica93.com.br\\\/home\\\/paul-mccartney-dedica-video-a-fas-brasileiros-apos-turne-no-pais-foi-fantastico\\\/#primaryimage\"},\"thumbnailUrl\":\"https:\\\/\\\/transamerica93.com.br\\\/home\\\/wp-content\\\/uploads\\\/2024\\\/01\\\/imagem-5.jpg\",\"articleSection\":[\"M\u00fasica\"],\"inLanguage\":\"pt-BR\"},{\"@type\":\"WebPage\",\"@id\":\"https:\\\/\\\/transamerica93.com.br\\\/home\\\/paul-mccartney-dedica-video-a-fas-brasileiros-apos-turne-no-pais-foi-fantastico\\\/\",\"url\":\"https:\\\/\\\/transamerica93.com.br\\\/home\\\/paul-mccartney-dedica-video-a-fas-brasileiros-apos-turne-no-pais-foi-fantastico\\\/\",\"name\":\"Paul McCartney dedica v\u00eddeo a f\u00e3s brasileiros ap\u00f3s turn\u00ea no Pa\u00eds: 'Foi fant\u00e1stico' - Transam\u00e9rica Mococa 93,3\",\"isPartOf\":{\"@id\":\"https:\\\/\\\/transamerica93.com.br\\\/home\\\/#website\"},\"primaryImageOfPage\":{\"@id\":\"https:\\\/\\\/transamerica93.com.br\\\/home\\\/paul-mccartney-dedica-video-a-fas-brasileiros-apos-turne-no-pais-foi-fantastico\\\/#primaryimage\"},\"image\":{\"@id\":\"https:\\\/\\\/transamerica93.com.br\\\/home\\\/paul-mccartney-dedica-video-a-fas-brasileiros-apos-turne-no-pais-foi-fantastico\\\/#primaryimage\"},\"thumbnailUrl\":\"https:\\\/\\\/transamerica93.com.br\\\/home\\\/wp-content\\\/uploads\\\/2024\\\/01\\\/imagem-5.jpg\",\"datePublished\":\"2024-01-05T18:00:18+00:00\",\"breadcrumb\":{\"@id\":\"https:\\\/\\\/transamerica93.com.br\\\/home\\\/paul-mccartney-dedica-video-a-fas-brasileiros-apos-turne-no-pais-foi-fantastico\\\/#breadcrumb\"},\"inLanguage\":\"pt-BR\",\"potentialAction\":[{\"@type\":\"ReadAction\",\"target\":[\"https:\\\/\\\/transamerica93.com.br\\\/home\\\/paul-mccartney-dedica-video-a-fas-brasileiros-apos-turne-no-pais-foi-fantastico\\\/\"]}]},{\"@type\":\"ImageObject\",\"inLanguage\":\"pt-BR\",\"@id\":\"https:\\\/\\\/transamerica93.com.br\\\/home\\\/paul-mccartney-dedica-video-a-fas-brasileiros-apos-turne-no-pais-foi-fantastico\\\/#primaryimage\",\"url\":\"https:\\\/\\\/transamerica93.com.br\\\/home\\\/wp-content\\\/uploads\\\/2024\\\/01\\\/imagem-5.jpg\",\"contentUrl\":\"https:\\\/\\\/transamerica93.com.br\\\/home\\\/wp-content\\\/uploads\\\/2024\\\/01\\\/imagem-5.jpg\",\"width\":984,\"height\":633,\"caption\":\"Reprodu\u00e7\u00e3o\"},{\"@type\":\"BreadcrumbList\",\"@id\":\"https:\\\/\\\/transamerica93.com.br\\\/home\\\/paul-mccartney-dedica-video-a-fas-brasileiros-apos-turne-no-pais-foi-fantastico\\\/#breadcrumb\",\"itemListElement\":[{\"@type\":\"ListItem\",\"position\":1,\"name\":\"In\u00edcio\",\"item\":\"https:\\\/\\\/transamerica93.com.br\\\/home\\\/\"},{\"@type\":\"ListItem\",\"position\":2,\"name\":\"Paul McCartney dedica v\u00eddeo a f\u00e3s brasileiros ap\u00f3s turn\u00ea no Pa\u00eds: &#8216;Foi fant\u00e1stico&#8217;\"}]},{\"@type\":\"WebSite\",\"@id\":\"https:\\\/\\\/transamerica93.com.br\\\/home\\\/#website\",\"url\":\"https:\\\/\\\/transamerica93.com.br\\\/home\\\/\",\"name\":\"Transam\u00e9rica Mococa 93,3\",\"description\":\"\",\"publisher\":{\"@id\":\"https:\\\/\\\/transamerica93.com.br\\\/home\\\/#organization\"},\"potentialAction\":[{\"@type\":\"SearchAction\",\"target\":{\"@type\":\"EntryPoint\",\"urlTemplate\":\"https:\\\/\\\/transamerica93.com.br\\\/home\\\/?s={search_term_string}\"},\"query-input\":{\"@type\":\"PropertyValueSpecification\",\"valueRequired\":true,\"valueName\":\"search_term_string\"}}],\"inLanguage\":\"pt-BR\"},{\"@type\":\"Organization\",\"@id\":\"https:\\\/\\\/transamerica93.com.br\\\/home\\\/#organization\",\"name\":\"Transam\u00e9rica Mococa 93,3\",\"url\":\"https:\\\/\\\/transamerica93.com.br\\\/home\\\/\",\"logo\":{\"@type\":\"ImageObject\",\"inLanguage\":\"pt-BR\",\"@id\":\"https:\\\/\\\/transamerica93.com.br\\\/home\\\/#\\\/schema\\\/logo\\\/image\\\/\",\"url\":\"https:\\\/\\\/transamerica93.com.br\\\/home\\\/wp-content\\\/uploads\\\/2023\\\/10\\\/logo2.png\",\"contentUrl\":\"https:\\\/\\\/transamerica93.com.br\\\/home\\\/wp-content\\\/uploads\\\/2023\\\/10\\\/logo2.png\",\"width\":800,\"height\":500,\"caption\":\"Transam\u00e9rica Mococa 93,3\"},\"image\":{\"@id\":\"https:\\\/\\\/transamerica93.com.br\\\/home\\\/#\\\/schema\\\/logo\\\/image\\\/\"},\"sameAs\":[\"https:\\\/\\\/www.facebook.com\\\/transamericamococa\",\"https:\\\/\\\/x.com\\\/transamerica933\",\"https:\\\/\\\/www.instagram.com\\\/transamericamococa\"]},{\"@type\":\"Person\",\"@id\":\"https:\\\/\\\/transamerica93.com.br\\\/home\\\/#\\\/schema\\\/person\\\/7fed7c99c0d4562efa8561bc0f543172\",\"name\":\"Reda\u00e7\u00e3o\",\"image\":{\"@type\":\"ImageObject\",\"inLanguage\":\"pt-BR\",\"@id\":\"https:\\\/\\\/secure.gravatar.com\\\/avatar\\\/1072c6b775fb02ef8506ce967551d95926669a6b7d2c2147b42eea4d7c68395e?s=96&d=mm&r=g\",\"url\":\"https:\\\/\\\/secure.gravatar.com\\\/avatar\\\/1072c6b775fb02ef8506ce967551d95926669a6b7d2c2147b42eea4d7c68395e?s=96&d=mm&r=g\",\"contentUrl\":\"https:\\\/\\\/secure.gravatar.com\\\/avatar\\\/1072c6b775fb02ef8506ce967551d95926669a6b7d2c2147b42eea4d7c68395e?s=96&d=mm&r=g\",\"caption\":\"Reda\u00e7\u00e3o\"},\"sameAs\":[\"https:\\\/\\\/transamerica93.com.br\\\/home\"],\"url\":\"https:\\\/\\\/transamerica93.com.br\\\/home\\\/author\\\/william\\\/\"}]}<\/script>\n<!-- \/ Yoast SEO plugin. -->","yoast_head_json":{"title":"Paul McCartney dedica v\u00eddeo a f\u00e3s brasileiros ap\u00f3s turn\u00ea no Pa\u00eds: 'Foi fant\u00e1stico' - Transam\u00e9rica Mococa 93,3","robots":{"index":"index","follow":"follow","max-snippet":"max-snippet:-1","max-image-preview":"max-image-preview:large","max-video-preview":"max-video-preview:-1"},"canonical":"https:\/\/transamerica93.com.br\/home\/paul-mccartney-dedica-video-a-fas-brasileiros-apos-turne-no-pais-foi-fantastico\/","og_locale":"pt_BR","og_type":"article","og_title":"Paul McCartney dedica v\u00eddeo a f\u00e3s brasileiros ap\u00f3s turn\u00ea no Pa\u00eds: 'Foi fant\u00e1stico' - Transam\u00e9rica Mococa 93,3","og_description":"Por Reda\u00e7\u00e3o E+ Paul McCartney publicou um v\u00eddeo em seu Instagram, agradecendo ao p\u00fablico brasileiro pela presen\u00e7a na turn\u00ea Got Back, que passou por Belo Horizonte, Bras\u00edlia, Curitiba, Rio de Janeiro e S\u00e3o Paulo. &#8220;Paul encerrou sua turn\u00ea 2023\u00a0Got Back\u00a0em cinco grandes cidades do Brasil, terminando com um grande show no Est\u00e1dio do Maracan\u00e3, no &hellip;","og_url":"https:\/\/transamerica93.com.br\/home\/paul-mccartney-dedica-video-a-fas-brasileiros-apos-turne-no-pais-foi-fantastico\/","og_site_name":"Transam\u00e9rica Mococa 93,3","article_publisher":"https:\/\/www.facebook.com\/transamericamococa","article_published_time":"2024-01-05T18:00:18+00:00","og_image":[{"width":984,"height":633,"url":"https:\/\/transamerica93.com.br\/home\/wp-content\/uploads\/2024\/01\/imagem-5.jpg","type":"image\/jpeg"}],"author":"Reda\u00e7\u00e3o","twitter_card":"summary_large_image","twitter_creator":"@transamerica933","twitter_site":"@transamerica933","twitter_misc":{"Escrito por":"Reda\u00e7\u00e3o","Est. tempo de leitura":"2 minutos"},"schema":{"@context":"https:\/\/schema.org","@graph":[{"@type":"Article","@id":"https:\/\/transamerica93.com.br\/home\/paul-mccartney-dedica-video-a-fas-brasileiros-apos-turne-no-pais-foi-fantastico\/#article","isPartOf":{"@id":"https:\/\/transamerica93.com.br\/home\/paul-mccartney-dedica-video-a-fas-brasileiros-apos-turne-no-pais-foi-fantastico\/"},"author":{"name":"Reda\u00e7\u00e3o","@id":"https:\/\/transamerica93.com.br\/home\/#\/schema\/person\/7fed7c99c0d4562efa8561bc0f543172"},"headline":"Paul McCartney dedica v\u00eddeo a f\u00e3s brasileiros ap\u00f3s turn\u00ea no Pa\u00eds: &#8216;Foi fant\u00e1stico&#8217;","datePublished":"2024-01-05T18:00:18+00:00","mainEntityOfPage":{"@id":"https:\/\/transamerica93.com.br\/home\/paul-mccartney-dedica-video-a-fas-brasileiros-apos-turne-no-pais-foi-fantastico\/"},"wordCount":377,"publisher":{"@id":"https:\/\/transamerica93.com.br\/home\/#organization"},"image":{"@id":"https:\/\/transamerica93.com.br\/home\/paul-mccartney-dedica-video-a-fas-brasileiros-apos-turne-no-pais-foi-fantastico\/#primaryimage"},"thumbnailUrl":"https:\/\/transamerica93.com.br\/home\/wp-content\/uploads\/2024\/01\/imagem-5.jpg","articleSection":["M\u00fasica"],"inLanguage":"pt-BR"},{"@type":"WebPage","@id":"https:\/\/transamerica93.com.br\/home\/paul-mccartney-dedica-video-a-fas-brasileiros-apos-turne-no-pais-foi-fantastico\/","url":"https:\/\/transamerica93.com.br\/home\/paul-mccartney-dedica-video-a-fas-brasileiros-apos-turne-no-pais-foi-fantastico\/","name":"Paul McCartney dedica v\u00eddeo a f\u00e3s brasileiros ap\u00f3s turn\u00ea no Pa\u00eds: 'Foi fant\u00e1stico' - Transam\u00e9rica Mococa 93,3","isPartOf":{"@id":"https:\/\/transamerica93.com.br\/home\/#website"},"primaryImageOfPage":{"@id":"https:\/\/transamerica93.com.br\/home\/paul-mccartney-dedica-video-a-fas-brasileiros-apos-turne-no-pais-foi-fantastico\/#primaryimage"},"image":{"@id":"https:\/\/transamerica93.com.br\/home\/paul-mccartney-dedica-video-a-fas-brasileiros-apos-turne-no-pais-foi-fantastico\/#primaryimage"},"thumbnailUrl":"https:\/\/transamerica93.com.br\/home\/wp-content\/uploads\/2024\/01\/imagem-5.jpg","datePublished":"2024-01-05T18:00:18+00:00","breadcrumb":{"@id":"https:\/\/transamerica93.com.br\/home\/paul-mccartney-dedica-video-a-fas-brasileiros-apos-turne-no-pais-foi-fantastico\/#breadcrumb"},"inLanguage":"pt-BR","potentialAction":[{"@type":"ReadAction","target":["https:\/\/transamerica93.com.br\/home\/paul-mccartney-dedica-video-a-fas-brasileiros-apos-turne-no-pais-foi-fantastico\/"]}]},{"@type":"ImageObject","inLanguage":"pt-BR","@id":"https:\/\/transamerica93.com.br\/home\/paul-mccartney-dedica-video-a-fas-brasileiros-apos-turne-no-pais-foi-fantastico\/#primaryimage","url":"https:\/\/transamerica93.com.br\/home\/wp-content\/uploads\/2024\/01\/imagem-5.jpg","contentUrl":"https:\/\/transamerica93.com.br\/home\/wp-content\/uploads\/2024\/01\/imagem-5.jpg","width":984,"height":633,"caption":"Reprodu\u00e7\u00e3o"},{"@type":"BreadcrumbList","@id":"https:\/\/transamerica93.com.br\/home\/paul-mccartney-dedica-video-a-fas-brasileiros-apos-turne-no-pais-foi-fantastico\/#breadcrumb","itemListElement":[{"@type":"ListItem","position":1,"name":"In\u00edcio","item":"https:\/\/transamerica93.com.br\/home\/"},{"@type":"ListItem","position":2,"name":"Paul McCartney dedica v\u00eddeo a f\u00e3s brasileiros ap\u00f3s turn\u00ea no Pa\u00eds: &#8216;Foi fant\u00e1stico&#8217;"}]},{"@type":"WebSite","@id":"https:\/\/transamerica93.com.br\/home\/#website","url":"https:\/\/transamerica93.com.br\/home\/","name":"Transam\u00e9rica Mococa 93,3","description":"","publisher":{"@id":"https:\/\/transamerica93.com.br\/home\/#organization"},"potentialAction":[{"@type":"SearchAction","target":{"@type":"EntryPoint","urlTemplate":"https:\/\/transamerica93.com.br\/home\/?s={search_term_string}"},"query-input":{"@type":"PropertyValueSpecification","valueRequired":true,"valueName":"search_term_string"}}],"inLanguage":"pt-BR"},{"@type":"Organization","@id":"https:\/\/transamerica93.com.br\/home\/#organization","name":"Transam\u00e9rica Mococa 93,3","url":"https:\/\/transamerica93.com.br\/home\/","logo":{"@type":"ImageObject","inLanguage":"pt-BR","@id":"https:\/\/transamerica93.com.br\/home\/#\/schema\/logo\/image\/","url":"https:\/\/transamerica93.com.br\/home\/wp-content\/uploads\/2023\/10\/logo2.png","contentUrl":"https:\/\/transamerica93.com.br\/home\/wp-content\/uploads\/2023\/10\/logo2.png","width":800,"height":500,"caption":"Transam\u00e9rica Mococa 93,3"},"image":{"@id":"https:\/\/transamerica93.com.br\/home\/#\/schema\/logo\/image\/"},"sameAs":["https:\/\/www.facebook.com\/transamericamococa","https:\/\/x.com\/transamerica933","https:\/\/www.instagram.com\/transamericamococa"]},{"@type":"Person","@id":"https:\/\/transamerica93.com.br\/home\/#\/schema\/person\/7fed7c99c0d4562efa8561bc0f543172","name":"Reda\u00e7\u00e3o","image":{"@type":"ImageObject","inLanguage":"pt-BR","@id":"https:\/\/secure.gravatar.com\/avatar\/1072c6b775fb02ef8506ce967551d95926669a6b7d2c2147b42eea4d7c68395e?s=96&d=mm&r=g","url":"https:\/\/secure.gravatar.com\/avatar\/1072c6b775fb02ef8506ce967551d95926669a6b7d2c2147b42eea4d7c68395e?s=96&d=mm&r=g","contentUrl":"https:\/\/secure.gravatar.com\/avatar\/1072c6b775fb02ef8506ce967551d95926669a6b7d2c2147b42eea4d7c68395e?s=96&d=mm&r=g","caption":"Reda\u00e7\u00e3o"},"sameAs":["https:\/\/transamerica93.com.br\/home"],"url":"https:\/\/transamerica93.com.br\/home\/author\/william\/"}]}},"_links":{"self":[{"href":"https:\/\/transamerica93.com.br\/home\/wp-json\/wp\/v2\/posts\/2261","targetHints":{"allow":["GET"]}}],"collection":[{"href":"https:\/\/transamerica93.com.br\/home\/wp-json\/wp\/v2\/posts"}],"about":[{"href":"https:\/\/transamerica93.com.br\/home\/wp-json\/wp\/v2\/types\/post"}],"author":[{"embeddable":true,"href":"https:\/\/transamerica93.com.br\/home\/wp-json\/wp\/v2\/users\/1"}],"replies":[{"embeddable":true,"href":"https:\/\/transamerica93.com.br\/home\/wp-json\/wp\/v2\/comments?post=2261"}],"version-history":[{"count":1,"href":"https:\/\/transamerica93.com.br\/home\/wp-json\/wp\/v2\/posts\/2261\/revisions"}],"predecessor-version":[{"id":2263,"href":"https:\/\/transamerica93.com.br\/home\/wp-json\/wp\/v2\/posts\/2261\/revisions\/2263"}],"wp:featuredmedia":[{"embeddable":true,"href":"https:\/\/transamerica93.com.br\/home\/wp-json\/wp\/v2\/media\/2262"}],"wp:attachment":[{"href":"https:\/\/transamerica93.com.br\/home\/wp-json\/wp\/v2\/media?parent=2261"}],"wp:term":[{"taxonomy":"category","embeddable":true,"href":"https:\/\/transamerica93.com.br\/home\/wp-json\/wp\/v2\/categories?post=2261"},{"taxonomy":"post_tag","embeddable":true,"href":"https:\/\/transamerica93.com.br\/home\/wp-json\/wp\/v2\/tags?post=2261"}],"curies":[{"name":"wp","href":"https:\/\/api.w.org\/{rel}","templated":true}]}}