{"id":2267,"date":"2024-01-05T18:00:17","date_gmt":"2024-01-05T21:00:17","guid":{"rendered":"https:\/\/transamerica93.com.br\/home\/?p=2267"},"modified":"2024-01-03T22:32:47","modified_gmt":"2024-01-04T01:32:47","slug":"uma-das-melhores-novelas-do-benedito-diz-marcos-palmeira-sobre-remake-de-renascer","status":"publish","type":"post","link":"https:\/\/transamerica93.com.br\/home\/uma-das-melhores-novelas-do-benedito-diz-marcos-palmeira-sobre-remake-de-renascer\/","title":{"rendered":"&#8216;Uma das melhores novelas do Benedito&#8217;, diz Marcos Palmeira sobre remake de &#8216;Renascer&#8217;"},"content":{"rendered":"<div id=\"Corpo\">Por Reda\u00e7\u00e3o O Estado de S. Paulo<\/p>\n<p>A menos de um m\u00eas da estreia do remake de\u00a0<i>Renascer<\/i>\u00a0&#8211; a novela vai substituir\u00a0<i>Terra e Paix\u00e3o<\/i>\u00a0a partir do dia 22 de janeiro &#8211; o ator Marcos Palmeira, um dos protagonistas da hist\u00f3ria criada por Benedito Ruy Barbosa, falou sobre a expectativa de dar vida a Jos\u00e9 Inoc\u00eancio, um fazendeiro de cacau do qual a hist\u00f3ria gira em torno.<\/p>\n<p>Em entrevista \u00e0 TV Globo, que tem mostrado os bastidores das grava\u00e7\u00f5es em Ilh\u00e9us, na Bahia, Palmeira declarou: &#8220;\u00e9 muito bom poder reviver esse universo do cacau&#8221;.<\/p>\n<p>Na primeira vers\u00e3o da novela, em 1993, o ator viveu Jos\u00e9 Pedro, o filho que era rejeitado por Jos\u00e9 Inoc\u00eancio, na \u00e9poca interpretado por Ant\u00f4nio Fagundes.<\/p>\n<p>&#8220;A expectativa \u00e9 a melhor poss\u00edvel. \u00c9 uma das melhores novelas de Benedito. Eu sou apaixonado por Renascer. Estou muito honrado em fazer&#8221;, disse o ator.<\/p>\n<p>No v\u00eddeo divulgado pela Globo, Palmeira aparece ao lado da atriz Theresa Fonseca, que viver\u00e1 Mariana, uma jovem que desperta uma nova paix\u00e3o em Jos\u00e9 Inoc\u00eancio, mas que tamb\u00e9m traz muitos conflitos para sua fam\u00edlia.<\/p>\n<p>Essa nova vers\u00e3o de\u00a0<i>Renascer<\/i>, a exemplo do que ocorreu em\u00a0<i>Pantanal<\/i>, \u00e9 escrita por Bruno Luperi, neto de Benedito.<\/div>\n","protected":false},"excerpt":{"rendered":"<p>Por Reda\u00e7\u00e3o O Estado de S. Paulo A menos de um m\u00eas da estreia do remake de\u00a0Renascer\u00a0&#8211; a novela vai substituir\u00a0Terra e Paix\u00e3o\u00a0a partir do dia 22 de janeiro &#8211; o ator Marcos Palmeira, um dos protagonistas da hist\u00f3ria criada por Benedito Ruy Barbosa, falou sobre a expectativa de dar vida a Jos\u00e9 Inoc\u00eancio, um &hellip;<\/p>\n","protected":false},"author":1,"featured_media":2268,"comment_status":"closed","ping_status":"closed","sticky":false,"template":"","format":"standard","meta":{"footnotes":""},"categories":[24],"tags":[],"class_list":["post-2267","post","type-post","status-publish","format-standard","has-post-thumbnail","hentry","category-entretenimento"],"yoast_head":"<!-- This site is optimized with the Yoast SEO plugin v27.4 - https:\/\/yoast.com\/product\/yoast-seo-wordpress\/ -->\n<title>&#039;Uma das melhores novelas do Benedito&#039;, diz Marcos Palmeira sobre remake de &#039;Renascer&#039; - Transam\u00e9rica Mococa 93,3<\/title>\n<meta name=\"robots\" content=\"index, follow, max-snippet:-1, max-image-preview:large, max-video-preview:-1\" \/>\n<link rel=\"canonical\" href=\"https:\/\/transamerica93.com.br\/home\/uma-das-melhores-novelas-do-benedito-diz-marcos-palmeira-sobre-remake-de-renascer\/\" \/>\n<meta property=\"og:locale\" content=\"pt_BR\" \/>\n<meta property=\"og:type\" content=\"article\" \/>\n<meta property=\"og:title\" content=\"&#039;Uma das melhores novelas do Benedito&#039;, diz Marcos Palmeira sobre remake de &#039;Renascer&#039; - Transam\u00e9rica Mococa 93,3\" \/>\n<meta property=\"og:description\" content=\"Por Reda\u00e7\u00e3o O Estado de S. Paulo A menos de um m\u00eas da estreia do remake de\u00a0Renascer\u00a0&#8211; a novela vai substituir\u00a0Terra e Paix\u00e3o\u00a0a partir do dia 22 de janeiro &#8211; o ator Marcos Palmeira, um dos protagonistas da hist\u00f3ria criada por Benedito Ruy Barbosa, falou sobre a expectativa de dar vida a Jos\u00e9 Inoc\u00eancio, um &hellip;\" \/>\n<meta property=\"og:url\" content=\"https:\/\/transamerica93.com.br\/home\/uma-das-melhores-novelas-do-benedito-diz-marcos-palmeira-sobre-remake-de-renascer\/\" \/>\n<meta property=\"og:site_name\" content=\"Transam\u00e9rica Mococa 93,3\" \/>\n<meta property=\"article:publisher\" content=\"https:\/\/www.facebook.com\/transamericamococa\" \/>\n<meta property=\"article:published_time\" content=\"2024-01-05T21:00:17+00:00\" \/>\n<meta property=\"og:image\" content=\"https:\/\/transamerica93.com.br\/home\/wp-content\/uploads\/2024\/01\/imagem-7.jpg\" \/>\n\t<meta property=\"og:image:width\" content=\"1110\" \/>\n\t<meta property=\"og:image:height\" content=\"740\" \/>\n\t<meta property=\"og:image:type\" content=\"image\/jpeg\" \/>\n<meta name=\"author\" content=\"Reda\u00e7\u00e3o\" \/>\n<meta name=\"twitter:card\" content=\"summary_large_image\" \/>\n<meta name=\"twitter:creator\" content=\"@transamerica933\" \/>\n<meta name=\"twitter:site\" content=\"@transamerica933\" \/>\n<meta name=\"twitter:label1\" content=\"Escrito por\" \/>\n\t<meta name=\"twitter:data1\" content=\"Reda\u00e7\u00e3o\" \/>\n\t<meta name=\"twitter:label2\" content=\"Est. tempo de leitura\" \/>\n\t<meta name=\"twitter:data2\" content=\"2 minutos\" \/>\n<script type=\"application\/ld+json\" class=\"yoast-schema-graph\">{\"@context\":\"https:\\\/\\\/schema.org\",\"@graph\":[{\"@type\":\"Article\",\"@id\":\"https:\\\/\\\/transamerica93.com.br\\\/home\\\/uma-das-melhores-novelas-do-benedito-diz-marcos-palmeira-sobre-remake-de-renascer\\\/#article\",\"isPartOf\":{\"@id\":\"https:\\\/\\\/transamerica93.com.br\\\/home\\\/uma-das-melhores-novelas-do-benedito-diz-marcos-palmeira-sobre-remake-de-renascer\\\/\"},\"author\":{\"name\":\"Reda\u00e7\u00e3o\",\"@id\":\"https:\\\/\\\/transamerica93.com.br\\\/home\\\/#\\\/schema\\\/person\\\/7fed7c99c0d4562efa8561bc0f543172\"},\"headline\":\"&#8216;Uma das melhores novelas do Benedito&#8217;, diz Marcos Palmeira sobre remake de &#8216;Renascer&#8217;\",\"datePublished\":\"2024-01-05T21:00:17+00:00\",\"mainEntityOfPage\":{\"@id\":\"https:\\\/\\\/transamerica93.com.br\\\/home\\\/uma-das-melhores-novelas-do-benedito-diz-marcos-palmeira-sobre-remake-de-renascer\\\/\"},\"wordCount\":227,\"publisher\":{\"@id\":\"https:\\\/\\\/transamerica93.com.br\\\/home\\\/#organization\"},\"image\":{\"@id\":\"https:\\\/\\\/transamerica93.com.br\\\/home\\\/uma-das-melhores-novelas-do-benedito-diz-marcos-palmeira-sobre-remake-de-renascer\\\/#primaryimage\"},\"thumbnailUrl\":\"https:\\\/\\\/transamerica93.com.br\\\/home\\\/wp-content\\\/uploads\\\/2024\\\/01\\\/imagem-7.jpg\",\"articleSection\":[\"Entretenimento\"],\"inLanguage\":\"pt-BR\"},{\"@type\":\"WebPage\",\"@id\":\"https:\\\/\\\/transamerica93.com.br\\\/home\\\/uma-das-melhores-novelas-do-benedito-diz-marcos-palmeira-sobre-remake-de-renascer\\\/\",\"url\":\"https:\\\/\\\/transamerica93.com.br\\\/home\\\/uma-das-melhores-novelas-do-benedito-diz-marcos-palmeira-sobre-remake-de-renascer\\\/\",\"name\":\"'Uma das melhores novelas do Benedito', diz Marcos Palmeira sobre remake de 'Renascer' - Transam\u00e9rica Mococa 93,3\",\"isPartOf\":{\"@id\":\"https:\\\/\\\/transamerica93.com.br\\\/home\\\/#website\"},\"primaryImageOfPage\":{\"@id\":\"https:\\\/\\\/transamerica93.com.br\\\/home\\\/uma-das-melhores-novelas-do-benedito-diz-marcos-palmeira-sobre-remake-de-renascer\\\/#primaryimage\"},\"image\":{\"@id\":\"https:\\\/\\\/transamerica93.com.br\\\/home\\\/uma-das-melhores-novelas-do-benedito-diz-marcos-palmeira-sobre-remake-de-renascer\\\/#primaryimage\"},\"thumbnailUrl\":\"https:\\\/\\\/transamerica93.com.br\\\/home\\\/wp-content\\\/uploads\\\/2024\\\/01\\\/imagem-7.jpg\",\"datePublished\":\"2024-01-05T21:00:17+00:00\",\"breadcrumb\":{\"@id\":\"https:\\\/\\\/transamerica93.com.br\\\/home\\\/uma-das-melhores-novelas-do-benedito-diz-marcos-palmeira-sobre-remake-de-renascer\\\/#breadcrumb\"},\"inLanguage\":\"pt-BR\",\"potentialAction\":[{\"@type\":\"ReadAction\",\"target\":[\"https:\\\/\\\/transamerica93.com.br\\\/home\\\/uma-das-melhores-novelas-do-benedito-diz-marcos-palmeira-sobre-remake-de-renascer\\\/\"]}]},{\"@type\":\"ImageObject\",\"inLanguage\":\"pt-BR\",\"@id\":\"https:\\\/\\\/transamerica93.com.br\\\/home\\\/uma-das-melhores-novelas-do-benedito-diz-marcos-palmeira-sobre-remake-de-renascer\\\/#primaryimage\",\"url\":\"https:\\\/\\\/transamerica93.com.br\\\/home\\\/wp-content\\\/uploads\\\/2024\\\/01\\\/imagem-7.jpg\",\"contentUrl\":\"https:\\\/\\\/transamerica93.com.br\\\/home\\\/wp-content\\\/uploads\\\/2024\\\/01\\\/imagem-7.jpg\",\"width\":1110,\"height\":740,\"caption\":\"Foto: F\u00e1bio Rocha\\\/Globo\"},{\"@type\":\"BreadcrumbList\",\"@id\":\"https:\\\/\\\/transamerica93.com.br\\\/home\\\/uma-das-melhores-novelas-do-benedito-diz-marcos-palmeira-sobre-remake-de-renascer\\\/#breadcrumb\",\"itemListElement\":[{\"@type\":\"ListItem\",\"position\":1,\"name\":\"In\u00edcio\",\"item\":\"https:\\\/\\\/transamerica93.com.br\\\/home\\\/\"},{\"@type\":\"ListItem\",\"position\":2,\"name\":\"&#8216;Uma das melhores novelas do Benedito&#8217;, diz Marcos Palmeira sobre remake de &#8216;Renascer&#8217;\"}]},{\"@type\":\"WebSite\",\"@id\":\"https:\\\/\\\/transamerica93.com.br\\\/home\\\/#website\",\"url\":\"https:\\\/\\\/transamerica93.com.br\\\/home\\\/\",\"name\":\"Transam\u00e9rica Mococa 93,3\",\"description\":\"\",\"publisher\":{\"@id\":\"https:\\\/\\\/transamerica93.com.br\\\/home\\\/#organization\"},\"potentialAction\":[{\"@type\":\"SearchAction\",\"target\":{\"@type\":\"EntryPoint\",\"urlTemplate\":\"https:\\\/\\\/transamerica93.com.br\\\/home\\\/?s={search_term_string}\"},\"query-input\":{\"@type\":\"PropertyValueSpecification\",\"valueRequired\":true,\"valueName\":\"search_term_string\"}}],\"inLanguage\":\"pt-BR\"},{\"@type\":\"Organization\",\"@id\":\"https:\\\/\\\/transamerica93.com.br\\\/home\\\/#organization\",\"name\":\"Transam\u00e9rica Mococa 93,3\",\"url\":\"https:\\\/\\\/transamerica93.com.br\\\/home\\\/\",\"logo\":{\"@type\":\"ImageObject\",\"inLanguage\":\"pt-BR\",\"@id\":\"https:\\\/\\\/transamerica93.com.br\\\/home\\\/#\\\/schema\\\/logo\\\/image\\\/\",\"url\":\"https:\\\/\\\/transamerica93.com.br\\\/home\\\/wp-content\\\/uploads\\\/2023\\\/10\\\/logo2.png\",\"contentUrl\":\"https:\\\/\\\/transamerica93.com.br\\\/home\\\/wp-content\\\/uploads\\\/2023\\\/10\\\/logo2.png\",\"width\":800,\"height\":500,\"caption\":\"Transam\u00e9rica Mococa 93,3\"},\"image\":{\"@id\":\"https:\\\/\\\/transamerica93.com.br\\\/home\\\/#\\\/schema\\\/logo\\\/image\\\/\"},\"sameAs\":[\"https:\\\/\\\/www.facebook.com\\\/transamericamococa\",\"https:\\\/\\\/x.com\\\/transamerica933\",\"https:\\\/\\\/www.instagram.com\\\/transamericamococa\"]},{\"@type\":\"Person\",\"@id\":\"https:\\\/\\\/transamerica93.com.br\\\/home\\\/#\\\/schema\\\/person\\\/7fed7c99c0d4562efa8561bc0f543172\",\"name\":\"Reda\u00e7\u00e3o\",\"image\":{\"@type\":\"ImageObject\",\"inLanguage\":\"pt-BR\",\"@id\":\"https:\\\/\\\/secure.gravatar.com\\\/avatar\\\/1072c6b775fb02ef8506ce967551d95926669a6b7d2c2147b42eea4d7c68395e?s=96&d=mm&r=g\",\"url\":\"https:\\\/\\\/secure.gravatar.com\\\/avatar\\\/1072c6b775fb02ef8506ce967551d95926669a6b7d2c2147b42eea4d7c68395e?s=96&d=mm&r=g\",\"contentUrl\":\"https:\\\/\\\/secure.gravatar.com\\\/avatar\\\/1072c6b775fb02ef8506ce967551d95926669a6b7d2c2147b42eea4d7c68395e?s=96&d=mm&r=g\",\"caption\":\"Reda\u00e7\u00e3o\"},\"sameAs\":[\"https:\\\/\\\/transamerica93.com.br\\\/home\"],\"url\":\"https:\\\/\\\/transamerica93.com.br\\\/home\\\/author\\\/william\\\/\"}]}<\/script>\n<!-- \/ Yoast SEO plugin. -->","yoast_head_json":{"title":"'Uma das melhores novelas do Benedito', diz Marcos Palmeira sobre remake de 'Renascer' - Transam\u00e9rica Mococa 93,3","robots":{"index":"index","follow":"follow","max-snippet":"max-snippet:-1","max-image-preview":"max-image-preview:large","max-video-preview":"max-video-preview:-1"},"canonical":"https:\/\/transamerica93.com.br\/home\/uma-das-melhores-novelas-do-benedito-diz-marcos-palmeira-sobre-remake-de-renascer\/","og_locale":"pt_BR","og_type":"article","og_title":"'Uma das melhores novelas do Benedito', diz Marcos Palmeira sobre remake de 'Renascer' - Transam\u00e9rica Mococa 93,3","og_description":"Por Reda\u00e7\u00e3o O Estado de S. Paulo A menos de um m\u00eas da estreia do remake de\u00a0Renascer\u00a0&#8211; a novela vai substituir\u00a0Terra e Paix\u00e3o\u00a0a partir do dia 22 de janeiro &#8211; o ator Marcos Palmeira, um dos protagonistas da hist\u00f3ria criada por Benedito Ruy Barbosa, falou sobre a expectativa de dar vida a Jos\u00e9 Inoc\u00eancio, um &hellip;","og_url":"https:\/\/transamerica93.com.br\/home\/uma-das-melhores-novelas-do-benedito-diz-marcos-palmeira-sobre-remake-de-renascer\/","og_site_name":"Transam\u00e9rica Mococa 93,3","article_publisher":"https:\/\/www.facebook.com\/transamericamococa","article_published_time":"2024-01-05T21:00:17+00:00","og_image":[{"width":1110,"height":740,"url":"https:\/\/transamerica93.com.br\/home\/wp-content\/uploads\/2024\/01\/imagem-7.jpg","type":"image\/jpeg"}],"author":"Reda\u00e7\u00e3o","twitter_card":"summary_large_image","twitter_creator":"@transamerica933","twitter_site":"@transamerica933","twitter_misc":{"Escrito por":"Reda\u00e7\u00e3o","Est. tempo de leitura":"2 minutos"},"schema":{"@context":"https:\/\/schema.org","@graph":[{"@type":"Article","@id":"https:\/\/transamerica93.com.br\/home\/uma-das-melhores-novelas-do-benedito-diz-marcos-palmeira-sobre-remake-de-renascer\/#article","isPartOf":{"@id":"https:\/\/transamerica93.com.br\/home\/uma-das-melhores-novelas-do-benedito-diz-marcos-palmeira-sobre-remake-de-renascer\/"},"author":{"name":"Reda\u00e7\u00e3o","@id":"https:\/\/transamerica93.com.br\/home\/#\/schema\/person\/7fed7c99c0d4562efa8561bc0f543172"},"headline":"&#8216;Uma das melhores novelas do Benedito&#8217;, diz Marcos Palmeira sobre remake de &#8216;Renascer&#8217;","datePublished":"2024-01-05T21:00:17+00:00","mainEntityOfPage":{"@id":"https:\/\/transamerica93.com.br\/home\/uma-das-melhores-novelas-do-benedito-diz-marcos-palmeira-sobre-remake-de-renascer\/"},"wordCount":227,"publisher":{"@id":"https:\/\/transamerica93.com.br\/home\/#organization"},"image":{"@id":"https:\/\/transamerica93.com.br\/home\/uma-das-melhores-novelas-do-benedito-diz-marcos-palmeira-sobre-remake-de-renascer\/#primaryimage"},"thumbnailUrl":"https:\/\/transamerica93.com.br\/home\/wp-content\/uploads\/2024\/01\/imagem-7.jpg","articleSection":["Entretenimento"],"inLanguage":"pt-BR"},{"@type":"WebPage","@id":"https:\/\/transamerica93.com.br\/home\/uma-das-melhores-novelas-do-benedito-diz-marcos-palmeira-sobre-remake-de-renascer\/","url":"https:\/\/transamerica93.com.br\/home\/uma-das-melhores-novelas-do-benedito-diz-marcos-palmeira-sobre-remake-de-renascer\/","name":"'Uma das melhores novelas do Benedito', diz Marcos Palmeira sobre remake de 'Renascer' - Transam\u00e9rica Mococa 93,3","isPartOf":{"@id":"https:\/\/transamerica93.com.br\/home\/#website"},"primaryImageOfPage":{"@id":"https:\/\/transamerica93.com.br\/home\/uma-das-melhores-novelas-do-benedito-diz-marcos-palmeira-sobre-remake-de-renascer\/#primaryimage"},"image":{"@id":"https:\/\/transamerica93.com.br\/home\/uma-das-melhores-novelas-do-benedito-diz-marcos-palmeira-sobre-remake-de-renascer\/#primaryimage"},"thumbnailUrl":"https:\/\/transamerica93.com.br\/home\/wp-content\/uploads\/2024\/01\/imagem-7.jpg","datePublished":"2024-01-05T21:00:17+00:00","breadcrumb":{"@id":"https:\/\/transamerica93.com.br\/home\/uma-das-melhores-novelas-do-benedito-diz-marcos-palmeira-sobre-remake-de-renascer\/#breadcrumb"},"inLanguage":"pt-BR","potentialAction":[{"@type":"ReadAction","target":["https:\/\/transamerica93.com.br\/home\/uma-das-melhores-novelas-do-benedito-diz-marcos-palmeira-sobre-remake-de-renascer\/"]}]},{"@type":"ImageObject","inLanguage":"pt-BR","@id":"https:\/\/transamerica93.com.br\/home\/uma-das-melhores-novelas-do-benedito-diz-marcos-palmeira-sobre-remake-de-renascer\/#primaryimage","url":"https:\/\/transamerica93.com.br\/home\/wp-content\/uploads\/2024\/01\/imagem-7.jpg","contentUrl":"https:\/\/transamerica93.com.br\/home\/wp-content\/uploads\/2024\/01\/imagem-7.jpg","width":1110,"height":740,"caption":"Foto: F\u00e1bio Rocha\/Globo"},{"@type":"BreadcrumbList","@id":"https:\/\/transamerica93.com.br\/home\/uma-das-melhores-novelas-do-benedito-diz-marcos-palmeira-sobre-remake-de-renascer\/#breadcrumb","itemListElement":[{"@type":"ListItem","position":1,"name":"In\u00edcio","item":"https:\/\/transamerica93.com.br\/home\/"},{"@type":"ListItem","position":2,"name":"&#8216;Uma das melhores novelas do Benedito&#8217;, diz Marcos Palmeira sobre remake de &#8216;Renascer&#8217;"}]},{"@type":"WebSite","@id":"https:\/\/transamerica93.com.br\/home\/#website","url":"https:\/\/transamerica93.com.br\/home\/","name":"Transam\u00e9rica Mococa 93,3","description":"","publisher":{"@id":"https:\/\/transamerica93.com.br\/home\/#organization"},"potentialAction":[{"@type":"SearchAction","target":{"@type":"EntryPoint","urlTemplate":"https:\/\/transamerica93.com.br\/home\/?s={search_term_string}"},"query-input":{"@type":"PropertyValueSpecification","valueRequired":true,"valueName":"search_term_string"}}],"inLanguage":"pt-BR"},{"@type":"Organization","@id":"https:\/\/transamerica93.com.br\/home\/#organization","name":"Transam\u00e9rica Mococa 93,3","url":"https:\/\/transamerica93.com.br\/home\/","logo":{"@type":"ImageObject","inLanguage":"pt-BR","@id":"https:\/\/transamerica93.com.br\/home\/#\/schema\/logo\/image\/","url":"https:\/\/transamerica93.com.br\/home\/wp-content\/uploads\/2023\/10\/logo2.png","contentUrl":"https:\/\/transamerica93.com.br\/home\/wp-content\/uploads\/2023\/10\/logo2.png","width":800,"height":500,"caption":"Transam\u00e9rica Mococa 93,3"},"image":{"@id":"https:\/\/transamerica93.com.br\/home\/#\/schema\/logo\/image\/"},"sameAs":["https:\/\/www.facebook.com\/transamericamococa","https:\/\/x.com\/transamerica933","https:\/\/www.instagram.com\/transamericamococa"]},{"@type":"Person","@id":"https:\/\/transamerica93.com.br\/home\/#\/schema\/person\/7fed7c99c0d4562efa8561bc0f543172","name":"Reda\u00e7\u00e3o","image":{"@type":"ImageObject","inLanguage":"pt-BR","@id":"https:\/\/secure.gravatar.com\/avatar\/1072c6b775fb02ef8506ce967551d95926669a6b7d2c2147b42eea4d7c68395e?s=96&d=mm&r=g","url":"https:\/\/secure.gravatar.com\/avatar\/1072c6b775fb02ef8506ce967551d95926669a6b7d2c2147b42eea4d7c68395e?s=96&d=mm&r=g","contentUrl":"https:\/\/secure.gravatar.com\/avatar\/1072c6b775fb02ef8506ce967551d95926669a6b7d2c2147b42eea4d7c68395e?s=96&d=mm&r=g","caption":"Reda\u00e7\u00e3o"},"sameAs":["https:\/\/transamerica93.com.br\/home"],"url":"https:\/\/transamerica93.com.br\/home\/author\/william\/"}]}},"_links":{"self":[{"href":"https:\/\/transamerica93.com.br\/home\/wp-json\/wp\/v2\/posts\/2267","targetHints":{"allow":["GET"]}}],"collection":[{"href":"https:\/\/transamerica93.com.br\/home\/wp-json\/wp\/v2\/posts"}],"about":[{"href":"https:\/\/transamerica93.com.br\/home\/wp-json\/wp\/v2\/types\/post"}],"author":[{"embeddable":true,"href":"https:\/\/transamerica93.com.br\/home\/wp-json\/wp\/v2\/users\/1"}],"replies":[{"embeddable":true,"href":"https:\/\/transamerica93.com.br\/home\/wp-json\/wp\/v2\/comments?post=2267"}],"version-history":[{"count":1,"href":"https:\/\/transamerica93.com.br\/home\/wp-json\/wp\/v2\/posts\/2267\/revisions"}],"predecessor-version":[{"id":2269,"href":"https:\/\/transamerica93.com.br\/home\/wp-json\/wp\/v2\/posts\/2267\/revisions\/2269"}],"wp:featuredmedia":[{"embeddable":true,"href":"https:\/\/transamerica93.com.br\/home\/wp-json\/wp\/v2\/media\/2268"}],"wp:attachment":[{"href":"https:\/\/transamerica93.com.br\/home\/wp-json\/wp\/v2\/media?parent=2267"}],"wp:term":[{"taxonomy":"category","embeddable":true,"href":"https:\/\/transamerica93.com.br\/home\/wp-json\/wp\/v2\/categories?post=2267"},{"taxonomy":"post_tag","embeddable":true,"href":"https:\/\/transamerica93.com.br\/home\/wp-json\/wp\/v2\/tags?post=2267"}],"curies":[{"name":"wp","href":"https:\/\/api.w.org\/{rel}","templated":true}]}}