{"id":2273,"date":"2024-01-03T12:00:33","date_gmt":"2024-01-03T15:00:33","guid":{"rendered":"https:\/\/transamerica93.com.br\/home\/?p=2273"},"modified":"2024-01-03T22:38:18","modified_gmt":"2024-01-04T01:38:18","slug":"augusto-melo-anuncia-raniele-palacios-e-garro-durante-cerimonia-de-posse-no-corinthians","status":"publish","type":"post","link":"https:\/\/transamerica93.com.br\/home\/augusto-melo-anuncia-raniele-palacios-e-garro-durante-cerimonia-de-posse-no-corinthians\/","title":{"rendered":"Augusto Melo anuncia Raniele, Palacios e Garro durante cerim\u00f4nia de posse no Corinthians"},"content":{"rendered":"<p>O novo presidente do Corinthians, Augusto Melo, anunciou durante sua cerim\u00f4nia de posse nesta ter\u00e7a-feira tr\u00eas refor\u00e7os para a temporada 2024: o volante Raniele, o lateral-esquerdo equatoriano Diego Palacios e o meia argentino Rodrigo Garro. Melo afirmou que com a atual gest\u00e3o n\u00e3o haver\u00e1 mais a &#8220;hist\u00f3ria de contratar por indica\u00e7\u00e3o&#8221;, seja de t\u00e9cnico ou dirigente.<\/p>\n<p>&#8220;Vamos transformar o Corinthians forte, com gest\u00e3o honesta e transparente. Todo jogador contratado voc\u00eas saber\u00e3o de que forma, porcentagem, valores. A partir de hoje ser\u00e1 transparente&#8221;, garantiu o presidente.<\/p>\n<p>Segundo ele, haver\u00e1 uma an\u00e1lise de mercado, um &#8220;selo Corinthians&#8221;, nas contrata\u00e7\u00f5es. Tamb\u00e9m disse que h\u00e1 espa\u00e7o para diferentes perfis de jogadores, &#8220;t\u00e9cnicos, ra\u00e7udos, introspectivos e bad boys&#8221;, menos os indiferentes. &#8220;A partir de hoje s\u00f3 joga no Corinthians quem entender o que \u00e9 o Corinthians &#8220;.<\/p>\n<p>Augusto Melo anunciou ainda um choque de gest\u00e3o no clube. &#8220;Infelizmente, a situa\u00e7\u00e3o \u00e9 pior do que imaginamos&#8221;, afirmou o dirigente, que informou ter contratado uma empresa de auditoria, a Ernst &amp; Young, para analisar a situa\u00e7\u00e3o do clube. &#8220;Chega de coleguismo, chega de indica\u00e7\u00f5es. O Corinthians daqui para frente ser\u00e1 gerido por pessoas honestas, pessoas t\u00e9cnicas, capacitadas que ir\u00e3o nos ajudar a tirar o Corinthians desta situa\u00e7\u00e3o&#8221;, completou.<\/p>\n<p>O lateral-esquerdo equatoriano Diego Palacios, de 24 anos, tem passagem pela sele\u00e7\u00e3o de seu pa\u00eds e estava no Los Angeles FC, da MLS (Major League Soccer). Na \u00faltima temporada, ele disputou 45 partidas. J\u00e1 o meia argentino Rodrigo Garro, 25, veio do Talleres. Canhoto, Garro disputou 44 na \u00faltima temporada e anotou oito gols. Volante de 27 anos e 1,84 m, Raniele disputou o \u00faltimo Brasileiro pelo Cuiab\u00e1. No ano passado, atuou 45 vezes (9 pelo Ava\u00ed, seu ex-clube) e marcou tr\u00eas gols, todos com a camisa do time mato-grossense.<\/p>\n","protected":false},"excerpt":{"rendered":"<p>O novo presidente do Corinthians, Augusto Melo, anunciou durante sua cerim\u00f4nia de posse nesta ter\u00e7a-feira tr\u00eas refor\u00e7os para a temporada 2024: o volante Raniele, o lateral-esquerdo equatoriano Diego Palacios e o meia argentino Rodrigo Garro. Melo afirmou que com a atual gest\u00e3o n\u00e3o haver\u00e1 mais a &#8220;hist\u00f3ria de contratar por indica\u00e7\u00e3o&#8221;, seja de t\u00e9cnico ou &hellip;<\/p>\n","protected":false},"author":1,"featured_media":2274,"comment_status":"closed","ping_status":"closed","sticky":false,"template":"","format":"standard","meta":{"footnotes":""},"categories":[31],"tags":[],"class_list":["post-2273","post","type-post","status-publish","format-standard","has-post-thumbnail","hentry","category-esportes"],"yoast_head":"<!-- This site is optimized with the Yoast SEO plugin v27.4 - https:\/\/yoast.com\/product\/yoast-seo-wordpress\/ -->\n<title>Augusto Melo anuncia Raniele, Palacios e Garro durante cerim\u00f4nia de posse no Corinthians - Transam\u00e9rica Mococa 93,3<\/title>\n<meta name=\"robots\" content=\"index, follow, max-snippet:-1, max-image-preview:large, max-video-preview:-1\" \/>\n<link rel=\"canonical\" href=\"https:\/\/transamerica93.com.br\/home\/augusto-melo-anuncia-raniele-palacios-e-garro-durante-cerimonia-de-posse-no-corinthians\/\" \/>\n<meta property=\"og:locale\" content=\"pt_BR\" \/>\n<meta property=\"og:type\" content=\"article\" \/>\n<meta property=\"og:title\" content=\"Augusto Melo anuncia Raniele, Palacios e Garro durante cerim\u00f4nia de posse no Corinthians - Transam\u00e9rica Mococa 93,3\" \/>\n<meta property=\"og:description\" content=\"O novo presidente do Corinthians, Augusto Melo, anunciou durante sua cerim\u00f4nia de posse nesta ter\u00e7a-feira tr\u00eas refor\u00e7os para a temporada 2024: o volante Raniele, o lateral-esquerdo equatoriano Diego Palacios e o meia argentino Rodrigo Garro. Melo afirmou que com a atual gest\u00e3o n\u00e3o haver\u00e1 mais a &#8220;hist\u00f3ria de contratar por indica\u00e7\u00e3o&#8221;, seja de t\u00e9cnico ou &hellip;\" \/>\n<meta property=\"og:url\" content=\"https:\/\/transamerica93.com.br\/home\/augusto-melo-anuncia-raniele-palacios-e-garro-durante-cerimonia-de-posse-no-corinthians\/\" \/>\n<meta property=\"og:site_name\" content=\"Transam\u00e9rica Mococa 93,3\" \/>\n<meta property=\"article:publisher\" content=\"https:\/\/www.facebook.com\/transamericamococa\" \/>\n<meta property=\"article:published_time\" content=\"2024-01-03T15:00:33+00:00\" \/>\n<meta property=\"article:modified_time\" content=\"2024-01-04T01:38:18+00:00\" \/>\n<meta property=\"og:image\" content=\"https:\/\/transamerica93.com.br\/home\/wp-content\/uploads\/2024\/01\/imagem-9.jpg\" \/>\n\t<meta property=\"og:image:width\" content=\"918\" \/>\n\t<meta property=\"og:image:height\" content=\"540\" \/>\n\t<meta property=\"og:image:type\" content=\"image\/jpeg\" \/>\n<meta name=\"author\" content=\"Reda\u00e7\u00e3o\" \/>\n<meta name=\"twitter:card\" content=\"summary_large_image\" \/>\n<meta name=\"twitter:creator\" content=\"@transamerica933\" \/>\n<meta name=\"twitter:site\" content=\"@transamerica933\" \/>\n<meta name=\"twitter:label1\" content=\"Escrito por\" \/>\n\t<meta name=\"twitter:data1\" content=\"Reda\u00e7\u00e3o\" \/>\n\t<meta name=\"twitter:label2\" content=\"Est. tempo de leitura\" \/>\n\t<meta name=\"twitter:data2\" content=\"2 minutos\" \/>\n<script type=\"application\/ld+json\" class=\"yoast-schema-graph\">{\"@context\":\"https:\\\/\\\/schema.org\",\"@graph\":[{\"@type\":\"Article\",\"@id\":\"https:\\\/\\\/transamerica93.com.br\\\/home\\\/augusto-melo-anuncia-raniele-palacios-e-garro-durante-cerimonia-de-posse-no-corinthians\\\/#article\",\"isPartOf\":{\"@id\":\"https:\\\/\\\/transamerica93.com.br\\\/home\\\/augusto-melo-anuncia-raniele-palacios-e-garro-durante-cerimonia-de-posse-no-corinthians\\\/\"},\"author\":{\"name\":\"Reda\u00e7\u00e3o\",\"@id\":\"https:\\\/\\\/transamerica93.com.br\\\/home\\\/#\\\/schema\\\/person\\\/7fed7c99c0d4562efa8561bc0f543172\"},\"headline\":\"Augusto Melo anuncia Raniele, Palacios e Garro durante cerim\u00f4nia de posse no Corinthians\",\"datePublished\":\"2024-01-03T15:00:33+00:00\",\"dateModified\":\"2024-01-04T01:38:18+00:00\",\"mainEntityOfPage\":{\"@id\":\"https:\\\/\\\/transamerica93.com.br\\\/home\\\/augusto-melo-anuncia-raniele-palacios-e-garro-durante-cerimonia-de-posse-no-corinthians\\\/\"},\"wordCount\":321,\"publisher\":{\"@id\":\"https:\\\/\\\/transamerica93.com.br\\\/home\\\/#organization\"},\"image\":{\"@id\":\"https:\\\/\\\/transamerica93.com.br\\\/home\\\/augusto-melo-anuncia-raniele-palacios-e-garro-durante-cerimonia-de-posse-no-corinthians\\\/#primaryimage\"},\"thumbnailUrl\":\"https:\\\/\\\/transamerica93.com.br\\\/home\\\/wp-content\\\/uploads\\\/2024\\\/01\\\/imagem-9.jpg\",\"articleSection\":[\"Esportes\"],\"inLanguage\":\"pt-BR\"},{\"@type\":\"WebPage\",\"@id\":\"https:\\\/\\\/transamerica93.com.br\\\/home\\\/augusto-melo-anuncia-raniele-palacios-e-garro-durante-cerimonia-de-posse-no-corinthians\\\/\",\"url\":\"https:\\\/\\\/transamerica93.com.br\\\/home\\\/augusto-melo-anuncia-raniele-palacios-e-garro-durante-cerimonia-de-posse-no-corinthians\\\/\",\"name\":\"Augusto Melo anuncia Raniele, Palacios e Garro durante cerim\u00f4nia de posse no Corinthians - Transam\u00e9rica Mococa 93,3\",\"isPartOf\":{\"@id\":\"https:\\\/\\\/transamerica93.com.br\\\/home\\\/#website\"},\"primaryImageOfPage\":{\"@id\":\"https:\\\/\\\/transamerica93.com.br\\\/home\\\/augusto-melo-anuncia-raniele-palacios-e-garro-durante-cerimonia-de-posse-no-corinthians\\\/#primaryimage\"},\"image\":{\"@id\":\"https:\\\/\\\/transamerica93.com.br\\\/home\\\/augusto-melo-anuncia-raniele-palacios-e-garro-durante-cerimonia-de-posse-no-corinthians\\\/#primaryimage\"},\"thumbnailUrl\":\"https:\\\/\\\/transamerica93.com.br\\\/home\\\/wp-content\\\/uploads\\\/2024\\\/01\\\/imagem-9.jpg\",\"datePublished\":\"2024-01-03T15:00:33+00:00\",\"dateModified\":\"2024-01-04T01:38:18+00:00\",\"breadcrumb\":{\"@id\":\"https:\\\/\\\/transamerica93.com.br\\\/home\\\/augusto-melo-anuncia-raniele-palacios-e-garro-durante-cerimonia-de-posse-no-corinthians\\\/#breadcrumb\"},\"inLanguage\":\"pt-BR\",\"potentialAction\":[{\"@type\":\"ReadAction\",\"target\":[\"https:\\\/\\\/transamerica93.com.br\\\/home\\\/augusto-melo-anuncia-raniele-palacios-e-garro-durante-cerimonia-de-posse-no-corinthians\\\/\"]}]},{\"@type\":\"ImageObject\",\"inLanguage\":\"pt-BR\",\"@id\":\"https:\\\/\\\/transamerica93.com.br\\\/home\\\/augusto-melo-anuncia-raniele-palacios-e-garro-durante-cerimonia-de-posse-no-corinthians\\\/#primaryimage\",\"url\":\"https:\\\/\\\/transamerica93.com.br\\\/home\\\/wp-content\\\/uploads\\\/2024\\\/01\\\/imagem-9.jpg\",\"contentUrl\":\"https:\\\/\\\/transamerica93.com.br\\\/home\\\/wp-content\\\/uploads\\\/2024\\\/01\\\/imagem-9.jpg\",\"width\":918,\"height\":540,\"caption\":\"Reprodu\u00e7\u00e3o\"},{\"@type\":\"BreadcrumbList\",\"@id\":\"https:\\\/\\\/transamerica93.com.br\\\/home\\\/augusto-melo-anuncia-raniele-palacios-e-garro-durante-cerimonia-de-posse-no-corinthians\\\/#breadcrumb\",\"itemListElement\":[{\"@type\":\"ListItem\",\"position\":1,\"name\":\"In\u00edcio\",\"item\":\"https:\\\/\\\/transamerica93.com.br\\\/home\\\/\"},{\"@type\":\"ListItem\",\"position\":2,\"name\":\"Augusto Melo anuncia Raniele, Palacios e Garro durante cerim\u00f4nia de posse no Corinthians\"}]},{\"@type\":\"WebSite\",\"@id\":\"https:\\\/\\\/transamerica93.com.br\\\/home\\\/#website\",\"url\":\"https:\\\/\\\/transamerica93.com.br\\\/home\\\/\",\"name\":\"Transam\u00e9rica Mococa 93,3\",\"description\":\"\",\"publisher\":{\"@id\":\"https:\\\/\\\/transamerica93.com.br\\\/home\\\/#organization\"},\"potentialAction\":[{\"@type\":\"SearchAction\",\"target\":{\"@type\":\"EntryPoint\",\"urlTemplate\":\"https:\\\/\\\/transamerica93.com.br\\\/home\\\/?s={search_term_string}\"},\"query-input\":{\"@type\":\"PropertyValueSpecification\",\"valueRequired\":true,\"valueName\":\"search_term_string\"}}],\"inLanguage\":\"pt-BR\"},{\"@type\":\"Organization\",\"@id\":\"https:\\\/\\\/transamerica93.com.br\\\/home\\\/#organization\",\"name\":\"Transam\u00e9rica Mococa 93,3\",\"url\":\"https:\\\/\\\/transamerica93.com.br\\\/home\\\/\",\"logo\":{\"@type\":\"ImageObject\",\"inLanguage\":\"pt-BR\",\"@id\":\"https:\\\/\\\/transamerica93.com.br\\\/home\\\/#\\\/schema\\\/logo\\\/image\\\/\",\"url\":\"https:\\\/\\\/transamerica93.com.br\\\/home\\\/wp-content\\\/uploads\\\/2023\\\/10\\\/logo2.png\",\"contentUrl\":\"https:\\\/\\\/transamerica93.com.br\\\/home\\\/wp-content\\\/uploads\\\/2023\\\/10\\\/logo2.png\",\"width\":800,\"height\":500,\"caption\":\"Transam\u00e9rica Mococa 93,3\"},\"image\":{\"@id\":\"https:\\\/\\\/transamerica93.com.br\\\/home\\\/#\\\/schema\\\/logo\\\/image\\\/\"},\"sameAs\":[\"https:\\\/\\\/www.facebook.com\\\/transamericamococa\",\"https:\\\/\\\/x.com\\\/transamerica933\",\"https:\\\/\\\/www.instagram.com\\\/transamericamococa\"]},{\"@type\":\"Person\",\"@id\":\"https:\\\/\\\/transamerica93.com.br\\\/home\\\/#\\\/schema\\\/person\\\/7fed7c99c0d4562efa8561bc0f543172\",\"name\":\"Reda\u00e7\u00e3o\",\"image\":{\"@type\":\"ImageObject\",\"inLanguage\":\"pt-BR\",\"@id\":\"https:\\\/\\\/secure.gravatar.com\\\/avatar\\\/1072c6b775fb02ef8506ce967551d95926669a6b7d2c2147b42eea4d7c68395e?s=96&d=mm&r=g\",\"url\":\"https:\\\/\\\/secure.gravatar.com\\\/avatar\\\/1072c6b775fb02ef8506ce967551d95926669a6b7d2c2147b42eea4d7c68395e?s=96&d=mm&r=g\",\"contentUrl\":\"https:\\\/\\\/secure.gravatar.com\\\/avatar\\\/1072c6b775fb02ef8506ce967551d95926669a6b7d2c2147b42eea4d7c68395e?s=96&d=mm&r=g\",\"caption\":\"Reda\u00e7\u00e3o\"},\"sameAs\":[\"https:\\\/\\\/transamerica93.com.br\\\/home\"],\"url\":\"https:\\\/\\\/transamerica93.com.br\\\/home\\\/author\\\/william\\\/\"}]}<\/script>\n<!-- \/ Yoast SEO plugin. -->","yoast_head_json":{"title":"Augusto Melo anuncia Raniele, Palacios e Garro durante cerim\u00f4nia de posse no Corinthians - Transam\u00e9rica Mococa 93,3","robots":{"index":"index","follow":"follow","max-snippet":"max-snippet:-1","max-image-preview":"max-image-preview:large","max-video-preview":"max-video-preview:-1"},"canonical":"https:\/\/transamerica93.com.br\/home\/augusto-melo-anuncia-raniele-palacios-e-garro-durante-cerimonia-de-posse-no-corinthians\/","og_locale":"pt_BR","og_type":"article","og_title":"Augusto Melo anuncia Raniele, Palacios e Garro durante cerim\u00f4nia de posse no Corinthians - Transam\u00e9rica Mococa 93,3","og_description":"O novo presidente do Corinthians, Augusto Melo, anunciou durante sua cerim\u00f4nia de posse nesta ter\u00e7a-feira tr\u00eas refor\u00e7os para a temporada 2024: o volante Raniele, o lateral-esquerdo equatoriano Diego Palacios e o meia argentino Rodrigo Garro. Melo afirmou que com a atual gest\u00e3o n\u00e3o haver\u00e1 mais a &#8220;hist\u00f3ria de contratar por indica\u00e7\u00e3o&#8221;, seja de t\u00e9cnico ou &hellip;","og_url":"https:\/\/transamerica93.com.br\/home\/augusto-melo-anuncia-raniele-palacios-e-garro-durante-cerimonia-de-posse-no-corinthians\/","og_site_name":"Transam\u00e9rica Mococa 93,3","article_publisher":"https:\/\/www.facebook.com\/transamericamococa","article_published_time":"2024-01-03T15:00:33+00:00","article_modified_time":"2024-01-04T01:38:18+00:00","og_image":[{"width":918,"height":540,"url":"https:\/\/transamerica93.com.br\/home\/wp-content\/uploads\/2024\/01\/imagem-9.jpg","type":"image\/jpeg"}],"author":"Reda\u00e7\u00e3o","twitter_card":"summary_large_image","twitter_creator":"@transamerica933","twitter_site":"@transamerica933","twitter_misc":{"Escrito por":"Reda\u00e7\u00e3o","Est. tempo de leitura":"2 minutos"},"schema":{"@context":"https:\/\/schema.org","@graph":[{"@type":"Article","@id":"https:\/\/transamerica93.com.br\/home\/augusto-melo-anuncia-raniele-palacios-e-garro-durante-cerimonia-de-posse-no-corinthians\/#article","isPartOf":{"@id":"https:\/\/transamerica93.com.br\/home\/augusto-melo-anuncia-raniele-palacios-e-garro-durante-cerimonia-de-posse-no-corinthians\/"},"author":{"name":"Reda\u00e7\u00e3o","@id":"https:\/\/transamerica93.com.br\/home\/#\/schema\/person\/7fed7c99c0d4562efa8561bc0f543172"},"headline":"Augusto Melo anuncia Raniele, Palacios e Garro durante cerim\u00f4nia de posse no Corinthians","datePublished":"2024-01-03T15:00:33+00:00","dateModified":"2024-01-04T01:38:18+00:00","mainEntityOfPage":{"@id":"https:\/\/transamerica93.com.br\/home\/augusto-melo-anuncia-raniele-palacios-e-garro-durante-cerimonia-de-posse-no-corinthians\/"},"wordCount":321,"publisher":{"@id":"https:\/\/transamerica93.com.br\/home\/#organization"},"image":{"@id":"https:\/\/transamerica93.com.br\/home\/augusto-melo-anuncia-raniele-palacios-e-garro-durante-cerimonia-de-posse-no-corinthians\/#primaryimage"},"thumbnailUrl":"https:\/\/transamerica93.com.br\/home\/wp-content\/uploads\/2024\/01\/imagem-9.jpg","articleSection":["Esportes"],"inLanguage":"pt-BR"},{"@type":"WebPage","@id":"https:\/\/transamerica93.com.br\/home\/augusto-melo-anuncia-raniele-palacios-e-garro-durante-cerimonia-de-posse-no-corinthians\/","url":"https:\/\/transamerica93.com.br\/home\/augusto-melo-anuncia-raniele-palacios-e-garro-durante-cerimonia-de-posse-no-corinthians\/","name":"Augusto Melo anuncia Raniele, Palacios e Garro durante cerim\u00f4nia de posse no Corinthians - Transam\u00e9rica Mococa 93,3","isPartOf":{"@id":"https:\/\/transamerica93.com.br\/home\/#website"},"primaryImageOfPage":{"@id":"https:\/\/transamerica93.com.br\/home\/augusto-melo-anuncia-raniele-palacios-e-garro-durante-cerimonia-de-posse-no-corinthians\/#primaryimage"},"image":{"@id":"https:\/\/transamerica93.com.br\/home\/augusto-melo-anuncia-raniele-palacios-e-garro-durante-cerimonia-de-posse-no-corinthians\/#primaryimage"},"thumbnailUrl":"https:\/\/transamerica93.com.br\/home\/wp-content\/uploads\/2024\/01\/imagem-9.jpg","datePublished":"2024-01-03T15:00:33+00:00","dateModified":"2024-01-04T01:38:18+00:00","breadcrumb":{"@id":"https:\/\/transamerica93.com.br\/home\/augusto-melo-anuncia-raniele-palacios-e-garro-durante-cerimonia-de-posse-no-corinthians\/#breadcrumb"},"inLanguage":"pt-BR","potentialAction":[{"@type":"ReadAction","target":["https:\/\/transamerica93.com.br\/home\/augusto-melo-anuncia-raniele-palacios-e-garro-durante-cerimonia-de-posse-no-corinthians\/"]}]},{"@type":"ImageObject","inLanguage":"pt-BR","@id":"https:\/\/transamerica93.com.br\/home\/augusto-melo-anuncia-raniele-palacios-e-garro-durante-cerimonia-de-posse-no-corinthians\/#primaryimage","url":"https:\/\/transamerica93.com.br\/home\/wp-content\/uploads\/2024\/01\/imagem-9.jpg","contentUrl":"https:\/\/transamerica93.com.br\/home\/wp-content\/uploads\/2024\/01\/imagem-9.jpg","width":918,"height":540,"caption":"Reprodu\u00e7\u00e3o"},{"@type":"BreadcrumbList","@id":"https:\/\/transamerica93.com.br\/home\/augusto-melo-anuncia-raniele-palacios-e-garro-durante-cerimonia-de-posse-no-corinthians\/#breadcrumb","itemListElement":[{"@type":"ListItem","position":1,"name":"In\u00edcio","item":"https:\/\/transamerica93.com.br\/home\/"},{"@type":"ListItem","position":2,"name":"Augusto Melo anuncia Raniele, Palacios e Garro durante cerim\u00f4nia de posse no Corinthians"}]},{"@type":"WebSite","@id":"https:\/\/transamerica93.com.br\/home\/#website","url":"https:\/\/transamerica93.com.br\/home\/","name":"Transam\u00e9rica Mococa 93,3","description":"","publisher":{"@id":"https:\/\/transamerica93.com.br\/home\/#organization"},"potentialAction":[{"@type":"SearchAction","target":{"@type":"EntryPoint","urlTemplate":"https:\/\/transamerica93.com.br\/home\/?s={search_term_string}"},"query-input":{"@type":"PropertyValueSpecification","valueRequired":true,"valueName":"search_term_string"}}],"inLanguage":"pt-BR"},{"@type":"Organization","@id":"https:\/\/transamerica93.com.br\/home\/#organization","name":"Transam\u00e9rica Mococa 93,3","url":"https:\/\/transamerica93.com.br\/home\/","logo":{"@type":"ImageObject","inLanguage":"pt-BR","@id":"https:\/\/transamerica93.com.br\/home\/#\/schema\/logo\/image\/","url":"https:\/\/transamerica93.com.br\/home\/wp-content\/uploads\/2023\/10\/logo2.png","contentUrl":"https:\/\/transamerica93.com.br\/home\/wp-content\/uploads\/2023\/10\/logo2.png","width":800,"height":500,"caption":"Transam\u00e9rica Mococa 93,3"},"image":{"@id":"https:\/\/transamerica93.com.br\/home\/#\/schema\/logo\/image\/"},"sameAs":["https:\/\/www.facebook.com\/transamericamococa","https:\/\/x.com\/transamerica933","https:\/\/www.instagram.com\/transamericamococa"]},{"@type":"Person","@id":"https:\/\/transamerica93.com.br\/home\/#\/schema\/person\/7fed7c99c0d4562efa8561bc0f543172","name":"Reda\u00e7\u00e3o","image":{"@type":"ImageObject","inLanguage":"pt-BR","@id":"https:\/\/secure.gravatar.com\/avatar\/1072c6b775fb02ef8506ce967551d95926669a6b7d2c2147b42eea4d7c68395e?s=96&d=mm&r=g","url":"https:\/\/secure.gravatar.com\/avatar\/1072c6b775fb02ef8506ce967551d95926669a6b7d2c2147b42eea4d7c68395e?s=96&d=mm&r=g","contentUrl":"https:\/\/secure.gravatar.com\/avatar\/1072c6b775fb02ef8506ce967551d95926669a6b7d2c2147b42eea4d7c68395e?s=96&d=mm&r=g","caption":"Reda\u00e7\u00e3o"},"sameAs":["https:\/\/transamerica93.com.br\/home"],"url":"https:\/\/transamerica93.com.br\/home\/author\/william\/"}]}},"_links":{"self":[{"href":"https:\/\/transamerica93.com.br\/home\/wp-json\/wp\/v2\/posts\/2273","targetHints":{"allow":["GET"]}}],"collection":[{"href":"https:\/\/transamerica93.com.br\/home\/wp-json\/wp\/v2\/posts"}],"about":[{"href":"https:\/\/transamerica93.com.br\/home\/wp-json\/wp\/v2\/types\/post"}],"author":[{"embeddable":true,"href":"https:\/\/transamerica93.com.br\/home\/wp-json\/wp\/v2\/users\/1"}],"replies":[{"embeddable":true,"href":"https:\/\/transamerica93.com.br\/home\/wp-json\/wp\/v2\/comments?post=2273"}],"version-history":[{"count":1,"href":"https:\/\/transamerica93.com.br\/home\/wp-json\/wp\/v2\/posts\/2273\/revisions"}],"predecessor-version":[{"id":2275,"href":"https:\/\/transamerica93.com.br\/home\/wp-json\/wp\/v2\/posts\/2273\/revisions\/2275"}],"wp:featuredmedia":[{"embeddable":true,"href":"https:\/\/transamerica93.com.br\/home\/wp-json\/wp\/v2\/media\/2274"}],"wp:attachment":[{"href":"https:\/\/transamerica93.com.br\/home\/wp-json\/wp\/v2\/media?parent=2273"}],"wp:term":[{"taxonomy":"category","embeddable":true,"href":"https:\/\/transamerica93.com.br\/home\/wp-json\/wp\/v2\/categories?post=2273"},{"taxonomy":"post_tag","embeddable":true,"href":"https:\/\/transamerica93.com.br\/home\/wp-json\/wp\/v2\/tags?post=2273"}],"curies":[{"name":"wp","href":"https:\/\/api.w.org\/{rel}","templated":true}]}}