{"id":2282,"date":"2024-01-08T09:00:14","date_gmt":"2024-01-08T12:00:14","guid":{"rendered":"https:\/\/transamerica93.com.br\/home\/?p=2282"},"modified":"2024-01-05T19:36:58","modified_gmt":"2024-01-05T22:36:58","slug":"ipva-2024-condutores-de-sao-carlos-araraquara-e-regiao-devem-pagar-r-15-bilhao-veja-calendario","status":"publish","type":"post","link":"https:\/\/transamerica93.com.br\/home\/ipva-2024-condutores-de-sao-carlos-araraquara-e-regiao-devem-pagar-r-15-bilhao-veja-calendario\/","title":{"rendered":"IPVA 2024: condutores de S\u00e3o Carlos, Araraquara e regi\u00e3o devem pagar R$ 1,5 bilh\u00e3o; veja calend\u00e1rio"},"content":{"rendered":"<div id=\"chunk-eechc\">\n<div class=\"mc-column content-text active-extra-styles \" data-block-type=\"unstyled\" data-block-weight=\"47\" data-block-id=\"2\">\n<p class=\" content-text__container \" data-track-category=\"Link no Texto\" data-track-links=\"\">A escala de pagamento do Imposto sobre a Propriedade de Ve\u00edculos Automotores (IPVA) 2024 em S\u00e3o Paulo come\u00e7a na pr\u00f3xima quinta-feira (11). Nas 42 cidades de cobertura do <a class=\"\" href=\"http:\/\/g1.com.br\/saocarlos\" target=\"_blank\" rel=\"noopener\">g1 S\u00e3o Carlos e Araraquara<\/a>, a frota tribut\u00e1vel \u00e9 de cerca de 838 mil ve\u00edculos, gerando\u00a0<strong><span class=\"highlight highlighted\">R$ 1.508.559.529,52<\/span><\/strong> em tributos.<\/p>\n<\/div>\n<\/div>\n<div class=\"wall protected-content\">\n<div id=\"chunk-8kb6d\">\n<div class=\"mc-column content-text active-extra-styles \" data-block-type=\"unstyled\" data-block-weight=\"36\" data-block-id=\"5\">\n<p class=\" content-text__container \" data-track-category=\"Link no Texto\" data-track-links=\"\">Em janeiro, \u00e9 poss\u00edvel antecipar o pagamento em<strong><span class=\"highlight highlighted\">\u00a0cota \u00fanica, com desconto de 3%<\/span><\/strong>. J\u00e1 quem preferir dividir o valor devido, poder\u00e1 pagar as parcelas em cinco meses: janeiro, fevereiro, mar\u00e7o. abril e maio. \ud83d\udcb8<\/p>\n<\/div>\n<\/div>\n<div id=\"chunk-aip35\">\n<div class=\"mc-column content-text active-extra-styles \" data-block-type=\"unstyled\" data-block-weight=\"32\" data-block-id=\"6\">\n<p class=\" content-text__container \" data-track-category=\"Link no Texto\" data-track-links=\"\">\u200bOs caminh\u00f5es t\u00eam prazos diferenciados: para o pagamento integral em janeiro \u00e9 concedido desconto de 3%. Aos que escolherem pagar em cota \u00fanica, sem desconto, o vencimento ser\u00e1 em 19 de abril.<\/p>\n<div id=\"chunk-b4j39\">\n<div class=\"mc-column content-text active-extra-styles \" data-block-type=\"unstyled\" data-block-weight=\"40\" data-block-id=\"8\">\n<p class=\" content-text__container \" data-track-category=\"Link no Texto\" data-track-links=\"\">Para os propriet\u00e1rios que optarem pelo parcelamento em tr\u00eas, quatro ou cinco vezes, sem desconto,\u00a0<strong>os\u00a0<\/strong><strong><span class=\"highlight highlighted\">vencimentos s\u00e3o em 20 de mar\u00e7o, 20 de maio, 20 de julho, 20 de agosto e 20 de setembro<\/span><\/strong>.\u00a0<strong><em>(Veja as tabelas completas abaixo.)<\/em><\/strong><\/p>\n<\/div>\n<\/div>\n<div id=\"chunk-9knsl\">\n<div class=\"mc-column content-text active-extra-styles \" data-block-type=\"unstyled\" data-block-weight=\"33\" data-block-id=\"10\">\n<p class=\" content-text__container \" data-track-category=\"Link no Texto\" data-track-links=\"\">De acordo com a Secretaria da Fazenda, do total arrecadado s\u00e3o descontadas as destina\u00e7\u00f5es constitucionais, como o Fundeb (20%) e o restante \u00e9 repartido metade para o munic\u00edpio e metade para o Estado.<\/p>\n<div id=\"chunk-ba0ev\">\n<div class=\"mc-column content-text active-extra-styles\" data-block-type=\"raw\" data-block-weight=\"3\" data-block-id=\"11\">\n<div class=\"content-intertitle\">\n<h2>Formas de pagamento\u200b\u200b\u200b<\/h2>\n<\/div>\n<p>&nbsp;<\/p>\n<\/div>\n<\/div>\n<div id=\"chunk-662mk\">\n<div class=\"row medium-uncollapsed content-media content-photo\" data-block-type=\"backstage-photo\" data-block-id=\"12\">\n<div class=\" mc-column  content-media__container\">\n<div class=\"content-media-container glb-skeleton-box\">\n<figure class=\"content-media-figure\"><img decoding=\"async\" class=\"i-amphtml-fill-content i-amphtml-replaced-content lazyload\" data-src=\"https:\/\/s2-g1.glbimg.com\/1R3Y7FhbYaLWUzhcRjf_c9Nls-w=\/0x0:1600x1066\/984x0\/smart\/filters:strip_icc()\/i.s3.glbimg.com\/v1\/AUTH_59edd422c0c84a879bd37670ae4f538a\/internal_photos\/bs\/2023\/7\/C\/X88JyuTY2tFe3skBhvcA\/whatsapp-image-2023-06-29-at-09.18.21.jpeg\" data-sizes=\"(max-width: 1600px) 648px, 100vw\" data-srcset=\"https:\/\/s2-g1.glbimg.com\/KTGqx3wVTWejU4eb5oxZd3gMDEs=\/0x0:1600x1066\/1000x0\/smart\/filters:strip_icc()\/i.s3.glbimg.com\/v1\/AUTH_59edd422c0c84a879bd37670ae4f538a\/internal_photos\/bs\/2023\/7\/C\/X88JyuTY2tFe3skBhvcA\/whatsapp-image-2023-06-29-at-09.18.21.jpeg 1000w, https:\/\/s2-g1.glbimg.com\/1R3Y7FhbYaLWUzhcRjf_c9Nls-w=\/0x0:1600x1066\/984x0\/smart\/filters:strip_icc()\/i.s3.glbimg.com\/v1\/AUTH_59edd422c0c84a879bd37670ae4f538a\/internal_photos\/bs\/2023\/7\/C\/X88JyuTY2tFe3skBhvcA\/whatsapp-image-2023-06-29-at-09.18.21.jpeg 984w, https:\/\/s2-g1.glbimg.com\/XgnDuLwVRH3JF97PDHtTpcu0lOE=\/0x0:1600x1066\/640x0\/smart\/filters:strip_icc()\/i.s3.glbimg.com\/v1\/AUTH_59edd422c0c84a879bd37670ae4f538a\/internal_photos\/bs\/2023\/7\/C\/X88JyuTY2tFe3skBhvcA\/whatsapp-image-2023-06-29-at-09.18.21.jpeg 640w, https:\/\/s2-g1.glbimg.com\/JT87jX_FUZSZFei3t8iq4l4vjY4=\/0x0:1600x1066\/600x0\/smart\/filters:strip_icc()\/i.s3.glbimg.com\/v1\/AUTH_59edd422c0c84a879bd37670ae4f538a\/internal_photos\/bs\/2023\/7\/C\/X88JyuTY2tFe3skBhvcA\/whatsapp-image-2023-06-29-at-09.18.21.jpeg 600w\" alt=\"Veja como pagar o IPVA \u2014 Foto: Sandro Menezes\" src=\"data:image\/svg+xml;base64,PHN2ZyB3aWR0aD0iMSIgaGVpZ2h0PSIxIiB4bWxucz0iaHR0cDovL3d3dy53My5vcmcvMjAwMC9zdmciPjwvc3ZnPg==\" \/><\/figure>\n<\/div>\n<p class=\"content-media__description  \">Veja como pagar o IPVA \u2014 Foto: Sandro Menezes<\/p>\n<\/div>\n<\/div>\n<\/div>\n<div id=\"chunk-1drc7\">\n<div class=\"mc-column content-text active-extra-styles \" data-block-type=\"unstyled\" data-block-weight=\"16\" data-block-id=\"13\">\n<p class=\" content-text__container \" data-track-category=\"Link no Texto\" data-track-links=\"\">A novidade para 2024 \u00e9 o pagamento via Pix. Para utilizar a modalidade, \u00e9 necess\u00e1rio:<\/p>\n<\/div>\n<\/div>\n<div id=\"chunk-5sc50\">\n<div class=\"mc-column content-text active-extra-styles\" data-block-type=\"raw\" data-block-weight=\"23\" data-block-id=\"14\">\n<ul class=\"content-unordered-list\">\n<li>acessar a<a class=\"\" href=\"https:\/\/portal.fazenda.sp.gov.br\/servicos\/ipva\/Paginas\/pix.aspx\" target=\"_blank\" rel=\"noopener\">\u00a0p\u00e1gina do IPVA<\/a>\u00a0no portal da Secretaria;<\/li>\n<li>informar os dados do ve\u00edculo;<\/li>\n<li>gerar um QR code, que servir\u00e1 para o pagamento.<\/li>\n<\/ul>\n<div id=\"chunk-rmfn\">\n<div class=\"mc-column content-text active-extra-styles \" data-block-type=\"unstyled\" data-block-weight=\"30\" data-block-id=\"16\">\n<p class=\" content-text__container \" data-track-category=\"Link no Texto\" data-track-links=\"\">O QR code Pix tem validade de 15 minutos, ap\u00f3s o qual expira. N\u00e3o tendo sido pago, ser\u00e1 necess\u00e1rio emitir um novo QR code (sempre pelo site da Sefaz-SP).<\/p>\n<\/div>\n<\/div>\n<div id=\"chunk-1ap48\">\n<div class=\"mc-column content-text active-extra-styles \" data-block-type=\"unstyled\" data-block-weight=\"56\" data-block-id=\"17\">\n<p class=\" content-text__container \" data-track-category=\"Link no Texto\" data-track-links=\"\">Na tela do QR code, h\u00e1 um contador temporal de \u201ctempo restante&#8221; indicando quando o c\u00f3digo expirar\u00e1. Ao ler o QR code com o aplicativo de banco ou institui\u00e7\u00e3o de pagamento, aparecer\u00e1 a informa\u00e7\u00e3o de que o pagamento \u00e9 destinado \u00e0 \u201cSecretaria da Fazenda e Planejamento&#8221;, sob o CNPJ 46.377.222\/0003-90 em conta do Banco do Brasil.\u200b<\/p>\n<\/div>\n<\/div>\n<div id=\"chunk-a1q95\">\n<div class=\"mc-column content-text active-extra-styles\" data-block-type=\"raw\" data-block-weight=\"3\" data-block-id=\"18\">\n<p class=\"content-text__container\">\n<div class=\"content-intertitle\">\n<h2>Calend\u00e1rios de pagamento<\/h2>\n<\/div>\n<p>&nbsp;<\/p>\n<\/div>\n<\/div>\n<div id=\"chunk-7u367\">\n<div class=\"row medium-uncollapsed content-text\" data-block-type=\"table-plugin\" data-block-id=\"19\">\n<div class=\"column medium-centered medium-22 large-20\">\n<div class=\"show-table content-media content-media--normal\">\n<p class=\"mc-column show-table__title\">Autom\u00f3veis, Camionetas, Caminhonetes, \u00d4nibus, Micro-\u00f4nibus, Motos e similares<\/p>\n<div class=\"show-table__centralized\">\n<div class=\"show-table__container\">\n<table class=\"show-table__content\n show-table__content--highlight-top show-table__content--highlight-left        \"><\/p>\n<tbody>\n<tr>\n<td>M\u00eas<\/td>\n<td>Janeiro<\/td>\n<td>Fevereiro<\/td>\n<td>Mar\u00e7o<\/td>\n<td>Abril<\/td>\n<td>Maio<\/td>\n<\/tr>\n<tr>\n<td>Parcela<\/td>\n<td>1\u00aa Parcela ou Cota \u00danica com desconto de 3%<\/td>\n<td>2\u00aa Parcela ou Cota \u00danica sem desconto<\/td>\n<td>3\u00aa Parcela<\/td>\n<td>4\u00aa Parcela<\/td>\n<td>5\u00aa Parcela<\/td>\n<\/tr>\n<tr>\n<td>Placa \u2b07\ufe0f<\/td>\n<td>Vencimento<\/td>\n<td>Vencimento<\/td>\n<td>Vencimento<\/td>\n<td>Vencimento<\/td>\n<td>Vencimento<\/td>\n<\/tr>\n<tr>\n<td>Final 1<\/td>\n<td>11\/01\/2024<\/td>\n<td>11\/02\/2024<\/td>\n<td>11\/03\/2024<\/td>\n<td>11\/04\/2024<\/td>\n<td>11\/05\/2024<\/td>\n<\/tr>\n<tr>\n<td>Final 2<\/td>\n<td>12\/01\/2024<\/td>\n<td>12\/02\/2024<\/td>\n<td>12\/03\/2024<\/td>\n<td>12\/04\/2024<\/td>\n<td>12\/05\/2024<\/td>\n<\/tr>\n<tr>\n<td>Final 3<\/td>\n<td>15\/01\/2024<\/td>\n<td>15\/02\/2024<\/td>\n<td>15\/03\/2024<\/td>\n<td>15\/04\/2024<\/td>\n<td>15\/05\/2024<\/td>\n<\/tr>\n<tr>\n<td>Final 4<\/td>\n<td>16\/01\/2024<\/td>\n<td>16\/02\/2024<\/td>\n<td>16\/03\/2024<\/td>\n<td>16\/04\/2024<\/td>\n<td>16\/05\/2024<\/td>\n<\/tr>\n<tr>\n<td>Final 5<\/td>\n<td>17\/01\/2024<\/td>\n<td>17\/02\/2024<\/td>\n<td>17\/03\/2024<\/td>\n<td>17\/04\/2024<\/td>\n<td>17\/05\/2024<\/td>\n<\/tr>\n<tr>\n<td>Final 6<\/td>\n<td>18\/01\/2024<\/td>\n<td>18\/02\/2024<\/td>\n<td>18\/03\/2024<\/td>\n<td>18\/04\/2024<\/td>\n<td>18\/05\/2024<\/td>\n<\/tr>\n<tr>\n<td>Final 7<\/td>\n<td>19\/01\/2024<\/td>\n<td>19\/02\/2024<\/td>\n<td>19\/03\/2024<\/td>\n<td>19\/04\/2024<\/td>\n<td>19\/05\/2024<\/td>\n<\/tr>\n<tr>\n<td>Final 8<\/td>\n<td>22\/01\/2024<\/td>\n<td>22\/02\/2024<\/td>\n<td>22\/03\/2024<\/td>\n<td>22\/04\/2024<\/td>\n<td>22\/05\/2024<\/td>\n<\/tr>\n<tr>\n<td>Final 9<\/td>\n<td>23\/01\/2024<\/td>\n<td>23\/02\/2024<\/td>\n<td>23\/03\/2024<\/td>\n<td>23\/04\/2024<\/td>\n<td>23\/05\/2024<\/td>\n<\/tr>\n<tr>\n<td>Final 0<\/td>\n<td>24\/01\/2024<\/td>\n<td>24\/02\/2024<\/td>\n<td>24\/03\/2024<\/td>\n<td>24\/04\/2024<\/td>\n<td>24\/05\/2024<\/td>\n<\/tr>\n<\/tbody>\n<\/table>\n<\/div>\n<div class=\"show-table__footer\">\n<div class=\"show-table__source\">Fonte: Governo de SP\/Secretaria da Fazendo e Planejamento<\/div>\n<\/div>\n<\/div>\n<\/div>\n<\/div>\n<\/div>\n<\/div>\n<div id=\"chunk-7lf21\">\n<div class=\"row medium-uncollapsed content-text\" data-block-type=\"table-plugin\" data-block-id=\"20\">\n<div class=\"column medium-centered medium-22 large-20\">\n<div class=\"show-table content-media content-media--normal\">\n<p class=\"mc-column show-table__title\">Caminh\u00f5es e Caminh\u00f5es-tratores<\/p>\n<div class=\"show-table__centralized\">\n<div class=\"show-table__container\">\n<table class=\"show-table__content\n show-table__content--highlight-top show-table__content--highlight-left        \"><\/p>\n<tbody>\n<tr>\n<td>M\u00eas<\/td>\n<td>Janeiro<\/td>\n<td>mar\u00e7o<\/td>\n<td>Abril<\/td>\n<td>Maio<\/td>\n<td>Julho<\/td>\n<td>Agosto<\/td>\n<td>Setembro<\/td>\n<\/tr>\n<tr>\n<td>Parcela<\/td>\n<td>Cota \u00fanica com desconto de 3%<\/td>\n<td>1\u00aa parcela<\/td>\n<td>Cota \u00fanica sem desconto<\/td>\n<td>2\u00aa parcela<\/td>\n<td>3\u00aa parcela<\/td>\n<td>4\u00aa parcela<\/td>\n<td>5\u00aa parcela<\/td>\n<\/tr>\n<tr>\n<td>Placa \u2b07<\/td>\n<td>Vencimento<\/td>\n<td>Vencimento<\/td>\n<td>Vencimento<\/td>\n<td>Vencimento<\/td>\n<td>Vencimento<\/td>\n<td>Vencimento<\/td>\n<td>Vencimento<\/td>\n<\/tr>\n<tr>\n<td>Final 1<\/td>\n<td>11\/01<\/td>\n<td>20\/03<\/td>\n<td>19\/04<\/td>\n<td>20\/05<\/td>\n<td>20\/07<\/td>\n<td>20\/08<\/td>\n<td>20\/09<\/td>\n<\/tr>\n<tr>\n<td>Final 2<\/td>\n<td>12\/01<\/td>\n<td>\u200b20\/03<\/td>\n<td>\u200b19\/04<\/td>\n<td>\u200b20\/05<\/td>\n<td>\u200b20\/07<\/td>\n<td>\u200b20\/08<\/td>\n<td>\u200b20\/09<\/td>\n<\/tr>\n<tr>\n<td>Final 3<\/td>\n<td>15\/01<\/td>\n<td>\u200b20\/03<\/td>\n<td>\u200b19\/04<\/td>\n<td>\u200b20\/05<\/td>\n<td>\u200b20\/07<\/td>\n<td>\u200b20\/08<\/td>\n<td>\u200b20\/09<\/td>\n<\/tr>\n<tr>\n<td>Final 4<\/td>\n<td>16\/01<\/td>\n<td>\u200b20\/03<\/td>\n<td>\u200b19\/04<\/td>\n<td>\u200b20\/05<\/td>\n<td>\u200b20\/07<\/td>\n<td>\u200b20\/08<\/td>\n<td>\u200b20\/09<\/td>\n<\/tr>\n<tr>\n<td>Final 5<\/td>\n<td>17\/01<\/td>\n<td>\u200b20\/03<\/td>\n<td>\u200b19\/04<\/td>\n<td>\u200b20\/05<\/td>\n<td>\u200b20\/07<\/td>\n<td>\u200b20\/08<\/td>\n<td>\u200b20\/09<\/td>\n<\/tr>\n<tr>\n<td>Final 6<\/td>\n<td>18\/01<\/td>\n<td>\u200b20\/03<\/td>\n<td>\u200b19\/04<\/td>\n<td>\u200b20\/05<\/td>\n<td>\u200b20\/07<\/td>\n<td>\u200b20\/08<\/td>\n<td>\u200b20\/09<\/td>\n<\/tr>\n<tr>\n<td>Final 7<\/td>\n<td>19\/01<\/td>\n<td>\u200b20\/03<\/td>\n<td>\u200b19\/04<\/td>\n<td>\u200b20\/05<\/td>\n<td>\u200b20\/07<\/td>\n<td>\u200b20\/08<\/td>\n<td>\u200b20\/09<\/td>\n<\/tr>\n<tr>\n<td>Final 8<\/td>\n<td>22\/01<\/td>\n<td>\u200b20\/03<\/td>\n<td>\u200b19\/04<\/td>\n<td>\u200b20\/05<\/td>\n<td>\u200b20\/07<\/td>\n<td>\u200b20\/08<\/td>\n<td>\u200b20\/09<\/td>\n<\/tr>\n<tr>\n<td>Final 9<\/td>\n<td>23\/01<\/td>\n<td>\u200b20\/03<\/td>\n<td>\u200b19\/04<\/td>\n<td>\u200b20\/05<\/td>\n<td>\u200b20\/07<\/td>\n<td>\u200b20\/08<\/td>\n<td>\u200b20\/09<\/td>\n<\/tr>\n<tr>\n<td>Final 0<\/td>\n<td>24\/01<\/td>\n<td>\u200b20\/03<\/td>\n<td>\u200b19\/04<\/td>\n<td>\u200b20\/05<\/td>\n<td>\u200b20\/07<\/td>\n<td>\u200b20\/08<\/td>\n<td>\u200b20\/09<\/td>\n<\/tr>\n<\/tbody>\n<\/table>\n<\/div>\n<div class=\"show-table__footer\">\n<div class=\"show-table__source\">Fonte: Governo de SP\/Secretaria da Fazendo e Planejamento<\/div>\n<\/div>\n<\/div>\n<\/div>\n<\/div>\n<div>\n<div id=\"chunk-e4fml\">\n<div class=\"mc-column content-text active-extra-styles\" data-block-type=\"raw\" data-block-weight=\"3\" data-block-id=\"22\">\n<div class=\"content-intertitle\">\n<h2><\/h2>\n<h2>Atraso de pagamento\u200b\u200b<\/h2>\n<\/div>\n<p>&nbsp;<\/p>\n<\/div>\n<\/div>\n<div id=\"chunk-8fnr7\">\n<div class=\"row medium-uncollapsed content-media content-photo\" data-block-type=\"backstage-photo\" data-block-id=\"23\">\n<div class=\" mc-column  content-media__container\">\n<div class=\"content-media-container glb-skeleton-box\">\n<figure class=\"content-media-figure\"><img decoding=\"async\" class=\"i-amphtml-fill-content i-amphtml-replaced-content lazyload\" data-src=\"https:\/\/s2-g1.glbimg.com\/BZ7NMaWuFnOW9XRMWnjs1jizN7A=\/0x0:890x593\/984x0\/smart\/filters:strip_icc()\/i.s3.glbimg.com\/v1\/AUTH_59edd422c0c84a879bd37670ae4f538a\/internal_photos\/bs\/2021\/D\/s\/MbDCPJSFiu7sXEbABylA\/normal-ipva.jpeg\" data-sizes=\"(max-width: 1600px) 648px, 100vw\" data-srcset=\"https:\/\/s2-g1.glbimg.com\/tFaXrF18ifV1Y3MSynzXaWR67Rs=\/0x0:890x593\/1000x0\/smart\/filters:strip_icc()\/i.s3.glbimg.com\/v1\/AUTH_59edd422c0c84a879bd37670ae4f538a\/internal_photos\/bs\/2021\/D\/s\/MbDCPJSFiu7sXEbABylA\/normal-ipva.jpeg 1000w, https:\/\/s2-g1.glbimg.com\/BZ7NMaWuFnOW9XRMWnjs1jizN7A=\/0x0:890x593\/984x0\/smart\/filters:strip_icc()\/i.s3.glbimg.com\/v1\/AUTH_59edd422c0c84a879bd37670ae4f538a\/internal_photos\/bs\/2021\/D\/s\/MbDCPJSFiu7sXEbABylA\/normal-ipva.jpeg 984w, https:\/\/s2-g1.glbimg.com\/kFZyeuOZL63EBW8utCErxYUfaPU=\/0x0:890x593\/640x0\/smart\/filters:strip_icc()\/i.s3.glbimg.com\/v1\/AUTH_59edd422c0c84a879bd37670ae4f538a\/internal_photos\/bs\/2021\/D\/s\/MbDCPJSFiu7sXEbABylA\/normal-ipva.jpeg 640w, https:\/\/s2-g1.glbimg.com\/owxw9oDis0GtdR8e5DaW345GV-I=\/0x0:890x593\/600x0\/smart\/filters:strip_icc()\/i.s3.glbimg.com\/v1\/AUTH_59edd422c0c84a879bd37670ae4f538a\/internal_photos\/bs\/2021\/D\/s\/MbDCPJSFiu7sXEbABylA\/normal-ipva.jpeg 600w\" alt=\"IPVA de motoristas do Estado de SP come\u00e7a a ser pago no dia 11 de janeiro \u2014 Foto: Jos\u00e9 Fernando Ogura\/AEN\" src=\"data:image\/svg+xml;base64,PHN2ZyB3aWR0aD0iMSIgaGVpZ2h0PSIxIiB4bWxucz0iaHR0cDovL3d3dy53My5vcmcvMjAwMC9zdmciPjwvc3ZnPg==\" \/><\/figure>\n<\/div>\n<p class=\"content-media__description  \">IPVA de motoristas do Estado de SP come\u00e7a a ser pago no dia 11 de janeiro \u2014 Foto: Jos\u00e9 Fernando Ogura\/AEN<\/p>\n<\/div>\n<\/div>\n<\/div>\n<div id=\"chunk-b0bq9\">\n<div class=\"mc-column content-text active-extra-styles \" data-block-type=\"unstyled\" data-block-weight=\"41\" data-block-id=\"24\">\n<p class=\" content-text__container \" data-track-category=\"Link no Texto\" data-track-links=\"\">O contribuinte que deixar de recolher o imposto fica sujeito a multa de 0,33% por dia de atraso e juros de mora com base na taxa Selic. Passados 60 dias, o percentual da multa fixa-se em 20% do valor do imposto.<\/p>\n<\/div>\n<\/div>\n<div id=\"chunk-7vpta\">\n<div class=\"mc-column content-text active-extra-styles \" data-block-type=\"unstyled\" data-block-weight=\"58\" data-block-id=\"25\">\n<p class=\" content-text__container \" data-track-category=\"Link no Texto\" data-track-links=\"\">Permanecendo a inadimpl\u00eancia do IPVA, o d\u00e9bito ser\u00e1 inscrito na D\u00edvida Ativa, al\u00e9m da inclus\u00e3o do nome do propriet\u00e1rio no Cadin Estadual, impedindo-o de aproveitar eventual cr\u00e9dito que possua por solicitar a Nota Fiscal Paulista. A partir do momento em que o d\u00e9bito de IPVA estiver inscrito, a Procuradoria Geral do Estado poder\u00e1 vir a cobr\u00e1-lo mediante protesto.<\/p>\n<\/div>\n<\/div>\n<div id=\"chunk-bej7n\">\n<div class=\"mc-column content-text active-extra-styles \" data-block-type=\"unstyled\" data-block-weight=\"43\" data-block-id=\"27\">\n<p class=\" content-text__container \" data-track-category=\"Link no Texto\" data-track-links=\"\">A inadimpl\u00eancia do IPVA impede o novo licenciamento do ve\u00edculo. Ap\u00f3s a data limite fixada pelo Detran para o licenciamento, o ve\u00edculo poder\u00e1 vir a ser apreendido, com multa aplicada pela autoridade de tr\u00e2nsito e sete pontos na Carteira Nacional de Habilita\u00e7\u00e3o (CNH).<\/p>\n<\/div>\n<\/div>\n<div id=\"chunk-enqk3\">\n<div class=\"mc-column content-text active-extra-styles \" data-block-type=\"unstyled\" data-block-weight=\"16\" data-block-id=\"28\">\n<p class=\" content-text__container \" data-track-category=\"Link no Texto\" data-track-links=\"\">Todas as informa\u00e7\u00f5es sobre IPVA podem ser consultadas na p\u00e1gina do IPVA no\u00a0<a class=\"\" href=\"https:\/\/portal.fazenda.sp.gov.br\/servicos\/ipva\/Paginas\/pix.aspx\" target=\"_blank\" rel=\"noopener\">portal da Sefaz-SP<\/a>.<\/p>\n<\/div>\n<\/div>\n<div id=\"chunk-6c75o\">\n<div class=\"mc-column content-text active-extra-styles \" data-block-type=\"unstyled\" data-block-weight=\"47\" data-block-id=\"29\">\n<p class=\" content-text__container \" data-track-category=\"Link no Texto\" data-track-links=\"\">As al\u00edquotas do imposto para ve\u00edculos particulares novos e usados permanecem as mesmas: 4% para carros de passeio; 2% para motocicletas e similares, caminhonetes cabine simples, micro-\u00f4nibus, \u00f4nibus e maquin\u00e1rio pesado; al\u00e9m de 1,5% para caminh\u00f5es e 1% para os ve\u00edculos de locadoras, registrados em S\u00e3o Paulo.<\/p>\n<p data-track-category=\"Link no Texto\" data-track-links=\"\"><strong><a href=\"https:\/\/g1.globo.com\/sp\/sao-carlos-regiao\/noticia\/2024\/01\/05\/ipva-2024-condutores-de-sao-carlos-araraquara-e-regiao-devem-pagar-r-15-bilhao-veja-calendario.ghtml\" target=\"_blank\" rel=\"noopener\">Via G1 Mococa<\/a><\/strong><\/p>\n<\/div>\n<\/div>\n<\/div>\n<\/div>\n<\/div>\n<\/div>\n<\/div>\n<div id=\"chunk-8q7v8\">\n<div class=\"content-ads content-ads--reveal\" data-block-type=\"ads\" data-block-id=\"15\">\n<div id=\"banner_materia__d3f2bed9-57f1-40b8-a434-39dc030afa66\" class=\"tag-manager-publicidade-container mc-has-reveal mc-has-ad-lazyload tag-manager-publicidade-banner_materia__d3f2bed9-57f1-40b8-a434-39dc030afa66 tag-manager-publicidade-container--carregado tag-manager-publicidade-container--visivel\" data-id=\"banner_materia__d3f2bed9-57f1-40b8-a434-39dc030afa66\" data-google-query-id=\"CKTp35mix4MDFWkbuQYdfXMNCA\"><\/div>\n<\/div>\n<\/div>\n<\/div>\n<\/div>\n<\/div>\n<\/div>\n<\/div>\n","protected":false},"excerpt":{"rendered":"<p>A escala de pagamento do Imposto sobre a Propriedade de Ve\u00edculos Automotores (IPVA) 2024 em S\u00e3o Paulo come\u00e7a na pr\u00f3xima quinta-feira (11). Nas 42 cidades de cobertura do g1 S\u00e3o Carlos e Araraquara, a frota tribut\u00e1vel \u00e9 de cerca de 838 mil ve\u00edculos, gerando\u00a0R$ 1.508.559.529,52 em tributos. Em janeiro, \u00e9 poss\u00edvel antecipar o pagamento em\u00a0cota &hellip;<\/p>\n","protected":false},"author":1,"featured_media":2283,"comment_status":"closed","ping_status":"closed","sticky":false,"template":"","format":"standard","meta":{"footnotes":""},"categories":[30],"tags":[],"class_list":["post-2282","post","type-post","status-publish","format-standard","has-post-thumbnail","hentry","category-geral"],"yoast_head":"<!-- This site is optimized with the Yoast SEO plugin v27.4 - https:\/\/yoast.com\/product\/yoast-seo-wordpress\/ -->\n<title>IPVA 2024: condutores de S\u00e3o Carlos, Araraquara e regi\u00e3o devem pagar R$ 1,5 bilh\u00e3o; veja calend\u00e1rio - Transam\u00e9rica Mococa 93,3<\/title>\n<meta name=\"robots\" content=\"index, follow, max-snippet:-1, max-image-preview:large, max-video-preview:-1\" \/>\n<link rel=\"canonical\" href=\"https:\/\/transamerica93.com.br\/home\/ipva-2024-condutores-de-sao-carlos-araraquara-e-regiao-devem-pagar-r-15-bilhao-veja-calendario\/\" \/>\n<meta property=\"og:locale\" content=\"pt_BR\" \/>\n<meta property=\"og:type\" content=\"article\" \/>\n<meta property=\"og:title\" content=\"IPVA 2024: condutores de S\u00e3o Carlos, Araraquara e regi\u00e3o devem pagar R$ 1,5 bilh\u00e3o; veja calend\u00e1rio - Transam\u00e9rica Mococa 93,3\" \/>\n<meta property=\"og:description\" content=\"A escala de pagamento do Imposto sobre a Propriedade de Ve\u00edculos Automotores (IPVA) 2024 em S\u00e3o Paulo come\u00e7a na pr\u00f3xima quinta-feira (11). Nas 42 cidades de cobertura do g1 S\u00e3o Carlos e Araraquara, a frota tribut\u00e1vel \u00e9 de cerca de 838 mil ve\u00edculos, gerando\u00a0R$ 1.508.559.529,52 em tributos. Em janeiro, \u00e9 poss\u00edvel antecipar o pagamento em\u00a0cota &hellip;\" \/>\n<meta property=\"og:url\" content=\"https:\/\/transamerica93.com.br\/home\/ipva-2024-condutores-de-sao-carlos-araraquara-e-regiao-devem-pagar-r-15-bilhao-veja-calendario\/\" \/>\n<meta property=\"og:site_name\" content=\"Transam\u00e9rica Mococa 93,3\" \/>\n<meta property=\"article:publisher\" content=\"https:\/\/www.facebook.com\/transamericamococa\" \/>\n<meta property=\"article:published_time\" content=\"2024-01-08T12:00:14+00:00\" \/>\n<meta property=\"og:image\" content=\"https:\/\/transamerica93.com.br\/home\/wp-content\/uploads\/2024\/01\/imagem-12.jpg\" \/>\n\t<meta property=\"og:image:width\" content=\"983\" \/>\n\t<meta property=\"og:image:height\" content=\"653\" \/>\n\t<meta property=\"og:image:type\" content=\"image\/jpeg\" \/>\n<meta name=\"author\" content=\"Reda\u00e7\u00e3o\" \/>\n<meta name=\"twitter:card\" content=\"summary_large_image\" \/>\n<meta name=\"twitter:creator\" content=\"@transamerica933\" \/>\n<meta name=\"twitter:site\" content=\"@transamerica933\" \/>\n<meta name=\"twitter:label1\" content=\"Escrito por\" \/>\n\t<meta name=\"twitter:data1\" content=\"Reda\u00e7\u00e3o\" \/>\n\t<meta name=\"twitter:label2\" content=\"Est. tempo de leitura\" \/>\n\t<meta name=\"twitter:data2\" content=\"6 minutos\" \/>\n<script type=\"application\/ld+json\" class=\"yoast-schema-graph\">{\"@context\":\"https:\\\/\\\/schema.org\",\"@graph\":[{\"@type\":\"Article\",\"@id\":\"https:\\\/\\\/transamerica93.com.br\\\/home\\\/ipva-2024-condutores-de-sao-carlos-araraquara-e-regiao-devem-pagar-r-15-bilhao-veja-calendario\\\/#article\",\"isPartOf\":{\"@id\":\"https:\\\/\\\/transamerica93.com.br\\\/home\\\/ipva-2024-condutores-de-sao-carlos-araraquara-e-regiao-devem-pagar-r-15-bilhao-veja-calendario\\\/\"},\"author\":{\"name\":\"Reda\u00e7\u00e3o\",\"@id\":\"https:\\\/\\\/transamerica93.com.br\\\/home\\\/#\\\/schema\\\/person\\\/7fed7c99c0d4562efa8561bc0f543172\"},\"headline\":\"IPVA 2024: condutores de S\u00e3o Carlos, Araraquara e regi\u00e3o devem pagar R$ 1,5 bilh\u00e3o; veja calend\u00e1rio\",\"datePublished\":\"2024-01-08T12:00:14+00:00\",\"mainEntityOfPage\":{\"@id\":\"https:\\\/\\\/transamerica93.com.br\\\/home\\\/ipva-2024-condutores-de-sao-carlos-araraquara-e-regiao-devem-pagar-r-15-bilhao-veja-calendario\\\/\"},\"wordCount\":716,\"publisher\":{\"@id\":\"https:\\\/\\\/transamerica93.com.br\\\/home\\\/#organization\"},\"image\":{\"@id\":\"https:\\\/\\\/transamerica93.com.br\\\/home\\\/ipva-2024-condutores-de-sao-carlos-araraquara-e-regiao-devem-pagar-r-15-bilhao-veja-calendario\\\/#primaryimage\"},\"thumbnailUrl\":\"https:\\\/\\\/transamerica93.com.br\\\/home\\\/wp-content\\\/uploads\\\/2024\\\/01\\\/imagem-12.jpg\",\"articleSection\":[\"Geral\"],\"inLanguage\":\"pt-BR\"},{\"@type\":\"WebPage\",\"@id\":\"https:\\\/\\\/transamerica93.com.br\\\/home\\\/ipva-2024-condutores-de-sao-carlos-araraquara-e-regiao-devem-pagar-r-15-bilhao-veja-calendario\\\/\",\"url\":\"https:\\\/\\\/transamerica93.com.br\\\/home\\\/ipva-2024-condutores-de-sao-carlos-araraquara-e-regiao-devem-pagar-r-15-bilhao-veja-calendario\\\/\",\"name\":\"IPVA 2024: condutores de S\u00e3o Carlos, Araraquara e regi\u00e3o devem pagar R$ 1,5 bilh\u00e3o; veja calend\u00e1rio - Transam\u00e9rica Mococa 93,3\",\"isPartOf\":{\"@id\":\"https:\\\/\\\/transamerica93.com.br\\\/home\\\/#website\"},\"primaryImageOfPage\":{\"@id\":\"https:\\\/\\\/transamerica93.com.br\\\/home\\\/ipva-2024-condutores-de-sao-carlos-araraquara-e-regiao-devem-pagar-r-15-bilhao-veja-calendario\\\/#primaryimage\"},\"image\":{\"@id\":\"https:\\\/\\\/transamerica93.com.br\\\/home\\\/ipva-2024-condutores-de-sao-carlos-araraquara-e-regiao-devem-pagar-r-15-bilhao-veja-calendario\\\/#primaryimage\"},\"thumbnailUrl\":\"https:\\\/\\\/transamerica93.com.br\\\/home\\\/wp-content\\\/uploads\\\/2024\\\/01\\\/imagem-12.jpg\",\"datePublished\":\"2024-01-08T12:00:14+00:00\",\"breadcrumb\":{\"@id\":\"https:\\\/\\\/transamerica93.com.br\\\/home\\\/ipva-2024-condutores-de-sao-carlos-araraquara-e-regiao-devem-pagar-r-15-bilhao-veja-calendario\\\/#breadcrumb\"},\"inLanguage\":\"pt-BR\",\"potentialAction\":[{\"@type\":\"ReadAction\",\"target\":[\"https:\\\/\\\/transamerica93.com.br\\\/home\\\/ipva-2024-condutores-de-sao-carlos-araraquara-e-regiao-devem-pagar-r-15-bilhao-veja-calendario\\\/\"]}]},{\"@type\":\"ImageObject\",\"inLanguage\":\"pt-BR\",\"@id\":\"https:\\\/\\\/transamerica93.com.br\\\/home\\\/ipva-2024-condutores-de-sao-carlos-araraquara-e-regiao-devem-pagar-r-15-bilhao-veja-calendario\\\/#primaryimage\",\"url\":\"https:\\\/\\\/transamerica93.com.br\\\/home\\\/wp-content\\\/uploads\\\/2024\\\/01\\\/imagem-12.jpg\",\"contentUrl\":\"https:\\\/\\\/transamerica93.com.br\\\/home\\\/wp-content\\\/uploads\\\/2024\\\/01\\\/imagem-12.jpg\",\"width\":983,\"height\":653,\"caption\":\"Foto: Jo\u00e3o Di Pietro\"},{\"@type\":\"BreadcrumbList\",\"@id\":\"https:\\\/\\\/transamerica93.com.br\\\/home\\\/ipva-2024-condutores-de-sao-carlos-araraquara-e-regiao-devem-pagar-r-15-bilhao-veja-calendario\\\/#breadcrumb\",\"itemListElement\":[{\"@type\":\"ListItem\",\"position\":1,\"name\":\"In\u00edcio\",\"item\":\"https:\\\/\\\/transamerica93.com.br\\\/home\\\/\"},{\"@type\":\"ListItem\",\"position\":2,\"name\":\"IPVA 2024: condutores de S\u00e3o Carlos, Araraquara e regi\u00e3o devem pagar R$ 1,5 bilh\u00e3o; veja calend\u00e1rio\"}]},{\"@type\":\"WebSite\",\"@id\":\"https:\\\/\\\/transamerica93.com.br\\\/home\\\/#website\",\"url\":\"https:\\\/\\\/transamerica93.com.br\\\/home\\\/\",\"name\":\"Transam\u00e9rica Mococa 93,3\",\"description\":\"\",\"publisher\":{\"@id\":\"https:\\\/\\\/transamerica93.com.br\\\/home\\\/#organization\"},\"potentialAction\":[{\"@type\":\"SearchAction\",\"target\":{\"@type\":\"EntryPoint\",\"urlTemplate\":\"https:\\\/\\\/transamerica93.com.br\\\/home\\\/?s={search_term_string}\"},\"query-input\":{\"@type\":\"PropertyValueSpecification\",\"valueRequired\":true,\"valueName\":\"search_term_string\"}}],\"inLanguage\":\"pt-BR\"},{\"@type\":\"Organization\",\"@id\":\"https:\\\/\\\/transamerica93.com.br\\\/home\\\/#organization\",\"name\":\"Transam\u00e9rica Mococa 93,3\",\"url\":\"https:\\\/\\\/transamerica93.com.br\\\/home\\\/\",\"logo\":{\"@type\":\"ImageObject\",\"inLanguage\":\"pt-BR\",\"@id\":\"https:\\\/\\\/transamerica93.com.br\\\/home\\\/#\\\/schema\\\/logo\\\/image\\\/\",\"url\":\"https:\\\/\\\/transamerica93.com.br\\\/home\\\/wp-content\\\/uploads\\\/2023\\\/10\\\/logo2.png\",\"contentUrl\":\"https:\\\/\\\/transamerica93.com.br\\\/home\\\/wp-content\\\/uploads\\\/2023\\\/10\\\/logo2.png\",\"width\":800,\"height\":500,\"caption\":\"Transam\u00e9rica Mococa 93,3\"},\"image\":{\"@id\":\"https:\\\/\\\/transamerica93.com.br\\\/home\\\/#\\\/schema\\\/logo\\\/image\\\/\"},\"sameAs\":[\"https:\\\/\\\/www.facebook.com\\\/transamericamococa\",\"https:\\\/\\\/x.com\\\/transamerica933\",\"https:\\\/\\\/www.instagram.com\\\/transamericamococa\"]},{\"@type\":\"Person\",\"@id\":\"https:\\\/\\\/transamerica93.com.br\\\/home\\\/#\\\/schema\\\/person\\\/7fed7c99c0d4562efa8561bc0f543172\",\"name\":\"Reda\u00e7\u00e3o\",\"image\":{\"@type\":\"ImageObject\",\"inLanguage\":\"pt-BR\",\"@id\":\"https:\\\/\\\/secure.gravatar.com\\\/avatar\\\/1072c6b775fb02ef8506ce967551d95926669a6b7d2c2147b42eea4d7c68395e?s=96&d=mm&r=g\",\"url\":\"https:\\\/\\\/secure.gravatar.com\\\/avatar\\\/1072c6b775fb02ef8506ce967551d95926669a6b7d2c2147b42eea4d7c68395e?s=96&d=mm&r=g\",\"contentUrl\":\"https:\\\/\\\/secure.gravatar.com\\\/avatar\\\/1072c6b775fb02ef8506ce967551d95926669a6b7d2c2147b42eea4d7c68395e?s=96&d=mm&r=g\",\"caption\":\"Reda\u00e7\u00e3o\"},\"sameAs\":[\"https:\\\/\\\/transamerica93.com.br\\\/home\"],\"url\":\"https:\\\/\\\/transamerica93.com.br\\\/home\\\/author\\\/william\\\/\"}]}<\/script>\n<!-- \/ Yoast SEO plugin. -->","yoast_head_json":{"title":"IPVA 2024: condutores de S\u00e3o Carlos, Araraquara e regi\u00e3o devem pagar R$ 1,5 bilh\u00e3o; veja calend\u00e1rio - Transam\u00e9rica Mococa 93,3","robots":{"index":"index","follow":"follow","max-snippet":"max-snippet:-1","max-image-preview":"max-image-preview:large","max-video-preview":"max-video-preview:-1"},"canonical":"https:\/\/transamerica93.com.br\/home\/ipva-2024-condutores-de-sao-carlos-araraquara-e-regiao-devem-pagar-r-15-bilhao-veja-calendario\/","og_locale":"pt_BR","og_type":"article","og_title":"IPVA 2024: condutores de S\u00e3o Carlos, Araraquara e regi\u00e3o devem pagar R$ 1,5 bilh\u00e3o; veja calend\u00e1rio - Transam\u00e9rica Mococa 93,3","og_description":"A escala de pagamento do Imposto sobre a Propriedade de Ve\u00edculos Automotores (IPVA) 2024 em S\u00e3o Paulo come\u00e7a na pr\u00f3xima quinta-feira (11). Nas 42 cidades de cobertura do g1 S\u00e3o Carlos e Araraquara, a frota tribut\u00e1vel \u00e9 de cerca de 838 mil ve\u00edculos, gerando\u00a0R$ 1.508.559.529,52 em tributos. Em janeiro, \u00e9 poss\u00edvel antecipar o pagamento em\u00a0cota &hellip;","og_url":"https:\/\/transamerica93.com.br\/home\/ipva-2024-condutores-de-sao-carlos-araraquara-e-regiao-devem-pagar-r-15-bilhao-veja-calendario\/","og_site_name":"Transam\u00e9rica Mococa 93,3","article_publisher":"https:\/\/www.facebook.com\/transamericamococa","article_published_time":"2024-01-08T12:00:14+00:00","og_image":[{"width":983,"height":653,"url":"https:\/\/transamerica93.com.br\/home\/wp-content\/uploads\/2024\/01\/imagem-12.jpg","type":"image\/jpeg"}],"author":"Reda\u00e7\u00e3o","twitter_card":"summary_large_image","twitter_creator":"@transamerica933","twitter_site":"@transamerica933","twitter_misc":{"Escrito por":"Reda\u00e7\u00e3o","Est. tempo de leitura":"6 minutos"},"schema":{"@context":"https:\/\/schema.org","@graph":[{"@type":"Article","@id":"https:\/\/transamerica93.com.br\/home\/ipva-2024-condutores-de-sao-carlos-araraquara-e-regiao-devem-pagar-r-15-bilhao-veja-calendario\/#article","isPartOf":{"@id":"https:\/\/transamerica93.com.br\/home\/ipva-2024-condutores-de-sao-carlos-araraquara-e-regiao-devem-pagar-r-15-bilhao-veja-calendario\/"},"author":{"name":"Reda\u00e7\u00e3o","@id":"https:\/\/transamerica93.com.br\/home\/#\/schema\/person\/7fed7c99c0d4562efa8561bc0f543172"},"headline":"IPVA 2024: condutores de S\u00e3o Carlos, Araraquara e regi\u00e3o devem pagar R$ 1,5 bilh\u00e3o; veja calend\u00e1rio","datePublished":"2024-01-08T12:00:14+00:00","mainEntityOfPage":{"@id":"https:\/\/transamerica93.com.br\/home\/ipva-2024-condutores-de-sao-carlos-araraquara-e-regiao-devem-pagar-r-15-bilhao-veja-calendario\/"},"wordCount":716,"publisher":{"@id":"https:\/\/transamerica93.com.br\/home\/#organization"},"image":{"@id":"https:\/\/transamerica93.com.br\/home\/ipva-2024-condutores-de-sao-carlos-araraquara-e-regiao-devem-pagar-r-15-bilhao-veja-calendario\/#primaryimage"},"thumbnailUrl":"https:\/\/transamerica93.com.br\/home\/wp-content\/uploads\/2024\/01\/imagem-12.jpg","articleSection":["Geral"],"inLanguage":"pt-BR"},{"@type":"WebPage","@id":"https:\/\/transamerica93.com.br\/home\/ipva-2024-condutores-de-sao-carlos-araraquara-e-regiao-devem-pagar-r-15-bilhao-veja-calendario\/","url":"https:\/\/transamerica93.com.br\/home\/ipva-2024-condutores-de-sao-carlos-araraquara-e-regiao-devem-pagar-r-15-bilhao-veja-calendario\/","name":"IPVA 2024: condutores de S\u00e3o Carlos, Araraquara e regi\u00e3o devem pagar R$ 1,5 bilh\u00e3o; veja calend\u00e1rio - Transam\u00e9rica Mococa 93,3","isPartOf":{"@id":"https:\/\/transamerica93.com.br\/home\/#website"},"primaryImageOfPage":{"@id":"https:\/\/transamerica93.com.br\/home\/ipva-2024-condutores-de-sao-carlos-araraquara-e-regiao-devem-pagar-r-15-bilhao-veja-calendario\/#primaryimage"},"image":{"@id":"https:\/\/transamerica93.com.br\/home\/ipva-2024-condutores-de-sao-carlos-araraquara-e-regiao-devem-pagar-r-15-bilhao-veja-calendario\/#primaryimage"},"thumbnailUrl":"https:\/\/transamerica93.com.br\/home\/wp-content\/uploads\/2024\/01\/imagem-12.jpg","datePublished":"2024-01-08T12:00:14+00:00","breadcrumb":{"@id":"https:\/\/transamerica93.com.br\/home\/ipva-2024-condutores-de-sao-carlos-araraquara-e-regiao-devem-pagar-r-15-bilhao-veja-calendario\/#breadcrumb"},"inLanguage":"pt-BR","potentialAction":[{"@type":"ReadAction","target":["https:\/\/transamerica93.com.br\/home\/ipva-2024-condutores-de-sao-carlos-araraquara-e-regiao-devem-pagar-r-15-bilhao-veja-calendario\/"]}]},{"@type":"ImageObject","inLanguage":"pt-BR","@id":"https:\/\/transamerica93.com.br\/home\/ipva-2024-condutores-de-sao-carlos-araraquara-e-regiao-devem-pagar-r-15-bilhao-veja-calendario\/#primaryimage","url":"https:\/\/transamerica93.com.br\/home\/wp-content\/uploads\/2024\/01\/imagem-12.jpg","contentUrl":"https:\/\/transamerica93.com.br\/home\/wp-content\/uploads\/2024\/01\/imagem-12.jpg","width":983,"height":653,"caption":"Foto: Jo\u00e3o Di Pietro"},{"@type":"BreadcrumbList","@id":"https:\/\/transamerica93.com.br\/home\/ipva-2024-condutores-de-sao-carlos-araraquara-e-regiao-devem-pagar-r-15-bilhao-veja-calendario\/#breadcrumb","itemListElement":[{"@type":"ListItem","position":1,"name":"In\u00edcio","item":"https:\/\/transamerica93.com.br\/home\/"},{"@type":"ListItem","position":2,"name":"IPVA 2024: condutores de S\u00e3o Carlos, Araraquara e regi\u00e3o devem pagar R$ 1,5 bilh\u00e3o; veja calend\u00e1rio"}]},{"@type":"WebSite","@id":"https:\/\/transamerica93.com.br\/home\/#website","url":"https:\/\/transamerica93.com.br\/home\/","name":"Transam\u00e9rica Mococa 93,3","description":"","publisher":{"@id":"https:\/\/transamerica93.com.br\/home\/#organization"},"potentialAction":[{"@type":"SearchAction","target":{"@type":"EntryPoint","urlTemplate":"https:\/\/transamerica93.com.br\/home\/?s={search_term_string}"},"query-input":{"@type":"PropertyValueSpecification","valueRequired":true,"valueName":"search_term_string"}}],"inLanguage":"pt-BR"},{"@type":"Organization","@id":"https:\/\/transamerica93.com.br\/home\/#organization","name":"Transam\u00e9rica Mococa 93,3","url":"https:\/\/transamerica93.com.br\/home\/","logo":{"@type":"ImageObject","inLanguage":"pt-BR","@id":"https:\/\/transamerica93.com.br\/home\/#\/schema\/logo\/image\/","url":"https:\/\/transamerica93.com.br\/home\/wp-content\/uploads\/2023\/10\/logo2.png","contentUrl":"https:\/\/transamerica93.com.br\/home\/wp-content\/uploads\/2023\/10\/logo2.png","width":800,"height":500,"caption":"Transam\u00e9rica Mococa 93,3"},"image":{"@id":"https:\/\/transamerica93.com.br\/home\/#\/schema\/logo\/image\/"},"sameAs":["https:\/\/www.facebook.com\/transamericamococa","https:\/\/x.com\/transamerica933","https:\/\/www.instagram.com\/transamericamococa"]},{"@type":"Person","@id":"https:\/\/transamerica93.com.br\/home\/#\/schema\/person\/7fed7c99c0d4562efa8561bc0f543172","name":"Reda\u00e7\u00e3o","image":{"@type":"ImageObject","inLanguage":"pt-BR","@id":"https:\/\/secure.gravatar.com\/avatar\/1072c6b775fb02ef8506ce967551d95926669a6b7d2c2147b42eea4d7c68395e?s=96&d=mm&r=g","url":"https:\/\/secure.gravatar.com\/avatar\/1072c6b775fb02ef8506ce967551d95926669a6b7d2c2147b42eea4d7c68395e?s=96&d=mm&r=g","contentUrl":"https:\/\/secure.gravatar.com\/avatar\/1072c6b775fb02ef8506ce967551d95926669a6b7d2c2147b42eea4d7c68395e?s=96&d=mm&r=g","caption":"Reda\u00e7\u00e3o"},"sameAs":["https:\/\/transamerica93.com.br\/home"],"url":"https:\/\/transamerica93.com.br\/home\/author\/william\/"}]}},"_links":{"self":[{"href":"https:\/\/transamerica93.com.br\/home\/wp-json\/wp\/v2\/posts\/2282","targetHints":{"allow":["GET"]}}],"collection":[{"href":"https:\/\/transamerica93.com.br\/home\/wp-json\/wp\/v2\/posts"}],"about":[{"href":"https:\/\/transamerica93.com.br\/home\/wp-json\/wp\/v2\/types\/post"}],"author":[{"embeddable":true,"href":"https:\/\/transamerica93.com.br\/home\/wp-json\/wp\/v2\/users\/1"}],"replies":[{"embeddable":true,"href":"https:\/\/transamerica93.com.br\/home\/wp-json\/wp\/v2\/comments?post=2282"}],"version-history":[{"count":1,"href":"https:\/\/transamerica93.com.br\/home\/wp-json\/wp\/v2\/posts\/2282\/revisions"}],"predecessor-version":[{"id":2284,"href":"https:\/\/transamerica93.com.br\/home\/wp-json\/wp\/v2\/posts\/2282\/revisions\/2284"}],"wp:featuredmedia":[{"embeddable":true,"href":"https:\/\/transamerica93.com.br\/home\/wp-json\/wp\/v2\/media\/2283"}],"wp:attachment":[{"href":"https:\/\/transamerica93.com.br\/home\/wp-json\/wp\/v2\/media?parent=2282"}],"wp:term":[{"taxonomy":"category","embeddable":true,"href":"https:\/\/transamerica93.com.br\/home\/wp-json\/wp\/v2\/categories?post=2282"},{"taxonomy":"post_tag","embeddable":true,"href":"https:\/\/transamerica93.com.br\/home\/wp-json\/wp\/v2\/tags?post=2282"}],"curies":[{"name":"wp","href":"https:\/\/api.w.org\/{rel}","templated":true}]}}