{"id":2285,"date":"2024-01-09T09:00:22","date_gmt":"2024-01-09T12:00:22","guid":{"rendered":"https:\/\/transamerica93.com.br\/home\/?p=2285"},"modified":"2024-01-05T19:38:20","modified_gmt":"2024-01-05T22:38:20","slug":"contribuicao-do-mei-tem-novo-valor-com-alta-do-salario-minimo-em-2024","status":"publish","type":"post","link":"https:\/\/transamerica93.com.br\/home\/contribuicao-do-mei-tem-novo-valor-com-alta-do-salario-minimo-em-2024\/","title":{"rendered":"Contribui\u00e7\u00e3o do MEI tem novo valor com alta do sal\u00e1rio m\u00ednimo em 2024"},"content":{"rendered":"<div class=\"post-item-wrap\">\n<p>O reajuste do sal\u00e1rio m\u00ednimo para R$ 1.412 &#8211; a partir de 1\u00ba de janeiro de 2024 &#8211; tamb\u00e9m alterou o pagamento de impostos \u00e0 Receita Federal, incluindo a contribui\u00e7\u00e3o mensal do Microempreendedor Individual (MEI). Os novos valores come\u00e7am a valer nos boletos com vencimento em 20 de fevereiro, referentes \u00e0 compet\u00eancia de janeiro.\u00a0<img decoding=\"async\" data-src=\"https:\/\/agenciabrasil.ebc.com.br\/ebc.png?id=1575270&amp;o=node\" src=\"data:image\/svg+xml;base64,PHN2ZyB3aWR0aD0iMSIgaGVpZ2h0PSIxIiB4bWxucz0iaHR0cDovL3d3dy53My5vcmcvMjAwMC9zdmciPjwvc3ZnPg==\" class=\"lazyload\" \/><img decoding=\"async\" data-src=\"https:\/\/agenciabrasil.ebc.com.br\/ebc.gif?id=1575270&amp;o=node\" src=\"data:image\/svg+xml;base64,PHN2ZyB3aWR0aD0iMSIgaGVpZ2h0PSIxIiB4bWxucz0iaHR0cDovL3d3dy53My5vcmcvMjAwMC9zdmciPjwvc3ZnPg==\" class=\"lazyload\" \/><\/p>\n<p>Em comunicado, o Servi\u00e7o Brasileiro de Apoio \u00e0s Micro e Pequenas Empresas (Sebrae) explicou que isso ocorre porque no Documento de Arrecada\u00e7\u00e3o do Simples Nacional (DAS-MEI) est\u00e1 incluso um valor referente \u00e0 contribui\u00e7\u00e3o para o Instituto Nacional do Seguro Social (INSS), que acompanha anualmente a varia\u00e7\u00e3o do sal\u00e1rio m\u00ednimo.<\/p>\n<p>Para o MEI, al\u00e9m de um valor mais baixo de contribui\u00e7\u00e3o, os impostos s\u00e3o fixos, independentemente do faturamento. A regra se aplica desde que esteja dentro do limite anual, atualmente em R$ 81 mil. \u201cPortanto, o novo valor do DAS-MEI em 2024 vai variar de R$ 70,60 a R$ 76,60, a depender da atividade desempenhada pelo empreendedor, sendo que algumas ocupa\u00e7\u00f5es s\u00f3 pagam INSS\u201d, explicou o Sebrae.<\/p>\n<h2>Soma de tributos<\/h2>\n<p>O c\u00e1lculo se d\u00e1 pela soma das tributa\u00e7\u00f5es do INSS (5% do sal\u00e1rio-m\u00ednimo em vigor), Imposto Sobre Servi\u00e7os (ISS) (mais R$ 5) e Imposto Sobre Circula\u00e7\u00e3o de Mercadorias e Servi\u00e7os (ICMS) (mais R$ 1). Por exemplo, pessoas que atuam na \u00e1rea de com\u00e9rcio e ind\u00fastria pagam R$ 71,60; em servi\u00e7os, R$ 75,60; em com\u00e9rcio e servi\u00e7os, R$ 76,60.<\/p>\n<p>O Sebrae ressaltou que o DAS-MEI \u00e9 a \u00fanica obriga\u00e7\u00e3o financeira do MEI, mesmo que n\u00e3o esteja em atividade. Devido ao regime do Simples Nacional, em uma \u00fanica guia de pagamento s\u00e3o recolhidos os impostos (ICMS e ISS) e a contribui\u00e7\u00e3o ao INSS, que d\u00e1 direitos aos v\u00e1rios benef\u00edcios previdenci\u00e1rios.<\/p>\n<p>O optante pelo recolhimento por esse sistema \u00e9 isento de Imposto de Renda de Pessoa Jur\u00eddica (IRPJ), Contribui\u00e7\u00e3o Social sobre o Lucro L\u00edquido (CSLL), contribui\u00e7\u00e3o para o Programa de Integra\u00e7\u00e3o Social e Programa de Forma\u00e7\u00e3o do Patrim\u00f4nio do Servidor P\u00fablico, Contribui\u00e7\u00e3o para o Financiamento da Seguridade Social (Cofins), Imposto sobre Produtos Industrializados (IPI) (exceto se incidentes na importa\u00e7\u00e3o) e contribui\u00e7\u00e3o previdenci\u00e1ria patronal (exceto se contratar empregado).<\/p>\n<h2>Local de destino<\/h2>\n<p>No caso do MEI Caminhoneiro, o valor vai de R$ 169,44 a R$ 175,44, a depender do tipo de produto transportado e o local de destino. O c\u00e1lculo considera 12% do sal\u00e1rio-m\u00ednimo para o INSS e as mesmas quantias do microempreendedor individual tradicional para ICMS e ISS.<\/p>\n<p>A categoria do MEI foi criada em 2008, durante o segundo mandato do presidente Luiz In\u00e1cio Lula da Silva. Em 2023, a Receita Federal contabilizou a marca de 12 milh\u00f5es de neg\u00f3cios formalizados, o que, segundo o Sebrae, representa em torno de 60% de todas as empresas do pa\u00eds.<\/p>\n<p>A emiss\u00e3o do Documento de Arrecada\u00e7\u00e3o do Simples Nacional (DAS) pode ser feita por um programa gerador, por meio de aplicativo para celulares ou nos portais do Simples Nacional e da Receita Federal. O Sebrae tamb\u00e9m disponibiliza o servi\u00e7o em seu portal.<\/p>\n<\/div>\n<p class=\"alt-font font-italic my-2 small text-info\">Edi\u00e7\u00e3o: Kleber Sampaio<\/p>\n","protected":false},"excerpt":{"rendered":"<p>O reajuste do sal\u00e1rio m\u00ednimo para R$ 1.412 &#8211; a partir de 1\u00ba de janeiro de 2024 &#8211; tamb\u00e9m alterou o pagamento de impostos \u00e0 Receita Federal, incluindo a contribui\u00e7\u00e3o mensal do Microempreendedor Individual (MEI). Os novos valores come\u00e7am a valer nos boletos com vencimento em 20 de fevereiro, referentes \u00e0 compet\u00eancia de janeiro.\u00a0 Em &hellip;<\/p>\n","protected":false},"author":1,"featured_media":1987,"comment_status":"closed","ping_status":"closed","sticky":false,"template":"","format":"standard","meta":{"footnotes":""},"categories":[30],"tags":[],"class_list":["post-2285","post","type-post","status-publish","format-standard","has-post-thumbnail","hentry","category-geral"],"yoast_head":"<!-- This site is optimized with the Yoast SEO plugin v27.4 - https:\/\/yoast.com\/product\/yoast-seo-wordpress\/ -->\n<title>Contribui\u00e7\u00e3o do MEI tem novo valor com alta do sal\u00e1rio m\u00ednimo em 2024 - Transam\u00e9rica Mococa 93,3<\/title>\n<meta name=\"robots\" content=\"index, follow, max-snippet:-1, max-image-preview:large, max-video-preview:-1\" \/>\n<link rel=\"canonical\" href=\"https:\/\/transamerica93.com.br\/home\/contribuicao-do-mei-tem-novo-valor-com-alta-do-salario-minimo-em-2024\/\" \/>\n<meta property=\"og:locale\" content=\"pt_BR\" \/>\n<meta property=\"og:type\" content=\"article\" \/>\n<meta property=\"og:title\" content=\"Contribui\u00e7\u00e3o do MEI tem novo valor com alta do sal\u00e1rio m\u00ednimo em 2024 - Transam\u00e9rica Mococa 93,3\" \/>\n<meta property=\"og:description\" content=\"O reajuste do sal\u00e1rio m\u00ednimo para R$ 1.412 &#8211; a partir de 1\u00ba de janeiro de 2024 &#8211; tamb\u00e9m alterou o pagamento de impostos \u00e0 Receita Federal, incluindo a contribui\u00e7\u00e3o mensal do Microempreendedor Individual (MEI). Os novos valores come\u00e7am a valer nos boletos com vencimento em 20 de fevereiro, referentes \u00e0 compet\u00eancia de janeiro.\u00a0 Em &hellip;\" \/>\n<meta property=\"og:url\" content=\"https:\/\/transamerica93.com.br\/home\/contribuicao-do-mei-tem-novo-valor-com-alta-do-salario-minimo-em-2024\/\" \/>\n<meta property=\"og:site_name\" content=\"Transam\u00e9rica Mococa 93,3\" \/>\n<meta property=\"article:publisher\" content=\"https:\/\/www.facebook.com\/transamericamococa\" \/>\n<meta property=\"article:published_time\" content=\"2024-01-09T12:00:22+00:00\" \/>\n<meta property=\"og:image\" content=\"https:\/\/transamerica93.com.br\/home\/wp-content\/uploads\/2023\/11\/real_moeda_dinheiro_mcajr_2904223667.jpg\" \/>\n\t<meta property=\"og:image:width\" content=\"1170\" \/>\n\t<meta property=\"og:image:height\" content=\"700\" \/>\n\t<meta property=\"og:image:type\" content=\"image\/jpeg\" \/>\n<meta name=\"author\" content=\"Reda\u00e7\u00e3o\" \/>\n<meta name=\"twitter:card\" content=\"summary_large_image\" \/>\n<meta name=\"twitter:creator\" content=\"@transamerica933\" \/>\n<meta name=\"twitter:site\" content=\"@transamerica933\" \/>\n<meta name=\"twitter:label1\" content=\"Escrito por\" \/>\n\t<meta name=\"twitter:data1\" content=\"Reda\u00e7\u00e3o\" \/>\n\t<meta name=\"twitter:label2\" content=\"Est. tempo de leitura\" \/>\n\t<meta name=\"twitter:data2\" content=\"4 minutos\" \/>\n<script type=\"application\/ld+json\" class=\"yoast-schema-graph\">{\"@context\":\"https:\\\/\\\/schema.org\",\"@graph\":[{\"@type\":\"Article\",\"@id\":\"https:\\\/\\\/transamerica93.com.br\\\/home\\\/contribuicao-do-mei-tem-novo-valor-com-alta-do-salario-minimo-em-2024\\\/#article\",\"isPartOf\":{\"@id\":\"https:\\\/\\\/transamerica93.com.br\\\/home\\\/contribuicao-do-mei-tem-novo-valor-com-alta-do-salario-minimo-em-2024\\\/\"},\"author\":{\"name\":\"Reda\u00e7\u00e3o\",\"@id\":\"https:\\\/\\\/transamerica93.com.br\\\/home\\\/#\\\/schema\\\/person\\\/7fed7c99c0d4562efa8561bc0f543172\"},\"headline\":\"Contribui\u00e7\u00e3o do MEI tem novo valor com alta do sal\u00e1rio m\u00ednimo em 2024\",\"datePublished\":\"2024-01-09T12:00:22+00:00\",\"mainEntityOfPage\":{\"@id\":\"https:\\\/\\\/transamerica93.com.br\\\/home\\\/contribuicao-do-mei-tem-novo-valor-com-alta-do-salario-minimo-em-2024\\\/\"},\"wordCount\":539,\"publisher\":{\"@id\":\"https:\\\/\\\/transamerica93.com.br\\\/home\\\/#organization\"},\"image\":{\"@id\":\"https:\\\/\\\/transamerica93.com.br\\\/home\\\/contribuicao-do-mei-tem-novo-valor-com-alta-do-salario-minimo-em-2024\\\/#primaryimage\"},\"thumbnailUrl\":\"https:\\\/\\\/transamerica93.com.br\\\/home\\\/wp-content\\\/uploads\\\/2023\\\/11\\\/real_moeda_dinheiro_mcajr_2904223667.jpg\",\"articleSection\":[\"Geral\"],\"inLanguage\":\"pt-BR\"},{\"@type\":\"WebPage\",\"@id\":\"https:\\\/\\\/transamerica93.com.br\\\/home\\\/contribuicao-do-mei-tem-novo-valor-com-alta-do-salario-minimo-em-2024\\\/\",\"url\":\"https:\\\/\\\/transamerica93.com.br\\\/home\\\/contribuicao-do-mei-tem-novo-valor-com-alta-do-salario-minimo-em-2024\\\/\",\"name\":\"Contribui\u00e7\u00e3o do MEI tem novo valor com alta do sal\u00e1rio m\u00ednimo em 2024 - Transam\u00e9rica Mococa 93,3\",\"isPartOf\":{\"@id\":\"https:\\\/\\\/transamerica93.com.br\\\/home\\\/#website\"},\"primaryImageOfPage\":{\"@id\":\"https:\\\/\\\/transamerica93.com.br\\\/home\\\/contribuicao-do-mei-tem-novo-valor-com-alta-do-salario-minimo-em-2024\\\/#primaryimage\"},\"image\":{\"@id\":\"https:\\\/\\\/transamerica93.com.br\\\/home\\\/contribuicao-do-mei-tem-novo-valor-com-alta-do-salario-minimo-em-2024\\\/#primaryimage\"},\"thumbnailUrl\":\"https:\\\/\\\/transamerica93.com.br\\\/home\\\/wp-content\\\/uploads\\\/2023\\\/11\\\/real_moeda_dinheiro_mcajr_2904223667.jpg\",\"datePublished\":\"2024-01-09T12:00:22+00:00\",\"breadcrumb\":{\"@id\":\"https:\\\/\\\/transamerica93.com.br\\\/home\\\/contribuicao-do-mei-tem-novo-valor-com-alta-do-salario-minimo-em-2024\\\/#breadcrumb\"},\"inLanguage\":\"pt-BR\",\"potentialAction\":[{\"@type\":\"ReadAction\",\"target\":[\"https:\\\/\\\/transamerica93.com.br\\\/home\\\/contribuicao-do-mei-tem-novo-valor-com-alta-do-salario-minimo-em-2024\\\/\"]}]},{\"@type\":\"ImageObject\",\"inLanguage\":\"pt-BR\",\"@id\":\"https:\\\/\\\/transamerica93.com.br\\\/home\\\/contribuicao-do-mei-tem-novo-valor-com-alta-do-salario-minimo-em-2024\\\/#primaryimage\",\"url\":\"https:\\\/\\\/transamerica93.com.br\\\/home\\\/wp-content\\\/uploads\\\/2023\\\/11\\\/real_moeda_dinheiro_mcajr_2904223667.jpg\",\"contentUrl\":\"https:\\\/\\\/transamerica93.com.br\\\/home\\\/wp-content\\\/uploads\\\/2023\\\/11\\\/real_moeda_dinheiro_mcajr_2904223667.jpg\",\"width\":1170,\"height\":700,\"caption\":\"\u00a9 Marcello Casal JrAg\u00eancia Brasil\"},{\"@type\":\"BreadcrumbList\",\"@id\":\"https:\\\/\\\/transamerica93.com.br\\\/home\\\/contribuicao-do-mei-tem-novo-valor-com-alta-do-salario-minimo-em-2024\\\/#breadcrumb\",\"itemListElement\":[{\"@type\":\"ListItem\",\"position\":1,\"name\":\"In\u00edcio\",\"item\":\"https:\\\/\\\/transamerica93.com.br\\\/home\\\/\"},{\"@type\":\"ListItem\",\"position\":2,\"name\":\"Contribui\u00e7\u00e3o do MEI tem novo valor com alta do sal\u00e1rio m\u00ednimo em 2024\"}]},{\"@type\":\"WebSite\",\"@id\":\"https:\\\/\\\/transamerica93.com.br\\\/home\\\/#website\",\"url\":\"https:\\\/\\\/transamerica93.com.br\\\/home\\\/\",\"name\":\"Transam\u00e9rica Mococa 93,3\",\"description\":\"\",\"publisher\":{\"@id\":\"https:\\\/\\\/transamerica93.com.br\\\/home\\\/#organization\"},\"potentialAction\":[{\"@type\":\"SearchAction\",\"target\":{\"@type\":\"EntryPoint\",\"urlTemplate\":\"https:\\\/\\\/transamerica93.com.br\\\/home\\\/?s={search_term_string}\"},\"query-input\":{\"@type\":\"PropertyValueSpecification\",\"valueRequired\":true,\"valueName\":\"search_term_string\"}}],\"inLanguage\":\"pt-BR\"},{\"@type\":\"Organization\",\"@id\":\"https:\\\/\\\/transamerica93.com.br\\\/home\\\/#organization\",\"name\":\"Transam\u00e9rica Mococa 93,3\",\"url\":\"https:\\\/\\\/transamerica93.com.br\\\/home\\\/\",\"logo\":{\"@type\":\"ImageObject\",\"inLanguage\":\"pt-BR\",\"@id\":\"https:\\\/\\\/transamerica93.com.br\\\/home\\\/#\\\/schema\\\/logo\\\/image\\\/\",\"url\":\"https:\\\/\\\/transamerica93.com.br\\\/home\\\/wp-content\\\/uploads\\\/2023\\\/10\\\/logo2.png\",\"contentUrl\":\"https:\\\/\\\/transamerica93.com.br\\\/home\\\/wp-content\\\/uploads\\\/2023\\\/10\\\/logo2.png\",\"width\":800,\"height\":500,\"caption\":\"Transam\u00e9rica Mococa 93,3\"},\"image\":{\"@id\":\"https:\\\/\\\/transamerica93.com.br\\\/home\\\/#\\\/schema\\\/logo\\\/image\\\/\"},\"sameAs\":[\"https:\\\/\\\/www.facebook.com\\\/transamericamococa\",\"https:\\\/\\\/x.com\\\/transamerica933\",\"https:\\\/\\\/www.instagram.com\\\/transamericamococa\"]},{\"@type\":\"Person\",\"@id\":\"https:\\\/\\\/transamerica93.com.br\\\/home\\\/#\\\/schema\\\/person\\\/7fed7c99c0d4562efa8561bc0f543172\",\"name\":\"Reda\u00e7\u00e3o\",\"image\":{\"@type\":\"ImageObject\",\"inLanguage\":\"pt-BR\",\"@id\":\"https:\\\/\\\/secure.gravatar.com\\\/avatar\\\/1072c6b775fb02ef8506ce967551d95926669a6b7d2c2147b42eea4d7c68395e?s=96&d=mm&r=g\",\"url\":\"https:\\\/\\\/secure.gravatar.com\\\/avatar\\\/1072c6b775fb02ef8506ce967551d95926669a6b7d2c2147b42eea4d7c68395e?s=96&d=mm&r=g\",\"contentUrl\":\"https:\\\/\\\/secure.gravatar.com\\\/avatar\\\/1072c6b775fb02ef8506ce967551d95926669a6b7d2c2147b42eea4d7c68395e?s=96&d=mm&r=g\",\"caption\":\"Reda\u00e7\u00e3o\"},\"sameAs\":[\"https:\\\/\\\/transamerica93.com.br\\\/home\"],\"url\":\"https:\\\/\\\/transamerica93.com.br\\\/home\\\/author\\\/william\\\/\"}]}<\/script>\n<!-- \/ Yoast SEO plugin. -->","yoast_head_json":{"title":"Contribui\u00e7\u00e3o do MEI tem novo valor com alta do sal\u00e1rio m\u00ednimo em 2024 - Transam\u00e9rica Mococa 93,3","robots":{"index":"index","follow":"follow","max-snippet":"max-snippet:-1","max-image-preview":"max-image-preview:large","max-video-preview":"max-video-preview:-1"},"canonical":"https:\/\/transamerica93.com.br\/home\/contribuicao-do-mei-tem-novo-valor-com-alta-do-salario-minimo-em-2024\/","og_locale":"pt_BR","og_type":"article","og_title":"Contribui\u00e7\u00e3o do MEI tem novo valor com alta do sal\u00e1rio m\u00ednimo em 2024 - Transam\u00e9rica Mococa 93,3","og_description":"O reajuste do sal\u00e1rio m\u00ednimo para R$ 1.412 &#8211; a partir de 1\u00ba de janeiro de 2024 &#8211; tamb\u00e9m alterou o pagamento de impostos \u00e0 Receita Federal, incluindo a contribui\u00e7\u00e3o mensal do Microempreendedor Individual (MEI). Os novos valores come\u00e7am a valer nos boletos com vencimento em 20 de fevereiro, referentes \u00e0 compet\u00eancia de janeiro.\u00a0 Em &hellip;","og_url":"https:\/\/transamerica93.com.br\/home\/contribuicao-do-mei-tem-novo-valor-com-alta-do-salario-minimo-em-2024\/","og_site_name":"Transam\u00e9rica Mococa 93,3","article_publisher":"https:\/\/www.facebook.com\/transamericamococa","article_published_time":"2024-01-09T12:00:22+00:00","og_image":[{"width":1170,"height":700,"url":"https:\/\/transamerica93.com.br\/home\/wp-content\/uploads\/2023\/11\/real_moeda_dinheiro_mcajr_2904223667.jpg","type":"image\/jpeg"}],"author":"Reda\u00e7\u00e3o","twitter_card":"summary_large_image","twitter_creator":"@transamerica933","twitter_site":"@transamerica933","twitter_misc":{"Escrito por":"Reda\u00e7\u00e3o","Est. tempo de leitura":"4 minutos"},"schema":{"@context":"https:\/\/schema.org","@graph":[{"@type":"Article","@id":"https:\/\/transamerica93.com.br\/home\/contribuicao-do-mei-tem-novo-valor-com-alta-do-salario-minimo-em-2024\/#article","isPartOf":{"@id":"https:\/\/transamerica93.com.br\/home\/contribuicao-do-mei-tem-novo-valor-com-alta-do-salario-minimo-em-2024\/"},"author":{"name":"Reda\u00e7\u00e3o","@id":"https:\/\/transamerica93.com.br\/home\/#\/schema\/person\/7fed7c99c0d4562efa8561bc0f543172"},"headline":"Contribui\u00e7\u00e3o do MEI tem novo valor com alta do sal\u00e1rio m\u00ednimo em 2024","datePublished":"2024-01-09T12:00:22+00:00","mainEntityOfPage":{"@id":"https:\/\/transamerica93.com.br\/home\/contribuicao-do-mei-tem-novo-valor-com-alta-do-salario-minimo-em-2024\/"},"wordCount":539,"publisher":{"@id":"https:\/\/transamerica93.com.br\/home\/#organization"},"image":{"@id":"https:\/\/transamerica93.com.br\/home\/contribuicao-do-mei-tem-novo-valor-com-alta-do-salario-minimo-em-2024\/#primaryimage"},"thumbnailUrl":"https:\/\/transamerica93.com.br\/home\/wp-content\/uploads\/2023\/11\/real_moeda_dinheiro_mcajr_2904223667.jpg","articleSection":["Geral"],"inLanguage":"pt-BR"},{"@type":"WebPage","@id":"https:\/\/transamerica93.com.br\/home\/contribuicao-do-mei-tem-novo-valor-com-alta-do-salario-minimo-em-2024\/","url":"https:\/\/transamerica93.com.br\/home\/contribuicao-do-mei-tem-novo-valor-com-alta-do-salario-minimo-em-2024\/","name":"Contribui\u00e7\u00e3o do MEI tem novo valor com alta do sal\u00e1rio m\u00ednimo em 2024 - Transam\u00e9rica Mococa 93,3","isPartOf":{"@id":"https:\/\/transamerica93.com.br\/home\/#website"},"primaryImageOfPage":{"@id":"https:\/\/transamerica93.com.br\/home\/contribuicao-do-mei-tem-novo-valor-com-alta-do-salario-minimo-em-2024\/#primaryimage"},"image":{"@id":"https:\/\/transamerica93.com.br\/home\/contribuicao-do-mei-tem-novo-valor-com-alta-do-salario-minimo-em-2024\/#primaryimage"},"thumbnailUrl":"https:\/\/transamerica93.com.br\/home\/wp-content\/uploads\/2023\/11\/real_moeda_dinheiro_mcajr_2904223667.jpg","datePublished":"2024-01-09T12:00:22+00:00","breadcrumb":{"@id":"https:\/\/transamerica93.com.br\/home\/contribuicao-do-mei-tem-novo-valor-com-alta-do-salario-minimo-em-2024\/#breadcrumb"},"inLanguage":"pt-BR","potentialAction":[{"@type":"ReadAction","target":["https:\/\/transamerica93.com.br\/home\/contribuicao-do-mei-tem-novo-valor-com-alta-do-salario-minimo-em-2024\/"]}]},{"@type":"ImageObject","inLanguage":"pt-BR","@id":"https:\/\/transamerica93.com.br\/home\/contribuicao-do-mei-tem-novo-valor-com-alta-do-salario-minimo-em-2024\/#primaryimage","url":"https:\/\/transamerica93.com.br\/home\/wp-content\/uploads\/2023\/11\/real_moeda_dinheiro_mcajr_2904223667.jpg","contentUrl":"https:\/\/transamerica93.com.br\/home\/wp-content\/uploads\/2023\/11\/real_moeda_dinheiro_mcajr_2904223667.jpg","width":1170,"height":700,"caption":"\u00a9 Marcello Casal JrAg\u00eancia Brasil"},{"@type":"BreadcrumbList","@id":"https:\/\/transamerica93.com.br\/home\/contribuicao-do-mei-tem-novo-valor-com-alta-do-salario-minimo-em-2024\/#breadcrumb","itemListElement":[{"@type":"ListItem","position":1,"name":"In\u00edcio","item":"https:\/\/transamerica93.com.br\/home\/"},{"@type":"ListItem","position":2,"name":"Contribui\u00e7\u00e3o do MEI tem novo valor com alta do sal\u00e1rio m\u00ednimo em 2024"}]},{"@type":"WebSite","@id":"https:\/\/transamerica93.com.br\/home\/#website","url":"https:\/\/transamerica93.com.br\/home\/","name":"Transam\u00e9rica Mococa 93,3","description":"","publisher":{"@id":"https:\/\/transamerica93.com.br\/home\/#organization"},"potentialAction":[{"@type":"SearchAction","target":{"@type":"EntryPoint","urlTemplate":"https:\/\/transamerica93.com.br\/home\/?s={search_term_string}"},"query-input":{"@type":"PropertyValueSpecification","valueRequired":true,"valueName":"search_term_string"}}],"inLanguage":"pt-BR"},{"@type":"Organization","@id":"https:\/\/transamerica93.com.br\/home\/#organization","name":"Transam\u00e9rica Mococa 93,3","url":"https:\/\/transamerica93.com.br\/home\/","logo":{"@type":"ImageObject","inLanguage":"pt-BR","@id":"https:\/\/transamerica93.com.br\/home\/#\/schema\/logo\/image\/","url":"https:\/\/transamerica93.com.br\/home\/wp-content\/uploads\/2023\/10\/logo2.png","contentUrl":"https:\/\/transamerica93.com.br\/home\/wp-content\/uploads\/2023\/10\/logo2.png","width":800,"height":500,"caption":"Transam\u00e9rica Mococa 93,3"},"image":{"@id":"https:\/\/transamerica93.com.br\/home\/#\/schema\/logo\/image\/"},"sameAs":["https:\/\/www.facebook.com\/transamericamococa","https:\/\/x.com\/transamerica933","https:\/\/www.instagram.com\/transamericamococa"]},{"@type":"Person","@id":"https:\/\/transamerica93.com.br\/home\/#\/schema\/person\/7fed7c99c0d4562efa8561bc0f543172","name":"Reda\u00e7\u00e3o","image":{"@type":"ImageObject","inLanguage":"pt-BR","@id":"https:\/\/secure.gravatar.com\/avatar\/1072c6b775fb02ef8506ce967551d95926669a6b7d2c2147b42eea4d7c68395e?s=96&d=mm&r=g","url":"https:\/\/secure.gravatar.com\/avatar\/1072c6b775fb02ef8506ce967551d95926669a6b7d2c2147b42eea4d7c68395e?s=96&d=mm&r=g","contentUrl":"https:\/\/secure.gravatar.com\/avatar\/1072c6b775fb02ef8506ce967551d95926669a6b7d2c2147b42eea4d7c68395e?s=96&d=mm&r=g","caption":"Reda\u00e7\u00e3o"},"sameAs":["https:\/\/transamerica93.com.br\/home"],"url":"https:\/\/transamerica93.com.br\/home\/author\/william\/"}]}},"_links":{"self":[{"href":"https:\/\/transamerica93.com.br\/home\/wp-json\/wp\/v2\/posts\/2285","targetHints":{"allow":["GET"]}}],"collection":[{"href":"https:\/\/transamerica93.com.br\/home\/wp-json\/wp\/v2\/posts"}],"about":[{"href":"https:\/\/transamerica93.com.br\/home\/wp-json\/wp\/v2\/types\/post"}],"author":[{"embeddable":true,"href":"https:\/\/transamerica93.com.br\/home\/wp-json\/wp\/v2\/users\/1"}],"replies":[{"embeddable":true,"href":"https:\/\/transamerica93.com.br\/home\/wp-json\/wp\/v2\/comments?post=2285"}],"version-history":[{"count":1,"href":"https:\/\/transamerica93.com.br\/home\/wp-json\/wp\/v2\/posts\/2285\/revisions"}],"predecessor-version":[{"id":2286,"href":"https:\/\/transamerica93.com.br\/home\/wp-json\/wp\/v2\/posts\/2285\/revisions\/2286"}],"wp:featuredmedia":[{"embeddable":true,"href":"https:\/\/transamerica93.com.br\/home\/wp-json\/wp\/v2\/media\/1987"}],"wp:attachment":[{"href":"https:\/\/transamerica93.com.br\/home\/wp-json\/wp\/v2\/media?parent=2285"}],"wp:term":[{"taxonomy":"category","embeddable":true,"href":"https:\/\/transamerica93.com.br\/home\/wp-json\/wp\/v2\/categories?post=2285"},{"taxonomy":"post_tag","embeddable":true,"href":"https:\/\/transamerica93.com.br\/home\/wp-json\/wp\/v2\/tags?post=2285"}],"curies":[{"name":"wp","href":"https:\/\/api.w.org\/{rel}","templated":true}]}}