{"id":2289,"date":"2024-01-11T09:00:05","date_gmt":"2024-01-11T12:00:05","guid":{"rendered":"https:\/\/transamerica93.com.br\/home\/?p=2289"},"modified":"2024-01-05T19:41:06","modified_gmt":"2024-01-05T22:41:06","slug":"prazo-para-pedir-dispensa-de-prova-do-enade-2023-ja-comecou","status":"publish","type":"post","link":"https:\/\/transamerica93.com.br\/home\/prazo-para-pedir-dispensa-de-prova-do-enade-2023-ja-comecou\/","title":{"rendered":"Prazo para pedir dispensa de prova do Enade 2023 j\u00e1 come\u00e7ou"},"content":{"rendered":"<div class=\"post-item-wrap\">\n<p>J\u00e1 est\u00e1 aberto o prazo para solicitar dispensa da prova do Exame Nacional de Desempenho dos Estudantes (Enade) 2023. O pedido deve ser feito at\u00e9 o dia 9 de fevereiro, por meio do\u00a0<a href=\"https:\/\/enade.inep.gov.br\/enade\/#!\/index%C2%A0\" target=\"_blank\" rel=\"noopener\">Sistema Enade<\/a>, pelo estudante ou pela institui\u00e7\u00e3o de educa\u00e7\u00e3o superior, a depender da motiva\u00e7\u00e3o da aus\u00eancia. De acordo com o Minist\u00e9rio da Educa\u00e7\u00e3o, em ambas as situa\u00e7\u00f5es, \u00e9 preciso comprovar o motivo da falta, mediante documenta\u00e7\u00e3o, conforme as exig\u00eancias previstas em edital.\u00a0<img decoding=\"async\" data-src=\"https:\/\/agenciabrasil.ebc.com.br\/ebc.png?id=1575256&amp;o=node\" src=\"data:image\/svg+xml;base64,PHN2ZyB3aWR0aD0iMSIgaGVpZ2h0PSIxIiB4bWxucz0iaHR0cDovL3d3dy53My5vcmcvMjAwMC9zdmciPjwvc3ZnPg==\" class=\"lazyload\" \/><img decoding=\"async\" data-src=\"https:\/\/agenciabrasil.ebc.com.br\/ebc.gif?id=1575256&amp;o=node\" src=\"data:image\/svg+xml;base64,PHN2ZyB3aWR0aD0iMSIgaGVpZ2h0PSIxIiB4bWxucz0iaHR0cDovL3d3dy53My5vcmcvMjAwMC9zdmciPjwvc3ZnPg==\" class=\"lazyload\" \/><\/p>\n<p>\u201cO estudante pode solicitar a dispensa da prova, mas precisa ter cumprido o requisito de preencher o Question\u00e1rio do Estudante\u201d, destacou a pasta. Entre as situa\u00e7\u00f5es previstas como justificativa de aus\u00eancia est\u00e3o\u00a0acidente, assalto, casamento, extravio, perda, furto ou roubo de documento de identifica\u00e7\u00e3o, luto, quest\u00f5es relacionadas \u00e0 sa\u00fade, \u00e0 maternidade ou \u00e0 paternidade, al\u00e9m de compromissos profissionais e priva\u00e7\u00e3o de liberdade.<\/p>\n<p>\u201cCabe pontuar que pessoas eliminadas do exame no local de aplica\u00e7\u00e3o n\u00e3o podem solicitar a dispensa\u201d, refor\u00e7ou o minist\u00e9rio. Casos de aus\u00eancia decorrentes de motivos pessoais ou profissionais devem ser registrados pelos estudantes e analisados pelos respectivos coordenadores de curso. J\u00e1 os casos de aus\u00eancia por compromissos acad\u00eamicos vinculados ao curso avaliado devem ser registrados pelos coordenadores.<\/p>\n<h2>Enade<\/h2>\n<p>Realizado anualmente pelo Instituto Nacional de Estudos e Pesquisas Educacionais An\u00edsio Teixeira (Inep), o exame avalia o rendimento dos concluintes dos cursos de gradua\u00e7\u00e3o em rela\u00e7\u00e3o aos conte\u00fados program\u00e1ticos previstos nas diretrizes curriculares, o desenvolvimento de compet\u00eancias e habilidades necess\u00e1rias ao aprofundamento da forma\u00e7\u00e3o geral e profissional, bem como o n\u00edvel de atualiza\u00e7\u00e3o dos estudantes com rela\u00e7\u00e3o \u00e0 realidade brasileira e mundial.<\/p>\n<p>A inscri\u00e7\u00e3o \u00e9 obrigat\u00f3ria para ingressantes e concluintes de cursos de bacharelado, superiores de tecnologia e licenciaturas vinculados \u00e0s \u00e1reas avaliadas.<\/p>\n<\/div>\n<p class=\"alt-font font-italic my-2 small text-info\">Edi\u00e7\u00e3o: Gra\u00e7a Adjuto<\/p>\n","protected":false},"excerpt":{"rendered":"<p>J\u00e1 est\u00e1 aberto o prazo para solicitar dispensa da prova do Exame Nacional de Desempenho dos Estudantes (Enade) 2023. O pedido deve ser feito at\u00e9 o dia 9 de fevereiro, por meio do\u00a0Sistema Enade, pelo estudante ou pela institui\u00e7\u00e3o de educa\u00e7\u00e3o superior, a depender da motiva\u00e7\u00e3o da aus\u00eancia. De acordo com o Minist\u00e9rio da Educa\u00e7\u00e3o, &hellip;<\/p>\n","protected":false},"author":1,"featured_media":2290,"comment_status":"closed","ping_status":"closed","sticky":false,"template":"","format":"standard","meta":{"footnotes":""},"categories":[30],"tags":[],"class_list":["post-2289","post","type-post","status-publish","format-standard","has-post-thumbnail","hentry","category-geral"],"yoast_head":"<!-- This site is optimized with the Yoast SEO plugin v27.4 - https:\/\/yoast.com\/product\/yoast-seo-wordpress\/ -->\n<title>Prazo para pedir dispensa de prova do Enade 2023 j\u00e1 come\u00e7ou - Transam\u00e9rica Mococa 93,3<\/title>\n<meta name=\"robots\" content=\"index, follow, max-snippet:-1, max-image-preview:large, max-video-preview:-1\" \/>\n<link rel=\"canonical\" href=\"https:\/\/transamerica93.com.br\/home\/prazo-para-pedir-dispensa-de-prova-do-enade-2023-ja-comecou\/\" \/>\n<meta property=\"og:locale\" content=\"pt_BR\" \/>\n<meta property=\"og:type\" content=\"article\" \/>\n<meta property=\"og:title\" content=\"Prazo para pedir dispensa de prova do Enade 2023 j\u00e1 come\u00e7ou - Transam\u00e9rica Mococa 93,3\" \/>\n<meta property=\"og:description\" content=\"J\u00e1 est\u00e1 aberto o prazo para solicitar dispensa da prova do Exame Nacional de Desempenho dos Estudantes (Enade) 2023. O pedido deve ser feito at\u00e9 o dia 9 de fevereiro, por meio do\u00a0Sistema Enade, pelo estudante ou pela institui\u00e7\u00e3o de educa\u00e7\u00e3o superior, a depender da motiva\u00e7\u00e3o da aus\u00eancia. De acordo com o Minist\u00e9rio da Educa\u00e7\u00e3o, &hellip;\" \/>\n<meta property=\"og:url\" content=\"https:\/\/transamerica93.com.br\/home\/prazo-para-pedir-dispensa-de-prova-do-enade-2023-ja-comecou\/\" \/>\n<meta property=\"og:site_name\" content=\"Transam\u00e9rica Mococa 93,3\" \/>\n<meta property=\"article:publisher\" content=\"https:\/\/www.facebook.com\/transamericamococa\" \/>\n<meta property=\"article:published_time\" content=\"2024-01-11T12:00:05+00:00\" \/>\n<meta property=\"og:image\" content=\"https:\/\/transamerica93.com.br\/home\/wp-content\/uploads\/2024\/01\/imagem-13.jpg\" \/>\n\t<meta property=\"og:image:width\" content=\"1170\" \/>\n\t<meta property=\"og:image:height\" content=\"700\" \/>\n\t<meta property=\"og:image:type\" content=\"image\/jpeg\" \/>\n<meta name=\"author\" content=\"Reda\u00e7\u00e3o\" \/>\n<meta name=\"twitter:card\" content=\"summary_large_image\" \/>\n<meta name=\"twitter:creator\" content=\"@transamerica933\" \/>\n<meta name=\"twitter:site\" content=\"@transamerica933\" \/>\n<meta name=\"twitter:label1\" content=\"Escrito por\" \/>\n\t<meta name=\"twitter:data1\" content=\"Reda\u00e7\u00e3o\" \/>\n\t<meta name=\"twitter:label2\" content=\"Est. tempo de leitura\" \/>\n\t<meta name=\"twitter:data2\" content=\"3 minutos\" \/>\n<script type=\"application\/ld+json\" class=\"yoast-schema-graph\">{\"@context\":\"https:\\\/\\\/schema.org\",\"@graph\":[{\"@type\":\"Article\",\"@id\":\"https:\\\/\\\/transamerica93.com.br\\\/home\\\/prazo-para-pedir-dispensa-de-prova-do-enade-2023-ja-comecou\\\/#article\",\"isPartOf\":{\"@id\":\"https:\\\/\\\/transamerica93.com.br\\\/home\\\/prazo-para-pedir-dispensa-de-prova-do-enade-2023-ja-comecou\\\/\"},\"author\":{\"name\":\"Reda\u00e7\u00e3o\",\"@id\":\"https:\\\/\\\/transamerica93.com.br\\\/home\\\/#\\\/schema\\\/person\\\/7fed7c99c0d4562efa8561bc0f543172\"},\"headline\":\"Prazo para pedir dispensa de prova do Enade 2023 j\u00e1 come\u00e7ou\",\"datePublished\":\"2024-01-11T12:00:05+00:00\",\"mainEntityOfPage\":{\"@id\":\"https:\\\/\\\/transamerica93.com.br\\\/home\\\/prazo-para-pedir-dispensa-de-prova-do-enade-2023-ja-comecou\\\/\"},\"wordCount\":324,\"publisher\":{\"@id\":\"https:\\\/\\\/transamerica93.com.br\\\/home\\\/#organization\"},\"image\":{\"@id\":\"https:\\\/\\\/transamerica93.com.br\\\/home\\\/prazo-para-pedir-dispensa-de-prova-do-enade-2023-ja-comecou\\\/#primaryimage\"},\"thumbnailUrl\":\"https:\\\/\\\/transamerica93.com.br\\\/home\\\/wp-content\\\/uploads\\\/2024\\\/01\\\/imagem-13.jpg\",\"articleSection\":[\"Geral\"],\"inLanguage\":\"pt-BR\"},{\"@type\":\"WebPage\",\"@id\":\"https:\\\/\\\/transamerica93.com.br\\\/home\\\/prazo-para-pedir-dispensa-de-prova-do-enade-2023-ja-comecou\\\/\",\"url\":\"https:\\\/\\\/transamerica93.com.br\\\/home\\\/prazo-para-pedir-dispensa-de-prova-do-enade-2023-ja-comecou\\\/\",\"name\":\"Prazo para pedir dispensa de prova do Enade 2023 j\u00e1 come\u00e7ou - Transam\u00e9rica Mococa 93,3\",\"isPartOf\":{\"@id\":\"https:\\\/\\\/transamerica93.com.br\\\/home\\\/#website\"},\"primaryImageOfPage\":{\"@id\":\"https:\\\/\\\/transamerica93.com.br\\\/home\\\/prazo-para-pedir-dispensa-de-prova-do-enade-2023-ja-comecou\\\/#primaryimage\"},\"image\":{\"@id\":\"https:\\\/\\\/transamerica93.com.br\\\/home\\\/prazo-para-pedir-dispensa-de-prova-do-enade-2023-ja-comecou\\\/#primaryimage\"},\"thumbnailUrl\":\"https:\\\/\\\/transamerica93.com.br\\\/home\\\/wp-content\\\/uploads\\\/2024\\\/01\\\/imagem-13.jpg\",\"datePublished\":\"2024-01-11T12:00:05+00:00\",\"breadcrumb\":{\"@id\":\"https:\\\/\\\/transamerica93.com.br\\\/home\\\/prazo-para-pedir-dispensa-de-prova-do-enade-2023-ja-comecou\\\/#breadcrumb\"},\"inLanguage\":\"pt-BR\",\"potentialAction\":[{\"@type\":\"ReadAction\",\"target\":[\"https:\\\/\\\/transamerica93.com.br\\\/home\\\/prazo-para-pedir-dispensa-de-prova-do-enade-2023-ja-comecou\\\/\"]}]},{\"@type\":\"ImageObject\",\"inLanguage\":\"pt-BR\",\"@id\":\"https:\\\/\\\/transamerica93.com.br\\\/home\\\/prazo-para-pedir-dispensa-de-prova-do-enade-2023-ja-comecou\\\/#primaryimage\",\"url\":\"https:\\\/\\\/transamerica93.com.br\\\/home\\\/wp-content\\\/uploads\\\/2024\\\/01\\\/imagem-13.jpg\",\"contentUrl\":\"https:\\\/\\\/transamerica93.com.br\\\/home\\\/wp-content\\\/uploads\\\/2024\\\/01\\\/imagem-13.jpg\",\"width\":1170,\"height\":700,\"caption\":\"\u00a9 Antonio Cruz\\\/ Ag\u00eancia Brasil\"},{\"@type\":\"BreadcrumbList\",\"@id\":\"https:\\\/\\\/transamerica93.com.br\\\/home\\\/prazo-para-pedir-dispensa-de-prova-do-enade-2023-ja-comecou\\\/#breadcrumb\",\"itemListElement\":[{\"@type\":\"ListItem\",\"position\":1,\"name\":\"In\u00edcio\",\"item\":\"https:\\\/\\\/transamerica93.com.br\\\/home\\\/\"},{\"@type\":\"ListItem\",\"position\":2,\"name\":\"Prazo para pedir dispensa de prova do Enade 2023 j\u00e1 come\u00e7ou\"}]},{\"@type\":\"WebSite\",\"@id\":\"https:\\\/\\\/transamerica93.com.br\\\/home\\\/#website\",\"url\":\"https:\\\/\\\/transamerica93.com.br\\\/home\\\/\",\"name\":\"Transam\u00e9rica Mococa 93,3\",\"description\":\"\",\"publisher\":{\"@id\":\"https:\\\/\\\/transamerica93.com.br\\\/home\\\/#organization\"},\"potentialAction\":[{\"@type\":\"SearchAction\",\"target\":{\"@type\":\"EntryPoint\",\"urlTemplate\":\"https:\\\/\\\/transamerica93.com.br\\\/home\\\/?s={search_term_string}\"},\"query-input\":{\"@type\":\"PropertyValueSpecification\",\"valueRequired\":true,\"valueName\":\"search_term_string\"}}],\"inLanguage\":\"pt-BR\"},{\"@type\":\"Organization\",\"@id\":\"https:\\\/\\\/transamerica93.com.br\\\/home\\\/#organization\",\"name\":\"Transam\u00e9rica Mococa 93,3\",\"url\":\"https:\\\/\\\/transamerica93.com.br\\\/home\\\/\",\"logo\":{\"@type\":\"ImageObject\",\"inLanguage\":\"pt-BR\",\"@id\":\"https:\\\/\\\/transamerica93.com.br\\\/home\\\/#\\\/schema\\\/logo\\\/image\\\/\",\"url\":\"https:\\\/\\\/transamerica93.com.br\\\/home\\\/wp-content\\\/uploads\\\/2023\\\/10\\\/logo2.png\",\"contentUrl\":\"https:\\\/\\\/transamerica93.com.br\\\/home\\\/wp-content\\\/uploads\\\/2023\\\/10\\\/logo2.png\",\"width\":800,\"height\":500,\"caption\":\"Transam\u00e9rica Mococa 93,3\"},\"image\":{\"@id\":\"https:\\\/\\\/transamerica93.com.br\\\/home\\\/#\\\/schema\\\/logo\\\/image\\\/\"},\"sameAs\":[\"https:\\\/\\\/www.facebook.com\\\/transamericamococa\",\"https:\\\/\\\/x.com\\\/transamerica933\",\"https:\\\/\\\/www.instagram.com\\\/transamericamococa\"]},{\"@type\":\"Person\",\"@id\":\"https:\\\/\\\/transamerica93.com.br\\\/home\\\/#\\\/schema\\\/person\\\/7fed7c99c0d4562efa8561bc0f543172\",\"name\":\"Reda\u00e7\u00e3o\",\"image\":{\"@type\":\"ImageObject\",\"inLanguage\":\"pt-BR\",\"@id\":\"https:\\\/\\\/secure.gravatar.com\\\/avatar\\\/1072c6b775fb02ef8506ce967551d95926669a6b7d2c2147b42eea4d7c68395e?s=96&d=mm&r=g\",\"url\":\"https:\\\/\\\/secure.gravatar.com\\\/avatar\\\/1072c6b775fb02ef8506ce967551d95926669a6b7d2c2147b42eea4d7c68395e?s=96&d=mm&r=g\",\"contentUrl\":\"https:\\\/\\\/secure.gravatar.com\\\/avatar\\\/1072c6b775fb02ef8506ce967551d95926669a6b7d2c2147b42eea4d7c68395e?s=96&d=mm&r=g\",\"caption\":\"Reda\u00e7\u00e3o\"},\"sameAs\":[\"https:\\\/\\\/transamerica93.com.br\\\/home\"],\"url\":\"https:\\\/\\\/transamerica93.com.br\\\/home\\\/author\\\/william\\\/\"}]}<\/script>\n<!-- \/ Yoast SEO plugin. -->","yoast_head_json":{"title":"Prazo para pedir dispensa de prova do Enade 2023 j\u00e1 come\u00e7ou - Transam\u00e9rica Mococa 93,3","robots":{"index":"index","follow":"follow","max-snippet":"max-snippet:-1","max-image-preview":"max-image-preview:large","max-video-preview":"max-video-preview:-1"},"canonical":"https:\/\/transamerica93.com.br\/home\/prazo-para-pedir-dispensa-de-prova-do-enade-2023-ja-comecou\/","og_locale":"pt_BR","og_type":"article","og_title":"Prazo para pedir dispensa de prova do Enade 2023 j\u00e1 come\u00e7ou - Transam\u00e9rica Mococa 93,3","og_description":"J\u00e1 est\u00e1 aberto o prazo para solicitar dispensa da prova do Exame Nacional de Desempenho dos Estudantes (Enade) 2023. O pedido deve ser feito at\u00e9 o dia 9 de fevereiro, por meio do\u00a0Sistema Enade, pelo estudante ou pela institui\u00e7\u00e3o de educa\u00e7\u00e3o superior, a depender da motiva\u00e7\u00e3o da aus\u00eancia. De acordo com o Minist\u00e9rio da Educa\u00e7\u00e3o, &hellip;","og_url":"https:\/\/transamerica93.com.br\/home\/prazo-para-pedir-dispensa-de-prova-do-enade-2023-ja-comecou\/","og_site_name":"Transam\u00e9rica Mococa 93,3","article_publisher":"https:\/\/www.facebook.com\/transamericamococa","article_published_time":"2024-01-11T12:00:05+00:00","og_image":[{"width":1170,"height":700,"url":"https:\/\/transamerica93.com.br\/home\/wp-content\/uploads\/2024\/01\/imagem-13.jpg","type":"image\/jpeg"}],"author":"Reda\u00e7\u00e3o","twitter_card":"summary_large_image","twitter_creator":"@transamerica933","twitter_site":"@transamerica933","twitter_misc":{"Escrito por":"Reda\u00e7\u00e3o","Est. tempo de leitura":"3 minutos"},"schema":{"@context":"https:\/\/schema.org","@graph":[{"@type":"Article","@id":"https:\/\/transamerica93.com.br\/home\/prazo-para-pedir-dispensa-de-prova-do-enade-2023-ja-comecou\/#article","isPartOf":{"@id":"https:\/\/transamerica93.com.br\/home\/prazo-para-pedir-dispensa-de-prova-do-enade-2023-ja-comecou\/"},"author":{"name":"Reda\u00e7\u00e3o","@id":"https:\/\/transamerica93.com.br\/home\/#\/schema\/person\/7fed7c99c0d4562efa8561bc0f543172"},"headline":"Prazo para pedir dispensa de prova do Enade 2023 j\u00e1 come\u00e7ou","datePublished":"2024-01-11T12:00:05+00:00","mainEntityOfPage":{"@id":"https:\/\/transamerica93.com.br\/home\/prazo-para-pedir-dispensa-de-prova-do-enade-2023-ja-comecou\/"},"wordCount":324,"publisher":{"@id":"https:\/\/transamerica93.com.br\/home\/#organization"},"image":{"@id":"https:\/\/transamerica93.com.br\/home\/prazo-para-pedir-dispensa-de-prova-do-enade-2023-ja-comecou\/#primaryimage"},"thumbnailUrl":"https:\/\/transamerica93.com.br\/home\/wp-content\/uploads\/2024\/01\/imagem-13.jpg","articleSection":["Geral"],"inLanguage":"pt-BR"},{"@type":"WebPage","@id":"https:\/\/transamerica93.com.br\/home\/prazo-para-pedir-dispensa-de-prova-do-enade-2023-ja-comecou\/","url":"https:\/\/transamerica93.com.br\/home\/prazo-para-pedir-dispensa-de-prova-do-enade-2023-ja-comecou\/","name":"Prazo para pedir dispensa de prova do Enade 2023 j\u00e1 come\u00e7ou - Transam\u00e9rica Mococa 93,3","isPartOf":{"@id":"https:\/\/transamerica93.com.br\/home\/#website"},"primaryImageOfPage":{"@id":"https:\/\/transamerica93.com.br\/home\/prazo-para-pedir-dispensa-de-prova-do-enade-2023-ja-comecou\/#primaryimage"},"image":{"@id":"https:\/\/transamerica93.com.br\/home\/prazo-para-pedir-dispensa-de-prova-do-enade-2023-ja-comecou\/#primaryimage"},"thumbnailUrl":"https:\/\/transamerica93.com.br\/home\/wp-content\/uploads\/2024\/01\/imagem-13.jpg","datePublished":"2024-01-11T12:00:05+00:00","breadcrumb":{"@id":"https:\/\/transamerica93.com.br\/home\/prazo-para-pedir-dispensa-de-prova-do-enade-2023-ja-comecou\/#breadcrumb"},"inLanguage":"pt-BR","potentialAction":[{"@type":"ReadAction","target":["https:\/\/transamerica93.com.br\/home\/prazo-para-pedir-dispensa-de-prova-do-enade-2023-ja-comecou\/"]}]},{"@type":"ImageObject","inLanguage":"pt-BR","@id":"https:\/\/transamerica93.com.br\/home\/prazo-para-pedir-dispensa-de-prova-do-enade-2023-ja-comecou\/#primaryimage","url":"https:\/\/transamerica93.com.br\/home\/wp-content\/uploads\/2024\/01\/imagem-13.jpg","contentUrl":"https:\/\/transamerica93.com.br\/home\/wp-content\/uploads\/2024\/01\/imagem-13.jpg","width":1170,"height":700,"caption":"\u00a9 Antonio Cruz\/ Ag\u00eancia Brasil"},{"@type":"BreadcrumbList","@id":"https:\/\/transamerica93.com.br\/home\/prazo-para-pedir-dispensa-de-prova-do-enade-2023-ja-comecou\/#breadcrumb","itemListElement":[{"@type":"ListItem","position":1,"name":"In\u00edcio","item":"https:\/\/transamerica93.com.br\/home\/"},{"@type":"ListItem","position":2,"name":"Prazo para pedir dispensa de prova do Enade 2023 j\u00e1 come\u00e7ou"}]},{"@type":"WebSite","@id":"https:\/\/transamerica93.com.br\/home\/#website","url":"https:\/\/transamerica93.com.br\/home\/","name":"Transam\u00e9rica Mococa 93,3","description":"","publisher":{"@id":"https:\/\/transamerica93.com.br\/home\/#organization"},"potentialAction":[{"@type":"SearchAction","target":{"@type":"EntryPoint","urlTemplate":"https:\/\/transamerica93.com.br\/home\/?s={search_term_string}"},"query-input":{"@type":"PropertyValueSpecification","valueRequired":true,"valueName":"search_term_string"}}],"inLanguage":"pt-BR"},{"@type":"Organization","@id":"https:\/\/transamerica93.com.br\/home\/#organization","name":"Transam\u00e9rica Mococa 93,3","url":"https:\/\/transamerica93.com.br\/home\/","logo":{"@type":"ImageObject","inLanguage":"pt-BR","@id":"https:\/\/transamerica93.com.br\/home\/#\/schema\/logo\/image\/","url":"https:\/\/transamerica93.com.br\/home\/wp-content\/uploads\/2023\/10\/logo2.png","contentUrl":"https:\/\/transamerica93.com.br\/home\/wp-content\/uploads\/2023\/10\/logo2.png","width":800,"height":500,"caption":"Transam\u00e9rica Mococa 93,3"},"image":{"@id":"https:\/\/transamerica93.com.br\/home\/#\/schema\/logo\/image\/"},"sameAs":["https:\/\/www.facebook.com\/transamericamococa","https:\/\/x.com\/transamerica933","https:\/\/www.instagram.com\/transamericamococa"]},{"@type":"Person","@id":"https:\/\/transamerica93.com.br\/home\/#\/schema\/person\/7fed7c99c0d4562efa8561bc0f543172","name":"Reda\u00e7\u00e3o","image":{"@type":"ImageObject","inLanguage":"pt-BR","@id":"https:\/\/secure.gravatar.com\/avatar\/1072c6b775fb02ef8506ce967551d95926669a6b7d2c2147b42eea4d7c68395e?s=96&d=mm&r=g","url":"https:\/\/secure.gravatar.com\/avatar\/1072c6b775fb02ef8506ce967551d95926669a6b7d2c2147b42eea4d7c68395e?s=96&d=mm&r=g","contentUrl":"https:\/\/secure.gravatar.com\/avatar\/1072c6b775fb02ef8506ce967551d95926669a6b7d2c2147b42eea4d7c68395e?s=96&d=mm&r=g","caption":"Reda\u00e7\u00e3o"},"sameAs":["https:\/\/transamerica93.com.br\/home"],"url":"https:\/\/transamerica93.com.br\/home\/author\/william\/"}]}},"_links":{"self":[{"href":"https:\/\/transamerica93.com.br\/home\/wp-json\/wp\/v2\/posts\/2289","targetHints":{"allow":["GET"]}}],"collection":[{"href":"https:\/\/transamerica93.com.br\/home\/wp-json\/wp\/v2\/posts"}],"about":[{"href":"https:\/\/transamerica93.com.br\/home\/wp-json\/wp\/v2\/types\/post"}],"author":[{"embeddable":true,"href":"https:\/\/transamerica93.com.br\/home\/wp-json\/wp\/v2\/users\/1"}],"replies":[{"embeddable":true,"href":"https:\/\/transamerica93.com.br\/home\/wp-json\/wp\/v2\/comments?post=2289"}],"version-history":[{"count":1,"href":"https:\/\/transamerica93.com.br\/home\/wp-json\/wp\/v2\/posts\/2289\/revisions"}],"predecessor-version":[{"id":2291,"href":"https:\/\/transamerica93.com.br\/home\/wp-json\/wp\/v2\/posts\/2289\/revisions\/2291"}],"wp:featuredmedia":[{"embeddable":true,"href":"https:\/\/transamerica93.com.br\/home\/wp-json\/wp\/v2\/media\/2290"}],"wp:attachment":[{"href":"https:\/\/transamerica93.com.br\/home\/wp-json\/wp\/v2\/media?parent=2289"}],"wp:term":[{"taxonomy":"category","embeddable":true,"href":"https:\/\/transamerica93.com.br\/home\/wp-json\/wp\/v2\/categories?post=2289"},{"taxonomy":"post_tag","embeddable":true,"href":"https:\/\/transamerica93.com.br\/home\/wp-json\/wp\/v2\/tags?post=2289"}],"curies":[{"name":"wp","href":"https:\/\/api.w.org\/{rel}","templated":true}]}}