{"id":2292,"date":"2024-01-12T09:00:57","date_gmt":"2024-01-12T12:00:57","guid":{"rendered":"https:\/\/transamerica93.com.br\/home\/?p=2292"},"modified":"2024-01-05T19:43:48","modified_gmt":"2024-01-05T22:43:48","slug":"pequenas-e-medias-empresas-ja-podem-contratar-energia-no-mercado-livre","status":"publish","type":"post","link":"https:\/\/transamerica93.com.br\/home\/pequenas-e-medias-empresas-ja-podem-contratar-energia-no-mercado-livre\/","title":{"rendered":"Pequenas e m\u00e9dias empresas j\u00e1 podem contratar energia no mercado livre"},"content":{"rendered":"<div class=\"post-item-wrap\">\n<p>O ano de 2024 come\u00e7ou com boa not\u00edcia para pequenas e m\u00e9dias empresas que contratam energia em alta tens\u00e3o, como padarias e outros setores, e t\u00eam contas em torno de R$ 9 mil. Esses consumidores j\u00e1 podem migrar para o Mercado Livre de Energia, um ambiente de venda onde, al\u00e9m de escolherem o fornecedor de prefer\u00eancia, tem espa\u00e7o para discutir pre\u00e7o, quantidade necess\u00e1ria para uso, per\u00edodo de recebimento e forma de pagamento da energia.<img decoding=\"async\" data-src=\"https:\/\/agenciabrasil.ebc.com.br\/ebc.png?id=1575136&amp;o=node\" src=\"data:image\/svg+xml;base64,PHN2ZyB3aWR0aD0iMSIgaGVpZ2h0PSIxIiB4bWxucz0iaHR0cDovL3d3dy53My5vcmcvMjAwMC9zdmciPjwvc3ZnPg==\" class=\"lazyload\" \/><img decoding=\"async\" data-src=\"https:\/\/agenciabrasil.ebc.com.br\/ebc.gif?id=1575136&amp;o=node\" src=\"data:image\/svg+xml;base64,PHN2ZyB3aWR0aD0iMSIgaGVpZ2h0PSIxIiB4bWxucz0iaHR0cDovL3d3dy53My5vcmcvMjAwMC9zdmciPjwvc3ZnPg==\" class=\"lazyload\" \/><\/p>\n<p>At\u00e9 o fim do ano passado, essas empresas tinham que se submeter ao mercado regulado, tamb\u00e9m chamado de mercado cativo, e a compra de energia era apenas com a distribuidora local. Antes da abertura, somente os consumidores com demanda de no m\u00ednimo 500 kilowatts\u00a0podiam participar do mercado livre.<\/p>\n<p>\u201cA partir de 2024, todos os consumidores que estiverem ligados em alta tens\u00e3o poder\u00e3o ser livres, independentemente da demanda contratada. Antes, precisavam consumir um m\u00ednimo para ser livre, agora\u00a0basta estarem conectados na alta tens\u00e3o que s\u00e3o\u00a0eleg\u00edveis\u00a0a ser livre\u201d, informou a administradora Daniela Alcaro, s\u00f3cia da Stima Energia, empresa comercializadora de energia, em entrevista \u00e0\u00a0<strong>Ag\u00eancia Brasil<\/strong>.<\/p>\n<p>Segundo ela, existem 200 mil unidades conectadas em alta tens\u00e3o. Entre elas\u00a037 mil j\u00e1 s\u00e3o livres, as maiores e\u00a0que\u00a0j\u00e1 vinham migrando desde 2001 como grandes f\u00e1bricas de a\u00e7o e vidros. Do restante que est\u00e1 no mercado regulado, uma parte j\u00e1 instalou sistemas de energia solar e comprou energia de gera\u00e7\u00e3o distribu\u00edda.<\/p>\n<p>\u201cEssa parte que encontrou uma alternativa para economizar talvez n\u00e3o se anime a migrar neste momento, mas h\u00e1\u00a0outro grupo que n\u00e3o foi por esse caminho e est\u00e1 muito interessado na migra\u00e7\u00e3o. Eu diria que s\u00e3o 72 mil unidades. Dessas, 13 mil j\u00e1 denunciaram [termo usado no setor para dizer que fez a op\u00e7\u00e3o de migra\u00e7\u00e3o] seus contratos na distribuidora e j\u00e1 sinalizaram que v\u00e3o migrar\u201d, disse, destacando que isso comprova a demanda para o mercado livre.<\/p>\n<p>O mercado brasileiro de energia \u00e9 dividido em duas partes. Os consumidores cativos est\u00e3o no Ambiente de Contrata\u00e7\u00e3o Regulada (ACR), onde compram energia de concession\u00e1rias de distribui\u00e7\u00e3o\u00a0como a Light e a Enel. Nesse caso, o cliente paga somente uma fatura de energia mensal, concentrando o servi\u00e7o de distribui\u00e7\u00e3o e a gera\u00e7\u00e3o de\u00a0energia.<\/p>\n<p>A outra parte \u00e9 o Ambiente de Contrata\u00e7\u00e3o Livre (ACL) no qual est\u00e3o inclu\u00eddos os consumidores que exercem a escolha e podem comprar a energia diretamente dos geradores ou de comercializadores. As condi\u00e7\u00f5es s\u00e3o negociadas livremente em contratos bilaterais. O servi\u00e7o de distribui\u00e7\u00e3o \u00e9 pago pelo cliente por meio de uma fatura a uma concession\u00e1ria local\u00a0com tarifa regulada pelo governo e ainda uma ou mais faturas referentes \u00e0 compra da energia com o pre\u00e7o negociado no contrato.<\/p>\n<p>\u201cA empresa far\u00e1 contrato com uma distribuidora e passar\u00e1 a pagar duas faturas &#8211;\u00a0uma \u00e0 distribuidora pelo transporte e outra para o fornecedor de energia\u201d, observou\u00a0Daniela.<\/p>\n<p>Segundo a administradora, no come\u00e7o da venda de energia\u00a0o mercado regulado foi respons\u00e1vel pela expans\u00e3o da gera\u00e7\u00e3o no Brasil, porque comprava toda a energia em contratos de 20 anos\u00a0indexados \u00e0 infla\u00e7\u00e3o. \u201cEra bom para o gerador, porque o pre\u00e7o ia subindo j\u00e1 que\u00a0o contrato era indexado, mas muito ruim para o consumidor. Imagina um contrato indexado com per\u00edodo de 20 anos. Quando est\u00e1 na metade, a energia j\u00e1 \u00e9 extremamente cara e, no final, muito cara\u201d.<\/p>\n<h2>Vantagem<\/h2>\n<p>A vantagem da migra\u00e7\u00e3o para o mercado livre \u00e9 a redu\u00e7\u00e3o dos custos com a energia porque ser\u00e3o adquiridos\u00a0contratos de gera\u00e7\u00e3o de energia mais baratos do que os atuais no mercado cativo. Al\u00e9m disso, h\u00e1 previsibilidade, porque no ato da compra j\u00e1 se sabe quanto ser\u00e1 pago\u00a0pela gera\u00e7\u00e3o. \u201cEu j\u00e1 sei qual vai ser o meu pre\u00e7o de gera\u00e7\u00e3o de energia. N\u00e3o\u00a0estarei suscet\u00edvel \u00e0s intemp\u00e9ries e aos ajustes dentro da energia cativa\u201d, explicou.<\/p>\n<p>De acordo com Daniela, quando o mercado livre surgiu o\u00a0consumidor\u00a0questionou\u00a0a perman\u00eancia no mercado cativo com tarifas mais elevadas. \u201cNessa compara\u00e7\u00e3o come\u00e7ou a migrar e a ter uma demanda muito grande para o mercado livre, ao ponto de\u00a0come\u00e7ar a ser respons\u00e1vel pela expans\u00e3o. A demanda come\u00e7ou a ir mais para o mercado livre, mais equilibrado para o consumidor em termos de pre\u00e7o. N\u00e3o pesava tanto com contratos longos e indexados\u201d, disse ela, acrescentando,que, em sua\u00a0maioria, as energias renov\u00e1veis t\u00eam venda no mercado livre.<\/p>\n<h2>Crescimento<\/h2>\n<p>Outro s\u00f3cio da Stima Energia, Erico Mello\u00a0contou que esse\u00a0mercado come\u00e7ou a se movimentar a partir de 2001\/2002, quando houve a migra\u00e7\u00e3o de grandes clientes como a Vale, Votorantim e outros industriais. Em 2008 cerca de 20% da carga nacional era atendida pelo mercado livre e desde aquele ano\u00a0vem se desenvolvendo.<\/p>\n<p>\u201cAt\u00e9 por causa\u00a0das renov\u00e1veis &#8211; em que se tem uma busca dos consumidores por contratos de longo prazo com geradores renov\u00e1veis. Eles\u00a0querem ter certeza de que est\u00e3o comprando energia numa e\u00f3lica, numa planta solar at\u00e9 de PCH, por exemplo, e por isso fazem contratos de longo prazo, buscando a energia renov\u00e1vel no mercado livre. Esse foi um dos fatores do crescimento do mercado nos \u00faltimos dez\u00a0anos\u201d, disse\u00a0\u00e0\u00a0<strong>Ag\u00eancia Brasil<\/strong>, acrescentando, que embora tenha sido um movimento gradual, a expans\u00e3o do mercado livre baseada nas energias limpas se consolidou a partir de 2016.<\/p>\n<p>Para Mello, o mercado livre trouxe liquidez ao\u00a0ativo energia.\u00a0Se o investidor quiser construir uma planta\u00a0atualmente n\u00e3o ter\u00e1 d\u00favidas porque sabe que haver\u00e1 comprador para o que for\u00a0gerado. \u201cN\u00e3o precisa mais esperar um leil\u00e3o do governo para fazer a compra. Pode construir porque vai ter realmente um comprador para a energia, pois existe liquidez no mercado\u201d, disse, comparando o investidor com um produtor de soja ou de feij\u00e3o que tem no\u00e7\u00e3o de venda garantida do seu produto.<\/p>\n<h2>Residenciais<\/h2>\n<p>Os consumidores residenciais ainda n\u00e3o t\u00eam permiss\u00e3o para migrar para o mercado livre. Daniela Alcaro comentou que existem v\u00e1rias associa\u00e7\u00f5es e agentes do mercado de energia em frequente contato com o Minist\u00e9rio de Minas e Energia reivindicando a abertura total do Livre, para que todos possam se beneficiar da redu\u00e7\u00e3o de custos.<\/p>\n<p>A fun\u00e7\u00e3o da comercializadora \u00e9 fazer todo o processo de migra\u00e7\u00e3o desse consumidor, que tem que comunicar \u00e0 distribuidora, apresentar uma s\u00e9rie de documentos, estar ligado \u00e0 comercializadora para que ela saiba o consumo dele e informe \u00e0 C\u00e2mara de Comercializa\u00e7\u00e3o de Energia. Ent\u00e3o, h\u00e1 um\u00a0processo para a contabilidade da medi\u00e7\u00e3o da fatura e dos contratos, feito\u00a0por uma comercializadora varejista respons\u00e1vel por passar todas as informa\u00e7\u00f5es.\u00a0Haver\u00e1\u00a0um rel\u00f3gio medidor de energia para dizer quanto ele\u00a0est\u00e1 consumindo, o que poder\u00e1 ser\u00a0 conferido junto com a fatura da varejista.<\/p>\n<p>,Segundo Daniela, quando o mercado livre come\u00e7ou a crescer os consumidores questionaram porque permanecer no mercado regulado com indexa\u00e7\u00e3o t\u00e3o forte e, por isso, custo elevado, no lugar de migar para o livre. com contratos mais curtos e,\u00a0portanto, com uma indexa\u00e7\u00e3o de menor peso.<\/p>\n<p>\u201cNessa compara\u00e7\u00e3o come\u00e7ou a migrar e a ter uma demanda muito grande para o mercado livre ao ponto desse\u00a0mercado ser respons\u00e1vel pela expans\u00e3o. A demanda come\u00e7ou a vir muito mais do mercado livre, muito mais equilibrado em termos de pre\u00e7os para o consumidor, que os indexados\u201d, afirmou,\u00a0acrescentando que inicialmente todo tipo de energia era vendida no regulado.<\/p>\n<p>\u201cMais recentemente, a gente tem visto a gera\u00e7\u00e3o crescer em renov\u00e1veis, com parques at\u00e9 mais baratos se pensar em uma usina hidrel\u00e9trica ou estruturante como Belo Monte, que muito cara se comparada \u00e0\u00a0solar, e\u00f3lica ou mesmo t\u00e9rmicas de biomassa, que s\u00e3o energias limpas e mais acess\u00edveis do ponto de vista de investimentos\u201d.<\/p>\n<h2>CCEE<\/h2>\n<p>O presidente do Conselho de Administra\u00e7\u00e3o da C\u00e2mara de Comercializa\u00e7\u00e3o de Energia El\u00e9trica (CCEE), Alexandre Ramos, informou\u00a0que visando atender \u00e0\u00a0Portaria n\u00ba 50\/2023, do MME, e os requisitos aprovados pela Ag\u00eancia Nacional de Energia El\u00e9trica (Aneel) em reuni\u00e3o p\u00fablica de diretoria, o \u00f3rg\u00e3o \u201cprontamente tomou e continuar\u00e1 tomando todas as a\u00e7\u00f5es necess\u00e1rias para garantir a realiza\u00e7\u00e3o da abertura do mercado livre de energia para os clientes conectados em alta tens\u00e3o, vigente desde o dia 1\u00ba de janeiro de 2024\u201d.<\/p>\n<p>Ele disse que com a abertura foi dado um passo importante e defendeu a expans\u00e3o permanente do mercado. \u201cEntendemos que um importante passo foi dado. Entretanto, propomos que a abertura do mercado, que tanto defendemos, dever\u00e1, obrigatoriamente, ser realizada de forma cont\u00ednua, previs\u00edvel e, principalmente, de maneira sustent\u00e1vel para o setor el\u00e9trico nacional\u201d.<\/p>\n<p>\u201cA CCEE, em\u00a0trabalho conjunto com o Minist\u00e9rio de Minas e Energia, a Aneel e os agentes de mercado, se empenhou e continuar\u00e1 trabalhando para que a migra\u00e7\u00e3o das empresas abarcadas pela portaria ao mercado livre ocorra de forma simples, eficiente e segura\u201d, completou.<\/p>\n<p>A c\u00e2mara\u00a0foi\u00a0criada\u00a0em 2004, por meio de lei federal, para viabilizar o com\u00e9rcio de energia el\u00e9trica no mercado livre do Brasil.<\/p>\n<\/div>\n<p class=\"alt-font font-italic my-2 small text-info\">Edi\u00e7\u00e3o: Gra\u00e7a Adjuto<\/p>\n","protected":false},"excerpt":{"rendered":"<p>O ano de 2024 come\u00e7ou com boa not\u00edcia para pequenas e m\u00e9dias empresas que contratam energia em alta tens\u00e3o, como padarias e outros setores, e t\u00eam contas em torno de R$ 9 mil. Esses consumidores j\u00e1 podem migrar para o Mercado Livre de Energia, um ambiente de venda onde, al\u00e9m de escolherem o fornecedor de &hellip;<\/p>\n","protected":false},"author":1,"featured_media":2293,"comment_status":"closed","ping_status":"closed","sticky":false,"template":"","format":"standard","meta":{"footnotes":""},"categories":[30],"tags":[],"class_list":["post-2292","post","type-post","status-publish","format-standard","has-post-thumbnail","hentry","category-geral"],"yoast_head":"<!-- This site is optimized with the Yoast SEO plugin v27.4 - https:\/\/yoast.com\/product\/yoast-seo-wordpress\/ -->\n<title>Pequenas e m\u00e9dias empresas j\u00e1 podem contratar energia no mercado livre - Transam\u00e9rica Mococa 93,3<\/title>\n<meta name=\"robots\" content=\"index, follow, max-snippet:-1, max-image-preview:large, max-video-preview:-1\" \/>\n<link rel=\"canonical\" href=\"https:\/\/transamerica93.com.br\/home\/pequenas-e-medias-empresas-ja-podem-contratar-energia-no-mercado-livre\/\" \/>\n<meta property=\"og:locale\" content=\"pt_BR\" \/>\n<meta property=\"og:type\" content=\"article\" \/>\n<meta property=\"og:title\" content=\"Pequenas e m\u00e9dias empresas j\u00e1 podem contratar energia no mercado livre - Transam\u00e9rica Mococa 93,3\" \/>\n<meta property=\"og:description\" content=\"O ano de 2024 come\u00e7ou com boa not\u00edcia para pequenas e m\u00e9dias empresas que contratam energia em alta tens\u00e3o, como padarias e outros setores, e t\u00eam contas em torno de R$ 9 mil. Esses consumidores j\u00e1 podem migrar para o Mercado Livre de Energia, um ambiente de venda onde, al\u00e9m de escolherem o fornecedor de &hellip;\" \/>\n<meta property=\"og:url\" content=\"https:\/\/transamerica93.com.br\/home\/pequenas-e-medias-empresas-ja-podem-contratar-energia-no-mercado-livre\/\" \/>\n<meta property=\"og:site_name\" content=\"Transam\u00e9rica Mococa 93,3\" \/>\n<meta property=\"article:publisher\" content=\"https:\/\/www.facebook.com\/transamericamococa\" \/>\n<meta property=\"article:published_time\" content=\"2024-01-12T12:00:57+00:00\" \/>\n<meta property=\"og:image\" content=\"https:\/\/transamerica93.com.br\/home\/wp-content\/uploads\/2024\/01\/imagem-14.jpg\" \/>\n\t<meta property=\"og:image:width\" content=\"1170\" \/>\n\t<meta property=\"og:image:height\" content=\"700\" \/>\n\t<meta property=\"og:image:type\" content=\"image\/jpeg\" \/>\n<meta name=\"author\" content=\"Reda\u00e7\u00e3o\" \/>\n<meta name=\"twitter:card\" content=\"summary_large_image\" \/>\n<meta name=\"twitter:creator\" content=\"@transamerica933\" \/>\n<meta name=\"twitter:site\" content=\"@transamerica933\" \/>\n<meta name=\"twitter:label1\" content=\"Escrito por\" \/>\n\t<meta name=\"twitter:data1\" content=\"Reda\u00e7\u00e3o\" \/>\n\t<meta name=\"twitter:label2\" content=\"Est. tempo de leitura\" \/>\n\t<meta name=\"twitter:data2\" content=\"9 minutos\" \/>\n<script type=\"application\/ld+json\" class=\"yoast-schema-graph\">{\"@context\":\"https:\\\/\\\/schema.org\",\"@graph\":[{\"@type\":\"Article\",\"@id\":\"https:\\\/\\\/transamerica93.com.br\\\/home\\\/pequenas-e-medias-empresas-ja-podem-contratar-energia-no-mercado-livre\\\/#article\",\"isPartOf\":{\"@id\":\"https:\\\/\\\/transamerica93.com.br\\\/home\\\/pequenas-e-medias-empresas-ja-podem-contratar-energia-no-mercado-livre\\\/\"},\"author\":{\"name\":\"Reda\u00e7\u00e3o\",\"@id\":\"https:\\\/\\\/transamerica93.com.br\\\/home\\\/#\\\/schema\\\/person\\\/7fed7c99c0d4562efa8561bc0f543172\"},\"headline\":\"Pequenas e m\u00e9dias empresas j\u00e1 podem contratar energia no mercado livre\",\"datePublished\":\"2024-01-12T12:00:57+00:00\",\"mainEntityOfPage\":{\"@id\":\"https:\\\/\\\/transamerica93.com.br\\\/home\\\/pequenas-e-medias-empresas-ja-podem-contratar-energia-no-mercado-livre\\\/\"},\"wordCount\":1583,\"publisher\":{\"@id\":\"https:\\\/\\\/transamerica93.com.br\\\/home\\\/#organization\"},\"image\":{\"@id\":\"https:\\\/\\\/transamerica93.com.br\\\/home\\\/pequenas-e-medias-empresas-ja-podem-contratar-energia-no-mercado-livre\\\/#primaryimage\"},\"thumbnailUrl\":\"https:\\\/\\\/transamerica93.com.br\\\/home\\\/wp-content\\\/uploads\\\/2024\\\/01\\\/imagem-14.jpg\",\"articleSection\":[\"Geral\"],\"inLanguage\":\"pt-BR\"},{\"@type\":\"WebPage\",\"@id\":\"https:\\\/\\\/transamerica93.com.br\\\/home\\\/pequenas-e-medias-empresas-ja-podem-contratar-energia-no-mercado-livre\\\/\",\"url\":\"https:\\\/\\\/transamerica93.com.br\\\/home\\\/pequenas-e-medias-empresas-ja-podem-contratar-energia-no-mercado-livre\\\/\",\"name\":\"Pequenas e m\u00e9dias empresas j\u00e1 podem contratar energia no mercado livre - Transam\u00e9rica Mococa 93,3\",\"isPartOf\":{\"@id\":\"https:\\\/\\\/transamerica93.com.br\\\/home\\\/#website\"},\"primaryImageOfPage\":{\"@id\":\"https:\\\/\\\/transamerica93.com.br\\\/home\\\/pequenas-e-medias-empresas-ja-podem-contratar-energia-no-mercado-livre\\\/#primaryimage\"},\"image\":{\"@id\":\"https:\\\/\\\/transamerica93.com.br\\\/home\\\/pequenas-e-medias-empresas-ja-podem-contratar-energia-no-mercado-livre\\\/#primaryimage\"},\"thumbnailUrl\":\"https:\\\/\\\/transamerica93.com.br\\\/home\\\/wp-content\\\/uploads\\\/2024\\\/01\\\/imagem-14.jpg\",\"datePublished\":\"2024-01-12T12:00:57+00:00\",\"breadcrumb\":{\"@id\":\"https:\\\/\\\/transamerica93.com.br\\\/home\\\/pequenas-e-medias-empresas-ja-podem-contratar-energia-no-mercado-livre\\\/#breadcrumb\"},\"inLanguage\":\"pt-BR\",\"potentialAction\":[{\"@type\":\"ReadAction\",\"target\":[\"https:\\\/\\\/transamerica93.com.br\\\/home\\\/pequenas-e-medias-empresas-ja-podem-contratar-energia-no-mercado-livre\\\/\"]}]},{\"@type\":\"ImageObject\",\"inLanguage\":\"pt-BR\",\"@id\":\"https:\\\/\\\/transamerica93.com.br\\\/home\\\/pequenas-e-medias-empresas-ja-podem-contratar-energia-no-mercado-livre\\\/#primaryimage\",\"url\":\"https:\\\/\\\/transamerica93.com.br\\\/home\\\/wp-content\\\/uploads\\\/2024\\\/01\\\/imagem-14.jpg\",\"contentUrl\":\"https:\\\/\\\/transamerica93.com.br\\\/home\\\/wp-content\\\/uploads\\\/2024\\\/01\\\/imagem-14.jpg\",\"width\":1170,\"height\":700,\"caption\":\"\u00a9 Marcello Casal JrAg\u00eancia Brasil\"},{\"@type\":\"BreadcrumbList\",\"@id\":\"https:\\\/\\\/transamerica93.com.br\\\/home\\\/pequenas-e-medias-empresas-ja-podem-contratar-energia-no-mercado-livre\\\/#breadcrumb\",\"itemListElement\":[{\"@type\":\"ListItem\",\"position\":1,\"name\":\"In\u00edcio\",\"item\":\"https:\\\/\\\/transamerica93.com.br\\\/home\\\/\"},{\"@type\":\"ListItem\",\"position\":2,\"name\":\"Pequenas e m\u00e9dias empresas j\u00e1 podem contratar energia no mercado livre\"}]},{\"@type\":\"WebSite\",\"@id\":\"https:\\\/\\\/transamerica93.com.br\\\/home\\\/#website\",\"url\":\"https:\\\/\\\/transamerica93.com.br\\\/home\\\/\",\"name\":\"Transam\u00e9rica Mococa 93,3\",\"description\":\"\",\"publisher\":{\"@id\":\"https:\\\/\\\/transamerica93.com.br\\\/home\\\/#organization\"},\"potentialAction\":[{\"@type\":\"SearchAction\",\"target\":{\"@type\":\"EntryPoint\",\"urlTemplate\":\"https:\\\/\\\/transamerica93.com.br\\\/home\\\/?s={search_term_string}\"},\"query-input\":{\"@type\":\"PropertyValueSpecification\",\"valueRequired\":true,\"valueName\":\"search_term_string\"}}],\"inLanguage\":\"pt-BR\"},{\"@type\":\"Organization\",\"@id\":\"https:\\\/\\\/transamerica93.com.br\\\/home\\\/#organization\",\"name\":\"Transam\u00e9rica Mococa 93,3\",\"url\":\"https:\\\/\\\/transamerica93.com.br\\\/home\\\/\",\"logo\":{\"@type\":\"ImageObject\",\"inLanguage\":\"pt-BR\",\"@id\":\"https:\\\/\\\/transamerica93.com.br\\\/home\\\/#\\\/schema\\\/logo\\\/image\\\/\",\"url\":\"https:\\\/\\\/transamerica93.com.br\\\/home\\\/wp-content\\\/uploads\\\/2023\\\/10\\\/logo2.png\",\"contentUrl\":\"https:\\\/\\\/transamerica93.com.br\\\/home\\\/wp-content\\\/uploads\\\/2023\\\/10\\\/logo2.png\",\"width\":800,\"height\":500,\"caption\":\"Transam\u00e9rica Mococa 93,3\"},\"image\":{\"@id\":\"https:\\\/\\\/transamerica93.com.br\\\/home\\\/#\\\/schema\\\/logo\\\/image\\\/\"},\"sameAs\":[\"https:\\\/\\\/www.facebook.com\\\/transamericamococa\",\"https:\\\/\\\/x.com\\\/transamerica933\",\"https:\\\/\\\/www.instagram.com\\\/transamericamococa\"]},{\"@type\":\"Person\",\"@id\":\"https:\\\/\\\/transamerica93.com.br\\\/home\\\/#\\\/schema\\\/person\\\/7fed7c99c0d4562efa8561bc0f543172\",\"name\":\"Reda\u00e7\u00e3o\",\"image\":{\"@type\":\"ImageObject\",\"inLanguage\":\"pt-BR\",\"@id\":\"https:\\\/\\\/secure.gravatar.com\\\/avatar\\\/1072c6b775fb02ef8506ce967551d95926669a6b7d2c2147b42eea4d7c68395e?s=96&d=mm&r=g\",\"url\":\"https:\\\/\\\/secure.gravatar.com\\\/avatar\\\/1072c6b775fb02ef8506ce967551d95926669a6b7d2c2147b42eea4d7c68395e?s=96&d=mm&r=g\",\"contentUrl\":\"https:\\\/\\\/secure.gravatar.com\\\/avatar\\\/1072c6b775fb02ef8506ce967551d95926669a6b7d2c2147b42eea4d7c68395e?s=96&d=mm&r=g\",\"caption\":\"Reda\u00e7\u00e3o\"},\"sameAs\":[\"https:\\\/\\\/transamerica93.com.br\\\/home\"],\"url\":\"https:\\\/\\\/transamerica93.com.br\\\/home\\\/author\\\/william\\\/\"}]}<\/script>\n<!-- \/ Yoast SEO plugin. -->","yoast_head_json":{"title":"Pequenas e m\u00e9dias empresas j\u00e1 podem contratar energia no mercado livre - Transam\u00e9rica Mococa 93,3","robots":{"index":"index","follow":"follow","max-snippet":"max-snippet:-1","max-image-preview":"max-image-preview:large","max-video-preview":"max-video-preview:-1"},"canonical":"https:\/\/transamerica93.com.br\/home\/pequenas-e-medias-empresas-ja-podem-contratar-energia-no-mercado-livre\/","og_locale":"pt_BR","og_type":"article","og_title":"Pequenas e m\u00e9dias empresas j\u00e1 podem contratar energia no mercado livre - Transam\u00e9rica Mococa 93,3","og_description":"O ano de 2024 come\u00e7ou com boa not\u00edcia para pequenas e m\u00e9dias empresas que contratam energia em alta tens\u00e3o, como padarias e outros setores, e t\u00eam contas em torno de R$ 9 mil. Esses consumidores j\u00e1 podem migrar para o Mercado Livre de Energia, um ambiente de venda onde, al\u00e9m de escolherem o fornecedor de &hellip;","og_url":"https:\/\/transamerica93.com.br\/home\/pequenas-e-medias-empresas-ja-podem-contratar-energia-no-mercado-livre\/","og_site_name":"Transam\u00e9rica Mococa 93,3","article_publisher":"https:\/\/www.facebook.com\/transamericamococa","article_published_time":"2024-01-12T12:00:57+00:00","og_image":[{"width":1170,"height":700,"url":"https:\/\/transamerica93.com.br\/home\/wp-content\/uploads\/2024\/01\/imagem-14.jpg","type":"image\/jpeg"}],"author":"Reda\u00e7\u00e3o","twitter_card":"summary_large_image","twitter_creator":"@transamerica933","twitter_site":"@transamerica933","twitter_misc":{"Escrito por":"Reda\u00e7\u00e3o","Est. tempo de leitura":"9 minutos"},"schema":{"@context":"https:\/\/schema.org","@graph":[{"@type":"Article","@id":"https:\/\/transamerica93.com.br\/home\/pequenas-e-medias-empresas-ja-podem-contratar-energia-no-mercado-livre\/#article","isPartOf":{"@id":"https:\/\/transamerica93.com.br\/home\/pequenas-e-medias-empresas-ja-podem-contratar-energia-no-mercado-livre\/"},"author":{"name":"Reda\u00e7\u00e3o","@id":"https:\/\/transamerica93.com.br\/home\/#\/schema\/person\/7fed7c99c0d4562efa8561bc0f543172"},"headline":"Pequenas e m\u00e9dias empresas j\u00e1 podem contratar energia no mercado livre","datePublished":"2024-01-12T12:00:57+00:00","mainEntityOfPage":{"@id":"https:\/\/transamerica93.com.br\/home\/pequenas-e-medias-empresas-ja-podem-contratar-energia-no-mercado-livre\/"},"wordCount":1583,"publisher":{"@id":"https:\/\/transamerica93.com.br\/home\/#organization"},"image":{"@id":"https:\/\/transamerica93.com.br\/home\/pequenas-e-medias-empresas-ja-podem-contratar-energia-no-mercado-livre\/#primaryimage"},"thumbnailUrl":"https:\/\/transamerica93.com.br\/home\/wp-content\/uploads\/2024\/01\/imagem-14.jpg","articleSection":["Geral"],"inLanguage":"pt-BR"},{"@type":"WebPage","@id":"https:\/\/transamerica93.com.br\/home\/pequenas-e-medias-empresas-ja-podem-contratar-energia-no-mercado-livre\/","url":"https:\/\/transamerica93.com.br\/home\/pequenas-e-medias-empresas-ja-podem-contratar-energia-no-mercado-livre\/","name":"Pequenas e m\u00e9dias empresas j\u00e1 podem contratar energia no mercado livre - Transam\u00e9rica Mococa 93,3","isPartOf":{"@id":"https:\/\/transamerica93.com.br\/home\/#website"},"primaryImageOfPage":{"@id":"https:\/\/transamerica93.com.br\/home\/pequenas-e-medias-empresas-ja-podem-contratar-energia-no-mercado-livre\/#primaryimage"},"image":{"@id":"https:\/\/transamerica93.com.br\/home\/pequenas-e-medias-empresas-ja-podem-contratar-energia-no-mercado-livre\/#primaryimage"},"thumbnailUrl":"https:\/\/transamerica93.com.br\/home\/wp-content\/uploads\/2024\/01\/imagem-14.jpg","datePublished":"2024-01-12T12:00:57+00:00","breadcrumb":{"@id":"https:\/\/transamerica93.com.br\/home\/pequenas-e-medias-empresas-ja-podem-contratar-energia-no-mercado-livre\/#breadcrumb"},"inLanguage":"pt-BR","potentialAction":[{"@type":"ReadAction","target":["https:\/\/transamerica93.com.br\/home\/pequenas-e-medias-empresas-ja-podem-contratar-energia-no-mercado-livre\/"]}]},{"@type":"ImageObject","inLanguage":"pt-BR","@id":"https:\/\/transamerica93.com.br\/home\/pequenas-e-medias-empresas-ja-podem-contratar-energia-no-mercado-livre\/#primaryimage","url":"https:\/\/transamerica93.com.br\/home\/wp-content\/uploads\/2024\/01\/imagem-14.jpg","contentUrl":"https:\/\/transamerica93.com.br\/home\/wp-content\/uploads\/2024\/01\/imagem-14.jpg","width":1170,"height":700,"caption":"\u00a9 Marcello Casal JrAg\u00eancia Brasil"},{"@type":"BreadcrumbList","@id":"https:\/\/transamerica93.com.br\/home\/pequenas-e-medias-empresas-ja-podem-contratar-energia-no-mercado-livre\/#breadcrumb","itemListElement":[{"@type":"ListItem","position":1,"name":"In\u00edcio","item":"https:\/\/transamerica93.com.br\/home\/"},{"@type":"ListItem","position":2,"name":"Pequenas e m\u00e9dias empresas j\u00e1 podem contratar energia no mercado livre"}]},{"@type":"WebSite","@id":"https:\/\/transamerica93.com.br\/home\/#website","url":"https:\/\/transamerica93.com.br\/home\/","name":"Transam\u00e9rica Mococa 93,3","description":"","publisher":{"@id":"https:\/\/transamerica93.com.br\/home\/#organization"},"potentialAction":[{"@type":"SearchAction","target":{"@type":"EntryPoint","urlTemplate":"https:\/\/transamerica93.com.br\/home\/?s={search_term_string}"},"query-input":{"@type":"PropertyValueSpecification","valueRequired":true,"valueName":"search_term_string"}}],"inLanguage":"pt-BR"},{"@type":"Organization","@id":"https:\/\/transamerica93.com.br\/home\/#organization","name":"Transam\u00e9rica Mococa 93,3","url":"https:\/\/transamerica93.com.br\/home\/","logo":{"@type":"ImageObject","inLanguage":"pt-BR","@id":"https:\/\/transamerica93.com.br\/home\/#\/schema\/logo\/image\/","url":"https:\/\/transamerica93.com.br\/home\/wp-content\/uploads\/2023\/10\/logo2.png","contentUrl":"https:\/\/transamerica93.com.br\/home\/wp-content\/uploads\/2023\/10\/logo2.png","width":800,"height":500,"caption":"Transam\u00e9rica Mococa 93,3"},"image":{"@id":"https:\/\/transamerica93.com.br\/home\/#\/schema\/logo\/image\/"},"sameAs":["https:\/\/www.facebook.com\/transamericamococa","https:\/\/x.com\/transamerica933","https:\/\/www.instagram.com\/transamericamococa"]},{"@type":"Person","@id":"https:\/\/transamerica93.com.br\/home\/#\/schema\/person\/7fed7c99c0d4562efa8561bc0f543172","name":"Reda\u00e7\u00e3o","image":{"@type":"ImageObject","inLanguage":"pt-BR","@id":"https:\/\/secure.gravatar.com\/avatar\/1072c6b775fb02ef8506ce967551d95926669a6b7d2c2147b42eea4d7c68395e?s=96&d=mm&r=g","url":"https:\/\/secure.gravatar.com\/avatar\/1072c6b775fb02ef8506ce967551d95926669a6b7d2c2147b42eea4d7c68395e?s=96&d=mm&r=g","contentUrl":"https:\/\/secure.gravatar.com\/avatar\/1072c6b775fb02ef8506ce967551d95926669a6b7d2c2147b42eea4d7c68395e?s=96&d=mm&r=g","caption":"Reda\u00e7\u00e3o"},"sameAs":["https:\/\/transamerica93.com.br\/home"],"url":"https:\/\/transamerica93.com.br\/home\/author\/william\/"}]}},"_links":{"self":[{"href":"https:\/\/transamerica93.com.br\/home\/wp-json\/wp\/v2\/posts\/2292","targetHints":{"allow":["GET"]}}],"collection":[{"href":"https:\/\/transamerica93.com.br\/home\/wp-json\/wp\/v2\/posts"}],"about":[{"href":"https:\/\/transamerica93.com.br\/home\/wp-json\/wp\/v2\/types\/post"}],"author":[{"embeddable":true,"href":"https:\/\/transamerica93.com.br\/home\/wp-json\/wp\/v2\/users\/1"}],"replies":[{"embeddable":true,"href":"https:\/\/transamerica93.com.br\/home\/wp-json\/wp\/v2\/comments?post=2292"}],"version-history":[{"count":1,"href":"https:\/\/transamerica93.com.br\/home\/wp-json\/wp\/v2\/posts\/2292\/revisions"}],"predecessor-version":[{"id":2294,"href":"https:\/\/transamerica93.com.br\/home\/wp-json\/wp\/v2\/posts\/2292\/revisions\/2294"}],"wp:featuredmedia":[{"embeddable":true,"href":"https:\/\/transamerica93.com.br\/home\/wp-json\/wp\/v2\/media\/2293"}],"wp:attachment":[{"href":"https:\/\/transamerica93.com.br\/home\/wp-json\/wp\/v2\/media?parent=2292"}],"wp:term":[{"taxonomy":"category","embeddable":true,"href":"https:\/\/transamerica93.com.br\/home\/wp-json\/wp\/v2\/categories?post=2292"},{"taxonomy":"post_tag","embeddable":true,"href":"https:\/\/transamerica93.com.br\/home\/wp-json\/wp\/v2\/tags?post=2292"}],"curies":[{"name":"wp","href":"https:\/\/api.w.org\/{rel}","templated":true}]}}