{"id":2307,"date":"2024-01-12T12:00:47","date_gmt":"2024-01-12T15:00:47","guid":{"rendered":"https:\/\/transamerica93.com.br\/home\/?p=2307"},"modified":"2024-01-05T20:25:28","modified_gmt":"2024-01-05T23:25:28","slug":"palmeiras-renova-com-zagueiro-murilo-ate-o-fim-de-2027-comecando-o-ano-da-melhor-maneira","status":"publish","type":"post","link":"https:\/\/transamerica93.com.br\/home\/palmeiras-renova-com-zagueiro-murilo-ate-o-fim-de-2027-comecando-o-ano-da-melhor-maneira\/","title":{"rendered":"Palmeiras renova com zagueiro Murilo at\u00e9 o fim de 2027: &#8216;Come\u00e7ando o ano da melhor maneira&#8217;"},"content":{"rendered":"<div id=\"Corpo\">Um dos principais pilares defensivos do Palmeiras, o zagueiro Murilo abriu 2024 com uma excelente not\u00edcia. O jogador acertou a renova\u00e7\u00e3o de contrato com o clube e o novo v\u00ednculo agora termina em dezembro de 2027.<\/p>\n<p>&#8220;O Palmeiras acertou nesta quinta-feira a amplia\u00e7\u00e3o do v\u00ednculo com o zagueiro Murilo, v\u00e1lido agora at\u00e9 dezembro de 2027. Firme na zaga e eficaz no jogo a\u00e9reo, o jogador chegou ao Maior Campe\u00e3o do Brasil no in\u00edcio de 2022 e teve papel importante nos t\u00edtulos conquistados pelo clube desde ent\u00e3o: dois Brasileiros (2022 e 2023) e dois Paulistas (2022 e 2023), al\u00e9m da Supercopa do Brasil (2023) e da Recopa Sul-Americana (2022)&#8221;, oficializou o clube.<\/p>\n<p>Com 105 jogos disputados pela equipe, come\u00e7ando como titular em 102 deles, Murilo j\u00e1 anotou 16 gols e distribuiu cinco assist\u00eancias pelo Palmeiras at\u00e9 o momento. Ele det\u00e9m a marca de zagueiro com mais gols pelo time em uma \u00fanica temporada: 11 em 2022, ao lado de Gustavo G\u00f3mez (tamb\u00e9m em 2022) e seguido por J\u00fanior Baiano (10 em 1999), sendo o oitavo maior zagueiro artilheiro da hist\u00f3ria alviverde, ao lado de J\u00fanior Baiano e Roque J\u00fanior e atr\u00e1s de Daniel, com 18.<\/p>\n<p>O zagueiro gravou um v\u00eddeo para anunciar a novidade e celebrou o acordo. &#8220;Estou come\u00e7ando o ano da melhor maneira. Fico muito contente, feliz e honrado por defender esta camisa t\u00e3o pesada. Foram dois anos de muitos t\u00edtulos e vit\u00f3rias e vamos trabalhar para que possam vir muitas outras conquistas&#8221;, comemorou Murilo. &#8220;S\u00f3 tenho de agradecer ao Palmeiras e a todos os torcedores. Avanti, Palestra.&#8221;<\/p>\n<p>Aos 26 anos, o jogador revelado pelo Cruzeiro ganha tranquilidade para trabalhar ap\u00f3s mais uma vez ver seu nome ventilado no mercado internacional. Garantido no Palmeiras, espera continuar contribuindo dentro de campo com excel\u00eancia.<\/p>\n<p>Com Murilo escalado, o Palmeiras sofreu somente 38 gols e ficou sem ser vazado em 28 de 57 jogos na temporada 2022. S\u00e3o apenas 12 derrotas vestindo a camisa alviverde. As boas atua\u00e7\u00f5es lhe renderam a Bola de Prata de 2022 e 2023 como um dos melhores zagueiros do Brasileir\u00e3o.<\/p><\/div>\n","protected":false},"excerpt":{"rendered":"<p>Um dos principais pilares defensivos do Palmeiras, o zagueiro Murilo abriu 2024 com uma excelente not\u00edcia. O jogador acertou a renova\u00e7\u00e3o de contrato com o clube e o novo v\u00ednculo agora termina em dezembro de 2027. &#8220;O Palmeiras acertou nesta quinta-feira a amplia\u00e7\u00e3o do v\u00ednculo com o zagueiro Murilo, v\u00e1lido agora at\u00e9 dezembro de 2027. &hellip;<\/p>\n","protected":false},"author":1,"featured_media":2309,"comment_status":"closed","ping_status":"closed","sticky":false,"template":"","format":"standard","meta":{"footnotes":""},"categories":[31],"tags":[],"class_list":["post-2307","post","type-post","status-publish","format-standard","has-post-thumbnail","hentry","category-esportes"],"yoast_head":"<!-- This site is optimized with the Yoast SEO plugin v27.4 - https:\/\/yoast.com\/product\/yoast-seo-wordpress\/ -->\n<title>Palmeiras renova com zagueiro Murilo at\u00e9 o fim de 2027: &#039;Come\u00e7ando o ano da melhor maneira&#039; - Transam\u00e9rica Mococa 93,3<\/title>\n<meta name=\"robots\" content=\"index, follow, max-snippet:-1, max-image-preview:large, max-video-preview:-1\" \/>\n<link rel=\"canonical\" href=\"https:\/\/transamerica93.com.br\/home\/palmeiras-renova-com-zagueiro-murilo-ate-o-fim-de-2027-comecando-o-ano-da-melhor-maneira\/\" \/>\n<meta property=\"og:locale\" content=\"pt_BR\" \/>\n<meta property=\"og:type\" content=\"article\" \/>\n<meta property=\"og:title\" content=\"Palmeiras renova com zagueiro Murilo at\u00e9 o fim de 2027: &#039;Come\u00e7ando o ano da melhor maneira&#039; - Transam\u00e9rica Mococa 93,3\" \/>\n<meta property=\"og:description\" content=\"Um dos principais pilares defensivos do Palmeiras, o zagueiro Murilo abriu 2024 com uma excelente not\u00edcia. O jogador acertou a renova\u00e7\u00e3o de contrato com o clube e o novo v\u00ednculo agora termina em dezembro de 2027. &#8220;O Palmeiras acertou nesta quinta-feira a amplia\u00e7\u00e3o do v\u00ednculo com o zagueiro Murilo, v\u00e1lido agora at\u00e9 dezembro de 2027. &hellip;\" \/>\n<meta property=\"og:url\" content=\"https:\/\/transamerica93.com.br\/home\/palmeiras-renova-com-zagueiro-murilo-ate-o-fim-de-2027-comecando-o-ano-da-melhor-maneira\/\" \/>\n<meta property=\"og:site_name\" content=\"Transam\u00e9rica Mococa 93,3\" \/>\n<meta property=\"article:publisher\" content=\"https:\/\/www.facebook.com\/transamericamococa\" \/>\n<meta property=\"article:published_time\" content=\"2024-01-12T15:00:47+00:00\" \/>\n<meta property=\"og:image\" content=\"https:\/\/transamerica93.com.br\/home\/wp-content\/uploads\/2024\/01\/imagem-20.jpg\" \/>\n\t<meta property=\"og:image:width\" content=\"772\" \/>\n\t<meta property=\"og:image:height\" content=\"462\" \/>\n\t<meta property=\"og:image:type\" content=\"image\/jpeg\" \/>\n<meta name=\"author\" content=\"Reda\u00e7\u00e3o\" \/>\n<meta name=\"twitter:card\" content=\"summary_large_image\" \/>\n<meta name=\"twitter:creator\" content=\"@transamerica933\" \/>\n<meta name=\"twitter:site\" content=\"@transamerica933\" \/>\n<meta name=\"twitter:label1\" content=\"Escrito por\" \/>\n\t<meta name=\"twitter:data1\" content=\"Reda\u00e7\u00e3o\" \/>\n\t<meta name=\"twitter:label2\" content=\"Est. tempo de leitura\" \/>\n\t<meta name=\"twitter:data2\" content=\"3 minutos\" \/>\n<script type=\"application\/ld+json\" class=\"yoast-schema-graph\">{\"@context\":\"https:\\\/\\\/schema.org\",\"@graph\":[{\"@type\":\"Article\",\"@id\":\"https:\\\/\\\/transamerica93.com.br\\\/home\\\/palmeiras-renova-com-zagueiro-murilo-ate-o-fim-de-2027-comecando-o-ano-da-melhor-maneira\\\/#article\",\"isPartOf\":{\"@id\":\"https:\\\/\\\/transamerica93.com.br\\\/home\\\/palmeiras-renova-com-zagueiro-murilo-ate-o-fim-de-2027-comecando-o-ano-da-melhor-maneira\\\/\"},\"author\":{\"name\":\"Reda\u00e7\u00e3o\",\"@id\":\"https:\\\/\\\/transamerica93.com.br\\\/home\\\/#\\\/schema\\\/person\\\/7fed7c99c0d4562efa8561bc0f543172\"},\"headline\":\"Palmeiras renova com zagueiro Murilo at\u00e9 o fim de 2027: &#8216;Come\u00e7ando o ano da melhor maneira&#8217;\",\"datePublished\":\"2024-01-12T15:00:47+00:00\",\"mainEntityOfPage\":{\"@id\":\"https:\\\/\\\/transamerica93.com.br\\\/home\\\/palmeiras-renova-com-zagueiro-murilo-ate-o-fim-de-2027-comecando-o-ano-da-melhor-maneira\\\/\"},\"wordCount\":364,\"publisher\":{\"@id\":\"https:\\\/\\\/transamerica93.com.br\\\/home\\\/#organization\"},\"image\":{\"@id\":\"https:\\\/\\\/transamerica93.com.br\\\/home\\\/palmeiras-renova-com-zagueiro-murilo-ate-o-fim-de-2027-comecando-o-ano-da-melhor-maneira\\\/#primaryimage\"},\"thumbnailUrl\":\"https:\\\/\\\/transamerica93.com.br\\\/home\\\/wp-content\\\/uploads\\\/2024\\\/01\\\/imagem-20.jpg\",\"articleSection\":[\"Esportes\"],\"inLanguage\":\"pt-BR\"},{\"@type\":\"WebPage\",\"@id\":\"https:\\\/\\\/transamerica93.com.br\\\/home\\\/palmeiras-renova-com-zagueiro-murilo-ate-o-fim-de-2027-comecando-o-ano-da-melhor-maneira\\\/\",\"url\":\"https:\\\/\\\/transamerica93.com.br\\\/home\\\/palmeiras-renova-com-zagueiro-murilo-ate-o-fim-de-2027-comecando-o-ano-da-melhor-maneira\\\/\",\"name\":\"Palmeiras renova com zagueiro Murilo at\u00e9 o fim de 2027: 'Come\u00e7ando o ano da melhor maneira' - Transam\u00e9rica Mococa 93,3\",\"isPartOf\":{\"@id\":\"https:\\\/\\\/transamerica93.com.br\\\/home\\\/#website\"},\"primaryImageOfPage\":{\"@id\":\"https:\\\/\\\/transamerica93.com.br\\\/home\\\/palmeiras-renova-com-zagueiro-murilo-ate-o-fim-de-2027-comecando-o-ano-da-melhor-maneira\\\/#primaryimage\"},\"image\":{\"@id\":\"https:\\\/\\\/transamerica93.com.br\\\/home\\\/palmeiras-renova-com-zagueiro-murilo-ate-o-fim-de-2027-comecando-o-ano-da-melhor-maneira\\\/#primaryimage\"},\"thumbnailUrl\":\"https:\\\/\\\/transamerica93.com.br\\\/home\\\/wp-content\\\/uploads\\\/2024\\\/01\\\/imagem-20.jpg\",\"datePublished\":\"2024-01-12T15:00:47+00:00\",\"breadcrumb\":{\"@id\":\"https:\\\/\\\/transamerica93.com.br\\\/home\\\/palmeiras-renova-com-zagueiro-murilo-ate-o-fim-de-2027-comecando-o-ano-da-melhor-maneira\\\/#breadcrumb\"},\"inLanguage\":\"pt-BR\",\"potentialAction\":[{\"@type\":\"ReadAction\",\"target\":[\"https:\\\/\\\/transamerica93.com.br\\\/home\\\/palmeiras-renova-com-zagueiro-murilo-ate-o-fim-de-2027-comecando-o-ano-da-melhor-maneira\\\/\"]}]},{\"@type\":\"ImageObject\",\"inLanguage\":\"pt-BR\",\"@id\":\"https:\\\/\\\/transamerica93.com.br\\\/home\\\/palmeiras-renova-com-zagueiro-murilo-ate-o-fim-de-2027-comecando-o-ano-da-melhor-maneira\\\/#primaryimage\",\"url\":\"https:\\\/\\\/transamerica93.com.br\\\/home\\\/wp-content\\\/uploads\\\/2024\\\/01\\\/imagem-20.jpg\",\"contentUrl\":\"https:\\\/\\\/transamerica93.com.br\\\/home\\\/wp-content\\\/uploads\\\/2024\\\/01\\\/imagem-20.jpg\",\"width\":772,\"height\":462,\"caption\":\"Foto: Cesar Greco\\\/Palmeiras\"},{\"@type\":\"BreadcrumbList\",\"@id\":\"https:\\\/\\\/transamerica93.com.br\\\/home\\\/palmeiras-renova-com-zagueiro-murilo-ate-o-fim-de-2027-comecando-o-ano-da-melhor-maneira\\\/#breadcrumb\",\"itemListElement\":[{\"@type\":\"ListItem\",\"position\":1,\"name\":\"In\u00edcio\",\"item\":\"https:\\\/\\\/transamerica93.com.br\\\/home\\\/\"},{\"@type\":\"ListItem\",\"position\":2,\"name\":\"Palmeiras renova com zagueiro Murilo at\u00e9 o fim de 2027: &#8216;Come\u00e7ando o ano da melhor maneira&#8217;\"}]},{\"@type\":\"WebSite\",\"@id\":\"https:\\\/\\\/transamerica93.com.br\\\/home\\\/#website\",\"url\":\"https:\\\/\\\/transamerica93.com.br\\\/home\\\/\",\"name\":\"Transam\u00e9rica Mococa 93,3\",\"description\":\"\",\"publisher\":{\"@id\":\"https:\\\/\\\/transamerica93.com.br\\\/home\\\/#organization\"},\"potentialAction\":[{\"@type\":\"SearchAction\",\"target\":{\"@type\":\"EntryPoint\",\"urlTemplate\":\"https:\\\/\\\/transamerica93.com.br\\\/home\\\/?s={search_term_string}\"},\"query-input\":{\"@type\":\"PropertyValueSpecification\",\"valueRequired\":true,\"valueName\":\"search_term_string\"}}],\"inLanguage\":\"pt-BR\"},{\"@type\":\"Organization\",\"@id\":\"https:\\\/\\\/transamerica93.com.br\\\/home\\\/#organization\",\"name\":\"Transam\u00e9rica Mococa 93,3\",\"url\":\"https:\\\/\\\/transamerica93.com.br\\\/home\\\/\",\"logo\":{\"@type\":\"ImageObject\",\"inLanguage\":\"pt-BR\",\"@id\":\"https:\\\/\\\/transamerica93.com.br\\\/home\\\/#\\\/schema\\\/logo\\\/image\\\/\",\"url\":\"https:\\\/\\\/transamerica93.com.br\\\/home\\\/wp-content\\\/uploads\\\/2023\\\/10\\\/logo2.png\",\"contentUrl\":\"https:\\\/\\\/transamerica93.com.br\\\/home\\\/wp-content\\\/uploads\\\/2023\\\/10\\\/logo2.png\",\"width\":800,\"height\":500,\"caption\":\"Transam\u00e9rica Mococa 93,3\"},\"image\":{\"@id\":\"https:\\\/\\\/transamerica93.com.br\\\/home\\\/#\\\/schema\\\/logo\\\/image\\\/\"},\"sameAs\":[\"https:\\\/\\\/www.facebook.com\\\/transamericamococa\",\"https:\\\/\\\/x.com\\\/transamerica933\",\"https:\\\/\\\/www.instagram.com\\\/transamericamococa\"]},{\"@type\":\"Person\",\"@id\":\"https:\\\/\\\/transamerica93.com.br\\\/home\\\/#\\\/schema\\\/person\\\/7fed7c99c0d4562efa8561bc0f543172\",\"name\":\"Reda\u00e7\u00e3o\",\"image\":{\"@type\":\"ImageObject\",\"inLanguage\":\"pt-BR\",\"@id\":\"https:\\\/\\\/secure.gravatar.com\\\/avatar\\\/1072c6b775fb02ef8506ce967551d95926669a6b7d2c2147b42eea4d7c68395e?s=96&d=mm&r=g\",\"url\":\"https:\\\/\\\/secure.gravatar.com\\\/avatar\\\/1072c6b775fb02ef8506ce967551d95926669a6b7d2c2147b42eea4d7c68395e?s=96&d=mm&r=g\",\"contentUrl\":\"https:\\\/\\\/secure.gravatar.com\\\/avatar\\\/1072c6b775fb02ef8506ce967551d95926669a6b7d2c2147b42eea4d7c68395e?s=96&d=mm&r=g\",\"caption\":\"Reda\u00e7\u00e3o\"},\"sameAs\":[\"https:\\\/\\\/transamerica93.com.br\\\/home\"],\"url\":\"https:\\\/\\\/transamerica93.com.br\\\/home\\\/author\\\/william\\\/\"}]}<\/script>\n<!-- \/ Yoast SEO plugin. -->","yoast_head_json":{"title":"Palmeiras renova com zagueiro Murilo at\u00e9 o fim de 2027: 'Come\u00e7ando o ano da melhor maneira' - Transam\u00e9rica Mococa 93,3","robots":{"index":"index","follow":"follow","max-snippet":"max-snippet:-1","max-image-preview":"max-image-preview:large","max-video-preview":"max-video-preview:-1"},"canonical":"https:\/\/transamerica93.com.br\/home\/palmeiras-renova-com-zagueiro-murilo-ate-o-fim-de-2027-comecando-o-ano-da-melhor-maneira\/","og_locale":"pt_BR","og_type":"article","og_title":"Palmeiras renova com zagueiro Murilo at\u00e9 o fim de 2027: 'Come\u00e7ando o ano da melhor maneira' - Transam\u00e9rica Mococa 93,3","og_description":"Um dos principais pilares defensivos do Palmeiras, o zagueiro Murilo abriu 2024 com uma excelente not\u00edcia. O jogador acertou a renova\u00e7\u00e3o de contrato com o clube e o novo v\u00ednculo agora termina em dezembro de 2027. &#8220;O Palmeiras acertou nesta quinta-feira a amplia\u00e7\u00e3o do v\u00ednculo com o zagueiro Murilo, v\u00e1lido agora at\u00e9 dezembro de 2027. &hellip;","og_url":"https:\/\/transamerica93.com.br\/home\/palmeiras-renova-com-zagueiro-murilo-ate-o-fim-de-2027-comecando-o-ano-da-melhor-maneira\/","og_site_name":"Transam\u00e9rica Mococa 93,3","article_publisher":"https:\/\/www.facebook.com\/transamericamococa","article_published_time":"2024-01-12T15:00:47+00:00","og_image":[{"width":772,"height":462,"url":"https:\/\/transamerica93.com.br\/home\/wp-content\/uploads\/2024\/01\/imagem-20.jpg","type":"image\/jpeg"}],"author":"Reda\u00e7\u00e3o","twitter_card":"summary_large_image","twitter_creator":"@transamerica933","twitter_site":"@transamerica933","twitter_misc":{"Escrito por":"Reda\u00e7\u00e3o","Est. tempo de leitura":"3 minutos"},"schema":{"@context":"https:\/\/schema.org","@graph":[{"@type":"Article","@id":"https:\/\/transamerica93.com.br\/home\/palmeiras-renova-com-zagueiro-murilo-ate-o-fim-de-2027-comecando-o-ano-da-melhor-maneira\/#article","isPartOf":{"@id":"https:\/\/transamerica93.com.br\/home\/palmeiras-renova-com-zagueiro-murilo-ate-o-fim-de-2027-comecando-o-ano-da-melhor-maneira\/"},"author":{"name":"Reda\u00e7\u00e3o","@id":"https:\/\/transamerica93.com.br\/home\/#\/schema\/person\/7fed7c99c0d4562efa8561bc0f543172"},"headline":"Palmeiras renova com zagueiro Murilo at\u00e9 o fim de 2027: &#8216;Come\u00e7ando o ano da melhor maneira&#8217;","datePublished":"2024-01-12T15:00:47+00:00","mainEntityOfPage":{"@id":"https:\/\/transamerica93.com.br\/home\/palmeiras-renova-com-zagueiro-murilo-ate-o-fim-de-2027-comecando-o-ano-da-melhor-maneira\/"},"wordCount":364,"publisher":{"@id":"https:\/\/transamerica93.com.br\/home\/#organization"},"image":{"@id":"https:\/\/transamerica93.com.br\/home\/palmeiras-renova-com-zagueiro-murilo-ate-o-fim-de-2027-comecando-o-ano-da-melhor-maneira\/#primaryimage"},"thumbnailUrl":"https:\/\/transamerica93.com.br\/home\/wp-content\/uploads\/2024\/01\/imagem-20.jpg","articleSection":["Esportes"],"inLanguage":"pt-BR"},{"@type":"WebPage","@id":"https:\/\/transamerica93.com.br\/home\/palmeiras-renova-com-zagueiro-murilo-ate-o-fim-de-2027-comecando-o-ano-da-melhor-maneira\/","url":"https:\/\/transamerica93.com.br\/home\/palmeiras-renova-com-zagueiro-murilo-ate-o-fim-de-2027-comecando-o-ano-da-melhor-maneira\/","name":"Palmeiras renova com zagueiro Murilo at\u00e9 o fim de 2027: 'Come\u00e7ando o ano da melhor maneira' - Transam\u00e9rica Mococa 93,3","isPartOf":{"@id":"https:\/\/transamerica93.com.br\/home\/#website"},"primaryImageOfPage":{"@id":"https:\/\/transamerica93.com.br\/home\/palmeiras-renova-com-zagueiro-murilo-ate-o-fim-de-2027-comecando-o-ano-da-melhor-maneira\/#primaryimage"},"image":{"@id":"https:\/\/transamerica93.com.br\/home\/palmeiras-renova-com-zagueiro-murilo-ate-o-fim-de-2027-comecando-o-ano-da-melhor-maneira\/#primaryimage"},"thumbnailUrl":"https:\/\/transamerica93.com.br\/home\/wp-content\/uploads\/2024\/01\/imagem-20.jpg","datePublished":"2024-01-12T15:00:47+00:00","breadcrumb":{"@id":"https:\/\/transamerica93.com.br\/home\/palmeiras-renova-com-zagueiro-murilo-ate-o-fim-de-2027-comecando-o-ano-da-melhor-maneira\/#breadcrumb"},"inLanguage":"pt-BR","potentialAction":[{"@type":"ReadAction","target":["https:\/\/transamerica93.com.br\/home\/palmeiras-renova-com-zagueiro-murilo-ate-o-fim-de-2027-comecando-o-ano-da-melhor-maneira\/"]}]},{"@type":"ImageObject","inLanguage":"pt-BR","@id":"https:\/\/transamerica93.com.br\/home\/palmeiras-renova-com-zagueiro-murilo-ate-o-fim-de-2027-comecando-o-ano-da-melhor-maneira\/#primaryimage","url":"https:\/\/transamerica93.com.br\/home\/wp-content\/uploads\/2024\/01\/imagem-20.jpg","contentUrl":"https:\/\/transamerica93.com.br\/home\/wp-content\/uploads\/2024\/01\/imagem-20.jpg","width":772,"height":462,"caption":"Foto: Cesar Greco\/Palmeiras"},{"@type":"BreadcrumbList","@id":"https:\/\/transamerica93.com.br\/home\/palmeiras-renova-com-zagueiro-murilo-ate-o-fim-de-2027-comecando-o-ano-da-melhor-maneira\/#breadcrumb","itemListElement":[{"@type":"ListItem","position":1,"name":"In\u00edcio","item":"https:\/\/transamerica93.com.br\/home\/"},{"@type":"ListItem","position":2,"name":"Palmeiras renova com zagueiro Murilo at\u00e9 o fim de 2027: &#8216;Come\u00e7ando o ano da melhor maneira&#8217;"}]},{"@type":"WebSite","@id":"https:\/\/transamerica93.com.br\/home\/#website","url":"https:\/\/transamerica93.com.br\/home\/","name":"Transam\u00e9rica Mococa 93,3","description":"","publisher":{"@id":"https:\/\/transamerica93.com.br\/home\/#organization"},"potentialAction":[{"@type":"SearchAction","target":{"@type":"EntryPoint","urlTemplate":"https:\/\/transamerica93.com.br\/home\/?s={search_term_string}"},"query-input":{"@type":"PropertyValueSpecification","valueRequired":true,"valueName":"search_term_string"}}],"inLanguage":"pt-BR"},{"@type":"Organization","@id":"https:\/\/transamerica93.com.br\/home\/#organization","name":"Transam\u00e9rica Mococa 93,3","url":"https:\/\/transamerica93.com.br\/home\/","logo":{"@type":"ImageObject","inLanguage":"pt-BR","@id":"https:\/\/transamerica93.com.br\/home\/#\/schema\/logo\/image\/","url":"https:\/\/transamerica93.com.br\/home\/wp-content\/uploads\/2023\/10\/logo2.png","contentUrl":"https:\/\/transamerica93.com.br\/home\/wp-content\/uploads\/2023\/10\/logo2.png","width":800,"height":500,"caption":"Transam\u00e9rica Mococa 93,3"},"image":{"@id":"https:\/\/transamerica93.com.br\/home\/#\/schema\/logo\/image\/"},"sameAs":["https:\/\/www.facebook.com\/transamericamococa","https:\/\/x.com\/transamerica933","https:\/\/www.instagram.com\/transamericamococa"]},{"@type":"Person","@id":"https:\/\/transamerica93.com.br\/home\/#\/schema\/person\/7fed7c99c0d4562efa8561bc0f543172","name":"Reda\u00e7\u00e3o","image":{"@type":"ImageObject","inLanguage":"pt-BR","@id":"https:\/\/secure.gravatar.com\/avatar\/1072c6b775fb02ef8506ce967551d95926669a6b7d2c2147b42eea4d7c68395e?s=96&d=mm&r=g","url":"https:\/\/secure.gravatar.com\/avatar\/1072c6b775fb02ef8506ce967551d95926669a6b7d2c2147b42eea4d7c68395e?s=96&d=mm&r=g","contentUrl":"https:\/\/secure.gravatar.com\/avatar\/1072c6b775fb02ef8506ce967551d95926669a6b7d2c2147b42eea4d7c68395e?s=96&d=mm&r=g","caption":"Reda\u00e7\u00e3o"},"sameAs":["https:\/\/transamerica93.com.br\/home"],"url":"https:\/\/transamerica93.com.br\/home\/author\/william\/"}]}},"_links":{"self":[{"href":"https:\/\/transamerica93.com.br\/home\/wp-json\/wp\/v2\/posts\/2307","targetHints":{"allow":["GET"]}}],"collection":[{"href":"https:\/\/transamerica93.com.br\/home\/wp-json\/wp\/v2\/posts"}],"about":[{"href":"https:\/\/transamerica93.com.br\/home\/wp-json\/wp\/v2\/types\/post"}],"author":[{"embeddable":true,"href":"https:\/\/transamerica93.com.br\/home\/wp-json\/wp\/v2\/users\/1"}],"replies":[{"embeddable":true,"href":"https:\/\/transamerica93.com.br\/home\/wp-json\/wp\/v2\/comments?post=2307"}],"version-history":[{"count":1,"href":"https:\/\/transamerica93.com.br\/home\/wp-json\/wp\/v2\/posts\/2307\/revisions"}],"predecessor-version":[{"id":2310,"href":"https:\/\/transamerica93.com.br\/home\/wp-json\/wp\/v2\/posts\/2307\/revisions\/2310"}],"wp:featuredmedia":[{"embeddable":true,"href":"https:\/\/transamerica93.com.br\/home\/wp-json\/wp\/v2\/media\/2309"}],"wp:attachment":[{"href":"https:\/\/transamerica93.com.br\/home\/wp-json\/wp\/v2\/media?parent=2307"}],"wp:term":[{"taxonomy":"category","embeddable":true,"href":"https:\/\/transamerica93.com.br\/home\/wp-json\/wp\/v2\/categories?post=2307"},{"taxonomy":"post_tag","embeddable":true,"href":"https:\/\/transamerica93.com.br\/home\/wp-json\/wp\/v2\/tags?post=2307"}],"curies":[{"name":"wp","href":"https:\/\/api.w.org\/{rel}","templated":true}]}}