{"id":2312,"date":"2024-01-06T09:47:36","date_gmt":"2024-01-06T12:47:36","guid":{"rendered":"https:\/\/transamerica93.com.br\/home\/?p=2312"},"modified":"2024-01-06T09:47:36","modified_gmt":"2024-01-06T12:47:36","slug":"morre-zagallo-maior-campeao-da-copa-do-mundo-aos-92-anos","status":"publish","type":"post","link":"https:\/\/transamerica93.com.br\/home\/morre-zagallo-maior-campeao-da-copa-do-mundo-aos-92-anos\/","title":{"rendered":"Morre Zagallo, maior campe\u00e3o da Copa do Mundo, aos 92 anos"},"content":{"rendered":"<div class=\"post-item-wrap\">\n<p>&#8220;Brasil campe\u00e3o tem 13 letras&#8221;. Escutar essa frase \u00e9 lembrar de M\u00e1rio Jorge Lobo Zagallo. Uma das raz\u00f5es \u00e9 o apego dele ao n\u00famero 13, que surgiu com a esposa Alcina, devota de Santo Ant\u00f4nio (cuja data \u00e9 comemorada em um dia 13). A outra \u00e9 a hist\u00f3ria vitoriosa, de mais de meio s\u00e9culo, dedicada \u00e0 sele\u00e7\u00e3o brasileira \u2013 dentro ou fora de campo.<img decoding=\"async\" data-src=\"https:\/\/agenciabrasil.ebc.com.br\/ebc.png?id=1575367&amp;o=node\" src=\"data:image\/svg+xml;base64,PHN2ZyB3aWR0aD0iMSIgaGVpZ2h0PSIxIiB4bWxucz0iaHR0cDovL3d3dy53My5vcmcvMjAwMC9zdmciPjwvc3ZnPg==\" class=\"lazyload\" \/><img decoding=\"async\" data-src=\"https:\/\/agenciabrasil.ebc.com.br\/ebc.gif?id=1575367&amp;o=node\" src=\"data:image\/svg+xml;base64,PHN2ZyB3aWR0aD0iMSIgaGVpZ2h0PSIxIiB4bWxucz0iaHR0cDovL3d3dy53My5vcmcvMjAwMC9zdmciPjwvc3ZnPg==\" class=\"lazyload\" \/><\/p>\n<p>Simplesmente quatro dos cinco t\u00edtulos mundiais da sele\u00e7\u00e3o amarelinha tiveram participa\u00e7\u00e3o do Velho Lobo: dois como atleta, um como t\u00e9cnico e um como coordenador t\u00e9cnico.<\/p>\n<p>M\u00e1rio Jorge Lobo Zagallo morreu \u00e0s 23:41 desta sexta-feira (5). O velho Lobo, tetracampe\u00e3o mundial como jogador, t\u00e9cnico e auxiliar t\u00e9cnico com a Sele\u00e7\u00e3o Brasileira, tinha 92 anos. O Hospital Barra D&#8217;Or, onde o \u00eddolo estava internado desde o final do ano passado, comunicou que ele n\u00e3o resistiu a uma fal\u00eancia m\u00faltipla de \u00f3rg\u00e3os resultante de progress\u00e3o de m\u00faltiplas comorbidades previamente existentes.<\/p>\n<p>A Confedera\u00e7\u00e3o Brasileira de Futebol decretou tamb\u00e9m luto de sete dias em homenagem \u00e0 mem\u00f3ria do seu eterno campe\u00e3o. Em nota, o presidente da CBF Ednaldo Rodrigues lamentou a morte da &#8220;lenda&#8221;:<\/p>\n<blockquote><p>&#8220;A CBF e o futebol brasileiro lamentam a morte de uma das suas maiores lendas, M\u00e1rio Jorge Lobo Zagallo.\u00a0 A CBF presta solidariedade aos seus familiares e f\u00e3s neste momento de pesar pela partida deste \u00eddolo do nosso futebol.&#8221;<\/p><\/blockquote>\n<p>O vel\u00f3rio ser\u00e1 na sede da Confedera\u00e7\u00e3o Brasileira de Futebol (CBF), na Barra da Tijuca, no Rio de Janeiro, a partir das 9h30 deste domingo. A solenidade ser\u00e1 aberta ao p\u00fablico. O sepultamento ocorrer\u00e1 \u00e0s 16h do mesmo domingo no Cemit\u00e9rio S\u00e3o Jo\u00e3o Batista.<\/p>\n<h2>Trajet\u00f3ria<\/h2>\n<p>Zagallo era alagoano de Atalaia, nascido em 8 de agosto de 1931. Antes de completar um ano, mudou-se com a fam\u00edlia para o Rio de Janeiro. O talento com a bola nos p\u00e9s chamou aten\u00e7\u00e3o na peneira em que foi aprovado para o time infantil do Am\u00e9rica-RJ, na Tijuca, bairro da zona norte carioca onde morava. Pelo Mec\u00e3o, foi campe\u00e3o carioca de Amadores em 1949, como juvenil, antes de se transferir para o Flamengo.<\/p>\n<p>Antes de brilhar no Rubro-Negro, onde foi tricampe\u00e3o carioca (1953 a 1955), ele foi recrutado pelo Ex\u00e9rcito. Em 1950, trabalhando como seguran\u00e7a no Maracan\u00e3, viu de perto o uruguaio Alcides Ghiggia silenciar o Maior do Mundo e adiar o sonho do ent\u00e3o in\u00e9dito t\u00edtulo mundial brasileiro. Hist\u00f3ria que o ent\u00e3o soldado Zagallo ajudaria a mudar anos depois.<\/p>\n<p>A conquista da Ta\u00e7a Oswaldo Cruz (disputada pelas sele\u00e7\u00f5es de Brasil e Paraguai) em 1958 foi o come\u00e7o da trajet\u00f3ria de Zagallo na sele\u00e7\u00e3o. Ele vestiu a amarelinha em 36 ocasi\u00f5es e marcou seis gols. Um na final da Copa do Mundo daquele ano, na vit\u00f3ria por 5 a 2 sobre a anfitri\u00e3 Su\u00e9cia, estampando a primeira estrela no peito brasileiro. E o ponta-esquerda deixou clara a import\u00e2ncia t\u00e1tica \u2013 defensiva e ofensiva \u2013 que lhe rendeu o apelido &#8220;formiguinha&#8221;.<\/p>\n<p>Foi tamb\u00e9m em 1958 que a passagem de Zagallo pelo Flamengo chegou ao fim, com a mudan\u00e7a para o Botafogo. Foram sete anos na Estrela Solit\u00e1ria, ao lado de Nilton Santos, Didi e Garrincha, com dois t\u00edtulos cariocas (1961 e 1962) e dois Torneios Rio-S\u00e3o Paulo (1962 e 1964). Foi tamb\u00e9m vestindo a camisa alvinegra que o ponta-esquerda ajudou o Brasil a erguer a ta\u00e7a Jules Rimet pela segunda vez, em 1962, no Chile.<\/p>\n<h2>Treinador<\/h2>\n<p>Zagallo deixou os gramados aos 34 anos, iniciando a carreira como treinador. Em 1966, assumiu justamente o Botafogo, sendo bicampe\u00e3o carioca (1967 e 1968) e conduzindo o Glorioso ao primeiro t\u00edtulo brasileiro, em 1968.<\/p>\n<p>\u00c0s v\u00e9speras da Copa do Mundo de 1970, o Velho Lobo foi chamado para comandar o Brasil no M\u00e9xico. Ele teria menos de cem dias para trabalhar. Ainda assim, decidiu mexer no time que era de Jo\u00e3o Saldanha. Uma das altera\u00e7\u00f5es mais marcantes foi a escolha dos cinco jogadores mais avan\u00e7ados. Com G\u00e9rson, Rivellino, Tost\u00e3o, Pel\u00e9 e Jairzinho, todos camisas 10 nos respectivos clubes, a sele\u00e7\u00e3o conquistou o tri.<\/p>\n<p>Ap\u00f3s dirigir o Brasil na Copa de 1974, Zagallo passou por diferentes clubes e pa\u00edses (Kuwait, Ar\u00e1bia Saudita e Emirados \u00c1rabes Unidos), at\u00e9 retornar \u00e0 sele\u00e7\u00e3o em 1991, como coordenador t\u00e9cnico. Ao lado de Carlos Alberto Parreira, fez parte da comiss\u00e3o do tetracampeonato mundial, sendo escolhido para suceder o treinador campe\u00e3o.<\/p>\n<p>A nova passagem \u00e0 frente da amarelinha teve momentos amargos, como a elimina\u00e7\u00e3o na semifinal da Olimp\u00edada de Atlanta (Estados Unidos) para a Nig\u00e9ria, mas tamb\u00e9m de conquistas, como a da Copa das Confedera\u00e7\u00f5es e da Copa Am\u00e9rica, ambos em 1997. Esta \u00faltima foi especial, por ser a primeira do Brasil longe de casa. Ap\u00f3s derrotar a anfitri\u00e3 Bol\u00edvia na final, por 3 a 1, na altitude de La Paz, o Velho Lobo disparou contra os cr\u00edticos a famosa frase: &#8220;Voc\u00eas v\u00e3o ter que me engolir!&#8221;.<\/p>\n<p>O vice-campeonato mundial na Fran\u00e7a, em 1998, deu fim \u00e0 segunda passagem de Zagallo no comando da sele\u00e7\u00e3o brasileira.<\/p>\n<p>Ele dirigiu Portuguesa e Flamengo (onde venceu o Carioca e a Copa dos Campe\u00f5es de 2001) antes de, depois do penta, em 2002, reeditar a parceria com Parreira, novamente como coordenador t\u00e9cnico. A dupla levantou as ta\u00e7as das Copas Am\u00e9rica de 2004 e das Confedera\u00e7\u00f5es de 2005. O adeus nas quartas de final da Copa do Mundo de 2006, na Alemanha, foi tamb\u00e9m o \u00faltimo trabalho do Velho Lobo, aos 75 anos.<\/p>\n<p>Foram 135 partidas \u00e0 frente do Brasil, com 79,7% de aproveitamento, sendo o treinador com mais jogos no comando da sele\u00e7\u00e3o. Como coordenador, ele participou de outros 72 jogos (65,7% de aproveitamento). Pois \u00e9, &#8220;Zagallo craque&#8221; n\u00e3o tem 13 letras a toa.<\/p>\n<p><em>*Colaborou o rep\u00f3rter Juliano Justo, da\u00a0<strong>EBC<\/strong><\/em><\/p>\n<\/div>\n<p class=\"alt-font font-italic my-2 small text-info\">Edi\u00e7\u00e3o: Denise Griesinger<\/p>\n","protected":false},"excerpt":{"rendered":"<p>&#8220;Brasil campe\u00e3o tem 13 letras&#8221;. Escutar essa frase \u00e9 lembrar de M\u00e1rio Jorge Lobo Zagallo. Uma das raz\u00f5es \u00e9 o apego dele ao n\u00famero 13, que surgiu com a esposa Alcina, devota de Santo Ant\u00f4nio (cuja data \u00e9 comemorada em um dia 13). A outra \u00e9 a hist\u00f3ria vitoriosa, de mais de meio s\u00e9culo, dedicada &hellip;<\/p>\n","protected":false},"author":1,"featured_media":2313,"comment_status":"closed","ping_status":"closed","sticky":false,"template":"","format":"standard","meta":{"footnotes":""},"categories":[31],"tags":[],"class_list":["post-2312","post","type-post","status-publish","format-standard","has-post-thumbnail","hentry","category-esportes"],"yoast_head":"<!-- This site is optimized with the Yoast SEO plugin v27.4 - https:\/\/yoast.com\/product\/yoast-seo-wordpress\/ -->\n<title>Morre Zagallo, maior campe\u00e3o da Copa do Mundo, aos 92 anos - Transam\u00e9rica Mococa 93,3<\/title>\n<meta name=\"robots\" content=\"index, follow, max-snippet:-1, max-image-preview:large, max-video-preview:-1\" \/>\n<link rel=\"canonical\" href=\"https:\/\/transamerica93.com.br\/home\/morre-zagallo-maior-campeao-da-copa-do-mundo-aos-92-anos\/\" \/>\n<meta property=\"og:locale\" content=\"pt_BR\" \/>\n<meta property=\"og:type\" content=\"article\" \/>\n<meta property=\"og:title\" content=\"Morre Zagallo, maior campe\u00e3o da Copa do Mundo, aos 92 anos - Transam\u00e9rica Mococa 93,3\" \/>\n<meta property=\"og:description\" content=\"&#8220;Brasil campe\u00e3o tem 13 letras&#8221;. Escutar essa frase \u00e9 lembrar de M\u00e1rio Jorge Lobo Zagallo. Uma das raz\u00f5es \u00e9 o apego dele ao n\u00famero 13, que surgiu com a esposa Alcina, devota de Santo Ant\u00f4nio (cuja data \u00e9 comemorada em um dia 13). A outra \u00e9 a hist\u00f3ria vitoriosa, de mais de meio s\u00e9culo, dedicada &hellip;\" \/>\n<meta property=\"og:url\" content=\"https:\/\/transamerica93.com.br\/home\/morre-zagallo-maior-campeao-da-copa-do-mundo-aos-92-anos\/\" \/>\n<meta property=\"og:site_name\" content=\"Transam\u00e9rica Mococa 93,3\" \/>\n<meta property=\"article:publisher\" content=\"https:\/\/www.facebook.com\/transamericamococa\" \/>\n<meta property=\"article:published_time\" content=\"2024-01-06T12:47:36+00:00\" \/>\n<meta property=\"og:image\" content=\"https:\/\/transamerica93.com.br\/home\/wp-content\/uploads\/2024\/01\/zagallo.jpg\" \/>\n\t<meta property=\"og:image:width\" content=\"1170\" \/>\n\t<meta property=\"og:image:height\" content=\"700\" \/>\n\t<meta property=\"og:image:type\" content=\"image\/jpeg\" \/>\n<meta name=\"author\" content=\"Reda\u00e7\u00e3o\" \/>\n<meta name=\"twitter:card\" content=\"summary_large_image\" \/>\n<meta name=\"twitter:creator\" content=\"@transamerica933\" \/>\n<meta name=\"twitter:site\" content=\"@transamerica933\" \/>\n<meta name=\"twitter:label1\" content=\"Escrito por\" \/>\n\t<meta name=\"twitter:data1\" content=\"Reda\u00e7\u00e3o\" \/>\n\t<meta name=\"twitter:label2\" content=\"Est. tempo de leitura\" \/>\n\t<meta name=\"twitter:data2\" content=\"6 minutos\" \/>\n<script type=\"application\/ld+json\" class=\"yoast-schema-graph\">{\"@context\":\"https:\\\/\\\/schema.org\",\"@graph\":[{\"@type\":\"Article\",\"@id\":\"https:\\\/\\\/transamerica93.com.br\\\/home\\\/morre-zagallo-maior-campeao-da-copa-do-mundo-aos-92-anos\\\/#article\",\"isPartOf\":{\"@id\":\"https:\\\/\\\/transamerica93.com.br\\\/home\\\/morre-zagallo-maior-campeao-da-copa-do-mundo-aos-92-anos\\\/\"},\"author\":{\"name\":\"Reda\u00e7\u00e3o\",\"@id\":\"https:\\\/\\\/transamerica93.com.br\\\/home\\\/#\\\/schema\\\/person\\\/7fed7c99c0d4562efa8561bc0f543172\"},\"headline\":\"Morre Zagallo, maior campe\u00e3o da Copa do Mundo, aos 92 anos\",\"datePublished\":\"2024-01-06T12:47:36+00:00\",\"mainEntityOfPage\":{\"@id\":\"https:\\\/\\\/transamerica93.com.br\\\/home\\\/morre-zagallo-maior-campeao-da-copa-do-mundo-aos-92-anos\\\/\"},\"wordCount\":996,\"publisher\":{\"@id\":\"https:\\\/\\\/transamerica93.com.br\\\/home\\\/#organization\"},\"image\":{\"@id\":\"https:\\\/\\\/transamerica93.com.br\\\/home\\\/morre-zagallo-maior-campeao-da-copa-do-mundo-aos-92-anos\\\/#primaryimage\"},\"thumbnailUrl\":\"https:\\\/\\\/transamerica93.com.br\\\/home\\\/wp-content\\\/uploads\\\/2024\\\/01\\\/zagallo.jpg\",\"articleSection\":[\"Esportes\"],\"inLanguage\":\"pt-BR\"},{\"@type\":\"WebPage\",\"@id\":\"https:\\\/\\\/transamerica93.com.br\\\/home\\\/morre-zagallo-maior-campeao-da-copa-do-mundo-aos-92-anos\\\/\",\"url\":\"https:\\\/\\\/transamerica93.com.br\\\/home\\\/morre-zagallo-maior-campeao-da-copa-do-mundo-aos-92-anos\\\/\",\"name\":\"Morre Zagallo, maior campe\u00e3o da Copa do Mundo, aos 92 anos - Transam\u00e9rica Mococa 93,3\",\"isPartOf\":{\"@id\":\"https:\\\/\\\/transamerica93.com.br\\\/home\\\/#website\"},\"primaryImageOfPage\":{\"@id\":\"https:\\\/\\\/transamerica93.com.br\\\/home\\\/morre-zagallo-maior-campeao-da-copa-do-mundo-aos-92-anos\\\/#primaryimage\"},\"image\":{\"@id\":\"https:\\\/\\\/transamerica93.com.br\\\/home\\\/morre-zagallo-maior-campeao-da-copa-do-mundo-aos-92-anos\\\/#primaryimage\"},\"thumbnailUrl\":\"https:\\\/\\\/transamerica93.com.br\\\/home\\\/wp-content\\\/uploads\\\/2024\\\/01\\\/zagallo.jpg\",\"datePublished\":\"2024-01-06T12:47:36+00:00\",\"breadcrumb\":{\"@id\":\"https:\\\/\\\/transamerica93.com.br\\\/home\\\/morre-zagallo-maior-campeao-da-copa-do-mundo-aos-92-anos\\\/#breadcrumb\"},\"inLanguage\":\"pt-BR\",\"potentialAction\":[{\"@type\":\"ReadAction\",\"target\":[\"https:\\\/\\\/transamerica93.com.br\\\/home\\\/morre-zagallo-maior-campeao-da-copa-do-mundo-aos-92-anos\\\/\"]}]},{\"@type\":\"ImageObject\",\"inLanguage\":\"pt-BR\",\"@id\":\"https:\\\/\\\/transamerica93.com.br\\\/home\\\/morre-zagallo-maior-campeao-da-copa-do-mundo-aos-92-anos\\\/#primaryimage\",\"url\":\"https:\\\/\\\/transamerica93.com.br\\\/home\\\/wp-content\\\/uploads\\\/2024\\\/01\\\/zagallo.jpg\",\"contentUrl\":\"https:\\\/\\\/transamerica93.com.br\\\/home\\\/wp-content\\\/uploads\\\/2024\\\/01\\\/zagallo.jpg\",\"width\":1170,\"height\":700,\"caption\":\"\u00a9 Instagram\\\/ZagalloOficial\"},{\"@type\":\"BreadcrumbList\",\"@id\":\"https:\\\/\\\/transamerica93.com.br\\\/home\\\/morre-zagallo-maior-campeao-da-copa-do-mundo-aos-92-anos\\\/#breadcrumb\",\"itemListElement\":[{\"@type\":\"ListItem\",\"position\":1,\"name\":\"In\u00edcio\",\"item\":\"https:\\\/\\\/transamerica93.com.br\\\/home\\\/\"},{\"@type\":\"ListItem\",\"position\":2,\"name\":\"Morre Zagallo, maior campe\u00e3o da Copa do Mundo, aos 92 anos\"}]},{\"@type\":\"WebSite\",\"@id\":\"https:\\\/\\\/transamerica93.com.br\\\/home\\\/#website\",\"url\":\"https:\\\/\\\/transamerica93.com.br\\\/home\\\/\",\"name\":\"Transam\u00e9rica Mococa 93,3\",\"description\":\"\",\"publisher\":{\"@id\":\"https:\\\/\\\/transamerica93.com.br\\\/home\\\/#organization\"},\"potentialAction\":[{\"@type\":\"SearchAction\",\"target\":{\"@type\":\"EntryPoint\",\"urlTemplate\":\"https:\\\/\\\/transamerica93.com.br\\\/home\\\/?s={search_term_string}\"},\"query-input\":{\"@type\":\"PropertyValueSpecification\",\"valueRequired\":true,\"valueName\":\"search_term_string\"}}],\"inLanguage\":\"pt-BR\"},{\"@type\":\"Organization\",\"@id\":\"https:\\\/\\\/transamerica93.com.br\\\/home\\\/#organization\",\"name\":\"Transam\u00e9rica Mococa 93,3\",\"url\":\"https:\\\/\\\/transamerica93.com.br\\\/home\\\/\",\"logo\":{\"@type\":\"ImageObject\",\"inLanguage\":\"pt-BR\",\"@id\":\"https:\\\/\\\/transamerica93.com.br\\\/home\\\/#\\\/schema\\\/logo\\\/image\\\/\",\"url\":\"https:\\\/\\\/transamerica93.com.br\\\/home\\\/wp-content\\\/uploads\\\/2023\\\/10\\\/logo2.png\",\"contentUrl\":\"https:\\\/\\\/transamerica93.com.br\\\/home\\\/wp-content\\\/uploads\\\/2023\\\/10\\\/logo2.png\",\"width\":800,\"height\":500,\"caption\":\"Transam\u00e9rica Mococa 93,3\"},\"image\":{\"@id\":\"https:\\\/\\\/transamerica93.com.br\\\/home\\\/#\\\/schema\\\/logo\\\/image\\\/\"},\"sameAs\":[\"https:\\\/\\\/www.facebook.com\\\/transamericamococa\",\"https:\\\/\\\/x.com\\\/transamerica933\",\"https:\\\/\\\/www.instagram.com\\\/transamericamococa\"]},{\"@type\":\"Person\",\"@id\":\"https:\\\/\\\/transamerica93.com.br\\\/home\\\/#\\\/schema\\\/person\\\/7fed7c99c0d4562efa8561bc0f543172\",\"name\":\"Reda\u00e7\u00e3o\",\"image\":{\"@type\":\"ImageObject\",\"inLanguage\":\"pt-BR\",\"@id\":\"https:\\\/\\\/secure.gravatar.com\\\/avatar\\\/1072c6b775fb02ef8506ce967551d95926669a6b7d2c2147b42eea4d7c68395e?s=96&d=mm&r=g\",\"url\":\"https:\\\/\\\/secure.gravatar.com\\\/avatar\\\/1072c6b775fb02ef8506ce967551d95926669a6b7d2c2147b42eea4d7c68395e?s=96&d=mm&r=g\",\"contentUrl\":\"https:\\\/\\\/secure.gravatar.com\\\/avatar\\\/1072c6b775fb02ef8506ce967551d95926669a6b7d2c2147b42eea4d7c68395e?s=96&d=mm&r=g\",\"caption\":\"Reda\u00e7\u00e3o\"},\"sameAs\":[\"https:\\\/\\\/transamerica93.com.br\\\/home\"],\"url\":\"https:\\\/\\\/transamerica93.com.br\\\/home\\\/author\\\/william\\\/\"}]}<\/script>\n<!-- \/ Yoast SEO plugin. -->","yoast_head_json":{"title":"Morre Zagallo, maior campe\u00e3o da Copa do Mundo, aos 92 anos - Transam\u00e9rica Mococa 93,3","robots":{"index":"index","follow":"follow","max-snippet":"max-snippet:-1","max-image-preview":"max-image-preview:large","max-video-preview":"max-video-preview:-1"},"canonical":"https:\/\/transamerica93.com.br\/home\/morre-zagallo-maior-campeao-da-copa-do-mundo-aos-92-anos\/","og_locale":"pt_BR","og_type":"article","og_title":"Morre Zagallo, maior campe\u00e3o da Copa do Mundo, aos 92 anos - Transam\u00e9rica Mococa 93,3","og_description":"&#8220;Brasil campe\u00e3o tem 13 letras&#8221;. Escutar essa frase \u00e9 lembrar de M\u00e1rio Jorge Lobo Zagallo. Uma das raz\u00f5es \u00e9 o apego dele ao n\u00famero 13, que surgiu com a esposa Alcina, devota de Santo Ant\u00f4nio (cuja data \u00e9 comemorada em um dia 13). A outra \u00e9 a hist\u00f3ria vitoriosa, de mais de meio s\u00e9culo, dedicada &hellip;","og_url":"https:\/\/transamerica93.com.br\/home\/morre-zagallo-maior-campeao-da-copa-do-mundo-aos-92-anos\/","og_site_name":"Transam\u00e9rica Mococa 93,3","article_publisher":"https:\/\/www.facebook.com\/transamericamococa","article_published_time":"2024-01-06T12:47:36+00:00","og_image":[{"width":1170,"height":700,"url":"https:\/\/transamerica93.com.br\/home\/wp-content\/uploads\/2024\/01\/zagallo.jpg","type":"image\/jpeg"}],"author":"Reda\u00e7\u00e3o","twitter_card":"summary_large_image","twitter_creator":"@transamerica933","twitter_site":"@transamerica933","twitter_misc":{"Escrito por":"Reda\u00e7\u00e3o","Est. tempo de leitura":"6 minutos"},"schema":{"@context":"https:\/\/schema.org","@graph":[{"@type":"Article","@id":"https:\/\/transamerica93.com.br\/home\/morre-zagallo-maior-campeao-da-copa-do-mundo-aos-92-anos\/#article","isPartOf":{"@id":"https:\/\/transamerica93.com.br\/home\/morre-zagallo-maior-campeao-da-copa-do-mundo-aos-92-anos\/"},"author":{"name":"Reda\u00e7\u00e3o","@id":"https:\/\/transamerica93.com.br\/home\/#\/schema\/person\/7fed7c99c0d4562efa8561bc0f543172"},"headline":"Morre Zagallo, maior campe\u00e3o da Copa do Mundo, aos 92 anos","datePublished":"2024-01-06T12:47:36+00:00","mainEntityOfPage":{"@id":"https:\/\/transamerica93.com.br\/home\/morre-zagallo-maior-campeao-da-copa-do-mundo-aos-92-anos\/"},"wordCount":996,"publisher":{"@id":"https:\/\/transamerica93.com.br\/home\/#organization"},"image":{"@id":"https:\/\/transamerica93.com.br\/home\/morre-zagallo-maior-campeao-da-copa-do-mundo-aos-92-anos\/#primaryimage"},"thumbnailUrl":"https:\/\/transamerica93.com.br\/home\/wp-content\/uploads\/2024\/01\/zagallo.jpg","articleSection":["Esportes"],"inLanguage":"pt-BR"},{"@type":"WebPage","@id":"https:\/\/transamerica93.com.br\/home\/morre-zagallo-maior-campeao-da-copa-do-mundo-aos-92-anos\/","url":"https:\/\/transamerica93.com.br\/home\/morre-zagallo-maior-campeao-da-copa-do-mundo-aos-92-anos\/","name":"Morre Zagallo, maior campe\u00e3o da Copa do Mundo, aos 92 anos - Transam\u00e9rica Mococa 93,3","isPartOf":{"@id":"https:\/\/transamerica93.com.br\/home\/#website"},"primaryImageOfPage":{"@id":"https:\/\/transamerica93.com.br\/home\/morre-zagallo-maior-campeao-da-copa-do-mundo-aos-92-anos\/#primaryimage"},"image":{"@id":"https:\/\/transamerica93.com.br\/home\/morre-zagallo-maior-campeao-da-copa-do-mundo-aos-92-anos\/#primaryimage"},"thumbnailUrl":"https:\/\/transamerica93.com.br\/home\/wp-content\/uploads\/2024\/01\/zagallo.jpg","datePublished":"2024-01-06T12:47:36+00:00","breadcrumb":{"@id":"https:\/\/transamerica93.com.br\/home\/morre-zagallo-maior-campeao-da-copa-do-mundo-aos-92-anos\/#breadcrumb"},"inLanguage":"pt-BR","potentialAction":[{"@type":"ReadAction","target":["https:\/\/transamerica93.com.br\/home\/morre-zagallo-maior-campeao-da-copa-do-mundo-aos-92-anos\/"]}]},{"@type":"ImageObject","inLanguage":"pt-BR","@id":"https:\/\/transamerica93.com.br\/home\/morre-zagallo-maior-campeao-da-copa-do-mundo-aos-92-anos\/#primaryimage","url":"https:\/\/transamerica93.com.br\/home\/wp-content\/uploads\/2024\/01\/zagallo.jpg","contentUrl":"https:\/\/transamerica93.com.br\/home\/wp-content\/uploads\/2024\/01\/zagallo.jpg","width":1170,"height":700,"caption":"\u00a9 Instagram\/ZagalloOficial"},{"@type":"BreadcrumbList","@id":"https:\/\/transamerica93.com.br\/home\/morre-zagallo-maior-campeao-da-copa-do-mundo-aos-92-anos\/#breadcrumb","itemListElement":[{"@type":"ListItem","position":1,"name":"In\u00edcio","item":"https:\/\/transamerica93.com.br\/home\/"},{"@type":"ListItem","position":2,"name":"Morre Zagallo, maior campe\u00e3o da Copa do Mundo, aos 92 anos"}]},{"@type":"WebSite","@id":"https:\/\/transamerica93.com.br\/home\/#website","url":"https:\/\/transamerica93.com.br\/home\/","name":"Transam\u00e9rica Mococa 93,3","description":"","publisher":{"@id":"https:\/\/transamerica93.com.br\/home\/#organization"},"potentialAction":[{"@type":"SearchAction","target":{"@type":"EntryPoint","urlTemplate":"https:\/\/transamerica93.com.br\/home\/?s={search_term_string}"},"query-input":{"@type":"PropertyValueSpecification","valueRequired":true,"valueName":"search_term_string"}}],"inLanguage":"pt-BR"},{"@type":"Organization","@id":"https:\/\/transamerica93.com.br\/home\/#organization","name":"Transam\u00e9rica Mococa 93,3","url":"https:\/\/transamerica93.com.br\/home\/","logo":{"@type":"ImageObject","inLanguage":"pt-BR","@id":"https:\/\/transamerica93.com.br\/home\/#\/schema\/logo\/image\/","url":"https:\/\/transamerica93.com.br\/home\/wp-content\/uploads\/2023\/10\/logo2.png","contentUrl":"https:\/\/transamerica93.com.br\/home\/wp-content\/uploads\/2023\/10\/logo2.png","width":800,"height":500,"caption":"Transam\u00e9rica Mococa 93,3"},"image":{"@id":"https:\/\/transamerica93.com.br\/home\/#\/schema\/logo\/image\/"},"sameAs":["https:\/\/www.facebook.com\/transamericamococa","https:\/\/x.com\/transamerica933","https:\/\/www.instagram.com\/transamericamococa"]},{"@type":"Person","@id":"https:\/\/transamerica93.com.br\/home\/#\/schema\/person\/7fed7c99c0d4562efa8561bc0f543172","name":"Reda\u00e7\u00e3o","image":{"@type":"ImageObject","inLanguage":"pt-BR","@id":"https:\/\/secure.gravatar.com\/avatar\/1072c6b775fb02ef8506ce967551d95926669a6b7d2c2147b42eea4d7c68395e?s=96&d=mm&r=g","url":"https:\/\/secure.gravatar.com\/avatar\/1072c6b775fb02ef8506ce967551d95926669a6b7d2c2147b42eea4d7c68395e?s=96&d=mm&r=g","contentUrl":"https:\/\/secure.gravatar.com\/avatar\/1072c6b775fb02ef8506ce967551d95926669a6b7d2c2147b42eea4d7c68395e?s=96&d=mm&r=g","caption":"Reda\u00e7\u00e3o"},"sameAs":["https:\/\/transamerica93.com.br\/home"],"url":"https:\/\/transamerica93.com.br\/home\/author\/william\/"}]}},"_links":{"self":[{"href":"https:\/\/transamerica93.com.br\/home\/wp-json\/wp\/v2\/posts\/2312","targetHints":{"allow":["GET"]}}],"collection":[{"href":"https:\/\/transamerica93.com.br\/home\/wp-json\/wp\/v2\/posts"}],"about":[{"href":"https:\/\/transamerica93.com.br\/home\/wp-json\/wp\/v2\/types\/post"}],"author":[{"embeddable":true,"href":"https:\/\/transamerica93.com.br\/home\/wp-json\/wp\/v2\/users\/1"}],"replies":[{"embeddable":true,"href":"https:\/\/transamerica93.com.br\/home\/wp-json\/wp\/v2\/comments?post=2312"}],"version-history":[{"count":1,"href":"https:\/\/transamerica93.com.br\/home\/wp-json\/wp\/v2\/posts\/2312\/revisions"}],"predecessor-version":[{"id":2314,"href":"https:\/\/transamerica93.com.br\/home\/wp-json\/wp\/v2\/posts\/2312\/revisions\/2314"}],"wp:featuredmedia":[{"embeddable":true,"href":"https:\/\/transamerica93.com.br\/home\/wp-json\/wp\/v2\/media\/2313"}],"wp:attachment":[{"href":"https:\/\/transamerica93.com.br\/home\/wp-json\/wp\/v2\/media?parent=2312"}],"wp:term":[{"taxonomy":"category","embeddable":true,"href":"https:\/\/transamerica93.com.br\/home\/wp-json\/wp\/v2\/categories?post=2312"},{"taxonomy":"post_tag","embeddable":true,"href":"https:\/\/transamerica93.com.br\/home\/wp-json\/wp\/v2\/tags?post=2312"}],"curies":[{"name":"wp","href":"https:\/\/api.w.org\/{rel}","templated":true}]}}