{"id":2315,"date":"2024-01-07T19:40:05","date_gmt":"2024-01-07T22:40:05","guid":{"rendered":"https:\/\/transamerica93.com.br\/home\/?p=2315"},"modified":"2024-01-07T19:40:05","modified_gmt":"2024-01-07T22:40:05","slug":"tecnico-dorival-jr-deixa-o-sao-paulo-para-assumir-selecao-brasileira","status":"publish","type":"post","link":"https:\/\/transamerica93.com.br\/home\/tecnico-dorival-jr-deixa-o-sao-paulo-para-assumir-selecao-brasileira\/","title":{"rendered":"T\u00e9cnico Dorival Jr deixa o S\u00e3o Paulo para assumir sele\u00e7\u00e3o brasileira"},"content":{"rendered":"<div class=\"post-item-wrap\">\n<p>O treinador Dorival J\u00fanior, atual campe\u00e3o da Copa do Brasil pelo S\u00e3o Paulo, assumir\u00e1 o comando t\u00e9cnico da sele\u00e7\u00e3o brasileira masculina de futebol. Por meio do Twitter, o pr\u00f3prio\u00a0<a href=\"https:\/\/twitter.com\/saopaulofc\/status\/1744097528772014109?s=46&amp;t=eQ8lzWSb8b306rHyPGxKJw\"><strong>Tricolor Paulista confirmou a sa\u00edda do treinador,<\/strong><\/a>\u00a0ap\u00f3s o desligamento do clube.Dorival ser\u00e1 anunciado nos pr\u00f3ximos dias pela CBF como novo treinador da sele\u00e7\u00e3o, no lugar de Fernando Diniz, demitido na \u00faltima sexta-feira (7).<img decoding=\"async\" data-src=\"https:\/\/agenciabrasil.ebc.com.br\/ebc.png?id=1575440&amp;o=node\" src=\"data:image\/svg+xml;base64,PHN2ZyB3aWR0aD0iMSIgaGVpZ2h0PSIxIiB4bWxucz0iaHR0cDovL3d3dy53My5vcmcvMjAwMC9zdmciPjwvc3ZnPg==\" class=\"lazyload\" \/><img decoding=\"async\" data-src=\"https:\/\/agenciabrasil.ebc.com.br\/ebc.gif?id=1575440&amp;o=node\" src=\"data:image\/svg+xml;base64,PHN2ZyB3aWR0aD0iMSIgaGVpZ2h0PSIxIiB4bWxucz0iaHR0cDovL3d3dy53My5vcmcvMjAwMC9zdmciPjwvc3ZnPg==\" class=\"lazyload\" \/><\/p>\n<blockquote><p>\u201c\u00c9 a realiza\u00e7\u00e3o de um sonho pessoal, que s\u00f3 foi poss\u00edvel porque tive o reconhecimento do trabalho desenvolvido no S\u00e3o Paulo. Por isso tenho de agradecer por ter feito parte desse importante per\u00edodo de reconstru\u00e7\u00e3o, liderado com compet\u00eancia pela presid\u00eancia e pela diretoria&#8221;,\u00a0\u00a0disse Dorival, de 61 anos, em comunicado feito neste domingo (7) \u00e0 dire\u00e7\u00e3o do Tricolor Paulista.<\/p><\/blockquote>\n<div class=\"dnd-widget-wrapper context-cheio_8colunas type-image\">\n<div class=\"dnd-atom-rendered\">\n<div class=\"shadow overflow-hidden rounded-lg d-block w-100\">\n<figure style=\"width: 754px\" class=\"wp-caption alignnone\"><img decoding=\"async\" class=\"flex-fill img-cover lazyload\" title=\"Reuters\/Ivan Alvarado\/Direitos Reservados\" data-src=\"https:\/\/imagens.ebc.com.br\/YTVVx1bdsxgyUN9oeWq2dmGfOu4=\/754x0\/smart\/https:\/\/agenciabrasil.ebc.com.br\/sites\/default\/files\/thumbnails\/image\/dorival_junior_tecnico_sao_paulo.jpg?itok=GHr86z4W\" alt=\"T\u00e9cnico Dorival J\u00fanior11\/03\/2020 REUTERS\/Ivan Alvarado\" width=\"754\" height=\"521\" src=\"data:image\/svg+xml;base64,PHN2ZyB3aWR0aD0iMSIgaGVpZ2h0PSIxIiB4bWxucz0iaHR0cDovL3d3dy53My5vcmcvMjAwMC9zdmciPjwvc3ZnPg==\" style=\"--smush-placeholder-width: 754px; --smush-placeholder-aspect-ratio: 754\/521;\" \/><figcaption class=\"wp-caption-text\">Nos \u00faltimos anos, Dorival J\u00fanior conquistou dois t\u00edtulos da Copa do Brasil &#8211; o mais recente como S\u00e3o Paulo, e o anterior com o Flamengo &#8211; e uma Copa Libertadores, tamb\u00e9m com o Fla em 2022. \u00a0&#8211; Reuters\/Ivan Alvarado\/Direitos Reservados<\/figcaption><\/figure>\n<\/div>\n<\/div>\n<\/div>\n<p>Al\u00e9m da passagem exitosa pelo S\u00e3o Paulo, com a conquista do in\u00e9dito t\u00edtulo da Copa do Brasil no ano passado, Dorival j\u00e1 havia se destacado na temporada de 2022 com o Flamengo. O treinador reergueu o clube carioca no meio temporada de 2022, quando assumiu o time, e fechou o ano com dois t\u00edtulos: Copa do Brasil e Copa Libertadores. Antes, em 2010, comandou o Santos, repleto de jovens jogadores como Neymar e Paulo Henrique Ganso, \u00e0 conquista da Copa do Brasil.<\/p>\n<p>\u201cO convite feito ao Dorival \u00e9 mais uma prova de que estamos no caminho certo. Em 2021, a CBF j\u00e1 havia chamado Muricy Ramalho, que seguir\u00e1 no S\u00e3o Paulo at\u00e9 o fim da minha gest\u00e3o. Agora, foi a vez do Dorival, que tinha uma proposta de reajuste e amplia\u00e7\u00e3o do contrato com o S\u00e3o Paulo tamb\u00e9m at\u00e9 o fim da minha gest\u00e3o, em 2026, com todas as garantias para uma estabilidade. Resta desejar boa sorte em seu novo desafio\u201d, disse J\u00falio Casares, prresidente do S\u00e3o Paulo Futebol Clube Julio Casares.<\/p>\n<p>Dorival J\u00fanior assumir\u00e1 a sele\u00e7\u00e3o brasileira em sexto lugar nas Eliminat\u00f3rias para a Copa do Mundo de 2026, com sede nos Estados Unidos, Canad\u00e1 e M\u00e9xico. Nas \u00faltimas seis partidas, sob comando de Diniz, a sele\u00e7\u00e3o colecionou tr\u00eas derrotas, um empate e duas vit\u00f3rias.<\/p>\n<p>Nascido em Araraquara (SP), Dorival passou a ser o preferido do presidente da CBF Ednaldo Rodrigues para dirigir a sele\u00e7\u00e3o, ap\u00f3s o t\u00e9cnico italiano Carlos Ancelotti renovar seu contrato com o Real Madrid (Espanha). Desde mar\u00e7o de 2023, Ednaldo Rodrigues alardeava que Ancelotti seria o substituto de Tite no comando da sele\u00e7\u00e3o, mas o sonho ruiu em 29 de dezembro, quando o italiano renovou o v\u00ednculo com o Real.<\/p>\n<\/div>\n<p class=\"alt-font font-italic my-2 small text-info\">Edi\u00e7\u00e3o: Cl\u00e1udia Soares Rodrigues<\/p>\n","protected":false},"excerpt":{"rendered":"<p>O treinador Dorival J\u00fanior, atual campe\u00e3o da Copa do Brasil pelo S\u00e3o Paulo, assumir\u00e1 o comando t\u00e9cnico da sele\u00e7\u00e3o brasileira masculina de futebol. Por meio do Twitter, o pr\u00f3prio\u00a0Tricolor Paulista confirmou a sa\u00edda do treinador,\u00a0ap\u00f3s o desligamento do clube.Dorival ser\u00e1 anunciado nos pr\u00f3ximos dias pela CBF como novo treinador da sele\u00e7\u00e3o, no lugar de Fernando &hellip;<\/p>\n","protected":false},"author":1,"featured_media":2316,"comment_status":"closed","ping_status":"closed","sticky":false,"template":"","format":"standard","meta":{"footnotes":""},"categories":[31],"tags":[],"class_list":["post-2315","post","type-post","status-publish","format-standard","has-post-thumbnail","hentry","category-esportes"],"yoast_head":"<!-- This site is optimized with the Yoast SEO plugin v27.4 - https:\/\/yoast.com\/product\/yoast-seo-wordpress\/ -->\n<title>T\u00e9cnico Dorival Jr deixa o S\u00e3o Paulo para assumir sele\u00e7\u00e3o brasileira - Transam\u00e9rica Mococa 93,3<\/title>\n<meta name=\"robots\" content=\"index, follow, max-snippet:-1, max-image-preview:large, max-video-preview:-1\" \/>\n<link rel=\"canonical\" href=\"https:\/\/transamerica93.com.br\/home\/tecnico-dorival-jr-deixa-o-sao-paulo-para-assumir-selecao-brasileira\/\" \/>\n<meta property=\"og:locale\" content=\"pt_BR\" \/>\n<meta property=\"og:type\" content=\"article\" \/>\n<meta property=\"og:title\" content=\"T\u00e9cnico Dorival Jr deixa o S\u00e3o Paulo para assumir sele\u00e7\u00e3o brasileira - Transam\u00e9rica Mococa 93,3\" \/>\n<meta property=\"og:description\" content=\"O treinador Dorival J\u00fanior, atual campe\u00e3o da Copa do Brasil pelo S\u00e3o Paulo, assumir\u00e1 o comando t\u00e9cnico da sele\u00e7\u00e3o brasileira masculina de futebol. Por meio do Twitter, o pr\u00f3prio\u00a0Tricolor Paulista confirmou a sa\u00edda do treinador,\u00a0ap\u00f3s o desligamento do clube.Dorival ser\u00e1 anunciado nos pr\u00f3ximos dias pela CBF como novo treinador da sele\u00e7\u00e3o, no lugar de Fernando &hellip;\" \/>\n<meta property=\"og:url\" content=\"https:\/\/transamerica93.com.br\/home\/tecnico-dorival-jr-deixa-o-sao-paulo-para-assumir-selecao-brasileira\/\" \/>\n<meta property=\"og:site_name\" content=\"Transam\u00e9rica Mococa 93,3\" \/>\n<meta property=\"article:publisher\" content=\"https:\/\/www.facebook.com\/transamericamococa\" \/>\n<meta property=\"article:published_time\" content=\"2024-01-07T22:40:05+00:00\" \/>\n<meta property=\"og:image\" content=\"https:\/\/transamerica93.com.br\/home\/wp-content\/uploads\/2024\/01\/dorival.jpg\" \/>\n\t<meta property=\"og:image:width\" content=\"800\" \/>\n\t<meta property=\"og:image:height\" content=\"500\" \/>\n\t<meta property=\"og:image:type\" content=\"image\/jpeg\" \/>\n<meta name=\"author\" content=\"Reda\u00e7\u00e3o\" \/>\n<meta name=\"twitter:card\" content=\"summary_large_image\" \/>\n<meta name=\"twitter:creator\" content=\"@transamerica933\" \/>\n<meta name=\"twitter:site\" content=\"@transamerica933\" \/>\n<meta name=\"twitter:label1\" content=\"Escrito por\" \/>\n\t<meta name=\"twitter:data1\" content=\"Reda\u00e7\u00e3o\" \/>\n\t<meta name=\"twitter:label2\" content=\"Est. tempo de leitura\" \/>\n\t<meta name=\"twitter:data2\" content=\"3 minutos\" \/>\n<script type=\"application\/ld+json\" class=\"yoast-schema-graph\">{\"@context\":\"https:\\\/\\\/schema.org\",\"@graph\":[{\"@type\":\"Article\",\"@id\":\"https:\\\/\\\/transamerica93.com.br\\\/home\\\/tecnico-dorival-jr-deixa-o-sao-paulo-para-assumir-selecao-brasileira\\\/#article\",\"isPartOf\":{\"@id\":\"https:\\\/\\\/transamerica93.com.br\\\/home\\\/tecnico-dorival-jr-deixa-o-sao-paulo-para-assumir-selecao-brasileira\\\/\"},\"author\":{\"name\":\"Reda\u00e7\u00e3o\",\"@id\":\"https:\\\/\\\/transamerica93.com.br\\\/home\\\/#\\\/schema\\\/person\\\/7fed7c99c0d4562efa8561bc0f543172\"},\"headline\":\"T\u00e9cnico Dorival Jr deixa o S\u00e3o Paulo para assumir sele\u00e7\u00e3o brasileira\",\"datePublished\":\"2024-01-07T22:40:05+00:00\",\"mainEntityOfPage\":{\"@id\":\"https:\\\/\\\/transamerica93.com.br\\\/home\\\/tecnico-dorival-jr-deixa-o-sao-paulo-para-assumir-selecao-brasileira\\\/\"},\"wordCount\":508,\"publisher\":{\"@id\":\"https:\\\/\\\/transamerica93.com.br\\\/home\\\/#organization\"},\"image\":{\"@id\":\"https:\\\/\\\/transamerica93.com.br\\\/home\\\/tecnico-dorival-jr-deixa-o-sao-paulo-para-assumir-selecao-brasileira\\\/#primaryimage\"},\"thumbnailUrl\":\"https:\\\/\\\/transamerica93.com.br\\\/home\\\/wp-content\\\/uploads\\\/2024\\\/01\\\/dorival.jpg\",\"articleSection\":[\"Esportes\"],\"inLanguage\":\"pt-BR\"},{\"@type\":\"WebPage\",\"@id\":\"https:\\\/\\\/transamerica93.com.br\\\/home\\\/tecnico-dorival-jr-deixa-o-sao-paulo-para-assumir-selecao-brasileira\\\/\",\"url\":\"https:\\\/\\\/transamerica93.com.br\\\/home\\\/tecnico-dorival-jr-deixa-o-sao-paulo-para-assumir-selecao-brasileira\\\/\",\"name\":\"T\u00e9cnico Dorival Jr deixa o S\u00e3o Paulo para assumir sele\u00e7\u00e3o brasileira - Transam\u00e9rica Mococa 93,3\",\"isPartOf\":{\"@id\":\"https:\\\/\\\/transamerica93.com.br\\\/home\\\/#website\"},\"primaryImageOfPage\":{\"@id\":\"https:\\\/\\\/transamerica93.com.br\\\/home\\\/tecnico-dorival-jr-deixa-o-sao-paulo-para-assumir-selecao-brasileira\\\/#primaryimage\"},\"image\":{\"@id\":\"https:\\\/\\\/transamerica93.com.br\\\/home\\\/tecnico-dorival-jr-deixa-o-sao-paulo-para-assumir-selecao-brasileira\\\/#primaryimage\"},\"thumbnailUrl\":\"https:\\\/\\\/transamerica93.com.br\\\/home\\\/wp-content\\\/uploads\\\/2024\\\/01\\\/dorival.jpg\",\"datePublished\":\"2024-01-07T22:40:05+00:00\",\"breadcrumb\":{\"@id\":\"https:\\\/\\\/transamerica93.com.br\\\/home\\\/tecnico-dorival-jr-deixa-o-sao-paulo-para-assumir-selecao-brasileira\\\/#breadcrumb\"},\"inLanguage\":\"pt-BR\",\"potentialAction\":[{\"@type\":\"ReadAction\",\"target\":[\"https:\\\/\\\/transamerica93.com.br\\\/home\\\/tecnico-dorival-jr-deixa-o-sao-paulo-para-assumir-selecao-brasileira\\\/\"]}]},{\"@type\":\"ImageObject\",\"inLanguage\":\"pt-BR\",\"@id\":\"https:\\\/\\\/transamerica93.com.br\\\/home\\\/tecnico-dorival-jr-deixa-o-sao-paulo-para-assumir-selecao-brasileira\\\/#primaryimage\",\"url\":\"https:\\\/\\\/transamerica93.com.br\\\/home\\\/wp-content\\\/uploads\\\/2024\\\/01\\\/dorival.jpg\",\"contentUrl\":\"https:\\\/\\\/transamerica93.com.br\\\/home\\\/wp-content\\\/uploads\\\/2024\\\/01\\\/dorival.jpg\",\"width\":800,\"height\":500,\"caption\":\"\u00a9 REUTERS\\\/Amanda Perobelli\\\/Direitos Reservados\"},{\"@type\":\"BreadcrumbList\",\"@id\":\"https:\\\/\\\/transamerica93.com.br\\\/home\\\/tecnico-dorival-jr-deixa-o-sao-paulo-para-assumir-selecao-brasileira\\\/#breadcrumb\",\"itemListElement\":[{\"@type\":\"ListItem\",\"position\":1,\"name\":\"In\u00edcio\",\"item\":\"https:\\\/\\\/transamerica93.com.br\\\/home\\\/\"},{\"@type\":\"ListItem\",\"position\":2,\"name\":\"T\u00e9cnico Dorival Jr deixa o S\u00e3o Paulo para assumir sele\u00e7\u00e3o brasileira\"}]},{\"@type\":\"WebSite\",\"@id\":\"https:\\\/\\\/transamerica93.com.br\\\/home\\\/#website\",\"url\":\"https:\\\/\\\/transamerica93.com.br\\\/home\\\/\",\"name\":\"Transam\u00e9rica Mococa 93,3\",\"description\":\"\",\"publisher\":{\"@id\":\"https:\\\/\\\/transamerica93.com.br\\\/home\\\/#organization\"},\"potentialAction\":[{\"@type\":\"SearchAction\",\"target\":{\"@type\":\"EntryPoint\",\"urlTemplate\":\"https:\\\/\\\/transamerica93.com.br\\\/home\\\/?s={search_term_string}\"},\"query-input\":{\"@type\":\"PropertyValueSpecification\",\"valueRequired\":true,\"valueName\":\"search_term_string\"}}],\"inLanguage\":\"pt-BR\"},{\"@type\":\"Organization\",\"@id\":\"https:\\\/\\\/transamerica93.com.br\\\/home\\\/#organization\",\"name\":\"Transam\u00e9rica Mococa 93,3\",\"url\":\"https:\\\/\\\/transamerica93.com.br\\\/home\\\/\",\"logo\":{\"@type\":\"ImageObject\",\"inLanguage\":\"pt-BR\",\"@id\":\"https:\\\/\\\/transamerica93.com.br\\\/home\\\/#\\\/schema\\\/logo\\\/image\\\/\",\"url\":\"https:\\\/\\\/transamerica93.com.br\\\/home\\\/wp-content\\\/uploads\\\/2023\\\/10\\\/logo2.png\",\"contentUrl\":\"https:\\\/\\\/transamerica93.com.br\\\/home\\\/wp-content\\\/uploads\\\/2023\\\/10\\\/logo2.png\",\"width\":800,\"height\":500,\"caption\":\"Transam\u00e9rica Mococa 93,3\"},\"image\":{\"@id\":\"https:\\\/\\\/transamerica93.com.br\\\/home\\\/#\\\/schema\\\/logo\\\/image\\\/\"},\"sameAs\":[\"https:\\\/\\\/www.facebook.com\\\/transamericamococa\",\"https:\\\/\\\/x.com\\\/transamerica933\",\"https:\\\/\\\/www.instagram.com\\\/transamericamococa\"]},{\"@type\":\"Person\",\"@id\":\"https:\\\/\\\/transamerica93.com.br\\\/home\\\/#\\\/schema\\\/person\\\/7fed7c99c0d4562efa8561bc0f543172\",\"name\":\"Reda\u00e7\u00e3o\",\"image\":{\"@type\":\"ImageObject\",\"inLanguage\":\"pt-BR\",\"@id\":\"https:\\\/\\\/secure.gravatar.com\\\/avatar\\\/1072c6b775fb02ef8506ce967551d95926669a6b7d2c2147b42eea4d7c68395e?s=96&d=mm&r=g\",\"url\":\"https:\\\/\\\/secure.gravatar.com\\\/avatar\\\/1072c6b775fb02ef8506ce967551d95926669a6b7d2c2147b42eea4d7c68395e?s=96&d=mm&r=g\",\"contentUrl\":\"https:\\\/\\\/secure.gravatar.com\\\/avatar\\\/1072c6b775fb02ef8506ce967551d95926669a6b7d2c2147b42eea4d7c68395e?s=96&d=mm&r=g\",\"caption\":\"Reda\u00e7\u00e3o\"},\"sameAs\":[\"https:\\\/\\\/transamerica93.com.br\\\/home\"],\"url\":\"https:\\\/\\\/transamerica93.com.br\\\/home\\\/author\\\/william\\\/\"}]}<\/script>\n<!-- \/ Yoast SEO plugin. -->","yoast_head_json":{"title":"T\u00e9cnico Dorival Jr deixa o S\u00e3o Paulo para assumir sele\u00e7\u00e3o brasileira - Transam\u00e9rica Mococa 93,3","robots":{"index":"index","follow":"follow","max-snippet":"max-snippet:-1","max-image-preview":"max-image-preview:large","max-video-preview":"max-video-preview:-1"},"canonical":"https:\/\/transamerica93.com.br\/home\/tecnico-dorival-jr-deixa-o-sao-paulo-para-assumir-selecao-brasileira\/","og_locale":"pt_BR","og_type":"article","og_title":"T\u00e9cnico Dorival Jr deixa o S\u00e3o Paulo para assumir sele\u00e7\u00e3o brasileira - Transam\u00e9rica Mococa 93,3","og_description":"O treinador Dorival J\u00fanior, atual campe\u00e3o da Copa do Brasil pelo S\u00e3o Paulo, assumir\u00e1 o comando t\u00e9cnico da sele\u00e7\u00e3o brasileira masculina de futebol. Por meio do Twitter, o pr\u00f3prio\u00a0Tricolor Paulista confirmou a sa\u00edda do treinador,\u00a0ap\u00f3s o desligamento do clube.Dorival ser\u00e1 anunciado nos pr\u00f3ximos dias pela CBF como novo treinador da sele\u00e7\u00e3o, no lugar de Fernando &hellip;","og_url":"https:\/\/transamerica93.com.br\/home\/tecnico-dorival-jr-deixa-o-sao-paulo-para-assumir-selecao-brasileira\/","og_site_name":"Transam\u00e9rica Mococa 93,3","article_publisher":"https:\/\/www.facebook.com\/transamericamococa","article_published_time":"2024-01-07T22:40:05+00:00","og_image":[{"width":800,"height":500,"url":"https:\/\/transamerica93.com.br\/home\/wp-content\/uploads\/2024\/01\/dorival.jpg","type":"image\/jpeg"}],"author":"Reda\u00e7\u00e3o","twitter_card":"summary_large_image","twitter_creator":"@transamerica933","twitter_site":"@transamerica933","twitter_misc":{"Escrito por":"Reda\u00e7\u00e3o","Est. tempo de leitura":"3 minutos"},"schema":{"@context":"https:\/\/schema.org","@graph":[{"@type":"Article","@id":"https:\/\/transamerica93.com.br\/home\/tecnico-dorival-jr-deixa-o-sao-paulo-para-assumir-selecao-brasileira\/#article","isPartOf":{"@id":"https:\/\/transamerica93.com.br\/home\/tecnico-dorival-jr-deixa-o-sao-paulo-para-assumir-selecao-brasileira\/"},"author":{"name":"Reda\u00e7\u00e3o","@id":"https:\/\/transamerica93.com.br\/home\/#\/schema\/person\/7fed7c99c0d4562efa8561bc0f543172"},"headline":"T\u00e9cnico Dorival Jr deixa o S\u00e3o Paulo para assumir sele\u00e7\u00e3o brasileira","datePublished":"2024-01-07T22:40:05+00:00","mainEntityOfPage":{"@id":"https:\/\/transamerica93.com.br\/home\/tecnico-dorival-jr-deixa-o-sao-paulo-para-assumir-selecao-brasileira\/"},"wordCount":508,"publisher":{"@id":"https:\/\/transamerica93.com.br\/home\/#organization"},"image":{"@id":"https:\/\/transamerica93.com.br\/home\/tecnico-dorival-jr-deixa-o-sao-paulo-para-assumir-selecao-brasileira\/#primaryimage"},"thumbnailUrl":"https:\/\/transamerica93.com.br\/home\/wp-content\/uploads\/2024\/01\/dorival.jpg","articleSection":["Esportes"],"inLanguage":"pt-BR"},{"@type":"WebPage","@id":"https:\/\/transamerica93.com.br\/home\/tecnico-dorival-jr-deixa-o-sao-paulo-para-assumir-selecao-brasileira\/","url":"https:\/\/transamerica93.com.br\/home\/tecnico-dorival-jr-deixa-o-sao-paulo-para-assumir-selecao-brasileira\/","name":"T\u00e9cnico Dorival Jr deixa o S\u00e3o Paulo para assumir sele\u00e7\u00e3o brasileira - Transam\u00e9rica Mococa 93,3","isPartOf":{"@id":"https:\/\/transamerica93.com.br\/home\/#website"},"primaryImageOfPage":{"@id":"https:\/\/transamerica93.com.br\/home\/tecnico-dorival-jr-deixa-o-sao-paulo-para-assumir-selecao-brasileira\/#primaryimage"},"image":{"@id":"https:\/\/transamerica93.com.br\/home\/tecnico-dorival-jr-deixa-o-sao-paulo-para-assumir-selecao-brasileira\/#primaryimage"},"thumbnailUrl":"https:\/\/transamerica93.com.br\/home\/wp-content\/uploads\/2024\/01\/dorival.jpg","datePublished":"2024-01-07T22:40:05+00:00","breadcrumb":{"@id":"https:\/\/transamerica93.com.br\/home\/tecnico-dorival-jr-deixa-o-sao-paulo-para-assumir-selecao-brasileira\/#breadcrumb"},"inLanguage":"pt-BR","potentialAction":[{"@type":"ReadAction","target":["https:\/\/transamerica93.com.br\/home\/tecnico-dorival-jr-deixa-o-sao-paulo-para-assumir-selecao-brasileira\/"]}]},{"@type":"ImageObject","inLanguage":"pt-BR","@id":"https:\/\/transamerica93.com.br\/home\/tecnico-dorival-jr-deixa-o-sao-paulo-para-assumir-selecao-brasileira\/#primaryimage","url":"https:\/\/transamerica93.com.br\/home\/wp-content\/uploads\/2024\/01\/dorival.jpg","contentUrl":"https:\/\/transamerica93.com.br\/home\/wp-content\/uploads\/2024\/01\/dorival.jpg","width":800,"height":500,"caption":"\u00a9 REUTERS\/Amanda Perobelli\/Direitos Reservados"},{"@type":"BreadcrumbList","@id":"https:\/\/transamerica93.com.br\/home\/tecnico-dorival-jr-deixa-o-sao-paulo-para-assumir-selecao-brasileira\/#breadcrumb","itemListElement":[{"@type":"ListItem","position":1,"name":"In\u00edcio","item":"https:\/\/transamerica93.com.br\/home\/"},{"@type":"ListItem","position":2,"name":"T\u00e9cnico Dorival Jr deixa o S\u00e3o Paulo para assumir sele\u00e7\u00e3o brasileira"}]},{"@type":"WebSite","@id":"https:\/\/transamerica93.com.br\/home\/#website","url":"https:\/\/transamerica93.com.br\/home\/","name":"Transam\u00e9rica Mococa 93,3","description":"","publisher":{"@id":"https:\/\/transamerica93.com.br\/home\/#organization"},"potentialAction":[{"@type":"SearchAction","target":{"@type":"EntryPoint","urlTemplate":"https:\/\/transamerica93.com.br\/home\/?s={search_term_string}"},"query-input":{"@type":"PropertyValueSpecification","valueRequired":true,"valueName":"search_term_string"}}],"inLanguage":"pt-BR"},{"@type":"Organization","@id":"https:\/\/transamerica93.com.br\/home\/#organization","name":"Transam\u00e9rica Mococa 93,3","url":"https:\/\/transamerica93.com.br\/home\/","logo":{"@type":"ImageObject","inLanguage":"pt-BR","@id":"https:\/\/transamerica93.com.br\/home\/#\/schema\/logo\/image\/","url":"https:\/\/transamerica93.com.br\/home\/wp-content\/uploads\/2023\/10\/logo2.png","contentUrl":"https:\/\/transamerica93.com.br\/home\/wp-content\/uploads\/2023\/10\/logo2.png","width":800,"height":500,"caption":"Transam\u00e9rica Mococa 93,3"},"image":{"@id":"https:\/\/transamerica93.com.br\/home\/#\/schema\/logo\/image\/"},"sameAs":["https:\/\/www.facebook.com\/transamericamococa","https:\/\/x.com\/transamerica933","https:\/\/www.instagram.com\/transamericamococa"]},{"@type":"Person","@id":"https:\/\/transamerica93.com.br\/home\/#\/schema\/person\/7fed7c99c0d4562efa8561bc0f543172","name":"Reda\u00e7\u00e3o","image":{"@type":"ImageObject","inLanguage":"pt-BR","@id":"https:\/\/secure.gravatar.com\/avatar\/1072c6b775fb02ef8506ce967551d95926669a6b7d2c2147b42eea4d7c68395e?s=96&d=mm&r=g","url":"https:\/\/secure.gravatar.com\/avatar\/1072c6b775fb02ef8506ce967551d95926669a6b7d2c2147b42eea4d7c68395e?s=96&d=mm&r=g","contentUrl":"https:\/\/secure.gravatar.com\/avatar\/1072c6b775fb02ef8506ce967551d95926669a6b7d2c2147b42eea4d7c68395e?s=96&d=mm&r=g","caption":"Reda\u00e7\u00e3o"},"sameAs":["https:\/\/transamerica93.com.br\/home"],"url":"https:\/\/transamerica93.com.br\/home\/author\/william\/"}]}},"_links":{"self":[{"href":"https:\/\/transamerica93.com.br\/home\/wp-json\/wp\/v2\/posts\/2315","targetHints":{"allow":["GET"]}}],"collection":[{"href":"https:\/\/transamerica93.com.br\/home\/wp-json\/wp\/v2\/posts"}],"about":[{"href":"https:\/\/transamerica93.com.br\/home\/wp-json\/wp\/v2\/types\/post"}],"author":[{"embeddable":true,"href":"https:\/\/transamerica93.com.br\/home\/wp-json\/wp\/v2\/users\/1"}],"replies":[{"embeddable":true,"href":"https:\/\/transamerica93.com.br\/home\/wp-json\/wp\/v2\/comments?post=2315"}],"version-history":[{"count":1,"href":"https:\/\/transamerica93.com.br\/home\/wp-json\/wp\/v2\/posts\/2315\/revisions"}],"predecessor-version":[{"id":2317,"href":"https:\/\/transamerica93.com.br\/home\/wp-json\/wp\/v2\/posts\/2315\/revisions\/2317"}],"wp:featuredmedia":[{"embeddable":true,"href":"https:\/\/transamerica93.com.br\/home\/wp-json\/wp\/v2\/media\/2316"}],"wp:attachment":[{"href":"https:\/\/transamerica93.com.br\/home\/wp-json\/wp\/v2\/media?parent=2315"}],"wp:term":[{"taxonomy":"category","embeddable":true,"href":"https:\/\/transamerica93.com.br\/home\/wp-json\/wp\/v2\/categories?post=2315"},{"taxonomy":"post_tag","embeddable":true,"href":"https:\/\/transamerica93.com.br\/home\/wp-json\/wp\/v2\/tags?post=2315"}],"curies":[{"name":"wp","href":"https:\/\/api.w.org\/{rel}","templated":true}]}}