{"id":2345,"date":"2024-01-12T18:00:17","date_gmt":"2024-01-12T21:00:17","guid":{"rendered":"https:\/\/transamerica93.com.br\/home\/?p=2345"},"modified":"2024-01-07T20:06:12","modified_gmt":"2024-01-07T23:06:12","slug":"mp-nega-busca-e-apreensao-de-filho-de-ana-hickmann-e-alexandre-correa-apos-pedido-do-pai","status":"publish","type":"post","link":"https:\/\/transamerica93.com.br\/home\/mp-nega-busca-e-apreensao-de-filho-de-ana-hickmann-e-alexandre-correa-apos-pedido-do-pai\/","title":{"rendered":"MP nega busca e apreens\u00e3o de filho de Ana Hickmann e Alexandre Correa ap\u00f3s pedido do pai"},"content":{"rendered":"<p>Por Gabriela Piva<\/p>\n<p>O Minist\u00e9rio P\u00fablico recusou um pedido de busca e apreens\u00e3o do filho de Ana Hickmann e Alexandre Correa, pedido pelo pai, em meio a uma disputa judicial entre os dois. Contudo, o MP sugeriu uma multa de R$ 5 mil por dia caso Ana Hickmann n\u00e3o entregue o filho ao pai conforme decis\u00e3o judicial.<\/p>\n<p>Ana Hickmann se defendeu da acusa\u00e7\u00e3o de aliena\u00e7\u00e3o parental do ex-marido, Alexandre Correa. Em nota enviada ao Estad\u00e3o na manh\u00e3 desta sexta-feira, 5, ela acusou o empres\u00e1rio de coa\u00e7\u00e3o. O novo desentendimento come\u00e7ou ap\u00f3s ele pedir a pris\u00e3o da apresentadora por, segundo ele, n\u00e3o seguir a decis\u00e3o judicial da guarda compartilhada do filho Alezinho, de 9 anos. Leia o comunicado completo de Ana Hickmann abaixo. Alexandre a acusa de aliena\u00e7\u00e3o parental (leia tamb\u00e9m a posi\u00e7\u00e3o dele mais abaixo).<\/p>\n<p>O Estad\u00e3o pediu um novo posicionamento da artista sobre o caso, que afirmou ter recebido uma intima\u00e7\u00e3o. &#8220;Os advogados da apresentadora foram surpreendidos com esta peti\u00e7\u00e3o que, de m\u00e1-f\u00e9, oculta a mudan\u00e7a alinhada entre as partes. A determina\u00e7\u00e3o ser\u00e1 realizada, conforme alinhada entre ambas as partes&#8221;, diz nota enviada na tarde desta sexta-feira, 5. Veja nota na \u00edntegra abaixo.<\/p>\n<p>No primeiro comunicado, enviado na manh\u00e3 de sexta-feira, 5, Hickmann acusou o ex de coa\u00e7\u00e3o. &#8220;Em casos de viol\u00eancia dom\u00e9stica, agressores se apropriam da Lei 12.318\/2010, sobre aliena\u00e7\u00e3o parental, para coagir psicologicamente a v\u00edtima. No caso de Ana Hickmann, n\u00e3o existe embasamento para acusa\u00e7\u00e3o [de aliena\u00e7\u00e3o parental], j\u00e1 que todas as visitas est\u00e3o sendo cumpridas rigorosamente e os advogados dispon\u00edveis para as tratativas. N\u00e3o h\u00e1 possibilidade de pris\u00e3o, nem pr\u00e1tica que configure crime. Trata-se de uma tentativa de desgastar a imagem da apresentadora, com o intuito de coagi-la&#8221;, iniciou a nota.<\/p>\n<p>&#8220;Desde 16\/11\/23, Ana Hickmann \u00e9 a \u00fanica com poderes administrativos na Hickmann Servi\u00e7os Ltda, al\u00e9m de ser a s\u00f3cia majorit\u00e1ria, cabendo apenas a ela qualquer tipo de ato. Alexandre Correa n\u00e3o tem compet\u00eancia jur\u00eddica para tratar sobre as d\u00edvidas que adquiriu enquanto administrador da empresa, sem o conhecimento da apresentadora&#8221;, completa.<\/p>\n<p>A equipe de Ana Hickmann, que assina o comunicado, ainda diz que a reestrutura\u00e7\u00e3o e a auditoria s\u00e3o conduzidas por uma empresa profissional que a apresentadora contratou. &#8220;[Ela] est\u00e1 empenhada em resolver o que lhe cabe o quanto antes&#8221;, afirmou.<\/p>\n<p><b>Pedido de pris\u00e3o<\/b><\/p>\n<p>A nota veio ap\u00f3s Alexandre Correa pedir a pris\u00e3o de Ana Hickmann por aliena\u00e7\u00e3o parental. Segundo o ex marido, Ana n\u00e3o entregou o filho para passar o per\u00edodo de f\u00e9rias escolares com o pai entre 3 e 10 de janeiro, data supostamente prevista pela Justi\u00e7a. Em comunicado enviado ao Estad\u00e3o, a artista afirmou que a decis\u00e3o judicial especificava o per\u00edodo &#8220;se nada fosse programando anteriormente&#8221;.<\/p>\n<p>&#8220;A decis\u00e3o judicial determinou que o per\u00edodo de f\u00e9rias de Alexandre Hickmann Correa com o pai fosse entre 3 e 10 de janeiro, se nada fosse programando anteriormente&#8221;, afirmou a equipe da apresentadora em nota (veja comunicado na \u00edntegra abaixo).<\/p>\n<p>Ana Hickmann e o empres\u00e1rio teriam alterado o per\u00edodo no qual Alezinho ficaria com o pai devido \u00e0s f\u00e9rias da apresentadora. Com o novo combinado entre os pais, a crian\u00e7a ficaria com Alexandre entre os dias 9 e 17 de janeiro.<\/p>\n<p>&#8220;Levando em considera\u00e7\u00e3o que as f\u00e9rias de Ana Hickmann estavam previamente programadas entre os dias 3 e 7 de janeiro, foi ent\u00e3o acordado entre os advogados de Ana Hickmann e Alexandre Correa, Dr. Guilherme Valdetaro e Dra. Diva Carla Bueno Nogueira, respectivamente, por telefone, no dia 22\/12, a transfer\u00eancia do per\u00edodo para os dias 9 a 17 de janeiro&#8221;, completa a nota.<\/p>\n<p>No documento da decis\u00e3o judicial, ao qual o Estad\u00e3o teve acesso, o juiz afirmou que o menino permaneceria com o pai entre os dias 3 e 10 de janeiro, caso n\u00e3o houvesse compromissos ou combinados previamente assumidos.<\/p>\n<p>&#8220;Ausente prova de compromissos de lazer previamente assumidos, nas f\u00e9rias escolares de janeiro de 2024, o filho permanecer\u00e1 com o pai entre os dias 3 e 10, com retirada \u00e0s 9 horas e devolu\u00e7\u00e3o \u00e0s 18 horas, competindo aos av\u00f3s paternos buscarem e devolverem a crian\u00e7a no lar materno&#8221;, diz a decis\u00e3o.<\/p>\n<p>O documento judicial tamb\u00e9m determinou que os conflitos familiares n\u00e3o envolveram Alezinho. Por isso, Ana Hickmann e Alexandre t\u00eam direito \u00e0 guarda compartilhada. As visitas entre o pai e o filho devem ser intermediadas pelos av\u00f3s paternos.<\/p>\n<p>A decis\u00e3o ainda diz que, se Alexandre viajar com o filho para outro munic\u00edpio ou Estado brasileiro, ele precisa avisar Ana Hickmann com, no m\u00ednimo, 48 horas de anteced\u00eancia. &#8220;Informando local de destino e hospedagem e datas da sa\u00edda e retorno, sob pena de busca e apreens\u00e3o e suspens\u00e3o das visitas&#8221;, completa o juiz.<\/p>\n<p>Mesmo assim, Alexandre Correa registrou um boletim de ocorr\u00eancia contra Ana Hickmann nesta quinta-feira, 4. No boletim, ele dizia que buscava o filho para uma viagem, mas n\u00e3o conseguiu buscar a crian\u00e7a. O\u00a0<b>Estad\u00e3o<\/b>\u00a0tentou contato com a assessoria de imprensa da apresentadora para um posicionamento, sem retorno. O espa\u00e7o segue aberto.<\/p>\n<p><b>Relembre o caso<\/b><\/p>\n<p>O Estad\u00e3o teve acesso ao boletim de ocorr\u00eancia registrado por Ana Hickmann, no qual ela acusa o empres\u00e1rio de agress\u00e3o f\u00edsica. Segundo seu relato, ela estaria na cozinha de sua casa com Alexandre, o filho e duas funcion\u00e1rias. Ela teria dito algo ao filho que o marido n\u00e3o teria gostado e foi repreendida, com &#8220;ambos aumentando o tom de voz&#8221;. A crian\u00e7a teria pedido que parassem de brigar e sa\u00eddo correndo assustada.<\/p>\n<p>&#8220;O autor passou a pressionar a v\u00edtima contra a parede, bem como a amea\u00e7\u00e1-la de agredi-la com uma cabe\u00e7ada, ocasi\u00e3o em que ela conseguiu afast\u00e1-lo e, ao tentar pegar seu telefone celular, que estava em cima de uma mesa na \u00e1rea externa, o autor, repentinamente, fechou a porta de correr da cozinha, o que pressionou o bra\u00e7o esquerdo da v\u00edtima&#8221;, diz o trecho seguinte do documento policial.<\/p>\n<p>Ana, ent\u00e3o, teria conseguido tranc\u00e1-lo para fora de casa e fez a liga\u00e7\u00e3o para a Pol\u00edcia Militar. Correa teria deixado o local pouco depois. Hickmann buscou atendimento m\u00e9dico no Hospital S\u00e3o Camilo, onde foi constatada uma contus\u00e3o em seu cotovelo esquerdo. Ainda segundo o BO, ela teve o bra\u00e7o imobilizado com uma tipoia.<\/p>\n<p>&#8220;A v\u00edtima tomou ci\u00eancia das medidas protetivas conferidas pela Lei Maria da Penha, por\u00e9m, neste momento, optou por n\u00e3o requer\u00ea-las&#8221;, encerra o documento.<\/p>\n<p><b>O que diz Alexandre?<\/b><\/p>\n<p>Alexandre confessou as agress\u00f5es, mas negou que tenha dado uma cabe\u00e7ada na apresentadora, segundo o UOL. Ana voltou a falar sobre o caso, dizendo que os dois tinham um relacionamento t\u00f3xico durante uma entrevista ao Domingo Espetacular, da Record TV, no \u00faltimo domingo, 26.<\/p>\n<p>Ap\u00f3s a repercuss\u00e3o da entrevista, o empres\u00e1rio afirmou que ela est\u00e1 cometendo &#8220;uma verdadeira injusti\u00e7a&#8221; ao falar sobre o caso, segundo a revista Quem.<\/p>\n<p>Nota de Ana Hickmann enviada na manh\u00e3 desta sexta-feira, 5<\/p>\n<p>&#8220;Em casos de viol\u00eancia dom\u00e9stica, agressores se apropriam da Lei 12.318\/2010, sobre aliena\u00e7\u00e3o parental, para coagir psicologicamente a v\u00edtima. No caso de Ana Hickmann, n\u00e3o existe embasamento para acusa\u00e7\u00e3o, j\u00e1 que todas as visitas est\u00e3o sendo cumpridas rigorosamente e os advogados dispon\u00edveis para as tratativas.N\u00e3o h\u00e1 possibilidade de pris\u00e3o, nem pr\u00e1tica que configure crime. Trata-se de uma tentativa de desgastar a imagem da apresentadora, com o intuito de coagi-la.<\/p>\n<p>Desde 16\/11\/23, Ana Hickmann \u00e9 a \u00fanica com poderes administrativos na Hickmann Servi\u00e7os Ltda, al\u00e9m de ser a s\u00f3cia majorit\u00e1ria, cabendo apenas a ela qualquer tipo de ato. Alexandre Correa n\u00e3o tem compet\u00eancia jur\u00eddica para tratar sobre as d\u00edvidas que adquiriu enquanto administrador da empresa, sem o conhecimento da apresentadora.<\/p>\n<p>A reestrutura\u00e7\u00e3o e a auditoria est\u00e3o sendo conduzidas por empresa profissional contratada por Ana Hickmann, que est\u00e1 empenhada em resolver o que lhe cabe o quanto antes.<\/p>\n<p>O caso est\u00e1 sendo tratado juridicamente e Ana Hickmann confia totalmente na condu\u00e7\u00e3o da justi\u00e7a.<\/p>\n<p>Equipe da Ana Hickmann.&#8221;<\/p>\n<p>Nota de Ana Hickmann sobre parecer do MP, enviada na tarde desta sexta, 5<\/p>\n<p>&#8220;Ana Hickmann n\u00e3o recebeu intima\u00e7\u00e3o sobre o caso. Importante mencionar que a advogada de Alexandre Correa, Dra. Diva Carla Bueno Nogueira, estava de acordo com a transfer\u00eancia do per\u00edodo de f\u00e9rias de Alexandre Hickmann Correa com o pai para os dias 9 a 17 de janeiro. Os advogados da apresentadora foram surpreendidos com esta peti\u00e7\u00e3o que, de m\u00e1 f\u00e9, oculta a mudan\u00e7a alinhada entre as partes.<\/p>\n<p>A determina\u00e7\u00e3o ser\u00e1 realizada, conforme alinhada entre ambas as partes.<\/p>\n<p>As datas de visita\u00e7\u00e3o est\u00e3o sendo cumpridas rigorosamente, conforme abaixo:<\/p>\n<p>1\u00aa visita: 11\/12<\/p>\n<p>2\u00aa visita: 18\/12<\/p>\n<p>3\u00aa visita: 26\/12<\/p>\n<p>4\u00aa visita: 03\/01.&#8221;<\/p>\n","protected":false},"excerpt":{"rendered":"<p>Por Gabriela Piva O Minist\u00e9rio P\u00fablico recusou um pedido de busca e apreens\u00e3o do filho de Ana Hickmann e Alexandre Correa, pedido pelo pai, em meio a uma disputa judicial entre os dois. Contudo, o MP sugeriu uma multa de R$ 5 mil por dia caso Ana Hickmann n\u00e3o entregue o filho ao pai conforme &hellip;<\/p>\n","protected":false},"author":1,"featured_media":2009,"comment_status":"closed","ping_status":"closed","sticky":false,"template":"","format":"standard","meta":{"footnotes":""},"categories":[24],"tags":[],"class_list":["post-2345","post","type-post","status-publish","format-standard","has-post-thumbnail","hentry","category-entretenimento"],"yoast_head":"<!-- This site is optimized with the Yoast SEO plugin v27.4 - https:\/\/yoast.com\/product\/yoast-seo-wordpress\/ -->\n<title>MP nega busca e apreens\u00e3o de filho de Ana Hickmann e Alexandre Correa ap\u00f3s pedido do pai - Transam\u00e9rica Mococa 93,3<\/title>\n<meta name=\"robots\" content=\"index, follow, max-snippet:-1, max-image-preview:large, max-video-preview:-1\" \/>\n<link rel=\"canonical\" href=\"https:\/\/transamerica93.com.br\/home\/mp-nega-busca-e-apreensao-de-filho-de-ana-hickmann-e-alexandre-correa-apos-pedido-do-pai\/\" \/>\n<meta property=\"og:locale\" content=\"pt_BR\" \/>\n<meta property=\"og:type\" content=\"article\" \/>\n<meta property=\"og:title\" content=\"MP nega busca e apreens\u00e3o de filho de Ana Hickmann e Alexandre Correa ap\u00f3s pedido do pai - Transam\u00e9rica Mococa 93,3\" \/>\n<meta property=\"og:description\" content=\"Por Gabriela Piva O Minist\u00e9rio P\u00fablico recusou um pedido de busca e apreens\u00e3o do filho de Ana Hickmann e Alexandre Correa, pedido pelo pai, em meio a uma disputa judicial entre os dois. Contudo, o MP sugeriu uma multa de R$ 5 mil por dia caso Ana Hickmann n\u00e3o entregue o filho ao pai conforme &hellip;\" \/>\n<meta property=\"og:url\" content=\"https:\/\/transamerica93.com.br\/home\/mp-nega-busca-e-apreensao-de-filho-de-ana-hickmann-e-alexandre-correa-apos-pedido-do-pai\/\" \/>\n<meta property=\"og:site_name\" content=\"Transam\u00e9rica Mococa 93,3\" \/>\n<meta property=\"article:publisher\" content=\"https:\/\/www.facebook.com\/transamericamococa\" \/>\n<meta property=\"article:published_time\" content=\"2024-01-12T21:00:17+00:00\" \/>\n<meta property=\"og:image\" content=\"https:\/\/transamerica93.com.br\/home\/wp-content\/uploads\/2023\/11\/imagem-4.jpg\" \/>\n\t<meta property=\"og:image:width\" content=\"758\" \/>\n\t<meta property=\"og:image:height\" content=\"493\" \/>\n\t<meta property=\"og:image:type\" content=\"image\/jpeg\" \/>\n<meta name=\"author\" content=\"Reda\u00e7\u00e3o\" \/>\n<meta name=\"twitter:card\" content=\"summary_large_image\" \/>\n<meta name=\"twitter:creator\" content=\"@transamerica933\" \/>\n<meta name=\"twitter:site\" content=\"@transamerica933\" \/>\n<meta name=\"twitter:label1\" content=\"Escrito por\" \/>\n\t<meta name=\"twitter:data1\" content=\"Reda\u00e7\u00e3o\" \/>\n\t<meta name=\"twitter:label2\" content=\"Est. tempo de leitura\" \/>\n\t<meta name=\"twitter:data2\" content=\"8 minutos\" \/>\n<script type=\"application\/ld+json\" class=\"yoast-schema-graph\">{\"@context\":\"https:\\\/\\\/schema.org\",\"@graph\":[{\"@type\":\"Article\",\"@id\":\"https:\\\/\\\/transamerica93.com.br\\\/home\\\/mp-nega-busca-e-apreensao-de-filho-de-ana-hickmann-e-alexandre-correa-apos-pedido-do-pai\\\/#article\",\"isPartOf\":{\"@id\":\"https:\\\/\\\/transamerica93.com.br\\\/home\\\/mp-nega-busca-e-apreensao-de-filho-de-ana-hickmann-e-alexandre-correa-apos-pedido-do-pai\\\/\"},\"author\":{\"name\":\"Reda\u00e7\u00e3o\",\"@id\":\"https:\\\/\\\/transamerica93.com.br\\\/home\\\/#\\\/schema\\\/person\\\/7fed7c99c0d4562efa8561bc0f543172\"},\"headline\":\"MP nega busca e apreens\u00e3o de filho de Ana Hickmann e Alexandre Correa ap\u00f3s pedido do pai\",\"datePublished\":\"2024-01-12T21:00:17+00:00\",\"mainEntityOfPage\":{\"@id\":\"https:\\\/\\\/transamerica93.com.br\\\/home\\\/mp-nega-busca-e-apreensao-de-filho-de-ana-hickmann-e-alexandre-correa-apos-pedido-do-pai\\\/\"},\"wordCount\":1534,\"publisher\":{\"@id\":\"https:\\\/\\\/transamerica93.com.br\\\/home\\\/#organization\"},\"image\":{\"@id\":\"https:\\\/\\\/transamerica93.com.br\\\/home\\\/mp-nega-busca-e-apreensao-de-filho-de-ana-hickmann-e-alexandre-correa-apos-pedido-do-pai\\\/#primaryimage\"},\"thumbnailUrl\":\"https:\\\/\\\/transamerica93.com.br\\\/home\\\/wp-content\\\/uploads\\\/2023\\\/11\\\/imagem-4.jpg\",\"articleSection\":[\"Entretenimento\"],\"inLanguage\":\"pt-BR\"},{\"@type\":\"WebPage\",\"@id\":\"https:\\\/\\\/transamerica93.com.br\\\/home\\\/mp-nega-busca-e-apreensao-de-filho-de-ana-hickmann-e-alexandre-correa-apos-pedido-do-pai\\\/\",\"url\":\"https:\\\/\\\/transamerica93.com.br\\\/home\\\/mp-nega-busca-e-apreensao-de-filho-de-ana-hickmann-e-alexandre-correa-apos-pedido-do-pai\\\/\",\"name\":\"MP nega busca e apreens\u00e3o de filho de Ana Hickmann e Alexandre Correa ap\u00f3s pedido do pai - Transam\u00e9rica Mococa 93,3\",\"isPartOf\":{\"@id\":\"https:\\\/\\\/transamerica93.com.br\\\/home\\\/#website\"},\"primaryImageOfPage\":{\"@id\":\"https:\\\/\\\/transamerica93.com.br\\\/home\\\/mp-nega-busca-e-apreensao-de-filho-de-ana-hickmann-e-alexandre-correa-apos-pedido-do-pai\\\/#primaryimage\"},\"image\":{\"@id\":\"https:\\\/\\\/transamerica93.com.br\\\/home\\\/mp-nega-busca-e-apreensao-de-filho-de-ana-hickmann-e-alexandre-correa-apos-pedido-do-pai\\\/#primaryimage\"},\"thumbnailUrl\":\"https:\\\/\\\/transamerica93.com.br\\\/home\\\/wp-content\\\/uploads\\\/2023\\\/11\\\/imagem-4.jpg\",\"datePublished\":\"2024-01-12T21:00:17+00:00\",\"breadcrumb\":{\"@id\":\"https:\\\/\\\/transamerica93.com.br\\\/home\\\/mp-nega-busca-e-apreensao-de-filho-de-ana-hickmann-e-alexandre-correa-apos-pedido-do-pai\\\/#breadcrumb\"},\"inLanguage\":\"pt-BR\",\"potentialAction\":[{\"@type\":\"ReadAction\",\"target\":[\"https:\\\/\\\/transamerica93.com.br\\\/home\\\/mp-nega-busca-e-apreensao-de-filho-de-ana-hickmann-e-alexandre-correa-apos-pedido-do-pai\\\/\"]}]},{\"@type\":\"ImageObject\",\"inLanguage\":\"pt-BR\",\"@id\":\"https:\\\/\\\/transamerica93.com.br\\\/home\\\/mp-nega-busca-e-apreensao-de-filho-de-ana-hickmann-e-alexandre-correa-apos-pedido-do-pai\\\/#primaryimage\",\"url\":\"https:\\\/\\\/transamerica93.com.br\\\/home\\\/wp-content\\\/uploads\\\/2023\\\/11\\\/imagem-4.jpg\",\"contentUrl\":\"https:\\\/\\\/transamerica93.com.br\\\/home\\\/wp-content\\\/uploads\\\/2023\\\/11\\\/imagem-4.jpg\",\"width\":758,\"height\":493,\"caption\":\"Foto: Instagram @ahickmann\"},{\"@type\":\"BreadcrumbList\",\"@id\":\"https:\\\/\\\/transamerica93.com.br\\\/home\\\/mp-nega-busca-e-apreensao-de-filho-de-ana-hickmann-e-alexandre-correa-apos-pedido-do-pai\\\/#breadcrumb\",\"itemListElement\":[{\"@type\":\"ListItem\",\"position\":1,\"name\":\"In\u00edcio\",\"item\":\"https:\\\/\\\/transamerica93.com.br\\\/home\\\/\"},{\"@type\":\"ListItem\",\"position\":2,\"name\":\"MP nega busca e apreens\u00e3o de filho de Ana Hickmann e Alexandre Correa ap\u00f3s pedido do pai\"}]},{\"@type\":\"WebSite\",\"@id\":\"https:\\\/\\\/transamerica93.com.br\\\/home\\\/#website\",\"url\":\"https:\\\/\\\/transamerica93.com.br\\\/home\\\/\",\"name\":\"Transam\u00e9rica Mococa 93,3\",\"description\":\"\",\"publisher\":{\"@id\":\"https:\\\/\\\/transamerica93.com.br\\\/home\\\/#organization\"},\"potentialAction\":[{\"@type\":\"SearchAction\",\"target\":{\"@type\":\"EntryPoint\",\"urlTemplate\":\"https:\\\/\\\/transamerica93.com.br\\\/home\\\/?s={search_term_string}\"},\"query-input\":{\"@type\":\"PropertyValueSpecification\",\"valueRequired\":true,\"valueName\":\"search_term_string\"}}],\"inLanguage\":\"pt-BR\"},{\"@type\":\"Organization\",\"@id\":\"https:\\\/\\\/transamerica93.com.br\\\/home\\\/#organization\",\"name\":\"Transam\u00e9rica Mococa 93,3\",\"url\":\"https:\\\/\\\/transamerica93.com.br\\\/home\\\/\",\"logo\":{\"@type\":\"ImageObject\",\"inLanguage\":\"pt-BR\",\"@id\":\"https:\\\/\\\/transamerica93.com.br\\\/home\\\/#\\\/schema\\\/logo\\\/image\\\/\",\"url\":\"https:\\\/\\\/transamerica93.com.br\\\/home\\\/wp-content\\\/uploads\\\/2023\\\/10\\\/logo2.png\",\"contentUrl\":\"https:\\\/\\\/transamerica93.com.br\\\/home\\\/wp-content\\\/uploads\\\/2023\\\/10\\\/logo2.png\",\"width\":800,\"height\":500,\"caption\":\"Transam\u00e9rica Mococa 93,3\"},\"image\":{\"@id\":\"https:\\\/\\\/transamerica93.com.br\\\/home\\\/#\\\/schema\\\/logo\\\/image\\\/\"},\"sameAs\":[\"https:\\\/\\\/www.facebook.com\\\/transamericamococa\",\"https:\\\/\\\/x.com\\\/transamerica933\",\"https:\\\/\\\/www.instagram.com\\\/transamericamococa\"]},{\"@type\":\"Person\",\"@id\":\"https:\\\/\\\/transamerica93.com.br\\\/home\\\/#\\\/schema\\\/person\\\/7fed7c99c0d4562efa8561bc0f543172\",\"name\":\"Reda\u00e7\u00e3o\",\"image\":{\"@type\":\"ImageObject\",\"inLanguage\":\"pt-BR\",\"@id\":\"https:\\\/\\\/secure.gravatar.com\\\/avatar\\\/1072c6b775fb02ef8506ce967551d95926669a6b7d2c2147b42eea4d7c68395e?s=96&d=mm&r=g\",\"url\":\"https:\\\/\\\/secure.gravatar.com\\\/avatar\\\/1072c6b775fb02ef8506ce967551d95926669a6b7d2c2147b42eea4d7c68395e?s=96&d=mm&r=g\",\"contentUrl\":\"https:\\\/\\\/secure.gravatar.com\\\/avatar\\\/1072c6b775fb02ef8506ce967551d95926669a6b7d2c2147b42eea4d7c68395e?s=96&d=mm&r=g\",\"caption\":\"Reda\u00e7\u00e3o\"},\"sameAs\":[\"https:\\\/\\\/transamerica93.com.br\\\/home\"],\"url\":\"https:\\\/\\\/transamerica93.com.br\\\/home\\\/author\\\/william\\\/\"}]}<\/script>\n<!-- \/ Yoast SEO plugin. -->","yoast_head_json":{"title":"MP nega busca e apreens\u00e3o de filho de Ana Hickmann e Alexandre Correa ap\u00f3s pedido do pai - Transam\u00e9rica Mococa 93,3","robots":{"index":"index","follow":"follow","max-snippet":"max-snippet:-1","max-image-preview":"max-image-preview:large","max-video-preview":"max-video-preview:-1"},"canonical":"https:\/\/transamerica93.com.br\/home\/mp-nega-busca-e-apreensao-de-filho-de-ana-hickmann-e-alexandre-correa-apos-pedido-do-pai\/","og_locale":"pt_BR","og_type":"article","og_title":"MP nega busca e apreens\u00e3o de filho de Ana Hickmann e Alexandre Correa ap\u00f3s pedido do pai - Transam\u00e9rica Mococa 93,3","og_description":"Por Gabriela Piva O Minist\u00e9rio P\u00fablico recusou um pedido de busca e apreens\u00e3o do filho de Ana Hickmann e Alexandre Correa, pedido pelo pai, em meio a uma disputa judicial entre os dois. Contudo, o MP sugeriu uma multa de R$ 5 mil por dia caso Ana Hickmann n\u00e3o entregue o filho ao pai conforme &hellip;","og_url":"https:\/\/transamerica93.com.br\/home\/mp-nega-busca-e-apreensao-de-filho-de-ana-hickmann-e-alexandre-correa-apos-pedido-do-pai\/","og_site_name":"Transam\u00e9rica Mococa 93,3","article_publisher":"https:\/\/www.facebook.com\/transamericamococa","article_published_time":"2024-01-12T21:00:17+00:00","og_image":[{"width":758,"height":493,"url":"https:\/\/transamerica93.com.br\/home\/wp-content\/uploads\/2023\/11\/imagem-4.jpg","type":"image\/jpeg"}],"author":"Reda\u00e7\u00e3o","twitter_card":"summary_large_image","twitter_creator":"@transamerica933","twitter_site":"@transamerica933","twitter_misc":{"Escrito por":"Reda\u00e7\u00e3o","Est. tempo de leitura":"8 minutos"},"schema":{"@context":"https:\/\/schema.org","@graph":[{"@type":"Article","@id":"https:\/\/transamerica93.com.br\/home\/mp-nega-busca-e-apreensao-de-filho-de-ana-hickmann-e-alexandre-correa-apos-pedido-do-pai\/#article","isPartOf":{"@id":"https:\/\/transamerica93.com.br\/home\/mp-nega-busca-e-apreensao-de-filho-de-ana-hickmann-e-alexandre-correa-apos-pedido-do-pai\/"},"author":{"name":"Reda\u00e7\u00e3o","@id":"https:\/\/transamerica93.com.br\/home\/#\/schema\/person\/7fed7c99c0d4562efa8561bc0f543172"},"headline":"MP nega busca e apreens\u00e3o de filho de Ana Hickmann e Alexandre Correa ap\u00f3s pedido do pai","datePublished":"2024-01-12T21:00:17+00:00","mainEntityOfPage":{"@id":"https:\/\/transamerica93.com.br\/home\/mp-nega-busca-e-apreensao-de-filho-de-ana-hickmann-e-alexandre-correa-apos-pedido-do-pai\/"},"wordCount":1534,"publisher":{"@id":"https:\/\/transamerica93.com.br\/home\/#organization"},"image":{"@id":"https:\/\/transamerica93.com.br\/home\/mp-nega-busca-e-apreensao-de-filho-de-ana-hickmann-e-alexandre-correa-apos-pedido-do-pai\/#primaryimage"},"thumbnailUrl":"https:\/\/transamerica93.com.br\/home\/wp-content\/uploads\/2023\/11\/imagem-4.jpg","articleSection":["Entretenimento"],"inLanguage":"pt-BR"},{"@type":"WebPage","@id":"https:\/\/transamerica93.com.br\/home\/mp-nega-busca-e-apreensao-de-filho-de-ana-hickmann-e-alexandre-correa-apos-pedido-do-pai\/","url":"https:\/\/transamerica93.com.br\/home\/mp-nega-busca-e-apreensao-de-filho-de-ana-hickmann-e-alexandre-correa-apos-pedido-do-pai\/","name":"MP nega busca e apreens\u00e3o de filho de Ana Hickmann e Alexandre Correa ap\u00f3s pedido do pai - Transam\u00e9rica Mococa 93,3","isPartOf":{"@id":"https:\/\/transamerica93.com.br\/home\/#website"},"primaryImageOfPage":{"@id":"https:\/\/transamerica93.com.br\/home\/mp-nega-busca-e-apreensao-de-filho-de-ana-hickmann-e-alexandre-correa-apos-pedido-do-pai\/#primaryimage"},"image":{"@id":"https:\/\/transamerica93.com.br\/home\/mp-nega-busca-e-apreensao-de-filho-de-ana-hickmann-e-alexandre-correa-apos-pedido-do-pai\/#primaryimage"},"thumbnailUrl":"https:\/\/transamerica93.com.br\/home\/wp-content\/uploads\/2023\/11\/imagem-4.jpg","datePublished":"2024-01-12T21:00:17+00:00","breadcrumb":{"@id":"https:\/\/transamerica93.com.br\/home\/mp-nega-busca-e-apreensao-de-filho-de-ana-hickmann-e-alexandre-correa-apos-pedido-do-pai\/#breadcrumb"},"inLanguage":"pt-BR","potentialAction":[{"@type":"ReadAction","target":["https:\/\/transamerica93.com.br\/home\/mp-nega-busca-e-apreensao-de-filho-de-ana-hickmann-e-alexandre-correa-apos-pedido-do-pai\/"]}]},{"@type":"ImageObject","inLanguage":"pt-BR","@id":"https:\/\/transamerica93.com.br\/home\/mp-nega-busca-e-apreensao-de-filho-de-ana-hickmann-e-alexandre-correa-apos-pedido-do-pai\/#primaryimage","url":"https:\/\/transamerica93.com.br\/home\/wp-content\/uploads\/2023\/11\/imagem-4.jpg","contentUrl":"https:\/\/transamerica93.com.br\/home\/wp-content\/uploads\/2023\/11\/imagem-4.jpg","width":758,"height":493,"caption":"Foto: Instagram @ahickmann"},{"@type":"BreadcrumbList","@id":"https:\/\/transamerica93.com.br\/home\/mp-nega-busca-e-apreensao-de-filho-de-ana-hickmann-e-alexandre-correa-apos-pedido-do-pai\/#breadcrumb","itemListElement":[{"@type":"ListItem","position":1,"name":"In\u00edcio","item":"https:\/\/transamerica93.com.br\/home\/"},{"@type":"ListItem","position":2,"name":"MP nega busca e apreens\u00e3o de filho de Ana Hickmann e Alexandre Correa ap\u00f3s pedido do pai"}]},{"@type":"WebSite","@id":"https:\/\/transamerica93.com.br\/home\/#website","url":"https:\/\/transamerica93.com.br\/home\/","name":"Transam\u00e9rica Mococa 93,3","description":"","publisher":{"@id":"https:\/\/transamerica93.com.br\/home\/#organization"},"potentialAction":[{"@type":"SearchAction","target":{"@type":"EntryPoint","urlTemplate":"https:\/\/transamerica93.com.br\/home\/?s={search_term_string}"},"query-input":{"@type":"PropertyValueSpecification","valueRequired":true,"valueName":"search_term_string"}}],"inLanguage":"pt-BR"},{"@type":"Organization","@id":"https:\/\/transamerica93.com.br\/home\/#organization","name":"Transam\u00e9rica Mococa 93,3","url":"https:\/\/transamerica93.com.br\/home\/","logo":{"@type":"ImageObject","inLanguage":"pt-BR","@id":"https:\/\/transamerica93.com.br\/home\/#\/schema\/logo\/image\/","url":"https:\/\/transamerica93.com.br\/home\/wp-content\/uploads\/2023\/10\/logo2.png","contentUrl":"https:\/\/transamerica93.com.br\/home\/wp-content\/uploads\/2023\/10\/logo2.png","width":800,"height":500,"caption":"Transam\u00e9rica Mococa 93,3"},"image":{"@id":"https:\/\/transamerica93.com.br\/home\/#\/schema\/logo\/image\/"},"sameAs":["https:\/\/www.facebook.com\/transamericamococa","https:\/\/x.com\/transamerica933","https:\/\/www.instagram.com\/transamericamococa"]},{"@type":"Person","@id":"https:\/\/transamerica93.com.br\/home\/#\/schema\/person\/7fed7c99c0d4562efa8561bc0f543172","name":"Reda\u00e7\u00e3o","image":{"@type":"ImageObject","inLanguage":"pt-BR","@id":"https:\/\/secure.gravatar.com\/avatar\/1072c6b775fb02ef8506ce967551d95926669a6b7d2c2147b42eea4d7c68395e?s=96&d=mm&r=g","url":"https:\/\/secure.gravatar.com\/avatar\/1072c6b775fb02ef8506ce967551d95926669a6b7d2c2147b42eea4d7c68395e?s=96&d=mm&r=g","contentUrl":"https:\/\/secure.gravatar.com\/avatar\/1072c6b775fb02ef8506ce967551d95926669a6b7d2c2147b42eea4d7c68395e?s=96&d=mm&r=g","caption":"Reda\u00e7\u00e3o"},"sameAs":["https:\/\/transamerica93.com.br\/home"],"url":"https:\/\/transamerica93.com.br\/home\/author\/william\/"}]}},"_links":{"self":[{"href":"https:\/\/transamerica93.com.br\/home\/wp-json\/wp\/v2\/posts\/2345","targetHints":{"allow":["GET"]}}],"collection":[{"href":"https:\/\/transamerica93.com.br\/home\/wp-json\/wp\/v2\/posts"}],"about":[{"href":"https:\/\/transamerica93.com.br\/home\/wp-json\/wp\/v2\/types\/post"}],"author":[{"embeddable":true,"href":"https:\/\/transamerica93.com.br\/home\/wp-json\/wp\/v2\/users\/1"}],"replies":[{"embeddable":true,"href":"https:\/\/transamerica93.com.br\/home\/wp-json\/wp\/v2\/comments?post=2345"}],"version-history":[{"count":1,"href":"https:\/\/transamerica93.com.br\/home\/wp-json\/wp\/v2\/posts\/2345\/revisions"}],"predecessor-version":[{"id":2346,"href":"https:\/\/transamerica93.com.br\/home\/wp-json\/wp\/v2\/posts\/2345\/revisions\/2346"}],"wp:featuredmedia":[{"embeddable":true,"href":"https:\/\/transamerica93.com.br\/home\/wp-json\/wp\/v2\/media\/2009"}],"wp:attachment":[{"href":"https:\/\/transamerica93.com.br\/home\/wp-json\/wp\/v2\/media?parent=2345"}],"wp:term":[{"taxonomy":"category","embeddable":true,"href":"https:\/\/transamerica93.com.br\/home\/wp-json\/wp\/v2\/categories?post=2345"},{"taxonomy":"post_tag","embeddable":true,"href":"https:\/\/transamerica93.com.br\/home\/wp-json\/wp\/v2\/tags?post=2345"}],"curies":[{"name":"wp","href":"https:\/\/api.w.org\/{rel}","templated":true}]}}