{"id":2347,"date":"2024-01-15T09:00:26","date_gmt":"2024-01-15T12:00:26","guid":{"rendered":"https:\/\/transamerica93.com.br\/home\/?p=2347"},"modified":"2024-01-15T01:37:56","modified_gmt":"2024-01-15T04:37:56","slug":"faxineiro-balconista-e-vigia-veja-vagas-de-emprego-em-descalvado-mococa-e-regiao","status":"publish","type":"post","link":"https:\/\/transamerica93.com.br\/home\/faxineiro-balconista-e-vigia-veja-vagas-de-emprego-em-descalvado-mococa-e-regiao\/","title":{"rendered":"Faxineiro, balconista e vigia; veja vagas de emprego em Descalvado, Mococa e regi\u00e3o"},"content":{"rendered":"<div id=\"chunk-7k6k3\">\n<div class=\"mc-column content-text active-extra-styles \" data-block-type=\"unstyled\" data-block-weight=\"35\" data-block-id=\"2\">\n<p class=\" content-text__container \" data-track-category=\"Link no Texto\" data-track-links=\"\">Os Postos de Atendimento ao Trabalhador (PAT) de\u00a0<a class=\"\" href=\"https:\/\/g1.globo.com\/sp\/sao-carlos-regiao\/cidade\/leme\/\">Leme<\/a>,\u00a0<a class=\"\" href=\"https:\/\/g1.globo.com\/sp\/sao-carlos-regiao\/cidade\/sao-jose-do-rio-pardo\/\">S\u00e3o Jos\u00e9 do Rio Pardo<\/a>\u00a0e regi\u00e3o est\u00e3o com centenas de vagas de emprego abertas nesta semana. Os cargos contemplam diversos n\u00edveis de escolaridade.<span class=\"highlight highlighted\"><em>\u00a0<\/em><\/span><strong><span class=\"highlight highlighted\"><em>Veja abaixo.<\/em><\/span><\/strong><\/p>\n<\/div>\n<\/div>\n<div class=\"wall protected-content\">\n<div id=\"chunk-chd85\">\n<div class=\"mc-column content-text active-extra-styles \" data-block-type=\"unstyled\" data-block-weight=\"24\" data-block-id=\"5\">\n<p class=\" content-text__container \" data-track-category=\"Link no Texto\" data-track-links=\"\">As prefeituras recomendam aos interessados acompanhar poss\u00edveis atualiza\u00e7\u00f5es nos sites dos postos de atendimento devido \u00e0 possibilidade de preenchimento ou abertura de novas vagas.<\/p>\n<\/div>\n<\/div>\n<div id=\"chunk-8057i\">\n<div class=\"mc-column content-text active-extra-styles \" data-block-type=\"unstyled\" data-block-weight=\"39\" data-block-id=\"6\">\n<p class=\" content-text__container \" data-track-category=\"Link no Texto\" data-track-links=\"\">Para usar um servi\u00e7o do PAT ou da Casa do Trabalhador, \u00e9 necess\u00e1rio ir at\u00e9 a unidade e levar RG, CPF e Carteira de Trabalho. O atendimento presencial pode ser agendado pelo\u00a0<a class=\"\" href=\"http:\/\/pat.agendasp.sp.gov.br\/eagenda.web\/PAT\" target=\"_blank\" rel=\"noopener\">site\u00a0<\/a>ou indo pessoalmente at\u00e9 o posto.<\/p>\n<\/div>\n<\/div>\n<div id=\"chunk-4od6c\">\n<div id=\"17\" class=\"anchor-position\"><\/div>\n<\/div>\n<div id=\"chunk-dvqu3\">\n<div class=\"mc-column content-text active-extra-styles \" data-block-type=\"unstyled\" data-block-weight=\"10\" data-block-id=\"8\">\n<p class=\" content-text__container \" data-track-category=\"Link no Texto\" data-track-links=\"\">Nesta reportagem voc\u00ea vai encontrar as vagas das seguintes cidades:<\/p>\n<\/div>\n<\/div>\n<div id=\"chunk-3i6lb\">\n<div class=\"mc-column content-text active-extra-styles\" data-block-type=\"raw\" data-block-weight=\"29\" data-block-id=\"9\">\n<ol class=\"content-ordered-list theme-ordered-list-color-primary\">\n<li><a class=\"\" href=\"https:\/\/g1.globo.com\/sp\/sao-carlos-regiao\/noticia\/2024\/01\/09\/veja-vagas-de-emprego-em-sao-carlos-araraquara-e-regiao-em-janeiro-de-2024.ghtml#1\">Agua\u00ed<\/a><\/li>\n<li><a class=\"\" href=\"https:\/\/g1.globo.com\/sp\/sao-carlos-regiao\/noticia\/2024\/01\/09\/veja-vagas-de-emprego-em-sao-carlos-araraquara-e-regiao-em-janeiro-de-2024.ghtml#2\">Am\u00e9rico Brasiliense<\/a><\/li>\n<li><a class=\"\" href=\"https:\/\/g1.globo.com\/sp\/sao-carlos-regiao\/noticia\/2024\/01\/09\/veja-vagas-de-emprego-em-sao-carlos-araraquara-e-regiao-em-janeiro-de-2024.ghtml#3\">Araraquara<\/a><\/li>\n<li><a class=\"\" href=\"https:\/\/g1.globo.com\/sp\/sao-carlos-regiao\/noticia\/2024\/01\/09\/veja-vagas-de-emprego-em-sao-carlos-araraquara-e-regiao-em-janeiro-de-2024.ghtml#4\">Araras<\/a><\/li>\n<li><a class=\"\" href=\"https:\/\/g1.globo.com\/sp\/sao-carlos-regiao\/noticia\/2024\/01\/09\/veja-vagas-de-emprego-em-sao-carlos-araraquara-e-regiao-em-janeiro-de-2024.ghtml#5\">Brotas<\/a><\/li>\n<li><a class=\"\" href=\"https:\/\/g1.globo.com\/sp\/sao-carlos-regiao\/noticia\/2024\/01\/09\/veja-vagas-de-emprego-em-sao-carlos-araraquara-e-regiao-em-janeiro-de-2024.ghtml#6\">Casa Branca<\/a><\/li>\n<li><a class=\"\" href=\"https:\/\/g1.globo.com\/sp\/sao-carlos-regiao\/noticia\/2024\/01\/09\/veja-vagas-de-emprego-em-sao-carlos-araraquara-e-regiao-em-janeiro-de-2024.ghtml#7\">Descalvado<\/a><\/li>\n<li><a class=\"\" href=\"https:\/\/g1.globo.com\/sp\/sao-carlos-regiao\/noticia\/2024\/01\/09\/veja-vagas-de-emprego-em-sao-carlos-araraquara-e-regiao-em-janeiro-de-2024.ghtml#8\">Leme<\/a><\/li>\n<li><a class=\"\" href=\"https:\/\/g1.globo.com\/sp\/sao-carlos-regiao\/noticia\/2024\/01\/09\/veja-vagas-de-emprego-em-sao-carlos-araraquara-e-regiao-em-janeiro-de-2024.ghtml#9\">Mococa<\/a><\/li>\n<li><a class=\"\" href=\"https:\/\/g1.globo.com\/sp\/sao-carlos-regiao\/noticia\/2024\/01\/09\/veja-vagas-de-emprego-em-sao-carlos-araraquara-e-regiao-em-janeiro-de-2024.ghtml#10\">Ribeir\u00e3o Bonito<\/a><\/li>\n<li><a class=\"\" href=\"https:\/\/g1.globo.com\/sp\/sao-carlos-regiao\/noticia\/2024\/01\/09\/veja-vagas-de-emprego-em-sao-carlos-araraquara-e-regiao-em-janeiro-de-2024.ghtml#11\">Rinc\u00e3o<\/a><\/li>\n<li><a class=\"\" href=\"https:\/\/g1.globo.com\/sp\/sao-carlos-regiao\/noticia\/2024\/01\/09\/veja-vagas-de-emprego-em-sao-carlos-araraquara-e-regiao-em-janeiro-de-2024.ghtml#12\">Rio Claro<\/a><\/li>\n<li><a class=\"\" href=\"https:\/\/g1.globo.com\/sp\/sao-carlos-regiao\/noticia\/2024\/01\/09\/veja-vagas-de-emprego-em-sao-carlos-araraquara-e-regiao-em-janeiro-de-2024.ghtml#13\">Santa Rita do Passa Quatro<\/a><\/li>\n<li><a class=\"\" href=\"https:\/\/g1.globo.com\/sp\/sao-carlos-regiao\/noticia\/2024\/01\/09\/veja-vagas-de-emprego-em-sao-carlos-araraquara-e-regiao-em-janeiro-de-2024.ghtml#14\">S\u00e3o Carlos<\/a><\/li>\n<li><a class=\"\" href=\"https:\/\/g1.globo.com\/sp\/sao-carlos-regiao\/noticia\/2024\/01\/09\/veja-vagas-de-emprego-em-sao-carlos-araraquara-e-regiao-em-janeiro-de-2024.ghtml#15\">S\u00e3o Jos\u00e9 do Rio Pardo<\/a><\/li>\n<li><a class=\"\" href=\"https:\/\/g1.globo.com\/sp\/sao-carlos-regiao\/noticia\/2024\/01\/09\/veja-vagas-de-emprego-em-sao-carlos-araraquara-e-regiao-em-janeiro-de-2024.ghtml#16\">Tamba\u00fa<\/a><\/li>\n<\/ol>\n<\/div>\n<\/div>\n<div id=\"chunk-1bagv\">\n<div class=\"content-ads content-ads--reveal\" data-block-type=\"ads\" data-block-id=\"10\"><\/div>\n<\/div>\n<div id=\"chunk-1omit\">\n<div class=\"mc-column content-text active-extra-styles\" data-block-type=\"raw\" data-block-weight=\"1\" data-block-id=\"11\">\n<p class=\"content-text__container\">\n<div class=\"content-intertitle\">\n<h2><a class=\"\" href=\"https:\/\/g1.globo.com\/sp\/sao-carlos-regiao\/cidade\/aguai\/\">AGUA\u00cd<\/a><\/h2>\n<\/div>\n<\/div>\n<\/div>\n<div id=\"chunk-cgho8\">\n<div class=\"mc-column content-text active-extra-styles \" data-block-type=\"unstyled\" data-block-weight=\"4\" data-block-id=\"12\">\n<p class=\" content-text__container \" data-track-category=\"Link no Texto\" data-track-links=\"\">Veja as vagas dispon\u00edveis:<\/p>\n<\/div>\n<\/div>\n<div id=\"chunk-c8jki\">\n<div class=\"mc-column content-text active-extra-styles\" data-block-type=\"raw\" data-block-weight=\"10\" data-block-id=\"13\">\n<ul class=\"content-unordered-list\">\n<li>Motorista &#8211; 2 vagas<\/li>\n<li>Auxiliar de produ\u00e7\u00e3o &#8211; 5 vagas<\/li>\n<\/ul>\n<\/div>\n<\/div>\n<div id=\"chunk-6389o\">\n<div class=\"mc-column content-text active-extra-styles \" data-block-type=\"unstyled\" data-block-weight=\"16\" data-block-id=\"14\">\n<p class=\" content-text__container \" data-track-category=\"Link no Texto\" data-track-links=\"\">As oportunidades na cidade s\u00e3o divulgadas nas\u00a0<a class=\"\" href=\"https:\/\/aguai.sp.gov.br\/home\/\" target=\"_blank\" rel=\"noopener\">p\u00e1ginas oficiais da prefeitura<\/a> e s\u00e3o atualizadas conforme disponibilidade.<\/p>\n<p data-track-category=\"Link no Texto\" data-track-links=\"\">\n<\/div>\n<\/div>\n<div id=\"chunk-fotqe\">\n<div class=\"mc-column content-text active-extra-styles\" data-block-type=\"raw\" data-block-weight=\"2\" data-block-id=\"16\">\n<div class=\"content-intertitle\">\n<h2><a class=\"\" href=\"https:\/\/g1.globo.com\/sp\/sao-carlos-regiao\/cidade\/americo-brasiliense\/\">AM\u00c9RICO BRASILIENSE<\/a><\/h2>\n<\/div>\n<\/div>\n<\/div>\n<div id=\"chunk-1hdvf\">\n<div class=\"mc-column content-text active-extra-styles \" data-block-type=\"unstyled\" data-block-weight=\"6\" data-block-id=\"17\">\n<p class=\" content-text__container \" data-track-category=\"Link no Texto\" data-track-links=\"\">Veja as vagas dispon\u00edveis na cidade:<\/p>\n<\/div>\n<\/div>\n<div id=\"chunk-dfl75\">\n<div class=\"mc-column content-text active-extra-styles\" data-block-type=\"raw\" data-block-weight=\"137\" data-block-id=\"18\">\n<ul class=\"content-unordered-list\">\n<li>Operador de caixa &#8211; 2 vagas<\/li>\n<li>Balconista de a\u00e7ougue &#8211; 2 vagas<\/li>\n<li>A\u00e7ougueiro<\/li>\n<li>Alimentador de linha de produ\u00e7\u00e3o &#8211; 15 vagas<\/li>\n<li>Analista de produtos<\/li>\n<li>Montador industrial<\/li>\n<li>Ajudante &#8211; 10 vagas<\/li>\n<li>Eletricista manuten\u00e7\u00e3o automotiva<\/li>\n<li>Assistente RH e administrativo<\/li>\n<li>Mec\u00e2nico manuten\u00e7\u00e3o automotiva &#8211; 2 vagas<\/li>\n<li>Motorista &#8211; 20 vagas<\/li>\n<li>Encarregado almoxarife<\/li>\n<li>Operador de colhedora CNH D ou E &#8211; 10 vagas<\/li>\n<li>Operador de m\u00e1quina CNH C\/D &#8211; 15 vagas<\/li>\n<li>Operador de motobomba &#8211; Vinha\u00e7a &#8211; 16 vagas<\/li>\n<li>Auxiliar de opera\u00e7\u00f5es agr\u00edcolas &#8211; 3 vagas<\/li>\n<li>T\u00e9cnico em programa\u00e7\u00e3o Jr.<\/li>\n<li>Carpinteiro &#8211; 8 vagas<\/li>\n<li>Soldador &#8211; 8 vagas<\/li>\n<li>Motorista de caminh\u00e3o<\/li>\n<li>Mec\u00e2nico em geral<\/li>\n<li>Faxineiro &#8211; 2 vagas<\/li>\n<li>Barista<\/li>\n<li>Confeiteiro (a) &#8211; 2 vagas<\/li>\n<li>Padeiro &#8211; 2 vagas<\/li>\n<li>Balconista &#8211; 15 vagas<\/li>\n<li>Operador CNC &#8211; 2 vagas<\/li>\n<li>Auxiliar administrativo (PcD)<\/li>\n<li>Eletricista industrial &#8211; 3 vagas<\/li>\n<li>Operador de empilhadeira &#8211; 3 vagas<\/li>\n<\/ul>\n<\/div>\n<\/div>\n<div id=\"chunk-70dr3\">\n<div class=\"mc-column content-text active-extra-styles\" data-block-type=\"raw\" data-block-weight=\"1\" data-block-id=\"21\">\n<p class=\"content-text__container\">\n<div class=\"content-intertitle\">\n<h2><a class=\"\" href=\"https:\/\/g1.globo.com\/sp\/sao-carlos-regiao\/cidade\/araraquara\/\">ARARAQUARA<\/a><\/h2>\n<\/div>\n<\/div>\n<\/div>\n<div id=\"chunk-1u441\">\n<div class=\"mc-column content-text active-extra-styles \" data-block-type=\"unstyled\" data-block-weight=\"4\" data-block-id=\"22\">\n<p class=\" content-text__container \" data-track-category=\"Link no Texto\" data-track-links=\"\">S\u00e3o 58 vagas dispon\u00edveis:<\/p>\n<\/div>\n<\/div>\n<div id=\"chunk-dktdl\">\n<div class=\"mc-column content-text active-extra-styles\" data-block-type=\"raw\" data-block-weight=\"146\" data-block-id=\"23\">\n<ul class=\"content-unordered-list\">\n<li>Ajudante de azulejista &#8211; 1 vaga<\/li>\n<li>Ajudante de estruturas met\u00e1licas &#8211; 4 vagas<\/li>\n<li>Assistente de suporte t\u00e9cnico (vaga PcD) &#8211; 1 vaga<\/li>\n<li>Auxiliar geral para empilhadeiras &#8211; 5 vagas<\/li>\n<li>Auxiliar PcD &#8211; vaga para deficientes &#8211; 1 vaga<\/li>\n<li>Auxiliar t\u00e9cnico de telefonia &#8211; 2 vagas<\/li>\n<li>Caldeireiro &#8211; 5 vagas<\/li>\n<li>Carpinteiro &#8211; 3 vagas<\/li>\n<li>Encarregado de obras &#8211; 2 vagas<\/li>\n<li>Estagi\u00e1rio de Engenharia Civil &#8211; 1 vaga<\/li>\n<li>Manobrista de \u00f4nibus &#8211; 10 vagas<\/li>\n<li>Mec\u00e2nico de caminh\u00e3o e empilhadeira &#8211; 1 vaga<\/li>\n<li>Mec\u00e2nico de manuten\u00e7\u00e3o &#8211; 2 vagas<\/li>\n<li>Mec\u00e2nico industrial de m\u00e1quinas &#8211; 10 vagas<\/li>\n<li>Operador de cart\u00f5es &#8211; 1 vaga<\/li>\n<li>Pedreiro &#8211; 3 vagas<\/li>\n<li>T\u00e9cnico de inform\u00e1tica PcD (vaga para deficientes) &#8211; 2 vagas<\/li>\n<li>T\u00e9cnico de programa\u00e7\u00e3o j\u00fanior &#8211; 1 vaga<\/li>\n<li>T\u00e9cnico em manuten\u00e7\u00e3o el\u00e9trica &#8211; 1 vaga<\/li>\n<li>Vendedor de autom\u00f3veis &#8211; 1 vaga<\/li>\n<li>Vendedor externo de produtos de panifica\u00e7\u00e3o &#8211; 1 vaga<\/li>\n<\/ul>\n<\/div>\n<\/div>\n<div id=\"chunk-8n46f\">\n<div class=\"content-ads content-ads--reveal\" data-block-type=\"ads\" data-block-id=\"24\"><\/div>\n<\/div>\n<div id=\"chunk-3n273\">\n<div class=\"mc-column content-text active-extra-styles \" data-block-type=\"unstyled\" data-block-weight=\"26\" data-block-id=\"25\">\n<p class=\" content-text__container \" data-track-category=\"Link no Texto\" data-track-links=\"\">O PAT fica na Rua S\u00e3o Bento n\u00ba 840 &#8211; Centro. O telefone \u00e9 o\u00a0<strong>(16) 3301-5087.<\/strong>\u00a0As vagas tamb\u00e9m podem ser consultadas pelo\u00a0<a class=\"\" href=\"https:\/\/www.facebook.com\/patararaquara\/\" target=\"_blank\" rel=\"noopener\">Facebook<\/a>.<\/p>\n<p data-track-category=\"Link no Texto\" data-track-links=\"\">\n<\/div>\n<\/div>\n<div id=\"chunk-5nfub\">\n<div class=\"mc-column content-text active-extra-styles\" data-block-type=\"raw\" data-block-weight=\"1\" data-block-id=\"27\">\n<div class=\"content-intertitle\">\n<h2><a class=\"\" href=\"https:\/\/g1.globo.com\/sp\/sao-carlos-regiao\/cidade\/araras-sp\/\">ARARAS<\/a><\/h2>\n<\/div>\n<\/div>\n<\/div>\n<div id=\"chunk-255t1\">\n<div class=\"mc-column content-text active-extra-styles \" data-block-type=\"unstyled\" data-block-weight=\"5\" data-block-id=\"28\">\n<p class=\" content-text__container \" data-track-category=\"Link no Texto\" data-track-links=\"\">Entre as vagas dispon\u00edveis, est\u00e3o:<\/p>\n<\/div>\n<\/div>\n<div id=\"chunk-cncv2\">\n<div class=\"mc-column content-text active-extra-styles\" data-block-type=\"raw\" data-block-weight=\"14\" data-block-id=\"29\">\n<ul class=\"content-unordered-list\">\n<li>Jardineiro<\/li>\n<li>Pedreiro<\/li>\n<li>Auxiliar de limpeza<\/li>\n<li>Balconista<\/li>\n<li>Cozinheira de escola<\/li>\n<li>Estoquista<\/li>\n<li>Lavador de ve\u00edculos<\/li>\n<li>Sepultador<\/li>\n<\/ul>\n<\/div>\n<\/div>\n<div id=\"chunk-rmba\">\n<div class=\"mc-column content-text active-extra-styles \" data-block-type=\"unstyled\" data-block-weight=\"27\" data-block-id=\"30\">\n<p class=\" content-text__container \" data-track-category=\"Link no Texto\" data-track-links=\"\">Todas as vagas est\u00e3o dispon\u00edveis no<a class=\"\" href=\"https:\/\/araras.sp.gov.br\/pat\" target=\"_blank\" rel=\"noopener\">\u00a0site da prefeitura<\/a>. O PAT fica na Avenida Zurita, 681 &#8211; Belvedere. Os telefones de contato s\u00e3o:\u00a0<strong>(19) 3544-8538 e 3544-8544<\/strong>.<\/p>\n<\/div>\n<\/div>\n<div id=\"chunk-8ig70\">\n<div class=\"mc-column content-text active-extra-styles\" data-block-type=\"raw\" data-block-weight=\"1\" data-block-id=\"33\">\n<p class=\"content-text__container\">\n<div class=\"content-intertitle\">\n<h2><a class=\"\" href=\"https:\/\/g1.globo.com\/sp\/sao-carlos-regiao\/cidade\/brotas\/\">BROTAS<\/a><\/h2>\n<\/div>\n<\/div>\n<\/div>\n<div id=\"chunk-1l37s\">\n<div class=\"mc-column content-text active-extra-styles\" data-block-type=\"raw\" data-block-weight=\"34\" data-block-id=\"34\">\n<ul class=\"content-unordered-list\">\n<li>Operador de padaria<\/li>\n<li>Operador de hortifr\u00fati<\/li>\n<li>Operador de carnes<\/li>\n<li>Aprendiz<\/li>\n<li>Operador de caixa<\/li>\n<li>Motorista entregador<\/li>\n<li>Cozinheiro (2)<\/li>\n<li>Fiscal de caixa<\/li>\n<li>Trabalhador rural<\/li>\n<li>Trabalhador rural e florestal<\/li>\n<li>Estagi\u00e1rio em Pedagogia ou Letras<\/li>\n<li>Tratorista<\/li>\n<li>Recepcionista (2)<\/li>\n<\/ul>\n<\/div>\n<\/div>\n<div id=\"chunk-53ss2\">\n<div class=\"mc-column content-text active-extra-styles \" data-block-type=\"unstyled\" data-block-weight=\"30\" data-block-id=\"35\">\n<p class=\" content-text__container \" data-track-category=\"Link no Texto\" data-track-links=\"\">Os requisitos e as atividades desempenhadas em cada cargo podem ser conferidos no<a class=\"\" href=\"https:\/\/www.brotas.sp.gov.br\/vagas-de-empregos-disponiveis-no-pat-posto-de-atendimento-ao-trabalhador\" target=\"_blank\" rel=\"noopener\">\u00a0site da prefeitura<\/a>. O PAT de Brotas fica na Avenida \u00c2ngelo Piva, n\u00ba 390 \u2013 Centro.<\/p>\n<\/div>\n<\/div>\n<div id=\"chunk-f1bkv\">\n<div class=\"mc-column content-text active-extra-styles\" data-block-type=\"raw\" data-block-weight=\"2\" data-block-id=\"37\">\n<p class=\"content-text__container\">\n<div class=\"content-intertitle\">\n<h2><a class=\"\" href=\"https:\/\/g1.globo.com\/sp\/sao-carlos-regiao\/cidade\/casa-branca\/\">CASA BRANCA<\/a><\/h2>\n<\/div>\n<\/div>\n<\/div>\n<div id=\"chunk-bcau2\">\n<div class=\"mc-column content-text active-extra-styles\" data-block-type=\"raw\" data-block-weight=\"24\" data-block-id=\"38\">\n<ul class=\"content-unordered-list\">\n<li>Auxiliar administrativo (PcD)<\/li>\n<li>Operador de guindauto<\/li>\n<li>Motorista \u00f4nibus urbano<\/li>\n<li>Auxiliar de t\u00e9cnico em refrigera\u00e7\u00e3o<\/li>\n<li>Auxiliar de limpeza<\/li>\n<li>Representante comercial<\/li>\n<li>Consultor \u00f3ptico<\/li>\n<li>Caseiro<\/li>\n<li>A\u00e7ougueiro Desossador<\/li>\n<\/ul>\n<\/div>\n<\/div>\n<div id=\"chunk-c6n7d\">\n<div class=\"mc-column content-text active-extra-styles \" data-block-type=\"unstyled\" data-block-weight=\"12\" data-block-id=\"39\">\n<p class=\" content-text__container \" data-track-category=\"Link no Texto\" data-track-links=\"\">O PAT de Casa Branca fica na Rua Capit\u00e3o Horta, 758, Centro.<\/p>\n<\/div>\n<\/div>\n<div id=\"chunk-alj4h\">\n<div class=\"mc-column content-text active-extra-styles\" data-block-type=\"raw\" data-block-weight=\"1\" data-block-id=\"42\">\n<p class=\"content-text__container\">\n<div class=\"content-intertitle\">\n<h2><a class=\"\" href=\"https:\/\/g1.globo.com\/sp\/sao-carlos-regiao\/cidade\/descalvado\/\">DESCALVADO<\/a><\/h2>\n<\/div>\n<\/div>\n<\/div>\n<div id=\"chunk-9ai89\">\n<div class=\"mc-column content-text active-extra-styles\" data-block-type=\"raw\" data-block-weight=\"138\" data-block-id=\"43\">\n<ul class=\"content-unordered-list\">\n<li>Ajudante de Motorista<\/li>\n<li>Ajudante de Produ\u00e7\u00e3o (Areeiro)<\/li>\n<li>Ajudante Geral<\/li>\n<li>Art\u00edfice<\/li>\n<li>Atendente de Lojas e Mercados<\/li>\n<li>Atendente de Padaria<\/li>\n<li>Auxiliar de Cozinha<\/li>\n<li>Auxiliar de Marceneiro<\/li>\n<li>Auxiliar de Produ\u00e7\u00e3o Av\u00edcola<\/li>\n<li>Auxiliar de Produ\u00e7\u00e3o Industrial<\/li>\n<li>Auxiliar de Produ\u00e7\u00e3o<\/li>\n<li>Auxiliar de Servi\u00e7os Agr\u00edcola<\/li>\n<li>Auxiliar de Servi\u00e7os Gerais<\/li>\n<li>Auxiliar do Centro de Pesquisa<\/li>\n<li>Auxiliar Mec\u00e2nico<\/li>\n<li>Balconista de Padaria<\/li>\n<li>Caldeireiro<\/li>\n<li>Eletricista de Manuten\u00e7\u00e3o Industrial<\/li>\n<li>Eletromec\u00e2nico<\/li>\n<li>Encanador Industrial (vaga tempor\u00e1ria)<\/li>\n<li>Entregador (\u00c1gua e G\u00e1s)<\/li>\n<li>Est\u00e1gio na \u00e1rea de Atendimento\/Produ\u00e7\u00e3o<\/li>\n<li>Farmac\u00eautico(a)<\/li>\n<li>Instrumentista<\/li>\n<li>Lavador Lubrificador<\/li>\n<li>Marceneiro<\/li>\n<li>Mec\u00e2nico de Manuten\u00e7\u00e3o Industrial<\/li>\n<li>Monitor(a) de Creche<\/li>\n<li>Montador de Estruturas Met\u00e1licas<\/li>\n<li>Motorista (CNH C, D e E)<\/li>\n<li>Motorista de Van<\/li>\n<li>Oficial de Eletricista<\/li>\n<li>Oficial de Jardinagem<\/li>\n<li>Operador de C\u00e2mara Fria<\/li>\n<li>Operador de Hilo<\/li>\n<li>Operador de M\u00e1quinas I<\/li>\n<li>Pedreiro<\/li>\n<li>Porteiro<\/li>\n<li>Quadriciclo<\/li>\n<li>Rur\u00edcola<\/li>\n<li>Servente de Obras<\/li>\n<li>Servi\u00e7os Gerais\/Agropecu\u00e1rio<\/li>\n<li>Setor Administrativo e de Produ\u00e7\u00e3o (vagas exclusivas para PCD)<\/li>\n<li>Soldador<\/li>\n<li>Torneiro Mec\u00e2nico<\/li>\n<li>Trabalhador Rural<\/li>\n<li>Vigia<\/li>\n<\/ul>\n<\/div>\n<\/div>\n<div id=\"chunk-drfgi\">\n<div class=\"content-ads content-ads--reveal\" data-block-type=\"ads\" data-block-id=\"44\"><\/div>\n<\/div>\n<div id=\"chunk-89l1m\">\n<div class=\"mc-column content-text active-extra-styles \" data-block-type=\"unstyled\" data-block-weight=\"25\" data-block-id=\"45\">\n<p class=\" content-text__container \" data-track-category=\"Link no Texto\" data-track-links=\"\">Para se inscrever, \u00e9 necess\u00e1rio comparecer no PAT (R. Cel. Arthur Whitacker, 137 &#8211; Centro) ou fazer contato online por e-mail (patdescalvado@yahoo.com.br) ou WhatsApp (19-3583-1000).<\/p>\n<\/div>\n<\/div>\n<div id=\"chunk-d38v4\">\n<div class=\"mc-column content-text active-extra-styles\" data-block-type=\"raw\" data-block-weight=\"1\" data-block-id=\"47\">\n<p class=\"content-text__container\">\n<div class=\"content-intertitle\">\n<h2><strong>LEME<\/strong><\/h2>\n<\/div>\n<\/div>\n<\/div>\n<div id=\"chunk-enhmv\">\n<div class=\"mc-column content-text active-extra-styles \" data-block-type=\"unstyled\" data-block-weight=\"20\" data-block-id=\"48\">\n<p class=\" content-text__container \" data-track-category=\"Link no Texto\" data-track-links=\"\">S\u00e3o 21 vagas dispon\u00edveis no munic\u00edpio, nesta quarta (10). PcDs dever comparecer no PAT de Leme para atendimento com psic\u00f3loga.<\/p>\n<\/div>\n<\/div>\n<div id=\"chunk-e154b\">\n<div class=\"mc-column content-text active-extra-styles\" data-block-type=\"raw\" data-block-weight=\"73\" data-block-id=\"49\">\n<ul class=\"content-unordered-list\">\n<li>A\u00e7ougueiro<\/li>\n<li>Assistente de contadoria fiscal<\/li>\n<li>Auxiliar de escrit\u00f3rio<\/li>\n<li>Auxiliar de limpeza<\/li>\n<li>Auxiliar de linha de produ\u00e7\u00e3o<\/li>\n<li>Auxiliar de pessoal<\/li>\n<li>Borracheiro<\/li>\n<li>Caseiro<\/li>\n<li>Costureira em geral<\/li>\n<li>Funileiro de ve\u00edculos (repara\u00e7\u00e3o)<\/li>\n<li>Mec\u00e2nico de autom\u00f3vel<\/li>\n<li>Mec\u00e2nico de diesel e eletricidade<\/li>\n<li>Mec\u00e2nico de manuten\u00e7\u00e3o de m\u00e1quinas em geral<\/li>\n<li>Mec\u00e2nico de manuten\u00e7\u00e3o de motocicletas<\/li>\n<li>Montador soldador<\/li>\n<li>Motorista de caminh\u00e3o leve<\/li>\n<li>Operador de instala\u00e7\u00e3o de ar-condicionado<\/li>\n<li>Operador de retroescavadeira<\/li>\n<li>Serralheiro<\/li>\n<li>Soldador<\/li>\n<li>T\u00e9cnico de refrigera\u00e7\u00e3o (instala\u00e7\u00e3o)<\/li>\n<li>Trabalhador da avicultura de corte<\/li>\n<\/ul>\n<\/div>\n<\/div>\n<div id=\"chunk-ctpkl\">\n<div class=\"mc-column content-text active-extra-styles\" data-block-type=\"raw\" data-block-weight=\"1\" data-block-id=\"52\">\n<p class=\"content-text__container\">\n<div class=\"content-intertitle\">\n<h2><a class=\"\" href=\"https:\/\/g1.globo.com\/sp\/sao-carlos-regiao\/cidade\/mococa\/\">MOCOCA<\/a><\/h2>\n<\/div>\n<\/div>\n<\/div>\n<div id=\"chunk-gm7h\">\n<div class=\"mc-column content-text active-extra-styles\" data-block-type=\"raw\" data-block-weight=\"35\" data-block-id=\"53\">\n<ul class=\"content-unordered-list\">\n<li>Cozinheiro<\/li>\n<li>Operador de caixa<\/li>\n<li>Pedreiros<\/li>\n<li>Servente de pedreiro<\/li>\n<li>Auxiliar de limpeza<\/li>\n<li>Auxiliar de atendimento ao cliente<\/li>\n<li>Auxiliar de linha de produ\u00e7\u00e3o<\/li>\n<li>Ajudante de motorista<\/li>\n<li>Operador de caldeira<\/li>\n<li>Empregada dom\u00e9stica<\/li>\n<li>Auxiliar t\u00e9cnico (est\u00e1gio)<\/li>\n<li>Eletricista<\/li>\n<li>Vendedor externo<\/li>\n<\/ul>\n<\/div>\n<\/div>\n<div id=\"chunk-9fpe9\">\n<div class=\"mc-column content-text active-extra-styles \" data-block-type=\"unstyled\" data-block-weight=\"19\" data-block-id=\"54\">\n<p class=\" content-text__container \" data-track-category=\"Link no Texto\" data-track-links=\"\">Os candidatos devem fazer cadastro no PAT (Rua Dr. Muniz Barretto, n\u00ba 82) e enviar curr\u00edculo no e-mail: patmococa@sde.sp.gov.br<\/p>\n<\/div>\n<\/div>\n<div id=\"chunk-9cha9\">\n<div class=\"mc-column content-text active-extra-styles\" data-block-type=\"raw\" data-block-weight=\"2\" data-block-id=\"57\">\n<p class=\"content-text__container\">\n<div class=\"content-intertitle\">\n<h2><a class=\"\" href=\"https:\/\/g1.globo.com\/sp\/sao-carlos-regiao\/cidade\/ribeirao-bonito\/\">RIBEIR\u00c3O BONITO<\/a><\/h2>\n<\/div>\n<\/div>\n<\/div>\n<div id=\"chunk-14ico\">\n<div class=\"mc-column content-text active-extra-styles \" data-block-type=\"unstyled\" data-block-weight=\"22\" data-block-id=\"58\">\n<p class=\" content-text__container \" data-track-category=\"Link no Texto\" data-track-links=\"\">N\u00e3o h\u00e1 nenhuma vaga aberta no Balc\u00e3o de Empregos da Prefeitura de Ribeir\u00e3o Bonito. As oportunidades s\u00e3o divulgadas\u00a0<a class=\"\" href=\"https:\/\/ribeiraobonito.sp.gov.br\/paginas\/portal\/balcaoEmpregos\" target=\"_blank\" rel=\"noopener\">no site da prefeitura<\/a>.<\/p>\n<p data-track-category=\"Link no Texto\" data-track-links=\"\">\n<\/div>\n<\/div>\n<div id=\"chunk-efsk8\">\n<div class=\"mc-column content-text active-extra-styles\" data-block-type=\"raw\" data-block-weight=\"1\" data-block-id=\"60\">\n<div class=\"content-intertitle\">\n<h2><a class=\"\" href=\"https:\/\/g1.globo.com\/sp\/sao-carlos-regiao\/cidade\/rincao\/\">RINC\u00c3O<\/a><\/h2>\n<\/div>\n<\/div>\n<\/div>\n<div id=\"chunk-70up1\">\n<div class=\"mc-column content-text active-extra-styles \" data-block-type=\"unstyled\" data-block-weight=\"4\" data-block-id=\"61\">\n<p class=\" content-text__container \" data-track-category=\"Link no Texto\" data-track-links=\"\">S\u00e3o 45 vagas dispon\u00edveis:<\/p>\n<\/div>\n<\/div>\n<div id=\"chunk-98lv0\">\n<div class=\"mc-column content-text active-extra-styles\" data-block-type=\"raw\" data-block-weight=\"73\" data-block-id=\"62\">\n<ul class=\"content-unordered-list\">\n<li>Assistente de Engenharia Civil<\/li>\n<li>Auxiliar de Limpeza<\/li>\n<li>Soldador<\/li>\n<li>Operador de M\u00e1quinas Dobrar Chapas<\/li>\n<li>Servente de Obras &#8211; 8 vagas<\/li>\n<li>Montador &#8211; 5 vagas<\/li>\n<li>Motorista de Furg\u00e3o ou Ve\u00edculo Similar &#8211; 2 vagas<\/li>\n<li>Pintor Industrial<\/li>\n<li>Caldeireiro<\/li>\n<li>Farmac\u00eautico<\/li>\n<li>Motorista de \u00d4nibus Urbano &#8211; 3 vagas<\/li>\n<li>Ajudante de Obras &#8211; 10 vagas<\/li>\n<li>T\u00e9cnico de Seguran\u00e7a &#8211; 2 vagas<\/li>\n<li>Balconista de A\u00e7ougue &#8211; 2 vagas<\/li>\n<li>Operador de Empilhadeira &#8211; 2 vagas<\/li>\n<li>Vigia &#8211; 3 vagas<\/li>\n<li>Apontador<\/li>\n<\/ul>\n<\/div>\n<\/div>\n<div id=\"chunk-e1qkq\">\n<div class=\"content-ads content-ads--reveal\" data-block-type=\"ads\" data-block-id=\"63\"><\/div>\n<\/div>\n<div id=\"chunk-fmov6\">\n<div class=\"mc-column content-text active-extra-styles \" data-block-type=\"unstyled\" data-block-weight=\"23\" data-block-id=\"64\">\n<p class=\" content-text__container \" data-track-category=\"Link no Texto\" data-track-links=\"\">O PAT de Rinc\u00e3o fica na Rua 21 de novembro, n\u00ba 491. O telefone \u00e9 o (16) 3395-1521 e o e-mail \u00e9 pat.rincao@gmail.com.<\/p>\n<\/div>\n<\/div>\n<div id=\"chunk-30oiu\">\n<div class=\"mc-column content-text active-extra-styles\" data-block-type=\"raw\" data-block-weight=\"2\" data-block-id=\"66\">\n<p class=\"content-text__container\">\n<div class=\"content-intertitle\">\n<h2><a class=\"\" href=\"https:\/\/g1.globo.com\/sp\/sao-carlos-regiao\/cidade\/rio-claro-sp\/\">RIO CLARO<\/a><\/h2>\n<\/div>\n<\/div>\n<\/div>\n<div id=\"chunk-fngjp\">\n<div class=\"mc-column content-text active-extra-styles \" data-block-type=\"unstyled\" data-block-weight=\"12\" data-block-id=\"67\">\n<p class=\" content-text__container \" data-track-category=\"Link no Texto\" data-track-links=\"\">O munic\u00edpio tem dezenas de vagas de emprego dispon\u00edveis. Entre elas est\u00e3o:<\/p>\n<\/div>\n<\/div>\n<div id=\"chunk-gnqb\">\n<div class=\"mc-column content-text active-extra-styles\" data-block-type=\"raw\" data-block-weight=\"18\" data-block-id=\"68\">\n<ul class=\"content-unordered-list\">\n<li>Auxiliar de log\u00edstica<\/li>\n<li>Recepcionista<\/li>\n<li>Psic\u00f3loga<\/li>\n<li>Ajudante de produ\u00e7\u00e3o<\/li>\n<li>Analista de RH<\/li>\n<li>Jardineiro<\/li>\n<li>Soldador<\/li>\n<li>Auxiliar de limpeza<\/li>\n<li>Costureira<\/li>\n<li>Vendedor<\/li>\n<\/ul>\n<\/div>\n<\/div>\n<div id=\"chunk-a1grb\">\n<div class=\"mc-column content-text active-extra-styles \" data-block-type=\"unstyled\" data-block-weight=\"22\" data-block-id=\"69\">\n<p class=\" content-text__container \" data-track-category=\"Link no Texto\" data-track-links=\"\">Os moradores podem cadastrar o curr\u00edculo diretamente no\u00a0<a class=\"\" href=\"https:\/\/vagas.rioclaro.sp.gov.br\/\" target=\"_blank\" rel=\"noopener\">Portal da Empregabilidade<\/a>. O PAT (Conecta) atende na Rua 3 com a Avenida 12.<\/p>\n<\/div>\n<\/div>\n<div id=\"chunk-d7j1j\">\n<div class=\"mc-column content-text active-extra-styles\" data-block-type=\"raw\" data-block-weight=\"5\" data-block-id=\"72\">\n<p class=\"content-text__container\">\n<div class=\"content-intertitle\">\n<h2><a class=\"\" href=\"https:\/\/g1.globo.com\/sp\/sao-carlos-regiao\/cidade\/santa-rita-do-passa-quatro\/\"><strong>SANTA RITA DO PASSA QUATRO<\/strong><\/a><\/h2>\n<\/div>\n<\/div>\n<\/div>\n<div id=\"chunk-6ftio\">\n<div class=\"mc-column content-text active-extra-styles\" data-block-type=\"raw\" data-block-weight=\"18\" data-block-id=\"73\">\n<ul class=\"content-unordered-list\">\n<li>Analista comercial interno<\/li>\n<li>Mec\u00e2nico industrial<\/li>\n<li>Carga e descarga<\/li>\n<li>Auxiliar industrial<\/li>\n<li>Auxiliar de linha de produ\u00e7\u00e3o<\/li>\n<li>Inspetor de fiscaliza\u00e7\u00e3o<\/li>\n<\/ul>\n<\/div>\n<\/div>\n<div id=\"chunk-6kt04\">\n<div class=\"mc-column content-text active-extra-styles \" data-block-type=\"unstyled\" data-block-weight=\"10\" data-block-id=\"74\">\n<p class=\" content-text__container \" data-track-category=\"Link no Texto\" data-track-links=\"\">O PAT fica na Rua Duque de Caxias, 614, Centro.<\/p>\n<p data-track-category=\"Link no Texto\" data-track-links=\"\">\n<\/div>\n<\/div>\n<div id=\"chunk-3ndu2\">\n<div class=\"mc-column content-text active-extra-styles\" data-block-type=\"raw\" data-block-weight=\"2\" data-block-id=\"76\">\n<div class=\"content-intertitle\">\n<h2>S\u00c3O CARLOS<\/h2>\n<\/div>\n<\/div>\n<\/div>\n<div id=\"chunk-9kmgs\">\n<div class=\"mc-column content-text active-extra-styles \" data-block-type=\"unstyled\" data-block-weight=\"8\" data-block-id=\"77\">\n<p class=\" content-text__container \" data-track-category=\"Link no Texto\" data-track-links=\"\">O munic\u00edpio tem\u00a0<strong>218 vagas<\/strong> dispon\u00edveis, entre elas:<\/p>\n<\/div>\n<\/div>\n<div id=\"chunk-8rpbe\">\n<div class=\"mc-column content-text active-extra-styles\" data-block-type=\"raw\" data-block-weight=\"36\" data-block-id=\"78\">\n<ul class=\"content-unordered-list\">\n<li>Ajudante de carga e descarga de mercadoria<\/li>\n<li>Ajudante geral<\/li>\n<li>Assistente de vendas<\/li>\n<li>Atendente de lanchonete<\/li>\n<li>Auxiliar de cozinha<\/li>\n<li>Auxiliar de escrit\u00f3rio<\/li>\n<li>Balconista<\/li>\n<li>Cozinheiro geral<\/li>\n<li>Manobrista<\/li>\n<li>Mec\u00e2nico de moto a diesel<\/li>\n<li>Pedreiro<\/li>\n<li>Pintor de obras<\/li>\n<li>Torneiro mec\u00e2nico<\/li>\n<\/ul>\n<\/div>\n<\/div>\n<div id=\"chunk-eisn4\">\n<div class=\"mc-column content-text active-extra-styles \" data-block-type=\"unstyled\" data-block-weight=\"38\" data-block-id=\"79\">\n<p class=\" content-text__container \" data-track-category=\"Link no Texto\" data-track-links=\"\">Todas as vagas podem ser consultadas pela internet.\u00a0<a class=\"\" href=\"http:\/\/www.saocarlos.sp.gov.br\/files\/vagas_trabalhador.pdf\" target=\"_blank\" rel=\"noopener\">Clique aqui para ver.<\/a>\u00a0A Casa do Trabalhador fica na Avenida S\u00e3o Carlos, 1839 &#8211; Centro. O atendimento \u00e9 feito por agendamento pr\u00e9vio pela\u00a0<a class=\"\" href=\"http:\/\/agendamento.saocarlos.sp.gov.br\/\" target=\"_blank\" rel=\"noopener\">internet\u00a0<\/a>ou pelo telefone (16) 3374-1750.<\/p>\n<\/div>\n<\/div>\n<div id=\"chunk-ep9le\">\n<div class=\"mc-column content-text active-extra-styles\" data-block-type=\"raw\" data-block-weight=\"5\" data-block-id=\"82\">\n<p class=\"content-text__container\">\n<div class=\"content-intertitle\">\n<h2>S\u00c3O JOS\u00c9 DO RIO PARDO<\/h2>\n<\/div>\n<\/div>\n<\/div>\n<div id=\"chunk-2l2qc\">\n<div class=\"mc-column content-text active-extra-styles \" data-block-type=\"unstyled\" data-block-weight=\"10\" data-block-id=\"83\">\n<p class=\" content-text__container \" data-track-category=\"Link no Texto\" data-track-links=\"\">Na cidade, h\u00e1 38 oportunidades de emprego dispon\u00edveis. S\u00e3o elas:<\/p>\n<\/div>\n<\/div>\n<div id=\"chunk-ev6m4\">\n<div class=\"mc-column content-text active-extra-styles\" data-block-type=\"raw\" data-block-weight=\"101\" data-block-id=\"84\">\n<ul class=\"content-unordered-list\">\n<li>Auxiliar de limpeza<\/li>\n<li>Vendedor externo<\/li>\n<li>Padeiro<\/li>\n<li>Conferente de mercadorias<\/li>\n<li>Operador de caixa<\/li>\n<li>Estagi\u00e1rio atendente (cursando gradua\u00e7\u00e3o)<\/li>\n<li>Oficial de cozinha<\/li>\n<li>Cozinheira<\/li>\n<li>Engenheiro civil<\/li>\n<li>T\u00e9cnico em pr\u00f3teses dent\u00e1rias<\/li>\n<li>Cadastrador<\/li>\n<li>Representante de neg\u00f3cios<\/li>\n<li>Auxiliar de produ\u00e7\u00e3o<\/li>\n<li>Auxiliar de escrit\u00f3rio<\/li>\n<li>Serralheiro de alum\u00ednio<\/li>\n<li>Motorista de \u00f4nibus<\/li>\n<li>Pedreiro (2)<\/li>\n<li>Auxiliar geral de transmiss\u00e3o<\/li>\n<li>T\u00e9cnico em manuten\u00e7\u00e3o de equipamentos<\/li>\n<li>T\u00e9cnico em mec\u00e2nica<\/li>\n<li>Auxiliar de servi\u00e7os gerais<\/li>\n<li>Caseiro<\/li>\n<li>Motorista de distribui\u00e7\u00e3o<\/li>\n<li>Empregada dom\u00e9stica<\/li>\n<li>Balconista de padaria<\/li>\n<li>Caixa de padaria<\/li>\n<li>Auxiliar de consult\u00f3rio odontol\u00f3gico<\/li>\n<li>Secret\u00e1ria<\/li>\n<li>Caixa de loja<\/li>\n<li>Assistente de vendas<\/li>\n<li>Camareira<\/li>\n<li>Recepcionista<\/li>\n<li>Auxiliar geral de motel<\/li>\n<li>Auxiliar de cozinha<\/li>\n<li>T\u00e9cnico em seguran\u00e7a do trabalho<\/li>\n<li>Servente de obras<\/li>\n<li>Eletricista<\/li>\n<\/ul>\n<\/div>\n<\/div>\n<div id=\"chunk-ehmlh\">\n<div class=\"content-ads content-ads--reveal\" data-block-type=\"ads\" data-block-id=\"85\"><\/div>\n<\/div>\n<div id=\"chunk-1r334\">\n<div class=\"mc-column content-text active-extra-styles \" data-block-type=\"unstyled\" data-block-weight=\"20\" data-block-id=\"86\">\n<p class=\" content-text__container \" data-track-category=\"Link no Texto\" data-track-links=\"\">O PAT de Rio Pardo fica na Rua Jorge Tibiri\u00e7\u00e1, 451, Centro- (Pr\u00e9dio da FEUC). O telefone \u00e9 o (19)3681-6144.<\/p>\n<\/div>\n<\/div>\n<div id=\"chunk-5rs9\">\n<div class=\"mc-column content-text active-extra-styles\" data-block-type=\"raw\" data-block-weight=\"1\" data-block-id=\"88\">\n<p class=\"content-text__container\">\n<div class=\"content-intertitle\">\n<h2><a class=\"\" href=\"https:\/\/g1.globo.com\/sp\/sao-carlos-regiao\/cidade\/tambau\/\">TAMBA\u00da<\/a><\/h2>\n<\/div>\n<\/div>\n<\/div>\n<div id=\"chunk-6rs36\">\n<div class=\"mc-column content-text active-extra-styles\" data-block-type=\"raw\" data-block-weight=\"56\" data-block-id=\"89\">\n<ul class=\"content-unordered-list\">\n<li>Ajudante de produ\u00e7\u00e3o &#8211; madeireira Oliveira (Enviar curr\u00edculo para a Rua Jos\u00e9 Silvestre, 99 ou pelo WhatsApp 19-97414-3143)<\/li>\n<li>T\u00e9cnico de seguran\u00e7a &#8211; empresa Titan (Enviar curr\u00edculo para curriculo@titan.ind.br)<\/li>\n<li>Auxiliar administrativo &#8211; empresa Mattec (entregar curr\u00edculo na Rua Lourival Oliveira Meireles, 269, Jardim Santa Carolina).<\/li>\n<li>T\u00e9nico instalador de internet &#8211; empresa Sartori (curr\u00edculo com foto para gerencia@strnet.com.br).<\/li>\n<\/ul>\n<\/div>\n<\/div>\n<div id=\"chunk-1p2ln\">\n<div class=\"mc-column content-text active-extra-styles \" data-block-type=\"unstyled\" data-block-weight=\"5\" data-block-id=\"90\">\n<p class=\" content-text__container \" data-track-category=\"Link no Texto\" data-track-links=\"\">A cidade n\u00e3o tem PAT.<\/p>\n<p data-track-category=\"Link no Texto\" data-track-links=\"\"><strong>Via<a href=\"https:\/\/g1.globo.com\/sp\/sao-carlos-regiao\/noticia\/2024\/01\/09\/veja-vagas-de-emprego-em-sao-carlos-araraquara-e-regiao-em-janeiro-de-2024.ghtml\" target=\"_blank\" rel=\"noopener\"> G1 Mococa<\/a><\/strong><\/p>\n<\/div>\n<\/div>\n<\/div>\n","protected":false},"excerpt":{"rendered":"<p>Os Postos de Atendimento ao Trabalhador (PAT) de\u00a0Leme,\u00a0S\u00e3o Jos\u00e9 do Rio Pardo\u00a0e regi\u00e3o est\u00e3o com centenas de vagas de emprego abertas nesta semana. Os cargos contemplam diversos n\u00edveis de escolaridade.\u00a0Veja abaixo. As prefeituras recomendam aos interessados acompanhar poss\u00edveis atualiza\u00e7\u00f5es nos sites dos postos de atendimento devido \u00e0 possibilidade de preenchimento ou abertura de novas vagas. &hellip;<\/p>\n","protected":false},"author":1,"featured_media":2348,"comment_status":"closed","ping_status":"closed","sticky":false,"template":"","format":"standard","meta":{"footnotes":""},"categories":[30],"tags":[],"class_list":["post-2347","post","type-post","status-publish","format-standard","has-post-thumbnail","hentry","category-geral"],"yoast_head":"<!-- This site is optimized with the Yoast SEO plugin v27.4 - https:\/\/yoast.com\/product\/yoast-seo-wordpress\/ -->\n<title>Faxineiro, balconista e vigia; veja vagas de emprego em Descalvado, Mococa e regi\u00e3o - Transam\u00e9rica Mococa 93,3<\/title>\n<meta name=\"robots\" content=\"index, follow, max-snippet:-1, max-image-preview:large, max-video-preview:-1\" \/>\n<link rel=\"canonical\" href=\"https:\/\/transamerica93.com.br\/home\/faxineiro-balconista-e-vigia-veja-vagas-de-emprego-em-descalvado-mococa-e-regiao\/\" \/>\n<meta property=\"og:locale\" content=\"pt_BR\" \/>\n<meta property=\"og:type\" content=\"article\" \/>\n<meta property=\"og:title\" content=\"Faxineiro, balconista e vigia; veja vagas de emprego em Descalvado, Mococa e regi\u00e3o - Transam\u00e9rica Mococa 93,3\" \/>\n<meta property=\"og:description\" content=\"Os Postos de Atendimento ao Trabalhador (PAT) de\u00a0Leme,\u00a0S\u00e3o Jos\u00e9 do Rio Pardo\u00a0e regi\u00e3o est\u00e3o com centenas de vagas de emprego abertas nesta semana. Os cargos contemplam diversos n\u00edveis de escolaridade.\u00a0Veja abaixo. As prefeituras recomendam aos interessados acompanhar poss\u00edveis atualiza\u00e7\u00f5es nos sites dos postos de atendimento devido \u00e0 possibilidade de preenchimento ou abertura de novas vagas. &hellip;\" \/>\n<meta property=\"og:url\" content=\"https:\/\/transamerica93.com.br\/home\/faxineiro-balconista-e-vigia-veja-vagas-de-emprego-em-descalvado-mococa-e-regiao\/\" \/>\n<meta property=\"og:site_name\" content=\"Transam\u00e9rica Mococa 93,3\" \/>\n<meta property=\"article:publisher\" content=\"https:\/\/www.facebook.com\/transamericamococa\" \/>\n<meta property=\"article:published_time\" content=\"2024-01-15T12:00:26+00:00\" \/>\n<meta property=\"og:image\" content=\"https:\/\/transamerica93.com.br\/home\/wp-content\/uploads\/2024\/01\/imagem-30.jpg\" \/>\n\t<meta property=\"og:image:width\" content=\"984\" \/>\n\t<meta property=\"og:image:height\" content=\"655\" \/>\n\t<meta property=\"og:image:type\" content=\"image\/jpeg\" \/>\n<meta name=\"author\" content=\"Reda\u00e7\u00e3o\" \/>\n<meta name=\"twitter:card\" content=\"summary_large_image\" \/>\n<meta name=\"twitter:creator\" content=\"@transamerica933\" \/>\n<meta name=\"twitter:site\" content=\"@transamerica933\" \/>\n<meta name=\"twitter:label1\" content=\"Escrito por\" \/>\n\t<meta name=\"twitter:data1\" content=\"Reda\u00e7\u00e3o\" \/>\n\t<meta name=\"twitter:label2\" content=\"Est. tempo de leitura\" \/>\n\t<meta name=\"twitter:data2\" content=\"8 minutos\" \/>\n<script type=\"application\/ld+json\" class=\"yoast-schema-graph\">{\"@context\":\"https:\\\/\\\/schema.org\",\"@graph\":[{\"@type\":\"Article\",\"@id\":\"https:\\\/\\\/transamerica93.com.br\\\/home\\\/faxineiro-balconista-e-vigia-veja-vagas-de-emprego-em-descalvado-mococa-e-regiao\\\/#article\",\"isPartOf\":{\"@id\":\"https:\\\/\\\/transamerica93.com.br\\\/home\\\/faxineiro-balconista-e-vigia-veja-vagas-de-emprego-em-descalvado-mococa-e-regiao\\\/\"},\"author\":{\"name\":\"Reda\u00e7\u00e3o\",\"@id\":\"https:\\\/\\\/transamerica93.com.br\\\/home\\\/#\\\/schema\\\/person\\\/7fed7c99c0d4562efa8561bc0f543172\"},\"headline\":\"Faxineiro, balconista e vigia; veja vagas de emprego em Descalvado, Mococa e regi\u00e3o\",\"datePublished\":\"2024-01-15T12:00:26+00:00\",\"mainEntityOfPage\":{\"@id\":\"https:\\\/\\\/transamerica93.com.br\\\/home\\\/faxineiro-balconista-e-vigia-veja-vagas-de-emprego-em-descalvado-mococa-e-regiao\\\/\"},\"wordCount\":1587,\"publisher\":{\"@id\":\"https:\\\/\\\/transamerica93.com.br\\\/home\\\/#organization\"},\"image\":{\"@id\":\"https:\\\/\\\/transamerica93.com.br\\\/home\\\/faxineiro-balconista-e-vigia-veja-vagas-de-emprego-em-descalvado-mococa-e-regiao\\\/#primaryimage\"},\"thumbnailUrl\":\"https:\\\/\\\/transamerica93.com.br\\\/home\\\/wp-content\\\/uploads\\\/2024\\\/01\\\/imagem-30.jpg\",\"articleSection\":[\"Geral\"],\"inLanguage\":\"pt-BR\"},{\"@type\":\"WebPage\",\"@id\":\"https:\\\/\\\/transamerica93.com.br\\\/home\\\/faxineiro-balconista-e-vigia-veja-vagas-de-emprego-em-descalvado-mococa-e-regiao\\\/\",\"url\":\"https:\\\/\\\/transamerica93.com.br\\\/home\\\/faxineiro-balconista-e-vigia-veja-vagas-de-emprego-em-descalvado-mococa-e-regiao\\\/\",\"name\":\"Faxineiro, balconista e vigia; veja vagas de emprego em Descalvado, Mococa e regi\u00e3o - Transam\u00e9rica Mococa 93,3\",\"isPartOf\":{\"@id\":\"https:\\\/\\\/transamerica93.com.br\\\/home\\\/#website\"},\"primaryImageOfPage\":{\"@id\":\"https:\\\/\\\/transamerica93.com.br\\\/home\\\/faxineiro-balconista-e-vigia-veja-vagas-de-emprego-em-descalvado-mococa-e-regiao\\\/#primaryimage\"},\"image\":{\"@id\":\"https:\\\/\\\/transamerica93.com.br\\\/home\\\/faxineiro-balconista-e-vigia-veja-vagas-de-emprego-em-descalvado-mococa-e-regiao\\\/#primaryimage\"},\"thumbnailUrl\":\"https:\\\/\\\/transamerica93.com.br\\\/home\\\/wp-content\\\/uploads\\\/2024\\\/01\\\/imagem-30.jpg\",\"datePublished\":\"2024-01-15T12:00:26+00:00\",\"breadcrumb\":{\"@id\":\"https:\\\/\\\/transamerica93.com.br\\\/home\\\/faxineiro-balconista-e-vigia-veja-vagas-de-emprego-em-descalvado-mococa-e-regiao\\\/#breadcrumb\"},\"inLanguage\":\"pt-BR\",\"potentialAction\":[{\"@type\":\"ReadAction\",\"target\":[\"https:\\\/\\\/transamerica93.com.br\\\/home\\\/faxineiro-balconista-e-vigia-veja-vagas-de-emprego-em-descalvado-mococa-e-regiao\\\/\"]}]},{\"@type\":\"ImageObject\",\"inLanguage\":\"pt-BR\",\"@id\":\"https:\\\/\\\/transamerica93.com.br\\\/home\\\/faxineiro-balconista-e-vigia-veja-vagas-de-emprego-em-descalvado-mococa-e-regiao\\\/#primaryimage\",\"url\":\"https:\\\/\\\/transamerica93.com.br\\\/home\\\/wp-content\\\/uploads\\\/2024\\\/01\\\/imagem-30.jpg\",\"contentUrl\":\"https:\\\/\\\/transamerica93.com.br\\\/home\\\/wp-content\\\/uploads\\\/2024\\\/01\\\/imagem-30.jpg\",\"width\":984,\"height\":655,\"caption\":\"Faxineiro, balconista e vigia; veja vagas de emprego em Descalvado, Mococa e regi\u00e3o \u2014 Foto: Anton\\\/Unsplash\"},{\"@type\":\"BreadcrumbList\",\"@id\":\"https:\\\/\\\/transamerica93.com.br\\\/home\\\/faxineiro-balconista-e-vigia-veja-vagas-de-emprego-em-descalvado-mococa-e-regiao\\\/#breadcrumb\",\"itemListElement\":[{\"@type\":\"ListItem\",\"position\":1,\"name\":\"In\u00edcio\",\"item\":\"https:\\\/\\\/transamerica93.com.br\\\/home\\\/\"},{\"@type\":\"ListItem\",\"position\":2,\"name\":\"Faxineiro, balconista e vigia; veja vagas de emprego em Descalvado, Mococa e regi\u00e3o\"}]},{\"@type\":\"WebSite\",\"@id\":\"https:\\\/\\\/transamerica93.com.br\\\/home\\\/#website\",\"url\":\"https:\\\/\\\/transamerica93.com.br\\\/home\\\/\",\"name\":\"Transam\u00e9rica Mococa 93,3\",\"description\":\"\",\"publisher\":{\"@id\":\"https:\\\/\\\/transamerica93.com.br\\\/home\\\/#organization\"},\"potentialAction\":[{\"@type\":\"SearchAction\",\"target\":{\"@type\":\"EntryPoint\",\"urlTemplate\":\"https:\\\/\\\/transamerica93.com.br\\\/home\\\/?s={search_term_string}\"},\"query-input\":{\"@type\":\"PropertyValueSpecification\",\"valueRequired\":true,\"valueName\":\"search_term_string\"}}],\"inLanguage\":\"pt-BR\"},{\"@type\":\"Organization\",\"@id\":\"https:\\\/\\\/transamerica93.com.br\\\/home\\\/#organization\",\"name\":\"Transam\u00e9rica Mococa 93,3\",\"url\":\"https:\\\/\\\/transamerica93.com.br\\\/home\\\/\",\"logo\":{\"@type\":\"ImageObject\",\"inLanguage\":\"pt-BR\",\"@id\":\"https:\\\/\\\/transamerica93.com.br\\\/home\\\/#\\\/schema\\\/logo\\\/image\\\/\",\"url\":\"https:\\\/\\\/transamerica93.com.br\\\/home\\\/wp-content\\\/uploads\\\/2023\\\/10\\\/logo2.png\",\"contentUrl\":\"https:\\\/\\\/transamerica93.com.br\\\/home\\\/wp-content\\\/uploads\\\/2023\\\/10\\\/logo2.png\",\"width\":800,\"height\":500,\"caption\":\"Transam\u00e9rica Mococa 93,3\"},\"image\":{\"@id\":\"https:\\\/\\\/transamerica93.com.br\\\/home\\\/#\\\/schema\\\/logo\\\/image\\\/\"},\"sameAs\":[\"https:\\\/\\\/www.facebook.com\\\/transamericamococa\",\"https:\\\/\\\/x.com\\\/transamerica933\",\"https:\\\/\\\/www.instagram.com\\\/transamericamococa\"]},{\"@type\":\"Person\",\"@id\":\"https:\\\/\\\/transamerica93.com.br\\\/home\\\/#\\\/schema\\\/person\\\/7fed7c99c0d4562efa8561bc0f543172\",\"name\":\"Reda\u00e7\u00e3o\",\"image\":{\"@type\":\"ImageObject\",\"inLanguage\":\"pt-BR\",\"@id\":\"https:\\\/\\\/secure.gravatar.com\\\/avatar\\\/1072c6b775fb02ef8506ce967551d95926669a6b7d2c2147b42eea4d7c68395e?s=96&d=mm&r=g\",\"url\":\"https:\\\/\\\/secure.gravatar.com\\\/avatar\\\/1072c6b775fb02ef8506ce967551d95926669a6b7d2c2147b42eea4d7c68395e?s=96&d=mm&r=g\",\"contentUrl\":\"https:\\\/\\\/secure.gravatar.com\\\/avatar\\\/1072c6b775fb02ef8506ce967551d95926669a6b7d2c2147b42eea4d7c68395e?s=96&d=mm&r=g\",\"caption\":\"Reda\u00e7\u00e3o\"},\"sameAs\":[\"https:\\\/\\\/transamerica93.com.br\\\/home\"],\"url\":\"https:\\\/\\\/transamerica93.com.br\\\/home\\\/author\\\/william\\\/\"}]}<\/script>\n<!-- \/ Yoast SEO plugin. -->","yoast_head_json":{"title":"Faxineiro, balconista e vigia; veja vagas de emprego em Descalvado, Mococa e regi\u00e3o - Transam\u00e9rica Mococa 93,3","robots":{"index":"index","follow":"follow","max-snippet":"max-snippet:-1","max-image-preview":"max-image-preview:large","max-video-preview":"max-video-preview:-1"},"canonical":"https:\/\/transamerica93.com.br\/home\/faxineiro-balconista-e-vigia-veja-vagas-de-emprego-em-descalvado-mococa-e-regiao\/","og_locale":"pt_BR","og_type":"article","og_title":"Faxineiro, balconista e vigia; veja vagas de emprego em Descalvado, Mococa e regi\u00e3o - Transam\u00e9rica Mococa 93,3","og_description":"Os Postos de Atendimento ao Trabalhador (PAT) de\u00a0Leme,\u00a0S\u00e3o Jos\u00e9 do Rio Pardo\u00a0e regi\u00e3o est\u00e3o com centenas de vagas de emprego abertas nesta semana. Os cargos contemplam diversos n\u00edveis de escolaridade.\u00a0Veja abaixo. As prefeituras recomendam aos interessados acompanhar poss\u00edveis atualiza\u00e7\u00f5es nos sites dos postos de atendimento devido \u00e0 possibilidade de preenchimento ou abertura de novas vagas. &hellip;","og_url":"https:\/\/transamerica93.com.br\/home\/faxineiro-balconista-e-vigia-veja-vagas-de-emprego-em-descalvado-mococa-e-regiao\/","og_site_name":"Transam\u00e9rica Mococa 93,3","article_publisher":"https:\/\/www.facebook.com\/transamericamococa","article_published_time":"2024-01-15T12:00:26+00:00","og_image":[{"width":984,"height":655,"url":"https:\/\/transamerica93.com.br\/home\/wp-content\/uploads\/2024\/01\/imagem-30.jpg","type":"image\/jpeg"}],"author":"Reda\u00e7\u00e3o","twitter_card":"summary_large_image","twitter_creator":"@transamerica933","twitter_site":"@transamerica933","twitter_misc":{"Escrito por":"Reda\u00e7\u00e3o","Est. tempo de leitura":"8 minutos"},"schema":{"@context":"https:\/\/schema.org","@graph":[{"@type":"Article","@id":"https:\/\/transamerica93.com.br\/home\/faxineiro-balconista-e-vigia-veja-vagas-de-emprego-em-descalvado-mococa-e-regiao\/#article","isPartOf":{"@id":"https:\/\/transamerica93.com.br\/home\/faxineiro-balconista-e-vigia-veja-vagas-de-emprego-em-descalvado-mococa-e-regiao\/"},"author":{"name":"Reda\u00e7\u00e3o","@id":"https:\/\/transamerica93.com.br\/home\/#\/schema\/person\/7fed7c99c0d4562efa8561bc0f543172"},"headline":"Faxineiro, balconista e vigia; veja vagas de emprego em Descalvado, Mococa e regi\u00e3o","datePublished":"2024-01-15T12:00:26+00:00","mainEntityOfPage":{"@id":"https:\/\/transamerica93.com.br\/home\/faxineiro-balconista-e-vigia-veja-vagas-de-emprego-em-descalvado-mococa-e-regiao\/"},"wordCount":1587,"publisher":{"@id":"https:\/\/transamerica93.com.br\/home\/#organization"},"image":{"@id":"https:\/\/transamerica93.com.br\/home\/faxineiro-balconista-e-vigia-veja-vagas-de-emprego-em-descalvado-mococa-e-regiao\/#primaryimage"},"thumbnailUrl":"https:\/\/transamerica93.com.br\/home\/wp-content\/uploads\/2024\/01\/imagem-30.jpg","articleSection":["Geral"],"inLanguage":"pt-BR"},{"@type":"WebPage","@id":"https:\/\/transamerica93.com.br\/home\/faxineiro-balconista-e-vigia-veja-vagas-de-emprego-em-descalvado-mococa-e-regiao\/","url":"https:\/\/transamerica93.com.br\/home\/faxineiro-balconista-e-vigia-veja-vagas-de-emprego-em-descalvado-mococa-e-regiao\/","name":"Faxineiro, balconista e vigia; veja vagas de emprego em Descalvado, Mococa e regi\u00e3o - Transam\u00e9rica Mococa 93,3","isPartOf":{"@id":"https:\/\/transamerica93.com.br\/home\/#website"},"primaryImageOfPage":{"@id":"https:\/\/transamerica93.com.br\/home\/faxineiro-balconista-e-vigia-veja-vagas-de-emprego-em-descalvado-mococa-e-regiao\/#primaryimage"},"image":{"@id":"https:\/\/transamerica93.com.br\/home\/faxineiro-balconista-e-vigia-veja-vagas-de-emprego-em-descalvado-mococa-e-regiao\/#primaryimage"},"thumbnailUrl":"https:\/\/transamerica93.com.br\/home\/wp-content\/uploads\/2024\/01\/imagem-30.jpg","datePublished":"2024-01-15T12:00:26+00:00","breadcrumb":{"@id":"https:\/\/transamerica93.com.br\/home\/faxineiro-balconista-e-vigia-veja-vagas-de-emprego-em-descalvado-mococa-e-regiao\/#breadcrumb"},"inLanguage":"pt-BR","potentialAction":[{"@type":"ReadAction","target":["https:\/\/transamerica93.com.br\/home\/faxineiro-balconista-e-vigia-veja-vagas-de-emprego-em-descalvado-mococa-e-regiao\/"]}]},{"@type":"ImageObject","inLanguage":"pt-BR","@id":"https:\/\/transamerica93.com.br\/home\/faxineiro-balconista-e-vigia-veja-vagas-de-emprego-em-descalvado-mococa-e-regiao\/#primaryimage","url":"https:\/\/transamerica93.com.br\/home\/wp-content\/uploads\/2024\/01\/imagem-30.jpg","contentUrl":"https:\/\/transamerica93.com.br\/home\/wp-content\/uploads\/2024\/01\/imagem-30.jpg","width":984,"height":655,"caption":"Faxineiro, balconista e vigia; veja vagas de emprego em Descalvado, Mococa e regi\u00e3o \u2014 Foto: Anton\/Unsplash"},{"@type":"BreadcrumbList","@id":"https:\/\/transamerica93.com.br\/home\/faxineiro-balconista-e-vigia-veja-vagas-de-emprego-em-descalvado-mococa-e-regiao\/#breadcrumb","itemListElement":[{"@type":"ListItem","position":1,"name":"In\u00edcio","item":"https:\/\/transamerica93.com.br\/home\/"},{"@type":"ListItem","position":2,"name":"Faxineiro, balconista e vigia; veja vagas de emprego em Descalvado, Mococa e regi\u00e3o"}]},{"@type":"WebSite","@id":"https:\/\/transamerica93.com.br\/home\/#website","url":"https:\/\/transamerica93.com.br\/home\/","name":"Transam\u00e9rica Mococa 93,3","description":"","publisher":{"@id":"https:\/\/transamerica93.com.br\/home\/#organization"},"potentialAction":[{"@type":"SearchAction","target":{"@type":"EntryPoint","urlTemplate":"https:\/\/transamerica93.com.br\/home\/?s={search_term_string}"},"query-input":{"@type":"PropertyValueSpecification","valueRequired":true,"valueName":"search_term_string"}}],"inLanguage":"pt-BR"},{"@type":"Organization","@id":"https:\/\/transamerica93.com.br\/home\/#organization","name":"Transam\u00e9rica Mococa 93,3","url":"https:\/\/transamerica93.com.br\/home\/","logo":{"@type":"ImageObject","inLanguage":"pt-BR","@id":"https:\/\/transamerica93.com.br\/home\/#\/schema\/logo\/image\/","url":"https:\/\/transamerica93.com.br\/home\/wp-content\/uploads\/2023\/10\/logo2.png","contentUrl":"https:\/\/transamerica93.com.br\/home\/wp-content\/uploads\/2023\/10\/logo2.png","width":800,"height":500,"caption":"Transam\u00e9rica Mococa 93,3"},"image":{"@id":"https:\/\/transamerica93.com.br\/home\/#\/schema\/logo\/image\/"},"sameAs":["https:\/\/www.facebook.com\/transamericamococa","https:\/\/x.com\/transamerica933","https:\/\/www.instagram.com\/transamericamococa"]},{"@type":"Person","@id":"https:\/\/transamerica93.com.br\/home\/#\/schema\/person\/7fed7c99c0d4562efa8561bc0f543172","name":"Reda\u00e7\u00e3o","image":{"@type":"ImageObject","inLanguage":"pt-BR","@id":"https:\/\/secure.gravatar.com\/avatar\/1072c6b775fb02ef8506ce967551d95926669a6b7d2c2147b42eea4d7c68395e?s=96&d=mm&r=g","url":"https:\/\/secure.gravatar.com\/avatar\/1072c6b775fb02ef8506ce967551d95926669a6b7d2c2147b42eea4d7c68395e?s=96&d=mm&r=g","contentUrl":"https:\/\/secure.gravatar.com\/avatar\/1072c6b775fb02ef8506ce967551d95926669a6b7d2c2147b42eea4d7c68395e?s=96&d=mm&r=g","caption":"Reda\u00e7\u00e3o"},"sameAs":["https:\/\/transamerica93.com.br\/home"],"url":"https:\/\/transamerica93.com.br\/home\/author\/william\/"}]}},"_links":{"self":[{"href":"https:\/\/transamerica93.com.br\/home\/wp-json\/wp\/v2\/posts\/2347","targetHints":{"allow":["GET"]}}],"collection":[{"href":"https:\/\/transamerica93.com.br\/home\/wp-json\/wp\/v2\/posts"}],"about":[{"href":"https:\/\/transamerica93.com.br\/home\/wp-json\/wp\/v2\/types\/post"}],"author":[{"embeddable":true,"href":"https:\/\/transamerica93.com.br\/home\/wp-json\/wp\/v2\/users\/1"}],"replies":[{"embeddable":true,"href":"https:\/\/transamerica93.com.br\/home\/wp-json\/wp\/v2\/comments?post=2347"}],"version-history":[{"count":1,"href":"https:\/\/transamerica93.com.br\/home\/wp-json\/wp\/v2\/posts\/2347\/revisions"}],"predecessor-version":[{"id":2349,"href":"https:\/\/transamerica93.com.br\/home\/wp-json\/wp\/v2\/posts\/2347\/revisions\/2349"}],"wp:featuredmedia":[{"embeddable":true,"href":"https:\/\/transamerica93.com.br\/home\/wp-json\/wp\/v2\/media\/2348"}],"wp:attachment":[{"href":"https:\/\/transamerica93.com.br\/home\/wp-json\/wp\/v2\/media?parent=2347"}],"wp:term":[{"taxonomy":"category","embeddable":true,"href":"https:\/\/transamerica93.com.br\/home\/wp-json\/wp\/v2\/categories?post=2347"},{"taxonomy":"post_tag","embeddable":true,"href":"https:\/\/transamerica93.com.br\/home\/wp-json\/wp\/v2\/tags?post=2347"}],"curies":[{"name":"wp","href":"https:\/\/api.w.org\/{rel}","templated":true}]}}