{"id":2362,"date":"2024-01-17T12:00:49","date_gmt":"2024-01-17T15:00:49","guid":{"rendered":"https:\/\/transamerica93.com.br\/home\/?p=2362"},"modified":"2024-01-15T01:46:51","modified_gmt":"2024-01-15T04:46:51","slug":"carlos-alberto-parreira-trata-linfoma-de-hodgkin-ha-quatro-meses","status":"publish","type":"post","link":"https:\/\/transamerica93.com.br\/home\/carlos-alberto-parreira-trata-linfoma-de-hodgkin-ha-quatro-meses\/","title":{"rendered":"Carlos Alberto Parreira trata linfoma de Hodgkin h\u00e1 quatro meses"},"content":{"rendered":"<div class=\"post-item-wrap\">\n<p>O t\u00e9cnico Carlos Alberto Parreira est\u00e1 h\u00e1 quatro meses realizando um tratamento quimioter\u00e1pico para combater um\u00a0<a href=\"https:\/\/agenciabrasil.ebc.com.br\/saude\/noticia\/2021-10\/linfoma-de-hodgkin-e-um-tipo-de-cancer-raro-e-que-tem-cura\" target=\"_blank\" rel=\"noopener\">linfoma de Hodgkin<\/a> (c\u00e2ncer que se origina no sistema linf\u00e1tico, que \u00e9 uma parte do sistema imunol\u00f3gico, de defesa do organismo), comunicou na \u00faltima sexta-feira (12) a Confedera\u00e7\u00e3o Brasileira de Futebol (CBF) em nome da fam\u00edlia do ex-treinador da sele\u00e7\u00e3o brasileira masculina de futebol.<img decoding=\"async\" data-src=\"https:\/\/agenciabrasil.ebc.com.br\/ebc.png?id=1576325&amp;o=node\" src=\"data:image\/svg+xml;base64,PHN2ZyB3aWR0aD0iMSIgaGVpZ2h0PSIxIiB4bWxucz0iaHR0cDovL3d3dy53My5vcmcvMjAwMC9zdmciPjwvc3ZnPg==\" class=\"lazyload\" \/><img decoding=\"async\" data-src=\"https:\/\/agenciabrasil.ebc.com.br\/ebc.gif?id=1576325&amp;o=node\" src=\"data:image\/svg+xml;base64,PHN2ZyB3aWR0aD0iMSIgaGVpZ2h0PSIxIiB4bWxucz0iaHR0cDovL3d3dy53My5vcmcvMjAwMC9zdmciPjwvc3ZnPg==\" class=\"lazyload\" \/><\/p>\n<p>Segundo a fam\u00edlia de Parreira e a equipe m\u00e9dica do Hospital Samaritano, o treinador de 80 anos de idade \u201cest\u00e1 h\u00e1 quatro meses em tratamento quimioter\u00e1pico e vem apresentando excelente resposta\u201d.<\/p>\n<p>Carlos Alberto Parreira conquistou duas competi\u00e7\u00f5es de \u00e2mbito nacional na condi\u00e7\u00e3o de treinador, o Campeonato Brasileiro de 1984 com o Fluminense e a Copa do Brasil de 2002 com o Corinthians. Mas o ponto alto de sua carreira como t\u00e9cnico foi a vitoriosa campanha com a sele\u00e7\u00e3o brasileira na Copa do Mundo de 1994, disputada nos Estados Unidos.<\/p>\n<p>Al\u00e9m disso, Parreira tamb\u00e9m participou da conquista da Copa de 1970, disputada no M\u00e9xico, no papel de preparador f\u00edsico da comiss\u00e3o t\u00e9cnica de\u00a0<a href=\"https:\/\/www.google.com\/url?sa=t&amp;rct=j&amp;q=&amp;esrc=s&amp;source=web&amp;cd=&amp;ved=2ahUKEwi05cfe_NiDAxVuqZUCHYwFBnMQFnoECAwQAQ&amp;url=https%3A%2F%2Fagenciabrasil.ebc.com.br%2Fesportes%2Fnoticia%2F2024-01%2Fzagallo-craque-13-letras-e-uma-vida-servico-da-selecao-brasileira&amp;usg=AOvVaw3yangoPFw2MhB7itGgR4ks&amp;opi=89978449\" target=\"_blank\" rel=\"noopener\">Zagallo<\/a>.<\/p>\n<h2>Linfoma de Hodgkin<\/h2>\n<p>Linfoma menos frequente do que outros tipos, o\u00a0<a href=\"https:\/\/agenciabrasil.ebc.com.br\/saude\/noticia\/2021-10\/linfoma-de-hodgkin-e-um-tipo-de-cancer-raro-e-que-tem-cura\" target=\"_blank\" rel=\"noopener\">linfoma de Hodgkin<\/a>\u00a0tem incid\u00eancia de tr\u00eas casos por 100 mil habitantes no Brasil.<\/p>\n<p>O linfoma de Hodgkin \u00e9 um c\u00e2ncer que se origina no sistema linf\u00e1tico, que \u00e9 uma parte do sistema imunol\u00f3gico, de defesa do organismo.\u00a0O tratamento exige quimioterapia intravenosa. A radioterapia tamb\u00e9m pode ser prescrita pelo m\u00e9dico, em casos espec\u00edficos, para potencializar os efeitos da quimioterapia.<\/p>\n<p>Em geral, os tumores do linfoma de Hodgkin se manifestam no pesco\u00e7o e no t\u00f3rax. Em est\u00e1gios avan\u00e7ados, pode haver manifesta\u00e7\u00f5es no abd\u00f4men e na medula \u00f3ssea. O linfoma acomete principalmente adolescentes e adultos jovens, mas tamb\u00e9m pode ocorrer em idosos.<\/p>\n<p>Em um recorte geogr\u00e1fico, as regi\u00f5es que concentram mais casos s\u00e3o a Sudeste e Sul, seguidas das regi\u00f5es Nordeste, Centro-Oeste e Norte. Refer\u00eancia no estado no tratamento desse c\u00e2ncer, o Inca atende anualmente cerca de 70 pacientes com linfoma de Hodgkin.<\/p>\n<\/div>\n<p class=\"alt-font font-italic my-2 small text-info\">Edi\u00e7\u00e3o: F\u00e1bio Lisboa<\/p>\n","protected":false},"excerpt":{"rendered":"<p>O t\u00e9cnico Carlos Alberto Parreira est\u00e1 h\u00e1 quatro meses realizando um tratamento quimioter\u00e1pico para combater um\u00a0linfoma de Hodgkin (c\u00e2ncer que se origina no sistema linf\u00e1tico, que \u00e9 uma parte do sistema imunol\u00f3gico, de defesa do organismo), comunicou na \u00faltima sexta-feira (12) a Confedera\u00e7\u00e3o Brasileira de Futebol (CBF) em nome da fam\u00edlia do ex-treinador da sele\u00e7\u00e3o &hellip;<\/p>\n","protected":false},"author":1,"featured_media":2363,"comment_status":"closed","ping_status":"closed","sticky":false,"template":"","format":"standard","meta":{"footnotes":""},"categories":[31],"tags":[],"class_list":["post-2362","post","type-post","status-publish","format-standard","has-post-thumbnail","hentry","category-esportes"],"yoast_head":"<!-- This site is optimized with the Yoast SEO plugin v27.4 - https:\/\/yoast.com\/product\/yoast-seo-wordpress\/ -->\n<title>Carlos Alberto Parreira trata linfoma de Hodgkin h\u00e1 quatro meses - Transam\u00e9rica Mococa 93,3<\/title>\n<meta name=\"robots\" content=\"index, follow, max-snippet:-1, max-image-preview:large, max-video-preview:-1\" \/>\n<link rel=\"canonical\" href=\"https:\/\/transamerica93.com.br\/home\/carlos-alberto-parreira-trata-linfoma-de-hodgkin-ha-quatro-meses\/\" \/>\n<meta property=\"og:locale\" content=\"pt_BR\" \/>\n<meta property=\"og:type\" content=\"article\" \/>\n<meta property=\"og:title\" content=\"Carlos Alberto Parreira trata linfoma de Hodgkin h\u00e1 quatro meses - Transam\u00e9rica Mococa 93,3\" \/>\n<meta property=\"og:description\" content=\"O t\u00e9cnico Carlos Alberto Parreira est\u00e1 h\u00e1 quatro meses realizando um tratamento quimioter\u00e1pico para combater um\u00a0linfoma de Hodgkin (c\u00e2ncer que se origina no sistema linf\u00e1tico, que \u00e9 uma parte do sistema imunol\u00f3gico, de defesa do organismo), comunicou na \u00faltima sexta-feira (12) a Confedera\u00e7\u00e3o Brasileira de Futebol (CBF) em nome da fam\u00edlia do ex-treinador da sele\u00e7\u00e3o &hellip;\" \/>\n<meta property=\"og:url\" content=\"https:\/\/transamerica93.com.br\/home\/carlos-alberto-parreira-trata-linfoma-de-hodgkin-ha-quatro-meses\/\" \/>\n<meta property=\"og:site_name\" content=\"Transam\u00e9rica Mococa 93,3\" \/>\n<meta property=\"article:publisher\" content=\"https:\/\/www.facebook.com\/transamericamococa\" \/>\n<meta property=\"article:published_time\" content=\"2024-01-17T15:00:49+00:00\" \/>\n<meta property=\"og:image\" content=\"https:\/\/transamerica93.com.br\/home\/wp-content\/uploads\/2024\/01\/imagem-35.jpg\" \/>\n\t<meta property=\"og:image:width\" content=\"1170\" \/>\n\t<meta property=\"og:image:height\" content=\"700\" \/>\n\t<meta property=\"og:image:type\" content=\"image\/jpeg\" \/>\n<meta name=\"author\" content=\"Reda\u00e7\u00e3o\" \/>\n<meta name=\"twitter:card\" content=\"summary_large_image\" \/>\n<meta name=\"twitter:creator\" content=\"@transamerica933\" \/>\n<meta name=\"twitter:site\" content=\"@transamerica933\" \/>\n<meta name=\"twitter:label1\" content=\"Escrito por\" \/>\n\t<meta name=\"twitter:data1\" content=\"Reda\u00e7\u00e3o\" \/>\n\t<meta name=\"twitter:label2\" content=\"Est. tempo de leitura\" \/>\n\t<meta name=\"twitter:data2\" content=\"3 minutos\" \/>\n<script type=\"application\/ld+json\" class=\"yoast-schema-graph\">{\"@context\":\"https:\\\/\\\/schema.org\",\"@graph\":[{\"@type\":\"Article\",\"@id\":\"https:\\\/\\\/transamerica93.com.br\\\/home\\\/carlos-alberto-parreira-trata-linfoma-de-hodgkin-ha-quatro-meses\\\/#article\",\"isPartOf\":{\"@id\":\"https:\\\/\\\/transamerica93.com.br\\\/home\\\/carlos-alberto-parreira-trata-linfoma-de-hodgkin-ha-quatro-meses\\\/\"},\"author\":{\"name\":\"Reda\u00e7\u00e3o\",\"@id\":\"https:\\\/\\\/transamerica93.com.br\\\/home\\\/#\\\/schema\\\/person\\\/7fed7c99c0d4562efa8561bc0f543172\"},\"headline\":\"Carlos Alberto Parreira trata linfoma de Hodgkin h\u00e1 quatro meses\",\"datePublished\":\"2024-01-17T15:00:49+00:00\",\"mainEntityOfPage\":{\"@id\":\"https:\\\/\\\/transamerica93.com.br\\\/home\\\/carlos-alberto-parreira-trata-linfoma-de-hodgkin-ha-quatro-meses\\\/\"},\"wordCount\":372,\"publisher\":{\"@id\":\"https:\\\/\\\/transamerica93.com.br\\\/home\\\/#organization\"},\"image\":{\"@id\":\"https:\\\/\\\/transamerica93.com.br\\\/home\\\/carlos-alberto-parreira-trata-linfoma-de-hodgkin-ha-quatro-meses\\\/#primaryimage\"},\"thumbnailUrl\":\"https:\\\/\\\/transamerica93.com.br\\\/home\\\/wp-content\\\/uploads\\\/2024\\\/01\\\/imagem-35.jpg\",\"articleSection\":[\"Esportes\"],\"inLanguage\":\"pt-BR\"},{\"@type\":\"WebPage\",\"@id\":\"https:\\\/\\\/transamerica93.com.br\\\/home\\\/carlos-alberto-parreira-trata-linfoma-de-hodgkin-ha-quatro-meses\\\/\",\"url\":\"https:\\\/\\\/transamerica93.com.br\\\/home\\\/carlos-alberto-parreira-trata-linfoma-de-hodgkin-ha-quatro-meses\\\/\",\"name\":\"Carlos Alberto Parreira trata linfoma de Hodgkin h\u00e1 quatro meses - Transam\u00e9rica Mococa 93,3\",\"isPartOf\":{\"@id\":\"https:\\\/\\\/transamerica93.com.br\\\/home\\\/#website\"},\"primaryImageOfPage\":{\"@id\":\"https:\\\/\\\/transamerica93.com.br\\\/home\\\/carlos-alberto-parreira-trata-linfoma-de-hodgkin-ha-quatro-meses\\\/#primaryimage\"},\"image\":{\"@id\":\"https:\\\/\\\/transamerica93.com.br\\\/home\\\/carlos-alberto-parreira-trata-linfoma-de-hodgkin-ha-quatro-meses\\\/#primaryimage\"},\"thumbnailUrl\":\"https:\\\/\\\/transamerica93.com.br\\\/home\\\/wp-content\\\/uploads\\\/2024\\\/01\\\/imagem-35.jpg\",\"datePublished\":\"2024-01-17T15:00:49+00:00\",\"breadcrumb\":{\"@id\":\"https:\\\/\\\/transamerica93.com.br\\\/home\\\/carlos-alberto-parreira-trata-linfoma-de-hodgkin-ha-quatro-meses\\\/#breadcrumb\"},\"inLanguage\":\"pt-BR\",\"potentialAction\":[{\"@type\":\"ReadAction\",\"target\":[\"https:\\\/\\\/transamerica93.com.br\\\/home\\\/carlos-alberto-parreira-trata-linfoma-de-hodgkin-ha-quatro-meses\\\/\"]}]},{\"@type\":\"ImageObject\",\"inLanguage\":\"pt-BR\",\"@id\":\"https:\\\/\\\/transamerica93.com.br\\\/home\\\/carlos-alberto-parreira-trata-linfoma-de-hodgkin-ha-quatro-meses\\\/#primaryimage\",\"url\":\"https:\\\/\\\/transamerica93.com.br\\\/home\\\/wp-content\\\/uploads\\\/2024\\\/01\\\/imagem-35.jpg\",\"contentUrl\":\"https:\\\/\\\/transamerica93.com.br\\\/home\\\/wp-content\\\/uploads\\\/2024\\\/01\\\/imagem-35.jpg\",\"width\":1170,\"height\":700,\"caption\":\"\u00a9 Rafael Ribeiro\\\/CBF\\\/Direitos Reservados\"},{\"@type\":\"BreadcrumbList\",\"@id\":\"https:\\\/\\\/transamerica93.com.br\\\/home\\\/carlos-alberto-parreira-trata-linfoma-de-hodgkin-ha-quatro-meses\\\/#breadcrumb\",\"itemListElement\":[{\"@type\":\"ListItem\",\"position\":1,\"name\":\"In\u00edcio\",\"item\":\"https:\\\/\\\/transamerica93.com.br\\\/home\\\/\"},{\"@type\":\"ListItem\",\"position\":2,\"name\":\"Carlos Alberto Parreira trata linfoma de Hodgkin h\u00e1 quatro meses\"}]},{\"@type\":\"WebSite\",\"@id\":\"https:\\\/\\\/transamerica93.com.br\\\/home\\\/#website\",\"url\":\"https:\\\/\\\/transamerica93.com.br\\\/home\\\/\",\"name\":\"Transam\u00e9rica Mococa 93,3\",\"description\":\"\",\"publisher\":{\"@id\":\"https:\\\/\\\/transamerica93.com.br\\\/home\\\/#organization\"},\"potentialAction\":[{\"@type\":\"SearchAction\",\"target\":{\"@type\":\"EntryPoint\",\"urlTemplate\":\"https:\\\/\\\/transamerica93.com.br\\\/home\\\/?s={search_term_string}\"},\"query-input\":{\"@type\":\"PropertyValueSpecification\",\"valueRequired\":true,\"valueName\":\"search_term_string\"}}],\"inLanguage\":\"pt-BR\"},{\"@type\":\"Organization\",\"@id\":\"https:\\\/\\\/transamerica93.com.br\\\/home\\\/#organization\",\"name\":\"Transam\u00e9rica Mococa 93,3\",\"url\":\"https:\\\/\\\/transamerica93.com.br\\\/home\\\/\",\"logo\":{\"@type\":\"ImageObject\",\"inLanguage\":\"pt-BR\",\"@id\":\"https:\\\/\\\/transamerica93.com.br\\\/home\\\/#\\\/schema\\\/logo\\\/image\\\/\",\"url\":\"https:\\\/\\\/transamerica93.com.br\\\/home\\\/wp-content\\\/uploads\\\/2023\\\/10\\\/logo2.png\",\"contentUrl\":\"https:\\\/\\\/transamerica93.com.br\\\/home\\\/wp-content\\\/uploads\\\/2023\\\/10\\\/logo2.png\",\"width\":800,\"height\":500,\"caption\":\"Transam\u00e9rica Mococa 93,3\"},\"image\":{\"@id\":\"https:\\\/\\\/transamerica93.com.br\\\/home\\\/#\\\/schema\\\/logo\\\/image\\\/\"},\"sameAs\":[\"https:\\\/\\\/www.facebook.com\\\/transamericamococa\",\"https:\\\/\\\/x.com\\\/transamerica933\",\"https:\\\/\\\/www.instagram.com\\\/transamericamococa\"]},{\"@type\":\"Person\",\"@id\":\"https:\\\/\\\/transamerica93.com.br\\\/home\\\/#\\\/schema\\\/person\\\/7fed7c99c0d4562efa8561bc0f543172\",\"name\":\"Reda\u00e7\u00e3o\",\"image\":{\"@type\":\"ImageObject\",\"inLanguage\":\"pt-BR\",\"@id\":\"https:\\\/\\\/secure.gravatar.com\\\/avatar\\\/1072c6b775fb02ef8506ce967551d95926669a6b7d2c2147b42eea4d7c68395e?s=96&d=mm&r=g\",\"url\":\"https:\\\/\\\/secure.gravatar.com\\\/avatar\\\/1072c6b775fb02ef8506ce967551d95926669a6b7d2c2147b42eea4d7c68395e?s=96&d=mm&r=g\",\"contentUrl\":\"https:\\\/\\\/secure.gravatar.com\\\/avatar\\\/1072c6b775fb02ef8506ce967551d95926669a6b7d2c2147b42eea4d7c68395e?s=96&d=mm&r=g\",\"caption\":\"Reda\u00e7\u00e3o\"},\"sameAs\":[\"https:\\\/\\\/transamerica93.com.br\\\/home\"],\"url\":\"https:\\\/\\\/transamerica93.com.br\\\/home\\\/author\\\/william\\\/\"}]}<\/script>\n<!-- \/ Yoast SEO plugin. -->","yoast_head_json":{"title":"Carlos Alberto Parreira trata linfoma de Hodgkin h\u00e1 quatro meses - Transam\u00e9rica Mococa 93,3","robots":{"index":"index","follow":"follow","max-snippet":"max-snippet:-1","max-image-preview":"max-image-preview:large","max-video-preview":"max-video-preview:-1"},"canonical":"https:\/\/transamerica93.com.br\/home\/carlos-alberto-parreira-trata-linfoma-de-hodgkin-ha-quatro-meses\/","og_locale":"pt_BR","og_type":"article","og_title":"Carlos Alberto Parreira trata linfoma de Hodgkin h\u00e1 quatro meses - Transam\u00e9rica Mococa 93,3","og_description":"O t\u00e9cnico Carlos Alberto Parreira est\u00e1 h\u00e1 quatro meses realizando um tratamento quimioter\u00e1pico para combater um\u00a0linfoma de Hodgkin (c\u00e2ncer que se origina no sistema linf\u00e1tico, que \u00e9 uma parte do sistema imunol\u00f3gico, de defesa do organismo), comunicou na \u00faltima sexta-feira (12) a Confedera\u00e7\u00e3o Brasileira de Futebol (CBF) em nome da fam\u00edlia do ex-treinador da sele\u00e7\u00e3o &hellip;","og_url":"https:\/\/transamerica93.com.br\/home\/carlos-alberto-parreira-trata-linfoma-de-hodgkin-ha-quatro-meses\/","og_site_name":"Transam\u00e9rica Mococa 93,3","article_publisher":"https:\/\/www.facebook.com\/transamericamococa","article_published_time":"2024-01-17T15:00:49+00:00","og_image":[{"width":1170,"height":700,"url":"https:\/\/transamerica93.com.br\/home\/wp-content\/uploads\/2024\/01\/imagem-35.jpg","type":"image\/jpeg"}],"author":"Reda\u00e7\u00e3o","twitter_card":"summary_large_image","twitter_creator":"@transamerica933","twitter_site":"@transamerica933","twitter_misc":{"Escrito por":"Reda\u00e7\u00e3o","Est. tempo de leitura":"3 minutos"},"schema":{"@context":"https:\/\/schema.org","@graph":[{"@type":"Article","@id":"https:\/\/transamerica93.com.br\/home\/carlos-alberto-parreira-trata-linfoma-de-hodgkin-ha-quatro-meses\/#article","isPartOf":{"@id":"https:\/\/transamerica93.com.br\/home\/carlos-alberto-parreira-trata-linfoma-de-hodgkin-ha-quatro-meses\/"},"author":{"name":"Reda\u00e7\u00e3o","@id":"https:\/\/transamerica93.com.br\/home\/#\/schema\/person\/7fed7c99c0d4562efa8561bc0f543172"},"headline":"Carlos Alberto Parreira trata linfoma de Hodgkin h\u00e1 quatro meses","datePublished":"2024-01-17T15:00:49+00:00","mainEntityOfPage":{"@id":"https:\/\/transamerica93.com.br\/home\/carlos-alberto-parreira-trata-linfoma-de-hodgkin-ha-quatro-meses\/"},"wordCount":372,"publisher":{"@id":"https:\/\/transamerica93.com.br\/home\/#organization"},"image":{"@id":"https:\/\/transamerica93.com.br\/home\/carlos-alberto-parreira-trata-linfoma-de-hodgkin-ha-quatro-meses\/#primaryimage"},"thumbnailUrl":"https:\/\/transamerica93.com.br\/home\/wp-content\/uploads\/2024\/01\/imagem-35.jpg","articleSection":["Esportes"],"inLanguage":"pt-BR"},{"@type":"WebPage","@id":"https:\/\/transamerica93.com.br\/home\/carlos-alberto-parreira-trata-linfoma-de-hodgkin-ha-quatro-meses\/","url":"https:\/\/transamerica93.com.br\/home\/carlos-alberto-parreira-trata-linfoma-de-hodgkin-ha-quatro-meses\/","name":"Carlos Alberto Parreira trata linfoma de Hodgkin h\u00e1 quatro meses - Transam\u00e9rica Mococa 93,3","isPartOf":{"@id":"https:\/\/transamerica93.com.br\/home\/#website"},"primaryImageOfPage":{"@id":"https:\/\/transamerica93.com.br\/home\/carlos-alberto-parreira-trata-linfoma-de-hodgkin-ha-quatro-meses\/#primaryimage"},"image":{"@id":"https:\/\/transamerica93.com.br\/home\/carlos-alberto-parreira-trata-linfoma-de-hodgkin-ha-quatro-meses\/#primaryimage"},"thumbnailUrl":"https:\/\/transamerica93.com.br\/home\/wp-content\/uploads\/2024\/01\/imagem-35.jpg","datePublished":"2024-01-17T15:00:49+00:00","breadcrumb":{"@id":"https:\/\/transamerica93.com.br\/home\/carlos-alberto-parreira-trata-linfoma-de-hodgkin-ha-quatro-meses\/#breadcrumb"},"inLanguage":"pt-BR","potentialAction":[{"@type":"ReadAction","target":["https:\/\/transamerica93.com.br\/home\/carlos-alberto-parreira-trata-linfoma-de-hodgkin-ha-quatro-meses\/"]}]},{"@type":"ImageObject","inLanguage":"pt-BR","@id":"https:\/\/transamerica93.com.br\/home\/carlos-alberto-parreira-trata-linfoma-de-hodgkin-ha-quatro-meses\/#primaryimage","url":"https:\/\/transamerica93.com.br\/home\/wp-content\/uploads\/2024\/01\/imagem-35.jpg","contentUrl":"https:\/\/transamerica93.com.br\/home\/wp-content\/uploads\/2024\/01\/imagem-35.jpg","width":1170,"height":700,"caption":"\u00a9 Rafael Ribeiro\/CBF\/Direitos Reservados"},{"@type":"BreadcrumbList","@id":"https:\/\/transamerica93.com.br\/home\/carlos-alberto-parreira-trata-linfoma-de-hodgkin-ha-quatro-meses\/#breadcrumb","itemListElement":[{"@type":"ListItem","position":1,"name":"In\u00edcio","item":"https:\/\/transamerica93.com.br\/home\/"},{"@type":"ListItem","position":2,"name":"Carlos Alberto Parreira trata linfoma de Hodgkin h\u00e1 quatro meses"}]},{"@type":"WebSite","@id":"https:\/\/transamerica93.com.br\/home\/#website","url":"https:\/\/transamerica93.com.br\/home\/","name":"Transam\u00e9rica Mococa 93,3","description":"","publisher":{"@id":"https:\/\/transamerica93.com.br\/home\/#organization"},"potentialAction":[{"@type":"SearchAction","target":{"@type":"EntryPoint","urlTemplate":"https:\/\/transamerica93.com.br\/home\/?s={search_term_string}"},"query-input":{"@type":"PropertyValueSpecification","valueRequired":true,"valueName":"search_term_string"}}],"inLanguage":"pt-BR"},{"@type":"Organization","@id":"https:\/\/transamerica93.com.br\/home\/#organization","name":"Transam\u00e9rica Mococa 93,3","url":"https:\/\/transamerica93.com.br\/home\/","logo":{"@type":"ImageObject","inLanguage":"pt-BR","@id":"https:\/\/transamerica93.com.br\/home\/#\/schema\/logo\/image\/","url":"https:\/\/transamerica93.com.br\/home\/wp-content\/uploads\/2023\/10\/logo2.png","contentUrl":"https:\/\/transamerica93.com.br\/home\/wp-content\/uploads\/2023\/10\/logo2.png","width":800,"height":500,"caption":"Transam\u00e9rica Mococa 93,3"},"image":{"@id":"https:\/\/transamerica93.com.br\/home\/#\/schema\/logo\/image\/"},"sameAs":["https:\/\/www.facebook.com\/transamericamococa","https:\/\/x.com\/transamerica933","https:\/\/www.instagram.com\/transamericamococa"]},{"@type":"Person","@id":"https:\/\/transamerica93.com.br\/home\/#\/schema\/person\/7fed7c99c0d4562efa8561bc0f543172","name":"Reda\u00e7\u00e3o","image":{"@type":"ImageObject","inLanguage":"pt-BR","@id":"https:\/\/secure.gravatar.com\/avatar\/1072c6b775fb02ef8506ce967551d95926669a6b7d2c2147b42eea4d7c68395e?s=96&d=mm&r=g","url":"https:\/\/secure.gravatar.com\/avatar\/1072c6b775fb02ef8506ce967551d95926669a6b7d2c2147b42eea4d7c68395e?s=96&d=mm&r=g","contentUrl":"https:\/\/secure.gravatar.com\/avatar\/1072c6b775fb02ef8506ce967551d95926669a6b7d2c2147b42eea4d7c68395e?s=96&d=mm&r=g","caption":"Reda\u00e7\u00e3o"},"sameAs":["https:\/\/transamerica93.com.br\/home"],"url":"https:\/\/transamerica93.com.br\/home\/author\/william\/"}]}},"_links":{"self":[{"href":"https:\/\/transamerica93.com.br\/home\/wp-json\/wp\/v2\/posts\/2362","targetHints":{"allow":["GET"]}}],"collection":[{"href":"https:\/\/transamerica93.com.br\/home\/wp-json\/wp\/v2\/posts"}],"about":[{"href":"https:\/\/transamerica93.com.br\/home\/wp-json\/wp\/v2\/types\/post"}],"author":[{"embeddable":true,"href":"https:\/\/transamerica93.com.br\/home\/wp-json\/wp\/v2\/users\/1"}],"replies":[{"embeddable":true,"href":"https:\/\/transamerica93.com.br\/home\/wp-json\/wp\/v2\/comments?post=2362"}],"version-history":[{"count":1,"href":"https:\/\/transamerica93.com.br\/home\/wp-json\/wp\/v2\/posts\/2362\/revisions"}],"predecessor-version":[{"id":2364,"href":"https:\/\/transamerica93.com.br\/home\/wp-json\/wp\/v2\/posts\/2362\/revisions\/2364"}],"wp:featuredmedia":[{"embeddable":true,"href":"https:\/\/transamerica93.com.br\/home\/wp-json\/wp\/v2\/media\/2363"}],"wp:attachment":[{"href":"https:\/\/transamerica93.com.br\/home\/wp-json\/wp\/v2\/media?parent=2362"}],"wp:term":[{"taxonomy":"category","embeddable":true,"href":"https:\/\/transamerica93.com.br\/home\/wp-json\/wp\/v2\/categories?post=2362"},{"taxonomy":"post_tag","embeddable":true,"href":"https:\/\/transamerica93.com.br\/home\/wp-json\/wp\/v2\/tags?post=2362"}],"curies":[{"name":"wp","href":"https:\/\/api.w.org\/{rel}","templated":true}]}}