{"id":2371,"date":"2024-01-18T12:00:35","date_gmt":"2024-01-18T15:00:35","guid":{"rendered":"https:\/\/transamerica93.com.br\/home\/?p=2371"},"modified":"2024-01-15T01:50:30","modified_gmt":"2024-01-15T04:50:30","slug":"apos-desfiliacao-atletas-defendem-confederacao-brasileira-de-skate","status":"publish","type":"post","link":"https:\/\/transamerica93.com.br\/home\/apos-desfiliacao-atletas-defendem-confederacao-brasileira-de-skate\/","title":{"rendered":"Ap\u00f3s desfilia\u00e7\u00e3o, atletas defendem Confedera\u00e7\u00e3o Brasileira de Skate"},"content":{"rendered":"<div class=\"post-item-wrap\">\n<p>Desde que a World Skate, federa\u00e7\u00e3o respons\u00e1vel pelo skate ol\u00edmpico, comunicou a desfilia\u00e7\u00e3o da Confedera\u00e7\u00e3o Brasileira da modalidade (CBSk), na \u00faltima quarta-feira (10), os principais atletas do pa\u00eds se manifestaram a favor da entidade nacional. O Comit\u00ea Ol\u00edmpico do Brasil (COB), indicado para gerir o esporte at\u00e9 os Jogos de Paris, na Fran\u00e7a, tamb\u00e9m se pronunciou, garantindo que a prepara\u00e7\u00e3o n\u00e3o ser\u00e1 comprometida, apesar de os skatistas afirmarem o contr\u00e1rio.<img decoding=\"async\" data-src=\"https:\/\/agenciabrasil.ebc.com.br\/ebc.png?id=1576363&amp;o=node\" src=\"data:image\/svg+xml;base64,PHN2ZyB3aWR0aD0iMSIgaGVpZ2h0PSIxIiB4bWxucz0iaHR0cDovL3d3dy53My5vcmcvMjAwMC9zdmciPjwvc3ZnPg==\" class=\"lazyload\" \/><img decoding=\"async\" data-src=\"https:\/\/agenciabrasil.ebc.com.br\/ebc.gif?id=1576363&amp;o=node\" src=\"data:image\/svg+xml;base64,PHN2ZyB3aWR0aD0iMSIgaGVpZ2h0PSIxIiB4bWxucz0iaHR0cDovL3d3dy53My5vcmcvMjAwMC9zdmciPjwvc3ZnPg==\" class=\"lazyload\" \/><\/p>\n<p>Bicampe\u00e3 mundial de skate street, P\u00e2mela Rosa se disse \u201cconstrangida\u201d pela entidade indicada pela World Skate como a respons\u00e1vel pela modalidade ser a Confedera\u00e7\u00e3o Brasileira de H\u00f3quei e Patina\u00e7\u00e3o (CBHP). Segundo ela, a institui\u00e7\u00e3o \u201cnada tem a ver\u201d com a comunidade do skate.<\/p>\n<p><iframe id=\"instagram-embed-0\" class=\"instagram-media instagram-media-rendered lazyload\" data-src=\"https:\/\/www.instagram.com\/p\/C2AiYLMJCiB\/embed\/captioned\/?cr=1&amp;v=14&amp;wp=540&amp;rd=https%3A%2F%2Fagenciabrasil.ebc.com.br&amp;rp=%2Fesportes%2Fnoticia%2F2024-01%2Fapos-desfiliacao-atletas-defendem-confederacao-brasileira-de-skate#%7B%22ci%22%3A0%2C%22os%22%3A693.1999999880791%2C%22ls%22%3A112.89999997615814%2C%22le%22%3A430%7D\" height=\"906\" frameborder=\"0\" scrolling=\"no\" allowfullscreen=\"allowfullscreen\" data-instgrm-payload-id=\"instagram-media-payload-0\" data-mce-fragment=\"1\" src=\"data:image\/svg+xml;base64,PHN2ZyB3aWR0aD0iMSIgaGVpZ2h0PSIxIiB4bWxucz0iaHR0cDovL3d3dy53My5vcmcvMjAwMC9zdmciPjwvc3ZnPg==\" data-load-mode=\"1\"><\/iframe>\u201cNesse momento, fico extremamente triste com uma decis\u00e3o n\u00e3o democr\u00e1tica, que ir\u00e1 prejudicar e muito a minha prepara\u00e7\u00e3o nesse ano ol\u00edmpico\u201d, escreveu P\u00e2mela no Instagram.<\/p>\n<p>Outra estrela do skate a se manifestar pela rede social foi Rayssa Leal. A Fadinha, tamb\u00e9m bicampe\u00e3 mundial de street e prata nos Jogos de T\u00f3quio, no Jap\u00e3o, argumentou que a CBSk foi quem realizou os treinos e competi\u00e7\u00f5es que preparam os brasileiros para voltarem da Olimp\u00edada na capital japonesa com tr\u00eas medalhas.<\/p>\n<p>\u201cA cultura do skate tem tr\u00eas valores: excel\u00eancia, amizade e respeito. Por isso foi t\u00e3o legal ver o skate nos Jogos Ol\u00edmpicos! [Sobre] valores, d\u00e1 para ver na nossa comunidade, porque n\u00f3s, skatistas, fazemos quest\u00e3o de praticar todos os dias nas ruas. Est\u00e1 no nosso sangue! Eu acredito que conseguimos mostrar isso, para o mundo todo ver, atrav\u00e9s dos Jogos Ol\u00edmpicos, porque quem estava ali eram skatistas sabe? Skatistas de verdade!\u201d, declarou Rayssa.<\/p>\n<p><iframe id=\"instagram-embed-1\" class=\"instagram-media instagram-media-rendered lazyload\" data-src=\"https:\/\/www.instagram.com\/p\/C2BU_QoNAYe\/embed\/captioned\/?cr=1&amp;v=14&amp;wp=540&amp;rd=https%3A%2F%2Fagenciabrasil.ebc.com.br&amp;rp=%2Fesportes%2Fnoticia%2F2024-01%2Fapos-desfiliacao-atletas-defendem-confederacao-brasileira-de-skate#%7B%22ci%22%3A1%2C%22os%22%3A697.2999999523163%2C%22ls%22%3A112.89999997615814%2C%22le%22%3A430%7D\" height=\"978\" frameborder=\"0\" scrolling=\"no\" allowfullscreen=\"allowfullscreen\" data-instgrm-payload-id=\"instagram-media-payload-1\" data-mce-fragment=\"1\" src=\"data:image\/svg+xml;base64,PHN2ZyB3aWR0aD0iMSIgaGVpZ2h0PSIxIiB4bWxucz0iaHR0cDovL3d3dy53My5vcmcvMjAwMC9zdmciPjwvc3ZnPg==\" data-load-mode=\"1\"><\/iframe>Prata em T\u00f3quio no skate park, Pedro Barros foi outro a se pronunciar pelo Instagram. Para ele, a entrada do skate na Olimp\u00edada trouxe brilho \u00e0 modalidade, mas veio acompanhada de \u201cquest\u00f5es pol\u00edticas\u201d, sem consulta aos atletas.<\/p>\n<p>\u201cImaginem que a comunidade do basquete recebe um comunicado de que n\u00e3o ser\u00e1 mais representada pela CBB [Confedera\u00e7\u00e3o Brasileira de Basquete], mas sim pela CBV [Confedera\u00e7\u00e3o Brasileira de Voleibol], pois \u00e9 um esporte de bola, rede e se joga com as m\u00e3os. Nem o basquete e nem o v\u00f4lei s\u00e3o apenas isso. Existe uma cultura ligada a essas duas modalidades e n\u00e3o seria justo com a comunidade do basquete, ou com a comunidade do v\u00f4lei, trat\u00e1-las da mesma maneira\u201d, descreveu Pedro.<\/p>\n<p><iframe id=\"instagram-embed-2\" class=\"instagram-media instagram-media-rendered lazyload\" data-src=\"https:\/\/www.instagram.com\/reel\/C2AX2_QsYCd\/embed\/captioned\/?cr=1&amp;v=14&amp;wp=540&amp;rd=https%3A%2F%2Fagenciabrasil.ebc.com.br&amp;rp=%2Fesportes%2Fnoticia%2F2024-01%2Fapos-desfiliacao-atletas-defendem-confederacao-brasileira-de-skate#%7B%22ci%22%3A2%2C%22os%22%3A700.7999999523163%2C%22ls%22%3A112.89999997615814%2C%22le%22%3A430%7D\" height=\"1671\" frameborder=\"0\" scrolling=\"no\" allowfullscreen=\"allowfullscreen\" data-instgrm-payload-id=\"instagram-media-payload-2\" data-mce-fragment=\"1\" src=\"data:image\/svg+xml;base64,PHN2ZyB3aWR0aD0iMSIgaGVpZ2h0PSIxIiB4bWxucz0iaHR0cDovL3d3dy53My5vcmcvMjAwMC9zdmciPjwvc3ZnPg==\" data-load-mode=\"1\"><\/iframe>Refer\u00eancia do paraskate brasileiro, Vini Sardi disse que a CBSk \u201cabra\u00e7ou\u201d a vers\u00e3o adaptada da modalidade, mesmo que ela ainda n\u00e3o integre o programa da Paralimp\u00edada. O atleta, que tamb\u00e9m preside a Associa\u00e7\u00e3o Brasileira de Paraskate (ABPSk), criticou a World Skate por, segundo ele, ter negligenciado a possibilidade de o esporte ter sido inclu\u00eddo na edi\u00e7\u00e3o de Los Angeles, nos Estados Unidos, em 2028.<\/p>\n<p>\u201cA World Skate nunca fez nada pelo paraskate e, quando teve a chance, perdeu o prazo para enviar os documentos para iniciar o processo de inser\u00e7\u00e3o do paraskate nos Jogos Paral\u00edmpicos. Hoje, sabemos que foi pura politicagem. Trabalhamos forte [&#8230;] para que o paraskate entre na Paralimpiada. Caso isso aconte\u00e7a, queremos a CBSk como representante da nossa modalidade\u201d, comentou Vini no Instagram.<\/p>\n<p><iframe id=\"instagram-embed-3\" class=\"instagram-media instagram-media-rendered lazyload\" data-src=\"https:\/\/www.instagram.com\/p\/C2AimZYLcmk\/embed\/captioned\/?cr=1&amp;v=14&amp;wp=540&amp;rd=https%3A%2F%2Fagenciabrasil.ebc.com.br&amp;rp=%2Fesportes%2Fnoticia%2F2024-01%2Fapos-desfiliacao-atletas-defendem-confederacao-brasileira-de-skate#%7B%22ci%22%3A3%2C%22os%22%3A2066.399999976158%2C%22ls%22%3A112.89999997615814%2C%22le%22%3A430%7D\" height=\"1014\" frameborder=\"0\" scrolling=\"no\" allowfullscreen=\"allowfullscreen\" data-instgrm-payload-id=\"instagram-media-payload-3\" data-mce-fragment=\"1\" src=\"data:image\/svg+xml;base64,PHN2ZyB3aWR0aD0iMSIgaGVpZ2h0PSIxIiB4bWxucz0iaHR0cDovL3d3dy53My5vcmcvMjAwMC9zdmciPjwvc3ZnPg==\" data-load-mode=\"1\"><\/iframe><\/p>\n<h2>COB cita Carta Ol\u00edmpica<\/h2>\n<p>O COB se pronunciou sobre a pol\u00eamica envolvendo CBSk e CBHP na \u00faltima sexta-feira (12), em\u00a0<a href=\"https:\/\/www.cob.org.br\/pt\/galerias\/noticias\/carta-aberta-do-cob-aos-skatistas-brasileiros\" target=\"_blank\" rel=\"noopener\">carta direcionada aos skatistas<\/a>, assinada pelo presidente da entidade, Paulo Wanderley. Segundo o dirigente, a entidade precisa seguir o que determina a Carta Ol\u00edmpica, sob risco de puni\u00e7\u00f5es, como o pa\u00eds n\u00e3o ter representantes daquela modalidade em Campeonatos Mundiais e na Olimp\u00edada.<\/p>\n<p>\u201cO Comit\u00ea Ol\u00edmpico Internacional [COI] \u00e9 a autoridade m\u00e1xima deste sistema, em termos de gest\u00e3o. J\u00e1 os Comit\u00eas Ol\u00edmpicos Nacionais [CONs] s\u00e3o representantes do COI em seus respectivos pa\u00edses. [&#8230;] Todas essas entidades t\u00eam autonomia em sua respectiva jurisdi\u00e7\u00e3o, mas sempre em obedi\u00eancia \u00e0 Carta Ol\u00edmpica. Portanto, cabe ao COB, assim como \u00e0s outras entidades esportivas, respeitar estatutos e cumprir as determina\u00e7\u00f5es da Carta Ol\u00edmpica, sempre respeitando o n\u00edvel hier\u00e1rquico\u201d, disse Wanderley.<\/p>\n<p>\u201cO COB assegura que a prepara\u00e7\u00e3o ol\u00edmpica rumo a Paris 2024 dos atletas, cujos resultados esportivos tanto nos orgulham, n\u00e3o ser\u00e1 comprometida. Esse respaldo tamb\u00e9m se estende a todos os integrantes de suas comiss\u00f5es t\u00e9cnicas\u201d, completou o dirigente.<\/p>\n<p>A Comiss\u00e3o de Atletas do COB (Cacob) tamb\u00e9m se manifestou. Em nota divulgada pelo Instagram, o colegiado afirmou que est\u00e1 trabalhando junto aos skatistas para que n\u00e3o haja preju\u00edzo na prepara\u00e7\u00e3o ol\u00edmpica.<\/p>\n<p>\u201cSabemos que este \u00e9 um momento delicado para os atletas, onde est\u00e3o concentrados em suas prepara\u00e7\u00f5es e classifica\u00e7\u00f5es ol\u00edmpicas. Precisamos unir for\u00e7as para garantir que o skate tenha o melhor desempenho e prepara\u00e7\u00e3o poss\u00edvel para Paris 2024\u201d, concluiu o posicionamento do Cacob.<\/p>\n<p><iframe id=\"instagram-embed-4\" class=\"instagram-media instagram-media-rendered lazyload\" data-src=\"https:\/\/www.instagram.com\/p\/C2A9m_UuYuU\/embed\/captioned\/?cr=1&amp;v=14&amp;wp=540&amp;rd=https%3A%2F%2Fagenciabrasil.ebc.com.br&amp;rp=%2Fesportes%2Fnoticia%2F2024-01%2Fapos-desfiliacao-atletas-defendem-confederacao-brasileira-de-skate#%7B%22ci%22%3A4%2C%22os%22%3A2181.399999976158%2C%22ls%22%3A112.89999997615814%2C%22le%22%3A430%7D\" height=\"989\" frameborder=\"0\" scrolling=\"no\" allowfullscreen=\"allowfullscreen\" data-instgrm-payload-id=\"instagram-media-payload-4\" data-mce-fragment=\"1\" src=\"data:image\/svg+xml;base64,PHN2ZyB3aWR0aD0iMSIgaGVpZ2h0PSIxIiB4bWxucz0iaHR0cDovL3d3dy53My5vcmcvMjAwMC9zdmciPjwvc3ZnPg==\" data-load-mode=\"1\"><\/iframe><\/p>\n<h2>Pol\u00eamica antiga<\/h2>\n<p>O skate foi inclu\u00eddo no programa dos Jogos a partir de T\u00f3quio. Tanto CBSk como CBHP eram filiadas \u00e0 World Skate. A primeira, desde o in\u00edcio, recebeu apoio dos skatistas como entidade respons\u00e1vel pela modalidade ol\u00edmpica, resultando no COB reconhec\u00ea-la como tal. A federa\u00e7\u00e3o internacional, por\u00e9m, alterou o estatuto, passando a aceitar somente uma confedera\u00e7\u00e3o por pa\u00eds. As pastas teriam at\u00e9 o \u00faltimo dia 31 de dezembro para serem unificadas, mas n\u00e3o houve consenso.<\/p>\n<p>A World Skate informou que a CBHP prop\u00f4s a cria\u00e7\u00e3o de uma federa\u00e7\u00e3o \u201cguarda-chuva\u201d, chamada Skate Brasil, abarcando as 13 modalidades gerenciadas pelas duas entidades. A ideia, por\u00e9m, n\u00e3o teve apoio junto \u00e0 CBSk, que, segundo a federa\u00e7\u00e3o internacional, negou-se a colaborar, al\u00e9m de realizar uma \u201ccampanha difamat\u00f3ria na m\u00eddia\u201d.<\/p>\n<p>Sem acordo, a World Skate delegou \u00e0 CBHP a cria\u00e7\u00e3o de um \u00fanico \u00f3rg\u00e3o nacional para gerir as modalidades. Al\u00e9m disso, confiou ao COB as gest\u00f5es \u201ct\u00e9cnica, esportiva e financeira do skate\u201d at\u00e9 a Olimp\u00edada de Paris.<\/p>\n<\/div>\n<p class=\"alt-font font-italic my-2 small text-info\">Edi\u00e7\u00e3o: F\u00e1bio Lisboa<\/p>\n","protected":false},"excerpt":{"rendered":"<p>Desde que a World Skate, federa\u00e7\u00e3o respons\u00e1vel pelo skate ol\u00edmpico, comunicou a desfilia\u00e7\u00e3o da Confedera\u00e7\u00e3o Brasileira da modalidade (CBSk), na \u00faltima quarta-feira (10), os principais atletas do pa\u00eds se manifestaram a favor da entidade nacional. O Comit\u00ea Ol\u00edmpico do Brasil (COB), indicado para gerir o esporte at\u00e9 os Jogos de Paris, na Fran\u00e7a, tamb\u00e9m se &hellip;<\/p>\n","protected":false},"author":1,"featured_media":2372,"comment_status":"closed","ping_status":"closed","sticky":false,"template":"","format":"standard","meta":{"footnotes":""},"categories":[31],"tags":[],"class_list":["post-2371","post","type-post","status-publish","format-standard","has-post-thumbnail","hentry","category-esportes"],"yoast_head":"<!-- This site is optimized with the Yoast SEO plugin v27.4 - https:\/\/yoast.com\/product\/yoast-seo-wordpress\/ -->\n<title>Ap\u00f3s desfilia\u00e7\u00e3o, atletas defendem Confedera\u00e7\u00e3o Brasileira de Skate - Transam\u00e9rica Mococa 93,3<\/title>\n<meta name=\"robots\" content=\"index, follow, max-snippet:-1, max-image-preview:large, max-video-preview:-1\" \/>\n<link rel=\"canonical\" href=\"https:\/\/transamerica93.com.br\/home\/apos-desfiliacao-atletas-defendem-confederacao-brasileira-de-skate\/\" \/>\n<meta property=\"og:locale\" content=\"pt_BR\" \/>\n<meta property=\"og:type\" content=\"article\" \/>\n<meta property=\"og:title\" content=\"Ap\u00f3s desfilia\u00e7\u00e3o, atletas defendem Confedera\u00e7\u00e3o Brasileira de Skate - Transam\u00e9rica Mococa 93,3\" \/>\n<meta property=\"og:description\" content=\"Desde que a World Skate, federa\u00e7\u00e3o respons\u00e1vel pelo skate ol\u00edmpico, comunicou a desfilia\u00e7\u00e3o da Confedera\u00e7\u00e3o Brasileira da modalidade (CBSk), na \u00faltima quarta-feira (10), os principais atletas do pa\u00eds se manifestaram a favor da entidade nacional. O Comit\u00ea Ol\u00edmpico do Brasil (COB), indicado para gerir o esporte at\u00e9 os Jogos de Paris, na Fran\u00e7a, tamb\u00e9m se &hellip;\" \/>\n<meta property=\"og:url\" content=\"https:\/\/transamerica93.com.br\/home\/apos-desfiliacao-atletas-defendem-confederacao-brasileira-de-skate\/\" \/>\n<meta property=\"og:site_name\" content=\"Transam\u00e9rica Mococa 93,3\" \/>\n<meta property=\"article:publisher\" content=\"https:\/\/www.facebook.com\/transamericamococa\" \/>\n<meta property=\"article:published_time\" content=\"2024-01-18T15:00:35+00:00\" \/>\n<meta property=\"og:image\" content=\"https:\/\/transamerica93.com.br\/home\/wp-content\/uploads\/2024\/01\/imagem-38.jpg\" \/>\n\t<meta property=\"og:image:width\" content=\"1170\" \/>\n\t<meta property=\"og:image:height\" content=\"700\" \/>\n\t<meta property=\"og:image:type\" content=\"image\/jpeg\" \/>\n<meta name=\"author\" content=\"Reda\u00e7\u00e3o\" \/>\n<meta name=\"twitter:card\" content=\"summary_large_image\" \/>\n<meta name=\"twitter:creator\" content=\"@transamerica933\" \/>\n<meta name=\"twitter:site\" content=\"@transamerica933\" \/>\n<meta name=\"twitter:label1\" content=\"Escrito por\" \/>\n\t<meta name=\"twitter:data1\" content=\"Reda\u00e7\u00e3o\" \/>\n\t<meta name=\"twitter:label2\" content=\"Est. tempo de leitura\" \/>\n\t<meta name=\"twitter:data2\" content=\"6 minutos\" \/>\n<script type=\"application\/ld+json\" class=\"yoast-schema-graph\">{\"@context\":\"https:\\\/\\\/schema.org\",\"@graph\":[{\"@type\":\"Article\",\"@id\":\"https:\\\/\\\/transamerica93.com.br\\\/home\\\/apos-desfiliacao-atletas-defendem-confederacao-brasileira-de-skate\\\/#article\",\"isPartOf\":{\"@id\":\"https:\\\/\\\/transamerica93.com.br\\\/home\\\/apos-desfiliacao-atletas-defendem-confederacao-brasileira-de-skate\\\/\"},\"author\":{\"name\":\"Reda\u00e7\u00e3o\",\"@id\":\"https:\\\/\\\/transamerica93.com.br\\\/home\\\/#\\\/schema\\\/person\\\/7fed7c99c0d4562efa8561bc0f543172\"},\"headline\":\"Ap\u00f3s desfilia\u00e7\u00e3o, atletas defendem Confedera\u00e7\u00e3o Brasileira de Skate\",\"datePublished\":\"2024-01-18T15:00:35+00:00\",\"mainEntityOfPage\":{\"@id\":\"https:\\\/\\\/transamerica93.com.br\\\/home\\\/apos-desfiliacao-atletas-defendem-confederacao-brasileira-de-skate\\\/\"},\"wordCount\":1047,\"publisher\":{\"@id\":\"https:\\\/\\\/transamerica93.com.br\\\/home\\\/#organization\"},\"image\":{\"@id\":\"https:\\\/\\\/transamerica93.com.br\\\/home\\\/apos-desfiliacao-atletas-defendem-confederacao-brasileira-de-skate\\\/#primaryimage\"},\"thumbnailUrl\":\"https:\\\/\\\/transamerica93.com.br\\\/home\\\/wp-content\\\/uploads\\\/2024\\\/01\\\/imagem-38.jpg\",\"articleSection\":[\"Esportes\"],\"inLanguage\":\"pt-BR\"},{\"@type\":\"WebPage\",\"@id\":\"https:\\\/\\\/transamerica93.com.br\\\/home\\\/apos-desfiliacao-atletas-defendem-confederacao-brasileira-de-skate\\\/\",\"url\":\"https:\\\/\\\/transamerica93.com.br\\\/home\\\/apos-desfiliacao-atletas-defendem-confederacao-brasileira-de-skate\\\/\",\"name\":\"Ap\u00f3s desfilia\u00e7\u00e3o, atletas defendem Confedera\u00e7\u00e3o Brasileira de Skate - Transam\u00e9rica Mococa 93,3\",\"isPartOf\":{\"@id\":\"https:\\\/\\\/transamerica93.com.br\\\/home\\\/#website\"},\"primaryImageOfPage\":{\"@id\":\"https:\\\/\\\/transamerica93.com.br\\\/home\\\/apos-desfiliacao-atletas-defendem-confederacao-brasileira-de-skate\\\/#primaryimage\"},\"image\":{\"@id\":\"https:\\\/\\\/transamerica93.com.br\\\/home\\\/apos-desfiliacao-atletas-defendem-confederacao-brasileira-de-skate\\\/#primaryimage\"},\"thumbnailUrl\":\"https:\\\/\\\/transamerica93.com.br\\\/home\\\/wp-content\\\/uploads\\\/2024\\\/01\\\/imagem-38.jpg\",\"datePublished\":\"2024-01-18T15:00:35+00:00\",\"breadcrumb\":{\"@id\":\"https:\\\/\\\/transamerica93.com.br\\\/home\\\/apos-desfiliacao-atletas-defendem-confederacao-brasileira-de-skate\\\/#breadcrumb\"},\"inLanguage\":\"pt-BR\",\"potentialAction\":[{\"@type\":\"ReadAction\",\"target\":[\"https:\\\/\\\/transamerica93.com.br\\\/home\\\/apos-desfiliacao-atletas-defendem-confederacao-brasileira-de-skate\\\/\"]}]},{\"@type\":\"ImageObject\",\"inLanguage\":\"pt-BR\",\"@id\":\"https:\\\/\\\/transamerica93.com.br\\\/home\\\/apos-desfiliacao-atletas-defendem-confederacao-brasileira-de-skate\\\/#primaryimage\",\"url\":\"https:\\\/\\\/transamerica93.com.br\\\/home\\\/wp-content\\\/uploads\\\/2024\\\/01\\\/imagem-38.jpg\",\"contentUrl\":\"https:\\\/\\\/transamerica93.com.br\\\/home\\\/wp-content\\\/uploads\\\/2024\\\/01\\\/imagem-38.jpg\",\"width\":1170,\"height\":700,\"caption\":\"\u00a9 Gaspar N\u00f3brega\\\/COB\\\/Direitos Reservados\"},{\"@type\":\"BreadcrumbList\",\"@id\":\"https:\\\/\\\/transamerica93.com.br\\\/home\\\/apos-desfiliacao-atletas-defendem-confederacao-brasileira-de-skate\\\/#breadcrumb\",\"itemListElement\":[{\"@type\":\"ListItem\",\"position\":1,\"name\":\"In\u00edcio\",\"item\":\"https:\\\/\\\/transamerica93.com.br\\\/home\\\/\"},{\"@type\":\"ListItem\",\"position\":2,\"name\":\"Ap\u00f3s desfilia\u00e7\u00e3o, atletas defendem Confedera\u00e7\u00e3o Brasileira de Skate\"}]},{\"@type\":\"WebSite\",\"@id\":\"https:\\\/\\\/transamerica93.com.br\\\/home\\\/#website\",\"url\":\"https:\\\/\\\/transamerica93.com.br\\\/home\\\/\",\"name\":\"Transam\u00e9rica Mococa 93,3\",\"description\":\"\",\"publisher\":{\"@id\":\"https:\\\/\\\/transamerica93.com.br\\\/home\\\/#organization\"},\"potentialAction\":[{\"@type\":\"SearchAction\",\"target\":{\"@type\":\"EntryPoint\",\"urlTemplate\":\"https:\\\/\\\/transamerica93.com.br\\\/home\\\/?s={search_term_string}\"},\"query-input\":{\"@type\":\"PropertyValueSpecification\",\"valueRequired\":true,\"valueName\":\"search_term_string\"}}],\"inLanguage\":\"pt-BR\"},{\"@type\":\"Organization\",\"@id\":\"https:\\\/\\\/transamerica93.com.br\\\/home\\\/#organization\",\"name\":\"Transam\u00e9rica Mococa 93,3\",\"url\":\"https:\\\/\\\/transamerica93.com.br\\\/home\\\/\",\"logo\":{\"@type\":\"ImageObject\",\"inLanguage\":\"pt-BR\",\"@id\":\"https:\\\/\\\/transamerica93.com.br\\\/home\\\/#\\\/schema\\\/logo\\\/image\\\/\",\"url\":\"https:\\\/\\\/transamerica93.com.br\\\/home\\\/wp-content\\\/uploads\\\/2023\\\/10\\\/logo2.png\",\"contentUrl\":\"https:\\\/\\\/transamerica93.com.br\\\/home\\\/wp-content\\\/uploads\\\/2023\\\/10\\\/logo2.png\",\"width\":800,\"height\":500,\"caption\":\"Transam\u00e9rica Mococa 93,3\"},\"image\":{\"@id\":\"https:\\\/\\\/transamerica93.com.br\\\/home\\\/#\\\/schema\\\/logo\\\/image\\\/\"},\"sameAs\":[\"https:\\\/\\\/www.facebook.com\\\/transamericamococa\",\"https:\\\/\\\/x.com\\\/transamerica933\",\"https:\\\/\\\/www.instagram.com\\\/transamericamococa\"]},{\"@type\":\"Person\",\"@id\":\"https:\\\/\\\/transamerica93.com.br\\\/home\\\/#\\\/schema\\\/person\\\/7fed7c99c0d4562efa8561bc0f543172\",\"name\":\"Reda\u00e7\u00e3o\",\"image\":{\"@type\":\"ImageObject\",\"inLanguage\":\"pt-BR\",\"@id\":\"https:\\\/\\\/secure.gravatar.com\\\/avatar\\\/1072c6b775fb02ef8506ce967551d95926669a6b7d2c2147b42eea4d7c68395e?s=96&d=mm&r=g\",\"url\":\"https:\\\/\\\/secure.gravatar.com\\\/avatar\\\/1072c6b775fb02ef8506ce967551d95926669a6b7d2c2147b42eea4d7c68395e?s=96&d=mm&r=g\",\"contentUrl\":\"https:\\\/\\\/secure.gravatar.com\\\/avatar\\\/1072c6b775fb02ef8506ce967551d95926669a6b7d2c2147b42eea4d7c68395e?s=96&d=mm&r=g\",\"caption\":\"Reda\u00e7\u00e3o\"},\"sameAs\":[\"https:\\\/\\\/transamerica93.com.br\\\/home\"],\"url\":\"https:\\\/\\\/transamerica93.com.br\\\/home\\\/author\\\/william\\\/\"}]}<\/script>\n<!-- \/ Yoast SEO plugin. -->","yoast_head_json":{"title":"Ap\u00f3s desfilia\u00e7\u00e3o, atletas defendem Confedera\u00e7\u00e3o Brasileira de Skate - Transam\u00e9rica Mococa 93,3","robots":{"index":"index","follow":"follow","max-snippet":"max-snippet:-1","max-image-preview":"max-image-preview:large","max-video-preview":"max-video-preview:-1"},"canonical":"https:\/\/transamerica93.com.br\/home\/apos-desfiliacao-atletas-defendem-confederacao-brasileira-de-skate\/","og_locale":"pt_BR","og_type":"article","og_title":"Ap\u00f3s desfilia\u00e7\u00e3o, atletas defendem Confedera\u00e7\u00e3o Brasileira de Skate - Transam\u00e9rica Mococa 93,3","og_description":"Desde que a World Skate, federa\u00e7\u00e3o respons\u00e1vel pelo skate ol\u00edmpico, comunicou a desfilia\u00e7\u00e3o da Confedera\u00e7\u00e3o Brasileira da modalidade (CBSk), na \u00faltima quarta-feira (10), os principais atletas do pa\u00eds se manifestaram a favor da entidade nacional. O Comit\u00ea Ol\u00edmpico do Brasil (COB), indicado para gerir o esporte at\u00e9 os Jogos de Paris, na Fran\u00e7a, tamb\u00e9m se &hellip;","og_url":"https:\/\/transamerica93.com.br\/home\/apos-desfiliacao-atletas-defendem-confederacao-brasileira-de-skate\/","og_site_name":"Transam\u00e9rica Mococa 93,3","article_publisher":"https:\/\/www.facebook.com\/transamericamococa","article_published_time":"2024-01-18T15:00:35+00:00","og_image":[{"width":1170,"height":700,"url":"https:\/\/transamerica93.com.br\/home\/wp-content\/uploads\/2024\/01\/imagem-38.jpg","type":"image\/jpeg"}],"author":"Reda\u00e7\u00e3o","twitter_card":"summary_large_image","twitter_creator":"@transamerica933","twitter_site":"@transamerica933","twitter_misc":{"Escrito por":"Reda\u00e7\u00e3o","Est. tempo de leitura":"6 minutos"},"schema":{"@context":"https:\/\/schema.org","@graph":[{"@type":"Article","@id":"https:\/\/transamerica93.com.br\/home\/apos-desfiliacao-atletas-defendem-confederacao-brasileira-de-skate\/#article","isPartOf":{"@id":"https:\/\/transamerica93.com.br\/home\/apos-desfiliacao-atletas-defendem-confederacao-brasileira-de-skate\/"},"author":{"name":"Reda\u00e7\u00e3o","@id":"https:\/\/transamerica93.com.br\/home\/#\/schema\/person\/7fed7c99c0d4562efa8561bc0f543172"},"headline":"Ap\u00f3s desfilia\u00e7\u00e3o, atletas defendem Confedera\u00e7\u00e3o Brasileira de Skate","datePublished":"2024-01-18T15:00:35+00:00","mainEntityOfPage":{"@id":"https:\/\/transamerica93.com.br\/home\/apos-desfiliacao-atletas-defendem-confederacao-brasileira-de-skate\/"},"wordCount":1047,"publisher":{"@id":"https:\/\/transamerica93.com.br\/home\/#organization"},"image":{"@id":"https:\/\/transamerica93.com.br\/home\/apos-desfiliacao-atletas-defendem-confederacao-brasileira-de-skate\/#primaryimage"},"thumbnailUrl":"https:\/\/transamerica93.com.br\/home\/wp-content\/uploads\/2024\/01\/imagem-38.jpg","articleSection":["Esportes"],"inLanguage":"pt-BR"},{"@type":"WebPage","@id":"https:\/\/transamerica93.com.br\/home\/apos-desfiliacao-atletas-defendem-confederacao-brasileira-de-skate\/","url":"https:\/\/transamerica93.com.br\/home\/apos-desfiliacao-atletas-defendem-confederacao-brasileira-de-skate\/","name":"Ap\u00f3s desfilia\u00e7\u00e3o, atletas defendem Confedera\u00e7\u00e3o Brasileira de Skate - Transam\u00e9rica Mococa 93,3","isPartOf":{"@id":"https:\/\/transamerica93.com.br\/home\/#website"},"primaryImageOfPage":{"@id":"https:\/\/transamerica93.com.br\/home\/apos-desfiliacao-atletas-defendem-confederacao-brasileira-de-skate\/#primaryimage"},"image":{"@id":"https:\/\/transamerica93.com.br\/home\/apos-desfiliacao-atletas-defendem-confederacao-brasileira-de-skate\/#primaryimage"},"thumbnailUrl":"https:\/\/transamerica93.com.br\/home\/wp-content\/uploads\/2024\/01\/imagem-38.jpg","datePublished":"2024-01-18T15:00:35+00:00","breadcrumb":{"@id":"https:\/\/transamerica93.com.br\/home\/apos-desfiliacao-atletas-defendem-confederacao-brasileira-de-skate\/#breadcrumb"},"inLanguage":"pt-BR","potentialAction":[{"@type":"ReadAction","target":["https:\/\/transamerica93.com.br\/home\/apos-desfiliacao-atletas-defendem-confederacao-brasileira-de-skate\/"]}]},{"@type":"ImageObject","inLanguage":"pt-BR","@id":"https:\/\/transamerica93.com.br\/home\/apos-desfiliacao-atletas-defendem-confederacao-brasileira-de-skate\/#primaryimage","url":"https:\/\/transamerica93.com.br\/home\/wp-content\/uploads\/2024\/01\/imagem-38.jpg","contentUrl":"https:\/\/transamerica93.com.br\/home\/wp-content\/uploads\/2024\/01\/imagem-38.jpg","width":1170,"height":700,"caption":"\u00a9 Gaspar N\u00f3brega\/COB\/Direitos Reservados"},{"@type":"BreadcrumbList","@id":"https:\/\/transamerica93.com.br\/home\/apos-desfiliacao-atletas-defendem-confederacao-brasileira-de-skate\/#breadcrumb","itemListElement":[{"@type":"ListItem","position":1,"name":"In\u00edcio","item":"https:\/\/transamerica93.com.br\/home\/"},{"@type":"ListItem","position":2,"name":"Ap\u00f3s desfilia\u00e7\u00e3o, atletas defendem Confedera\u00e7\u00e3o Brasileira de Skate"}]},{"@type":"WebSite","@id":"https:\/\/transamerica93.com.br\/home\/#website","url":"https:\/\/transamerica93.com.br\/home\/","name":"Transam\u00e9rica Mococa 93,3","description":"","publisher":{"@id":"https:\/\/transamerica93.com.br\/home\/#organization"},"potentialAction":[{"@type":"SearchAction","target":{"@type":"EntryPoint","urlTemplate":"https:\/\/transamerica93.com.br\/home\/?s={search_term_string}"},"query-input":{"@type":"PropertyValueSpecification","valueRequired":true,"valueName":"search_term_string"}}],"inLanguage":"pt-BR"},{"@type":"Organization","@id":"https:\/\/transamerica93.com.br\/home\/#organization","name":"Transam\u00e9rica Mococa 93,3","url":"https:\/\/transamerica93.com.br\/home\/","logo":{"@type":"ImageObject","inLanguage":"pt-BR","@id":"https:\/\/transamerica93.com.br\/home\/#\/schema\/logo\/image\/","url":"https:\/\/transamerica93.com.br\/home\/wp-content\/uploads\/2023\/10\/logo2.png","contentUrl":"https:\/\/transamerica93.com.br\/home\/wp-content\/uploads\/2023\/10\/logo2.png","width":800,"height":500,"caption":"Transam\u00e9rica Mococa 93,3"},"image":{"@id":"https:\/\/transamerica93.com.br\/home\/#\/schema\/logo\/image\/"},"sameAs":["https:\/\/www.facebook.com\/transamericamococa","https:\/\/x.com\/transamerica933","https:\/\/www.instagram.com\/transamericamococa"]},{"@type":"Person","@id":"https:\/\/transamerica93.com.br\/home\/#\/schema\/person\/7fed7c99c0d4562efa8561bc0f543172","name":"Reda\u00e7\u00e3o","image":{"@type":"ImageObject","inLanguage":"pt-BR","@id":"https:\/\/secure.gravatar.com\/avatar\/1072c6b775fb02ef8506ce967551d95926669a6b7d2c2147b42eea4d7c68395e?s=96&d=mm&r=g","url":"https:\/\/secure.gravatar.com\/avatar\/1072c6b775fb02ef8506ce967551d95926669a6b7d2c2147b42eea4d7c68395e?s=96&d=mm&r=g","contentUrl":"https:\/\/secure.gravatar.com\/avatar\/1072c6b775fb02ef8506ce967551d95926669a6b7d2c2147b42eea4d7c68395e?s=96&d=mm&r=g","caption":"Reda\u00e7\u00e3o"},"sameAs":["https:\/\/transamerica93.com.br\/home"],"url":"https:\/\/transamerica93.com.br\/home\/author\/william\/"}]}},"_links":{"self":[{"href":"https:\/\/transamerica93.com.br\/home\/wp-json\/wp\/v2\/posts\/2371","targetHints":{"allow":["GET"]}}],"collection":[{"href":"https:\/\/transamerica93.com.br\/home\/wp-json\/wp\/v2\/posts"}],"about":[{"href":"https:\/\/transamerica93.com.br\/home\/wp-json\/wp\/v2\/types\/post"}],"author":[{"embeddable":true,"href":"https:\/\/transamerica93.com.br\/home\/wp-json\/wp\/v2\/users\/1"}],"replies":[{"embeddable":true,"href":"https:\/\/transamerica93.com.br\/home\/wp-json\/wp\/v2\/comments?post=2371"}],"version-history":[{"count":1,"href":"https:\/\/transamerica93.com.br\/home\/wp-json\/wp\/v2\/posts\/2371\/revisions"}],"predecessor-version":[{"id":2373,"href":"https:\/\/transamerica93.com.br\/home\/wp-json\/wp\/v2\/posts\/2371\/revisions\/2373"}],"wp:featuredmedia":[{"embeddable":true,"href":"https:\/\/transamerica93.com.br\/home\/wp-json\/wp\/v2\/media\/2372"}],"wp:attachment":[{"href":"https:\/\/transamerica93.com.br\/home\/wp-json\/wp\/v2\/media?parent=2371"}],"wp:term":[{"taxonomy":"category","embeddable":true,"href":"https:\/\/transamerica93.com.br\/home\/wp-json\/wp\/v2\/categories?post=2371"},{"taxonomy":"post_tag","embeddable":true,"href":"https:\/\/transamerica93.com.br\/home\/wp-json\/wp\/v2\/tags?post=2371"}],"curies":[{"name":"wp","href":"https:\/\/api.w.org\/{rel}","templated":true}]}}