{"id":2383,"date":"2024-01-16T18:00:01","date_gmt":"2024-01-16T21:00:01","guid":{"rendered":"https:\/\/transamerica93.com.br\/home\/?p=2383"},"modified":"2024-01-15T01:57:13","modified_gmt":"2024-01-15T04:57:13","slug":"serie-the-good-doctor-sera-encerrada-na-setima-temporada","status":"publish","type":"post","link":"https:\/\/transamerica93.com.br\/home\/serie-the-good-doctor-sera-encerrada-na-setima-temporada\/","title":{"rendered":"S\u00e9rie &#8216;The Good Doctor&#8217; ser\u00e1 encerrada na s\u00e9tima temporada"},"content":{"rendered":"<div id=\"Corpo\">O canal <i>ABC<\/i>\u00a0anunciou que a s\u00e9tima temporada de\u00a0<i>The Good Doctor<\/i>, s\u00e9rie que acompanha a vida de Shaun Murphy, um jovem m\u00e9dico cirurgi\u00e3o com s\u00edndrome de Savant e autismo, ser\u00e1 a \u00faltima da s\u00e9rie.<\/p>\n<p>&#8220;Interpretar o Dr. Shaun Murphy foi um imenso privil\u00e9gio e uma das experi\u00eancias mais marcantes e gratificantes da minha vida&#8221;, disse Freddie Highmore, ator que interpreta o personagem principal, para a revista\u00a0<i>Variety<\/i>.<\/p>\n<p>A s\u00e9rie acompanha a vida de Shaun Murphy, um jovem m\u00e9dico que possui autismo e s\u00edndrome de Savant, que tem como uma de suas caracter\u00edsticas dificuldade em socializa\u00e7\u00e3o, grande capacidade de memoriza\u00e7\u00e3o e intelig\u00eancia acima da m\u00e9dia.<\/p>\n<p>Com discuss\u00f5es sobre rela\u00e7\u00f5es familiares, romances e drama \u00e9 poss\u00edvel perceber a adapta\u00e7\u00e3o de Dr. Murphy, suas dificuldades em alguns aspectos dos atendimentos e o quanto suas qualidades s\u00e3o capazes de auxiliar no tratamento dos pacientes.<\/p>\n<p><i>The Good Doctor<\/i>\u00a0tem roteiro, dire\u00e7\u00e3o e produ\u00e7\u00e3o executiva de David Shore, que tamb\u00e9m trabalhou em\u00a0<i>House<\/i>, s\u00e9rie m\u00e9dica de sucesso.<\/div>\n","protected":false},"excerpt":{"rendered":"<p>O canal ABC\u00a0anunciou que a s\u00e9tima temporada de\u00a0The Good Doctor, s\u00e9rie que acompanha a vida de Shaun Murphy, um jovem m\u00e9dico cirurgi\u00e3o com s\u00edndrome de Savant e autismo, ser\u00e1 a \u00faltima da s\u00e9rie. &#8220;Interpretar o Dr. Shaun Murphy foi um imenso privil\u00e9gio e uma das experi\u00eancias mais marcantes e gratificantes da minha vida&#8221;, disse Freddie &hellip;<\/p>\n","protected":false},"author":1,"featured_media":2384,"comment_status":"closed","ping_status":"closed","sticky":false,"template":"","format":"standard","meta":{"footnotes":""},"categories":[24],"tags":[],"class_list":["post-2383","post","type-post","status-publish","format-standard","has-post-thumbnail","hentry","category-entretenimento"],"yoast_head":"<!-- This site is optimized with the Yoast SEO plugin v27.4 - https:\/\/yoast.com\/product\/yoast-seo-wordpress\/ -->\n<title>S\u00e9rie &#039;The Good Doctor&#039; ser\u00e1 encerrada na s\u00e9tima temporada - Transam\u00e9rica Mococa 93,3<\/title>\n<meta name=\"robots\" content=\"index, follow, max-snippet:-1, max-image-preview:large, max-video-preview:-1\" \/>\n<link rel=\"canonical\" href=\"https:\/\/transamerica93.com.br\/home\/serie-the-good-doctor-sera-encerrada-na-setima-temporada\/\" \/>\n<meta property=\"og:locale\" content=\"pt_BR\" \/>\n<meta property=\"og:type\" content=\"article\" \/>\n<meta property=\"og:title\" content=\"S\u00e9rie &#039;The Good Doctor&#039; ser\u00e1 encerrada na s\u00e9tima temporada - Transam\u00e9rica Mococa 93,3\" \/>\n<meta property=\"og:description\" content=\"O canal ABC\u00a0anunciou que a s\u00e9tima temporada de\u00a0The Good Doctor, s\u00e9rie que acompanha a vida de Shaun Murphy, um jovem m\u00e9dico cirurgi\u00e3o com s\u00edndrome de Savant e autismo, ser\u00e1 a \u00faltima da s\u00e9rie. &#8220;Interpretar o Dr. Shaun Murphy foi um imenso privil\u00e9gio e uma das experi\u00eancias mais marcantes e gratificantes da minha vida&#8221;, disse Freddie &hellip;\" \/>\n<meta property=\"og:url\" content=\"https:\/\/transamerica93.com.br\/home\/serie-the-good-doctor-sera-encerrada-na-setima-temporada\/\" \/>\n<meta property=\"og:site_name\" content=\"Transam\u00e9rica Mococa 93,3\" \/>\n<meta property=\"article:publisher\" content=\"https:\/\/www.facebook.com\/transamericamococa\" \/>\n<meta property=\"article:published_time\" content=\"2024-01-16T21:00:01+00:00\" \/>\n<meta property=\"og:image\" content=\"https:\/\/transamerica93.com.br\/home\/wp-content\/uploads\/2024\/01\/imagem-42.jpg\" \/>\n\t<meta property=\"og:image:width\" content=\"1010\" \/>\n\t<meta property=\"og:image:height\" content=\"568\" \/>\n\t<meta property=\"og:image:type\" content=\"image\/jpeg\" \/>\n<meta name=\"author\" content=\"Reda\u00e7\u00e3o\" \/>\n<meta name=\"twitter:card\" content=\"summary_large_image\" \/>\n<meta name=\"twitter:creator\" content=\"@transamerica933\" \/>\n<meta name=\"twitter:site\" content=\"@transamerica933\" \/>\n<meta name=\"twitter:label1\" content=\"Escrito por\" \/>\n\t<meta name=\"twitter:data1\" content=\"Reda\u00e7\u00e3o\" \/>\n\t<meta name=\"twitter:label2\" content=\"Est. tempo de leitura\" \/>\n\t<meta name=\"twitter:data2\" content=\"1 minuto\" \/>\n<script type=\"application\/ld+json\" class=\"yoast-schema-graph\">{\"@context\":\"https:\\\/\\\/schema.org\",\"@graph\":[{\"@type\":\"Article\",\"@id\":\"https:\\\/\\\/transamerica93.com.br\\\/home\\\/serie-the-good-doctor-sera-encerrada-na-setima-temporada\\\/#article\",\"isPartOf\":{\"@id\":\"https:\\\/\\\/transamerica93.com.br\\\/home\\\/serie-the-good-doctor-sera-encerrada-na-setima-temporada\\\/\"},\"author\":{\"name\":\"Reda\u00e7\u00e3o\",\"@id\":\"https:\\\/\\\/transamerica93.com.br\\\/home\\\/#\\\/schema\\\/person\\\/7fed7c99c0d4562efa8561bc0f543172\"},\"headline\":\"S\u00e9rie &#8216;The Good Doctor&#8217; ser\u00e1 encerrada na s\u00e9tima temporada\",\"datePublished\":\"2024-01-16T21:00:01+00:00\",\"mainEntityOfPage\":{\"@id\":\"https:\\\/\\\/transamerica93.com.br\\\/home\\\/serie-the-good-doctor-sera-encerrada-na-setima-temporada\\\/\"},\"wordCount\":198,\"publisher\":{\"@id\":\"https:\\\/\\\/transamerica93.com.br\\\/home\\\/#organization\"},\"image\":{\"@id\":\"https:\\\/\\\/transamerica93.com.br\\\/home\\\/serie-the-good-doctor-sera-encerrada-na-setima-temporada\\\/#primaryimage\"},\"thumbnailUrl\":\"https:\\\/\\\/transamerica93.com.br\\\/home\\\/wp-content\\\/uploads\\\/2024\\\/01\\\/imagem-42.jpg\",\"articleSection\":[\"Entretenimento\"],\"inLanguage\":\"pt-BR\"},{\"@type\":\"WebPage\",\"@id\":\"https:\\\/\\\/transamerica93.com.br\\\/home\\\/serie-the-good-doctor-sera-encerrada-na-setima-temporada\\\/\",\"url\":\"https:\\\/\\\/transamerica93.com.br\\\/home\\\/serie-the-good-doctor-sera-encerrada-na-setima-temporada\\\/\",\"name\":\"S\u00e9rie 'The Good Doctor' ser\u00e1 encerrada na s\u00e9tima temporada - Transam\u00e9rica Mococa 93,3\",\"isPartOf\":{\"@id\":\"https:\\\/\\\/transamerica93.com.br\\\/home\\\/#website\"},\"primaryImageOfPage\":{\"@id\":\"https:\\\/\\\/transamerica93.com.br\\\/home\\\/serie-the-good-doctor-sera-encerrada-na-setima-temporada\\\/#primaryimage\"},\"image\":{\"@id\":\"https:\\\/\\\/transamerica93.com.br\\\/home\\\/serie-the-good-doctor-sera-encerrada-na-setima-temporada\\\/#primaryimage\"},\"thumbnailUrl\":\"https:\\\/\\\/transamerica93.com.br\\\/home\\\/wp-content\\\/uploads\\\/2024\\\/01\\\/imagem-42.jpg\",\"datePublished\":\"2024-01-16T21:00:01+00:00\",\"breadcrumb\":{\"@id\":\"https:\\\/\\\/transamerica93.com.br\\\/home\\\/serie-the-good-doctor-sera-encerrada-na-setima-temporada\\\/#breadcrumb\"},\"inLanguage\":\"pt-BR\",\"potentialAction\":[{\"@type\":\"ReadAction\",\"target\":[\"https:\\\/\\\/transamerica93.com.br\\\/home\\\/serie-the-good-doctor-sera-encerrada-na-setima-temporada\\\/\"]}]},{\"@type\":\"ImageObject\",\"inLanguage\":\"pt-BR\",\"@id\":\"https:\\\/\\\/transamerica93.com.br\\\/home\\\/serie-the-good-doctor-sera-encerrada-na-setima-temporada\\\/#primaryimage\",\"url\":\"https:\\\/\\\/transamerica93.com.br\\\/home\\\/wp-content\\\/uploads\\\/2024\\\/01\\\/imagem-42.jpg\",\"contentUrl\":\"https:\\\/\\\/transamerica93.com.br\\\/home\\\/wp-content\\\/uploads\\\/2024\\\/01\\\/imagem-42.jpg\",\"width\":1010,\"height\":568,\"caption\":\"Cr\u00e9dito: Divulga\u00e7\u00e3o\\\/ABC\"},{\"@type\":\"BreadcrumbList\",\"@id\":\"https:\\\/\\\/transamerica93.com.br\\\/home\\\/serie-the-good-doctor-sera-encerrada-na-setima-temporada\\\/#breadcrumb\",\"itemListElement\":[{\"@type\":\"ListItem\",\"position\":1,\"name\":\"In\u00edcio\",\"item\":\"https:\\\/\\\/transamerica93.com.br\\\/home\\\/\"},{\"@type\":\"ListItem\",\"position\":2,\"name\":\"S\u00e9rie &#8216;The Good Doctor&#8217; ser\u00e1 encerrada na s\u00e9tima temporada\"}]},{\"@type\":\"WebSite\",\"@id\":\"https:\\\/\\\/transamerica93.com.br\\\/home\\\/#website\",\"url\":\"https:\\\/\\\/transamerica93.com.br\\\/home\\\/\",\"name\":\"Transam\u00e9rica Mococa 93,3\",\"description\":\"\",\"publisher\":{\"@id\":\"https:\\\/\\\/transamerica93.com.br\\\/home\\\/#organization\"},\"potentialAction\":[{\"@type\":\"SearchAction\",\"target\":{\"@type\":\"EntryPoint\",\"urlTemplate\":\"https:\\\/\\\/transamerica93.com.br\\\/home\\\/?s={search_term_string}\"},\"query-input\":{\"@type\":\"PropertyValueSpecification\",\"valueRequired\":true,\"valueName\":\"search_term_string\"}}],\"inLanguage\":\"pt-BR\"},{\"@type\":\"Organization\",\"@id\":\"https:\\\/\\\/transamerica93.com.br\\\/home\\\/#organization\",\"name\":\"Transam\u00e9rica Mococa 93,3\",\"url\":\"https:\\\/\\\/transamerica93.com.br\\\/home\\\/\",\"logo\":{\"@type\":\"ImageObject\",\"inLanguage\":\"pt-BR\",\"@id\":\"https:\\\/\\\/transamerica93.com.br\\\/home\\\/#\\\/schema\\\/logo\\\/image\\\/\",\"url\":\"https:\\\/\\\/transamerica93.com.br\\\/home\\\/wp-content\\\/uploads\\\/2023\\\/10\\\/logo2.png\",\"contentUrl\":\"https:\\\/\\\/transamerica93.com.br\\\/home\\\/wp-content\\\/uploads\\\/2023\\\/10\\\/logo2.png\",\"width\":800,\"height\":500,\"caption\":\"Transam\u00e9rica Mococa 93,3\"},\"image\":{\"@id\":\"https:\\\/\\\/transamerica93.com.br\\\/home\\\/#\\\/schema\\\/logo\\\/image\\\/\"},\"sameAs\":[\"https:\\\/\\\/www.facebook.com\\\/transamericamococa\",\"https:\\\/\\\/x.com\\\/transamerica933\",\"https:\\\/\\\/www.instagram.com\\\/transamericamococa\"]},{\"@type\":\"Person\",\"@id\":\"https:\\\/\\\/transamerica93.com.br\\\/home\\\/#\\\/schema\\\/person\\\/7fed7c99c0d4562efa8561bc0f543172\",\"name\":\"Reda\u00e7\u00e3o\",\"image\":{\"@type\":\"ImageObject\",\"inLanguage\":\"pt-BR\",\"@id\":\"https:\\\/\\\/secure.gravatar.com\\\/avatar\\\/1072c6b775fb02ef8506ce967551d95926669a6b7d2c2147b42eea4d7c68395e?s=96&d=mm&r=g\",\"url\":\"https:\\\/\\\/secure.gravatar.com\\\/avatar\\\/1072c6b775fb02ef8506ce967551d95926669a6b7d2c2147b42eea4d7c68395e?s=96&d=mm&r=g\",\"contentUrl\":\"https:\\\/\\\/secure.gravatar.com\\\/avatar\\\/1072c6b775fb02ef8506ce967551d95926669a6b7d2c2147b42eea4d7c68395e?s=96&d=mm&r=g\",\"caption\":\"Reda\u00e7\u00e3o\"},\"sameAs\":[\"https:\\\/\\\/transamerica93.com.br\\\/home\"],\"url\":\"https:\\\/\\\/transamerica93.com.br\\\/home\\\/author\\\/william\\\/\"}]}<\/script>\n<!-- \/ Yoast SEO plugin. -->","yoast_head_json":{"title":"S\u00e9rie 'The Good Doctor' ser\u00e1 encerrada na s\u00e9tima temporada - Transam\u00e9rica Mococa 93,3","robots":{"index":"index","follow":"follow","max-snippet":"max-snippet:-1","max-image-preview":"max-image-preview:large","max-video-preview":"max-video-preview:-1"},"canonical":"https:\/\/transamerica93.com.br\/home\/serie-the-good-doctor-sera-encerrada-na-setima-temporada\/","og_locale":"pt_BR","og_type":"article","og_title":"S\u00e9rie 'The Good Doctor' ser\u00e1 encerrada na s\u00e9tima temporada - Transam\u00e9rica Mococa 93,3","og_description":"O canal ABC\u00a0anunciou que a s\u00e9tima temporada de\u00a0The Good Doctor, s\u00e9rie que acompanha a vida de Shaun Murphy, um jovem m\u00e9dico cirurgi\u00e3o com s\u00edndrome de Savant e autismo, ser\u00e1 a \u00faltima da s\u00e9rie. &#8220;Interpretar o Dr. Shaun Murphy foi um imenso privil\u00e9gio e uma das experi\u00eancias mais marcantes e gratificantes da minha vida&#8221;, disse Freddie &hellip;","og_url":"https:\/\/transamerica93.com.br\/home\/serie-the-good-doctor-sera-encerrada-na-setima-temporada\/","og_site_name":"Transam\u00e9rica Mococa 93,3","article_publisher":"https:\/\/www.facebook.com\/transamericamococa","article_published_time":"2024-01-16T21:00:01+00:00","og_image":[{"width":1010,"height":568,"url":"https:\/\/transamerica93.com.br\/home\/wp-content\/uploads\/2024\/01\/imagem-42.jpg","type":"image\/jpeg"}],"author":"Reda\u00e7\u00e3o","twitter_card":"summary_large_image","twitter_creator":"@transamerica933","twitter_site":"@transamerica933","twitter_misc":{"Escrito por":"Reda\u00e7\u00e3o","Est. tempo de leitura":"1 minuto"},"schema":{"@context":"https:\/\/schema.org","@graph":[{"@type":"Article","@id":"https:\/\/transamerica93.com.br\/home\/serie-the-good-doctor-sera-encerrada-na-setima-temporada\/#article","isPartOf":{"@id":"https:\/\/transamerica93.com.br\/home\/serie-the-good-doctor-sera-encerrada-na-setima-temporada\/"},"author":{"name":"Reda\u00e7\u00e3o","@id":"https:\/\/transamerica93.com.br\/home\/#\/schema\/person\/7fed7c99c0d4562efa8561bc0f543172"},"headline":"S\u00e9rie &#8216;The Good Doctor&#8217; ser\u00e1 encerrada na s\u00e9tima temporada","datePublished":"2024-01-16T21:00:01+00:00","mainEntityOfPage":{"@id":"https:\/\/transamerica93.com.br\/home\/serie-the-good-doctor-sera-encerrada-na-setima-temporada\/"},"wordCount":198,"publisher":{"@id":"https:\/\/transamerica93.com.br\/home\/#organization"},"image":{"@id":"https:\/\/transamerica93.com.br\/home\/serie-the-good-doctor-sera-encerrada-na-setima-temporada\/#primaryimage"},"thumbnailUrl":"https:\/\/transamerica93.com.br\/home\/wp-content\/uploads\/2024\/01\/imagem-42.jpg","articleSection":["Entretenimento"],"inLanguage":"pt-BR"},{"@type":"WebPage","@id":"https:\/\/transamerica93.com.br\/home\/serie-the-good-doctor-sera-encerrada-na-setima-temporada\/","url":"https:\/\/transamerica93.com.br\/home\/serie-the-good-doctor-sera-encerrada-na-setima-temporada\/","name":"S\u00e9rie 'The Good Doctor' ser\u00e1 encerrada na s\u00e9tima temporada - Transam\u00e9rica Mococa 93,3","isPartOf":{"@id":"https:\/\/transamerica93.com.br\/home\/#website"},"primaryImageOfPage":{"@id":"https:\/\/transamerica93.com.br\/home\/serie-the-good-doctor-sera-encerrada-na-setima-temporada\/#primaryimage"},"image":{"@id":"https:\/\/transamerica93.com.br\/home\/serie-the-good-doctor-sera-encerrada-na-setima-temporada\/#primaryimage"},"thumbnailUrl":"https:\/\/transamerica93.com.br\/home\/wp-content\/uploads\/2024\/01\/imagem-42.jpg","datePublished":"2024-01-16T21:00:01+00:00","breadcrumb":{"@id":"https:\/\/transamerica93.com.br\/home\/serie-the-good-doctor-sera-encerrada-na-setima-temporada\/#breadcrumb"},"inLanguage":"pt-BR","potentialAction":[{"@type":"ReadAction","target":["https:\/\/transamerica93.com.br\/home\/serie-the-good-doctor-sera-encerrada-na-setima-temporada\/"]}]},{"@type":"ImageObject","inLanguage":"pt-BR","@id":"https:\/\/transamerica93.com.br\/home\/serie-the-good-doctor-sera-encerrada-na-setima-temporada\/#primaryimage","url":"https:\/\/transamerica93.com.br\/home\/wp-content\/uploads\/2024\/01\/imagem-42.jpg","contentUrl":"https:\/\/transamerica93.com.br\/home\/wp-content\/uploads\/2024\/01\/imagem-42.jpg","width":1010,"height":568,"caption":"Cr\u00e9dito: Divulga\u00e7\u00e3o\/ABC"},{"@type":"BreadcrumbList","@id":"https:\/\/transamerica93.com.br\/home\/serie-the-good-doctor-sera-encerrada-na-setima-temporada\/#breadcrumb","itemListElement":[{"@type":"ListItem","position":1,"name":"In\u00edcio","item":"https:\/\/transamerica93.com.br\/home\/"},{"@type":"ListItem","position":2,"name":"S\u00e9rie &#8216;The Good Doctor&#8217; ser\u00e1 encerrada na s\u00e9tima temporada"}]},{"@type":"WebSite","@id":"https:\/\/transamerica93.com.br\/home\/#website","url":"https:\/\/transamerica93.com.br\/home\/","name":"Transam\u00e9rica Mococa 93,3","description":"","publisher":{"@id":"https:\/\/transamerica93.com.br\/home\/#organization"},"potentialAction":[{"@type":"SearchAction","target":{"@type":"EntryPoint","urlTemplate":"https:\/\/transamerica93.com.br\/home\/?s={search_term_string}"},"query-input":{"@type":"PropertyValueSpecification","valueRequired":true,"valueName":"search_term_string"}}],"inLanguage":"pt-BR"},{"@type":"Organization","@id":"https:\/\/transamerica93.com.br\/home\/#organization","name":"Transam\u00e9rica Mococa 93,3","url":"https:\/\/transamerica93.com.br\/home\/","logo":{"@type":"ImageObject","inLanguage":"pt-BR","@id":"https:\/\/transamerica93.com.br\/home\/#\/schema\/logo\/image\/","url":"https:\/\/transamerica93.com.br\/home\/wp-content\/uploads\/2023\/10\/logo2.png","contentUrl":"https:\/\/transamerica93.com.br\/home\/wp-content\/uploads\/2023\/10\/logo2.png","width":800,"height":500,"caption":"Transam\u00e9rica Mococa 93,3"},"image":{"@id":"https:\/\/transamerica93.com.br\/home\/#\/schema\/logo\/image\/"},"sameAs":["https:\/\/www.facebook.com\/transamericamococa","https:\/\/x.com\/transamerica933","https:\/\/www.instagram.com\/transamericamococa"]},{"@type":"Person","@id":"https:\/\/transamerica93.com.br\/home\/#\/schema\/person\/7fed7c99c0d4562efa8561bc0f543172","name":"Reda\u00e7\u00e3o","image":{"@type":"ImageObject","inLanguage":"pt-BR","@id":"https:\/\/secure.gravatar.com\/avatar\/1072c6b775fb02ef8506ce967551d95926669a6b7d2c2147b42eea4d7c68395e?s=96&d=mm&r=g","url":"https:\/\/secure.gravatar.com\/avatar\/1072c6b775fb02ef8506ce967551d95926669a6b7d2c2147b42eea4d7c68395e?s=96&d=mm&r=g","contentUrl":"https:\/\/secure.gravatar.com\/avatar\/1072c6b775fb02ef8506ce967551d95926669a6b7d2c2147b42eea4d7c68395e?s=96&d=mm&r=g","caption":"Reda\u00e7\u00e3o"},"sameAs":["https:\/\/transamerica93.com.br\/home"],"url":"https:\/\/transamerica93.com.br\/home\/author\/william\/"}]}},"_links":{"self":[{"href":"https:\/\/transamerica93.com.br\/home\/wp-json\/wp\/v2\/posts\/2383","targetHints":{"allow":["GET"]}}],"collection":[{"href":"https:\/\/transamerica93.com.br\/home\/wp-json\/wp\/v2\/posts"}],"about":[{"href":"https:\/\/transamerica93.com.br\/home\/wp-json\/wp\/v2\/types\/post"}],"author":[{"embeddable":true,"href":"https:\/\/transamerica93.com.br\/home\/wp-json\/wp\/v2\/users\/1"}],"replies":[{"embeddable":true,"href":"https:\/\/transamerica93.com.br\/home\/wp-json\/wp\/v2\/comments?post=2383"}],"version-history":[{"count":1,"href":"https:\/\/transamerica93.com.br\/home\/wp-json\/wp\/v2\/posts\/2383\/revisions"}],"predecessor-version":[{"id":2385,"href":"https:\/\/transamerica93.com.br\/home\/wp-json\/wp\/v2\/posts\/2383\/revisions\/2385"}],"wp:featuredmedia":[{"embeddable":true,"href":"https:\/\/transamerica93.com.br\/home\/wp-json\/wp\/v2\/media\/2384"}],"wp:attachment":[{"href":"https:\/\/transamerica93.com.br\/home\/wp-json\/wp\/v2\/media?parent=2383"}],"wp:term":[{"taxonomy":"category","embeddable":true,"href":"https:\/\/transamerica93.com.br\/home\/wp-json\/wp\/v2\/categories?post=2383"},{"taxonomy":"post_tag","embeddable":true,"href":"https:\/\/transamerica93.com.br\/home\/wp-json\/wp\/v2\/tags?post=2383"}],"curies":[{"name":"wp","href":"https:\/\/api.w.org\/{rel}","templated":true}]}}