{"id":2398,"date":"2024-01-17T15:00:10","date_gmt":"2024-01-17T18:00:10","guid":{"rendered":"https:\/\/transamerica93.com.br\/home\/?p=2398"},"modified":"2024-01-15T02:07:26","modified_gmt":"2024-01-15T05:07:26","slug":"taylor-swift-e-acusada-de-trabalhar-secretamente-para-otan-governo-dos-eua-nega","status":"publish","type":"post","link":"https:\/\/transamerica93.com.br\/home\/taylor-swift-e-acusada-de-trabalhar-secretamente-para-otan-governo-dos-eua-nega\/","title":{"rendered":"Taylor Swift \u00e9 acusada de trabalhar secretamente para Otan; governo dos EUA nega"},"content":{"rendered":"<h6 class=\"Assina\">Por Reda\u00e7\u00e3o O Estado de S. Paulo<\/h6>\n<p>O governo dos Estados Unidos rebateu a teoria do jornalista Jesse Watters, da Fox News, que acusou Taylor Swift de trabalhar secretamente para a Organiza\u00e7\u00e3o do Tratado do Atl\u00e2ntico Norte (Otan). Ele n\u00e3o tinha provas sobre isso. As informa\u00e7\u00f5es s\u00e3o do jornal\u00a0<i>Politico<\/i>.<\/p>\n<p>Ao questionar como a cantora de 34 anos alcan\u00e7ou tanto sucesso, Watters afirmou que ela faria parte de um plano do Pent\u00e1gono contra a desinforma\u00e7\u00e3o.<\/p>\n<p>Uma prova disso, segundo a jornalista, seria um v\u00eddeo de uma confer\u00eancia do Centro Cooperativo de Excel\u00eancia em Defesa Cibern\u00e9tica da Otan, de 2019, no qual o apresentador apenas cita a artista como exemplo de influenciadora poderosa.<\/p>\n<p>&#8220;H\u00e1 cerca de quatro anos, a unidade de opera\u00e7\u00f5es psicol\u00f3gicas do Pent\u00e1gono incentivou a Otan a transformar Taylor Swift em um trunfo para combater a desinforma\u00e7\u00e3o online&#8221;, acusou Watters.<\/p>\n<p>Para a jornalista, as tentativas de Taylor Swift para encorajar os f\u00e3s a votarem tamb\u00e9m seriam outra evid\u00eancia de que a artista teria algum tipo de combinado com o governo dos EUA. Nas elei\u00e7\u00f5es presidenciais de 2018, a cantora fez disparar o registro de votos de jovens eleitores ap\u00f3s declarar apoio aos democratas.<\/p>\n<p>A porta-voz do Pent\u00e1gono, Sabrina Singh, respondeu e rebateu \u00e0s acusa\u00e7\u00f5es do jornalista de que Taylor trabalharia secretamente para o governo.<\/p>\n<p>Citando\u00a0<i>Shake It Off<\/i>, um dos hits de Taylor Swift, ela disse: &#8220;As for this conspiracy theory, we are going to shake it off.&#8221;<\/p>\n<p>Em tradu\u00e7\u00e3o livre: &#8220;Sobre essa teoria da conspira\u00e7\u00e3o, vamos ter que nos livrar dela.&#8221;<\/p>\n","protected":false},"excerpt":{"rendered":"<p>Por Reda\u00e7\u00e3o O Estado de S. Paulo O governo dos Estados Unidos rebateu a teoria do jornalista Jesse Watters, da Fox News, que acusou Taylor Swift de trabalhar secretamente para a Organiza\u00e7\u00e3o do Tratado do Atl\u00e2ntico Norte (Otan). Ele n\u00e3o tinha provas sobre isso. As informa\u00e7\u00f5es s\u00e3o do jornal\u00a0Politico. Ao questionar como a cantora de &hellip;<\/p>\n","protected":false},"author":1,"featured_media":2399,"comment_status":"closed","ping_status":"closed","sticky":false,"template":"","format":"standard","meta":{"footnotes":""},"categories":[25],"tags":[],"class_list":["post-2398","post","type-post","status-publish","format-standard","has-post-thumbnail","hentry","category-musica"],"yoast_head":"<!-- This site is optimized with the Yoast SEO plugin v27.4 - https:\/\/yoast.com\/product\/yoast-seo-wordpress\/ -->\n<title>Taylor Swift \u00e9 acusada de trabalhar secretamente para Otan; governo dos EUA nega - Transam\u00e9rica Mococa 93,3<\/title>\n<meta name=\"robots\" content=\"index, follow, max-snippet:-1, max-image-preview:large, max-video-preview:-1\" \/>\n<link rel=\"canonical\" href=\"https:\/\/transamerica93.com.br\/home\/taylor-swift-e-acusada-de-trabalhar-secretamente-para-otan-governo-dos-eua-nega\/\" \/>\n<meta property=\"og:locale\" content=\"pt_BR\" \/>\n<meta property=\"og:type\" content=\"article\" \/>\n<meta property=\"og:title\" content=\"Taylor Swift \u00e9 acusada de trabalhar secretamente para Otan; governo dos EUA nega - Transam\u00e9rica Mococa 93,3\" \/>\n<meta property=\"og:description\" content=\"Por Reda\u00e7\u00e3o O Estado de S. Paulo O governo dos Estados Unidos rebateu a teoria do jornalista Jesse Watters, da Fox News, que acusou Taylor Swift de trabalhar secretamente para a Organiza\u00e7\u00e3o do Tratado do Atl\u00e2ntico Norte (Otan). Ele n\u00e3o tinha provas sobre isso. As informa\u00e7\u00f5es s\u00e3o do jornal\u00a0Politico. Ao questionar como a cantora de &hellip;\" \/>\n<meta property=\"og:url\" content=\"https:\/\/transamerica93.com.br\/home\/taylor-swift-e-acusada-de-trabalhar-secretamente-para-otan-governo-dos-eua-nega\/\" \/>\n<meta property=\"og:site_name\" content=\"Transam\u00e9rica Mococa 93,3\" \/>\n<meta property=\"article:publisher\" content=\"https:\/\/www.facebook.com\/transamericamococa\" \/>\n<meta property=\"article:published_time\" content=\"2024-01-17T18:00:10+00:00\" \/>\n<meta property=\"og:image\" content=\"https:\/\/transamerica93.com.br\/home\/wp-content\/uploads\/2024\/01\/imagem-46.jpg\" \/>\n\t<meta property=\"og:image:width\" content=\"946\" \/>\n\t<meta property=\"og:image:height\" content=\"587\" \/>\n\t<meta property=\"og:image:type\" content=\"image\/jpeg\" \/>\n<meta name=\"author\" content=\"Reda\u00e7\u00e3o\" \/>\n<meta name=\"twitter:card\" content=\"summary_large_image\" \/>\n<meta name=\"twitter:creator\" content=\"@transamerica933\" \/>\n<meta name=\"twitter:site\" content=\"@transamerica933\" \/>\n<meta name=\"twitter:label1\" content=\"Escrito por\" \/>\n\t<meta name=\"twitter:data1\" content=\"Reda\u00e7\u00e3o\" \/>\n\t<meta name=\"twitter:label2\" content=\"Est. tempo de leitura\" \/>\n\t<meta name=\"twitter:data2\" content=\"2 minutos\" \/>\n<script type=\"application\/ld+json\" class=\"yoast-schema-graph\">{\"@context\":\"https:\\\/\\\/schema.org\",\"@graph\":[{\"@type\":\"Article\",\"@id\":\"https:\\\/\\\/transamerica93.com.br\\\/home\\\/taylor-swift-e-acusada-de-trabalhar-secretamente-para-otan-governo-dos-eua-nega\\\/#article\",\"isPartOf\":{\"@id\":\"https:\\\/\\\/transamerica93.com.br\\\/home\\\/taylor-swift-e-acusada-de-trabalhar-secretamente-para-otan-governo-dos-eua-nega\\\/\"},\"author\":{\"name\":\"Reda\u00e7\u00e3o\",\"@id\":\"https:\\\/\\\/transamerica93.com.br\\\/home\\\/#\\\/schema\\\/person\\\/7fed7c99c0d4562efa8561bc0f543172\"},\"headline\":\"Taylor Swift \u00e9 acusada de trabalhar secretamente para Otan; governo dos EUA nega\",\"datePublished\":\"2024-01-17T18:00:10+00:00\",\"mainEntityOfPage\":{\"@id\":\"https:\\\/\\\/transamerica93.com.br\\\/home\\\/taylor-swift-e-acusada-de-trabalhar-secretamente-para-otan-governo-dos-eua-nega\\\/\"},\"wordCount\":288,\"publisher\":{\"@id\":\"https:\\\/\\\/transamerica93.com.br\\\/home\\\/#organization\"},\"image\":{\"@id\":\"https:\\\/\\\/transamerica93.com.br\\\/home\\\/taylor-swift-e-acusada-de-trabalhar-secretamente-para-otan-governo-dos-eua-nega\\\/#primaryimage\"},\"thumbnailUrl\":\"https:\\\/\\\/transamerica93.com.br\\\/home\\\/wp-content\\\/uploads\\\/2024\\\/01\\\/imagem-46.jpg\",\"articleSection\":[\"M\u00fasica\"],\"inLanguage\":\"pt-BR\"},{\"@type\":\"WebPage\",\"@id\":\"https:\\\/\\\/transamerica93.com.br\\\/home\\\/taylor-swift-e-acusada-de-trabalhar-secretamente-para-otan-governo-dos-eua-nega\\\/\",\"url\":\"https:\\\/\\\/transamerica93.com.br\\\/home\\\/taylor-swift-e-acusada-de-trabalhar-secretamente-para-otan-governo-dos-eua-nega\\\/\",\"name\":\"Taylor Swift \u00e9 acusada de trabalhar secretamente para Otan; governo dos EUA nega - Transam\u00e9rica Mococa 93,3\",\"isPartOf\":{\"@id\":\"https:\\\/\\\/transamerica93.com.br\\\/home\\\/#website\"},\"primaryImageOfPage\":{\"@id\":\"https:\\\/\\\/transamerica93.com.br\\\/home\\\/taylor-swift-e-acusada-de-trabalhar-secretamente-para-otan-governo-dos-eua-nega\\\/#primaryimage\"},\"image\":{\"@id\":\"https:\\\/\\\/transamerica93.com.br\\\/home\\\/taylor-swift-e-acusada-de-trabalhar-secretamente-para-otan-governo-dos-eua-nega\\\/#primaryimage\"},\"thumbnailUrl\":\"https:\\\/\\\/transamerica93.com.br\\\/home\\\/wp-content\\\/uploads\\\/2024\\\/01\\\/imagem-46.jpg\",\"datePublished\":\"2024-01-17T18:00:10+00:00\",\"breadcrumb\":{\"@id\":\"https:\\\/\\\/transamerica93.com.br\\\/home\\\/taylor-swift-e-acusada-de-trabalhar-secretamente-para-otan-governo-dos-eua-nega\\\/#breadcrumb\"},\"inLanguage\":\"pt-BR\",\"potentialAction\":[{\"@type\":\"ReadAction\",\"target\":[\"https:\\\/\\\/transamerica93.com.br\\\/home\\\/taylor-swift-e-acusada-de-trabalhar-secretamente-para-otan-governo-dos-eua-nega\\\/\"]}]},{\"@type\":\"ImageObject\",\"inLanguage\":\"pt-BR\",\"@id\":\"https:\\\/\\\/transamerica93.com.br\\\/home\\\/taylor-swift-e-acusada-de-trabalhar-secretamente-para-otan-governo-dos-eua-nega\\\/#primaryimage\",\"url\":\"https:\\\/\\\/transamerica93.com.br\\\/home\\\/wp-content\\\/uploads\\\/2024\\\/01\\\/imagem-46.jpg\",\"contentUrl\":\"https:\\\/\\\/transamerica93.com.br\\\/home\\\/wp-content\\\/uploads\\\/2024\\\/01\\\/imagem-46.jpg\",\"width\":946,\"height\":587,\"caption\":\"Foto: Instagram @taylorswift\"},{\"@type\":\"BreadcrumbList\",\"@id\":\"https:\\\/\\\/transamerica93.com.br\\\/home\\\/taylor-swift-e-acusada-de-trabalhar-secretamente-para-otan-governo-dos-eua-nega\\\/#breadcrumb\",\"itemListElement\":[{\"@type\":\"ListItem\",\"position\":1,\"name\":\"In\u00edcio\",\"item\":\"https:\\\/\\\/transamerica93.com.br\\\/home\\\/\"},{\"@type\":\"ListItem\",\"position\":2,\"name\":\"Taylor Swift \u00e9 acusada de trabalhar secretamente para Otan; governo dos EUA nega\"}]},{\"@type\":\"WebSite\",\"@id\":\"https:\\\/\\\/transamerica93.com.br\\\/home\\\/#website\",\"url\":\"https:\\\/\\\/transamerica93.com.br\\\/home\\\/\",\"name\":\"Transam\u00e9rica Mococa 93,3\",\"description\":\"\",\"publisher\":{\"@id\":\"https:\\\/\\\/transamerica93.com.br\\\/home\\\/#organization\"},\"potentialAction\":[{\"@type\":\"SearchAction\",\"target\":{\"@type\":\"EntryPoint\",\"urlTemplate\":\"https:\\\/\\\/transamerica93.com.br\\\/home\\\/?s={search_term_string}\"},\"query-input\":{\"@type\":\"PropertyValueSpecification\",\"valueRequired\":true,\"valueName\":\"search_term_string\"}}],\"inLanguage\":\"pt-BR\"},{\"@type\":\"Organization\",\"@id\":\"https:\\\/\\\/transamerica93.com.br\\\/home\\\/#organization\",\"name\":\"Transam\u00e9rica Mococa 93,3\",\"url\":\"https:\\\/\\\/transamerica93.com.br\\\/home\\\/\",\"logo\":{\"@type\":\"ImageObject\",\"inLanguage\":\"pt-BR\",\"@id\":\"https:\\\/\\\/transamerica93.com.br\\\/home\\\/#\\\/schema\\\/logo\\\/image\\\/\",\"url\":\"https:\\\/\\\/transamerica93.com.br\\\/home\\\/wp-content\\\/uploads\\\/2023\\\/10\\\/logo2.png\",\"contentUrl\":\"https:\\\/\\\/transamerica93.com.br\\\/home\\\/wp-content\\\/uploads\\\/2023\\\/10\\\/logo2.png\",\"width\":800,\"height\":500,\"caption\":\"Transam\u00e9rica Mococa 93,3\"},\"image\":{\"@id\":\"https:\\\/\\\/transamerica93.com.br\\\/home\\\/#\\\/schema\\\/logo\\\/image\\\/\"},\"sameAs\":[\"https:\\\/\\\/www.facebook.com\\\/transamericamococa\",\"https:\\\/\\\/x.com\\\/transamerica933\",\"https:\\\/\\\/www.instagram.com\\\/transamericamococa\"]},{\"@type\":\"Person\",\"@id\":\"https:\\\/\\\/transamerica93.com.br\\\/home\\\/#\\\/schema\\\/person\\\/7fed7c99c0d4562efa8561bc0f543172\",\"name\":\"Reda\u00e7\u00e3o\",\"image\":{\"@type\":\"ImageObject\",\"inLanguage\":\"pt-BR\",\"@id\":\"https:\\\/\\\/secure.gravatar.com\\\/avatar\\\/1072c6b775fb02ef8506ce967551d95926669a6b7d2c2147b42eea4d7c68395e?s=96&d=mm&r=g\",\"url\":\"https:\\\/\\\/secure.gravatar.com\\\/avatar\\\/1072c6b775fb02ef8506ce967551d95926669a6b7d2c2147b42eea4d7c68395e?s=96&d=mm&r=g\",\"contentUrl\":\"https:\\\/\\\/secure.gravatar.com\\\/avatar\\\/1072c6b775fb02ef8506ce967551d95926669a6b7d2c2147b42eea4d7c68395e?s=96&d=mm&r=g\",\"caption\":\"Reda\u00e7\u00e3o\"},\"sameAs\":[\"https:\\\/\\\/transamerica93.com.br\\\/home\"],\"url\":\"https:\\\/\\\/transamerica93.com.br\\\/home\\\/author\\\/william\\\/\"}]}<\/script>\n<!-- \/ Yoast SEO plugin. -->","yoast_head_json":{"title":"Taylor Swift \u00e9 acusada de trabalhar secretamente para Otan; governo dos EUA nega - Transam\u00e9rica Mococa 93,3","robots":{"index":"index","follow":"follow","max-snippet":"max-snippet:-1","max-image-preview":"max-image-preview:large","max-video-preview":"max-video-preview:-1"},"canonical":"https:\/\/transamerica93.com.br\/home\/taylor-swift-e-acusada-de-trabalhar-secretamente-para-otan-governo-dos-eua-nega\/","og_locale":"pt_BR","og_type":"article","og_title":"Taylor Swift \u00e9 acusada de trabalhar secretamente para Otan; governo dos EUA nega - Transam\u00e9rica Mococa 93,3","og_description":"Por Reda\u00e7\u00e3o O Estado de S. Paulo O governo dos Estados Unidos rebateu a teoria do jornalista Jesse Watters, da Fox News, que acusou Taylor Swift de trabalhar secretamente para a Organiza\u00e7\u00e3o do Tratado do Atl\u00e2ntico Norte (Otan). Ele n\u00e3o tinha provas sobre isso. As informa\u00e7\u00f5es s\u00e3o do jornal\u00a0Politico. Ao questionar como a cantora de &hellip;","og_url":"https:\/\/transamerica93.com.br\/home\/taylor-swift-e-acusada-de-trabalhar-secretamente-para-otan-governo-dos-eua-nega\/","og_site_name":"Transam\u00e9rica Mococa 93,3","article_publisher":"https:\/\/www.facebook.com\/transamericamococa","article_published_time":"2024-01-17T18:00:10+00:00","og_image":[{"width":946,"height":587,"url":"https:\/\/transamerica93.com.br\/home\/wp-content\/uploads\/2024\/01\/imagem-46.jpg","type":"image\/jpeg"}],"author":"Reda\u00e7\u00e3o","twitter_card":"summary_large_image","twitter_creator":"@transamerica933","twitter_site":"@transamerica933","twitter_misc":{"Escrito por":"Reda\u00e7\u00e3o","Est. tempo de leitura":"2 minutos"},"schema":{"@context":"https:\/\/schema.org","@graph":[{"@type":"Article","@id":"https:\/\/transamerica93.com.br\/home\/taylor-swift-e-acusada-de-trabalhar-secretamente-para-otan-governo-dos-eua-nega\/#article","isPartOf":{"@id":"https:\/\/transamerica93.com.br\/home\/taylor-swift-e-acusada-de-trabalhar-secretamente-para-otan-governo-dos-eua-nega\/"},"author":{"name":"Reda\u00e7\u00e3o","@id":"https:\/\/transamerica93.com.br\/home\/#\/schema\/person\/7fed7c99c0d4562efa8561bc0f543172"},"headline":"Taylor Swift \u00e9 acusada de trabalhar secretamente para Otan; governo dos EUA nega","datePublished":"2024-01-17T18:00:10+00:00","mainEntityOfPage":{"@id":"https:\/\/transamerica93.com.br\/home\/taylor-swift-e-acusada-de-trabalhar-secretamente-para-otan-governo-dos-eua-nega\/"},"wordCount":288,"publisher":{"@id":"https:\/\/transamerica93.com.br\/home\/#organization"},"image":{"@id":"https:\/\/transamerica93.com.br\/home\/taylor-swift-e-acusada-de-trabalhar-secretamente-para-otan-governo-dos-eua-nega\/#primaryimage"},"thumbnailUrl":"https:\/\/transamerica93.com.br\/home\/wp-content\/uploads\/2024\/01\/imagem-46.jpg","articleSection":["M\u00fasica"],"inLanguage":"pt-BR"},{"@type":"WebPage","@id":"https:\/\/transamerica93.com.br\/home\/taylor-swift-e-acusada-de-trabalhar-secretamente-para-otan-governo-dos-eua-nega\/","url":"https:\/\/transamerica93.com.br\/home\/taylor-swift-e-acusada-de-trabalhar-secretamente-para-otan-governo-dos-eua-nega\/","name":"Taylor Swift \u00e9 acusada de trabalhar secretamente para Otan; governo dos EUA nega - Transam\u00e9rica Mococa 93,3","isPartOf":{"@id":"https:\/\/transamerica93.com.br\/home\/#website"},"primaryImageOfPage":{"@id":"https:\/\/transamerica93.com.br\/home\/taylor-swift-e-acusada-de-trabalhar-secretamente-para-otan-governo-dos-eua-nega\/#primaryimage"},"image":{"@id":"https:\/\/transamerica93.com.br\/home\/taylor-swift-e-acusada-de-trabalhar-secretamente-para-otan-governo-dos-eua-nega\/#primaryimage"},"thumbnailUrl":"https:\/\/transamerica93.com.br\/home\/wp-content\/uploads\/2024\/01\/imagem-46.jpg","datePublished":"2024-01-17T18:00:10+00:00","breadcrumb":{"@id":"https:\/\/transamerica93.com.br\/home\/taylor-swift-e-acusada-de-trabalhar-secretamente-para-otan-governo-dos-eua-nega\/#breadcrumb"},"inLanguage":"pt-BR","potentialAction":[{"@type":"ReadAction","target":["https:\/\/transamerica93.com.br\/home\/taylor-swift-e-acusada-de-trabalhar-secretamente-para-otan-governo-dos-eua-nega\/"]}]},{"@type":"ImageObject","inLanguage":"pt-BR","@id":"https:\/\/transamerica93.com.br\/home\/taylor-swift-e-acusada-de-trabalhar-secretamente-para-otan-governo-dos-eua-nega\/#primaryimage","url":"https:\/\/transamerica93.com.br\/home\/wp-content\/uploads\/2024\/01\/imagem-46.jpg","contentUrl":"https:\/\/transamerica93.com.br\/home\/wp-content\/uploads\/2024\/01\/imagem-46.jpg","width":946,"height":587,"caption":"Foto: Instagram @taylorswift"},{"@type":"BreadcrumbList","@id":"https:\/\/transamerica93.com.br\/home\/taylor-swift-e-acusada-de-trabalhar-secretamente-para-otan-governo-dos-eua-nega\/#breadcrumb","itemListElement":[{"@type":"ListItem","position":1,"name":"In\u00edcio","item":"https:\/\/transamerica93.com.br\/home\/"},{"@type":"ListItem","position":2,"name":"Taylor Swift \u00e9 acusada de trabalhar secretamente para Otan; governo dos EUA nega"}]},{"@type":"WebSite","@id":"https:\/\/transamerica93.com.br\/home\/#website","url":"https:\/\/transamerica93.com.br\/home\/","name":"Transam\u00e9rica Mococa 93,3","description":"","publisher":{"@id":"https:\/\/transamerica93.com.br\/home\/#organization"},"potentialAction":[{"@type":"SearchAction","target":{"@type":"EntryPoint","urlTemplate":"https:\/\/transamerica93.com.br\/home\/?s={search_term_string}"},"query-input":{"@type":"PropertyValueSpecification","valueRequired":true,"valueName":"search_term_string"}}],"inLanguage":"pt-BR"},{"@type":"Organization","@id":"https:\/\/transamerica93.com.br\/home\/#organization","name":"Transam\u00e9rica Mococa 93,3","url":"https:\/\/transamerica93.com.br\/home\/","logo":{"@type":"ImageObject","inLanguage":"pt-BR","@id":"https:\/\/transamerica93.com.br\/home\/#\/schema\/logo\/image\/","url":"https:\/\/transamerica93.com.br\/home\/wp-content\/uploads\/2023\/10\/logo2.png","contentUrl":"https:\/\/transamerica93.com.br\/home\/wp-content\/uploads\/2023\/10\/logo2.png","width":800,"height":500,"caption":"Transam\u00e9rica Mococa 93,3"},"image":{"@id":"https:\/\/transamerica93.com.br\/home\/#\/schema\/logo\/image\/"},"sameAs":["https:\/\/www.facebook.com\/transamericamococa","https:\/\/x.com\/transamerica933","https:\/\/www.instagram.com\/transamericamococa"]},{"@type":"Person","@id":"https:\/\/transamerica93.com.br\/home\/#\/schema\/person\/7fed7c99c0d4562efa8561bc0f543172","name":"Reda\u00e7\u00e3o","image":{"@type":"ImageObject","inLanguage":"pt-BR","@id":"https:\/\/secure.gravatar.com\/avatar\/1072c6b775fb02ef8506ce967551d95926669a6b7d2c2147b42eea4d7c68395e?s=96&d=mm&r=g","url":"https:\/\/secure.gravatar.com\/avatar\/1072c6b775fb02ef8506ce967551d95926669a6b7d2c2147b42eea4d7c68395e?s=96&d=mm&r=g","contentUrl":"https:\/\/secure.gravatar.com\/avatar\/1072c6b775fb02ef8506ce967551d95926669a6b7d2c2147b42eea4d7c68395e?s=96&d=mm&r=g","caption":"Reda\u00e7\u00e3o"},"sameAs":["https:\/\/transamerica93.com.br\/home"],"url":"https:\/\/transamerica93.com.br\/home\/author\/william\/"}]}},"_links":{"self":[{"href":"https:\/\/transamerica93.com.br\/home\/wp-json\/wp\/v2\/posts\/2398","targetHints":{"allow":["GET"]}}],"collection":[{"href":"https:\/\/transamerica93.com.br\/home\/wp-json\/wp\/v2\/posts"}],"about":[{"href":"https:\/\/transamerica93.com.br\/home\/wp-json\/wp\/v2\/types\/post"}],"author":[{"embeddable":true,"href":"https:\/\/transamerica93.com.br\/home\/wp-json\/wp\/v2\/users\/1"}],"replies":[{"embeddable":true,"href":"https:\/\/transamerica93.com.br\/home\/wp-json\/wp\/v2\/comments?post=2398"}],"version-history":[{"count":1,"href":"https:\/\/transamerica93.com.br\/home\/wp-json\/wp\/v2\/posts\/2398\/revisions"}],"predecessor-version":[{"id":2400,"href":"https:\/\/transamerica93.com.br\/home\/wp-json\/wp\/v2\/posts\/2398\/revisions\/2400"}],"wp:featuredmedia":[{"embeddable":true,"href":"https:\/\/transamerica93.com.br\/home\/wp-json\/wp\/v2\/media\/2399"}],"wp:attachment":[{"href":"https:\/\/transamerica93.com.br\/home\/wp-json\/wp\/v2\/media?parent=2398"}],"wp:term":[{"taxonomy":"category","embeddable":true,"href":"https:\/\/transamerica93.com.br\/home\/wp-json\/wp\/v2\/categories?post=2398"},{"taxonomy":"post_tag","embeddable":true,"href":"https:\/\/transamerica93.com.br\/home\/wp-json\/wp\/v2\/tags?post=2398"}],"curies":[{"name":"wp","href":"https:\/\/api.w.org\/{rel}","templated":true}]}}