{"id":2401,"date":"2024-01-18T15:00:33","date_gmt":"2024-01-18T18:00:33","guid":{"rendered":"https:\/\/transamerica93.com.br\/home\/?p=2401"},"modified":"2024-01-15T02:10:49","modified_gmt":"2024-01-15T05:10:49","slug":"manu-gavassi-acerta-alvo-com-tom-confessional","status":"publish","type":"post","link":"https:\/\/transamerica93.com.br\/home\/manu-gavassi-acerta-alvo-com-tom-confessional\/","title":{"rendered":"Manu Gavassi acerta alvo com tom confessional"},"content":{"rendered":"<h6 class=\"Assina\">Por Damy coelho<\/h6>\n<p>Manu Gavassi come\u00e7ou seu atual projeto tentando lan\u00e7ar um olhar supostamente profundo sobre a ind\u00fastria pop, mas acabou indo mais fundo em outro objeto espec\u00edfico, sua especialidade: a pr\u00f3pria Manu Gavassi. O tom confessional caiu melhor do que a cr\u00edtica cultural.<\/p>\n<p>A cantora lan\u00e7ou o \u00faltimo v\u00eddeo da s\u00e9rie de projetos audiovisuais iniciada em dezembro, com Programa de Prote\u00e7\u00e3o \u00e0 Carreira Art\u00edstica, que prenunciou tr\u00eas can\u00e7\u00f5es: Pronta pra Desagradar; Sexo, Poder e Arte e a mais recente, 31. A faixa foi lan\u00e7ada no dia de seu anivers\u00e1rio de 31 anos e ganhou um clipe em plano-sequ\u00eancia dirigido pela artista em parceria com Gabriel Dietrich. Os v\u00eddeos foram idealizados em seu espa\u00e7o de cria\u00e7\u00e3o, o Est\u00fadio Gracinha.<\/p>\n<p>Em Sexo, Poder e Arte e Pronta pra Desagradar, a qualidade da produ\u00e7\u00e3o audiovisual \u00e9 o destaque. Os v\u00eddeos, no formato de curta, t\u00eam mais de 10 minutos e contam com atua\u00e7\u00f5es que v\u00e3o de Let\u00edcia Colin e Pathy DeJesus a Tim Bernardes e Pitty.<\/p>\n<p>Faixa 31, por\u00e9m, firma-se como o lan\u00e7amento mais interessante dessa s\u00e9rie, pois \u00e9 quando Manu trabalha mais o tom confessional, sua especialidade. Isso \u00e9 percept\u00edvel desde o clipe, mais intimista que os demais.<\/p>\n<p>Ao avaliar a chegada aos 31 anos, Manu acerta nas singelezas: &#8220;J\u00e1 quis estar com todo mundo, hoje quero estar com os meus \/ E pro orgulho de quem me criou, meu cora\u00e7\u00e3o me protegeu&#8221;. O ponto alto da letra \u00e9 quando ela se despe de suas influ\u00eancias est\u00e9ticas &#8211; o tal &#8220;conceito&#8221; &#8211; e se mostra como \u00e9.<\/p>\n<p><b>Pop teen<\/b><\/p>\n<p>A cantora, vale lembrar, cravou seu espa\u00e7o no pop teen brasileiro nos anos 2000. \u00c0 \u00e9poca, quando tocava viol\u00e3o com looks boho chic, foi comparada com Sandy pelo timbre e pelas letras rom\u00e2nticas e juvenis. A compara\u00e7\u00e3o, por\u00e9m, n\u00e3o parecia justa a Manu, que desde sempre foi compositora das pr\u00f3prias hist\u00f3rias.<\/p>\n<p>Seguindo os passos de Taylor Swift &#8211; de quem \u00e9 f\u00e3 -, a cantora encontrou-se nas letras confessionais, como um di\u00e1rio que mostra suas paix\u00f5es e desilus\u00f5es a um p\u00fablico que entende sua l\u00edngua. Faixas como Farsa, de 2015, que f\u00e3s consideram uma indireta ao ex, o ator Chay Suede, se destacam nesse tom.<\/p>\n<p>Em 31, ela reflete sobre si mesma, sobre a nostalgia da gera\u00e7\u00e3o millennial e a dualidade em que vivem os jovens adultos, entre apostar no presente ou alimentar-se do pr\u00f3prio passado, como nos versos: &#8220;\u00c9 que eu nasci no tempo errado, t\u00f4 presa no agora&#8221;. No mesmo jogo, faz refer\u00eancias ao pr\u00f3prio passado e suas &#8220;eras&#8221;, como a presen\u00e7a no BBB e a suas letras, como em 23, lan\u00e7ada em 2017.<\/p>\n<p>Can\u00e7\u00e3o 31 escorrega quando escancara inspira\u00e7\u00f5es j\u00e1 conhecidas &#8211; como a pr\u00f3pria Taylor Swift (&#8220;matei todas as minhas vers\u00f5es antes que elas me matassem&#8221;, como em Look What You Made Me Do) ou Rita Lee (&#8220;Eu andava meio desligada, finalmente acordei&#8221;, em men\u00e7\u00e3o \u00e0 can\u00e7\u00e3o dos Mutantes).<\/p>\n<p>O v\u00eddeo Programa de Prote\u00e7\u00e3o \u00e0 Carreira Art\u00edstica, primeiro dessa s\u00e9rie audiovisual, foi o que teve mais repercuss\u00e3o. O roteiro mostra a cantora tentando voltar \u00e0 carreira com ajuda de uma vers\u00e3o automatizada de si mesma. A cr\u00edtica n\u00e3o poderia ser mais estelar (Anitta chamou de &#8220;sensacional&#8221;, Duda Beat mandou um &#8220;muito bom, estou rindo e chorando&#8221;, Bruna Marquezine disse que &#8220;gostava muito do c\u00e9rebro&#8221; da cantora). De modo geral, o clipe agradou a quem est\u00e1 inserido no mercado pop e vestiu a carapu\u00e7a.<\/p>\n<p>Na legenda que divulga o v\u00eddeo, Manu anuncia a s\u00e9rie Severance (Ruptura) como refer\u00eancia &#8211; o que \u00e9 percept\u00edvel, do roteiro ao cen\u00e1rio. Por isso, quem acompanhou a \u00f3tima produ\u00e7\u00e3o da Apple TV pode n\u00e3o ter visto tanta genialidade no v\u00eddeo da cantora. O problema est\u00e1 a\u00ed: fica dif\u00edcil reconhecer a ess\u00eancia do artista no meio de tantas refer\u00eancias que ela &#8211; e outros nomes pop &#8211; ostenta.<\/p>\n<p><b>Clich\u00eas<\/b><\/p>\n<p>Manu faz cr\u00edticas clich\u00eas \u00e0 ind\u00fastria da m\u00fasica, ao apontar, por exemplo, que as pol\u00eamicas s\u00e3o importantes para o sucesso &#8211; o que j\u00e1 se sabe desde Emilinha Borba e Marlene a Britney Spears.<\/p>\n<p>\u00c9 ir\u00f4nico a cantora &#8211; que ganhou visibilidade nacional com o BBB, tem milh\u00f5es de seguidores e publica posts com parcerias pagas &#8211; criticar a ind\u00fastria usando um modus operandi que engaja Outras reflex\u00f5es nessa toada poderiam ser aprofundadas, como a multifuncionalidade exigida para artistas sem dinheiro e uma grande equipe, que precisam negligenciar o processo criativo para se dedicar \u00e0s fun\u00e7\u00f5es de empres\u00e1rio, produtor e social media para bancar suas carreiras.<\/p>\n<p>Mesmo recebendo elogios, Manu precisou lidar com cr\u00edticas vindas do p\u00fablico. Em dezembro, ela rebateu um seguidor que considerava suas letras &#8220;infantis&#8221;. O coment\u00e1rio veio no lan\u00e7amento de Pronta pra Desagradar, que tem versos como: &#8220;Sotaque paulistano n\u00e3o se monetiza \/ O Brasil \u00e9 muito vasto e eu, muito Mona Lisa&#8221;. Manu respondeu: &#8220;\u00c9 porque mulher, quando n\u00e3o se mostra sexy, acaba sendo julgada como infantil&#8221;, sem considerar que, nesses casos, deve ser assim mesmo que o p\u00fablico a enxergue, independentemente de apelar ou n\u00e3o para a sensualidade.<\/p>\n<p>Talvez por isso, tenha decidido dedicar sua melhor sacada para quem &#8220;\u00e9 f\u00e3 meeeesmo&#8221;(segundo suas pr\u00f3prias palavras no post de divulga\u00e7\u00e3o de 31). \u00c9 quando aposta em sua autenticidade confessional que Manu Gavassi acerta o alvo. A ver qual ser\u00e1 o legado deste 31 para sua carreira.<\/p>\n<p>As informa\u00e7\u00f5es s\u00e3o do jornal\u00a0<b>O Estado de S. Paulo.<\/b><\/p>\n","protected":false},"excerpt":{"rendered":"<p>Por Damy coelho Manu Gavassi come\u00e7ou seu atual projeto tentando lan\u00e7ar um olhar supostamente profundo sobre a ind\u00fastria pop, mas acabou indo mais fundo em outro objeto espec\u00edfico, sua especialidade: a pr\u00f3pria Manu Gavassi. O tom confessional caiu melhor do que a cr\u00edtica cultural. A cantora lan\u00e7ou o \u00faltimo v\u00eddeo da s\u00e9rie de projetos audiovisuais &hellip;<\/p>\n","protected":false},"author":1,"featured_media":2402,"comment_status":"closed","ping_status":"closed","sticky":false,"template":"","format":"standard","meta":{"footnotes":""},"categories":[25],"tags":[],"class_list":["post-2401","post","type-post","status-publish","format-standard","has-post-thumbnail","hentry","category-musica"],"yoast_head":"<!-- This site is optimized with the Yoast SEO plugin v27.4 - https:\/\/yoast.com\/product\/yoast-seo-wordpress\/ -->\n<title>Manu Gavassi acerta alvo com tom confessional - Transam\u00e9rica Mococa 93,3<\/title>\n<meta name=\"robots\" content=\"index, follow, max-snippet:-1, max-image-preview:large, max-video-preview:-1\" \/>\n<link rel=\"canonical\" href=\"https:\/\/transamerica93.com.br\/home\/manu-gavassi-acerta-alvo-com-tom-confessional\/\" \/>\n<meta property=\"og:locale\" content=\"pt_BR\" \/>\n<meta property=\"og:type\" content=\"article\" \/>\n<meta property=\"og:title\" content=\"Manu Gavassi acerta alvo com tom confessional - Transam\u00e9rica Mococa 93,3\" \/>\n<meta property=\"og:description\" content=\"Por Damy coelho Manu Gavassi come\u00e7ou seu atual projeto tentando lan\u00e7ar um olhar supostamente profundo sobre a ind\u00fastria pop, mas acabou indo mais fundo em outro objeto espec\u00edfico, sua especialidade: a pr\u00f3pria Manu Gavassi. O tom confessional caiu melhor do que a cr\u00edtica cultural. A cantora lan\u00e7ou o \u00faltimo v\u00eddeo da s\u00e9rie de projetos audiovisuais &hellip;\" \/>\n<meta property=\"og:url\" content=\"https:\/\/transamerica93.com.br\/home\/manu-gavassi-acerta-alvo-com-tom-confessional\/\" \/>\n<meta property=\"og:site_name\" content=\"Transam\u00e9rica Mococa 93,3\" \/>\n<meta property=\"article:publisher\" content=\"https:\/\/www.facebook.com\/transamericamococa\" \/>\n<meta property=\"article:published_time\" content=\"2024-01-18T18:00:33+00:00\" \/>\n<meta property=\"og:image\" content=\"https:\/\/transamerica93.com.br\/home\/wp-content\/uploads\/2024\/01\/imagem-47.jpg\" \/>\n\t<meta property=\"og:image:width\" content=\"756\" \/>\n\t<meta property=\"og:image:height\" content=\"489\" \/>\n\t<meta property=\"og:image:type\" content=\"image\/jpeg\" \/>\n<meta name=\"author\" content=\"Reda\u00e7\u00e3o\" \/>\n<meta name=\"twitter:card\" content=\"summary_large_image\" \/>\n<meta name=\"twitter:creator\" content=\"@transamerica933\" \/>\n<meta name=\"twitter:site\" content=\"@transamerica933\" \/>\n<meta name=\"twitter:label1\" content=\"Escrito por\" \/>\n\t<meta name=\"twitter:data1\" content=\"Reda\u00e7\u00e3o\" \/>\n\t<meta name=\"twitter:label2\" content=\"Est. tempo de leitura\" \/>\n\t<meta name=\"twitter:data2\" content=\"6 minutos\" \/>\n<script type=\"application\/ld+json\" class=\"yoast-schema-graph\">{\"@context\":\"https:\\\/\\\/schema.org\",\"@graph\":[{\"@type\":\"Article\",\"@id\":\"https:\\\/\\\/transamerica93.com.br\\\/home\\\/manu-gavassi-acerta-alvo-com-tom-confessional\\\/#article\",\"isPartOf\":{\"@id\":\"https:\\\/\\\/transamerica93.com.br\\\/home\\\/manu-gavassi-acerta-alvo-com-tom-confessional\\\/\"},\"author\":{\"name\":\"Reda\u00e7\u00e3o\",\"@id\":\"https:\\\/\\\/transamerica93.com.br\\\/home\\\/#\\\/schema\\\/person\\\/7fed7c99c0d4562efa8561bc0f543172\"},\"headline\":\"Manu Gavassi acerta alvo com tom confessional\",\"datePublished\":\"2024-01-18T18:00:33+00:00\",\"mainEntityOfPage\":{\"@id\":\"https:\\\/\\\/transamerica93.com.br\\\/home\\\/manu-gavassi-acerta-alvo-com-tom-confessional\\\/\"},\"wordCount\":964,\"publisher\":{\"@id\":\"https:\\\/\\\/transamerica93.com.br\\\/home\\\/#organization\"},\"image\":{\"@id\":\"https:\\\/\\\/transamerica93.com.br\\\/home\\\/manu-gavassi-acerta-alvo-com-tom-confessional\\\/#primaryimage\"},\"thumbnailUrl\":\"https:\\\/\\\/transamerica93.com.br\\\/home\\\/wp-content\\\/uploads\\\/2024\\\/01\\\/imagem-47.jpg\",\"articleSection\":[\"M\u00fasica\"],\"inLanguage\":\"pt-BR\"},{\"@type\":\"WebPage\",\"@id\":\"https:\\\/\\\/transamerica93.com.br\\\/home\\\/manu-gavassi-acerta-alvo-com-tom-confessional\\\/\",\"url\":\"https:\\\/\\\/transamerica93.com.br\\\/home\\\/manu-gavassi-acerta-alvo-com-tom-confessional\\\/\",\"name\":\"Manu Gavassi acerta alvo com tom confessional - Transam\u00e9rica Mococa 93,3\",\"isPartOf\":{\"@id\":\"https:\\\/\\\/transamerica93.com.br\\\/home\\\/#website\"},\"primaryImageOfPage\":{\"@id\":\"https:\\\/\\\/transamerica93.com.br\\\/home\\\/manu-gavassi-acerta-alvo-com-tom-confessional\\\/#primaryimage\"},\"image\":{\"@id\":\"https:\\\/\\\/transamerica93.com.br\\\/home\\\/manu-gavassi-acerta-alvo-com-tom-confessional\\\/#primaryimage\"},\"thumbnailUrl\":\"https:\\\/\\\/transamerica93.com.br\\\/home\\\/wp-content\\\/uploads\\\/2024\\\/01\\\/imagem-47.jpg\",\"datePublished\":\"2024-01-18T18:00:33+00:00\",\"breadcrumb\":{\"@id\":\"https:\\\/\\\/transamerica93.com.br\\\/home\\\/manu-gavassi-acerta-alvo-com-tom-confessional\\\/#breadcrumb\"},\"inLanguage\":\"pt-BR\",\"potentialAction\":[{\"@type\":\"ReadAction\",\"target\":[\"https:\\\/\\\/transamerica93.com.br\\\/home\\\/manu-gavassi-acerta-alvo-com-tom-confessional\\\/\"]}]},{\"@type\":\"ImageObject\",\"inLanguage\":\"pt-BR\",\"@id\":\"https:\\\/\\\/transamerica93.com.br\\\/home\\\/manu-gavassi-acerta-alvo-com-tom-confessional\\\/#primaryimage\",\"url\":\"https:\\\/\\\/transamerica93.com.br\\\/home\\\/wp-content\\\/uploads\\\/2024\\\/01\\\/imagem-47.jpg\",\"contentUrl\":\"https:\\\/\\\/transamerica93.com.br\\\/home\\\/wp-content\\\/uploads\\\/2024\\\/01\\\/imagem-47.jpg\",\"width\":756,\"height\":489,\"caption\":\"Foto: Instagram @manugavassi\"},{\"@type\":\"BreadcrumbList\",\"@id\":\"https:\\\/\\\/transamerica93.com.br\\\/home\\\/manu-gavassi-acerta-alvo-com-tom-confessional\\\/#breadcrumb\",\"itemListElement\":[{\"@type\":\"ListItem\",\"position\":1,\"name\":\"In\u00edcio\",\"item\":\"https:\\\/\\\/transamerica93.com.br\\\/home\\\/\"},{\"@type\":\"ListItem\",\"position\":2,\"name\":\"Manu Gavassi acerta alvo com tom confessional\"}]},{\"@type\":\"WebSite\",\"@id\":\"https:\\\/\\\/transamerica93.com.br\\\/home\\\/#website\",\"url\":\"https:\\\/\\\/transamerica93.com.br\\\/home\\\/\",\"name\":\"Transam\u00e9rica Mococa 93,3\",\"description\":\"\",\"publisher\":{\"@id\":\"https:\\\/\\\/transamerica93.com.br\\\/home\\\/#organization\"},\"potentialAction\":[{\"@type\":\"SearchAction\",\"target\":{\"@type\":\"EntryPoint\",\"urlTemplate\":\"https:\\\/\\\/transamerica93.com.br\\\/home\\\/?s={search_term_string}\"},\"query-input\":{\"@type\":\"PropertyValueSpecification\",\"valueRequired\":true,\"valueName\":\"search_term_string\"}}],\"inLanguage\":\"pt-BR\"},{\"@type\":\"Organization\",\"@id\":\"https:\\\/\\\/transamerica93.com.br\\\/home\\\/#organization\",\"name\":\"Transam\u00e9rica Mococa 93,3\",\"url\":\"https:\\\/\\\/transamerica93.com.br\\\/home\\\/\",\"logo\":{\"@type\":\"ImageObject\",\"inLanguage\":\"pt-BR\",\"@id\":\"https:\\\/\\\/transamerica93.com.br\\\/home\\\/#\\\/schema\\\/logo\\\/image\\\/\",\"url\":\"https:\\\/\\\/transamerica93.com.br\\\/home\\\/wp-content\\\/uploads\\\/2023\\\/10\\\/logo2.png\",\"contentUrl\":\"https:\\\/\\\/transamerica93.com.br\\\/home\\\/wp-content\\\/uploads\\\/2023\\\/10\\\/logo2.png\",\"width\":800,\"height\":500,\"caption\":\"Transam\u00e9rica Mococa 93,3\"},\"image\":{\"@id\":\"https:\\\/\\\/transamerica93.com.br\\\/home\\\/#\\\/schema\\\/logo\\\/image\\\/\"},\"sameAs\":[\"https:\\\/\\\/www.facebook.com\\\/transamericamococa\",\"https:\\\/\\\/x.com\\\/transamerica933\",\"https:\\\/\\\/www.instagram.com\\\/transamericamococa\"]},{\"@type\":\"Person\",\"@id\":\"https:\\\/\\\/transamerica93.com.br\\\/home\\\/#\\\/schema\\\/person\\\/7fed7c99c0d4562efa8561bc0f543172\",\"name\":\"Reda\u00e7\u00e3o\",\"image\":{\"@type\":\"ImageObject\",\"inLanguage\":\"pt-BR\",\"@id\":\"https:\\\/\\\/secure.gravatar.com\\\/avatar\\\/1072c6b775fb02ef8506ce967551d95926669a6b7d2c2147b42eea4d7c68395e?s=96&d=mm&r=g\",\"url\":\"https:\\\/\\\/secure.gravatar.com\\\/avatar\\\/1072c6b775fb02ef8506ce967551d95926669a6b7d2c2147b42eea4d7c68395e?s=96&d=mm&r=g\",\"contentUrl\":\"https:\\\/\\\/secure.gravatar.com\\\/avatar\\\/1072c6b775fb02ef8506ce967551d95926669a6b7d2c2147b42eea4d7c68395e?s=96&d=mm&r=g\",\"caption\":\"Reda\u00e7\u00e3o\"},\"sameAs\":[\"https:\\\/\\\/transamerica93.com.br\\\/home\"],\"url\":\"https:\\\/\\\/transamerica93.com.br\\\/home\\\/author\\\/william\\\/\"}]}<\/script>\n<!-- \/ Yoast SEO plugin. -->","yoast_head_json":{"title":"Manu Gavassi acerta alvo com tom confessional - Transam\u00e9rica Mococa 93,3","robots":{"index":"index","follow":"follow","max-snippet":"max-snippet:-1","max-image-preview":"max-image-preview:large","max-video-preview":"max-video-preview:-1"},"canonical":"https:\/\/transamerica93.com.br\/home\/manu-gavassi-acerta-alvo-com-tom-confessional\/","og_locale":"pt_BR","og_type":"article","og_title":"Manu Gavassi acerta alvo com tom confessional - Transam\u00e9rica Mococa 93,3","og_description":"Por Damy coelho Manu Gavassi come\u00e7ou seu atual projeto tentando lan\u00e7ar um olhar supostamente profundo sobre a ind\u00fastria pop, mas acabou indo mais fundo em outro objeto espec\u00edfico, sua especialidade: a pr\u00f3pria Manu Gavassi. O tom confessional caiu melhor do que a cr\u00edtica cultural. A cantora lan\u00e7ou o \u00faltimo v\u00eddeo da s\u00e9rie de projetos audiovisuais &hellip;","og_url":"https:\/\/transamerica93.com.br\/home\/manu-gavassi-acerta-alvo-com-tom-confessional\/","og_site_name":"Transam\u00e9rica Mococa 93,3","article_publisher":"https:\/\/www.facebook.com\/transamericamococa","article_published_time":"2024-01-18T18:00:33+00:00","og_image":[{"width":756,"height":489,"url":"https:\/\/transamerica93.com.br\/home\/wp-content\/uploads\/2024\/01\/imagem-47.jpg","type":"image\/jpeg"}],"author":"Reda\u00e7\u00e3o","twitter_card":"summary_large_image","twitter_creator":"@transamerica933","twitter_site":"@transamerica933","twitter_misc":{"Escrito por":"Reda\u00e7\u00e3o","Est. tempo de leitura":"6 minutos"},"schema":{"@context":"https:\/\/schema.org","@graph":[{"@type":"Article","@id":"https:\/\/transamerica93.com.br\/home\/manu-gavassi-acerta-alvo-com-tom-confessional\/#article","isPartOf":{"@id":"https:\/\/transamerica93.com.br\/home\/manu-gavassi-acerta-alvo-com-tom-confessional\/"},"author":{"name":"Reda\u00e7\u00e3o","@id":"https:\/\/transamerica93.com.br\/home\/#\/schema\/person\/7fed7c99c0d4562efa8561bc0f543172"},"headline":"Manu Gavassi acerta alvo com tom confessional","datePublished":"2024-01-18T18:00:33+00:00","mainEntityOfPage":{"@id":"https:\/\/transamerica93.com.br\/home\/manu-gavassi-acerta-alvo-com-tom-confessional\/"},"wordCount":964,"publisher":{"@id":"https:\/\/transamerica93.com.br\/home\/#organization"},"image":{"@id":"https:\/\/transamerica93.com.br\/home\/manu-gavassi-acerta-alvo-com-tom-confessional\/#primaryimage"},"thumbnailUrl":"https:\/\/transamerica93.com.br\/home\/wp-content\/uploads\/2024\/01\/imagem-47.jpg","articleSection":["M\u00fasica"],"inLanguage":"pt-BR"},{"@type":"WebPage","@id":"https:\/\/transamerica93.com.br\/home\/manu-gavassi-acerta-alvo-com-tom-confessional\/","url":"https:\/\/transamerica93.com.br\/home\/manu-gavassi-acerta-alvo-com-tom-confessional\/","name":"Manu Gavassi acerta alvo com tom confessional - Transam\u00e9rica Mococa 93,3","isPartOf":{"@id":"https:\/\/transamerica93.com.br\/home\/#website"},"primaryImageOfPage":{"@id":"https:\/\/transamerica93.com.br\/home\/manu-gavassi-acerta-alvo-com-tom-confessional\/#primaryimage"},"image":{"@id":"https:\/\/transamerica93.com.br\/home\/manu-gavassi-acerta-alvo-com-tom-confessional\/#primaryimage"},"thumbnailUrl":"https:\/\/transamerica93.com.br\/home\/wp-content\/uploads\/2024\/01\/imagem-47.jpg","datePublished":"2024-01-18T18:00:33+00:00","breadcrumb":{"@id":"https:\/\/transamerica93.com.br\/home\/manu-gavassi-acerta-alvo-com-tom-confessional\/#breadcrumb"},"inLanguage":"pt-BR","potentialAction":[{"@type":"ReadAction","target":["https:\/\/transamerica93.com.br\/home\/manu-gavassi-acerta-alvo-com-tom-confessional\/"]}]},{"@type":"ImageObject","inLanguage":"pt-BR","@id":"https:\/\/transamerica93.com.br\/home\/manu-gavassi-acerta-alvo-com-tom-confessional\/#primaryimage","url":"https:\/\/transamerica93.com.br\/home\/wp-content\/uploads\/2024\/01\/imagem-47.jpg","contentUrl":"https:\/\/transamerica93.com.br\/home\/wp-content\/uploads\/2024\/01\/imagem-47.jpg","width":756,"height":489,"caption":"Foto: Instagram @manugavassi"},{"@type":"BreadcrumbList","@id":"https:\/\/transamerica93.com.br\/home\/manu-gavassi-acerta-alvo-com-tom-confessional\/#breadcrumb","itemListElement":[{"@type":"ListItem","position":1,"name":"In\u00edcio","item":"https:\/\/transamerica93.com.br\/home\/"},{"@type":"ListItem","position":2,"name":"Manu Gavassi acerta alvo com tom confessional"}]},{"@type":"WebSite","@id":"https:\/\/transamerica93.com.br\/home\/#website","url":"https:\/\/transamerica93.com.br\/home\/","name":"Transam\u00e9rica Mococa 93,3","description":"","publisher":{"@id":"https:\/\/transamerica93.com.br\/home\/#organization"},"potentialAction":[{"@type":"SearchAction","target":{"@type":"EntryPoint","urlTemplate":"https:\/\/transamerica93.com.br\/home\/?s={search_term_string}"},"query-input":{"@type":"PropertyValueSpecification","valueRequired":true,"valueName":"search_term_string"}}],"inLanguage":"pt-BR"},{"@type":"Organization","@id":"https:\/\/transamerica93.com.br\/home\/#organization","name":"Transam\u00e9rica Mococa 93,3","url":"https:\/\/transamerica93.com.br\/home\/","logo":{"@type":"ImageObject","inLanguage":"pt-BR","@id":"https:\/\/transamerica93.com.br\/home\/#\/schema\/logo\/image\/","url":"https:\/\/transamerica93.com.br\/home\/wp-content\/uploads\/2023\/10\/logo2.png","contentUrl":"https:\/\/transamerica93.com.br\/home\/wp-content\/uploads\/2023\/10\/logo2.png","width":800,"height":500,"caption":"Transam\u00e9rica Mococa 93,3"},"image":{"@id":"https:\/\/transamerica93.com.br\/home\/#\/schema\/logo\/image\/"},"sameAs":["https:\/\/www.facebook.com\/transamericamococa","https:\/\/x.com\/transamerica933","https:\/\/www.instagram.com\/transamericamococa"]},{"@type":"Person","@id":"https:\/\/transamerica93.com.br\/home\/#\/schema\/person\/7fed7c99c0d4562efa8561bc0f543172","name":"Reda\u00e7\u00e3o","image":{"@type":"ImageObject","inLanguage":"pt-BR","@id":"https:\/\/secure.gravatar.com\/avatar\/1072c6b775fb02ef8506ce967551d95926669a6b7d2c2147b42eea4d7c68395e?s=96&d=mm&r=g","url":"https:\/\/secure.gravatar.com\/avatar\/1072c6b775fb02ef8506ce967551d95926669a6b7d2c2147b42eea4d7c68395e?s=96&d=mm&r=g","contentUrl":"https:\/\/secure.gravatar.com\/avatar\/1072c6b775fb02ef8506ce967551d95926669a6b7d2c2147b42eea4d7c68395e?s=96&d=mm&r=g","caption":"Reda\u00e7\u00e3o"},"sameAs":["https:\/\/transamerica93.com.br\/home"],"url":"https:\/\/transamerica93.com.br\/home\/author\/william\/"}]}},"_links":{"self":[{"href":"https:\/\/transamerica93.com.br\/home\/wp-json\/wp\/v2\/posts\/2401","targetHints":{"allow":["GET"]}}],"collection":[{"href":"https:\/\/transamerica93.com.br\/home\/wp-json\/wp\/v2\/posts"}],"about":[{"href":"https:\/\/transamerica93.com.br\/home\/wp-json\/wp\/v2\/types\/post"}],"author":[{"embeddable":true,"href":"https:\/\/transamerica93.com.br\/home\/wp-json\/wp\/v2\/users\/1"}],"replies":[{"embeddable":true,"href":"https:\/\/transamerica93.com.br\/home\/wp-json\/wp\/v2\/comments?post=2401"}],"version-history":[{"count":1,"href":"https:\/\/transamerica93.com.br\/home\/wp-json\/wp\/v2\/posts\/2401\/revisions"}],"predecessor-version":[{"id":2403,"href":"https:\/\/transamerica93.com.br\/home\/wp-json\/wp\/v2\/posts\/2401\/revisions\/2403"}],"wp:featuredmedia":[{"embeddable":true,"href":"https:\/\/transamerica93.com.br\/home\/wp-json\/wp\/v2\/media\/2402"}],"wp:attachment":[{"href":"https:\/\/transamerica93.com.br\/home\/wp-json\/wp\/v2\/media?parent=2401"}],"wp:term":[{"taxonomy":"category","embeddable":true,"href":"https:\/\/transamerica93.com.br\/home\/wp-json\/wp\/v2\/categories?post=2401"},{"taxonomy":"post_tag","embeddable":true,"href":"https:\/\/transamerica93.com.br\/home\/wp-json\/wp\/v2\/tags?post=2401"}],"curies":[{"name":"wp","href":"https:\/\/api.w.org\/{rel}","templated":true}]}}