{"id":2404,"date":"2024-01-19T15:00:09","date_gmt":"2024-01-19T18:00:09","guid":{"rendered":"https:\/\/transamerica93.com.br\/home\/?p=2404"},"modified":"2024-01-15T02:13:43","modified_gmt":"2024-01-15T05:13:43","slug":"sinead-oconnor-causa-da-morte-da-cantora-e-divulgada","status":"publish","type":"post","link":"https:\/\/transamerica93.com.br\/home\/sinead-oconnor-causa-da-morte-da-cantora-e-divulgada\/","title":{"rendered":"Sin\u00e9ad O\u2019Connor: causa da morte da cantora \u00e9 divulgada"},"content":{"rendered":"<div id=\"Corpo\">Ap\u00f3s uma aut\u00f3psia do corpo de Sin\u00e9ad O\u2019Connor, a causa da morte da cantora foi divulgada. Segundo a BBC, a artista morreu de &#8220;causas naturais&#8221;. A cantora havia sido encontrada inconsciente em sua casa em Londres em julho do ano passado. Ela tinha 56 anos.<\/p>\n<p>Um dia ap\u00f3s a morte, a pol\u00edcia havia divulgado que n\u00e3o tratava a morte como suspeita. Conhecida pelo hit Nothing Compares 2 U, uma vers\u00e3o da m\u00fasica de Prince, Sin\u00e9ad havia se mudado recentemente para o apartamento na capital brit\u00e2nica.<\/p>\n<p>\u00c0 \u00e9poca, a fam\u00edlia da cantora comunicou a morte em uma nota \u00e0 BBC. &#8220;\u00c9 com grande tristeza que anunciamos o falecimento de nossa amada Sin\u00e9ad&#8221;. O mesmo texto pede discri\u00e7\u00e3o. &#8220;A fam\u00edlia e amigos est\u00e3o arrasados e pediram privacidade nesse momento t\u00e3o dif\u00edcil.&#8221;<\/p>\n<p>Por d\u00e9cadas, a cantora irlandesa falou abertamente sobre a luta que travava contra doen\u00e7as mentais.<\/p>\n<p>No ano anterior, o filho dela, Shane, de 17 anos, cometeu suic\u00eddio ap\u00f3s fugir do hospital em que estava sob observa\u00e7\u00e3o justamente para evitar que atentasse contra a pr\u00f3pria vida. Na ocasi\u00e3o, ela cancelou todos os shows do ano por causa da perda.<\/p>\n<p>Esta n\u00e3o foi a \u00fanica trag\u00e9dia que a cantora enfrentou durante a vida. No livro Rememberings, de 2021, ela falou sobre a inf\u00e2ncia traum\u00e1tica e violenta. De acordo com a revista People, ap\u00f3s os pais se divorciarem quando crian\u00e7a, a m\u00e3e dela, Marie, &#8220;n\u00e3o estava bem&#8221; e a espancava diariamente, por vezes no abdome.<\/p>\n<p>&#8220;Minha m\u00e3e tinha essa obsess\u00e3o de destruir meu \u00fatero&#8221;, disse a cantora \u00e0 publica\u00e7\u00e3o.<\/p>\n<p>O estilo vocal \u00fanico de Sin\u00e9ad O\u2019Connor, pr\u00f3ximo da m\u00fasica celta, marcou os anos 1990 e influenciou diversos artistas. \u00c0 Rolling Stone, Alanis Morissette contou que a m\u00fasica de O\u2019Connor foi &#8220;realmente emocionante para mim, e muito inspiradora, antes de eu escrever Jagged Little Pill&#8221;.<\/p>\n<p><b>Vida e carreira<\/b><\/p>\n<p>Sin\u00e9ad O\u2019Connor nasceu em Dublin, na Irlanda, em 1966. A cantora come\u00e7ou a carreira musical em 1987, com o \u00e1lbum The Lion and the Cobra, tendo se apresentado, nessa \u00e9poca, em diversos pa\u00edses da Europa, ganhando visibilidade e alguma notoriedade.<\/p>\n<p>Foi seu segundo trabalho, o disco I Do Not Want What I Haven\u2019t Got, de 1990, que garantiu \u00e0 cantora uma carreira internacional. \u00c9 nele que est\u00e1 seu maior hit, Nothing Compares 2 U, composta por Prince. A can\u00e7\u00e3o fez com que o \u00e1lbum atingisse a primeira posi\u00e7\u00e3o entre os mais vendidos em in\u00fameros pa\u00edses. E o v\u00eddeo da m\u00fasica no YouTube tem quase 400 milh\u00f5es de visualiza\u00e7\u00f5es.<\/p>\n<p>Em 1992, a cantora lan\u00e7ou o terceiro \u00e1lbum de est\u00fadio, intitulado Am I Not Your Girl?. Foi neste mesmo ano que a carreira ficou marcada por uma pol\u00eamica. O\u2019Connor rasgou uma foto do papa Jo\u00e3o Paulo II durante uma apresenta\u00e7\u00e3o no Saturday Night Live, em que cantou a m\u00fasica War, que critica preconceitos e desigualdades sociais.<\/p>\n<p>A cantora, que j\u00e1 tinha relatado professar a f\u00e9 cat\u00f3lica, disse ter rasgado a foto do papa em protesto contra as den\u00fancias de abuso sexuais a cl\u00e9rigos da Igreja. Na \u00e9poca, a institui\u00e7\u00e3o passava por uma crise, com bispos e membros do alto escal\u00e3o do Vaticano sendo denunciados.<\/p>\n<p>Essa n\u00e3o foi a \u00fanica vez em que a artista se envolveu com uma crise na Igreja Cat\u00f3lica. Em 1999, ela foi nomeada sacerdotisa da Igreja Independente Cat\u00f3lica, na Fran\u00e7a. A cantora foi excomungada e sua ordena\u00e7\u00e3o revogada, j\u00e1 que a Igreja Cat\u00f3lica n\u00e3o permite que mulheres sejam sacerdotisas.<\/p>\n<p>Sua carreira musical ainda inclui o \u00e1lbum Universal Mother, lan\u00e7ado em 1994, que cont\u00e9m a faixa Fire On Babylon, que fala sobre abuso sexual infantil. Em seguida, veio o EP Gospel Oak, que tem seis m\u00fasicas dedicadas aos povos de Ruanda, Israel e Irlanda.<\/p>\n<p>Depois de uma pausa na carreira, em 2000, lan\u00e7ou ao disco Faith and Courage, dois anos mais tarde, foi a vez de Sean-N\u00f3s Nua, que traz can\u00e7\u00f5es folcl\u00f3ricas irlandesas. Em 2003, lan\u00e7ou She Who Dwells in the Secret Place of the Most High Shall Abide Under the Shadow of the Almighty, um disco duplo colet\u00e2nea com um registro ao vivo e outro com faixas raras e covers.<\/p>\n<p>Seus \u00faltimos tr\u00eas \u00e1lbuns s\u00e3o Theology, de 2007, How About I Be Me (And You Be You)?, de 2012 e I\u2019m Not Bossy, I\u2019m the Boss, de 2014, seu \u00faltimo lan\u00e7amento, que acabou recebendo boas cr\u00edticas, mas n\u00e3o chegou a estourar como seus primeiros hits.<\/p>\n<p>Em 2018, a cantora se converteu ao Islamismo e tamb\u00e9m revelou ter mudado de nome, passando a chamar-se Shuhada\u2019 Davitt. No mesmo ano criou mais pol\u00eamica ao dizer que n\u00e3o queria mais estar perto de pessoas brancas. &#8220;Em momento nenhum, por raz\u00e3o nenhuma. S\u00e3o nojentas&#8221;, disse em uma publica\u00e7\u00e3o no Twitter. No ano seguinte, ela chegou a acusar Prince de ter tentado agredi-la.<\/p><\/div>\n","protected":false},"excerpt":{"rendered":"<p>Ap\u00f3s uma aut\u00f3psia do corpo de Sin\u00e9ad O\u2019Connor, a causa da morte da cantora foi divulgada. Segundo a BBC, a artista morreu de &#8220;causas naturais&#8221;. A cantora havia sido encontrada inconsciente em sua casa em Londres em julho do ano passado. Ela tinha 56 anos. Um dia ap\u00f3s a morte, a pol\u00edcia havia divulgado que &hellip;<\/p>\n","protected":false},"author":1,"featured_media":2405,"comment_status":"closed","ping_status":"closed","sticky":false,"template":"","format":"standard","meta":{"footnotes":""},"categories":[25],"tags":[],"class_list":["post-2404","post","type-post","status-publish","format-standard","has-post-thumbnail","hentry","category-musica"],"yoast_head":"<!-- This site is optimized with the Yoast SEO plugin v27.4 - https:\/\/yoast.com\/product\/yoast-seo-wordpress\/ -->\n<title>Sin\u00e9ad O\u2019Connor: causa da morte da cantora \u00e9 divulgada - Transam\u00e9rica Mococa 93,3<\/title>\n<meta name=\"robots\" content=\"index, follow, max-snippet:-1, max-image-preview:large, max-video-preview:-1\" \/>\n<link rel=\"canonical\" href=\"https:\/\/transamerica93.com.br\/home\/sinead-oconnor-causa-da-morte-da-cantora-e-divulgada\/\" \/>\n<meta property=\"og:locale\" content=\"pt_BR\" \/>\n<meta property=\"og:type\" content=\"article\" \/>\n<meta property=\"og:title\" content=\"Sin\u00e9ad O\u2019Connor: causa da morte da cantora \u00e9 divulgada - Transam\u00e9rica Mococa 93,3\" \/>\n<meta property=\"og:description\" content=\"Ap\u00f3s uma aut\u00f3psia do corpo de Sin\u00e9ad O\u2019Connor, a causa da morte da cantora foi divulgada. Segundo a BBC, a artista morreu de &#8220;causas naturais&#8221;. A cantora havia sido encontrada inconsciente em sua casa em Londres em julho do ano passado. Ela tinha 56 anos. Um dia ap\u00f3s a morte, a pol\u00edcia havia divulgado que &hellip;\" \/>\n<meta property=\"og:url\" content=\"https:\/\/transamerica93.com.br\/home\/sinead-oconnor-causa-da-morte-da-cantora-e-divulgada\/\" \/>\n<meta property=\"og:site_name\" content=\"Transam\u00e9rica Mococa 93,3\" \/>\n<meta property=\"article:publisher\" content=\"https:\/\/www.facebook.com\/transamericamococa\" \/>\n<meta property=\"article:published_time\" content=\"2024-01-19T18:00:09+00:00\" \/>\n<meta property=\"og:image\" content=\"https:\/\/transamerica93.com.br\/home\/wp-content\/uploads\/2024\/01\/imagem-48.jpg\" \/>\n\t<meta property=\"og:image:width\" content=\"774\" \/>\n\t<meta property=\"og:image:height\" content=\"508\" \/>\n\t<meta property=\"og:image:type\" content=\"image\/jpeg\" \/>\n<meta name=\"author\" content=\"Reda\u00e7\u00e3o\" \/>\n<meta name=\"twitter:card\" content=\"summary_large_image\" \/>\n<meta name=\"twitter:creator\" content=\"@transamerica933\" \/>\n<meta name=\"twitter:site\" content=\"@transamerica933\" \/>\n<meta name=\"twitter:label1\" content=\"Escrito por\" \/>\n\t<meta name=\"twitter:data1\" content=\"Reda\u00e7\u00e3o\" \/>\n\t<meta name=\"twitter:label2\" content=\"Est. tempo de leitura\" \/>\n\t<meta name=\"twitter:data2\" content=\"5 minutos\" \/>\n<script type=\"application\/ld+json\" class=\"yoast-schema-graph\">{\"@context\":\"https:\\\/\\\/schema.org\",\"@graph\":[{\"@type\":\"Article\",\"@id\":\"https:\\\/\\\/transamerica93.com.br\\\/home\\\/sinead-oconnor-causa-da-morte-da-cantora-e-divulgada\\\/#article\",\"isPartOf\":{\"@id\":\"https:\\\/\\\/transamerica93.com.br\\\/home\\\/sinead-oconnor-causa-da-morte-da-cantora-e-divulgada\\\/\"},\"author\":{\"name\":\"Reda\u00e7\u00e3o\",\"@id\":\"https:\\\/\\\/transamerica93.com.br\\\/home\\\/#\\\/schema\\\/person\\\/7fed7c99c0d4562efa8561bc0f543172\"},\"headline\":\"Sin\u00e9ad O\u2019Connor: causa da morte da cantora \u00e9 divulgada\",\"datePublished\":\"2024-01-19T18:00:09+00:00\",\"mainEntityOfPage\":{\"@id\":\"https:\\\/\\\/transamerica93.com.br\\\/home\\\/sinead-oconnor-causa-da-morte-da-cantora-e-divulgada\\\/\"},\"wordCount\":863,\"publisher\":{\"@id\":\"https:\\\/\\\/transamerica93.com.br\\\/home\\\/#organization\"},\"image\":{\"@id\":\"https:\\\/\\\/transamerica93.com.br\\\/home\\\/sinead-oconnor-causa-da-morte-da-cantora-e-divulgada\\\/#primaryimage\"},\"thumbnailUrl\":\"https:\\\/\\\/transamerica93.com.br\\\/home\\\/wp-content\\\/uploads\\\/2024\\\/01\\\/imagem-48.jpg\",\"articleSection\":[\"M\u00fasica\"],\"inLanguage\":\"pt-BR\"},{\"@type\":\"WebPage\",\"@id\":\"https:\\\/\\\/transamerica93.com.br\\\/home\\\/sinead-oconnor-causa-da-morte-da-cantora-e-divulgada\\\/\",\"url\":\"https:\\\/\\\/transamerica93.com.br\\\/home\\\/sinead-oconnor-causa-da-morte-da-cantora-e-divulgada\\\/\",\"name\":\"Sin\u00e9ad O\u2019Connor: causa da morte da cantora \u00e9 divulgada - Transam\u00e9rica Mococa 93,3\",\"isPartOf\":{\"@id\":\"https:\\\/\\\/transamerica93.com.br\\\/home\\\/#website\"},\"primaryImageOfPage\":{\"@id\":\"https:\\\/\\\/transamerica93.com.br\\\/home\\\/sinead-oconnor-causa-da-morte-da-cantora-e-divulgada\\\/#primaryimage\"},\"image\":{\"@id\":\"https:\\\/\\\/transamerica93.com.br\\\/home\\\/sinead-oconnor-causa-da-morte-da-cantora-e-divulgada\\\/#primaryimage\"},\"thumbnailUrl\":\"https:\\\/\\\/transamerica93.com.br\\\/home\\\/wp-content\\\/uploads\\\/2024\\\/01\\\/imagem-48.jpg\",\"datePublished\":\"2024-01-19T18:00:09+00:00\",\"breadcrumb\":{\"@id\":\"https:\\\/\\\/transamerica93.com.br\\\/home\\\/sinead-oconnor-causa-da-morte-da-cantora-e-divulgada\\\/#breadcrumb\"},\"inLanguage\":\"pt-BR\",\"potentialAction\":[{\"@type\":\"ReadAction\",\"target\":[\"https:\\\/\\\/transamerica93.com.br\\\/home\\\/sinead-oconnor-causa-da-morte-da-cantora-e-divulgada\\\/\"]}]},{\"@type\":\"ImageObject\",\"inLanguage\":\"pt-BR\",\"@id\":\"https:\\\/\\\/transamerica93.com.br\\\/home\\\/sinead-oconnor-causa-da-morte-da-cantora-e-divulgada\\\/#primaryimage\",\"url\":\"https:\\\/\\\/transamerica93.com.br\\\/home\\\/wp-content\\\/uploads\\\/2024\\\/01\\\/imagem-48.jpg\",\"contentUrl\":\"https:\\\/\\\/transamerica93.com.br\\\/home\\\/wp-content\\\/uploads\\\/2024\\\/01\\\/imagem-48.jpg\",\"width\":774,\"height\":508,\"caption\":\"Foto: Divulga\u00e7\u00e3o\\\/Showtime \\\/ Pipoca Moderna\"},{\"@type\":\"BreadcrumbList\",\"@id\":\"https:\\\/\\\/transamerica93.com.br\\\/home\\\/sinead-oconnor-causa-da-morte-da-cantora-e-divulgada\\\/#breadcrumb\",\"itemListElement\":[{\"@type\":\"ListItem\",\"position\":1,\"name\":\"In\u00edcio\",\"item\":\"https:\\\/\\\/transamerica93.com.br\\\/home\\\/\"},{\"@type\":\"ListItem\",\"position\":2,\"name\":\"Sin\u00e9ad O\u2019Connor: causa da morte da cantora \u00e9 divulgada\"}]},{\"@type\":\"WebSite\",\"@id\":\"https:\\\/\\\/transamerica93.com.br\\\/home\\\/#website\",\"url\":\"https:\\\/\\\/transamerica93.com.br\\\/home\\\/\",\"name\":\"Transam\u00e9rica Mococa 93,3\",\"description\":\"\",\"publisher\":{\"@id\":\"https:\\\/\\\/transamerica93.com.br\\\/home\\\/#organization\"},\"potentialAction\":[{\"@type\":\"SearchAction\",\"target\":{\"@type\":\"EntryPoint\",\"urlTemplate\":\"https:\\\/\\\/transamerica93.com.br\\\/home\\\/?s={search_term_string}\"},\"query-input\":{\"@type\":\"PropertyValueSpecification\",\"valueRequired\":true,\"valueName\":\"search_term_string\"}}],\"inLanguage\":\"pt-BR\"},{\"@type\":\"Organization\",\"@id\":\"https:\\\/\\\/transamerica93.com.br\\\/home\\\/#organization\",\"name\":\"Transam\u00e9rica Mococa 93,3\",\"url\":\"https:\\\/\\\/transamerica93.com.br\\\/home\\\/\",\"logo\":{\"@type\":\"ImageObject\",\"inLanguage\":\"pt-BR\",\"@id\":\"https:\\\/\\\/transamerica93.com.br\\\/home\\\/#\\\/schema\\\/logo\\\/image\\\/\",\"url\":\"https:\\\/\\\/transamerica93.com.br\\\/home\\\/wp-content\\\/uploads\\\/2023\\\/10\\\/logo2.png\",\"contentUrl\":\"https:\\\/\\\/transamerica93.com.br\\\/home\\\/wp-content\\\/uploads\\\/2023\\\/10\\\/logo2.png\",\"width\":800,\"height\":500,\"caption\":\"Transam\u00e9rica Mococa 93,3\"},\"image\":{\"@id\":\"https:\\\/\\\/transamerica93.com.br\\\/home\\\/#\\\/schema\\\/logo\\\/image\\\/\"},\"sameAs\":[\"https:\\\/\\\/www.facebook.com\\\/transamericamococa\",\"https:\\\/\\\/x.com\\\/transamerica933\",\"https:\\\/\\\/www.instagram.com\\\/transamericamococa\"]},{\"@type\":\"Person\",\"@id\":\"https:\\\/\\\/transamerica93.com.br\\\/home\\\/#\\\/schema\\\/person\\\/7fed7c99c0d4562efa8561bc0f543172\",\"name\":\"Reda\u00e7\u00e3o\",\"image\":{\"@type\":\"ImageObject\",\"inLanguage\":\"pt-BR\",\"@id\":\"https:\\\/\\\/secure.gravatar.com\\\/avatar\\\/1072c6b775fb02ef8506ce967551d95926669a6b7d2c2147b42eea4d7c68395e?s=96&d=mm&r=g\",\"url\":\"https:\\\/\\\/secure.gravatar.com\\\/avatar\\\/1072c6b775fb02ef8506ce967551d95926669a6b7d2c2147b42eea4d7c68395e?s=96&d=mm&r=g\",\"contentUrl\":\"https:\\\/\\\/secure.gravatar.com\\\/avatar\\\/1072c6b775fb02ef8506ce967551d95926669a6b7d2c2147b42eea4d7c68395e?s=96&d=mm&r=g\",\"caption\":\"Reda\u00e7\u00e3o\"},\"sameAs\":[\"https:\\\/\\\/transamerica93.com.br\\\/home\"],\"url\":\"https:\\\/\\\/transamerica93.com.br\\\/home\\\/author\\\/william\\\/\"}]}<\/script>\n<!-- \/ Yoast SEO plugin. -->","yoast_head_json":{"title":"Sin\u00e9ad O\u2019Connor: causa da morte da cantora \u00e9 divulgada - Transam\u00e9rica Mococa 93,3","robots":{"index":"index","follow":"follow","max-snippet":"max-snippet:-1","max-image-preview":"max-image-preview:large","max-video-preview":"max-video-preview:-1"},"canonical":"https:\/\/transamerica93.com.br\/home\/sinead-oconnor-causa-da-morte-da-cantora-e-divulgada\/","og_locale":"pt_BR","og_type":"article","og_title":"Sin\u00e9ad O\u2019Connor: causa da morte da cantora \u00e9 divulgada - Transam\u00e9rica Mococa 93,3","og_description":"Ap\u00f3s uma aut\u00f3psia do corpo de Sin\u00e9ad O\u2019Connor, a causa da morte da cantora foi divulgada. Segundo a BBC, a artista morreu de &#8220;causas naturais&#8221;. A cantora havia sido encontrada inconsciente em sua casa em Londres em julho do ano passado. Ela tinha 56 anos. Um dia ap\u00f3s a morte, a pol\u00edcia havia divulgado que &hellip;","og_url":"https:\/\/transamerica93.com.br\/home\/sinead-oconnor-causa-da-morte-da-cantora-e-divulgada\/","og_site_name":"Transam\u00e9rica Mococa 93,3","article_publisher":"https:\/\/www.facebook.com\/transamericamococa","article_published_time":"2024-01-19T18:00:09+00:00","og_image":[{"width":774,"height":508,"url":"https:\/\/transamerica93.com.br\/home\/wp-content\/uploads\/2024\/01\/imagem-48.jpg","type":"image\/jpeg"}],"author":"Reda\u00e7\u00e3o","twitter_card":"summary_large_image","twitter_creator":"@transamerica933","twitter_site":"@transamerica933","twitter_misc":{"Escrito por":"Reda\u00e7\u00e3o","Est. tempo de leitura":"5 minutos"},"schema":{"@context":"https:\/\/schema.org","@graph":[{"@type":"Article","@id":"https:\/\/transamerica93.com.br\/home\/sinead-oconnor-causa-da-morte-da-cantora-e-divulgada\/#article","isPartOf":{"@id":"https:\/\/transamerica93.com.br\/home\/sinead-oconnor-causa-da-morte-da-cantora-e-divulgada\/"},"author":{"name":"Reda\u00e7\u00e3o","@id":"https:\/\/transamerica93.com.br\/home\/#\/schema\/person\/7fed7c99c0d4562efa8561bc0f543172"},"headline":"Sin\u00e9ad O\u2019Connor: causa da morte da cantora \u00e9 divulgada","datePublished":"2024-01-19T18:00:09+00:00","mainEntityOfPage":{"@id":"https:\/\/transamerica93.com.br\/home\/sinead-oconnor-causa-da-morte-da-cantora-e-divulgada\/"},"wordCount":863,"publisher":{"@id":"https:\/\/transamerica93.com.br\/home\/#organization"},"image":{"@id":"https:\/\/transamerica93.com.br\/home\/sinead-oconnor-causa-da-morte-da-cantora-e-divulgada\/#primaryimage"},"thumbnailUrl":"https:\/\/transamerica93.com.br\/home\/wp-content\/uploads\/2024\/01\/imagem-48.jpg","articleSection":["M\u00fasica"],"inLanguage":"pt-BR"},{"@type":"WebPage","@id":"https:\/\/transamerica93.com.br\/home\/sinead-oconnor-causa-da-morte-da-cantora-e-divulgada\/","url":"https:\/\/transamerica93.com.br\/home\/sinead-oconnor-causa-da-morte-da-cantora-e-divulgada\/","name":"Sin\u00e9ad O\u2019Connor: causa da morte da cantora \u00e9 divulgada - Transam\u00e9rica Mococa 93,3","isPartOf":{"@id":"https:\/\/transamerica93.com.br\/home\/#website"},"primaryImageOfPage":{"@id":"https:\/\/transamerica93.com.br\/home\/sinead-oconnor-causa-da-morte-da-cantora-e-divulgada\/#primaryimage"},"image":{"@id":"https:\/\/transamerica93.com.br\/home\/sinead-oconnor-causa-da-morte-da-cantora-e-divulgada\/#primaryimage"},"thumbnailUrl":"https:\/\/transamerica93.com.br\/home\/wp-content\/uploads\/2024\/01\/imagem-48.jpg","datePublished":"2024-01-19T18:00:09+00:00","breadcrumb":{"@id":"https:\/\/transamerica93.com.br\/home\/sinead-oconnor-causa-da-morte-da-cantora-e-divulgada\/#breadcrumb"},"inLanguage":"pt-BR","potentialAction":[{"@type":"ReadAction","target":["https:\/\/transamerica93.com.br\/home\/sinead-oconnor-causa-da-morte-da-cantora-e-divulgada\/"]}]},{"@type":"ImageObject","inLanguage":"pt-BR","@id":"https:\/\/transamerica93.com.br\/home\/sinead-oconnor-causa-da-morte-da-cantora-e-divulgada\/#primaryimage","url":"https:\/\/transamerica93.com.br\/home\/wp-content\/uploads\/2024\/01\/imagem-48.jpg","contentUrl":"https:\/\/transamerica93.com.br\/home\/wp-content\/uploads\/2024\/01\/imagem-48.jpg","width":774,"height":508,"caption":"Foto: Divulga\u00e7\u00e3o\/Showtime \/ Pipoca Moderna"},{"@type":"BreadcrumbList","@id":"https:\/\/transamerica93.com.br\/home\/sinead-oconnor-causa-da-morte-da-cantora-e-divulgada\/#breadcrumb","itemListElement":[{"@type":"ListItem","position":1,"name":"In\u00edcio","item":"https:\/\/transamerica93.com.br\/home\/"},{"@type":"ListItem","position":2,"name":"Sin\u00e9ad O\u2019Connor: causa da morte da cantora \u00e9 divulgada"}]},{"@type":"WebSite","@id":"https:\/\/transamerica93.com.br\/home\/#website","url":"https:\/\/transamerica93.com.br\/home\/","name":"Transam\u00e9rica Mococa 93,3","description":"","publisher":{"@id":"https:\/\/transamerica93.com.br\/home\/#organization"},"potentialAction":[{"@type":"SearchAction","target":{"@type":"EntryPoint","urlTemplate":"https:\/\/transamerica93.com.br\/home\/?s={search_term_string}"},"query-input":{"@type":"PropertyValueSpecification","valueRequired":true,"valueName":"search_term_string"}}],"inLanguage":"pt-BR"},{"@type":"Organization","@id":"https:\/\/transamerica93.com.br\/home\/#organization","name":"Transam\u00e9rica Mococa 93,3","url":"https:\/\/transamerica93.com.br\/home\/","logo":{"@type":"ImageObject","inLanguage":"pt-BR","@id":"https:\/\/transamerica93.com.br\/home\/#\/schema\/logo\/image\/","url":"https:\/\/transamerica93.com.br\/home\/wp-content\/uploads\/2023\/10\/logo2.png","contentUrl":"https:\/\/transamerica93.com.br\/home\/wp-content\/uploads\/2023\/10\/logo2.png","width":800,"height":500,"caption":"Transam\u00e9rica Mococa 93,3"},"image":{"@id":"https:\/\/transamerica93.com.br\/home\/#\/schema\/logo\/image\/"},"sameAs":["https:\/\/www.facebook.com\/transamericamococa","https:\/\/x.com\/transamerica933","https:\/\/www.instagram.com\/transamericamococa"]},{"@type":"Person","@id":"https:\/\/transamerica93.com.br\/home\/#\/schema\/person\/7fed7c99c0d4562efa8561bc0f543172","name":"Reda\u00e7\u00e3o","image":{"@type":"ImageObject","inLanguage":"pt-BR","@id":"https:\/\/secure.gravatar.com\/avatar\/1072c6b775fb02ef8506ce967551d95926669a6b7d2c2147b42eea4d7c68395e?s=96&d=mm&r=g","url":"https:\/\/secure.gravatar.com\/avatar\/1072c6b775fb02ef8506ce967551d95926669a6b7d2c2147b42eea4d7c68395e?s=96&d=mm&r=g","contentUrl":"https:\/\/secure.gravatar.com\/avatar\/1072c6b775fb02ef8506ce967551d95926669a6b7d2c2147b42eea4d7c68395e?s=96&d=mm&r=g","caption":"Reda\u00e7\u00e3o"},"sameAs":["https:\/\/transamerica93.com.br\/home"],"url":"https:\/\/transamerica93.com.br\/home\/author\/william\/"}]}},"_links":{"self":[{"href":"https:\/\/transamerica93.com.br\/home\/wp-json\/wp\/v2\/posts\/2404","targetHints":{"allow":["GET"]}}],"collection":[{"href":"https:\/\/transamerica93.com.br\/home\/wp-json\/wp\/v2\/posts"}],"about":[{"href":"https:\/\/transamerica93.com.br\/home\/wp-json\/wp\/v2\/types\/post"}],"author":[{"embeddable":true,"href":"https:\/\/transamerica93.com.br\/home\/wp-json\/wp\/v2\/users\/1"}],"replies":[{"embeddable":true,"href":"https:\/\/transamerica93.com.br\/home\/wp-json\/wp\/v2\/comments?post=2404"}],"version-history":[{"count":1,"href":"https:\/\/transamerica93.com.br\/home\/wp-json\/wp\/v2\/posts\/2404\/revisions"}],"predecessor-version":[{"id":2406,"href":"https:\/\/transamerica93.com.br\/home\/wp-json\/wp\/v2\/posts\/2404\/revisions\/2406"}],"wp:featuredmedia":[{"embeddable":true,"href":"https:\/\/transamerica93.com.br\/home\/wp-json\/wp\/v2\/media\/2405"}],"wp:attachment":[{"href":"https:\/\/transamerica93.com.br\/home\/wp-json\/wp\/v2\/media?parent=2404"}],"wp:term":[{"taxonomy":"category","embeddable":true,"href":"https:\/\/transamerica93.com.br\/home\/wp-json\/wp\/v2\/categories?post=2404"},{"taxonomy":"post_tag","embeddable":true,"href":"https:\/\/transamerica93.com.br\/home\/wp-json\/wp\/v2\/tags?post=2404"}],"curies":[{"name":"wp","href":"https:\/\/api.w.org\/{rel}","templated":true}]}}