{"id":2413,"date":"2024-01-26T18:00:00","date_gmt":"2024-01-26T21:00:00","guid":{"rendered":"https:\/\/transamerica93.com.br\/home\/?p=2413"},"modified":"2024-01-26T01:33:51","modified_gmt":"2024-01-26T04:33:51","slug":"ecad-diz-que-marchinhas-sao-as-mais-tocadas-no-carnaval","status":"publish","type":"post","link":"https:\/\/transamerica93.com.br\/home\/ecad-diz-que-marchinhas-sao-as-mais-tocadas-no-carnaval\/","title":{"rendered":"Ecad diz que marchinhas s\u00e3o as mais tocadas no carnaval"},"content":{"rendered":"<div class=\"post-item-wrap\">\n<p>Levantamento do Escrit\u00f3rio Central de Arrecada\u00e7\u00e3o e Distribui\u00e7\u00e3o (Ecad), divulgado na \u00faltima quinta-feira (25), no Rio de Janeiro, indica que 14 das 20 m\u00fasicas mais tocadas em todo o Brasil no carnaval de 2023 eram marchinhas carnavalescas.<img decoding=\"async\" data-src=\"https:\/\/agenciabrasil.ebc.com.br\/ebc.png?id=1577945&amp;o=node\" src=\"data:image\/svg+xml;base64,PHN2ZyB3aWR0aD0iMSIgaGVpZ2h0PSIxIiB4bWxucz0iaHR0cDovL3d3dy53My5vcmcvMjAwMC9zdmciPjwvc3ZnPg==\" class=\"lazyload\" \/><img decoding=\"async\" data-src=\"https:\/\/agenciabrasil.ebc.com.br\/ebc.gif?id=1577945&amp;o=node\" src=\"data:image\/svg+xml;base64,PHN2ZyB3aWR0aD0iMSIgaGVpZ2h0PSIxIiB4bWxucz0iaHR0cDovL3d3dy53My5vcmcvMjAwMC9zdmciPjwvc3ZnPg==\" class=\"lazyload\" \/><\/p>\n<p>Liderando o ranking aparece a m\u00fasica\u00a0<em>Mam\u00e3e eu quero<\/em>, de Jararaca e Vicente Paiva. No carnaval do ano passado, o Ecad distribuiu R$ 19,9 milh\u00f5es em direitos autorais de execu\u00e7\u00e3o p\u00fablica para mais de 12 mil compositores, int\u00e9rpretes, m\u00fasicos e outros artistas que tiveram suas can\u00e7\u00f5es tocadas desde o per\u00edodo de pr\u00e9 folia at\u00e9 os \u00faltimos eventos carnavalescos realizados no pa\u00eds. O Ecad esclareceu que muitos artistas t\u00eam suas m\u00fasicas tocadas especialmente nessa \u00e9poca do ano e s\u00e3o beneficiados com o pagamento do direito autoral.<\/p>\n<p>A institui\u00e7\u00e3o refor\u00e7a a import\u00e2ncia do licenciamento para executar m\u00fasicas durante os dias de folia. Para preservar a classe art\u00edstica, o Ecad est\u00e1 lan\u00e7ando campanha de carnaval focada na conscientiza\u00e7\u00e3o sobre o pagamento do direito autoral. Intitulada\u00a0<em>Com m\u00fasica a folia fica melhor<\/em>, a a\u00e7\u00e3o \u00e9 voltada para quem vai utilizar m\u00fasica em programa\u00e7\u00f5es e eventos carnavalescos, como organizadores e promotores de shows, trios el\u00e9tricos, blocos de rua, prefeituras e casas de espet\u00e1culos, entre outros. A campanha conta com\u00a0<em>landing page<\/em>\u00a0(p\u00e1gina de convers\u00e3o, de captura ou de destino), depoimentos de artistas, postagens nas redes sociais e envio de e-mails refor\u00e7ando a import\u00e2ncia da m\u00fasica para esses eventos.<\/p>\n<h2>Direito de remunera\u00e7\u00e3o<\/h2>\n<p>A superintendente executiva do Ecad, Isabel Amorim, salientou que n\u00e3o existe carnaval sem m\u00fasica e os compositores, int\u00e9rpretes e m\u00fasicos t\u00eam o direito de serem remunerados quando elas tocam.<\/p>\n<p>\u201c\u00c9 importante lembrar que o direito autoral \u00e9 diferente do cach\u00ea. O direito autoral pago por meio do Ecad \u00e9 destinado a compositores e demais criadores das m\u00fasicas tocadas em eventos, bailes, clubes e outros locais. Por isso, \u00e9 fundamental que os organizadores de eventos de carnaval, sejam eles da iniciativa p\u00fablica ou privada, fa\u00e7am o licenciamento musical\u201d, afirmou.<\/p>\n<p>A obrigatoriedade do licenciamento musical pr\u00e9vio \u00e9 uma determina\u00e7\u00e3o da legisla\u00e7\u00e3o, por meio da Lei dos Direitos Autorais (9.610\/98). A lei estipula, inclusive, que n\u00e3o \u00e9 necess\u00e1rio que um evento tenha finalidade de lucro para que os seus respons\u00e1veis e organizadores tenham que efetuar o pagamento dos direitos autorais pelas m\u00fasicas tocadas.<\/p>\n<p>O Ecad informou \u00e0 Ag\u00eancia Brasil que n\u00e3o aplica multas. O n\u00e3o pagamento do direito autoral a compositores e artistas \u00e9 uma viola\u00e7\u00e3o \u00e0 lei e o infrator poder\u00e1 responder judicialmente pela utiliza\u00e7\u00e3o n\u00e3o autorizada de m\u00fasicas. O Ecad destacou, por\u00e9m, que esgota todas as possibilidades de negocia\u00e7\u00e3o antes de recorrer ao Judici\u00e1rio.<\/p>\n<h2>Licenciamento musical<\/h2>\n<p>Para o Ecad, o licenciamento musical \u00e9 a garantia de que os valores em direitos autorais ser\u00e3o destinados a compositores e artistas cujas m\u00fasicas ser\u00e3o tocadas no carnaval. S\u00e3o respons\u00e1veis por esse pagamento pessoas f\u00edsicas e jur\u00eddicas que produzem e organizam shows, trios el\u00e9tricos, bailes, clubes, casas de espet\u00e1culo, blocos e outras programa\u00e7\u00f5es e eventos.<\/p>\n<p>Antes das programa\u00e7\u00f5es carnavalescas, eles devem entrar em contato com a unidade mais pr\u00f3xima do Ecad para fazer o cadastro e solicitar o c\u00e1lculo do valor a ser pago pela utiliza\u00e7\u00e3o musical. A licen\u00e7a permitir\u00e1 o uso de todo e qualquer tipo de m\u00fasica, sem limite de execu\u00e7\u00f5es.<\/p>\n<p>Al\u00e9m da obrigatoriedade do pagamento dos direitos autorais, h\u00e1 tamb\u00e9m a responsabilidade de informar ao Ecad o repert\u00f3rio tocado e enviar os roteiros musicais.<\/p>\n<p>Segundo a institui\u00e7\u00e3o, \u00e9 dessa forma que ela faz a identifica\u00e7\u00e3o das m\u00fasicas tocadas e a posterior distribui\u00e7\u00e3o dos valores arrecadados. Outra maneira de identificar as can\u00e7\u00f5es \u00e9 por meio de grava\u00e7\u00f5es feitas por colaboradores do Ecad em trios el\u00e9tricos, bailes e eventos durante o per\u00edodo dos festejos carnavalescos.<\/p>\n<h2>Distribui\u00e7\u00e3o<\/h2>\n<p>A distribui\u00e7\u00e3o dos direitos autorais de execu\u00e7\u00e3o p\u00fablica musical \u00e9 feita com base em crit\u00e9rios utilizados internacionalmente e definidos por assembleia geral, composta pelas associa\u00e7\u00f5es de m\u00fasica que administram o Ecad.<\/p>\n<p>De todos os valores arrecadados, 85% s\u00e3o distribu\u00eddos para compositores, int\u00e9rpretes, m\u00fasicos, editores e produtores fonogr\u00e1ficos. As associa\u00e7\u00f5es de m\u00fasica recebem 6% para suas despesas administrativas enquanto para o Ecad s\u00e3o destinados 9% para suas despesas operacionais.<\/p>\n<div class=\"dnd-widget-wrapper context-cheio_8colunas type-image\">\n<div class=\"dnd-atom-rendered\">\n<div class=\"shadow overflow-hidden rounded-lg d-block w-100\"><img decoding=\"async\" class=\"flex-fill img-cover lazyload\" title=\"Ecad\/Divulga\u00e7\u00e3o\" data-src=\"https:\/\/imagens.ebc.com.br\/7RgmLHo2kJqv5HfCCoQO57Lgtbc=\/754x0\/smart\/https:\/\/agenciabrasil.ebc.com.br\/sites\/default\/files\/thumbnails\/image\/imagem_do_whatsapp_de_2024-01-25_as_16.45.44_cffc59be.jpg?itok=foyrL2H-\" alt=\"Ecad lan\u00e7a campanha \u201cCom m\u00fasica, a folia fica melhor\u201d, para pagamento de direito autoral a m\u00fasicos. Foto: Ecad\/Divulga\u00e7\u00e3o\" src=\"data:image\/svg+xml;base64,PHN2ZyB3aWR0aD0iMSIgaGVpZ2h0PSIxIiB4bWxucz0iaHR0cDovL3d3dy53My5vcmcvMjAwMC9zdmciPjwvc3ZnPg==\" \/><\/div>\n<\/div>\n<div class=\"dnd-caption-wrapper\">\n<div class=\"meta\">Campanha defende respeito aos direitos autorais &#8211; Foto:\u00a0<strong>Ecad\/Divulga\u00e7\u00e3o<\/strong><\/div>\n<\/div>\n<\/div>\n<h2>Ranking<\/h2>\n<p>Al\u00e9m de\u00a0<em>Mam\u00e3e eu Quero<\/em>, o\u00a0<em>ranking\u00a0<\/em>das m\u00fasicas mais tocadas em blocos, bailes de carnaval, clubes, casas de divers\u00e3o, eventos de rua, shows e trios el\u00e9tricos no \u00faltimo carnaval, em todo o Brasil, inclui, em segundo lugar,\u00a0<em>Zona de Perigo<\/em>, de autoria de Fellla Fellings, Yves, Rafa Chagas, Pierrot Junior, Lukinhas e Adriel Max. Seguem-se, pela ordem das mais tocadas,\u00a0<em>Allah-la-\u00f4<\/em>, de Haroldo Lobo e Antonio Nassara;\u00a0<em>Marcha do Remador<\/em>, de Castelo e Antonio Almeida;\u00a0<em>A Jardineira<\/em>, de Humberto Carlos Porto e Benedito Lacerda;\u00a0<em>Me d\u00e1 um dinheiro a\u00ed<\/em>, de Homero Ferreira, Glauco Ferreira e Ivan Ferreira;\u00a0<em>Eva<\/em>, de Cartavetrata, Umto e Ficarelli;\u00a0<em>Ta-hi<\/em>, de Joubert De Carvalho;\u00a0<em>Cabeleira do Zez\u00e9<\/em>, de Jo\u00e3o Roberto Kelly e Roberto Faissal; e\u00a0<em>N\u00e3o quero dinheiro<\/em>, de Tim Maia.<\/p>\n<p>Na d\u00e9cima primeira coloca\u00e7\u00e3o, aparecem as m\u00fasicas\u00a0<em>Cacha\u00e7a<\/em>, cujos autores s\u00e3o Heber Lobato, Lucio de Castro, Marinosio Filho e Mirabeau;\u00a0<em>Vassourinhas<\/em>, de Batista Ramos e Mathias da Rocha;\u00a0<em>Quem sabe, sabe<\/em>, de Jota Sandoval e Carvalinho;\u00a0<em>Tesouro de pirata<\/em>, de Fuzza, e\u00a0<em>Ziriguidum<\/em>, de Marcel\u00e3o;\u00a0<em>Pa\u00eds tropical<\/em>, de Jorge Ben Jor;\u00a0<em>Cidade Maravilhosa<\/em>, de Andre Filho;\u00a0<em>O teu cabelo n\u00e3o nega<\/em>, de autoria de Raul Do Rego Valen\u00e7a, Jo\u00e3o Valen\u00e7a e Lamartine Babo;\u00a0<em>Saca-rolha<\/em>, de Zilda do Z\u00e9, Z\u00e9 da Zilda e Waldir Machado;\u00a0<em>Arer\u00ea<\/em>, de Gilson Babilonia e Alaim Tavares; e, fechando o ranking,\u00a0<em>Mulata i\u00ea i\u00ea i\u00ea<\/em>, de Jo\u00e3o Roberto Kelly.<\/p>\n<\/div>\n<p class=\"alt-font font-italic my-2 small text-info\">Edi\u00e7\u00e3o: Kleber Sampaio<\/p>\n","protected":false},"excerpt":{"rendered":"<p>Levantamento do Escrit\u00f3rio Central de Arrecada\u00e7\u00e3o e Distribui\u00e7\u00e3o (Ecad), divulgado na \u00faltima quinta-feira (25), no Rio de Janeiro, indica que 14 das 20 m\u00fasicas mais tocadas em todo o Brasil no carnaval de 2023 eram marchinhas carnavalescas. Liderando o ranking aparece a m\u00fasica\u00a0Mam\u00e3e eu quero, de Jararaca e Vicente Paiva. No carnaval do ano passado, &hellip;<\/p>\n","protected":false},"author":1,"featured_media":2409,"comment_status":"closed","ping_status":"closed","sticky":false,"template":"","format":"standard","meta":{"footnotes":""},"categories":[24],"tags":[],"class_list":["post-2413","post","type-post","status-publish","format-standard","has-post-thumbnail","hentry","category-entretenimento"],"yoast_head":"<!-- This site is optimized with the Yoast SEO plugin v27.4 - https:\/\/yoast.com\/product\/yoast-seo-wordpress\/ -->\n<title>Ecad diz que marchinhas s\u00e3o as mais tocadas no carnaval - Transam\u00e9rica Mococa 93,3<\/title>\n<meta name=\"robots\" content=\"index, follow, max-snippet:-1, max-image-preview:large, max-video-preview:-1\" \/>\n<link rel=\"canonical\" href=\"https:\/\/transamerica93.com.br\/home\/ecad-diz-que-marchinhas-sao-as-mais-tocadas-no-carnaval\/\" \/>\n<meta property=\"og:locale\" content=\"pt_BR\" \/>\n<meta property=\"og:type\" content=\"article\" \/>\n<meta property=\"og:title\" content=\"Ecad diz que marchinhas s\u00e3o as mais tocadas no carnaval - Transam\u00e9rica Mococa 93,3\" \/>\n<meta property=\"og:description\" content=\"Levantamento do Escrit\u00f3rio Central de Arrecada\u00e7\u00e3o e Distribui\u00e7\u00e3o (Ecad), divulgado na \u00faltima quinta-feira (25), no Rio de Janeiro, indica que 14 das 20 m\u00fasicas mais tocadas em todo o Brasil no carnaval de 2023 eram marchinhas carnavalescas. Liderando o ranking aparece a m\u00fasica\u00a0Mam\u00e3e eu quero, de Jararaca e Vicente Paiva. No carnaval do ano passado, &hellip;\" \/>\n<meta property=\"og:url\" content=\"https:\/\/transamerica93.com.br\/home\/ecad-diz-que-marchinhas-sao-as-mais-tocadas-no-carnaval\/\" \/>\n<meta property=\"og:site_name\" content=\"Transam\u00e9rica Mococa 93,3\" \/>\n<meta property=\"article:publisher\" content=\"https:\/\/www.facebook.com\/transamericamococa\" \/>\n<meta property=\"article:published_time\" content=\"2024-01-26T21:00:00+00:00\" \/>\n<meta property=\"og:image\" content=\"https:\/\/transamerica93.com.br\/home\/wp-content\/uploads\/2024\/01\/imagem2.jpg\" \/>\n\t<meta property=\"og:image:width\" content=\"1170\" \/>\n\t<meta property=\"og:image:height\" content=\"700\" \/>\n\t<meta property=\"og:image:type\" content=\"image\/jpeg\" \/>\n<meta name=\"author\" content=\"Reda\u00e7\u00e3o\" \/>\n<meta name=\"twitter:card\" content=\"summary_large_image\" \/>\n<meta name=\"twitter:creator\" content=\"@transamerica933\" \/>\n<meta name=\"twitter:site\" content=\"@transamerica933\" \/>\n<meta name=\"twitter:label1\" content=\"Escrito por\" \/>\n\t<meta name=\"twitter:data1\" content=\"Reda\u00e7\u00e3o\" \/>\n\t<meta name=\"twitter:label2\" content=\"Est. tempo de leitura\" \/>\n\t<meta name=\"twitter:data2\" content=\"6 minutos\" \/>\n<script type=\"application\/ld+json\" class=\"yoast-schema-graph\">{\"@context\":\"https:\\\/\\\/schema.org\",\"@graph\":[{\"@type\":\"Article\",\"@id\":\"https:\\\/\\\/transamerica93.com.br\\\/home\\\/ecad-diz-que-marchinhas-sao-as-mais-tocadas-no-carnaval\\\/#article\",\"isPartOf\":{\"@id\":\"https:\\\/\\\/transamerica93.com.br\\\/home\\\/ecad-diz-que-marchinhas-sao-as-mais-tocadas-no-carnaval\\\/\"},\"author\":{\"name\":\"Reda\u00e7\u00e3o\",\"@id\":\"https:\\\/\\\/transamerica93.com.br\\\/home\\\/#\\\/schema\\\/person\\\/7fed7c99c0d4562efa8561bc0f543172\"},\"headline\":\"Ecad diz que marchinhas s\u00e3o as mais tocadas no carnaval\",\"datePublished\":\"2024-01-26T21:00:00+00:00\",\"mainEntityOfPage\":{\"@id\":\"https:\\\/\\\/transamerica93.com.br\\\/home\\\/ecad-diz-que-marchinhas-sao-as-mais-tocadas-no-carnaval\\\/\"},\"wordCount\":1028,\"publisher\":{\"@id\":\"https:\\\/\\\/transamerica93.com.br\\\/home\\\/#organization\"},\"image\":{\"@id\":\"https:\\\/\\\/transamerica93.com.br\\\/home\\\/ecad-diz-que-marchinhas-sao-as-mais-tocadas-no-carnaval\\\/#primaryimage\"},\"thumbnailUrl\":\"https:\\\/\\\/transamerica93.com.br\\\/home\\\/wp-content\\\/uploads\\\/2024\\\/01\\\/imagem2.jpg\",\"articleSection\":[\"Entretenimento\"],\"inLanguage\":\"pt-BR\"},{\"@type\":\"WebPage\",\"@id\":\"https:\\\/\\\/transamerica93.com.br\\\/home\\\/ecad-diz-que-marchinhas-sao-as-mais-tocadas-no-carnaval\\\/\",\"url\":\"https:\\\/\\\/transamerica93.com.br\\\/home\\\/ecad-diz-que-marchinhas-sao-as-mais-tocadas-no-carnaval\\\/\",\"name\":\"Ecad diz que marchinhas s\u00e3o as mais tocadas no carnaval - Transam\u00e9rica Mococa 93,3\",\"isPartOf\":{\"@id\":\"https:\\\/\\\/transamerica93.com.br\\\/home\\\/#website\"},\"primaryImageOfPage\":{\"@id\":\"https:\\\/\\\/transamerica93.com.br\\\/home\\\/ecad-diz-que-marchinhas-sao-as-mais-tocadas-no-carnaval\\\/#primaryimage\"},\"image\":{\"@id\":\"https:\\\/\\\/transamerica93.com.br\\\/home\\\/ecad-diz-que-marchinhas-sao-as-mais-tocadas-no-carnaval\\\/#primaryimage\"},\"thumbnailUrl\":\"https:\\\/\\\/transamerica93.com.br\\\/home\\\/wp-content\\\/uploads\\\/2024\\\/01\\\/imagem2.jpg\",\"datePublished\":\"2024-01-26T21:00:00+00:00\",\"breadcrumb\":{\"@id\":\"https:\\\/\\\/transamerica93.com.br\\\/home\\\/ecad-diz-que-marchinhas-sao-as-mais-tocadas-no-carnaval\\\/#breadcrumb\"},\"inLanguage\":\"pt-BR\",\"potentialAction\":[{\"@type\":\"ReadAction\",\"target\":[\"https:\\\/\\\/transamerica93.com.br\\\/home\\\/ecad-diz-que-marchinhas-sao-as-mais-tocadas-no-carnaval\\\/\"]}]},{\"@type\":\"ImageObject\",\"inLanguage\":\"pt-BR\",\"@id\":\"https:\\\/\\\/transamerica93.com.br\\\/home\\\/ecad-diz-que-marchinhas-sao-as-mais-tocadas-no-carnaval\\\/#primaryimage\",\"url\":\"https:\\\/\\\/transamerica93.com.br\\\/home\\\/wp-content\\\/uploads\\\/2024\\\/01\\\/imagem2.jpg\",\"contentUrl\":\"https:\\\/\\\/transamerica93.com.br\\\/home\\\/wp-content\\\/uploads\\\/2024\\\/01\\\/imagem2.jpg\",\"width\":1170,\"height\":700,\"caption\":\"\u00a9 Edson Lopes Jr \\\/ Prefeitura de S\u00e3o Paulo\"},{\"@type\":\"BreadcrumbList\",\"@id\":\"https:\\\/\\\/transamerica93.com.br\\\/home\\\/ecad-diz-que-marchinhas-sao-as-mais-tocadas-no-carnaval\\\/#breadcrumb\",\"itemListElement\":[{\"@type\":\"ListItem\",\"position\":1,\"name\":\"In\u00edcio\",\"item\":\"https:\\\/\\\/transamerica93.com.br\\\/home\\\/\"},{\"@type\":\"ListItem\",\"position\":2,\"name\":\"Ecad diz que marchinhas s\u00e3o as mais tocadas no carnaval\"}]},{\"@type\":\"WebSite\",\"@id\":\"https:\\\/\\\/transamerica93.com.br\\\/home\\\/#website\",\"url\":\"https:\\\/\\\/transamerica93.com.br\\\/home\\\/\",\"name\":\"Transam\u00e9rica Mococa 93,3\",\"description\":\"\",\"publisher\":{\"@id\":\"https:\\\/\\\/transamerica93.com.br\\\/home\\\/#organization\"},\"potentialAction\":[{\"@type\":\"SearchAction\",\"target\":{\"@type\":\"EntryPoint\",\"urlTemplate\":\"https:\\\/\\\/transamerica93.com.br\\\/home\\\/?s={search_term_string}\"},\"query-input\":{\"@type\":\"PropertyValueSpecification\",\"valueRequired\":true,\"valueName\":\"search_term_string\"}}],\"inLanguage\":\"pt-BR\"},{\"@type\":\"Organization\",\"@id\":\"https:\\\/\\\/transamerica93.com.br\\\/home\\\/#organization\",\"name\":\"Transam\u00e9rica Mococa 93,3\",\"url\":\"https:\\\/\\\/transamerica93.com.br\\\/home\\\/\",\"logo\":{\"@type\":\"ImageObject\",\"inLanguage\":\"pt-BR\",\"@id\":\"https:\\\/\\\/transamerica93.com.br\\\/home\\\/#\\\/schema\\\/logo\\\/image\\\/\",\"url\":\"https:\\\/\\\/transamerica93.com.br\\\/home\\\/wp-content\\\/uploads\\\/2023\\\/10\\\/logo2.png\",\"contentUrl\":\"https:\\\/\\\/transamerica93.com.br\\\/home\\\/wp-content\\\/uploads\\\/2023\\\/10\\\/logo2.png\",\"width\":800,\"height\":500,\"caption\":\"Transam\u00e9rica Mococa 93,3\"},\"image\":{\"@id\":\"https:\\\/\\\/transamerica93.com.br\\\/home\\\/#\\\/schema\\\/logo\\\/image\\\/\"},\"sameAs\":[\"https:\\\/\\\/www.facebook.com\\\/transamericamococa\",\"https:\\\/\\\/x.com\\\/transamerica933\",\"https:\\\/\\\/www.instagram.com\\\/transamericamococa\"]},{\"@type\":\"Person\",\"@id\":\"https:\\\/\\\/transamerica93.com.br\\\/home\\\/#\\\/schema\\\/person\\\/7fed7c99c0d4562efa8561bc0f543172\",\"name\":\"Reda\u00e7\u00e3o\",\"image\":{\"@type\":\"ImageObject\",\"inLanguage\":\"pt-BR\",\"@id\":\"https:\\\/\\\/secure.gravatar.com\\\/avatar\\\/1072c6b775fb02ef8506ce967551d95926669a6b7d2c2147b42eea4d7c68395e?s=96&d=mm&r=g\",\"url\":\"https:\\\/\\\/secure.gravatar.com\\\/avatar\\\/1072c6b775fb02ef8506ce967551d95926669a6b7d2c2147b42eea4d7c68395e?s=96&d=mm&r=g\",\"contentUrl\":\"https:\\\/\\\/secure.gravatar.com\\\/avatar\\\/1072c6b775fb02ef8506ce967551d95926669a6b7d2c2147b42eea4d7c68395e?s=96&d=mm&r=g\",\"caption\":\"Reda\u00e7\u00e3o\"},\"sameAs\":[\"https:\\\/\\\/transamerica93.com.br\\\/home\"],\"url\":\"https:\\\/\\\/transamerica93.com.br\\\/home\\\/author\\\/william\\\/\"}]}<\/script>\n<!-- \/ Yoast SEO plugin. -->","yoast_head_json":{"title":"Ecad diz que marchinhas s\u00e3o as mais tocadas no carnaval - Transam\u00e9rica Mococa 93,3","robots":{"index":"index","follow":"follow","max-snippet":"max-snippet:-1","max-image-preview":"max-image-preview:large","max-video-preview":"max-video-preview:-1"},"canonical":"https:\/\/transamerica93.com.br\/home\/ecad-diz-que-marchinhas-sao-as-mais-tocadas-no-carnaval\/","og_locale":"pt_BR","og_type":"article","og_title":"Ecad diz que marchinhas s\u00e3o as mais tocadas no carnaval - Transam\u00e9rica Mococa 93,3","og_description":"Levantamento do Escrit\u00f3rio Central de Arrecada\u00e7\u00e3o e Distribui\u00e7\u00e3o (Ecad), divulgado na \u00faltima quinta-feira (25), no Rio de Janeiro, indica que 14 das 20 m\u00fasicas mais tocadas em todo o Brasil no carnaval de 2023 eram marchinhas carnavalescas. Liderando o ranking aparece a m\u00fasica\u00a0Mam\u00e3e eu quero, de Jararaca e Vicente Paiva. No carnaval do ano passado, &hellip;","og_url":"https:\/\/transamerica93.com.br\/home\/ecad-diz-que-marchinhas-sao-as-mais-tocadas-no-carnaval\/","og_site_name":"Transam\u00e9rica Mococa 93,3","article_publisher":"https:\/\/www.facebook.com\/transamericamococa","article_published_time":"2024-01-26T21:00:00+00:00","og_image":[{"width":1170,"height":700,"url":"https:\/\/transamerica93.com.br\/home\/wp-content\/uploads\/2024\/01\/imagem2.jpg","type":"image\/jpeg"}],"author":"Reda\u00e7\u00e3o","twitter_card":"summary_large_image","twitter_creator":"@transamerica933","twitter_site":"@transamerica933","twitter_misc":{"Escrito por":"Reda\u00e7\u00e3o","Est. tempo de leitura":"6 minutos"},"schema":{"@context":"https:\/\/schema.org","@graph":[{"@type":"Article","@id":"https:\/\/transamerica93.com.br\/home\/ecad-diz-que-marchinhas-sao-as-mais-tocadas-no-carnaval\/#article","isPartOf":{"@id":"https:\/\/transamerica93.com.br\/home\/ecad-diz-que-marchinhas-sao-as-mais-tocadas-no-carnaval\/"},"author":{"name":"Reda\u00e7\u00e3o","@id":"https:\/\/transamerica93.com.br\/home\/#\/schema\/person\/7fed7c99c0d4562efa8561bc0f543172"},"headline":"Ecad diz que marchinhas s\u00e3o as mais tocadas no carnaval","datePublished":"2024-01-26T21:00:00+00:00","mainEntityOfPage":{"@id":"https:\/\/transamerica93.com.br\/home\/ecad-diz-que-marchinhas-sao-as-mais-tocadas-no-carnaval\/"},"wordCount":1028,"publisher":{"@id":"https:\/\/transamerica93.com.br\/home\/#organization"},"image":{"@id":"https:\/\/transamerica93.com.br\/home\/ecad-diz-que-marchinhas-sao-as-mais-tocadas-no-carnaval\/#primaryimage"},"thumbnailUrl":"https:\/\/transamerica93.com.br\/home\/wp-content\/uploads\/2024\/01\/imagem2.jpg","articleSection":["Entretenimento"],"inLanguage":"pt-BR"},{"@type":"WebPage","@id":"https:\/\/transamerica93.com.br\/home\/ecad-diz-que-marchinhas-sao-as-mais-tocadas-no-carnaval\/","url":"https:\/\/transamerica93.com.br\/home\/ecad-diz-que-marchinhas-sao-as-mais-tocadas-no-carnaval\/","name":"Ecad diz que marchinhas s\u00e3o as mais tocadas no carnaval - Transam\u00e9rica Mococa 93,3","isPartOf":{"@id":"https:\/\/transamerica93.com.br\/home\/#website"},"primaryImageOfPage":{"@id":"https:\/\/transamerica93.com.br\/home\/ecad-diz-que-marchinhas-sao-as-mais-tocadas-no-carnaval\/#primaryimage"},"image":{"@id":"https:\/\/transamerica93.com.br\/home\/ecad-diz-que-marchinhas-sao-as-mais-tocadas-no-carnaval\/#primaryimage"},"thumbnailUrl":"https:\/\/transamerica93.com.br\/home\/wp-content\/uploads\/2024\/01\/imagem2.jpg","datePublished":"2024-01-26T21:00:00+00:00","breadcrumb":{"@id":"https:\/\/transamerica93.com.br\/home\/ecad-diz-que-marchinhas-sao-as-mais-tocadas-no-carnaval\/#breadcrumb"},"inLanguage":"pt-BR","potentialAction":[{"@type":"ReadAction","target":["https:\/\/transamerica93.com.br\/home\/ecad-diz-que-marchinhas-sao-as-mais-tocadas-no-carnaval\/"]}]},{"@type":"ImageObject","inLanguage":"pt-BR","@id":"https:\/\/transamerica93.com.br\/home\/ecad-diz-que-marchinhas-sao-as-mais-tocadas-no-carnaval\/#primaryimage","url":"https:\/\/transamerica93.com.br\/home\/wp-content\/uploads\/2024\/01\/imagem2.jpg","contentUrl":"https:\/\/transamerica93.com.br\/home\/wp-content\/uploads\/2024\/01\/imagem2.jpg","width":1170,"height":700,"caption":"\u00a9 Edson Lopes Jr \/ Prefeitura de S\u00e3o Paulo"},{"@type":"BreadcrumbList","@id":"https:\/\/transamerica93.com.br\/home\/ecad-diz-que-marchinhas-sao-as-mais-tocadas-no-carnaval\/#breadcrumb","itemListElement":[{"@type":"ListItem","position":1,"name":"In\u00edcio","item":"https:\/\/transamerica93.com.br\/home\/"},{"@type":"ListItem","position":2,"name":"Ecad diz que marchinhas s\u00e3o as mais tocadas no carnaval"}]},{"@type":"WebSite","@id":"https:\/\/transamerica93.com.br\/home\/#website","url":"https:\/\/transamerica93.com.br\/home\/","name":"Transam\u00e9rica Mococa 93,3","description":"","publisher":{"@id":"https:\/\/transamerica93.com.br\/home\/#organization"},"potentialAction":[{"@type":"SearchAction","target":{"@type":"EntryPoint","urlTemplate":"https:\/\/transamerica93.com.br\/home\/?s={search_term_string}"},"query-input":{"@type":"PropertyValueSpecification","valueRequired":true,"valueName":"search_term_string"}}],"inLanguage":"pt-BR"},{"@type":"Organization","@id":"https:\/\/transamerica93.com.br\/home\/#organization","name":"Transam\u00e9rica Mococa 93,3","url":"https:\/\/transamerica93.com.br\/home\/","logo":{"@type":"ImageObject","inLanguage":"pt-BR","@id":"https:\/\/transamerica93.com.br\/home\/#\/schema\/logo\/image\/","url":"https:\/\/transamerica93.com.br\/home\/wp-content\/uploads\/2023\/10\/logo2.png","contentUrl":"https:\/\/transamerica93.com.br\/home\/wp-content\/uploads\/2023\/10\/logo2.png","width":800,"height":500,"caption":"Transam\u00e9rica Mococa 93,3"},"image":{"@id":"https:\/\/transamerica93.com.br\/home\/#\/schema\/logo\/image\/"},"sameAs":["https:\/\/www.facebook.com\/transamericamococa","https:\/\/x.com\/transamerica933","https:\/\/www.instagram.com\/transamericamococa"]},{"@type":"Person","@id":"https:\/\/transamerica93.com.br\/home\/#\/schema\/person\/7fed7c99c0d4562efa8561bc0f543172","name":"Reda\u00e7\u00e3o","image":{"@type":"ImageObject","inLanguage":"pt-BR","@id":"https:\/\/secure.gravatar.com\/avatar\/1072c6b775fb02ef8506ce967551d95926669a6b7d2c2147b42eea4d7c68395e?s=96&d=mm&r=g","url":"https:\/\/secure.gravatar.com\/avatar\/1072c6b775fb02ef8506ce967551d95926669a6b7d2c2147b42eea4d7c68395e?s=96&d=mm&r=g","contentUrl":"https:\/\/secure.gravatar.com\/avatar\/1072c6b775fb02ef8506ce967551d95926669a6b7d2c2147b42eea4d7c68395e?s=96&d=mm&r=g","caption":"Reda\u00e7\u00e3o"},"sameAs":["https:\/\/transamerica93.com.br\/home"],"url":"https:\/\/transamerica93.com.br\/home\/author\/william\/"}]}},"_links":{"self":[{"href":"https:\/\/transamerica93.com.br\/home\/wp-json\/wp\/v2\/posts\/2413","targetHints":{"allow":["GET"]}}],"collection":[{"href":"https:\/\/transamerica93.com.br\/home\/wp-json\/wp\/v2\/posts"}],"about":[{"href":"https:\/\/transamerica93.com.br\/home\/wp-json\/wp\/v2\/types\/post"}],"author":[{"embeddable":true,"href":"https:\/\/transamerica93.com.br\/home\/wp-json\/wp\/v2\/users\/1"}],"replies":[{"embeddable":true,"href":"https:\/\/transamerica93.com.br\/home\/wp-json\/wp\/v2\/comments?post=2413"}],"version-history":[{"count":2,"href":"https:\/\/transamerica93.com.br\/home\/wp-json\/wp\/v2\/posts\/2413\/revisions"}],"predecessor-version":[{"id":2415,"href":"https:\/\/transamerica93.com.br\/home\/wp-json\/wp\/v2\/posts\/2413\/revisions\/2415"}],"wp:featuredmedia":[{"embeddable":true,"href":"https:\/\/transamerica93.com.br\/home\/wp-json\/wp\/v2\/media\/2409"}],"wp:attachment":[{"href":"https:\/\/transamerica93.com.br\/home\/wp-json\/wp\/v2\/media?parent=2413"}],"wp:term":[{"taxonomy":"category","embeddable":true,"href":"https:\/\/transamerica93.com.br\/home\/wp-json\/wp\/v2\/categories?post=2413"},{"taxonomy":"post_tag","embeddable":true,"href":"https:\/\/transamerica93.com.br\/home\/wp-json\/wp\/v2\/tags?post=2413"}],"curies":[{"name":"wp","href":"https:\/\/api.w.org\/{rel}","templated":true}]}}