{"id":2424,"date":"2024-02-16T15:27:59","date_gmt":"2024-02-16T18:27:59","guid":{"rendered":"https:\/\/transamerica93.com.br\/home\/?p=2424"},"modified":"2024-02-16T15:27:59","modified_gmt":"2024-02-16T18:27:59","slug":"filipe-toledo-anuncia-pausa-temporaria-no-circuito-mundial-de-surfe","status":"publish","type":"post","link":"https:\/\/transamerica93.com.br\/home\/filipe-toledo-anuncia-pausa-temporaria-no-circuito-mundial-de-surfe\/","title":{"rendered":"Filipe Toledo anuncia pausa tempor\u00e1ria no Circuito Mundial de Surfe"},"content":{"rendered":"<div class=\"post-item-wrap\">\n<p>O Brasil tem um desfalque de peso para o restante da atual temporada do Circuito Mundial de Surfe, o atual bicampe\u00e3o mundial Filipe Toledo. O surfista de 28 anos natural de Ubatuba, S\u00e3o Paulo, afirmou que tomou a decis\u00e3o de interromper a sua participa\u00e7\u00e3o na competi\u00e7\u00e3o para tratar de sua sa\u00fade mental, informou a Liga Mundial de Surfe (WSL) em comunicado divulgado.<img decoding=\"async\" data-src=\"https:\/\/agenciabrasil.ebc.com.br\/ebc.png?id=1580717&amp;o=node\" src=\"data:image\/svg+xml;base64,PHN2ZyB3aWR0aD0iMSIgaGVpZ2h0PSIxIiB4bWxucz0iaHR0cDovL3d3dy53My5vcmcvMjAwMC9zdmciPjwvc3ZnPg==\" class=\"lazyload\" \/><img decoding=\"async\" data-src=\"https:\/\/agenciabrasil.ebc.com.br\/ebc.gif?id=1580717&amp;o=node\" src=\"data:image\/svg+xml;base64,PHN2ZyB3aWR0aD0iMSIgaGVpZ2h0PSIxIiB4bWxucz0iaHR0cDovL3d3dy53My5vcmcvMjAwMC9zdmciPjwvc3ZnPg==\" class=\"lazyload\" \/><\/p>\n<p>\u201c\u00c9 com tristeza no cora\u00e7\u00e3o que anuncio hoje [domingo] que estou me retirando do restante da temporada 2024 do Circuito Mundial. Esta decis\u00e3o tem sido muito dif\u00edcil para mim e foi tomada depois de dias de discuss\u00e3o com as pessoas mais pr\u00f3ximas de mim. A WSL tem me apoiado bastante e fico muito grato por terem me concedido o wildcard [convite] para o in\u00edcio da temporada de 2025. Estou comprometido em voltar melhor do que nunca\u201d, declarou o brasileiro, que conquistou os t\u00edtulos de 2022 e 2023.<\/p>\n<p>\u201cSempre fui muito honesto sobre alguns dos meus desafios, n\u00e3o apenas com as les\u00f5es, mas tamb\u00e9m com a quest\u00e3o da sa\u00fade mental. Competir no mais alto n\u00edvel na \u00faltima d\u00e9cada teve um impacto negativo sobre mim e necessito agora de uma pausa, para me recuperar para o pr\u00f3ximo cap\u00edtulo da minha carreira\u201d, completou.<\/p>\n<p>Filipe Toledo \u00e9 um dos representantes do Brasil confirmados no torneio de surfe dos Jogos de Paris. Al\u00e9m dele, o pa\u00eds j\u00e1 tem confirmados Jo\u00e3o Chianca, o Chumbinho, no masculino e Tatiana Weston-Webb no feminino.<\/p>\n<p>Com a sa\u00edda de Filipe Toledo o marroquino Ramzi Boukhiam receber\u00e1 a oportunidade de disputar as pr\u00f3ximas etapas do Circuito Mundial, se tornando desta forma o primeiro surfista do norte da \u00c1frica a fazer parte da divis\u00e3o de elite do surfe mundial.<\/p>\n<\/div>\n<p class=\"alt-font font-italic my-2 small text-info\">Edi\u00e7\u00e3o: F\u00e1bio Lisboa<\/p>\n","protected":false},"excerpt":{"rendered":"<p>O Brasil tem um desfalque de peso para o restante da atual temporada do Circuito Mundial de Surfe, o atual bicampe\u00e3o mundial Filipe Toledo. O surfista de 28 anos natural de Ubatuba, S\u00e3o Paulo, afirmou que tomou a decis\u00e3o de interromper a sua participa\u00e7\u00e3o na competi\u00e7\u00e3o para tratar de sua sa\u00fade mental, informou a Liga &hellip;<\/p>\n","protected":false},"author":1,"featured_media":2425,"comment_status":"closed","ping_status":"closed","sticky":false,"template":"","format":"standard","meta":{"footnotes":""},"categories":[31],"tags":[],"class_list":["post-2424","post","type-post","status-publish","format-standard","has-post-thumbnail","hentry","category-esportes"],"yoast_head":"<!-- This site is optimized with the Yoast SEO plugin v27.4 - https:\/\/yoast.com\/product\/yoast-seo-wordpress\/ -->\n<title>Filipe Toledo anuncia pausa tempor\u00e1ria no Circuito Mundial de Surfe - Transam\u00e9rica Mococa 93,3<\/title>\n<meta name=\"robots\" content=\"index, follow, max-snippet:-1, max-image-preview:large, max-video-preview:-1\" \/>\n<link rel=\"canonical\" href=\"https:\/\/transamerica93.com.br\/home\/filipe-toledo-anuncia-pausa-temporaria-no-circuito-mundial-de-surfe\/\" \/>\n<meta property=\"og:locale\" content=\"pt_BR\" \/>\n<meta property=\"og:type\" content=\"article\" \/>\n<meta property=\"og:title\" content=\"Filipe Toledo anuncia pausa tempor\u00e1ria no Circuito Mundial de Surfe - Transam\u00e9rica Mococa 93,3\" \/>\n<meta property=\"og:description\" content=\"O Brasil tem um desfalque de peso para o restante da atual temporada do Circuito Mundial de Surfe, o atual bicampe\u00e3o mundial Filipe Toledo. O surfista de 28 anos natural de Ubatuba, S\u00e3o Paulo, afirmou que tomou a decis\u00e3o de interromper a sua participa\u00e7\u00e3o na competi\u00e7\u00e3o para tratar de sua sa\u00fade mental, informou a Liga &hellip;\" \/>\n<meta property=\"og:url\" content=\"https:\/\/transamerica93.com.br\/home\/filipe-toledo-anuncia-pausa-temporaria-no-circuito-mundial-de-surfe\/\" \/>\n<meta property=\"og:site_name\" content=\"Transam\u00e9rica Mococa 93,3\" \/>\n<meta property=\"article:publisher\" content=\"https:\/\/www.facebook.com\/transamericamococa\" \/>\n<meta property=\"article:published_time\" content=\"2024-02-16T18:27:59+00:00\" \/>\n<meta property=\"og:image\" content=\"https:\/\/transamerica93.com.br\/home\/wp-content\/uploads\/2024\/02\/imagem-1.jpg\" \/>\n\t<meta property=\"og:image:width\" content=\"1170\" \/>\n\t<meta property=\"og:image:height\" content=\"700\" \/>\n\t<meta property=\"og:image:type\" content=\"image\/jpeg\" \/>\n<meta name=\"author\" content=\"Reda\u00e7\u00e3o\" \/>\n<meta name=\"twitter:card\" content=\"summary_large_image\" \/>\n<meta name=\"twitter:creator\" content=\"@transamerica933\" \/>\n<meta name=\"twitter:site\" content=\"@transamerica933\" \/>\n<meta name=\"twitter:label1\" content=\"Escrito por\" \/>\n\t<meta name=\"twitter:data1\" content=\"Reda\u00e7\u00e3o\" \/>\n\t<meta name=\"twitter:label2\" content=\"Est. tempo de leitura\" \/>\n\t<meta name=\"twitter:data2\" content=\"3 minutos\" \/>\n<script type=\"application\/ld+json\" class=\"yoast-schema-graph\">{\"@context\":\"https:\\\/\\\/schema.org\",\"@graph\":[{\"@type\":\"Article\",\"@id\":\"https:\\\/\\\/transamerica93.com.br\\\/home\\\/filipe-toledo-anuncia-pausa-temporaria-no-circuito-mundial-de-surfe\\\/#article\",\"isPartOf\":{\"@id\":\"https:\\\/\\\/transamerica93.com.br\\\/home\\\/filipe-toledo-anuncia-pausa-temporaria-no-circuito-mundial-de-surfe\\\/\"},\"author\":{\"name\":\"Reda\u00e7\u00e3o\",\"@id\":\"https:\\\/\\\/transamerica93.com.br\\\/home\\\/#\\\/schema\\\/person\\\/7fed7c99c0d4562efa8561bc0f543172\"},\"headline\":\"Filipe Toledo anuncia pausa tempor\u00e1ria no Circuito Mundial de Surfe\",\"datePublished\":\"2024-02-16T18:27:59+00:00\",\"mainEntityOfPage\":{\"@id\":\"https:\\\/\\\/transamerica93.com.br\\\/home\\\/filipe-toledo-anuncia-pausa-temporaria-no-circuito-mundial-de-surfe\\\/\"},\"wordCount\":316,\"publisher\":{\"@id\":\"https:\\\/\\\/transamerica93.com.br\\\/home\\\/#organization\"},\"image\":{\"@id\":\"https:\\\/\\\/transamerica93.com.br\\\/home\\\/filipe-toledo-anuncia-pausa-temporaria-no-circuito-mundial-de-surfe\\\/#primaryimage\"},\"thumbnailUrl\":\"https:\\\/\\\/transamerica93.com.br\\\/home\\\/wp-content\\\/uploads\\\/2024\\\/02\\\/imagem-1.jpg\",\"articleSection\":[\"Esportes\"],\"inLanguage\":\"pt-BR\"},{\"@type\":\"WebPage\",\"@id\":\"https:\\\/\\\/transamerica93.com.br\\\/home\\\/filipe-toledo-anuncia-pausa-temporaria-no-circuito-mundial-de-surfe\\\/\",\"url\":\"https:\\\/\\\/transamerica93.com.br\\\/home\\\/filipe-toledo-anuncia-pausa-temporaria-no-circuito-mundial-de-surfe\\\/\",\"name\":\"Filipe Toledo anuncia pausa tempor\u00e1ria no Circuito Mundial de Surfe - Transam\u00e9rica Mococa 93,3\",\"isPartOf\":{\"@id\":\"https:\\\/\\\/transamerica93.com.br\\\/home\\\/#website\"},\"primaryImageOfPage\":{\"@id\":\"https:\\\/\\\/transamerica93.com.br\\\/home\\\/filipe-toledo-anuncia-pausa-temporaria-no-circuito-mundial-de-surfe\\\/#primaryimage\"},\"image\":{\"@id\":\"https:\\\/\\\/transamerica93.com.br\\\/home\\\/filipe-toledo-anuncia-pausa-temporaria-no-circuito-mundial-de-surfe\\\/#primaryimage\"},\"thumbnailUrl\":\"https:\\\/\\\/transamerica93.com.br\\\/home\\\/wp-content\\\/uploads\\\/2024\\\/02\\\/imagem-1.jpg\",\"datePublished\":\"2024-02-16T18:27:59+00:00\",\"breadcrumb\":{\"@id\":\"https:\\\/\\\/transamerica93.com.br\\\/home\\\/filipe-toledo-anuncia-pausa-temporaria-no-circuito-mundial-de-surfe\\\/#breadcrumb\"},\"inLanguage\":\"pt-BR\",\"potentialAction\":[{\"@type\":\"ReadAction\",\"target\":[\"https:\\\/\\\/transamerica93.com.br\\\/home\\\/filipe-toledo-anuncia-pausa-temporaria-no-circuito-mundial-de-surfe\\\/\"]}]},{\"@type\":\"ImageObject\",\"inLanguage\":\"pt-BR\",\"@id\":\"https:\\\/\\\/transamerica93.com.br\\\/home\\\/filipe-toledo-anuncia-pausa-temporaria-no-circuito-mundial-de-surfe\\\/#primaryimage\",\"url\":\"https:\\\/\\\/transamerica93.com.br\\\/home\\\/wp-content\\\/uploads\\\/2024\\\/02\\\/imagem-1.jpg\",\"contentUrl\":\"https:\\\/\\\/transamerica93.com.br\\\/home\\\/wp-content\\\/uploads\\\/2024\\\/02\\\/imagem-1.jpg\",\"width\":1170,\"height\":700,\"caption\":\"\u00a9 Thiago Diz\\\/World Surf League\\\/Direitos Reservados\"},{\"@type\":\"BreadcrumbList\",\"@id\":\"https:\\\/\\\/transamerica93.com.br\\\/home\\\/filipe-toledo-anuncia-pausa-temporaria-no-circuito-mundial-de-surfe\\\/#breadcrumb\",\"itemListElement\":[{\"@type\":\"ListItem\",\"position\":1,\"name\":\"In\u00edcio\",\"item\":\"https:\\\/\\\/transamerica93.com.br\\\/home\\\/\"},{\"@type\":\"ListItem\",\"position\":2,\"name\":\"Filipe Toledo anuncia pausa tempor\u00e1ria no Circuito Mundial de Surfe\"}]},{\"@type\":\"WebSite\",\"@id\":\"https:\\\/\\\/transamerica93.com.br\\\/home\\\/#website\",\"url\":\"https:\\\/\\\/transamerica93.com.br\\\/home\\\/\",\"name\":\"Transam\u00e9rica Mococa 93,3\",\"description\":\"\",\"publisher\":{\"@id\":\"https:\\\/\\\/transamerica93.com.br\\\/home\\\/#organization\"},\"potentialAction\":[{\"@type\":\"SearchAction\",\"target\":{\"@type\":\"EntryPoint\",\"urlTemplate\":\"https:\\\/\\\/transamerica93.com.br\\\/home\\\/?s={search_term_string}\"},\"query-input\":{\"@type\":\"PropertyValueSpecification\",\"valueRequired\":true,\"valueName\":\"search_term_string\"}}],\"inLanguage\":\"pt-BR\"},{\"@type\":\"Organization\",\"@id\":\"https:\\\/\\\/transamerica93.com.br\\\/home\\\/#organization\",\"name\":\"Transam\u00e9rica Mococa 93,3\",\"url\":\"https:\\\/\\\/transamerica93.com.br\\\/home\\\/\",\"logo\":{\"@type\":\"ImageObject\",\"inLanguage\":\"pt-BR\",\"@id\":\"https:\\\/\\\/transamerica93.com.br\\\/home\\\/#\\\/schema\\\/logo\\\/image\\\/\",\"url\":\"https:\\\/\\\/transamerica93.com.br\\\/home\\\/wp-content\\\/uploads\\\/2023\\\/10\\\/logo2.png\",\"contentUrl\":\"https:\\\/\\\/transamerica93.com.br\\\/home\\\/wp-content\\\/uploads\\\/2023\\\/10\\\/logo2.png\",\"width\":800,\"height\":500,\"caption\":\"Transam\u00e9rica Mococa 93,3\"},\"image\":{\"@id\":\"https:\\\/\\\/transamerica93.com.br\\\/home\\\/#\\\/schema\\\/logo\\\/image\\\/\"},\"sameAs\":[\"https:\\\/\\\/www.facebook.com\\\/transamericamococa\",\"https:\\\/\\\/x.com\\\/transamerica933\",\"https:\\\/\\\/www.instagram.com\\\/transamericamococa\"]},{\"@type\":\"Person\",\"@id\":\"https:\\\/\\\/transamerica93.com.br\\\/home\\\/#\\\/schema\\\/person\\\/7fed7c99c0d4562efa8561bc0f543172\",\"name\":\"Reda\u00e7\u00e3o\",\"image\":{\"@type\":\"ImageObject\",\"inLanguage\":\"pt-BR\",\"@id\":\"https:\\\/\\\/secure.gravatar.com\\\/avatar\\\/1072c6b775fb02ef8506ce967551d95926669a6b7d2c2147b42eea4d7c68395e?s=96&d=mm&r=g\",\"url\":\"https:\\\/\\\/secure.gravatar.com\\\/avatar\\\/1072c6b775fb02ef8506ce967551d95926669a6b7d2c2147b42eea4d7c68395e?s=96&d=mm&r=g\",\"contentUrl\":\"https:\\\/\\\/secure.gravatar.com\\\/avatar\\\/1072c6b775fb02ef8506ce967551d95926669a6b7d2c2147b42eea4d7c68395e?s=96&d=mm&r=g\",\"caption\":\"Reda\u00e7\u00e3o\"},\"sameAs\":[\"https:\\\/\\\/transamerica93.com.br\\\/home\"],\"url\":\"https:\\\/\\\/transamerica93.com.br\\\/home\\\/author\\\/william\\\/\"}]}<\/script>\n<!-- \/ Yoast SEO plugin. -->","yoast_head_json":{"title":"Filipe Toledo anuncia pausa tempor\u00e1ria no Circuito Mundial de Surfe - Transam\u00e9rica Mococa 93,3","robots":{"index":"index","follow":"follow","max-snippet":"max-snippet:-1","max-image-preview":"max-image-preview:large","max-video-preview":"max-video-preview:-1"},"canonical":"https:\/\/transamerica93.com.br\/home\/filipe-toledo-anuncia-pausa-temporaria-no-circuito-mundial-de-surfe\/","og_locale":"pt_BR","og_type":"article","og_title":"Filipe Toledo anuncia pausa tempor\u00e1ria no Circuito Mundial de Surfe - Transam\u00e9rica Mococa 93,3","og_description":"O Brasil tem um desfalque de peso para o restante da atual temporada do Circuito Mundial de Surfe, o atual bicampe\u00e3o mundial Filipe Toledo. O surfista de 28 anos natural de Ubatuba, S\u00e3o Paulo, afirmou que tomou a decis\u00e3o de interromper a sua participa\u00e7\u00e3o na competi\u00e7\u00e3o para tratar de sua sa\u00fade mental, informou a Liga &hellip;","og_url":"https:\/\/transamerica93.com.br\/home\/filipe-toledo-anuncia-pausa-temporaria-no-circuito-mundial-de-surfe\/","og_site_name":"Transam\u00e9rica Mococa 93,3","article_publisher":"https:\/\/www.facebook.com\/transamericamococa","article_published_time":"2024-02-16T18:27:59+00:00","og_image":[{"width":1170,"height":700,"url":"https:\/\/transamerica93.com.br\/home\/wp-content\/uploads\/2024\/02\/imagem-1.jpg","type":"image\/jpeg"}],"author":"Reda\u00e7\u00e3o","twitter_card":"summary_large_image","twitter_creator":"@transamerica933","twitter_site":"@transamerica933","twitter_misc":{"Escrito por":"Reda\u00e7\u00e3o","Est. tempo de leitura":"3 minutos"},"schema":{"@context":"https:\/\/schema.org","@graph":[{"@type":"Article","@id":"https:\/\/transamerica93.com.br\/home\/filipe-toledo-anuncia-pausa-temporaria-no-circuito-mundial-de-surfe\/#article","isPartOf":{"@id":"https:\/\/transamerica93.com.br\/home\/filipe-toledo-anuncia-pausa-temporaria-no-circuito-mundial-de-surfe\/"},"author":{"name":"Reda\u00e7\u00e3o","@id":"https:\/\/transamerica93.com.br\/home\/#\/schema\/person\/7fed7c99c0d4562efa8561bc0f543172"},"headline":"Filipe Toledo anuncia pausa tempor\u00e1ria no Circuito Mundial de Surfe","datePublished":"2024-02-16T18:27:59+00:00","mainEntityOfPage":{"@id":"https:\/\/transamerica93.com.br\/home\/filipe-toledo-anuncia-pausa-temporaria-no-circuito-mundial-de-surfe\/"},"wordCount":316,"publisher":{"@id":"https:\/\/transamerica93.com.br\/home\/#organization"},"image":{"@id":"https:\/\/transamerica93.com.br\/home\/filipe-toledo-anuncia-pausa-temporaria-no-circuito-mundial-de-surfe\/#primaryimage"},"thumbnailUrl":"https:\/\/transamerica93.com.br\/home\/wp-content\/uploads\/2024\/02\/imagem-1.jpg","articleSection":["Esportes"],"inLanguage":"pt-BR"},{"@type":"WebPage","@id":"https:\/\/transamerica93.com.br\/home\/filipe-toledo-anuncia-pausa-temporaria-no-circuito-mundial-de-surfe\/","url":"https:\/\/transamerica93.com.br\/home\/filipe-toledo-anuncia-pausa-temporaria-no-circuito-mundial-de-surfe\/","name":"Filipe Toledo anuncia pausa tempor\u00e1ria no Circuito Mundial de Surfe - Transam\u00e9rica Mococa 93,3","isPartOf":{"@id":"https:\/\/transamerica93.com.br\/home\/#website"},"primaryImageOfPage":{"@id":"https:\/\/transamerica93.com.br\/home\/filipe-toledo-anuncia-pausa-temporaria-no-circuito-mundial-de-surfe\/#primaryimage"},"image":{"@id":"https:\/\/transamerica93.com.br\/home\/filipe-toledo-anuncia-pausa-temporaria-no-circuito-mundial-de-surfe\/#primaryimage"},"thumbnailUrl":"https:\/\/transamerica93.com.br\/home\/wp-content\/uploads\/2024\/02\/imagem-1.jpg","datePublished":"2024-02-16T18:27:59+00:00","breadcrumb":{"@id":"https:\/\/transamerica93.com.br\/home\/filipe-toledo-anuncia-pausa-temporaria-no-circuito-mundial-de-surfe\/#breadcrumb"},"inLanguage":"pt-BR","potentialAction":[{"@type":"ReadAction","target":["https:\/\/transamerica93.com.br\/home\/filipe-toledo-anuncia-pausa-temporaria-no-circuito-mundial-de-surfe\/"]}]},{"@type":"ImageObject","inLanguage":"pt-BR","@id":"https:\/\/transamerica93.com.br\/home\/filipe-toledo-anuncia-pausa-temporaria-no-circuito-mundial-de-surfe\/#primaryimage","url":"https:\/\/transamerica93.com.br\/home\/wp-content\/uploads\/2024\/02\/imagem-1.jpg","contentUrl":"https:\/\/transamerica93.com.br\/home\/wp-content\/uploads\/2024\/02\/imagem-1.jpg","width":1170,"height":700,"caption":"\u00a9 Thiago Diz\/World Surf League\/Direitos Reservados"},{"@type":"BreadcrumbList","@id":"https:\/\/transamerica93.com.br\/home\/filipe-toledo-anuncia-pausa-temporaria-no-circuito-mundial-de-surfe\/#breadcrumb","itemListElement":[{"@type":"ListItem","position":1,"name":"In\u00edcio","item":"https:\/\/transamerica93.com.br\/home\/"},{"@type":"ListItem","position":2,"name":"Filipe Toledo anuncia pausa tempor\u00e1ria no Circuito Mundial de Surfe"}]},{"@type":"WebSite","@id":"https:\/\/transamerica93.com.br\/home\/#website","url":"https:\/\/transamerica93.com.br\/home\/","name":"Transam\u00e9rica Mococa 93,3","description":"","publisher":{"@id":"https:\/\/transamerica93.com.br\/home\/#organization"},"potentialAction":[{"@type":"SearchAction","target":{"@type":"EntryPoint","urlTemplate":"https:\/\/transamerica93.com.br\/home\/?s={search_term_string}"},"query-input":{"@type":"PropertyValueSpecification","valueRequired":true,"valueName":"search_term_string"}}],"inLanguage":"pt-BR"},{"@type":"Organization","@id":"https:\/\/transamerica93.com.br\/home\/#organization","name":"Transam\u00e9rica Mococa 93,3","url":"https:\/\/transamerica93.com.br\/home\/","logo":{"@type":"ImageObject","inLanguage":"pt-BR","@id":"https:\/\/transamerica93.com.br\/home\/#\/schema\/logo\/image\/","url":"https:\/\/transamerica93.com.br\/home\/wp-content\/uploads\/2023\/10\/logo2.png","contentUrl":"https:\/\/transamerica93.com.br\/home\/wp-content\/uploads\/2023\/10\/logo2.png","width":800,"height":500,"caption":"Transam\u00e9rica Mococa 93,3"},"image":{"@id":"https:\/\/transamerica93.com.br\/home\/#\/schema\/logo\/image\/"},"sameAs":["https:\/\/www.facebook.com\/transamericamococa","https:\/\/x.com\/transamerica933","https:\/\/www.instagram.com\/transamericamococa"]},{"@type":"Person","@id":"https:\/\/transamerica93.com.br\/home\/#\/schema\/person\/7fed7c99c0d4562efa8561bc0f543172","name":"Reda\u00e7\u00e3o","image":{"@type":"ImageObject","inLanguage":"pt-BR","@id":"https:\/\/secure.gravatar.com\/avatar\/1072c6b775fb02ef8506ce967551d95926669a6b7d2c2147b42eea4d7c68395e?s=96&d=mm&r=g","url":"https:\/\/secure.gravatar.com\/avatar\/1072c6b775fb02ef8506ce967551d95926669a6b7d2c2147b42eea4d7c68395e?s=96&d=mm&r=g","contentUrl":"https:\/\/secure.gravatar.com\/avatar\/1072c6b775fb02ef8506ce967551d95926669a6b7d2c2147b42eea4d7c68395e?s=96&d=mm&r=g","caption":"Reda\u00e7\u00e3o"},"sameAs":["https:\/\/transamerica93.com.br\/home"],"url":"https:\/\/transamerica93.com.br\/home\/author\/william\/"}]}},"_links":{"self":[{"href":"https:\/\/transamerica93.com.br\/home\/wp-json\/wp\/v2\/posts\/2424","targetHints":{"allow":["GET"]}}],"collection":[{"href":"https:\/\/transamerica93.com.br\/home\/wp-json\/wp\/v2\/posts"}],"about":[{"href":"https:\/\/transamerica93.com.br\/home\/wp-json\/wp\/v2\/types\/post"}],"author":[{"embeddable":true,"href":"https:\/\/transamerica93.com.br\/home\/wp-json\/wp\/v2\/users\/1"}],"replies":[{"embeddable":true,"href":"https:\/\/transamerica93.com.br\/home\/wp-json\/wp\/v2\/comments?post=2424"}],"version-history":[{"count":1,"href":"https:\/\/transamerica93.com.br\/home\/wp-json\/wp\/v2\/posts\/2424\/revisions"}],"predecessor-version":[{"id":2426,"href":"https:\/\/transamerica93.com.br\/home\/wp-json\/wp\/v2\/posts\/2424\/revisions\/2426"}],"wp:featuredmedia":[{"embeddable":true,"href":"https:\/\/transamerica93.com.br\/home\/wp-json\/wp\/v2\/media\/2425"}],"wp:attachment":[{"href":"https:\/\/transamerica93.com.br\/home\/wp-json\/wp\/v2\/media?parent=2424"}],"wp:term":[{"taxonomy":"category","embeddable":true,"href":"https:\/\/transamerica93.com.br\/home\/wp-json\/wp\/v2\/categories?post=2424"},{"taxonomy":"post_tag","embeddable":true,"href":"https:\/\/transamerica93.com.br\/home\/wp-json\/wp\/v2\/tags?post=2424"}],"curies":[{"name":"wp","href":"https:\/\/api.w.org\/{rel}","templated":true}]}}