{"id":2432,"date":"2024-02-19T09:00:07","date_gmt":"2024-02-19T12:00:07","guid":{"rendered":"https:\/\/transamerica93.com.br\/home\/?p=2432"},"modified":"2024-02-17T01:35:46","modified_gmt":"2024-02-17T04:35:46","slug":"eleicoes-2024-115-mil-eleitores-da-regiao-precisam-regularizar-titulo-para-votar-em-outubro-saiba-como","status":"publish","type":"post","link":"https:\/\/transamerica93.com.br\/home\/eleicoes-2024-115-mil-eleitores-da-regiao-precisam-regularizar-titulo-para-votar-em-outubro-saiba-como\/","title":{"rendered":"Elei\u00e7\u00f5es 2024: 115 mil eleitores da regi\u00e3o precisam regularizar t\u00edtulo para votar em outubro; saiba como"},"content":{"rendered":"<div id=\"chunk-d734e\">\n<div class=\"mc-column content-text active-extra-styles \" data-block-type=\"unstyled\" data-block-weight=\"29\" data-block-id=\"2\">\n<p class=\" content-text__container \" data-track-category=\"Link no Texto\" data-track-links=\"\">As 42 cidades da regi\u00e3o de cobertura do g1 S\u00e3o Carlos e\u00a0<a class=\"\" href=\"https:\/\/g1.globo.com\/sp\/sao-carlos-regiao\/cidade\/araraquara\/\">Araraquara<\/a>\u00a0t\u00eam 115 mil eleitores com o t\u00edtulo cancelado, segundo dados do Tribunal Regional Eleitoral (TRE-SP).<\/p>\n<\/div>\n<\/div>\n<div class=\"wall protected-content\">\n<div id=\"chunk-441j3\">\n<div class=\"mc-column content-text active-extra-styles \" data-block-type=\"unstyled\" data-block-weight=\"34\" data-block-id=\"4\">\n<p class=\" content-text__container \" data-track-category=\"Link no Texto\" data-track-links=\"\">O prazo para regularizar a situa\u00e7\u00e3o com a Justi\u00e7a Eleitoral e votar em 2024 \u00e9 8 de maio, exatos 150 dias antes do pleito.\u00a0<strong><em>Veja abaixo como fazer e os n\u00fameros por cidade. \ud83d\udc47<\/em><\/strong><\/p>\n<\/div>\n<\/div>\n<div id=\"chunk-3ei3l\">\n<div class=\"mc-column content-text active-extra-styles \" data-block-type=\"unstyled\" data-block-weight=\"45\" data-block-id=\"6\">\n<p class=\" content-text__container \" data-track-category=\"Link no Texto\" data-track-links=\"\">Segundo a Justi\u00e7a Eleitoral, os t\u00edtulos s\u00e3o cancelados por aus\u00eancia \u00e0s urnas em tr\u00eas turnos de elei\u00e7\u00e3o. Para regularizar, os eleitores devem fazer uma revis\u00e3o de dados ou transfer\u00eancia (se tiver mudado o seu domic\u00edlio) para ficar em situa\u00e7\u00e3o regular e votar nas Elei\u00e7\u00f5es 2024.<\/p>\n<\/div>\n<\/div>\n<div id=\"chunk-5gp86\">\n<div class=\"mc-column content-text active-extra-styles \" data-block-type=\"unstyled\" data-block-weight=\"43\" data-block-id=\"8\">\n<p class=\" content-text__container \" data-track-category=\"Link no Texto\" data-track-links=\"\">As Elei\u00e7\u00f5es 2024 acontecem em 6 de outubro, quando os munic\u00edpios v\u00e3o escolher prefeitos, vice-prefeitos e vereadores. J\u00e1 o segundo turno ocorrer\u00e1 no dia 27 de outubro, onde for necess\u00e1rio, para a escolha de prefeito em munic\u00edpios com mais de 200 mil eleitores.<\/p>\n<\/div>\n<\/div>\n<div id=\"chunk-aq9a4\">\n<div class=\"mc-column content-text active-extra-styles\" data-block-type=\"raw\" data-block-weight=\"4\" data-block-id=\"9\">\n<div class=\"content-intertitle\">\n<h2>Como consultar situa\u00e7\u00e3o \u2705<\/h2>\n<\/div>\n<\/div>\n<\/div>\n<div id=\"chunk-c9ohb\">\n<div class=\"mc-column content-text active-extra-styles \" data-block-type=\"unstyled\" data-block-weight=\"16\" data-block-id=\"11\">\n<p class=\" content-text__container \" data-track-category=\"Link no Texto\" data-track-links=\"\">\u00c9 poss\u00edvel consultar a situa\u00e7\u00e3o do t\u00edtulo pelo site do TSE, conforme o passo a passo:<\/p>\n<\/div>\n<\/div>\n<div id=\"chunk-cam65\">\n<div class=\"mc-column content-text active-extra-styles\" data-block-type=\"raw\" data-block-weight=\"36\" data-block-id=\"12\">\n<ul class=\"content-unordered-list\">\n<li>Acessar o site:\u00a0<a class=\"\" href=\"http:\/\/www.tse.jus.br\/\" target=\"_blank\" rel=\"noopener\">www.tse.jus.br<\/a><\/li>\n<li>Clicar no bot\u00e3o &#8220;Situa\u00e7\u00e3o eleitoral&#8221;<\/li>\n<li>Digitar o n\u00ba do t\u00edtulo, CPF ou nome e clicar em &#8220;Consultar&#8221;<\/li>\n<li>O site vai mostrar a situa\u00e7\u00e3o e se o eleitor tem ou n\u00e3o biometria cadastrada<\/li>\n<\/ul>\n<\/div>\n<\/div>\n<div id=\"chunk-5isrb\">\n<div class=\"mc-column content-text active-extra-styles\" data-block-type=\"raw\" data-block-weight=\"3\" data-block-id=\"13\">\n<div class=\"content-intertitle\">\n<h2>Como regularizar t\u00edtulo<\/h2>\n<\/div>\n<\/div>\n<\/div>\n<div id=\"chunk-2pq4s\">\n<div class=\"mc-column content-text active-extra-styles \" data-block-type=\"unstyled\" data-block-weight=\"51\" data-block-id=\"15\">\n<p class=\" content-text__container \" data-track-category=\"Link no Texto\" data-track-links=\"\">Caso esteja irregular, o primeiro passo para o eleitor regularizar o t\u00edtulo \u00e9\u00a0<strong><span class=\"highlight highlighted\">pagar uma multa de R$ 3,51 por turno em que n\u00e3o votou e n\u00e3o justificou<\/span><\/strong>. A guia de recolhimento pode ser emitida online no\u00a0<a class=\"\" href=\"https:\/\/www.tre-sp.jus.br\/servicos-eleitorais\/atendimento-online\/tre-sp-quitacao-de-multas\" target=\"_blank\" rel=\"noopener\">site do Tribunal<\/a>, no bot\u00e3o &#8220;guia de multa para pagamento&#8221;, ou pelo app\u00a0<a class=\"\" href=\"https:\/\/www.tre-sp.jus.br\/comunicacao\/noticias\/2023\/Maio\/aplicativo-e-titulo-libera-novos-servicos-e-conferencia-biometrica-facial-pelo-celular\" target=\"_blank\" rel=\"noopener\">E-T\u00edtulo<\/a>.<\/p>\n<\/div>\n<\/div>\n<div id=\"chunk-dp5a0\">\n<div class=\"mc-column content-text active-extra-styles \" data-block-type=\"unstyled\" data-block-weight=\"24\" data-block-id=\"16\">\n<p class=\" content-text__container \" data-track-category=\"Link no Texto\" data-track-links=\"\">Ap\u00f3s o pagamento, \u00e9 necess\u00e1rio fazer a revis\u00e3o dos dados eleitorais, que tamb\u00e9m pode ser feita online pelo site do TSE, no\u00a0<a class=\"\" href=\"https:\/\/www.tse.jus.br\/servicos-eleitorais\/autoatendimento-eleitoral#\/\" target=\"_blank\" rel=\"noopener\">Autoatendimento Eleitoral<\/a>.<\/p>\n<\/div>\n<\/div>\n<div id=\"chunk-673qr\">\n<div class=\"mc-column content-text active-extra-styles \" data-block-type=\"unstyled\" data-block-weight=\"20\" data-block-id=\"17\">\n<p class=\" content-text__container \" data-track-category=\"Link no Texto\" data-track-links=\"\">No site, basta clicar em\u00a0<strong>T\u00edtulo Eleitoral &gt; Regularize seu t\u00edtulo eleitoral cancelado<\/strong>\u00a0e preencher os dados solicitados pelo sistema.<\/p>\n<\/div>\n<\/div>\n<div id=\"chunk-cadv\">\n<div class=\"mc-column content-text active-extra-styles \" data-block-type=\"unstyled\" data-block-weight=\"37\" data-block-id=\"18\">\n<p class=\" content-text__container \" data-track-category=\"Link no Texto\" data-track-links=\"\">Tamb\u00e9m \u00e9 poss\u00edvel fazer a regulariza\u00e7\u00e3o de forma presencial. O atendimento nos cart\u00f3rios eleitorais ou nos postos de atendimento \u00e9 realizado por agendamento atrav\u00e9s do site\u00a0<a class=\"\" href=\"http:\/\/www.tre-sp.jus.br\/\" target=\"_blank\" rel=\"noopener\">www.tre-sp.jus.br<\/a>, em\u00a0<strong>Eleitor &gt; Atendimento Online &gt; Agendamento para atendimento presencial<\/strong>.<\/p>\n<\/div>\n<\/div>\n<div id=\"chunk-9j0vc\">\n<div class=\"mc-column content-text active-extra-styles\" data-block-type=\"raw\" data-block-weight=\"5\" data-block-id=\"19\">\n<p class=\"content-text__container\">\n<div class=\"content-intertitle\">\n<h2>N\u00famero de cancelados por cidade<\/h2>\n<\/div>\n<\/div>\n<\/div>\n<div id=\"chunk-cnhf1\">\n<div class=\"mc-column content-text active-extra-styles\" data-block-type=\"raw\" data-block-weight=\"123\" data-block-id=\"20\">\n<ul class=\"content-unordered-list\">\n<li><a class=\"\" href=\"https:\/\/g1.globo.com\/sp\/sao-carlos-regiao\/cidade\/aguai\/\">Agua\u00ed<\/a>: 2.116<\/li>\n<li><a class=\"\" href=\"https:\/\/g1.globo.com\/sp\/sao-carlos-regiao\/cidade\/aguas-da-prata\/\">\u00c1guas da Prata<\/a>: 724<\/li>\n<li><a class=\"\" href=\"https:\/\/g1.globo.com\/sp\/sao-carlos-regiao\/cidade\/americo-brasiliense\/\">Am\u00e9rico Brasiliense<\/a>: 2.524<\/li>\n<li><a class=\"\" href=\"https:\/\/g1.globo.com\/sp\/sao-carlos-regiao\/cidade\/analandia\/\">Anal\u00e2ndia<\/a>: 262<\/li>\n<li>Araraquara: 18.848<\/li>\n<li><a class=\"\" href=\"https:\/\/g1.globo.com\/sp\/sao-carlos-regiao\/cidade\/araras-sp\/\">Araras<\/a>: 9.698<\/li>\n<li><a class=\"\" href=\"https:\/\/g1.globo.com\/sp\/sao-carlos-regiao\/cidade\/boa-esperanca-do-sul\/\">Boa Esperan\u00e7a do Sul<\/a>: 1.020<\/li>\n<li><a class=\"\" href=\"https:\/\/g1.globo.com\/sp\/sao-carlos-regiao\/cidade\/brotas\/\">Brotas<\/a>: 2.080<\/li>\n<li><a class=\"\" href=\"https:\/\/g1.globo.com\/sp\/sao-carlos-regiao\/cidade\/caconde\/\">Caconde<\/a>: 1.492<\/li>\n<li><a class=\"\" href=\"https:\/\/g1.globo.com\/sp\/sao-carlos-regiao\/cidade\/casa-branca\/\">Casa Branca<\/a>: 2.362<\/li>\n<li><a class=\"\" href=\"https:\/\/g1.globo.com\/sp\/sao-carlos-regiao\/cidade\/conchal\/\">Conchal<\/a>: 1.615<\/li>\n<li><a class=\"\" href=\"https:\/\/g1.globo.com\/sp\/sao-carlos-regiao\/cidade\/corumbatai\/\">Corumbata\u00ed<\/a>: 204<\/li>\n<li><a class=\"\" href=\"https:\/\/g1.globo.com\/sp\/sao-carlos-regiao\/cidade\/descalvado\/\">Descalvado<\/a>: 1.467<\/li>\n<li><a class=\"\" href=\"https:\/\/g1.globo.com\/sp\/sao-carlos-regiao\/cidade\/divinolandia\/\">Divinol\u00e2ndia<\/a>: 590<\/li>\n<li><a class=\"\" href=\"https:\/\/g1.globo.com\/sp\/sao-carlos-regiao\/cidade\/dourado\/\">Dourado<\/a>: 747<\/li>\n<li><a class=\"\" href=\"https:\/\/g1.globo.com\/sp\/sao-carlos-regiao\/cidade\/gaviao-peixoto\/\">Gavi\u00e3o Peixoto<\/a>: 227<\/li>\n<li><a class=\"\" href=\"https:\/\/g1.globo.com\/sp\/sao-carlos-regiao\/cidade\/ibate\/\">Ibat\u00e9<\/a>: 771<\/li>\n<li><a class=\"\" href=\"https:\/\/g1.globo.com\/sp\/sao-carlos-regiao\/cidade\/itirapina\/\">Itirapina<\/a>: 534<\/li>\n<li><a class=\"\" href=\"https:\/\/g1.globo.com\/sp\/sao-carlos-regiao\/cidade\/itobi\/\">Itobi<\/a>: 609<\/li>\n<li><a class=\"\" href=\"https:\/\/g1.globo.com\/sp\/sao-carlos-regiao\/cidade\/leme\/\">Leme<\/a>: 5.929<\/li>\n<li><a class=\"\" href=\"https:\/\/g1.globo.com\/sp\/sao-carlos-regiao\/cidade\/matao\/\">Mat\u00e3o<\/a>: 3.346<\/li>\n<li><a class=\"\" href=\"https:\/\/g1.globo.com\/sp\/sao-carlos-regiao\/cidade\/mococa\/\">Mococa<\/a>: 7.676<\/li>\n<li><a class=\"\" href=\"https:\/\/g1.globo.com\/sp\/sao-carlos-regiao\/cidade\/motuca\/\">Motuca<\/a>: 257<\/li>\n<li><a class=\"\" href=\"https:\/\/g1.globo.com\/sp\/sao-carlos-regiao\/cidade\/nova-europa\/\">Nova Europa<\/a>: 776<\/li>\n<li><a class=\"\" href=\"https:\/\/g1.globo.com\/sp\/sao-carlos-regiao\/cidade\/pirassununga\/\">Pirassununga<\/a>: 5.598<\/li>\n<li><a class=\"\" href=\"https:\/\/g1.globo.com\/sp\/sao-carlos-regiao\/cidade\/porto-ferreira\/\">Porto Ferreira<\/a>: 3.806<\/li>\n<li><a class=\"\" href=\"https:\/\/g1.globo.com\/sp\/sao-carlos-regiao\/cidade\/ribeirao-bonito\/\">Ribeir\u00e3o Bonito<\/a>: 846<\/li>\n<li><a class=\"\" href=\"https:\/\/g1.globo.com\/sp\/sao-carlos-regiao\/cidade\/rincao\/\">Rinc\u00e3o<\/a>: 857<\/li>\n<li><a class=\"\" href=\"https:\/\/g1.globo.com\/sp\/sao-carlos-regiao\/cidade\/rio-claro-sp\/\">Rio Claro<\/a>: 10.129<\/li>\n<li><a class=\"\" href=\"https:\/\/g1.globo.com\/sp\/sao-carlos-regiao\/cidade\/santa-cruz-da-conceicao\/\">Santa Cruz da Concei\u00e7\u00e3o<\/a>: 191<\/li>\n<li><a class=\"\" href=\"https:\/\/g1.globo.com\/sp\/sao-carlos-regiao\/cidade\/santa-cruz-das-palmeiras\/\">Santa Cruz das Palmeiras<\/a>: 2.528<\/li>\n<li><a class=\"\" href=\"https:\/\/g1.globo.com\/sp\/sao-carlos-regiao\/cidade\/santa-gertrudes\/\">Santa Gertrudes<\/a>: 734<\/li>\n<li><a class=\"\" href=\"https:\/\/g1.globo.com\/sp\/sao-carlos-regiao\/cidade\/santa-lucia-sp\/\">Santa L\u00facia<\/a>: 732<\/li>\n<li><a class=\"\" href=\"https:\/\/g1.globo.com\/sp\/sao-carlos-regiao\/cidade\/santa-rita-do-passa-quatro\/\">Santa Rita do Passa Quatro<\/a>: 1.541<\/li>\n<li><a class=\"\" href=\"http:\/\/g1.com.br\/saocarlos\" target=\"_blank\" rel=\"noopener\">S\u00e3o Carlos<\/a>: 4.616<\/li>\n<li><a class=\"\" href=\"https:\/\/g1.globo.com\/sp\/sao-carlos-regiao\/cidade\/sao-joao-da-boa-vista\/\">S\u00e3o Jo\u00e3o da Boa Vista<\/a>: 7.110<\/li>\n<li><a class=\"\" href=\"https:\/\/g1.globo.com\/sp\/sao-carlos-regiao\/cidade\/sao-jose-do-rio-pardo\/\">S\u00e3o Jos\u00e9 do Rio Pardo<\/a>: 4.228<\/li>\n<li><a class=\"\" href=\"https:\/\/g1.globo.com\/sp\/sao-carlos-regiao\/cidade\/sao-sebastiao-da-grama\/\">S\u00e3o Sebasti\u00e3o da Grama<\/a>: 805<\/li>\n<li><a class=\"\" href=\"https:\/\/g1.globo.com\/sp\/sao-carlos-regiao\/cidade\/tambau\/\">Tamba\u00fa<\/a>: 1.486<\/li>\n<li><a class=\"\" href=\"https:\/\/g1.globo.com\/sp\/sao-carlos-regiao\/cidade\/tapiratiba\/\">Tapiratiba<\/a>: 1.132<\/li>\n<li><a class=\"\" href=\"https:\/\/g1.globo.com\/sp\/sao-carlos-regiao\/cidade\/trabiju\/\">Trabiju<\/a>: 97<\/li>\n<li><a class=\"\" href=\"https:\/\/g1.globo.com\/sp\/sao-carlos-regiao\/cidade\/vargem-grande-do-sul\/\">Vargem Grande do Sul<\/a>: 2.690<\/li>\n<\/ul>\n<\/div>\n<\/div>\n<\/div>\n","protected":false},"excerpt":{"rendered":"<p>As 42 cidades da regi\u00e3o de cobertura do g1 S\u00e3o Carlos e\u00a0Araraquara\u00a0t\u00eam 115 mil eleitores com o t\u00edtulo cancelado, segundo dados do Tribunal Regional Eleitoral (TRE-SP). O prazo para regularizar a situa\u00e7\u00e3o com a Justi\u00e7a Eleitoral e votar em 2024 \u00e9 8 de maio, exatos 150 dias antes do pleito.\u00a0Veja abaixo como fazer e os &hellip;<\/p>\n","protected":false},"author":1,"featured_media":2436,"comment_status":"closed","ping_status":"closed","sticky":false,"template":"","format":"standard","meta":{"footnotes":""},"categories":[30],"tags":[],"class_list":["post-2432","post","type-post","status-publish","format-standard","has-post-thumbnail","hentry","category-geral"],"yoast_head":"<!-- This site is optimized with the Yoast SEO plugin v27.4 - https:\/\/yoast.com\/product\/yoast-seo-wordpress\/ -->\n<title>Elei\u00e7\u00f5es 2024: 115 mil eleitores da regi\u00e3o precisam regularizar t\u00edtulo para votar em outubro; saiba como - Transam\u00e9rica Mococa 93,3<\/title>\n<meta name=\"robots\" content=\"index, follow, max-snippet:-1, max-image-preview:large, max-video-preview:-1\" \/>\n<link rel=\"canonical\" href=\"https:\/\/transamerica93.com.br\/home\/eleicoes-2024-115-mil-eleitores-da-regiao-precisam-regularizar-titulo-para-votar-em-outubro-saiba-como\/\" \/>\n<meta property=\"og:locale\" content=\"pt_BR\" \/>\n<meta property=\"og:type\" content=\"article\" \/>\n<meta property=\"og:title\" content=\"Elei\u00e7\u00f5es 2024: 115 mil eleitores da regi\u00e3o precisam regularizar t\u00edtulo para votar em outubro; saiba como - Transam\u00e9rica Mococa 93,3\" \/>\n<meta property=\"og:description\" content=\"As 42 cidades da regi\u00e3o de cobertura do g1 S\u00e3o Carlos e\u00a0Araraquara\u00a0t\u00eam 115 mil eleitores com o t\u00edtulo cancelado, segundo dados do Tribunal Regional Eleitoral (TRE-SP). O prazo para regularizar a situa\u00e7\u00e3o com a Justi\u00e7a Eleitoral e votar em 2024 \u00e9 8 de maio, exatos 150 dias antes do pleito.\u00a0Veja abaixo como fazer e os &hellip;\" \/>\n<meta property=\"og:url\" content=\"https:\/\/transamerica93.com.br\/home\/eleicoes-2024-115-mil-eleitores-da-regiao-precisam-regularizar-titulo-para-votar-em-outubro-saiba-como\/\" \/>\n<meta property=\"og:site_name\" content=\"Transam\u00e9rica Mococa 93,3\" \/>\n<meta property=\"article:publisher\" content=\"https:\/\/www.facebook.com\/transamericamococa\" \/>\n<meta property=\"article:published_time\" content=\"2024-02-19T12:00:07+00:00\" \/>\n<meta property=\"og:image\" content=\"https:\/\/transamerica93.com.br\/home\/wp-content\/uploads\/2024\/02\/titulo.jpg\" \/>\n\t<meta property=\"og:image:width\" content=\"800\" \/>\n\t<meta property=\"og:image:height\" content=\"500\" \/>\n\t<meta property=\"og:image:type\" content=\"image\/jpeg\" \/>\n<meta name=\"author\" content=\"Reda\u00e7\u00e3o\" \/>\n<meta name=\"twitter:card\" content=\"summary_large_image\" \/>\n<meta name=\"twitter:creator\" content=\"@transamerica933\" \/>\n<meta name=\"twitter:site\" content=\"@transamerica933\" \/>\n<meta name=\"twitter:label1\" content=\"Escrito por\" \/>\n\t<meta name=\"twitter:data1\" content=\"Reda\u00e7\u00e3o\" \/>\n\t<meta name=\"twitter:label2\" content=\"Est. tempo de leitura\" \/>\n\t<meta name=\"twitter:data2\" content=\"3 minutos\" \/>\n<script type=\"application\/ld+json\" class=\"yoast-schema-graph\">{\"@context\":\"https:\\\/\\\/schema.org\",\"@graph\":[{\"@type\":\"Article\",\"@id\":\"https:\\\/\\\/transamerica93.com.br\\\/home\\\/eleicoes-2024-115-mil-eleitores-da-regiao-precisam-regularizar-titulo-para-votar-em-outubro-saiba-como\\\/#article\",\"isPartOf\":{\"@id\":\"https:\\\/\\\/transamerica93.com.br\\\/home\\\/eleicoes-2024-115-mil-eleitores-da-regiao-precisam-regularizar-titulo-para-votar-em-outubro-saiba-como\\\/\"},\"author\":{\"name\":\"Reda\u00e7\u00e3o\",\"@id\":\"https:\\\/\\\/transamerica93.com.br\\\/home\\\/#\\\/schema\\\/person\\\/7fed7c99c0d4562efa8561bc0f543172\"},\"headline\":\"Elei\u00e7\u00f5es 2024: 115 mil eleitores da regi\u00e3o precisam regularizar t\u00edtulo para votar em outubro; saiba como\",\"datePublished\":\"2024-02-19T12:00:07+00:00\",\"mainEntityOfPage\":{\"@id\":\"https:\\\/\\\/transamerica93.com.br\\\/home\\\/eleicoes-2024-115-mil-eleitores-da-regiao-precisam-regularizar-titulo-para-votar-em-outubro-saiba-como\\\/\"},\"wordCount\":497,\"publisher\":{\"@id\":\"https:\\\/\\\/transamerica93.com.br\\\/home\\\/#organization\"},\"image\":{\"@id\":\"https:\\\/\\\/transamerica93.com.br\\\/home\\\/eleicoes-2024-115-mil-eleitores-da-regiao-precisam-regularizar-titulo-para-votar-em-outubro-saiba-como\\\/#primaryimage\"},\"thumbnailUrl\":\"https:\\\/\\\/transamerica93.com.br\\\/home\\\/wp-content\\\/uploads\\\/2024\\\/02\\\/titulo.jpg\",\"articleSection\":[\"Geral\"],\"inLanguage\":\"pt-BR\"},{\"@type\":\"WebPage\",\"@id\":\"https:\\\/\\\/transamerica93.com.br\\\/home\\\/eleicoes-2024-115-mil-eleitores-da-regiao-precisam-regularizar-titulo-para-votar-em-outubro-saiba-como\\\/\",\"url\":\"https:\\\/\\\/transamerica93.com.br\\\/home\\\/eleicoes-2024-115-mil-eleitores-da-regiao-precisam-regularizar-titulo-para-votar-em-outubro-saiba-como\\\/\",\"name\":\"Elei\u00e7\u00f5es 2024: 115 mil eleitores da regi\u00e3o precisam regularizar t\u00edtulo para votar em outubro; saiba como - Transam\u00e9rica Mococa 93,3\",\"isPartOf\":{\"@id\":\"https:\\\/\\\/transamerica93.com.br\\\/home\\\/#website\"},\"primaryImageOfPage\":{\"@id\":\"https:\\\/\\\/transamerica93.com.br\\\/home\\\/eleicoes-2024-115-mil-eleitores-da-regiao-precisam-regularizar-titulo-para-votar-em-outubro-saiba-como\\\/#primaryimage\"},\"image\":{\"@id\":\"https:\\\/\\\/transamerica93.com.br\\\/home\\\/eleicoes-2024-115-mil-eleitores-da-regiao-precisam-regularizar-titulo-para-votar-em-outubro-saiba-como\\\/#primaryimage\"},\"thumbnailUrl\":\"https:\\\/\\\/transamerica93.com.br\\\/home\\\/wp-content\\\/uploads\\\/2024\\\/02\\\/titulo.jpg\",\"datePublished\":\"2024-02-19T12:00:07+00:00\",\"breadcrumb\":{\"@id\":\"https:\\\/\\\/transamerica93.com.br\\\/home\\\/eleicoes-2024-115-mil-eleitores-da-regiao-precisam-regularizar-titulo-para-votar-em-outubro-saiba-como\\\/#breadcrumb\"},\"inLanguage\":\"pt-BR\",\"potentialAction\":[{\"@type\":\"ReadAction\",\"target\":[\"https:\\\/\\\/transamerica93.com.br\\\/home\\\/eleicoes-2024-115-mil-eleitores-da-regiao-precisam-regularizar-titulo-para-votar-em-outubro-saiba-como\\\/\"]}]},{\"@type\":\"ImageObject\",\"inLanguage\":\"pt-BR\",\"@id\":\"https:\\\/\\\/transamerica93.com.br\\\/home\\\/eleicoes-2024-115-mil-eleitores-da-regiao-precisam-regularizar-titulo-para-votar-em-outubro-saiba-como\\\/#primaryimage\",\"url\":\"https:\\\/\\\/transamerica93.com.br\\\/home\\\/wp-content\\\/uploads\\\/2024\\\/02\\\/titulo.jpg\",\"contentUrl\":\"https:\\\/\\\/transamerica93.com.br\\\/home\\\/wp-content\\\/uploads\\\/2024\\\/02\\\/titulo.jpg\",\"width\":800,\"height\":500,\"caption\":\"Foto: Ana Marin\\\/g1\"},{\"@type\":\"BreadcrumbList\",\"@id\":\"https:\\\/\\\/transamerica93.com.br\\\/home\\\/eleicoes-2024-115-mil-eleitores-da-regiao-precisam-regularizar-titulo-para-votar-em-outubro-saiba-como\\\/#breadcrumb\",\"itemListElement\":[{\"@type\":\"ListItem\",\"position\":1,\"name\":\"In\u00edcio\",\"item\":\"https:\\\/\\\/transamerica93.com.br\\\/home\\\/\"},{\"@type\":\"ListItem\",\"position\":2,\"name\":\"Elei\u00e7\u00f5es 2024: 115 mil eleitores da regi\u00e3o precisam regularizar t\u00edtulo para votar em outubro; saiba como\"}]},{\"@type\":\"WebSite\",\"@id\":\"https:\\\/\\\/transamerica93.com.br\\\/home\\\/#website\",\"url\":\"https:\\\/\\\/transamerica93.com.br\\\/home\\\/\",\"name\":\"Transam\u00e9rica Mococa 93,3\",\"description\":\"\",\"publisher\":{\"@id\":\"https:\\\/\\\/transamerica93.com.br\\\/home\\\/#organization\"},\"potentialAction\":[{\"@type\":\"SearchAction\",\"target\":{\"@type\":\"EntryPoint\",\"urlTemplate\":\"https:\\\/\\\/transamerica93.com.br\\\/home\\\/?s={search_term_string}\"},\"query-input\":{\"@type\":\"PropertyValueSpecification\",\"valueRequired\":true,\"valueName\":\"search_term_string\"}}],\"inLanguage\":\"pt-BR\"},{\"@type\":\"Organization\",\"@id\":\"https:\\\/\\\/transamerica93.com.br\\\/home\\\/#organization\",\"name\":\"Transam\u00e9rica Mococa 93,3\",\"url\":\"https:\\\/\\\/transamerica93.com.br\\\/home\\\/\",\"logo\":{\"@type\":\"ImageObject\",\"inLanguage\":\"pt-BR\",\"@id\":\"https:\\\/\\\/transamerica93.com.br\\\/home\\\/#\\\/schema\\\/logo\\\/image\\\/\",\"url\":\"https:\\\/\\\/transamerica93.com.br\\\/home\\\/wp-content\\\/uploads\\\/2023\\\/10\\\/logo2.png\",\"contentUrl\":\"https:\\\/\\\/transamerica93.com.br\\\/home\\\/wp-content\\\/uploads\\\/2023\\\/10\\\/logo2.png\",\"width\":800,\"height\":500,\"caption\":\"Transam\u00e9rica Mococa 93,3\"},\"image\":{\"@id\":\"https:\\\/\\\/transamerica93.com.br\\\/home\\\/#\\\/schema\\\/logo\\\/image\\\/\"},\"sameAs\":[\"https:\\\/\\\/www.facebook.com\\\/transamericamococa\",\"https:\\\/\\\/x.com\\\/transamerica933\",\"https:\\\/\\\/www.instagram.com\\\/transamericamococa\"]},{\"@type\":\"Person\",\"@id\":\"https:\\\/\\\/transamerica93.com.br\\\/home\\\/#\\\/schema\\\/person\\\/7fed7c99c0d4562efa8561bc0f543172\",\"name\":\"Reda\u00e7\u00e3o\",\"image\":{\"@type\":\"ImageObject\",\"inLanguage\":\"pt-BR\",\"@id\":\"https:\\\/\\\/secure.gravatar.com\\\/avatar\\\/1072c6b775fb02ef8506ce967551d95926669a6b7d2c2147b42eea4d7c68395e?s=96&d=mm&r=g\",\"url\":\"https:\\\/\\\/secure.gravatar.com\\\/avatar\\\/1072c6b775fb02ef8506ce967551d95926669a6b7d2c2147b42eea4d7c68395e?s=96&d=mm&r=g\",\"contentUrl\":\"https:\\\/\\\/secure.gravatar.com\\\/avatar\\\/1072c6b775fb02ef8506ce967551d95926669a6b7d2c2147b42eea4d7c68395e?s=96&d=mm&r=g\",\"caption\":\"Reda\u00e7\u00e3o\"},\"sameAs\":[\"https:\\\/\\\/transamerica93.com.br\\\/home\"],\"url\":\"https:\\\/\\\/transamerica93.com.br\\\/home\\\/author\\\/william\\\/\"}]}<\/script>\n<!-- \/ Yoast SEO plugin. -->","yoast_head_json":{"title":"Elei\u00e7\u00f5es 2024: 115 mil eleitores da regi\u00e3o precisam regularizar t\u00edtulo para votar em outubro; saiba como - Transam\u00e9rica Mococa 93,3","robots":{"index":"index","follow":"follow","max-snippet":"max-snippet:-1","max-image-preview":"max-image-preview:large","max-video-preview":"max-video-preview:-1"},"canonical":"https:\/\/transamerica93.com.br\/home\/eleicoes-2024-115-mil-eleitores-da-regiao-precisam-regularizar-titulo-para-votar-em-outubro-saiba-como\/","og_locale":"pt_BR","og_type":"article","og_title":"Elei\u00e7\u00f5es 2024: 115 mil eleitores da regi\u00e3o precisam regularizar t\u00edtulo para votar em outubro; saiba como - Transam\u00e9rica Mococa 93,3","og_description":"As 42 cidades da regi\u00e3o de cobertura do g1 S\u00e3o Carlos e\u00a0Araraquara\u00a0t\u00eam 115 mil eleitores com o t\u00edtulo cancelado, segundo dados do Tribunal Regional Eleitoral (TRE-SP). O prazo para regularizar a situa\u00e7\u00e3o com a Justi\u00e7a Eleitoral e votar em 2024 \u00e9 8 de maio, exatos 150 dias antes do pleito.\u00a0Veja abaixo como fazer e os &hellip;","og_url":"https:\/\/transamerica93.com.br\/home\/eleicoes-2024-115-mil-eleitores-da-regiao-precisam-regularizar-titulo-para-votar-em-outubro-saiba-como\/","og_site_name":"Transam\u00e9rica Mococa 93,3","article_publisher":"https:\/\/www.facebook.com\/transamericamococa","article_published_time":"2024-02-19T12:00:07+00:00","og_image":[{"width":800,"height":500,"url":"https:\/\/transamerica93.com.br\/home\/wp-content\/uploads\/2024\/02\/titulo.jpg","type":"image\/jpeg"}],"author":"Reda\u00e7\u00e3o","twitter_card":"summary_large_image","twitter_creator":"@transamerica933","twitter_site":"@transamerica933","twitter_misc":{"Escrito por":"Reda\u00e7\u00e3o","Est. tempo de leitura":"3 minutos"},"schema":{"@context":"https:\/\/schema.org","@graph":[{"@type":"Article","@id":"https:\/\/transamerica93.com.br\/home\/eleicoes-2024-115-mil-eleitores-da-regiao-precisam-regularizar-titulo-para-votar-em-outubro-saiba-como\/#article","isPartOf":{"@id":"https:\/\/transamerica93.com.br\/home\/eleicoes-2024-115-mil-eleitores-da-regiao-precisam-regularizar-titulo-para-votar-em-outubro-saiba-como\/"},"author":{"name":"Reda\u00e7\u00e3o","@id":"https:\/\/transamerica93.com.br\/home\/#\/schema\/person\/7fed7c99c0d4562efa8561bc0f543172"},"headline":"Elei\u00e7\u00f5es 2024: 115 mil eleitores da regi\u00e3o precisam regularizar t\u00edtulo para votar em outubro; saiba como","datePublished":"2024-02-19T12:00:07+00:00","mainEntityOfPage":{"@id":"https:\/\/transamerica93.com.br\/home\/eleicoes-2024-115-mil-eleitores-da-regiao-precisam-regularizar-titulo-para-votar-em-outubro-saiba-como\/"},"wordCount":497,"publisher":{"@id":"https:\/\/transamerica93.com.br\/home\/#organization"},"image":{"@id":"https:\/\/transamerica93.com.br\/home\/eleicoes-2024-115-mil-eleitores-da-regiao-precisam-regularizar-titulo-para-votar-em-outubro-saiba-como\/#primaryimage"},"thumbnailUrl":"https:\/\/transamerica93.com.br\/home\/wp-content\/uploads\/2024\/02\/titulo.jpg","articleSection":["Geral"],"inLanguage":"pt-BR"},{"@type":"WebPage","@id":"https:\/\/transamerica93.com.br\/home\/eleicoes-2024-115-mil-eleitores-da-regiao-precisam-regularizar-titulo-para-votar-em-outubro-saiba-como\/","url":"https:\/\/transamerica93.com.br\/home\/eleicoes-2024-115-mil-eleitores-da-regiao-precisam-regularizar-titulo-para-votar-em-outubro-saiba-como\/","name":"Elei\u00e7\u00f5es 2024: 115 mil eleitores da regi\u00e3o precisam regularizar t\u00edtulo para votar em outubro; saiba como - Transam\u00e9rica Mococa 93,3","isPartOf":{"@id":"https:\/\/transamerica93.com.br\/home\/#website"},"primaryImageOfPage":{"@id":"https:\/\/transamerica93.com.br\/home\/eleicoes-2024-115-mil-eleitores-da-regiao-precisam-regularizar-titulo-para-votar-em-outubro-saiba-como\/#primaryimage"},"image":{"@id":"https:\/\/transamerica93.com.br\/home\/eleicoes-2024-115-mil-eleitores-da-regiao-precisam-regularizar-titulo-para-votar-em-outubro-saiba-como\/#primaryimage"},"thumbnailUrl":"https:\/\/transamerica93.com.br\/home\/wp-content\/uploads\/2024\/02\/titulo.jpg","datePublished":"2024-02-19T12:00:07+00:00","breadcrumb":{"@id":"https:\/\/transamerica93.com.br\/home\/eleicoes-2024-115-mil-eleitores-da-regiao-precisam-regularizar-titulo-para-votar-em-outubro-saiba-como\/#breadcrumb"},"inLanguage":"pt-BR","potentialAction":[{"@type":"ReadAction","target":["https:\/\/transamerica93.com.br\/home\/eleicoes-2024-115-mil-eleitores-da-regiao-precisam-regularizar-titulo-para-votar-em-outubro-saiba-como\/"]}]},{"@type":"ImageObject","inLanguage":"pt-BR","@id":"https:\/\/transamerica93.com.br\/home\/eleicoes-2024-115-mil-eleitores-da-regiao-precisam-regularizar-titulo-para-votar-em-outubro-saiba-como\/#primaryimage","url":"https:\/\/transamerica93.com.br\/home\/wp-content\/uploads\/2024\/02\/titulo.jpg","contentUrl":"https:\/\/transamerica93.com.br\/home\/wp-content\/uploads\/2024\/02\/titulo.jpg","width":800,"height":500,"caption":"Foto: Ana Marin\/g1"},{"@type":"BreadcrumbList","@id":"https:\/\/transamerica93.com.br\/home\/eleicoes-2024-115-mil-eleitores-da-regiao-precisam-regularizar-titulo-para-votar-em-outubro-saiba-como\/#breadcrumb","itemListElement":[{"@type":"ListItem","position":1,"name":"In\u00edcio","item":"https:\/\/transamerica93.com.br\/home\/"},{"@type":"ListItem","position":2,"name":"Elei\u00e7\u00f5es 2024: 115 mil eleitores da regi\u00e3o precisam regularizar t\u00edtulo para votar em outubro; saiba como"}]},{"@type":"WebSite","@id":"https:\/\/transamerica93.com.br\/home\/#website","url":"https:\/\/transamerica93.com.br\/home\/","name":"Transam\u00e9rica Mococa 93,3","description":"","publisher":{"@id":"https:\/\/transamerica93.com.br\/home\/#organization"},"potentialAction":[{"@type":"SearchAction","target":{"@type":"EntryPoint","urlTemplate":"https:\/\/transamerica93.com.br\/home\/?s={search_term_string}"},"query-input":{"@type":"PropertyValueSpecification","valueRequired":true,"valueName":"search_term_string"}}],"inLanguage":"pt-BR"},{"@type":"Organization","@id":"https:\/\/transamerica93.com.br\/home\/#organization","name":"Transam\u00e9rica Mococa 93,3","url":"https:\/\/transamerica93.com.br\/home\/","logo":{"@type":"ImageObject","inLanguage":"pt-BR","@id":"https:\/\/transamerica93.com.br\/home\/#\/schema\/logo\/image\/","url":"https:\/\/transamerica93.com.br\/home\/wp-content\/uploads\/2023\/10\/logo2.png","contentUrl":"https:\/\/transamerica93.com.br\/home\/wp-content\/uploads\/2023\/10\/logo2.png","width":800,"height":500,"caption":"Transam\u00e9rica Mococa 93,3"},"image":{"@id":"https:\/\/transamerica93.com.br\/home\/#\/schema\/logo\/image\/"},"sameAs":["https:\/\/www.facebook.com\/transamericamococa","https:\/\/x.com\/transamerica933","https:\/\/www.instagram.com\/transamericamococa"]},{"@type":"Person","@id":"https:\/\/transamerica93.com.br\/home\/#\/schema\/person\/7fed7c99c0d4562efa8561bc0f543172","name":"Reda\u00e7\u00e3o","image":{"@type":"ImageObject","inLanguage":"pt-BR","@id":"https:\/\/secure.gravatar.com\/avatar\/1072c6b775fb02ef8506ce967551d95926669a6b7d2c2147b42eea4d7c68395e?s=96&d=mm&r=g","url":"https:\/\/secure.gravatar.com\/avatar\/1072c6b775fb02ef8506ce967551d95926669a6b7d2c2147b42eea4d7c68395e?s=96&d=mm&r=g","contentUrl":"https:\/\/secure.gravatar.com\/avatar\/1072c6b775fb02ef8506ce967551d95926669a6b7d2c2147b42eea4d7c68395e?s=96&d=mm&r=g","caption":"Reda\u00e7\u00e3o"},"sameAs":["https:\/\/transamerica93.com.br\/home"],"url":"https:\/\/transamerica93.com.br\/home\/author\/william\/"}]}},"_links":{"self":[{"href":"https:\/\/transamerica93.com.br\/home\/wp-json\/wp\/v2\/posts\/2432","targetHints":{"allow":["GET"]}}],"collection":[{"href":"https:\/\/transamerica93.com.br\/home\/wp-json\/wp\/v2\/posts"}],"about":[{"href":"https:\/\/transamerica93.com.br\/home\/wp-json\/wp\/v2\/types\/post"}],"author":[{"embeddable":true,"href":"https:\/\/transamerica93.com.br\/home\/wp-json\/wp\/v2\/users\/1"}],"replies":[{"embeddable":true,"href":"https:\/\/transamerica93.com.br\/home\/wp-json\/wp\/v2\/comments?post=2432"}],"version-history":[{"count":1,"href":"https:\/\/transamerica93.com.br\/home\/wp-json\/wp\/v2\/posts\/2432\/revisions"}],"predecessor-version":[{"id":2438,"href":"https:\/\/transamerica93.com.br\/home\/wp-json\/wp\/v2\/posts\/2432\/revisions\/2438"}],"wp:featuredmedia":[{"embeddable":true,"href":"https:\/\/transamerica93.com.br\/home\/wp-json\/wp\/v2\/media\/2436"}],"wp:attachment":[{"href":"https:\/\/transamerica93.com.br\/home\/wp-json\/wp\/v2\/media?parent=2432"}],"wp:term":[{"taxonomy":"category","embeddable":true,"href":"https:\/\/transamerica93.com.br\/home\/wp-json\/wp\/v2\/categories?post=2432"},{"taxonomy":"post_tag","embeddable":true,"href":"https:\/\/transamerica93.com.br\/home\/wp-json\/wp\/v2\/tags?post=2432"}],"curies":[{"name":"wp","href":"https:\/\/api.w.org\/{rel}","templated":true}]}}