{"id":2443,"date":"2024-02-22T09:00:03","date_gmt":"2024-02-22T12:00:03","guid":{"rendered":"https:\/\/transamerica93.com.br\/home\/?p=2443"},"modified":"2024-02-17T01:38:49","modified_gmt":"2024-02-17T04:38:49","slug":"desemprego-de-mulheres-e-negros-termina-2023-acima-da-media-nacional","status":"publish","type":"post","link":"https:\/\/transamerica93.com.br\/home\/desemprego-de-mulheres-e-negros-termina-2023-acima-da-media-nacional\/","title":{"rendered":"Desemprego de mulheres e negros termina 2023 acima da m\u00e9dia nacional"},"content":{"rendered":"<div class=\"post-item alt-font\">\n<div class=\"post-item-wrap\">\n<p>A taxa de desocupa\u00e7\u00e3o de mulheres e negros (conjunto de pretos e pardos) terminou 2023 acima da m\u00e9dia nacional. Enquanto o pa\u00eds alcan\u00e7ou o \u00edndice de 7,4% no \u00faltimo trimestre de 2023, a taxa das mulheres ficou em 9,2%. J\u00e1 a dos homens, 6%.<img decoding=\"async\" data-src=\"https:\/\/agenciabrasil.ebc.com.br\/ebc.png?id=1581398&amp;o=node\" src=\"data:image\/svg+xml;base64,PHN2ZyB3aWR0aD0iMSIgaGVpZ2h0PSIxIiB4bWxucz0iaHR0cDovL3d3dy53My5vcmcvMjAwMC9zdmciPjwvc3ZnPg==\" class=\"lazyload\" \/><img decoding=\"async\" data-src=\"https:\/\/agenciabrasil.ebc.com.br\/ebc.gif?id=1581398&amp;o=node\" src=\"data:image\/svg+xml;base64,PHN2ZyB3aWR0aD0iMSIgaGVpZ2h0PSIxIiB4bWxucz0iaHR0cDovL3d3dy53My5vcmcvMjAwMC9zdmciPjwvc3ZnPg==\" class=\"lazyload\" \/><\/p>\n<p>Os dados fazem parte da Pesquisa Nacional por Amostra de Domic\u00edlios (Pnad) Cont\u00ednua, divulgada na \u00faltima sexta-feira (16) pelo Instituto Brasileiro de Geografia e Estat\u00edstica (IBGE).<\/p>\n<p>Essa compara\u00e7\u00e3o significa que o desemprego das mulheres \u00e9 53,3% maior que o dos homens. A diferen\u00e7a j\u00e1 foi de 69,4% no 1\u00ba trimestre de 2012, quando come\u00e7ou a s\u00e9rie hist\u00f3rica do IBGE. A menor discrep\u00e2ncia registrada foi de 27% no 2\u00ba trimestre de 2020.<\/p>\n<p>Pelo prisma de cor da pele, a popula\u00e7\u00e3o branca apresentou taxa de desemprego de 5,9%, enquanto as de pretos (8,9%) e pardos (8,5%) superaram a m\u00e9dia nacional.<\/p>\n<p>A diferen\u00e7a entre os grupos \u00e9 praticamente igual \u00e0 do in\u00edcio da s\u00e9rie hist\u00f3rica, quando a taxa dos brancos era de 6,7%, a dos pretos correspondia a 9,7%, e a dos pardos, a 9,2%. A m\u00e9dia nacional atingia 8% na \u00e9poca.<\/p>\n<h2>Escolaridade<\/h2>\n<p>A pesquisa revela tamb\u00e9m diferen\u00e7as na rela\u00e7\u00e3o entre escolaridade e empregabilidade. O grupo de pessoas com ensino m\u00e9dio incompleto apresentou, no \u00faltimo trimestre de 2023, taxa de desemprego de 13%, o pior entre todos os segmentos.<\/p>\n<p>Para as pessoas com n\u00edvel superior incompleto, a taxa foi 7,6%, mais que o dobro da verificada para o n\u00edvel superior completo (3,6%).<\/p>\n<p>O grupo sem instru\u00e7\u00e3o tinha \u00edndice de 6,1%, abaixo da m\u00e9dia nacional. J\u00e1 fundamental incompleto (7,9%), fundamental completo (9,3%) e m\u00e9dio completo (8%) tiveram taxas piores que a m\u00e9dia.<\/p>\n<h2>Estados<\/h2>\n<p>Ao observar o comportamento do mercado de trabalho ao longo de 2023, a pesquisa do IBGE revela que 26 das 27 unidades da federa\u00e7\u00e3o tiveram queda no \u00edndice de desemprego. O \u00fanico aumento foi registrado em Roraima, que passou de 6,8% para 7%.<\/p>\n<p>As maiores taxas de desocupa\u00e7\u00e3o anual estavam em Pernambuco (13,4%), na Bahia (13,2%) e no Amap\u00e1 (11,3%); e as menores ficaram com Rond\u00f4nia (3,2%), Mato Grosso (3,3%) e Santa Catarina (3,4%).<\/p>\n<p>\u201cEm 2023, oito unidades da federa\u00e7\u00e3o atingiram a menor taxa anual de desocupa\u00e7\u00e3o de sua s\u00e9rie hist\u00f3rica\u201d, destaca a coordenadora da Pnad, Adriana Beringuy.<\/p>\n<p>S\u00e3o elas: Rio Grande do Norte (10,7%), Alagoas (9,2%), Acre (7,5%), Tocantins (5,8%), Minas Gerais (5,8%), Esp\u00edrito Santo (5,7%), Mato Grosso (3,3%) e Rond\u00f4nia (3,2%).<\/p>\n<h2>Informalidade<\/h2>\n<p>A taxa anual de informalidade passou de 39,4% em 2022 para 39,2% em 2023. Entre os estados com maior taxa estavam o Maranh\u00e3o (56,5%), o Par\u00e1 (56,5%) e Piau\u00ed (54,4%). J\u00e1 os menores, Santa Catarina (26,4%), Distrito Federal (29,7%) e S\u00e3o Paulo (31,5%).<\/p>\n<p>J\u00e1 o percentual de empregados com carteira assinada era de 73,7% dos empregados do setor privado no \u00faltimo trimestre de 2023. Os maiores percentuais estavam em Santa Catarina (88,2%), Rio Grande do Sul (81,9%) e Paran\u00e1 (81,7%). Os menores, no Maranh\u00e3o (48,9%), Piau\u00ed (51,6%) e Para\u00edba (54,9%).<\/p>\n<h2>A pesquisa<\/h2>\n<p>O IBGE coleta dados para a Pnad em 211 domic\u00edlios de 3.464 munic\u00edpios em todas os estados e no Distrito Federal. Cerca de dois mil entrevistadores trabalham na pesquisa.<\/p>\n<\/div>\n<p class=\"alt-font font-italic my-2 small text-info\">Edi\u00e7\u00e3o: Denise Griesinger<\/p>\n<\/div>\n","protected":false},"excerpt":{"rendered":"<p>A taxa de desocupa\u00e7\u00e3o de mulheres e negros (conjunto de pretos e pardos) terminou 2023 acima da m\u00e9dia nacional. Enquanto o pa\u00eds alcan\u00e7ou o \u00edndice de 7,4% no \u00faltimo trimestre de 2023, a taxa das mulheres ficou em 9,2%. J\u00e1 a dos homens, 6%. Os dados fazem parte da Pesquisa Nacional por Amostra de Domic\u00edlios &hellip;<\/p>\n","protected":false},"author":1,"featured_media":2434,"comment_status":"closed","ping_status":"closed","sticky":false,"template":"","format":"standard","meta":{"footnotes":""},"categories":[30],"tags":[],"class_list":["post-2443","post","type-post","status-publish","format-standard","has-post-thumbnail","hentry","category-geral"],"yoast_head":"<!-- This site is optimized with the Yoast SEO plugin v27.4 - https:\/\/yoast.com\/product\/yoast-seo-wordpress\/ -->\n<title>Desemprego de mulheres e negros termina 2023 acima da m\u00e9dia nacional - Transam\u00e9rica Mococa 93,3<\/title>\n<meta name=\"robots\" content=\"index, follow, max-snippet:-1, max-image-preview:large, max-video-preview:-1\" \/>\n<link rel=\"canonical\" href=\"https:\/\/transamerica93.com.br\/home\/desemprego-de-mulheres-e-negros-termina-2023-acima-da-media-nacional\/\" \/>\n<meta property=\"og:locale\" content=\"pt_BR\" \/>\n<meta property=\"og:type\" content=\"article\" \/>\n<meta property=\"og:title\" content=\"Desemprego de mulheres e negros termina 2023 acima da m\u00e9dia nacional - Transam\u00e9rica Mococa 93,3\" \/>\n<meta property=\"og:description\" content=\"A taxa de desocupa\u00e7\u00e3o de mulheres e negros (conjunto de pretos e pardos) terminou 2023 acima da m\u00e9dia nacional. Enquanto o pa\u00eds alcan\u00e7ou o \u00edndice de 7,4% no \u00faltimo trimestre de 2023, a taxa das mulheres ficou em 9,2%. J\u00e1 a dos homens, 6%. Os dados fazem parte da Pesquisa Nacional por Amostra de Domic\u00edlios &hellip;\" \/>\n<meta property=\"og:url\" content=\"https:\/\/transamerica93.com.br\/home\/desemprego-de-mulheres-e-negros-termina-2023-acima-da-media-nacional\/\" \/>\n<meta property=\"og:site_name\" content=\"Transam\u00e9rica Mococa 93,3\" \/>\n<meta property=\"article:publisher\" content=\"https:\/\/www.facebook.com\/transamericamococa\" \/>\n<meta property=\"article:published_time\" content=\"2024-02-22T12:00:03+00:00\" \/>\n<meta property=\"og:image\" content=\"https:\/\/transamerica93.com.br\/home\/wp-content\/uploads\/2024\/02\/imagem-3.jpg\" \/>\n\t<meta property=\"og:image:width\" content=\"1170\" \/>\n\t<meta property=\"og:image:height\" content=\"700\" \/>\n\t<meta property=\"og:image:type\" content=\"image\/jpeg\" \/>\n<meta name=\"author\" content=\"Reda\u00e7\u00e3o\" \/>\n<meta name=\"twitter:card\" content=\"summary_large_image\" \/>\n<meta name=\"twitter:creator\" content=\"@transamerica933\" \/>\n<meta name=\"twitter:site\" content=\"@transamerica933\" \/>\n<meta name=\"twitter:label1\" content=\"Escrito por\" \/>\n\t<meta name=\"twitter:data1\" content=\"Reda\u00e7\u00e3o\" \/>\n\t<meta name=\"twitter:label2\" content=\"Est. tempo de leitura\" \/>\n\t<meta name=\"twitter:data2\" content=\"4 minutos\" \/>\n<script type=\"application\/ld+json\" class=\"yoast-schema-graph\">{\"@context\":\"https:\\\/\\\/schema.org\",\"@graph\":[{\"@type\":\"Article\",\"@id\":\"https:\\\/\\\/transamerica93.com.br\\\/home\\\/desemprego-de-mulheres-e-negros-termina-2023-acima-da-media-nacional\\\/#article\",\"isPartOf\":{\"@id\":\"https:\\\/\\\/transamerica93.com.br\\\/home\\\/desemprego-de-mulheres-e-negros-termina-2023-acima-da-media-nacional\\\/\"},\"author\":{\"name\":\"Reda\u00e7\u00e3o\",\"@id\":\"https:\\\/\\\/transamerica93.com.br\\\/home\\\/#\\\/schema\\\/person\\\/7fed7c99c0d4562efa8561bc0f543172\"},\"headline\":\"Desemprego de mulheres e negros termina 2023 acima da m\u00e9dia nacional\",\"datePublished\":\"2024-02-22T12:00:03+00:00\",\"mainEntityOfPage\":{\"@id\":\"https:\\\/\\\/transamerica93.com.br\\\/home\\\/desemprego-de-mulheres-e-negros-termina-2023-acima-da-media-nacional\\\/\"},\"wordCount\":508,\"publisher\":{\"@id\":\"https:\\\/\\\/transamerica93.com.br\\\/home\\\/#organization\"},\"image\":{\"@id\":\"https:\\\/\\\/transamerica93.com.br\\\/home\\\/desemprego-de-mulheres-e-negros-termina-2023-acima-da-media-nacional\\\/#primaryimage\"},\"thumbnailUrl\":\"https:\\\/\\\/transamerica93.com.br\\\/home\\\/wp-content\\\/uploads\\\/2024\\\/02\\\/imagem-3.jpg\",\"articleSection\":[\"Geral\"],\"inLanguage\":\"pt-BR\"},{\"@type\":\"WebPage\",\"@id\":\"https:\\\/\\\/transamerica93.com.br\\\/home\\\/desemprego-de-mulheres-e-negros-termina-2023-acima-da-media-nacional\\\/\",\"url\":\"https:\\\/\\\/transamerica93.com.br\\\/home\\\/desemprego-de-mulheres-e-negros-termina-2023-acima-da-media-nacional\\\/\",\"name\":\"Desemprego de mulheres e negros termina 2023 acima da m\u00e9dia nacional - Transam\u00e9rica Mococa 93,3\",\"isPartOf\":{\"@id\":\"https:\\\/\\\/transamerica93.com.br\\\/home\\\/#website\"},\"primaryImageOfPage\":{\"@id\":\"https:\\\/\\\/transamerica93.com.br\\\/home\\\/desemprego-de-mulheres-e-negros-termina-2023-acima-da-media-nacional\\\/#primaryimage\"},\"image\":{\"@id\":\"https:\\\/\\\/transamerica93.com.br\\\/home\\\/desemprego-de-mulheres-e-negros-termina-2023-acima-da-media-nacional\\\/#primaryimage\"},\"thumbnailUrl\":\"https:\\\/\\\/transamerica93.com.br\\\/home\\\/wp-content\\\/uploads\\\/2024\\\/02\\\/imagem-3.jpg\",\"datePublished\":\"2024-02-22T12:00:03+00:00\",\"breadcrumb\":{\"@id\":\"https:\\\/\\\/transamerica93.com.br\\\/home\\\/desemprego-de-mulheres-e-negros-termina-2023-acima-da-media-nacional\\\/#breadcrumb\"},\"inLanguage\":\"pt-BR\",\"potentialAction\":[{\"@type\":\"ReadAction\",\"target\":[\"https:\\\/\\\/transamerica93.com.br\\\/home\\\/desemprego-de-mulheres-e-negros-termina-2023-acima-da-media-nacional\\\/\"]}]},{\"@type\":\"ImageObject\",\"inLanguage\":\"pt-BR\",\"@id\":\"https:\\\/\\\/transamerica93.com.br\\\/home\\\/desemprego-de-mulheres-e-negros-termina-2023-acima-da-media-nacional\\\/#primaryimage\",\"url\":\"https:\\\/\\\/transamerica93.com.br\\\/home\\\/wp-content\\\/uploads\\\/2024\\\/02\\\/imagem-3.jpg\",\"contentUrl\":\"https:\\\/\\\/transamerica93.com.br\\\/home\\\/wp-content\\\/uploads\\\/2024\\\/02\\\/imagem-3.jpg\",\"width\":1170,\"height\":700,\"caption\":\"\u00a9 T\u00e2nia R\u00eago\\\/Ag\u00eancia Brasil\"},{\"@type\":\"BreadcrumbList\",\"@id\":\"https:\\\/\\\/transamerica93.com.br\\\/home\\\/desemprego-de-mulheres-e-negros-termina-2023-acima-da-media-nacional\\\/#breadcrumb\",\"itemListElement\":[{\"@type\":\"ListItem\",\"position\":1,\"name\":\"In\u00edcio\",\"item\":\"https:\\\/\\\/transamerica93.com.br\\\/home\\\/\"},{\"@type\":\"ListItem\",\"position\":2,\"name\":\"Desemprego de mulheres e negros termina 2023 acima da m\u00e9dia nacional\"}]},{\"@type\":\"WebSite\",\"@id\":\"https:\\\/\\\/transamerica93.com.br\\\/home\\\/#website\",\"url\":\"https:\\\/\\\/transamerica93.com.br\\\/home\\\/\",\"name\":\"Transam\u00e9rica Mococa 93,3\",\"description\":\"\",\"publisher\":{\"@id\":\"https:\\\/\\\/transamerica93.com.br\\\/home\\\/#organization\"},\"potentialAction\":[{\"@type\":\"SearchAction\",\"target\":{\"@type\":\"EntryPoint\",\"urlTemplate\":\"https:\\\/\\\/transamerica93.com.br\\\/home\\\/?s={search_term_string}\"},\"query-input\":{\"@type\":\"PropertyValueSpecification\",\"valueRequired\":true,\"valueName\":\"search_term_string\"}}],\"inLanguage\":\"pt-BR\"},{\"@type\":\"Organization\",\"@id\":\"https:\\\/\\\/transamerica93.com.br\\\/home\\\/#organization\",\"name\":\"Transam\u00e9rica Mococa 93,3\",\"url\":\"https:\\\/\\\/transamerica93.com.br\\\/home\\\/\",\"logo\":{\"@type\":\"ImageObject\",\"inLanguage\":\"pt-BR\",\"@id\":\"https:\\\/\\\/transamerica93.com.br\\\/home\\\/#\\\/schema\\\/logo\\\/image\\\/\",\"url\":\"https:\\\/\\\/transamerica93.com.br\\\/home\\\/wp-content\\\/uploads\\\/2023\\\/10\\\/logo2.png\",\"contentUrl\":\"https:\\\/\\\/transamerica93.com.br\\\/home\\\/wp-content\\\/uploads\\\/2023\\\/10\\\/logo2.png\",\"width\":800,\"height\":500,\"caption\":\"Transam\u00e9rica Mococa 93,3\"},\"image\":{\"@id\":\"https:\\\/\\\/transamerica93.com.br\\\/home\\\/#\\\/schema\\\/logo\\\/image\\\/\"},\"sameAs\":[\"https:\\\/\\\/www.facebook.com\\\/transamericamococa\",\"https:\\\/\\\/x.com\\\/transamerica933\",\"https:\\\/\\\/www.instagram.com\\\/transamericamococa\"]},{\"@type\":\"Person\",\"@id\":\"https:\\\/\\\/transamerica93.com.br\\\/home\\\/#\\\/schema\\\/person\\\/7fed7c99c0d4562efa8561bc0f543172\",\"name\":\"Reda\u00e7\u00e3o\",\"image\":{\"@type\":\"ImageObject\",\"inLanguage\":\"pt-BR\",\"@id\":\"https:\\\/\\\/secure.gravatar.com\\\/avatar\\\/1072c6b775fb02ef8506ce967551d95926669a6b7d2c2147b42eea4d7c68395e?s=96&d=mm&r=g\",\"url\":\"https:\\\/\\\/secure.gravatar.com\\\/avatar\\\/1072c6b775fb02ef8506ce967551d95926669a6b7d2c2147b42eea4d7c68395e?s=96&d=mm&r=g\",\"contentUrl\":\"https:\\\/\\\/secure.gravatar.com\\\/avatar\\\/1072c6b775fb02ef8506ce967551d95926669a6b7d2c2147b42eea4d7c68395e?s=96&d=mm&r=g\",\"caption\":\"Reda\u00e7\u00e3o\"},\"sameAs\":[\"https:\\\/\\\/transamerica93.com.br\\\/home\"],\"url\":\"https:\\\/\\\/transamerica93.com.br\\\/home\\\/author\\\/william\\\/\"}]}<\/script>\n<!-- \/ Yoast SEO plugin. -->","yoast_head_json":{"title":"Desemprego de mulheres e negros termina 2023 acima da m\u00e9dia nacional - Transam\u00e9rica Mococa 93,3","robots":{"index":"index","follow":"follow","max-snippet":"max-snippet:-1","max-image-preview":"max-image-preview:large","max-video-preview":"max-video-preview:-1"},"canonical":"https:\/\/transamerica93.com.br\/home\/desemprego-de-mulheres-e-negros-termina-2023-acima-da-media-nacional\/","og_locale":"pt_BR","og_type":"article","og_title":"Desemprego de mulheres e negros termina 2023 acima da m\u00e9dia nacional - Transam\u00e9rica Mococa 93,3","og_description":"A taxa de desocupa\u00e7\u00e3o de mulheres e negros (conjunto de pretos e pardos) terminou 2023 acima da m\u00e9dia nacional. Enquanto o pa\u00eds alcan\u00e7ou o \u00edndice de 7,4% no \u00faltimo trimestre de 2023, a taxa das mulheres ficou em 9,2%. J\u00e1 a dos homens, 6%. Os dados fazem parte da Pesquisa Nacional por Amostra de Domic\u00edlios &hellip;","og_url":"https:\/\/transamerica93.com.br\/home\/desemprego-de-mulheres-e-negros-termina-2023-acima-da-media-nacional\/","og_site_name":"Transam\u00e9rica Mococa 93,3","article_publisher":"https:\/\/www.facebook.com\/transamericamococa","article_published_time":"2024-02-22T12:00:03+00:00","og_image":[{"width":1170,"height":700,"url":"https:\/\/transamerica93.com.br\/home\/wp-content\/uploads\/2024\/02\/imagem-3.jpg","type":"image\/jpeg"}],"author":"Reda\u00e7\u00e3o","twitter_card":"summary_large_image","twitter_creator":"@transamerica933","twitter_site":"@transamerica933","twitter_misc":{"Escrito por":"Reda\u00e7\u00e3o","Est. tempo de leitura":"4 minutos"},"schema":{"@context":"https:\/\/schema.org","@graph":[{"@type":"Article","@id":"https:\/\/transamerica93.com.br\/home\/desemprego-de-mulheres-e-negros-termina-2023-acima-da-media-nacional\/#article","isPartOf":{"@id":"https:\/\/transamerica93.com.br\/home\/desemprego-de-mulheres-e-negros-termina-2023-acima-da-media-nacional\/"},"author":{"name":"Reda\u00e7\u00e3o","@id":"https:\/\/transamerica93.com.br\/home\/#\/schema\/person\/7fed7c99c0d4562efa8561bc0f543172"},"headline":"Desemprego de mulheres e negros termina 2023 acima da m\u00e9dia nacional","datePublished":"2024-02-22T12:00:03+00:00","mainEntityOfPage":{"@id":"https:\/\/transamerica93.com.br\/home\/desemprego-de-mulheres-e-negros-termina-2023-acima-da-media-nacional\/"},"wordCount":508,"publisher":{"@id":"https:\/\/transamerica93.com.br\/home\/#organization"},"image":{"@id":"https:\/\/transamerica93.com.br\/home\/desemprego-de-mulheres-e-negros-termina-2023-acima-da-media-nacional\/#primaryimage"},"thumbnailUrl":"https:\/\/transamerica93.com.br\/home\/wp-content\/uploads\/2024\/02\/imagem-3.jpg","articleSection":["Geral"],"inLanguage":"pt-BR"},{"@type":"WebPage","@id":"https:\/\/transamerica93.com.br\/home\/desemprego-de-mulheres-e-negros-termina-2023-acima-da-media-nacional\/","url":"https:\/\/transamerica93.com.br\/home\/desemprego-de-mulheres-e-negros-termina-2023-acima-da-media-nacional\/","name":"Desemprego de mulheres e negros termina 2023 acima da m\u00e9dia nacional - Transam\u00e9rica Mococa 93,3","isPartOf":{"@id":"https:\/\/transamerica93.com.br\/home\/#website"},"primaryImageOfPage":{"@id":"https:\/\/transamerica93.com.br\/home\/desemprego-de-mulheres-e-negros-termina-2023-acima-da-media-nacional\/#primaryimage"},"image":{"@id":"https:\/\/transamerica93.com.br\/home\/desemprego-de-mulheres-e-negros-termina-2023-acima-da-media-nacional\/#primaryimage"},"thumbnailUrl":"https:\/\/transamerica93.com.br\/home\/wp-content\/uploads\/2024\/02\/imagem-3.jpg","datePublished":"2024-02-22T12:00:03+00:00","breadcrumb":{"@id":"https:\/\/transamerica93.com.br\/home\/desemprego-de-mulheres-e-negros-termina-2023-acima-da-media-nacional\/#breadcrumb"},"inLanguage":"pt-BR","potentialAction":[{"@type":"ReadAction","target":["https:\/\/transamerica93.com.br\/home\/desemprego-de-mulheres-e-negros-termina-2023-acima-da-media-nacional\/"]}]},{"@type":"ImageObject","inLanguage":"pt-BR","@id":"https:\/\/transamerica93.com.br\/home\/desemprego-de-mulheres-e-negros-termina-2023-acima-da-media-nacional\/#primaryimage","url":"https:\/\/transamerica93.com.br\/home\/wp-content\/uploads\/2024\/02\/imagem-3.jpg","contentUrl":"https:\/\/transamerica93.com.br\/home\/wp-content\/uploads\/2024\/02\/imagem-3.jpg","width":1170,"height":700,"caption":"\u00a9 T\u00e2nia R\u00eago\/Ag\u00eancia Brasil"},{"@type":"BreadcrumbList","@id":"https:\/\/transamerica93.com.br\/home\/desemprego-de-mulheres-e-negros-termina-2023-acima-da-media-nacional\/#breadcrumb","itemListElement":[{"@type":"ListItem","position":1,"name":"In\u00edcio","item":"https:\/\/transamerica93.com.br\/home\/"},{"@type":"ListItem","position":2,"name":"Desemprego de mulheres e negros termina 2023 acima da m\u00e9dia nacional"}]},{"@type":"WebSite","@id":"https:\/\/transamerica93.com.br\/home\/#website","url":"https:\/\/transamerica93.com.br\/home\/","name":"Transam\u00e9rica Mococa 93,3","description":"","publisher":{"@id":"https:\/\/transamerica93.com.br\/home\/#organization"},"potentialAction":[{"@type":"SearchAction","target":{"@type":"EntryPoint","urlTemplate":"https:\/\/transamerica93.com.br\/home\/?s={search_term_string}"},"query-input":{"@type":"PropertyValueSpecification","valueRequired":true,"valueName":"search_term_string"}}],"inLanguage":"pt-BR"},{"@type":"Organization","@id":"https:\/\/transamerica93.com.br\/home\/#organization","name":"Transam\u00e9rica Mococa 93,3","url":"https:\/\/transamerica93.com.br\/home\/","logo":{"@type":"ImageObject","inLanguage":"pt-BR","@id":"https:\/\/transamerica93.com.br\/home\/#\/schema\/logo\/image\/","url":"https:\/\/transamerica93.com.br\/home\/wp-content\/uploads\/2023\/10\/logo2.png","contentUrl":"https:\/\/transamerica93.com.br\/home\/wp-content\/uploads\/2023\/10\/logo2.png","width":800,"height":500,"caption":"Transam\u00e9rica Mococa 93,3"},"image":{"@id":"https:\/\/transamerica93.com.br\/home\/#\/schema\/logo\/image\/"},"sameAs":["https:\/\/www.facebook.com\/transamericamococa","https:\/\/x.com\/transamerica933","https:\/\/www.instagram.com\/transamericamococa"]},{"@type":"Person","@id":"https:\/\/transamerica93.com.br\/home\/#\/schema\/person\/7fed7c99c0d4562efa8561bc0f543172","name":"Reda\u00e7\u00e3o","image":{"@type":"ImageObject","inLanguage":"pt-BR","@id":"https:\/\/secure.gravatar.com\/avatar\/1072c6b775fb02ef8506ce967551d95926669a6b7d2c2147b42eea4d7c68395e?s=96&d=mm&r=g","url":"https:\/\/secure.gravatar.com\/avatar\/1072c6b775fb02ef8506ce967551d95926669a6b7d2c2147b42eea4d7c68395e?s=96&d=mm&r=g","contentUrl":"https:\/\/secure.gravatar.com\/avatar\/1072c6b775fb02ef8506ce967551d95926669a6b7d2c2147b42eea4d7c68395e?s=96&d=mm&r=g","caption":"Reda\u00e7\u00e3o"},"sameAs":["https:\/\/transamerica93.com.br\/home"],"url":"https:\/\/transamerica93.com.br\/home\/author\/william\/"}]}},"_links":{"self":[{"href":"https:\/\/transamerica93.com.br\/home\/wp-json\/wp\/v2\/posts\/2443","targetHints":{"allow":["GET"]}}],"collection":[{"href":"https:\/\/transamerica93.com.br\/home\/wp-json\/wp\/v2\/posts"}],"about":[{"href":"https:\/\/transamerica93.com.br\/home\/wp-json\/wp\/v2\/types\/post"}],"author":[{"embeddable":true,"href":"https:\/\/transamerica93.com.br\/home\/wp-json\/wp\/v2\/users\/1"}],"replies":[{"embeddable":true,"href":"https:\/\/transamerica93.com.br\/home\/wp-json\/wp\/v2\/comments?post=2443"}],"version-history":[{"count":2,"href":"https:\/\/transamerica93.com.br\/home\/wp-json\/wp\/v2\/posts\/2443\/revisions"}],"predecessor-version":[{"id":2445,"href":"https:\/\/transamerica93.com.br\/home\/wp-json\/wp\/v2\/posts\/2443\/revisions\/2445"}],"wp:featuredmedia":[{"embeddable":true,"href":"https:\/\/transamerica93.com.br\/home\/wp-json\/wp\/v2\/media\/2434"}],"wp:attachment":[{"href":"https:\/\/transamerica93.com.br\/home\/wp-json\/wp\/v2\/media?parent=2443"}],"wp:term":[{"taxonomy":"category","embeddable":true,"href":"https:\/\/transamerica93.com.br\/home\/wp-json\/wp\/v2\/categories?post=2443"},{"taxonomy":"post_tag","embeddable":true,"href":"https:\/\/transamerica93.com.br\/home\/wp-json\/wp\/v2\/tags?post=2443"}],"curies":[{"name":"wp","href":"https:\/\/api.w.org\/{rel}","templated":true}]}}