{"id":2461,"date":"2024-02-23T12:00:19","date_gmt":"2024-02-23T15:00:19","guid":{"rendered":"https:\/\/transamerica93.com.br\/home\/?p=2461"},"modified":"2024-02-17T01:56:50","modified_gmt":"2024-02-17T04:56:50","slug":"buenos-aires-recebera-a-final-da-edicao-2024-da-copa-libertadores","status":"publish","type":"post","link":"https:\/\/transamerica93.com.br\/home\/buenos-aires-recebera-a-final-da-edicao-2024-da-copa-libertadores\/","title":{"rendered":"Buenos Aires receber\u00e1 a final da edi\u00e7\u00e3o 2024 da Copa Libertadores"},"content":{"rendered":"<div class=\"post-item-wrap\">\n<p>A cidade de Buenos Aires, na Argentina, ser\u00e1 a sede da final da edi\u00e7\u00e3o 2024 da Copa Libertadores da Am\u00e9rica, anunciou a AFA (Federa\u00e7\u00e3o Argentina de Futebol), por meio de suas contas em redes sociais.<img decoding=\"async\" data-src=\"https:\/\/agenciabrasil.ebc.com.br\/ebc.png?id=1580925&amp;o=node\" src=\"data:image\/svg+xml;base64,PHN2ZyB3aWR0aD0iMSIgaGVpZ2h0PSIxIiB4bWxucz0iaHR0cDovL3d3dy53My5vcmcvMjAwMC9zdmciPjwvc3ZnPg==\" class=\"lazyload\" \/><img decoding=\"async\" data-src=\"https:\/\/agenciabrasil.ebc.com.br\/ebc.gif?id=1580925&amp;o=node\" src=\"data:image\/svg+xml;base64,PHN2ZyB3aWR0aD0iMSIgaGVpZ2h0PSIxIiB4bWxucz0iaHR0cDovL3d3dy53My5vcmcvMjAwMC9zdmciPjwvc3ZnPg==\" class=\"lazyload\" \/><\/p>\n<p>\u201c\u00c9 oficial: Buenos Aires ser\u00e1 sede da final da Copa Libertadores 2024. Que alegria os receber em nosso pa\u00eds Conmebol\u201d, declarou a AFA.<\/p>\n<blockquote class=\"twitter-tweet\" data-twitter-extracted-i1708144873656814036=\"true\">\n<p dir=\"ltr\" lang=\"es\" xml:lang=\"es\">Es oficial: Buenos Aires ser\u00e1 sede de la final de la Copa\u00a0<a href=\"https:\/\/twitter.com\/Libertadores?ref_src=twsrc%5Etfw\">@Libertadores<\/a>\u00a02024.<\/p>\n<p>\u00a1Qu\u00e9 alegr\u00eda recibirlos en nuestro pa\u00eds\u00a0<a href=\"https:\/\/twitter.com\/CONMEBOL?ref_src=twsrc%5Etfw\">@CONMEBOL<\/a>! \ud83d\ude00\ud83e\ude75\ud83c\udde6\ud83c\uddf7<\/p>\n<p>\u2014 AFA (@afa)\u00a0<a href=\"https:\/\/twitter.com\/afa\/status\/1757428496844923087?ref_src=twsrc%5Etfw\">February 13, 2024<\/a><\/p><\/blockquote>\n<p>Esta ser\u00e1 a primeira oportunidade na qual a Argentina receber\u00e1 uma final com sede \u00fanica da principal competi\u00e7\u00e3o de clubes da Am\u00e9rica do Sul, ap\u00f3s as decis\u00f5es realizadas em Lima (Peru), no Rio de Janeiro (Brasil), em Montevid\u00e9u (Uruguai) e em Guaiaquil (Equador).<\/p>\n<\/div>\n<p class=\"alt-font font-italic my-2 small text-info\">Edi\u00e7\u00e3o: F\u00e1bio Lisboa<\/p>\n","protected":false},"excerpt":{"rendered":"<p>A cidade de Buenos Aires, na Argentina, ser\u00e1 a sede da final da edi\u00e7\u00e3o 2024 da Copa Libertadores da Am\u00e9rica, anunciou a AFA (Federa\u00e7\u00e3o Argentina de Futebol), por meio de suas contas em redes sociais. \u201c\u00c9 oficial: Buenos Aires ser\u00e1 sede da final da Copa Libertadores 2024. Que alegria os receber em nosso pa\u00eds Conmebol\u201d, &hellip;<\/p>\n","protected":false},"author":1,"featured_media":2453,"comment_status":"closed","ping_status":"closed","sticky":false,"template":"","format":"standard","meta":{"footnotes":""},"categories":[31],"tags":[],"class_list":["post-2461","post","type-post","status-publish","format-standard","has-post-thumbnail","hentry","category-esportes"],"yoast_head":"<!-- This site is optimized with the Yoast SEO plugin v27.4 - https:\/\/yoast.com\/product\/yoast-seo-wordpress\/ -->\n<title>Buenos Aires receber\u00e1 a final da edi\u00e7\u00e3o 2024 da Copa Libertadores - Transam\u00e9rica Mococa 93,3<\/title>\n<meta name=\"robots\" content=\"index, follow, max-snippet:-1, max-image-preview:large, max-video-preview:-1\" \/>\n<link rel=\"canonical\" href=\"https:\/\/transamerica93.com.br\/home\/buenos-aires-recebera-a-final-da-edicao-2024-da-copa-libertadores\/\" \/>\n<meta property=\"og:locale\" content=\"pt_BR\" \/>\n<meta property=\"og:type\" content=\"article\" \/>\n<meta property=\"og:title\" content=\"Buenos Aires receber\u00e1 a final da edi\u00e7\u00e3o 2024 da Copa Libertadores - Transam\u00e9rica Mococa 93,3\" \/>\n<meta property=\"og:description\" content=\"A cidade de Buenos Aires, na Argentina, ser\u00e1 a sede da final da edi\u00e7\u00e3o 2024 da Copa Libertadores da Am\u00e9rica, anunciou a AFA (Federa\u00e7\u00e3o Argentina de Futebol), por meio de suas contas em redes sociais. \u201c\u00c9 oficial: Buenos Aires ser\u00e1 sede da final da Copa Libertadores 2024. Que alegria os receber em nosso pa\u00eds Conmebol\u201d, &hellip;\" \/>\n<meta property=\"og:url\" content=\"https:\/\/transamerica93.com.br\/home\/buenos-aires-recebera-a-final-da-edicao-2024-da-copa-libertadores\/\" \/>\n<meta property=\"og:site_name\" content=\"Transam\u00e9rica Mococa 93,3\" \/>\n<meta property=\"article:publisher\" content=\"https:\/\/www.facebook.com\/transamericamococa\" \/>\n<meta property=\"article:published_time\" content=\"2024-02-23T15:00:19+00:00\" \/>\n<meta property=\"og:image\" content=\"https:\/\/transamerica93.com.br\/home\/wp-content\/uploads\/2024\/02\/5.jpg\" \/>\n\t<meta property=\"og:image:width\" content=\"1170\" \/>\n\t<meta property=\"og:image:height\" content=\"700\" \/>\n\t<meta property=\"og:image:type\" content=\"image\/jpeg\" \/>\n<meta name=\"author\" content=\"Reda\u00e7\u00e3o\" \/>\n<meta name=\"twitter:card\" content=\"summary_large_image\" \/>\n<meta name=\"twitter:creator\" content=\"@transamerica933\" \/>\n<meta name=\"twitter:site\" content=\"@transamerica933\" \/>\n<meta name=\"twitter:label1\" content=\"Escrito por\" \/>\n\t<meta name=\"twitter:data1\" content=\"Reda\u00e7\u00e3o\" \/>\n\t<meta name=\"twitter:label2\" content=\"Est. tempo de leitura\" \/>\n\t<meta name=\"twitter:data2\" content=\"2 minutos\" \/>\n<script type=\"application\/ld+json\" class=\"yoast-schema-graph\">{\"@context\":\"https:\\\/\\\/schema.org\",\"@graph\":[{\"@type\":\"Article\",\"@id\":\"https:\\\/\\\/transamerica93.com.br\\\/home\\\/buenos-aires-recebera-a-final-da-edicao-2024-da-copa-libertadores\\\/#article\",\"isPartOf\":{\"@id\":\"https:\\\/\\\/transamerica93.com.br\\\/home\\\/buenos-aires-recebera-a-final-da-edicao-2024-da-copa-libertadores\\\/\"},\"author\":{\"name\":\"Reda\u00e7\u00e3o\",\"@id\":\"https:\\\/\\\/transamerica93.com.br\\\/home\\\/#\\\/schema\\\/person\\\/7fed7c99c0d4562efa8561bc0f543172\"},\"headline\":\"Buenos Aires receber\u00e1 a final da edi\u00e7\u00e3o 2024 da Copa Libertadores\",\"datePublished\":\"2024-02-23T15:00:19+00:00\",\"mainEntityOfPage\":{\"@id\":\"https:\\\/\\\/transamerica93.com.br\\\/home\\\/buenos-aires-recebera-a-final-da-edicao-2024-da-copa-libertadores\\\/\"},\"wordCount\":148,\"publisher\":{\"@id\":\"https:\\\/\\\/transamerica93.com.br\\\/home\\\/#organization\"},\"image\":{\"@id\":\"https:\\\/\\\/transamerica93.com.br\\\/home\\\/buenos-aires-recebera-a-final-da-edicao-2024-da-copa-libertadores\\\/#primaryimage\"},\"thumbnailUrl\":\"https:\\\/\\\/transamerica93.com.br\\\/home\\\/wp-content\\\/uploads\\\/2024\\\/02\\\/5.jpg\",\"articleSection\":[\"Esportes\"],\"inLanguage\":\"pt-BR\"},{\"@type\":\"WebPage\",\"@id\":\"https:\\\/\\\/transamerica93.com.br\\\/home\\\/buenos-aires-recebera-a-final-da-edicao-2024-da-copa-libertadores\\\/\",\"url\":\"https:\\\/\\\/transamerica93.com.br\\\/home\\\/buenos-aires-recebera-a-final-da-edicao-2024-da-copa-libertadores\\\/\",\"name\":\"Buenos Aires receber\u00e1 a final da edi\u00e7\u00e3o 2024 da Copa Libertadores - Transam\u00e9rica Mococa 93,3\",\"isPartOf\":{\"@id\":\"https:\\\/\\\/transamerica93.com.br\\\/home\\\/#website\"},\"primaryImageOfPage\":{\"@id\":\"https:\\\/\\\/transamerica93.com.br\\\/home\\\/buenos-aires-recebera-a-final-da-edicao-2024-da-copa-libertadores\\\/#primaryimage\"},\"image\":{\"@id\":\"https:\\\/\\\/transamerica93.com.br\\\/home\\\/buenos-aires-recebera-a-final-da-edicao-2024-da-copa-libertadores\\\/#primaryimage\"},\"thumbnailUrl\":\"https:\\\/\\\/transamerica93.com.br\\\/home\\\/wp-content\\\/uploads\\\/2024\\\/02\\\/5.jpg\",\"datePublished\":\"2024-02-23T15:00:19+00:00\",\"breadcrumb\":{\"@id\":\"https:\\\/\\\/transamerica93.com.br\\\/home\\\/buenos-aires-recebera-a-final-da-edicao-2024-da-copa-libertadores\\\/#breadcrumb\"},\"inLanguage\":\"pt-BR\",\"potentialAction\":[{\"@type\":\"ReadAction\",\"target\":[\"https:\\\/\\\/transamerica93.com.br\\\/home\\\/buenos-aires-recebera-a-final-da-edicao-2024-da-copa-libertadores\\\/\"]}]},{\"@type\":\"ImageObject\",\"inLanguage\":\"pt-BR\",\"@id\":\"https:\\\/\\\/transamerica93.com.br\\\/home\\\/buenos-aires-recebera-a-final-da-edicao-2024-da-copa-libertadores\\\/#primaryimage\",\"url\":\"https:\\\/\\\/transamerica93.com.br\\\/home\\\/wp-content\\\/uploads\\\/2024\\\/02\\\/5.jpg\",\"contentUrl\":\"https:\\\/\\\/transamerica93.com.br\\\/home\\\/wp-content\\\/uploads\\\/2024\\\/02\\\/5.jpg\",\"width\":1170,\"height\":700,\"caption\":\"\u00a9 Reprodu\u00e7\u00e3o Twitter\\\/Conmebol\"},{\"@type\":\"BreadcrumbList\",\"@id\":\"https:\\\/\\\/transamerica93.com.br\\\/home\\\/buenos-aires-recebera-a-final-da-edicao-2024-da-copa-libertadores\\\/#breadcrumb\",\"itemListElement\":[{\"@type\":\"ListItem\",\"position\":1,\"name\":\"In\u00edcio\",\"item\":\"https:\\\/\\\/transamerica93.com.br\\\/home\\\/\"},{\"@type\":\"ListItem\",\"position\":2,\"name\":\"Buenos Aires receber\u00e1 a final da edi\u00e7\u00e3o 2024 da Copa Libertadores\"}]},{\"@type\":\"WebSite\",\"@id\":\"https:\\\/\\\/transamerica93.com.br\\\/home\\\/#website\",\"url\":\"https:\\\/\\\/transamerica93.com.br\\\/home\\\/\",\"name\":\"Transam\u00e9rica Mococa 93,3\",\"description\":\"\",\"publisher\":{\"@id\":\"https:\\\/\\\/transamerica93.com.br\\\/home\\\/#organization\"},\"potentialAction\":[{\"@type\":\"SearchAction\",\"target\":{\"@type\":\"EntryPoint\",\"urlTemplate\":\"https:\\\/\\\/transamerica93.com.br\\\/home\\\/?s={search_term_string}\"},\"query-input\":{\"@type\":\"PropertyValueSpecification\",\"valueRequired\":true,\"valueName\":\"search_term_string\"}}],\"inLanguage\":\"pt-BR\"},{\"@type\":\"Organization\",\"@id\":\"https:\\\/\\\/transamerica93.com.br\\\/home\\\/#organization\",\"name\":\"Transam\u00e9rica Mococa 93,3\",\"url\":\"https:\\\/\\\/transamerica93.com.br\\\/home\\\/\",\"logo\":{\"@type\":\"ImageObject\",\"inLanguage\":\"pt-BR\",\"@id\":\"https:\\\/\\\/transamerica93.com.br\\\/home\\\/#\\\/schema\\\/logo\\\/image\\\/\",\"url\":\"https:\\\/\\\/transamerica93.com.br\\\/home\\\/wp-content\\\/uploads\\\/2023\\\/10\\\/logo2.png\",\"contentUrl\":\"https:\\\/\\\/transamerica93.com.br\\\/home\\\/wp-content\\\/uploads\\\/2023\\\/10\\\/logo2.png\",\"width\":800,\"height\":500,\"caption\":\"Transam\u00e9rica Mococa 93,3\"},\"image\":{\"@id\":\"https:\\\/\\\/transamerica93.com.br\\\/home\\\/#\\\/schema\\\/logo\\\/image\\\/\"},\"sameAs\":[\"https:\\\/\\\/www.facebook.com\\\/transamericamococa\",\"https:\\\/\\\/x.com\\\/transamerica933\",\"https:\\\/\\\/www.instagram.com\\\/transamericamococa\"]},{\"@type\":\"Person\",\"@id\":\"https:\\\/\\\/transamerica93.com.br\\\/home\\\/#\\\/schema\\\/person\\\/7fed7c99c0d4562efa8561bc0f543172\",\"name\":\"Reda\u00e7\u00e3o\",\"image\":{\"@type\":\"ImageObject\",\"inLanguage\":\"pt-BR\",\"@id\":\"https:\\\/\\\/secure.gravatar.com\\\/avatar\\\/1072c6b775fb02ef8506ce967551d95926669a6b7d2c2147b42eea4d7c68395e?s=96&d=mm&r=g\",\"url\":\"https:\\\/\\\/secure.gravatar.com\\\/avatar\\\/1072c6b775fb02ef8506ce967551d95926669a6b7d2c2147b42eea4d7c68395e?s=96&d=mm&r=g\",\"contentUrl\":\"https:\\\/\\\/secure.gravatar.com\\\/avatar\\\/1072c6b775fb02ef8506ce967551d95926669a6b7d2c2147b42eea4d7c68395e?s=96&d=mm&r=g\",\"caption\":\"Reda\u00e7\u00e3o\"},\"sameAs\":[\"https:\\\/\\\/transamerica93.com.br\\\/home\"],\"url\":\"https:\\\/\\\/transamerica93.com.br\\\/home\\\/author\\\/william\\\/\"}]}<\/script>\n<!-- \/ Yoast SEO plugin. -->","yoast_head_json":{"title":"Buenos Aires receber\u00e1 a final da edi\u00e7\u00e3o 2024 da Copa Libertadores - Transam\u00e9rica Mococa 93,3","robots":{"index":"index","follow":"follow","max-snippet":"max-snippet:-1","max-image-preview":"max-image-preview:large","max-video-preview":"max-video-preview:-1"},"canonical":"https:\/\/transamerica93.com.br\/home\/buenos-aires-recebera-a-final-da-edicao-2024-da-copa-libertadores\/","og_locale":"pt_BR","og_type":"article","og_title":"Buenos Aires receber\u00e1 a final da edi\u00e7\u00e3o 2024 da Copa Libertadores - Transam\u00e9rica Mococa 93,3","og_description":"A cidade de Buenos Aires, na Argentina, ser\u00e1 a sede da final da edi\u00e7\u00e3o 2024 da Copa Libertadores da Am\u00e9rica, anunciou a AFA (Federa\u00e7\u00e3o Argentina de Futebol), por meio de suas contas em redes sociais. \u201c\u00c9 oficial: Buenos Aires ser\u00e1 sede da final da Copa Libertadores 2024. Que alegria os receber em nosso pa\u00eds Conmebol\u201d, &hellip;","og_url":"https:\/\/transamerica93.com.br\/home\/buenos-aires-recebera-a-final-da-edicao-2024-da-copa-libertadores\/","og_site_name":"Transam\u00e9rica Mococa 93,3","article_publisher":"https:\/\/www.facebook.com\/transamericamococa","article_published_time":"2024-02-23T15:00:19+00:00","og_image":[{"width":1170,"height":700,"url":"https:\/\/transamerica93.com.br\/home\/wp-content\/uploads\/2024\/02\/5.jpg","type":"image\/jpeg"}],"author":"Reda\u00e7\u00e3o","twitter_card":"summary_large_image","twitter_creator":"@transamerica933","twitter_site":"@transamerica933","twitter_misc":{"Escrito por":"Reda\u00e7\u00e3o","Est. tempo de leitura":"2 minutos"},"schema":{"@context":"https:\/\/schema.org","@graph":[{"@type":"Article","@id":"https:\/\/transamerica93.com.br\/home\/buenos-aires-recebera-a-final-da-edicao-2024-da-copa-libertadores\/#article","isPartOf":{"@id":"https:\/\/transamerica93.com.br\/home\/buenos-aires-recebera-a-final-da-edicao-2024-da-copa-libertadores\/"},"author":{"name":"Reda\u00e7\u00e3o","@id":"https:\/\/transamerica93.com.br\/home\/#\/schema\/person\/7fed7c99c0d4562efa8561bc0f543172"},"headline":"Buenos Aires receber\u00e1 a final da edi\u00e7\u00e3o 2024 da Copa Libertadores","datePublished":"2024-02-23T15:00:19+00:00","mainEntityOfPage":{"@id":"https:\/\/transamerica93.com.br\/home\/buenos-aires-recebera-a-final-da-edicao-2024-da-copa-libertadores\/"},"wordCount":148,"publisher":{"@id":"https:\/\/transamerica93.com.br\/home\/#organization"},"image":{"@id":"https:\/\/transamerica93.com.br\/home\/buenos-aires-recebera-a-final-da-edicao-2024-da-copa-libertadores\/#primaryimage"},"thumbnailUrl":"https:\/\/transamerica93.com.br\/home\/wp-content\/uploads\/2024\/02\/5.jpg","articleSection":["Esportes"],"inLanguage":"pt-BR"},{"@type":"WebPage","@id":"https:\/\/transamerica93.com.br\/home\/buenos-aires-recebera-a-final-da-edicao-2024-da-copa-libertadores\/","url":"https:\/\/transamerica93.com.br\/home\/buenos-aires-recebera-a-final-da-edicao-2024-da-copa-libertadores\/","name":"Buenos Aires receber\u00e1 a final da edi\u00e7\u00e3o 2024 da Copa Libertadores - Transam\u00e9rica Mococa 93,3","isPartOf":{"@id":"https:\/\/transamerica93.com.br\/home\/#website"},"primaryImageOfPage":{"@id":"https:\/\/transamerica93.com.br\/home\/buenos-aires-recebera-a-final-da-edicao-2024-da-copa-libertadores\/#primaryimage"},"image":{"@id":"https:\/\/transamerica93.com.br\/home\/buenos-aires-recebera-a-final-da-edicao-2024-da-copa-libertadores\/#primaryimage"},"thumbnailUrl":"https:\/\/transamerica93.com.br\/home\/wp-content\/uploads\/2024\/02\/5.jpg","datePublished":"2024-02-23T15:00:19+00:00","breadcrumb":{"@id":"https:\/\/transamerica93.com.br\/home\/buenos-aires-recebera-a-final-da-edicao-2024-da-copa-libertadores\/#breadcrumb"},"inLanguage":"pt-BR","potentialAction":[{"@type":"ReadAction","target":["https:\/\/transamerica93.com.br\/home\/buenos-aires-recebera-a-final-da-edicao-2024-da-copa-libertadores\/"]}]},{"@type":"ImageObject","inLanguage":"pt-BR","@id":"https:\/\/transamerica93.com.br\/home\/buenos-aires-recebera-a-final-da-edicao-2024-da-copa-libertadores\/#primaryimage","url":"https:\/\/transamerica93.com.br\/home\/wp-content\/uploads\/2024\/02\/5.jpg","contentUrl":"https:\/\/transamerica93.com.br\/home\/wp-content\/uploads\/2024\/02\/5.jpg","width":1170,"height":700,"caption":"\u00a9 Reprodu\u00e7\u00e3o Twitter\/Conmebol"},{"@type":"BreadcrumbList","@id":"https:\/\/transamerica93.com.br\/home\/buenos-aires-recebera-a-final-da-edicao-2024-da-copa-libertadores\/#breadcrumb","itemListElement":[{"@type":"ListItem","position":1,"name":"In\u00edcio","item":"https:\/\/transamerica93.com.br\/home\/"},{"@type":"ListItem","position":2,"name":"Buenos Aires receber\u00e1 a final da edi\u00e7\u00e3o 2024 da Copa Libertadores"}]},{"@type":"WebSite","@id":"https:\/\/transamerica93.com.br\/home\/#website","url":"https:\/\/transamerica93.com.br\/home\/","name":"Transam\u00e9rica Mococa 93,3","description":"","publisher":{"@id":"https:\/\/transamerica93.com.br\/home\/#organization"},"potentialAction":[{"@type":"SearchAction","target":{"@type":"EntryPoint","urlTemplate":"https:\/\/transamerica93.com.br\/home\/?s={search_term_string}"},"query-input":{"@type":"PropertyValueSpecification","valueRequired":true,"valueName":"search_term_string"}}],"inLanguage":"pt-BR"},{"@type":"Organization","@id":"https:\/\/transamerica93.com.br\/home\/#organization","name":"Transam\u00e9rica Mococa 93,3","url":"https:\/\/transamerica93.com.br\/home\/","logo":{"@type":"ImageObject","inLanguage":"pt-BR","@id":"https:\/\/transamerica93.com.br\/home\/#\/schema\/logo\/image\/","url":"https:\/\/transamerica93.com.br\/home\/wp-content\/uploads\/2023\/10\/logo2.png","contentUrl":"https:\/\/transamerica93.com.br\/home\/wp-content\/uploads\/2023\/10\/logo2.png","width":800,"height":500,"caption":"Transam\u00e9rica Mococa 93,3"},"image":{"@id":"https:\/\/transamerica93.com.br\/home\/#\/schema\/logo\/image\/"},"sameAs":["https:\/\/www.facebook.com\/transamericamococa","https:\/\/x.com\/transamerica933","https:\/\/www.instagram.com\/transamericamococa"]},{"@type":"Person","@id":"https:\/\/transamerica93.com.br\/home\/#\/schema\/person\/7fed7c99c0d4562efa8561bc0f543172","name":"Reda\u00e7\u00e3o","image":{"@type":"ImageObject","inLanguage":"pt-BR","@id":"https:\/\/secure.gravatar.com\/avatar\/1072c6b775fb02ef8506ce967551d95926669a6b7d2c2147b42eea4d7c68395e?s=96&d=mm&r=g","url":"https:\/\/secure.gravatar.com\/avatar\/1072c6b775fb02ef8506ce967551d95926669a6b7d2c2147b42eea4d7c68395e?s=96&d=mm&r=g","contentUrl":"https:\/\/secure.gravatar.com\/avatar\/1072c6b775fb02ef8506ce967551d95926669a6b7d2c2147b42eea4d7c68395e?s=96&d=mm&r=g","caption":"Reda\u00e7\u00e3o"},"sameAs":["https:\/\/transamerica93.com.br\/home"],"url":"https:\/\/transamerica93.com.br\/home\/author\/william\/"}]}},"_links":{"self":[{"href":"https:\/\/transamerica93.com.br\/home\/wp-json\/wp\/v2\/posts\/2461","targetHints":{"allow":["GET"]}}],"collection":[{"href":"https:\/\/transamerica93.com.br\/home\/wp-json\/wp\/v2\/posts"}],"about":[{"href":"https:\/\/transamerica93.com.br\/home\/wp-json\/wp\/v2\/types\/post"}],"author":[{"embeddable":true,"href":"https:\/\/transamerica93.com.br\/home\/wp-json\/wp\/v2\/users\/1"}],"replies":[{"embeddable":true,"href":"https:\/\/transamerica93.com.br\/home\/wp-json\/wp\/v2\/comments?post=2461"}],"version-history":[{"count":1,"href":"https:\/\/transamerica93.com.br\/home\/wp-json\/wp\/v2\/posts\/2461\/revisions"}],"predecessor-version":[{"id":2462,"href":"https:\/\/transamerica93.com.br\/home\/wp-json\/wp\/v2\/posts\/2461\/revisions\/2462"}],"wp:featuredmedia":[{"embeddable":true,"href":"https:\/\/transamerica93.com.br\/home\/wp-json\/wp\/v2\/media\/2453"}],"wp:attachment":[{"href":"https:\/\/transamerica93.com.br\/home\/wp-json\/wp\/v2\/media?parent=2461"}],"wp:term":[{"taxonomy":"category","embeddable":true,"href":"https:\/\/transamerica93.com.br\/home\/wp-json\/wp\/v2\/categories?post=2461"},{"taxonomy":"post_tag","embeddable":true,"href":"https:\/\/transamerica93.com.br\/home\/wp-json\/wp\/v2\/tags?post=2461"}],"curies":[{"name":"wp","href":"https:\/\/api.w.org\/{rel}","templated":true}]}}