{"id":2486,"date":"2024-02-22T18:00:43","date_gmt":"2024-02-22T21:00:43","guid":{"rendered":"https:\/\/transamerica93.com.br\/home\/?p=2486"},"modified":"2024-02-17T02:18:22","modified_gmt":"2024-02-17T05:18:22","slug":"ana-hickmann-acusa-alexandre-correa-de-descumprir-medida-protetiva-defesa-nega","status":"publish","type":"post","link":"https:\/\/transamerica93.com.br\/home\/ana-hickmann-acusa-alexandre-correa-de-descumprir-medida-protetiva-defesa-nega\/","title":{"rendered":"Ana Hickmann acusa Alexandre Correa de descumprir medida protetiva; defesa nega"},"content":{"rendered":"<h6 class=\"Assina\">Por Maria Fernanda Viana<\/h6>\n<p>Ana Hickmann acusou Alexandre Correa, seu ex-marido, de descumprir a medida protetiva. De acordo com a apresentadora, ele passou mais de 45 minutos no port\u00e3o do condom\u00ednio onde ela mora, ap\u00f3s deixar o filho com a m\u00e3e, na \u00faltima ter\u00e7a-feira, 13. A defesa do empres\u00e1rio negou a vers\u00e3o de Ana.<\/p>\n<p>De acordo com a assessoria de Ana, Alexandre teria permanecido no port\u00e3o do condom\u00ednio ap\u00f3s finalizar o encontro com o filho.<\/p>\n<p>&#8220;Alexandre Correa permaneceu por mais de 45 minutos em frente ao condom\u00ednio onde mora Ana Hickmann. Ao sair de casa, a apresentadora se deparou com o ex-marido no local, de bra\u00e7os cruzados e olhar intimidador&#8221;, diz o comunicado.<\/p>\n<p>O ex-marido de Ana Hickmann \u00e9 r\u00e9u por viol\u00eancia dom\u00e9stica e por ferir o Estatuto da Crian\u00e7a e do Adolescente. Ele tamb\u00e9m est\u00e1 proibido de se aproximar da ex-mulher desde novembro de 2023.<\/p>\n<p>Ao\u00a0<b>Estad\u00e3o<\/b>, a defesa de Alexandre Correa negou a vers\u00e3o dos fatos da apresentadora.<\/p>\n<p>&#8220;O Alexandre leva o pai em Itu, para que ele possa buscar o filho, por ordem judicial de aliena\u00e7\u00e3o parental. No dia 13, o Alexandre foi levar o pai no condom\u00ednio e ficou aguardando na frente&#8221;, explicou.<\/p>\n<p>Ainda de acordo com Enio Martins, advogado de Alexandre, a medida protetiva \u00e9 de 500 metros e Alexandre ficou a 1000 metros da resid\u00eancia da apresentadora. &#8220;A Ana pegou o carro, junto com o Edu Guedes e foi l\u00e1 coagir o Alexandre da portaria. [&#8230;] Isso \u00e9 tudo mentira&#8221;.<\/p>\n<p>A defesa do ex-marido de Ana Hickmann tamb\u00e9m afirmou que ele est\u00e1 sendo impedido de ver o filho. &#8220;Ele n\u00e3o est\u00e1 podendo nem ver seu filho em paz, porque a Ana est\u00e1 tentando forjar um descumprimento da medida protetiva&#8221;, disse.<\/p>\n<p>Os dois se divorciaram ap\u00f3s 23 anos de casamento, em novembro do ano passado, quando a apresentadora acusou Alexandre Correa de viol\u00eancia dom\u00e9stica.<\/p>\n<p>A assessoria da apresentadora afirmou que as medidas cab\u00edveis para manter sua inseguran\u00e7a e integridade f\u00edsica foram tomadas.<\/p>\n<p>* Estagi\u00e1ria sob supervis\u00e3o de Charlise Morais<\/p>\n","protected":false},"excerpt":{"rendered":"<p>Por Maria Fernanda Viana Ana Hickmann acusou Alexandre Correa, seu ex-marido, de descumprir a medida protetiva. De acordo com a apresentadora, ele passou mais de 45 minutos no port\u00e3o do condom\u00ednio onde ela mora, ap\u00f3s deixar o filho com a m\u00e3e, na \u00faltima ter\u00e7a-feira, 13. A defesa do empres\u00e1rio negou a vers\u00e3o de Ana. De &hellip;<\/p>\n","protected":false},"author":1,"featured_media":2009,"comment_status":"closed","ping_status":"closed","sticky":false,"template":"","format":"standard","meta":{"footnotes":""},"categories":[24],"tags":[],"class_list":["post-2486","post","type-post","status-publish","format-standard","has-post-thumbnail","hentry","category-entretenimento"],"yoast_head":"<!-- This site is optimized with the Yoast SEO plugin v27.4 - https:\/\/yoast.com\/product\/yoast-seo-wordpress\/ -->\n<title>Ana Hickmann acusa Alexandre Correa de descumprir medida protetiva; defesa nega - Transam\u00e9rica Mococa 93,3<\/title>\n<meta name=\"robots\" content=\"index, follow, max-snippet:-1, max-image-preview:large, max-video-preview:-1\" \/>\n<link rel=\"canonical\" href=\"https:\/\/transamerica93.com.br\/home\/ana-hickmann-acusa-alexandre-correa-de-descumprir-medida-protetiva-defesa-nega\/\" \/>\n<meta property=\"og:locale\" content=\"pt_BR\" \/>\n<meta property=\"og:type\" content=\"article\" \/>\n<meta property=\"og:title\" content=\"Ana Hickmann acusa Alexandre Correa de descumprir medida protetiva; defesa nega - Transam\u00e9rica Mococa 93,3\" \/>\n<meta property=\"og:description\" content=\"Por Maria Fernanda Viana Ana Hickmann acusou Alexandre Correa, seu ex-marido, de descumprir a medida protetiva. De acordo com a apresentadora, ele passou mais de 45 minutos no port\u00e3o do condom\u00ednio onde ela mora, ap\u00f3s deixar o filho com a m\u00e3e, na \u00faltima ter\u00e7a-feira, 13. A defesa do empres\u00e1rio negou a vers\u00e3o de Ana. De &hellip;\" \/>\n<meta property=\"og:url\" content=\"https:\/\/transamerica93.com.br\/home\/ana-hickmann-acusa-alexandre-correa-de-descumprir-medida-protetiva-defesa-nega\/\" \/>\n<meta property=\"og:site_name\" content=\"Transam\u00e9rica Mococa 93,3\" \/>\n<meta property=\"article:publisher\" content=\"https:\/\/www.facebook.com\/transamericamococa\" \/>\n<meta property=\"article:published_time\" content=\"2024-02-22T21:00:43+00:00\" \/>\n<meta property=\"og:image\" content=\"https:\/\/transamerica93.com.br\/home\/wp-content\/uploads\/2023\/11\/imagem-4.jpg\" \/>\n\t<meta property=\"og:image:width\" content=\"758\" \/>\n\t<meta property=\"og:image:height\" content=\"493\" \/>\n\t<meta property=\"og:image:type\" content=\"image\/jpeg\" \/>\n<meta name=\"author\" content=\"Reda\u00e7\u00e3o\" \/>\n<meta name=\"twitter:card\" content=\"summary_large_image\" \/>\n<meta name=\"twitter:creator\" content=\"@transamerica933\" \/>\n<meta name=\"twitter:site\" content=\"@transamerica933\" \/>\n<meta name=\"twitter:label1\" content=\"Escrito por\" \/>\n\t<meta name=\"twitter:data1\" content=\"Reda\u00e7\u00e3o\" \/>\n\t<meta name=\"twitter:label2\" content=\"Est. tempo de leitura\" \/>\n\t<meta name=\"twitter:data2\" content=\"3 minutos\" \/>\n<script type=\"application\/ld+json\" class=\"yoast-schema-graph\">{\"@context\":\"https:\\\/\\\/schema.org\",\"@graph\":[{\"@type\":\"Article\",\"@id\":\"https:\\\/\\\/transamerica93.com.br\\\/home\\\/ana-hickmann-acusa-alexandre-correa-de-descumprir-medida-protetiva-defesa-nega\\\/#article\",\"isPartOf\":{\"@id\":\"https:\\\/\\\/transamerica93.com.br\\\/home\\\/ana-hickmann-acusa-alexandre-correa-de-descumprir-medida-protetiva-defesa-nega\\\/\"},\"author\":{\"name\":\"Reda\u00e7\u00e3o\",\"@id\":\"https:\\\/\\\/transamerica93.com.br\\\/home\\\/#\\\/schema\\\/person\\\/7fed7c99c0d4562efa8561bc0f543172\"},\"headline\":\"Ana Hickmann acusa Alexandre Correa de descumprir medida protetiva; defesa nega\",\"datePublished\":\"2024-02-22T21:00:43+00:00\",\"mainEntityOfPage\":{\"@id\":\"https:\\\/\\\/transamerica93.com.br\\\/home\\\/ana-hickmann-acusa-alexandre-correa-de-descumprir-medida-protetiva-defesa-nega\\\/\"},\"wordCount\":364,\"publisher\":{\"@id\":\"https:\\\/\\\/transamerica93.com.br\\\/home\\\/#organization\"},\"image\":{\"@id\":\"https:\\\/\\\/transamerica93.com.br\\\/home\\\/ana-hickmann-acusa-alexandre-correa-de-descumprir-medida-protetiva-defesa-nega\\\/#primaryimage\"},\"thumbnailUrl\":\"https:\\\/\\\/transamerica93.com.br\\\/home\\\/wp-content\\\/uploads\\\/2023\\\/11\\\/imagem-4.jpg\",\"articleSection\":[\"Entretenimento\"],\"inLanguage\":\"pt-BR\"},{\"@type\":\"WebPage\",\"@id\":\"https:\\\/\\\/transamerica93.com.br\\\/home\\\/ana-hickmann-acusa-alexandre-correa-de-descumprir-medida-protetiva-defesa-nega\\\/\",\"url\":\"https:\\\/\\\/transamerica93.com.br\\\/home\\\/ana-hickmann-acusa-alexandre-correa-de-descumprir-medida-protetiva-defesa-nega\\\/\",\"name\":\"Ana Hickmann acusa Alexandre Correa de descumprir medida protetiva; defesa nega - Transam\u00e9rica Mococa 93,3\",\"isPartOf\":{\"@id\":\"https:\\\/\\\/transamerica93.com.br\\\/home\\\/#website\"},\"primaryImageOfPage\":{\"@id\":\"https:\\\/\\\/transamerica93.com.br\\\/home\\\/ana-hickmann-acusa-alexandre-correa-de-descumprir-medida-protetiva-defesa-nega\\\/#primaryimage\"},\"image\":{\"@id\":\"https:\\\/\\\/transamerica93.com.br\\\/home\\\/ana-hickmann-acusa-alexandre-correa-de-descumprir-medida-protetiva-defesa-nega\\\/#primaryimage\"},\"thumbnailUrl\":\"https:\\\/\\\/transamerica93.com.br\\\/home\\\/wp-content\\\/uploads\\\/2023\\\/11\\\/imagem-4.jpg\",\"datePublished\":\"2024-02-22T21:00:43+00:00\",\"breadcrumb\":{\"@id\":\"https:\\\/\\\/transamerica93.com.br\\\/home\\\/ana-hickmann-acusa-alexandre-correa-de-descumprir-medida-protetiva-defesa-nega\\\/#breadcrumb\"},\"inLanguage\":\"pt-BR\",\"potentialAction\":[{\"@type\":\"ReadAction\",\"target\":[\"https:\\\/\\\/transamerica93.com.br\\\/home\\\/ana-hickmann-acusa-alexandre-correa-de-descumprir-medida-protetiva-defesa-nega\\\/\"]}]},{\"@type\":\"ImageObject\",\"inLanguage\":\"pt-BR\",\"@id\":\"https:\\\/\\\/transamerica93.com.br\\\/home\\\/ana-hickmann-acusa-alexandre-correa-de-descumprir-medida-protetiva-defesa-nega\\\/#primaryimage\",\"url\":\"https:\\\/\\\/transamerica93.com.br\\\/home\\\/wp-content\\\/uploads\\\/2023\\\/11\\\/imagem-4.jpg\",\"contentUrl\":\"https:\\\/\\\/transamerica93.com.br\\\/home\\\/wp-content\\\/uploads\\\/2023\\\/11\\\/imagem-4.jpg\",\"width\":758,\"height\":493,\"caption\":\"Foto: Instagram @ahickmann\"},{\"@type\":\"BreadcrumbList\",\"@id\":\"https:\\\/\\\/transamerica93.com.br\\\/home\\\/ana-hickmann-acusa-alexandre-correa-de-descumprir-medida-protetiva-defesa-nega\\\/#breadcrumb\",\"itemListElement\":[{\"@type\":\"ListItem\",\"position\":1,\"name\":\"In\u00edcio\",\"item\":\"https:\\\/\\\/transamerica93.com.br\\\/home\\\/\"},{\"@type\":\"ListItem\",\"position\":2,\"name\":\"Ana Hickmann acusa Alexandre Correa de descumprir medida protetiva; defesa nega\"}]},{\"@type\":\"WebSite\",\"@id\":\"https:\\\/\\\/transamerica93.com.br\\\/home\\\/#website\",\"url\":\"https:\\\/\\\/transamerica93.com.br\\\/home\\\/\",\"name\":\"Transam\u00e9rica Mococa 93,3\",\"description\":\"\",\"publisher\":{\"@id\":\"https:\\\/\\\/transamerica93.com.br\\\/home\\\/#organization\"},\"potentialAction\":[{\"@type\":\"SearchAction\",\"target\":{\"@type\":\"EntryPoint\",\"urlTemplate\":\"https:\\\/\\\/transamerica93.com.br\\\/home\\\/?s={search_term_string}\"},\"query-input\":{\"@type\":\"PropertyValueSpecification\",\"valueRequired\":true,\"valueName\":\"search_term_string\"}}],\"inLanguage\":\"pt-BR\"},{\"@type\":\"Organization\",\"@id\":\"https:\\\/\\\/transamerica93.com.br\\\/home\\\/#organization\",\"name\":\"Transam\u00e9rica Mococa 93,3\",\"url\":\"https:\\\/\\\/transamerica93.com.br\\\/home\\\/\",\"logo\":{\"@type\":\"ImageObject\",\"inLanguage\":\"pt-BR\",\"@id\":\"https:\\\/\\\/transamerica93.com.br\\\/home\\\/#\\\/schema\\\/logo\\\/image\\\/\",\"url\":\"https:\\\/\\\/transamerica93.com.br\\\/home\\\/wp-content\\\/uploads\\\/2023\\\/10\\\/logo2.png\",\"contentUrl\":\"https:\\\/\\\/transamerica93.com.br\\\/home\\\/wp-content\\\/uploads\\\/2023\\\/10\\\/logo2.png\",\"width\":800,\"height\":500,\"caption\":\"Transam\u00e9rica Mococa 93,3\"},\"image\":{\"@id\":\"https:\\\/\\\/transamerica93.com.br\\\/home\\\/#\\\/schema\\\/logo\\\/image\\\/\"},\"sameAs\":[\"https:\\\/\\\/www.facebook.com\\\/transamericamococa\",\"https:\\\/\\\/x.com\\\/transamerica933\",\"https:\\\/\\\/www.instagram.com\\\/transamericamococa\"]},{\"@type\":\"Person\",\"@id\":\"https:\\\/\\\/transamerica93.com.br\\\/home\\\/#\\\/schema\\\/person\\\/7fed7c99c0d4562efa8561bc0f543172\",\"name\":\"Reda\u00e7\u00e3o\",\"image\":{\"@type\":\"ImageObject\",\"inLanguage\":\"pt-BR\",\"@id\":\"https:\\\/\\\/secure.gravatar.com\\\/avatar\\\/1072c6b775fb02ef8506ce967551d95926669a6b7d2c2147b42eea4d7c68395e?s=96&d=mm&r=g\",\"url\":\"https:\\\/\\\/secure.gravatar.com\\\/avatar\\\/1072c6b775fb02ef8506ce967551d95926669a6b7d2c2147b42eea4d7c68395e?s=96&d=mm&r=g\",\"contentUrl\":\"https:\\\/\\\/secure.gravatar.com\\\/avatar\\\/1072c6b775fb02ef8506ce967551d95926669a6b7d2c2147b42eea4d7c68395e?s=96&d=mm&r=g\",\"caption\":\"Reda\u00e7\u00e3o\"},\"sameAs\":[\"https:\\\/\\\/transamerica93.com.br\\\/home\"],\"url\":\"https:\\\/\\\/transamerica93.com.br\\\/home\\\/author\\\/william\\\/\"}]}<\/script>\n<!-- \/ Yoast SEO plugin. -->","yoast_head_json":{"title":"Ana Hickmann acusa Alexandre Correa de descumprir medida protetiva; defesa nega - Transam\u00e9rica Mococa 93,3","robots":{"index":"index","follow":"follow","max-snippet":"max-snippet:-1","max-image-preview":"max-image-preview:large","max-video-preview":"max-video-preview:-1"},"canonical":"https:\/\/transamerica93.com.br\/home\/ana-hickmann-acusa-alexandre-correa-de-descumprir-medida-protetiva-defesa-nega\/","og_locale":"pt_BR","og_type":"article","og_title":"Ana Hickmann acusa Alexandre Correa de descumprir medida protetiva; defesa nega - Transam\u00e9rica Mococa 93,3","og_description":"Por Maria Fernanda Viana Ana Hickmann acusou Alexandre Correa, seu ex-marido, de descumprir a medida protetiva. De acordo com a apresentadora, ele passou mais de 45 minutos no port\u00e3o do condom\u00ednio onde ela mora, ap\u00f3s deixar o filho com a m\u00e3e, na \u00faltima ter\u00e7a-feira, 13. A defesa do empres\u00e1rio negou a vers\u00e3o de Ana. De &hellip;","og_url":"https:\/\/transamerica93.com.br\/home\/ana-hickmann-acusa-alexandre-correa-de-descumprir-medida-protetiva-defesa-nega\/","og_site_name":"Transam\u00e9rica Mococa 93,3","article_publisher":"https:\/\/www.facebook.com\/transamericamococa","article_published_time":"2024-02-22T21:00:43+00:00","og_image":[{"width":758,"height":493,"url":"https:\/\/transamerica93.com.br\/home\/wp-content\/uploads\/2023\/11\/imagem-4.jpg","type":"image\/jpeg"}],"author":"Reda\u00e7\u00e3o","twitter_card":"summary_large_image","twitter_creator":"@transamerica933","twitter_site":"@transamerica933","twitter_misc":{"Escrito por":"Reda\u00e7\u00e3o","Est. tempo de leitura":"3 minutos"},"schema":{"@context":"https:\/\/schema.org","@graph":[{"@type":"Article","@id":"https:\/\/transamerica93.com.br\/home\/ana-hickmann-acusa-alexandre-correa-de-descumprir-medida-protetiva-defesa-nega\/#article","isPartOf":{"@id":"https:\/\/transamerica93.com.br\/home\/ana-hickmann-acusa-alexandre-correa-de-descumprir-medida-protetiva-defesa-nega\/"},"author":{"name":"Reda\u00e7\u00e3o","@id":"https:\/\/transamerica93.com.br\/home\/#\/schema\/person\/7fed7c99c0d4562efa8561bc0f543172"},"headline":"Ana Hickmann acusa Alexandre Correa de descumprir medida protetiva; defesa nega","datePublished":"2024-02-22T21:00:43+00:00","mainEntityOfPage":{"@id":"https:\/\/transamerica93.com.br\/home\/ana-hickmann-acusa-alexandre-correa-de-descumprir-medida-protetiva-defesa-nega\/"},"wordCount":364,"publisher":{"@id":"https:\/\/transamerica93.com.br\/home\/#organization"},"image":{"@id":"https:\/\/transamerica93.com.br\/home\/ana-hickmann-acusa-alexandre-correa-de-descumprir-medida-protetiva-defesa-nega\/#primaryimage"},"thumbnailUrl":"https:\/\/transamerica93.com.br\/home\/wp-content\/uploads\/2023\/11\/imagem-4.jpg","articleSection":["Entretenimento"],"inLanguage":"pt-BR"},{"@type":"WebPage","@id":"https:\/\/transamerica93.com.br\/home\/ana-hickmann-acusa-alexandre-correa-de-descumprir-medida-protetiva-defesa-nega\/","url":"https:\/\/transamerica93.com.br\/home\/ana-hickmann-acusa-alexandre-correa-de-descumprir-medida-protetiva-defesa-nega\/","name":"Ana Hickmann acusa Alexandre Correa de descumprir medida protetiva; defesa nega - Transam\u00e9rica Mococa 93,3","isPartOf":{"@id":"https:\/\/transamerica93.com.br\/home\/#website"},"primaryImageOfPage":{"@id":"https:\/\/transamerica93.com.br\/home\/ana-hickmann-acusa-alexandre-correa-de-descumprir-medida-protetiva-defesa-nega\/#primaryimage"},"image":{"@id":"https:\/\/transamerica93.com.br\/home\/ana-hickmann-acusa-alexandre-correa-de-descumprir-medida-protetiva-defesa-nega\/#primaryimage"},"thumbnailUrl":"https:\/\/transamerica93.com.br\/home\/wp-content\/uploads\/2023\/11\/imagem-4.jpg","datePublished":"2024-02-22T21:00:43+00:00","breadcrumb":{"@id":"https:\/\/transamerica93.com.br\/home\/ana-hickmann-acusa-alexandre-correa-de-descumprir-medida-protetiva-defesa-nega\/#breadcrumb"},"inLanguage":"pt-BR","potentialAction":[{"@type":"ReadAction","target":["https:\/\/transamerica93.com.br\/home\/ana-hickmann-acusa-alexandre-correa-de-descumprir-medida-protetiva-defesa-nega\/"]}]},{"@type":"ImageObject","inLanguage":"pt-BR","@id":"https:\/\/transamerica93.com.br\/home\/ana-hickmann-acusa-alexandre-correa-de-descumprir-medida-protetiva-defesa-nega\/#primaryimage","url":"https:\/\/transamerica93.com.br\/home\/wp-content\/uploads\/2023\/11\/imagem-4.jpg","contentUrl":"https:\/\/transamerica93.com.br\/home\/wp-content\/uploads\/2023\/11\/imagem-4.jpg","width":758,"height":493,"caption":"Foto: Instagram @ahickmann"},{"@type":"BreadcrumbList","@id":"https:\/\/transamerica93.com.br\/home\/ana-hickmann-acusa-alexandre-correa-de-descumprir-medida-protetiva-defesa-nega\/#breadcrumb","itemListElement":[{"@type":"ListItem","position":1,"name":"In\u00edcio","item":"https:\/\/transamerica93.com.br\/home\/"},{"@type":"ListItem","position":2,"name":"Ana Hickmann acusa Alexandre Correa de descumprir medida protetiva; defesa nega"}]},{"@type":"WebSite","@id":"https:\/\/transamerica93.com.br\/home\/#website","url":"https:\/\/transamerica93.com.br\/home\/","name":"Transam\u00e9rica Mococa 93,3","description":"","publisher":{"@id":"https:\/\/transamerica93.com.br\/home\/#organization"},"potentialAction":[{"@type":"SearchAction","target":{"@type":"EntryPoint","urlTemplate":"https:\/\/transamerica93.com.br\/home\/?s={search_term_string}"},"query-input":{"@type":"PropertyValueSpecification","valueRequired":true,"valueName":"search_term_string"}}],"inLanguage":"pt-BR"},{"@type":"Organization","@id":"https:\/\/transamerica93.com.br\/home\/#organization","name":"Transam\u00e9rica Mococa 93,3","url":"https:\/\/transamerica93.com.br\/home\/","logo":{"@type":"ImageObject","inLanguage":"pt-BR","@id":"https:\/\/transamerica93.com.br\/home\/#\/schema\/logo\/image\/","url":"https:\/\/transamerica93.com.br\/home\/wp-content\/uploads\/2023\/10\/logo2.png","contentUrl":"https:\/\/transamerica93.com.br\/home\/wp-content\/uploads\/2023\/10\/logo2.png","width":800,"height":500,"caption":"Transam\u00e9rica Mococa 93,3"},"image":{"@id":"https:\/\/transamerica93.com.br\/home\/#\/schema\/logo\/image\/"},"sameAs":["https:\/\/www.facebook.com\/transamericamococa","https:\/\/x.com\/transamerica933","https:\/\/www.instagram.com\/transamericamococa"]},{"@type":"Person","@id":"https:\/\/transamerica93.com.br\/home\/#\/schema\/person\/7fed7c99c0d4562efa8561bc0f543172","name":"Reda\u00e7\u00e3o","image":{"@type":"ImageObject","inLanguage":"pt-BR","@id":"https:\/\/secure.gravatar.com\/avatar\/1072c6b775fb02ef8506ce967551d95926669a6b7d2c2147b42eea4d7c68395e?s=96&d=mm&r=g","url":"https:\/\/secure.gravatar.com\/avatar\/1072c6b775fb02ef8506ce967551d95926669a6b7d2c2147b42eea4d7c68395e?s=96&d=mm&r=g","contentUrl":"https:\/\/secure.gravatar.com\/avatar\/1072c6b775fb02ef8506ce967551d95926669a6b7d2c2147b42eea4d7c68395e?s=96&d=mm&r=g","caption":"Reda\u00e7\u00e3o"},"sameAs":["https:\/\/transamerica93.com.br\/home"],"url":"https:\/\/transamerica93.com.br\/home\/author\/william\/"}]}},"_links":{"self":[{"href":"https:\/\/transamerica93.com.br\/home\/wp-json\/wp\/v2\/posts\/2486","targetHints":{"allow":["GET"]}}],"collection":[{"href":"https:\/\/transamerica93.com.br\/home\/wp-json\/wp\/v2\/posts"}],"about":[{"href":"https:\/\/transamerica93.com.br\/home\/wp-json\/wp\/v2\/types\/post"}],"author":[{"embeddable":true,"href":"https:\/\/transamerica93.com.br\/home\/wp-json\/wp\/v2\/users\/1"}],"replies":[{"embeddable":true,"href":"https:\/\/transamerica93.com.br\/home\/wp-json\/wp\/v2\/comments?post=2486"}],"version-history":[{"count":1,"href":"https:\/\/transamerica93.com.br\/home\/wp-json\/wp\/v2\/posts\/2486\/revisions"}],"predecessor-version":[{"id":2487,"href":"https:\/\/transamerica93.com.br\/home\/wp-json\/wp\/v2\/posts\/2486\/revisions\/2487"}],"wp:featuredmedia":[{"embeddable":true,"href":"https:\/\/transamerica93.com.br\/home\/wp-json\/wp\/v2\/media\/2009"}],"wp:attachment":[{"href":"https:\/\/transamerica93.com.br\/home\/wp-json\/wp\/v2\/media?parent=2486"}],"wp:term":[{"taxonomy":"category","embeddable":true,"href":"https:\/\/transamerica93.com.br\/home\/wp-json\/wp\/v2\/categories?post=2486"},{"taxonomy":"post_tag","embeddable":true,"href":"https:\/\/transamerica93.com.br\/home\/wp-json\/wp\/v2\/tags?post=2486"}],"curies":[{"name":"wp","href":"https:\/\/api.w.org\/{rel}","templated":true}]}}