{"id":2491,"date":"2024-02-20T09:00:56","date_gmt":"2024-02-20T12:00:56","guid":{"rendered":"https:\/\/transamerica93.com.br\/home\/?p=2491"},"modified":"2024-02-20T15:18:16","modified_gmt":"2024-02-20T18:18:16","slug":"sp-preco-de-repelentes-aumenta-1578-em-media-diz-procon","status":"publish","type":"post","link":"https:\/\/transamerica93.com.br\/home\/sp-preco-de-repelentes-aumenta-1578-em-media-diz-procon\/","title":{"rendered":"SP: pre\u00e7o de repelentes aumenta 15,78% em m\u00e9dia, diz Procon"},"content":{"rendered":"<div class=\"post-item-wrap\">\n<p>Levantamento sobre pre\u00e7o de repelentes contra insetos, feito pela Funda\u00e7\u00e3o Procon-SP, constatou aumento de 15,78% em m\u00e9dia, com diferen\u00e7as que chegaram a 84,19% para um mesmo produto em estabelecimentos diferentes, entre dezembro do ano passado e fevereiro deste ano<img decoding=\"async\" data-src=\"https:\/\/agenciabrasil.ebc.com.br\/ebc.png?id=1581812&amp;o=node\" src=\"data:image\/svg+xml;base64,PHN2ZyB3aWR0aD0iMSIgaGVpZ2h0PSIxIiB4bWxucz0iaHR0cDovL3d3dy53My5vcmcvMjAwMC9zdmciPjwvc3ZnPg==\" class=\"lazyload\" \/><img decoding=\"async\" data-src=\"https:\/\/agenciabrasil.ebc.com.br\/ebc.gif?id=1581812&amp;o=node\" src=\"data:image\/svg+xml;base64,PHN2ZyB3aWR0aD0iMSIgaGVpZ2h0PSIxIiB4bWxucz0iaHR0cDovL3d3dy53My5vcmcvMjAwMC9zdmciPjwvc3ZnPg==\" class=\"lazyload\" \/><\/p>\n<p>A pesquisa foi realizada\u00a0em cinco sites de drogarias, farm\u00e1cias e mercado. Foram 11 itens com pre\u00e7os comparados. Segundo o Procon-SP, no mesmo per\u00edodo do levantamento, o \u00cdndice de Pre\u00e7os ao Consumidor (IPC-SP) da Funda\u00e7\u00e3o Instituto de Pesquisas Econ\u00f4micas (Fipe) teve varia\u00e7\u00e3o de 0,84%.<\/p>\n<p>A alta dos pre\u00e7os de repelentes ocorre no\u00a0momento de aumento de casos de dengue, transmitida pelo mosquito\u00a0<em>Aedes aegypti,\u00a0<\/em>que\u00a0tamb\u00e9m \u00e9\u00a0vetor de transmiss\u00e3o da zika e da chikungunya.<\/p>\n<p>\u201cA grande diferen\u00e7a de pre\u00e7os entre estabelecimentos aponta para a necessidade de o consumidor pesquisar bastante antes de comprar seus produtos, ainda mais em um per\u00edodo de elevada demanda e considerando que n\u00e3o h\u00e1 tabelamento de pre\u00e7os no pa\u00eds\u201d, divulgou a entidade, em nota.<\/p>\n<h2>Dengue<\/h2>\n<p>Desde 1\u00ba de janeiro,<a href=\"https:\/\/agenciabrasil.ebc.com.br\/saude\/noticia\/2024-02\/mortes-por-dengue-chegam-113-no-pais-438-obitos-sao-investigados\" target=\"_blank\" rel=\"noopener\">\u00a0113 pessoas morreram em todo o pa\u00eds em decorr\u00eancia da dengue<\/a>. De acordo com o painel de monitoramento de arboviroses do Minist\u00e9rio da Sa\u00fade, h\u00e1 ainda 438 casos em investiga\u00e7\u00e3o para a doen\u00e7a.\u00a0https:\/\/agenciabrasil.ebc.com.br\/saude\/noticia\/2024-02\/mortes-por-dengue-chegam-113-no-pais-438-obitos-sao-investigados<\/p>\n<p>Os n\u00fameros mostram que, em menos de dois meses, o Brasil contabiliza 653.656 casos prov\u00e1veis de dengue, o que leva a um coeficiente de incid\u00eancia de 321,9 casos para cada grupo de 100 mil habitantes.<\/p>\n<\/div>\n<p class=\"alt-font font-italic my-2 small text-info\">Edi\u00e7\u00e3o: Maria Claudia<\/p>\n","protected":false},"excerpt":{"rendered":"<p>Levantamento sobre pre\u00e7o de repelentes contra insetos, feito pela Funda\u00e7\u00e3o Procon-SP, constatou aumento de 15,78% em m\u00e9dia, com diferen\u00e7as que chegaram a 84,19% para um mesmo produto em estabelecimentos diferentes, entre dezembro do ano passado e fevereiro deste ano A pesquisa foi realizada\u00a0em cinco sites de drogarias, farm\u00e1cias e mercado. Foram 11 itens com pre\u00e7os &hellip;<\/p>\n","protected":false},"author":1,"featured_media":2492,"comment_status":"closed","ping_status":"closed","sticky":false,"template":"","format":"standard","meta":{"footnotes":""},"categories":[30],"tags":[],"class_list":["post-2491","post","type-post","status-publish","format-standard","has-post-thumbnail","hentry","category-geral"],"yoast_head":"<!-- This site is optimized with the Yoast SEO plugin v27.4 - https:\/\/yoast.com\/product\/yoast-seo-wordpress\/ -->\n<title>SP: pre\u00e7o de repelentes aumenta 15,78% em m\u00e9dia, diz Procon - Transam\u00e9rica Mococa 93,3<\/title>\n<meta name=\"robots\" content=\"index, follow, max-snippet:-1, max-image-preview:large, max-video-preview:-1\" \/>\n<link rel=\"canonical\" href=\"https:\/\/transamerica93.com.br\/home\/sp-preco-de-repelentes-aumenta-1578-em-media-diz-procon\/\" \/>\n<meta property=\"og:locale\" content=\"pt_BR\" \/>\n<meta property=\"og:type\" content=\"article\" \/>\n<meta property=\"og:title\" content=\"SP: pre\u00e7o de repelentes aumenta 15,78% em m\u00e9dia, diz Procon - Transam\u00e9rica Mococa 93,3\" \/>\n<meta property=\"og:description\" content=\"Levantamento sobre pre\u00e7o de repelentes contra insetos, feito pela Funda\u00e7\u00e3o Procon-SP, constatou aumento de 15,78% em m\u00e9dia, com diferen\u00e7as que chegaram a 84,19% para um mesmo produto em estabelecimentos diferentes, entre dezembro do ano passado e fevereiro deste ano A pesquisa foi realizada\u00a0em cinco sites de drogarias, farm\u00e1cias e mercado. Foram 11 itens com pre\u00e7os &hellip;\" \/>\n<meta property=\"og:url\" content=\"https:\/\/transamerica93.com.br\/home\/sp-preco-de-repelentes-aumenta-1578-em-media-diz-procon\/\" \/>\n<meta property=\"og:site_name\" content=\"Transam\u00e9rica Mococa 93,3\" \/>\n<meta property=\"article:publisher\" content=\"https:\/\/www.facebook.com\/transamericamococa\" \/>\n<meta property=\"article:published_time\" content=\"2024-02-20T12:00:56+00:00\" \/>\n<meta property=\"article:modified_time\" content=\"2024-02-20T18:18:16+00:00\" \/>\n<meta property=\"og:image\" content=\"https:\/\/transamerica93.com.br\/home\/wp-content\/uploads\/2024\/02\/imagem-7.jpg\" \/>\n\t<meta property=\"og:image:width\" content=\"1170\" \/>\n\t<meta property=\"og:image:height\" content=\"700\" \/>\n\t<meta property=\"og:image:type\" content=\"image\/jpeg\" \/>\n<meta name=\"author\" content=\"Reda\u00e7\u00e3o\" \/>\n<meta name=\"twitter:card\" content=\"summary_large_image\" \/>\n<meta name=\"twitter:creator\" content=\"@transamerica933\" \/>\n<meta name=\"twitter:site\" content=\"@transamerica933\" \/>\n<meta name=\"twitter:label1\" content=\"Escrito por\" \/>\n\t<meta name=\"twitter:data1\" content=\"Reda\u00e7\u00e3o\" \/>\n\t<meta name=\"twitter:label2\" content=\"Est. tempo de leitura\" \/>\n\t<meta name=\"twitter:data2\" content=\"1 minuto\" \/>\n<script type=\"application\/ld+json\" class=\"yoast-schema-graph\">{\"@context\":\"https:\\\/\\\/schema.org\",\"@graph\":[{\"@type\":\"Article\",\"@id\":\"https:\\\/\\\/transamerica93.com.br\\\/home\\\/sp-preco-de-repelentes-aumenta-1578-em-media-diz-procon\\\/#article\",\"isPartOf\":{\"@id\":\"https:\\\/\\\/transamerica93.com.br\\\/home\\\/sp-preco-de-repelentes-aumenta-1578-em-media-diz-procon\\\/\"},\"author\":{\"name\":\"Reda\u00e7\u00e3o\",\"@id\":\"https:\\\/\\\/transamerica93.com.br\\\/home\\\/#\\\/schema\\\/person\\\/7fed7c99c0d4562efa8561bc0f543172\"},\"headline\":\"SP: pre\u00e7o de repelentes aumenta 15,78% em m\u00e9dia, diz Procon\",\"datePublished\":\"2024-02-20T12:00:56+00:00\",\"dateModified\":\"2024-02-20T18:18:16+00:00\",\"mainEntityOfPage\":{\"@id\":\"https:\\\/\\\/transamerica93.com.br\\\/home\\\/sp-preco-de-repelentes-aumenta-1578-em-media-diz-procon\\\/\"},\"wordCount\":275,\"publisher\":{\"@id\":\"https:\\\/\\\/transamerica93.com.br\\\/home\\\/#organization\"},\"image\":{\"@id\":\"https:\\\/\\\/transamerica93.com.br\\\/home\\\/sp-preco-de-repelentes-aumenta-1578-em-media-diz-procon\\\/#primaryimage\"},\"thumbnailUrl\":\"https:\\\/\\\/transamerica93.com.br\\\/home\\\/wp-content\\\/uploads\\\/2024\\\/02\\\/imagem-7.jpg\",\"articleSection\":[\"Geral\"],\"inLanguage\":\"pt-BR\"},{\"@type\":\"WebPage\",\"@id\":\"https:\\\/\\\/transamerica93.com.br\\\/home\\\/sp-preco-de-repelentes-aumenta-1578-em-media-diz-procon\\\/\",\"url\":\"https:\\\/\\\/transamerica93.com.br\\\/home\\\/sp-preco-de-repelentes-aumenta-1578-em-media-diz-procon\\\/\",\"name\":\"SP: pre\u00e7o de repelentes aumenta 15,78% em m\u00e9dia, diz Procon - Transam\u00e9rica Mococa 93,3\",\"isPartOf\":{\"@id\":\"https:\\\/\\\/transamerica93.com.br\\\/home\\\/#website\"},\"primaryImageOfPage\":{\"@id\":\"https:\\\/\\\/transamerica93.com.br\\\/home\\\/sp-preco-de-repelentes-aumenta-1578-em-media-diz-procon\\\/#primaryimage\"},\"image\":{\"@id\":\"https:\\\/\\\/transamerica93.com.br\\\/home\\\/sp-preco-de-repelentes-aumenta-1578-em-media-diz-procon\\\/#primaryimage\"},\"thumbnailUrl\":\"https:\\\/\\\/transamerica93.com.br\\\/home\\\/wp-content\\\/uploads\\\/2024\\\/02\\\/imagem-7.jpg\",\"datePublished\":\"2024-02-20T12:00:56+00:00\",\"dateModified\":\"2024-02-20T18:18:16+00:00\",\"breadcrumb\":{\"@id\":\"https:\\\/\\\/transamerica93.com.br\\\/home\\\/sp-preco-de-repelentes-aumenta-1578-em-media-diz-procon\\\/#breadcrumb\"},\"inLanguage\":\"pt-BR\",\"potentialAction\":[{\"@type\":\"ReadAction\",\"target\":[\"https:\\\/\\\/transamerica93.com.br\\\/home\\\/sp-preco-de-repelentes-aumenta-1578-em-media-diz-procon\\\/\"]}]},{\"@type\":\"ImageObject\",\"inLanguage\":\"pt-BR\",\"@id\":\"https:\\\/\\\/transamerica93.com.br\\\/home\\\/sp-preco-de-repelentes-aumenta-1578-em-media-diz-procon\\\/#primaryimage\",\"url\":\"https:\\\/\\\/transamerica93.com.br\\\/home\\\/wp-content\\\/uploads\\\/2024\\\/02\\\/imagem-7.jpg\",\"contentUrl\":\"https:\\\/\\\/transamerica93.com.br\\\/home\\\/wp-content\\\/uploads\\\/2024\\\/02\\\/imagem-7.jpg\",\"width\":1170,\"height\":700,\"caption\":\"\u00a9 Arquivo\\\/Juca Varella\\\/Ag\u00eancia Brasil\"},{\"@type\":\"BreadcrumbList\",\"@id\":\"https:\\\/\\\/transamerica93.com.br\\\/home\\\/sp-preco-de-repelentes-aumenta-1578-em-media-diz-procon\\\/#breadcrumb\",\"itemListElement\":[{\"@type\":\"ListItem\",\"position\":1,\"name\":\"In\u00edcio\",\"item\":\"https:\\\/\\\/transamerica93.com.br\\\/home\\\/\"},{\"@type\":\"ListItem\",\"position\":2,\"name\":\"SP: pre\u00e7o de repelentes aumenta 15,78% em m\u00e9dia, diz Procon\"}]},{\"@type\":\"WebSite\",\"@id\":\"https:\\\/\\\/transamerica93.com.br\\\/home\\\/#website\",\"url\":\"https:\\\/\\\/transamerica93.com.br\\\/home\\\/\",\"name\":\"Transam\u00e9rica Mococa 93,3\",\"description\":\"\",\"publisher\":{\"@id\":\"https:\\\/\\\/transamerica93.com.br\\\/home\\\/#organization\"},\"potentialAction\":[{\"@type\":\"SearchAction\",\"target\":{\"@type\":\"EntryPoint\",\"urlTemplate\":\"https:\\\/\\\/transamerica93.com.br\\\/home\\\/?s={search_term_string}\"},\"query-input\":{\"@type\":\"PropertyValueSpecification\",\"valueRequired\":true,\"valueName\":\"search_term_string\"}}],\"inLanguage\":\"pt-BR\"},{\"@type\":\"Organization\",\"@id\":\"https:\\\/\\\/transamerica93.com.br\\\/home\\\/#organization\",\"name\":\"Transam\u00e9rica Mococa 93,3\",\"url\":\"https:\\\/\\\/transamerica93.com.br\\\/home\\\/\",\"logo\":{\"@type\":\"ImageObject\",\"inLanguage\":\"pt-BR\",\"@id\":\"https:\\\/\\\/transamerica93.com.br\\\/home\\\/#\\\/schema\\\/logo\\\/image\\\/\",\"url\":\"https:\\\/\\\/transamerica93.com.br\\\/home\\\/wp-content\\\/uploads\\\/2023\\\/10\\\/logo2.png\",\"contentUrl\":\"https:\\\/\\\/transamerica93.com.br\\\/home\\\/wp-content\\\/uploads\\\/2023\\\/10\\\/logo2.png\",\"width\":800,\"height\":500,\"caption\":\"Transam\u00e9rica Mococa 93,3\"},\"image\":{\"@id\":\"https:\\\/\\\/transamerica93.com.br\\\/home\\\/#\\\/schema\\\/logo\\\/image\\\/\"},\"sameAs\":[\"https:\\\/\\\/www.facebook.com\\\/transamericamococa\",\"https:\\\/\\\/x.com\\\/transamerica933\",\"https:\\\/\\\/www.instagram.com\\\/transamericamococa\"]},{\"@type\":\"Person\",\"@id\":\"https:\\\/\\\/transamerica93.com.br\\\/home\\\/#\\\/schema\\\/person\\\/7fed7c99c0d4562efa8561bc0f543172\",\"name\":\"Reda\u00e7\u00e3o\",\"image\":{\"@type\":\"ImageObject\",\"inLanguage\":\"pt-BR\",\"@id\":\"https:\\\/\\\/secure.gravatar.com\\\/avatar\\\/1072c6b775fb02ef8506ce967551d95926669a6b7d2c2147b42eea4d7c68395e?s=96&d=mm&r=g\",\"url\":\"https:\\\/\\\/secure.gravatar.com\\\/avatar\\\/1072c6b775fb02ef8506ce967551d95926669a6b7d2c2147b42eea4d7c68395e?s=96&d=mm&r=g\",\"contentUrl\":\"https:\\\/\\\/secure.gravatar.com\\\/avatar\\\/1072c6b775fb02ef8506ce967551d95926669a6b7d2c2147b42eea4d7c68395e?s=96&d=mm&r=g\",\"caption\":\"Reda\u00e7\u00e3o\"},\"sameAs\":[\"https:\\\/\\\/transamerica93.com.br\\\/home\"],\"url\":\"https:\\\/\\\/transamerica93.com.br\\\/home\\\/author\\\/william\\\/\"}]}<\/script>\n<!-- \/ Yoast SEO plugin. -->","yoast_head_json":{"title":"SP: pre\u00e7o de repelentes aumenta 15,78% em m\u00e9dia, diz Procon - Transam\u00e9rica Mococa 93,3","robots":{"index":"index","follow":"follow","max-snippet":"max-snippet:-1","max-image-preview":"max-image-preview:large","max-video-preview":"max-video-preview:-1"},"canonical":"https:\/\/transamerica93.com.br\/home\/sp-preco-de-repelentes-aumenta-1578-em-media-diz-procon\/","og_locale":"pt_BR","og_type":"article","og_title":"SP: pre\u00e7o de repelentes aumenta 15,78% em m\u00e9dia, diz Procon - Transam\u00e9rica Mococa 93,3","og_description":"Levantamento sobre pre\u00e7o de repelentes contra insetos, feito pela Funda\u00e7\u00e3o Procon-SP, constatou aumento de 15,78% em m\u00e9dia, com diferen\u00e7as que chegaram a 84,19% para um mesmo produto em estabelecimentos diferentes, entre dezembro do ano passado e fevereiro deste ano A pesquisa foi realizada\u00a0em cinco sites de drogarias, farm\u00e1cias e mercado. Foram 11 itens com pre\u00e7os &hellip;","og_url":"https:\/\/transamerica93.com.br\/home\/sp-preco-de-repelentes-aumenta-1578-em-media-diz-procon\/","og_site_name":"Transam\u00e9rica Mococa 93,3","article_publisher":"https:\/\/www.facebook.com\/transamericamococa","article_published_time":"2024-02-20T12:00:56+00:00","article_modified_time":"2024-02-20T18:18:16+00:00","og_image":[{"width":1170,"height":700,"url":"https:\/\/transamerica93.com.br\/home\/wp-content\/uploads\/2024\/02\/imagem-7.jpg","type":"image\/jpeg"}],"author":"Reda\u00e7\u00e3o","twitter_card":"summary_large_image","twitter_creator":"@transamerica933","twitter_site":"@transamerica933","twitter_misc":{"Escrito por":"Reda\u00e7\u00e3o","Est. tempo de leitura":"1 minuto"},"schema":{"@context":"https:\/\/schema.org","@graph":[{"@type":"Article","@id":"https:\/\/transamerica93.com.br\/home\/sp-preco-de-repelentes-aumenta-1578-em-media-diz-procon\/#article","isPartOf":{"@id":"https:\/\/transamerica93.com.br\/home\/sp-preco-de-repelentes-aumenta-1578-em-media-diz-procon\/"},"author":{"name":"Reda\u00e7\u00e3o","@id":"https:\/\/transamerica93.com.br\/home\/#\/schema\/person\/7fed7c99c0d4562efa8561bc0f543172"},"headline":"SP: pre\u00e7o de repelentes aumenta 15,78% em m\u00e9dia, diz Procon","datePublished":"2024-02-20T12:00:56+00:00","dateModified":"2024-02-20T18:18:16+00:00","mainEntityOfPage":{"@id":"https:\/\/transamerica93.com.br\/home\/sp-preco-de-repelentes-aumenta-1578-em-media-diz-procon\/"},"wordCount":275,"publisher":{"@id":"https:\/\/transamerica93.com.br\/home\/#organization"},"image":{"@id":"https:\/\/transamerica93.com.br\/home\/sp-preco-de-repelentes-aumenta-1578-em-media-diz-procon\/#primaryimage"},"thumbnailUrl":"https:\/\/transamerica93.com.br\/home\/wp-content\/uploads\/2024\/02\/imagem-7.jpg","articleSection":["Geral"],"inLanguage":"pt-BR"},{"@type":"WebPage","@id":"https:\/\/transamerica93.com.br\/home\/sp-preco-de-repelentes-aumenta-1578-em-media-diz-procon\/","url":"https:\/\/transamerica93.com.br\/home\/sp-preco-de-repelentes-aumenta-1578-em-media-diz-procon\/","name":"SP: pre\u00e7o de repelentes aumenta 15,78% em m\u00e9dia, diz Procon - Transam\u00e9rica Mococa 93,3","isPartOf":{"@id":"https:\/\/transamerica93.com.br\/home\/#website"},"primaryImageOfPage":{"@id":"https:\/\/transamerica93.com.br\/home\/sp-preco-de-repelentes-aumenta-1578-em-media-diz-procon\/#primaryimage"},"image":{"@id":"https:\/\/transamerica93.com.br\/home\/sp-preco-de-repelentes-aumenta-1578-em-media-diz-procon\/#primaryimage"},"thumbnailUrl":"https:\/\/transamerica93.com.br\/home\/wp-content\/uploads\/2024\/02\/imagem-7.jpg","datePublished":"2024-02-20T12:00:56+00:00","dateModified":"2024-02-20T18:18:16+00:00","breadcrumb":{"@id":"https:\/\/transamerica93.com.br\/home\/sp-preco-de-repelentes-aumenta-1578-em-media-diz-procon\/#breadcrumb"},"inLanguage":"pt-BR","potentialAction":[{"@type":"ReadAction","target":["https:\/\/transamerica93.com.br\/home\/sp-preco-de-repelentes-aumenta-1578-em-media-diz-procon\/"]}]},{"@type":"ImageObject","inLanguage":"pt-BR","@id":"https:\/\/transamerica93.com.br\/home\/sp-preco-de-repelentes-aumenta-1578-em-media-diz-procon\/#primaryimage","url":"https:\/\/transamerica93.com.br\/home\/wp-content\/uploads\/2024\/02\/imagem-7.jpg","contentUrl":"https:\/\/transamerica93.com.br\/home\/wp-content\/uploads\/2024\/02\/imagem-7.jpg","width":1170,"height":700,"caption":"\u00a9 Arquivo\/Juca Varella\/Ag\u00eancia Brasil"},{"@type":"BreadcrumbList","@id":"https:\/\/transamerica93.com.br\/home\/sp-preco-de-repelentes-aumenta-1578-em-media-diz-procon\/#breadcrumb","itemListElement":[{"@type":"ListItem","position":1,"name":"In\u00edcio","item":"https:\/\/transamerica93.com.br\/home\/"},{"@type":"ListItem","position":2,"name":"SP: pre\u00e7o de repelentes aumenta 15,78% em m\u00e9dia, diz Procon"}]},{"@type":"WebSite","@id":"https:\/\/transamerica93.com.br\/home\/#website","url":"https:\/\/transamerica93.com.br\/home\/","name":"Transam\u00e9rica Mococa 93,3","description":"","publisher":{"@id":"https:\/\/transamerica93.com.br\/home\/#organization"},"potentialAction":[{"@type":"SearchAction","target":{"@type":"EntryPoint","urlTemplate":"https:\/\/transamerica93.com.br\/home\/?s={search_term_string}"},"query-input":{"@type":"PropertyValueSpecification","valueRequired":true,"valueName":"search_term_string"}}],"inLanguage":"pt-BR"},{"@type":"Organization","@id":"https:\/\/transamerica93.com.br\/home\/#organization","name":"Transam\u00e9rica Mococa 93,3","url":"https:\/\/transamerica93.com.br\/home\/","logo":{"@type":"ImageObject","inLanguage":"pt-BR","@id":"https:\/\/transamerica93.com.br\/home\/#\/schema\/logo\/image\/","url":"https:\/\/transamerica93.com.br\/home\/wp-content\/uploads\/2023\/10\/logo2.png","contentUrl":"https:\/\/transamerica93.com.br\/home\/wp-content\/uploads\/2023\/10\/logo2.png","width":800,"height":500,"caption":"Transam\u00e9rica Mococa 93,3"},"image":{"@id":"https:\/\/transamerica93.com.br\/home\/#\/schema\/logo\/image\/"},"sameAs":["https:\/\/www.facebook.com\/transamericamococa","https:\/\/x.com\/transamerica933","https:\/\/www.instagram.com\/transamericamococa"]},{"@type":"Person","@id":"https:\/\/transamerica93.com.br\/home\/#\/schema\/person\/7fed7c99c0d4562efa8561bc0f543172","name":"Reda\u00e7\u00e3o","image":{"@type":"ImageObject","inLanguage":"pt-BR","@id":"https:\/\/secure.gravatar.com\/avatar\/1072c6b775fb02ef8506ce967551d95926669a6b7d2c2147b42eea4d7c68395e?s=96&d=mm&r=g","url":"https:\/\/secure.gravatar.com\/avatar\/1072c6b775fb02ef8506ce967551d95926669a6b7d2c2147b42eea4d7c68395e?s=96&d=mm&r=g","contentUrl":"https:\/\/secure.gravatar.com\/avatar\/1072c6b775fb02ef8506ce967551d95926669a6b7d2c2147b42eea4d7c68395e?s=96&d=mm&r=g","caption":"Reda\u00e7\u00e3o"},"sameAs":["https:\/\/transamerica93.com.br\/home"],"url":"https:\/\/transamerica93.com.br\/home\/author\/william\/"}]}},"_links":{"self":[{"href":"https:\/\/transamerica93.com.br\/home\/wp-json\/wp\/v2\/posts\/2491","targetHints":{"allow":["GET"]}}],"collection":[{"href":"https:\/\/transamerica93.com.br\/home\/wp-json\/wp\/v2\/posts"}],"about":[{"href":"https:\/\/transamerica93.com.br\/home\/wp-json\/wp\/v2\/types\/post"}],"author":[{"embeddable":true,"href":"https:\/\/transamerica93.com.br\/home\/wp-json\/wp\/v2\/users\/1"}],"replies":[{"embeddable":true,"href":"https:\/\/transamerica93.com.br\/home\/wp-json\/wp\/v2\/comments?post=2491"}],"version-history":[{"count":1,"href":"https:\/\/transamerica93.com.br\/home\/wp-json\/wp\/v2\/posts\/2491\/revisions"}],"predecessor-version":[{"id":2493,"href":"https:\/\/transamerica93.com.br\/home\/wp-json\/wp\/v2\/posts\/2491\/revisions\/2493"}],"wp:featuredmedia":[{"embeddable":true,"href":"https:\/\/transamerica93.com.br\/home\/wp-json\/wp\/v2\/media\/2492"}],"wp:attachment":[{"href":"https:\/\/transamerica93.com.br\/home\/wp-json\/wp\/v2\/media?parent=2491"}],"wp:term":[{"taxonomy":"category","embeddable":true,"href":"https:\/\/transamerica93.com.br\/home\/wp-json\/wp\/v2\/categories?post=2491"},{"taxonomy":"post_tag","embeddable":true,"href":"https:\/\/transamerica93.com.br\/home\/wp-json\/wp\/v2\/tags?post=2491"}],"curies":[{"name":"wp","href":"https:\/\/api.w.org\/{rel}","templated":true}]}}