{"id":2507,"date":"2024-02-29T09:00:08","date_gmt":"2024-02-29T12:00:08","guid":{"rendered":"https:\/\/transamerica93.com.br\/home\/?p=2507"},"modified":"2024-02-23T10:38:36","modified_gmt":"2024-02-23T13:38:36","slug":"mortes-por-policiais-tem-alta-em-todo-o-estado-de-sao-paulo","status":"publish","type":"post","link":"https:\/\/transamerica93.com.br\/home\/mortes-por-policiais-tem-alta-em-todo-o-estado-de-sao-paulo\/","title":{"rendered":"Mortes por policiais t\u00eam alta em todo o estado de S\u00e3o Paulo"},"content":{"rendered":"<div class=\"post-item-wrap\">\n<p>As mortes causadas por policiais militares em servi\u00e7o no estado de S\u00e3o Paulo seguem, em 2024, a tend\u00eancia de alta ocorrida ao longo de 2023. Mesmo antes do in\u00edcio das opera\u00e7\u00f5es policiais na Baixada Santista, em fevereiro, a letalidade policial j\u00e1 estava em patamar elevado.<img decoding=\"async\" data-src=\"https:\/\/agenciabrasil.ebc.com.br\/ebc.png?id=1582429&amp;o=node\" src=\"data:image\/svg+xml;base64,PHN2ZyB3aWR0aD0iMSIgaGVpZ2h0PSIxIiB4bWxucz0iaHR0cDovL3d3dy53My5vcmcvMjAwMC9zdmciPjwvc3ZnPg==\" class=\"lazyload\" \/><img decoding=\"async\" data-src=\"https:\/\/agenciabrasil.ebc.com.br\/ebc.gif?id=1582429&amp;o=node\" src=\"data:image\/svg+xml;base64,PHN2ZyB3aWR0aD0iMSIgaGVpZ2h0PSIxIiB4bWxucz0iaHR0cDovL3d3dy53My5vcmcvMjAwMC9zdmciPjwvc3ZnPg==\" class=\"lazyload\" \/><\/p>\n<p>Segundo levantamento do Grupo de Atua\u00e7\u00e3o Especial da Seguran\u00e7a P\u00fablica e Controle Externo da Atividade Policial do Minist\u00e9rio P\u00fablico de S\u00e3o Paulo (MPSP), at\u00e9 o dia 24 de janeiro deste ano, policiais militares em servi\u00e7o j\u00e1 haviam matado 32 pessoas em todo o estado. Em todo o m\u00eas de janeiro de 2023 foram 24 pessoas.<\/p>\n<h2>Opera\u00e7\u00e3o Escudo<\/h2>\n<p>No dia 27 de janeiro, foi\u00a0lan\u00e7ada a Opera\u00e7\u00e3o Escudo, ap\u00f3s o assassinato de um policial militar durante averigua\u00e7\u00e3o de roubo na Baixada Santista, no litoral paulista. A partir da\u00ed, o\u00a0n\u00famero de mortes come\u00e7ou a subir\u00a0 rapidamente, chegando a 45 pessoas mortas por policiais em servi\u00e7o em janeiro e alcan\u00e7a um total de 102 em todo o estado at\u00e9 o dia 21 de fevereiro.<\/p>\n<p>De acordo com a Secretaria de Estado de Seguran\u00e7a P\u00fablica de S\u00e3o Paulo (SSP), a opera\u00e7\u00e3o na baixada resultou em 32 mortes at\u00e9 o momento. At\u00e9 a \u00faltima quarta-feira (21), o levantamento do MPSP, policiais militares em servi\u00e7o mataram ao menos 49 pessoas na Baixada Santista neste ano.<\/p>\n<h2>Capital, litoral e interior<\/h2>\n<p>O aumento da letalidade ocorre\u00a0tamb\u00e9m em outras partes do estado. Em janeiro e fevereiro de 2022, policiais militares mataram 9 pessoas na capital paulista. Neste ano, j\u00e1 s\u00e3o 18 mortes at\u00e9 o dia 21 de fevereiro, chegando a 22 ao contar tamb\u00e9m os munic\u00edpios da regi\u00e3o metropolitana. Em 2023, nos dois primeiros meses do ano, foram 19 mortes por a\u00e7\u00e3o de agentes da corpora\u00e7\u00e3o.<\/p>\n<p>O ano passado registrou um aumento de 38% nas mortes causadas por a\u00e7\u00e3o da Pol\u00edcia Militar no estado, passando de 256, em 2022, para 353. Na capital paulista, as mortes provocadas pelos agentes da corpora\u00e7\u00e3o passaram de 75, em 2022, para 92, no ano passado, um aumento de 22%.<\/p>\n<p>Na Regi\u00e3o Metropolitana de Campinas, no interior do estado, j\u00e1 foram registradas policiais militares em servi\u00e7o j\u00e1 mataram seis pessoas. No litoral norte, foram cinco mortes.<\/p>\n<p>Para o coordenador do Instituto Sou da Paz, Rafael Rocha, o aumento da letalidade ocorre em consequ\u00eancia das sinaliza\u00e7\u00f5es e medidas\u00a0do atual governo estadual. As declara\u00e7\u00f5es do governador de S\u00e3o Paulo, Tarc\u00edsio Freitas, contra as c\u00e2meras corporais usadas nas fardas por policiais \u00e9, segundo Rocha, umadas causas o aumento de mortes.<\/p>\n<p>\u201cIsso fica muito claro quando o atual governo escolhe n\u00e3o colocar nenhuma c\u00e2mera a mais. A gente tem as mesmas 10 mil e 125 c\u00e2meras, que sobraram da outra gest\u00e3o. Nenhuma m\u00edsera c\u00e2mera foi implementada desde 31 de dezembro de 2022 e a gente tem visto, pelo contr\u00e1rio, cortes sucessivos na aloca\u00e7\u00e3o or\u00e7ament\u00e1ria para o programa Olho Vivo\u201d, destaca\u00a0o coordenador do instituto.<\/p>\n<p>Em 2023, o governo de S\u00e3o Paulo cortou R$ 37,3 milh\u00f5es do\u00a0<a href=\"https:\/\/agenciabrasil.ebc.com.br\/geral\/noticia\/2024-01\/sp-corta-r-37-milhoes-do-programa-de-cameras-corporais-de-policiais\" target=\"_blank\" rel=\"noopener\">programa de c\u00e2meras corporais<\/a>\u00a0usadas nas fardas da Pol\u00edcia Militar (PM).\u00a0 A previs\u00e3o inicial era que fossem investidos R$ 152 milh\u00f5es no sistema que monitora em tempo real o trabalho dos policiais.<\/p>\n<h2>Pol\u00edtica de confronto<\/h2>\n<p>O posicionamento do secret\u00e1rio de Seguran\u00e7a P\u00fablica, Guilherme Derrite, na avalia\u00e7\u00e3o de Rocha \u00e9 &#8220;problem\u00e1tico&#8221;.\u00a0Para o especialista, o governo estadual tem apostado em uma pol\u00edtica de confronto direto com os criminosos. \u201cMe parece que a estrat\u00e9gia do atual governo \u00e9 muito pautada por um enfrentamento, com o policiamento ostensivo\u201d, enfatiza.<\/p>\n<p>No entanto, Rocha acredita que s\u00e3o necess\u00e1rias outros tipos de a\u00e7\u00f5es para se conseguir efeitos positivos na garantia da seguran\u00e7a para a popula\u00e7\u00e3o. \u201c O que a gente precisa \u00e9 de investiga\u00e7\u00e3o, \u00e9 de encontrar ali quem est\u00e1 coordenando esses grupos, quem est\u00e1 recebendo o dinheiro, seja do tr\u00e1fico, seja do roubo de carros, para quem s\u00e3o as laranjas\u201d, afirma.<\/p>\n<p>Por isso, a opini\u00e3o de Rocha \u00e9 que a tend\u00eancia \u00e9 que as mortes continuem a aumentar. \u201cA gente j\u00e1 est\u00e1 uma situa\u00e7\u00e3o de piora em 2023. E o que os dois primeiros meses de 2024 mostram \u00e9 que isso vai piorar muito\u201d, prev\u00ea.<\/p>\n<h2>Outro lado<\/h2>\n<p>A SSP afirma que \u201cos n\u00fameros de mortes durante interven\u00e7\u00f5es policiais, no entanto, indicam que a causa n\u00e3o \u00e9 a atua\u00e7\u00e3o da pol\u00edcia, mas sim a a\u00e7\u00e3o dos criminosos que optaram pelo confronto\u201d. \u201cEm 2023, por exemplo, as pol\u00edcias paulistas prenderam e apreenderam 187.383 infratores em todo o Estado, um aumento de 6,8% em compara\u00e7\u00e3o a 2022, ou seja, o total de infratores mortos nas a\u00e7\u00f5es de policiais em servi\u00e7o representa 0,2% do total de detidos no estado\u201d, diz a nota da secretaria.<\/p>\n<p>A pasta diz ainda que \u201cinveste permanentemente no treinamento das for\u00e7as de seguran\u00e7a e em pol\u00edticas p\u00fablicas, como o aprimoramento nos cursos e aquisi\u00e7\u00e3o de equipamentos de menor potencial ofensivo\u201d. De acordo com a secretaria, as \u201ccorregedorias tamb\u00e9m est\u00e3o \u00e0 disposi\u00e7\u00e3o para formalizar e apurar toda e qualquer den\u00fancia contra agentes p\u00fablicos, reafirmando o compromisso com a legalidade, os direitos humanos e a transpar\u00eancia\u201d.<\/p>\n<\/div>\n<p class=\"alt-font font-italic my-2 small text-info\">Edi\u00e7\u00e3o: Maria Claudia<\/p>\n","protected":false},"excerpt":{"rendered":"<p>As mortes causadas por policiais militares em servi\u00e7o no estado de S\u00e3o Paulo seguem, em 2024, a tend\u00eancia de alta ocorrida ao longo de 2023. Mesmo antes do in\u00edcio das opera\u00e7\u00f5es policiais na Baixada Santista, em fevereiro, a letalidade policial j\u00e1 estava em patamar elevado. Segundo levantamento do Grupo de Atua\u00e7\u00e3o Especial da Seguran\u00e7a P\u00fablica &hellip;<\/p>\n","protected":false},"author":1,"featured_media":2499,"comment_status":"closed","ping_status":"closed","sticky":false,"template":"","format":"standard","meta":{"footnotes":""},"categories":[30],"tags":[],"class_list":["post-2507","post","type-post","status-publish","format-standard","has-post-thumbnail","hentry","category-geral"],"yoast_head":"<!-- This site is optimized with the Yoast SEO plugin v27.4 - https:\/\/yoast.com\/product\/yoast-seo-wordpress\/ -->\n<title>Mortes por policiais t\u00eam alta em todo o estado de S\u00e3o Paulo - Transam\u00e9rica Mococa 93,3<\/title>\n<meta name=\"robots\" content=\"index, follow, max-snippet:-1, max-image-preview:large, max-video-preview:-1\" \/>\n<link rel=\"canonical\" href=\"https:\/\/transamerica93.com.br\/home\/mortes-por-policiais-tem-alta-em-todo-o-estado-de-sao-paulo\/\" \/>\n<meta property=\"og:locale\" content=\"pt_BR\" \/>\n<meta property=\"og:type\" content=\"article\" \/>\n<meta property=\"og:title\" content=\"Mortes por policiais t\u00eam alta em todo o estado de S\u00e3o Paulo - Transam\u00e9rica Mococa 93,3\" \/>\n<meta property=\"og:description\" content=\"As mortes causadas por policiais militares em servi\u00e7o no estado de S\u00e3o Paulo seguem, em 2024, a tend\u00eancia de alta ocorrida ao longo de 2023. Mesmo antes do in\u00edcio das opera\u00e7\u00f5es policiais na Baixada Santista, em fevereiro, a letalidade policial j\u00e1 estava em patamar elevado. Segundo levantamento do Grupo de Atua\u00e7\u00e3o Especial da Seguran\u00e7a P\u00fablica &hellip;\" \/>\n<meta property=\"og:url\" content=\"https:\/\/transamerica93.com.br\/home\/mortes-por-policiais-tem-alta-em-todo-o-estado-de-sao-paulo\/\" \/>\n<meta property=\"og:site_name\" content=\"Transam\u00e9rica Mococa 93,3\" \/>\n<meta property=\"article:publisher\" content=\"https:\/\/www.facebook.com\/transamericamococa\" \/>\n<meta property=\"article:published_time\" content=\"2024-02-29T12:00:08+00:00\" \/>\n<meta property=\"og:image\" content=\"https:\/\/transamerica93.com.br\/home\/wp-content\/uploads\/2024\/02\/4-1.jpg\" \/>\n\t<meta property=\"og:image:width\" content=\"1170\" \/>\n\t<meta property=\"og:image:height\" content=\"700\" \/>\n\t<meta property=\"og:image:type\" content=\"image\/jpeg\" \/>\n<meta name=\"author\" content=\"Reda\u00e7\u00e3o\" \/>\n<meta name=\"twitter:card\" content=\"summary_large_image\" \/>\n<meta name=\"twitter:creator\" content=\"@transamerica933\" \/>\n<meta name=\"twitter:site\" content=\"@transamerica933\" \/>\n<meta name=\"twitter:label1\" content=\"Escrito por\" \/>\n\t<meta name=\"twitter:data1\" content=\"Reda\u00e7\u00e3o\" \/>\n\t<meta name=\"twitter:label2\" content=\"Est. tempo de leitura\" \/>\n\t<meta name=\"twitter:data2\" content=\"6 minutos\" \/>\n<script type=\"application\/ld+json\" class=\"yoast-schema-graph\">{\"@context\":\"https:\\\/\\\/schema.org\",\"@graph\":[{\"@type\":\"Article\",\"@id\":\"https:\\\/\\\/transamerica93.com.br\\\/home\\\/mortes-por-policiais-tem-alta-em-todo-o-estado-de-sao-paulo\\\/#article\",\"isPartOf\":{\"@id\":\"https:\\\/\\\/transamerica93.com.br\\\/home\\\/mortes-por-policiais-tem-alta-em-todo-o-estado-de-sao-paulo\\\/\"},\"author\":{\"name\":\"Reda\u00e7\u00e3o\",\"@id\":\"https:\\\/\\\/transamerica93.com.br\\\/home\\\/#\\\/schema\\\/person\\\/7fed7c99c0d4562efa8561bc0f543172\"},\"headline\":\"Mortes por policiais t\u00eam alta em todo o estado de S\u00e3o Paulo\",\"datePublished\":\"2024-02-29T12:00:08+00:00\",\"mainEntityOfPage\":{\"@id\":\"https:\\\/\\\/transamerica93.com.br\\\/home\\\/mortes-por-policiais-tem-alta-em-todo-o-estado-de-sao-paulo\\\/\"},\"wordCount\":891,\"publisher\":{\"@id\":\"https:\\\/\\\/transamerica93.com.br\\\/home\\\/#organization\"},\"image\":{\"@id\":\"https:\\\/\\\/transamerica93.com.br\\\/home\\\/mortes-por-policiais-tem-alta-em-todo-o-estado-de-sao-paulo\\\/#primaryimage\"},\"thumbnailUrl\":\"https:\\\/\\\/transamerica93.com.br\\\/home\\\/wp-content\\\/uploads\\\/2024\\\/02\\\/4-1.jpg\",\"articleSection\":[\"Geral\"],\"inLanguage\":\"pt-BR\"},{\"@type\":\"WebPage\",\"@id\":\"https:\\\/\\\/transamerica93.com.br\\\/home\\\/mortes-por-policiais-tem-alta-em-todo-o-estado-de-sao-paulo\\\/\",\"url\":\"https:\\\/\\\/transamerica93.com.br\\\/home\\\/mortes-por-policiais-tem-alta-em-todo-o-estado-de-sao-paulo\\\/\",\"name\":\"Mortes por policiais t\u00eam alta em todo o estado de S\u00e3o Paulo - Transam\u00e9rica Mococa 93,3\",\"isPartOf\":{\"@id\":\"https:\\\/\\\/transamerica93.com.br\\\/home\\\/#website\"},\"primaryImageOfPage\":{\"@id\":\"https:\\\/\\\/transamerica93.com.br\\\/home\\\/mortes-por-policiais-tem-alta-em-todo-o-estado-de-sao-paulo\\\/#primaryimage\"},\"image\":{\"@id\":\"https:\\\/\\\/transamerica93.com.br\\\/home\\\/mortes-por-policiais-tem-alta-em-todo-o-estado-de-sao-paulo\\\/#primaryimage\"},\"thumbnailUrl\":\"https:\\\/\\\/transamerica93.com.br\\\/home\\\/wp-content\\\/uploads\\\/2024\\\/02\\\/4-1.jpg\",\"datePublished\":\"2024-02-29T12:00:08+00:00\",\"breadcrumb\":{\"@id\":\"https:\\\/\\\/transamerica93.com.br\\\/home\\\/mortes-por-policiais-tem-alta-em-todo-o-estado-de-sao-paulo\\\/#breadcrumb\"},\"inLanguage\":\"pt-BR\",\"potentialAction\":[{\"@type\":\"ReadAction\",\"target\":[\"https:\\\/\\\/transamerica93.com.br\\\/home\\\/mortes-por-policiais-tem-alta-em-todo-o-estado-de-sao-paulo\\\/\"]}]},{\"@type\":\"ImageObject\",\"inLanguage\":\"pt-BR\",\"@id\":\"https:\\\/\\\/transamerica93.com.br\\\/home\\\/mortes-por-policiais-tem-alta-em-todo-o-estado-de-sao-paulo\\\/#primaryimage\",\"url\":\"https:\\\/\\\/transamerica93.com.br\\\/home\\\/wp-content\\\/uploads\\\/2024\\\/02\\\/4-1.jpg\",\"contentUrl\":\"https:\\\/\\\/transamerica93.com.br\\\/home\\\/wp-content\\\/uploads\\\/2024\\\/02\\\/4-1.jpg\",\"width\":1170,\"height\":700,\"caption\":\"\u00a9 Rovena Rosa\\\/Ag\u00eancia Brasil\"},{\"@type\":\"BreadcrumbList\",\"@id\":\"https:\\\/\\\/transamerica93.com.br\\\/home\\\/mortes-por-policiais-tem-alta-em-todo-o-estado-de-sao-paulo\\\/#breadcrumb\",\"itemListElement\":[{\"@type\":\"ListItem\",\"position\":1,\"name\":\"In\u00edcio\",\"item\":\"https:\\\/\\\/transamerica93.com.br\\\/home\\\/\"},{\"@type\":\"ListItem\",\"position\":2,\"name\":\"Mortes por policiais t\u00eam alta em todo o estado de S\u00e3o Paulo\"}]},{\"@type\":\"WebSite\",\"@id\":\"https:\\\/\\\/transamerica93.com.br\\\/home\\\/#website\",\"url\":\"https:\\\/\\\/transamerica93.com.br\\\/home\\\/\",\"name\":\"Transam\u00e9rica Mococa 93,3\",\"description\":\"\",\"publisher\":{\"@id\":\"https:\\\/\\\/transamerica93.com.br\\\/home\\\/#organization\"},\"potentialAction\":[{\"@type\":\"SearchAction\",\"target\":{\"@type\":\"EntryPoint\",\"urlTemplate\":\"https:\\\/\\\/transamerica93.com.br\\\/home\\\/?s={search_term_string}\"},\"query-input\":{\"@type\":\"PropertyValueSpecification\",\"valueRequired\":true,\"valueName\":\"search_term_string\"}}],\"inLanguage\":\"pt-BR\"},{\"@type\":\"Organization\",\"@id\":\"https:\\\/\\\/transamerica93.com.br\\\/home\\\/#organization\",\"name\":\"Transam\u00e9rica Mococa 93,3\",\"url\":\"https:\\\/\\\/transamerica93.com.br\\\/home\\\/\",\"logo\":{\"@type\":\"ImageObject\",\"inLanguage\":\"pt-BR\",\"@id\":\"https:\\\/\\\/transamerica93.com.br\\\/home\\\/#\\\/schema\\\/logo\\\/image\\\/\",\"url\":\"https:\\\/\\\/transamerica93.com.br\\\/home\\\/wp-content\\\/uploads\\\/2023\\\/10\\\/logo2.png\",\"contentUrl\":\"https:\\\/\\\/transamerica93.com.br\\\/home\\\/wp-content\\\/uploads\\\/2023\\\/10\\\/logo2.png\",\"width\":800,\"height\":500,\"caption\":\"Transam\u00e9rica Mococa 93,3\"},\"image\":{\"@id\":\"https:\\\/\\\/transamerica93.com.br\\\/home\\\/#\\\/schema\\\/logo\\\/image\\\/\"},\"sameAs\":[\"https:\\\/\\\/www.facebook.com\\\/transamericamococa\",\"https:\\\/\\\/x.com\\\/transamerica933\",\"https:\\\/\\\/www.instagram.com\\\/transamericamococa\"]},{\"@type\":\"Person\",\"@id\":\"https:\\\/\\\/transamerica93.com.br\\\/home\\\/#\\\/schema\\\/person\\\/7fed7c99c0d4562efa8561bc0f543172\",\"name\":\"Reda\u00e7\u00e3o\",\"image\":{\"@type\":\"ImageObject\",\"inLanguage\":\"pt-BR\",\"@id\":\"https:\\\/\\\/secure.gravatar.com\\\/avatar\\\/1072c6b775fb02ef8506ce967551d95926669a6b7d2c2147b42eea4d7c68395e?s=96&d=mm&r=g\",\"url\":\"https:\\\/\\\/secure.gravatar.com\\\/avatar\\\/1072c6b775fb02ef8506ce967551d95926669a6b7d2c2147b42eea4d7c68395e?s=96&d=mm&r=g\",\"contentUrl\":\"https:\\\/\\\/secure.gravatar.com\\\/avatar\\\/1072c6b775fb02ef8506ce967551d95926669a6b7d2c2147b42eea4d7c68395e?s=96&d=mm&r=g\",\"caption\":\"Reda\u00e7\u00e3o\"},\"sameAs\":[\"https:\\\/\\\/transamerica93.com.br\\\/home\"],\"url\":\"https:\\\/\\\/transamerica93.com.br\\\/home\\\/author\\\/william\\\/\"}]}<\/script>\n<!-- \/ Yoast SEO plugin. -->","yoast_head_json":{"title":"Mortes por policiais t\u00eam alta em todo o estado de S\u00e3o Paulo - Transam\u00e9rica Mococa 93,3","robots":{"index":"index","follow":"follow","max-snippet":"max-snippet:-1","max-image-preview":"max-image-preview:large","max-video-preview":"max-video-preview:-1"},"canonical":"https:\/\/transamerica93.com.br\/home\/mortes-por-policiais-tem-alta-em-todo-o-estado-de-sao-paulo\/","og_locale":"pt_BR","og_type":"article","og_title":"Mortes por policiais t\u00eam alta em todo o estado de S\u00e3o Paulo - Transam\u00e9rica Mococa 93,3","og_description":"As mortes causadas por policiais militares em servi\u00e7o no estado de S\u00e3o Paulo seguem, em 2024, a tend\u00eancia de alta ocorrida ao longo de 2023. Mesmo antes do in\u00edcio das opera\u00e7\u00f5es policiais na Baixada Santista, em fevereiro, a letalidade policial j\u00e1 estava em patamar elevado. Segundo levantamento do Grupo de Atua\u00e7\u00e3o Especial da Seguran\u00e7a P\u00fablica &hellip;","og_url":"https:\/\/transamerica93.com.br\/home\/mortes-por-policiais-tem-alta-em-todo-o-estado-de-sao-paulo\/","og_site_name":"Transam\u00e9rica Mococa 93,3","article_publisher":"https:\/\/www.facebook.com\/transamericamococa","article_published_time":"2024-02-29T12:00:08+00:00","og_image":[{"width":1170,"height":700,"url":"https:\/\/transamerica93.com.br\/home\/wp-content\/uploads\/2024\/02\/4-1.jpg","type":"image\/jpeg"}],"author":"Reda\u00e7\u00e3o","twitter_card":"summary_large_image","twitter_creator":"@transamerica933","twitter_site":"@transamerica933","twitter_misc":{"Escrito por":"Reda\u00e7\u00e3o","Est. tempo de leitura":"6 minutos"},"schema":{"@context":"https:\/\/schema.org","@graph":[{"@type":"Article","@id":"https:\/\/transamerica93.com.br\/home\/mortes-por-policiais-tem-alta-em-todo-o-estado-de-sao-paulo\/#article","isPartOf":{"@id":"https:\/\/transamerica93.com.br\/home\/mortes-por-policiais-tem-alta-em-todo-o-estado-de-sao-paulo\/"},"author":{"name":"Reda\u00e7\u00e3o","@id":"https:\/\/transamerica93.com.br\/home\/#\/schema\/person\/7fed7c99c0d4562efa8561bc0f543172"},"headline":"Mortes por policiais t\u00eam alta em todo o estado de S\u00e3o Paulo","datePublished":"2024-02-29T12:00:08+00:00","mainEntityOfPage":{"@id":"https:\/\/transamerica93.com.br\/home\/mortes-por-policiais-tem-alta-em-todo-o-estado-de-sao-paulo\/"},"wordCount":891,"publisher":{"@id":"https:\/\/transamerica93.com.br\/home\/#organization"},"image":{"@id":"https:\/\/transamerica93.com.br\/home\/mortes-por-policiais-tem-alta-em-todo-o-estado-de-sao-paulo\/#primaryimage"},"thumbnailUrl":"https:\/\/transamerica93.com.br\/home\/wp-content\/uploads\/2024\/02\/4-1.jpg","articleSection":["Geral"],"inLanguage":"pt-BR"},{"@type":"WebPage","@id":"https:\/\/transamerica93.com.br\/home\/mortes-por-policiais-tem-alta-em-todo-o-estado-de-sao-paulo\/","url":"https:\/\/transamerica93.com.br\/home\/mortes-por-policiais-tem-alta-em-todo-o-estado-de-sao-paulo\/","name":"Mortes por policiais t\u00eam alta em todo o estado de S\u00e3o Paulo - Transam\u00e9rica Mococa 93,3","isPartOf":{"@id":"https:\/\/transamerica93.com.br\/home\/#website"},"primaryImageOfPage":{"@id":"https:\/\/transamerica93.com.br\/home\/mortes-por-policiais-tem-alta-em-todo-o-estado-de-sao-paulo\/#primaryimage"},"image":{"@id":"https:\/\/transamerica93.com.br\/home\/mortes-por-policiais-tem-alta-em-todo-o-estado-de-sao-paulo\/#primaryimage"},"thumbnailUrl":"https:\/\/transamerica93.com.br\/home\/wp-content\/uploads\/2024\/02\/4-1.jpg","datePublished":"2024-02-29T12:00:08+00:00","breadcrumb":{"@id":"https:\/\/transamerica93.com.br\/home\/mortes-por-policiais-tem-alta-em-todo-o-estado-de-sao-paulo\/#breadcrumb"},"inLanguage":"pt-BR","potentialAction":[{"@type":"ReadAction","target":["https:\/\/transamerica93.com.br\/home\/mortes-por-policiais-tem-alta-em-todo-o-estado-de-sao-paulo\/"]}]},{"@type":"ImageObject","inLanguage":"pt-BR","@id":"https:\/\/transamerica93.com.br\/home\/mortes-por-policiais-tem-alta-em-todo-o-estado-de-sao-paulo\/#primaryimage","url":"https:\/\/transamerica93.com.br\/home\/wp-content\/uploads\/2024\/02\/4-1.jpg","contentUrl":"https:\/\/transamerica93.com.br\/home\/wp-content\/uploads\/2024\/02\/4-1.jpg","width":1170,"height":700,"caption":"\u00a9 Rovena Rosa\/Ag\u00eancia Brasil"},{"@type":"BreadcrumbList","@id":"https:\/\/transamerica93.com.br\/home\/mortes-por-policiais-tem-alta-em-todo-o-estado-de-sao-paulo\/#breadcrumb","itemListElement":[{"@type":"ListItem","position":1,"name":"In\u00edcio","item":"https:\/\/transamerica93.com.br\/home\/"},{"@type":"ListItem","position":2,"name":"Mortes por policiais t\u00eam alta em todo o estado de S\u00e3o Paulo"}]},{"@type":"WebSite","@id":"https:\/\/transamerica93.com.br\/home\/#website","url":"https:\/\/transamerica93.com.br\/home\/","name":"Transam\u00e9rica Mococa 93,3","description":"","publisher":{"@id":"https:\/\/transamerica93.com.br\/home\/#organization"},"potentialAction":[{"@type":"SearchAction","target":{"@type":"EntryPoint","urlTemplate":"https:\/\/transamerica93.com.br\/home\/?s={search_term_string}"},"query-input":{"@type":"PropertyValueSpecification","valueRequired":true,"valueName":"search_term_string"}}],"inLanguage":"pt-BR"},{"@type":"Organization","@id":"https:\/\/transamerica93.com.br\/home\/#organization","name":"Transam\u00e9rica Mococa 93,3","url":"https:\/\/transamerica93.com.br\/home\/","logo":{"@type":"ImageObject","inLanguage":"pt-BR","@id":"https:\/\/transamerica93.com.br\/home\/#\/schema\/logo\/image\/","url":"https:\/\/transamerica93.com.br\/home\/wp-content\/uploads\/2023\/10\/logo2.png","contentUrl":"https:\/\/transamerica93.com.br\/home\/wp-content\/uploads\/2023\/10\/logo2.png","width":800,"height":500,"caption":"Transam\u00e9rica Mococa 93,3"},"image":{"@id":"https:\/\/transamerica93.com.br\/home\/#\/schema\/logo\/image\/"},"sameAs":["https:\/\/www.facebook.com\/transamericamococa","https:\/\/x.com\/transamerica933","https:\/\/www.instagram.com\/transamericamococa"]},{"@type":"Person","@id":"https:\/\/transamerica93.com.br\/home\/#\/schema\/person\/7fed7c99c0d4562efa8561bc0f543172","name":"Reda\u00e7\u00e3o","image":{"@type":"ImageObject","inLanguage":"pt-BR","@id":"https:\/\/secure.gravatar.com\/avatar\/1072c6b775fb02ef8506ce967551d95926669a6b7d2c2147b42eea4d7c68395e?s=96&d=mm&r=g","url":"https:\/\/secure.gravatar.com\/avatar\/1072c6b775fb02ef8506ce967551d95926669a6b7d2c2147b42eea4d7c68395e?s=96&d=mm&r=g","contentUrl":"https:\/\/secure.gravatar.com\/avatar\/1072c6b775fb02ef8506ce967551d95926669a6b7d2c2147b42eea4d7c68395e?s=96&d=mm&r=g","caption":"Reda\u00e7\u00e3o"},"sameAs":["https:\/\/transamerica93.com.br\/home"],"url":"https:\/\/transamerica93.com.br\/home\/author\/william\/"}]}},"_links":{"self":[{"href":"https:\/\/transamerica93.com.br\/home\/wp-json\/wp\/v2\/posts\/2507","targetHints":{"allow":["GET"]}}],"collection":[{"href":"https:\/\/transamerica93.com.br\/home\/wp-json\/wp\/v2\/posts"}],"about":[{"href":"https:\/\/transamerica93.com.br\/home\/wp-json\/wp\/v2\/types\/post"}],"author":[{"embeddable":true,"href":"https:\/\/transamerica93.com.br\/home\/wp-json\/wp\/v2\/users\/1"}],"replies":[{"embeddable":true,"href":"https:\/\/transamerica93.com.br\/home\/wp-json\/wp\/v2\/comments?post=2507"}],"version-history":[{"count":1,"href":"https:\/\/transamerica93.com.br\/home\/wp-json\/wp\/v2\/posts\/2507\/revisions"}],"predecessor-version":[{"id":2508,"href":"https:\/\/transamerica93.com.br\/home\/wp-json\/wp\/v2\/posts\/2507\/revisions\/2508"}],"wp:featuredmedia":[{"embeddable":true,"href":"https:\/\/transamerica93.com.br\/home\/wp-json\/wp\/v2\/media\/2499"}],"wp:attachment":[{"href":"https:\/\/transamerica93.com.br\/home\/wp-json\/wp\/v2\/media?parent=2507"}],"wp:term":[{"taxonomy":"category","embeddable":true,"href":"https:\/\/transamerica93.com.br\/home\/wp-json\/wp\/v2\/categories?post=2507"},{"taxonomy":"post_tag","embeddable":true,"href":"https:\/\/transamerica93.com.br\/home\/wp-json\/wp\/v2\/tags?post=2507"}],"curies":[{"name":"wp","href":"https:\/\/api.w.org\/{rel}","templated":true}]}}