{"id":2511,"date":"2024-02-26T12:00:21","date_gmt":"2024-02-26T15:00:21","guid":{"rendered":"https:\/\/transamerica93.com.br\/home\/?p=2511"},"modified":"2024-02-23T10:41:56","modified_gmt":"2024-02-23T13:41:56","slug":"sao-paulo-recebera-etapa-da-copa-do-mundo-de-mountain-bike-eliminator","status":"publish","type":"post","link":"https:\/\/transamerica93.com.br\/home\/sao-paulo-recebera-etapa-da-copa-do-mundo-de-mountain-bike-eliminator\/","title":{"rendered":"S\u00e3o Paulo receber\u00e1 etapa da Copa do Mundo de mountain bike eliminator"},"content":{"rendered":"<div class=\"post-item-wrap\">\n<p>A cidade de S\u00e3o Paulo receber\u00e1 pela primeira vez na hist\u00f3ria uma etapa da Copa do Mundo de mountain bike eliminator (XCE, sigla em ingl\u00eas Cross Country Eliminator), modalidade de mountain bike criada para ser \u00e1gil e urbana. A competi\u00e7\u00e3o ser\u00e1 disputada entre os dias 15 e 18 de agosto no Memorial da Am\u00e9rica Latina.<img decoding=\"async\" data-src=\"https:\/\/agenciabrasil.ebc.com.br\/ebc.png?id=1581546&amp;o=node\" src=\"data:image\/svg+xml;base64,PHN2ZyB3aWR0aD0iMSIgaGVpZ2h0PSIxIiB4bWxucz0iaHR0cDovL3d3dy53My5vcmcvMjAwMC9zdmciPjwvc3ZnPg==\" class=\"lazyload\" \/><img decoding=\"async\" data-src=\"https:\/\/agenciabrasil.ebc.com.br\/ebc.gif?id=1581546&amp;o=node\" src=\"data:image\/svg+xml;base64,PHN2ZyB3aWR0aD0iMSIgaGVpZ2h0PSIxIiB4bWxucz0iaHR0cDovL3d3dy53My5vcmcvMjAwMC9zdmciPjwvc3ZnPg==\" class=\"lazyload\" \/><\/p>\n<p>O mountain bike eliminator, independentemente de usar obst\u00e1culos naturais ou artificiais, exige equil\u00edbrio e for\u00e7a dos atletas na busca pelo melhor tempo. Esta disputa tem o formato eliminat\u00f3rio, com os melhores tempos de cada bateria avan\u00e7ando na competi\u00e7\u00e3o.<\/p>\n<p>A abertura do Circuito Mundial ser\u00e1 no dia 20 de abril em Paris (Fran\u00e7a). Depois a parada ser\u00e1 em Barcelona (Espanha), no dia 26 de abril. A competi\u00e7\u00e3o segue ent\u00e3o para Palangkaraya (Indon\u00e9sia), em 19 de maio, Sakarya (Turquia), em 26 de maio, Leuven (B\u00e9lgica), 2 de junho, e chega ao Brasil.<\/p>\n<p>Ap\u00f3s a etapa brasileira as etapas ser\u00e3o em Bangalore (\u00cdndia), em 29 de setembro, e Riade (Ar\u00e1bia Saudita), em 3 de novembro.<\/p>\n<p>\u201cEstamos preparados para receber os melhores bikers do planeta com estrutura de primeiro mundo. Al\u00e9m de toda a parte t\u00e9cnica que envolve uma etapa da Copa do Mundo, tamb\u00e9m garantiremos que todos os olhos do mundo se fixem em S\u00e3o Paulo\u201d, declarou o ex-atleta Felipe Avelar, que est\u00e1 atuando na organiza\u00e7\u00e3o da competi\u00e7\u00e3o.<\/p>\n<\/div>\n<p class=\"alt-font font-italic my-2 small text-info\">Edi\u00e7\u00e3o: F\u00e1bio Lisboa<\/p>\n","protected":false},"excerpt":{"rendered":"<p>A cidade de S\u00e3o Paulo receber\u00e1 pela primeira vez na hist\u00f3ria uma etapa da Copa do Mundo de mountain bike eliminator (XCE, sigla em ingl\u00eas Cross Country Eliminator), modalidade de mountain bike criada para ser \u00e1gil e urbana. A competi\u00e7\u00e3o ser\u00e1 disputada entre os dias 15 e 18 de agosto no Memorial da Am\u00e9rica Latina. &hellip;<\/p>\n","protected":false},"author":1,"featured_media":2512,"comment_status":"closed","ping_status":"closed","sticky":false,"template":"","format":"standard","meta":{"footnotes":""},"categories":[31],"tags":[],"class_list":["post-2511","post","type-post","status-publish","format-standard","has-post-thumbnail","hentry","category-esportes"],"yoast_head":"<!-- This site is optimized with the Yoast SEO plugin v27.4 - https:\/\/yoast.com\/product\/yoast-seo-wordpress\/ -->\n<title>S\u00e3o Paulo receber\u00e1 etapa da Copa do Mundo de mountain bike eliminator - Transam\u00e9rica Mococa 93,3<\/title>\n<meta name=\"robots\" content=\"index, follow, max-snippet:-1, max-image-preview:large, max-video-preview:-1\" \/>\n<link rel=\"canonical\" href=\"https:\/\/transamerica93.com.br\/home\/sao-paulo-recebera-etapa-da-copa-do-mundo-de-mountain-bike-eliminator\/\" \/>\n<meta property=\"og:locale\" content=\"pt_BR\" \/>\n<meta property=\"og:type\" content=\"article\" \/>\n<meta property=\"og:title\" content=\"S\u00e3o Paulo receber\u00e1 etapa da Copa do Mundo de mountain bike eliminator - Transam\u00e9rica Mococa 93,3\" \/>\n<meta property=\"og:description\" content=\"A cidade de S\u00e3o Paulo receber\u00e1 pela primeira vez na hist\u00f3ria uma etapa da Copa do Mundo de mountain bike eliminator (XCE, sigla em ingl\u00eas Cross Country Eliminator), modalidade de mountain bike criada para ser \u00e1gil e urbana. A competi\u00e7\u00e3o ser\u00e1 disputada entre os dias 15 e 18 de agosto no Memorial da Am\u00e9rica Latina. &hellip;\" \/>\n<meta property=\"og:url\" content=\"https:\/\/transamerica93.com.br\/home\/sao-paulo-recebera-etapa-da-copa-do-mundo-de-mountain-bike-eliminator\/\" \/>\n<meta property=\"og:site_name\" content=\"Transam\u00e9rica Mococa 93,3\" \/>\n<meta property=\"article:publisher\" content=\"https:\/\/www.facebook.com\/transamericamococa\" \/>\n<meta property=\"article:published_time\" content=\"2024-02-26T15:00:21+00:00\" \/>\n<meta property=\"og:image\" content=\"https:\/\/transamerica93.com.br\/home\/wp-content\/uploads\/2024\/02\/1-2.jpg\" \/>\n\t<meta property=\"og:image:width\" content=\"1170\" \/>\n\t<meta property=\"og:image:height\" content=\"700\" \/>\n\t<meta property=\"og:image:type\" content=\"image\/jpeg\" \/>\n<meta name=\"author\" content=\"Reda\u00e7\u00e3o\" \/>\n<meta name=\"twitter:card\" content=\"summary_large_image\" \/>\n<meta name=\"twitter:creator\" content=\"@transamerica933\" \/>\n<meta name=\"twitter:site\" content=\"@transamerica933\" \/>\n<meta name=\"twitter:label1\" content=\"Escrito por\" \/>\n\t<meta name=\"twitter:data1\" content=\"Reda\u00e7\u00e3o\" \/>\n\t<meta name=\"twitter:label2\" content=\"Est. tempo de leitura\" \/>\n\t<meta name=\"twitter:data2\" content=\"2 minutos\" \/>\n<script type=\"application\/ld+json\" class=\"yoast-schema-graph\">{\"@context\":\"https:\\\/\\\/schema.org\",\"@graph\":[{\"@type\":\"Article\",\"@id\":\"https:\\\/\\\/transamerica93.com.br\\\/home\\\/sao-paulo-recebera-etapa-da-copa-do-mundo-de-mountain-bike-eliminator\\\/#article\",\"isPartOf\":{\"@id\":\"https:\\\/\\\/transamerica93.com.br\\\/home\\\/sao-paulo-recebera-etapa-da-copa-do-mundo-de-mountain-bike-eliminator\\\/\"},\"author\":{\"name\":\"Reda\u00e7\u00e3o\",\"@id\":\"https:\\\/\\\/transamerica93.com.br\\\/home\\\/#\\\/schema\\\/person\\\/7fed7c99c0d4562efa8561bc0f543172\"},\"headline\":\"S\u00e3o Paulo receber\u00e1 etapa da Copa do Mundo de mountain bike eliminator\",\"datePublished\":\"2024-02-26T15:00:21+00:00\",\"mainEntityOfPage\":{\"@id\":\"https:\\\/\\\/transamerica93.com.br\\\/home\\\/sao-paulo-recebera-etapa-da-copa-do-mundo-de-mountain-bike-eliminator\\\/\"},\"wordCount\":254,\"publisher\":{\"@id\":\"https:\\\/\\\/transamerica93.com.br\\\/home\\\/#organization\"},\"image\":{\"@id\":\"https:\\\/\\\/transamerica93.com.br\\\/home\\\/sao-paulo-recebera-etapa-da-copa-do-mundo-de-mountain-bike-eliminator\\\/#primaryimage\"},\"thumbnailUrl\":\"https:\\\/\\\/transamerica93.com.br\\\/home\\\/wp-content\\\/uploads\\\/2024\\\/02\\\/1-2.jpg\",\"articleSection\":[\"Esportes\"],\"inLanguage\":\"pt-BR\"},{\"@type\":\"WebPage\",\"@id\":\"https:\\\/\\\/transamerica93.com.br\\\/home\\\/sao-paulo-recebera-etapa-da-copa-do-mundo-de-mountain-bike-eliminator\\\/\",\"url\":\"https:\\\/\\\/transamerica93.com.br\\\/home\\\/sao-paulo-recebera-etapa-da-copa-do-mundo-de-mountain-bike-eliminator\\\/\",\"name\":\"S\u00e3o Paulo receber\u00e1 etapa da Copa do Mundo de mountain bike eliminator - Transam\u00e9rica Mococa 93,3\",\"isPartOf\":{\"@id\":\"https:\\\/\\\/transamerica93.com.br\\\/home\\\/#website\"},\"primaryImageOfPage\":{\"@id\":\"https:\\\/\\\/transamerica93.com.br\\\/home\\\/sao-paulo-recebera-etapa-da-copa-do-mundo-de-mountain-bike-eliminator\\\/#primaryimage\"},\"image\":{\"@id\":\"https:\\\/\\\/transamerica93.com.br\\\/home\\\/sao-paulo-recebera-etapa-da-copa-do-mundo-de-mountain-bike-eliminator\\\/#primaryimage\"},\"thumbnailUrl\":\"https:\\\/\\\/transamerica93.com.br\\\/home\\\/wp-content\\\/uploads\\\/2024\\\/02\\\/1-2.jpg\",\"datePublished\":\"2024-02-26T15:00:21+00:00\",\"breadcrumb\":{\"@id\":\"https:\\\/\\\/transamerica93.com.br\\\/home\\\/sao-paulo-recebera-etapa-da-copa-do-mundo-de-mountain-bike-eliminator\\\/#breadcrumb\"},\"inLanguage\":\"pt-BR\",\"potentialAction\":[{\"@type\":\"ReadAction\",\"target\":[\"https:\\\/\\\/transamerica93.com.br\\\/home\\\/sao-paulo-recebera-etapa-da-copa-do-mundo-de-mountain-bike-eliminator\\\/\"]}]},{\"@type\":\"ImageObject\",\"inLanguage\":\"pt-BR\",\"@id\":\"https:\\\/\\\/transamerica93.com.br\\\/home\\\/sao-paulo-recebera-etapa-da-copa-do-mundo-de-mountain-bike-eliminator\\\/#primaryimage\",\"url\":\"https:\\\/\\\/transamerica93.com.br\\\/home\\\/wp-content\\\/uploads\\\/2024\\\/02\\\/1-2.jpg\",\"contentUrl\":\"https:\\\/\\\/transamerica93.com.br\\\/home\\\/wp-content\\\/uploads\\\/2024\\\/02\\\/1-2.jpg\",\"width\":1170,\"height\":700,\"caption\":\"\u00a9 Cesar Delong\\\/Shimano Fest\\\/Divulga\u00e7\u00e3o\\\/Direitos Reservados\"},{\"@type\":\"BreadcrumbList\",\"@id\":\"https:\\\/\\\/transamerica93.com.br\\\/home\\\/sao-paulo-recebera-etapa-da-copa-do-mundo-de-mountain-bike-eliminator\\\/#breadcrumb\",\"itemListElement\":[{\"@type\":\"ListItem\",\"position\":1,\"name\":\"In\u00edcio\",\"item\":\"https:\\\/\\\/transamerica93.com.br\\\/home\\\/\"},{\"@type\":\"ListItem\",\"position\":2,\"name\":\"S\u00e3o Paulo receber\u00e1 etapa da Copa do Mundo de mountain bike eliminator\"}]},{\"@type\":\"WebSite\",\"@id\":\"https:\\\/\\\/transamerica93.com.br\\\/home\\\/#website\",\"url\":\"https:\\\/\\\/transamerica93.com.br\\\/home\\\/\",\"name\":\"Transam\u00e9rica Mococa 93,3\",\"description\":\"\",\"publisher\":{\"@id\":\"https:\\\/\\\/transamerica93.com.br\\\/home\\\/#organization\"},\"potentialAction\":[{\"@type\":\"SearchAction\",\"target\":{\"@type\":\"EntryPoint\",\"urlTemplate\":\"https:\\\/\\\/transamerica93.com.br\\\/home\\\/?s={search_term_string}\"},\"query-input\":{\"@type\":\"PropertyValueSpecification\",\"valueRequired\":true,\"valueName\":\"search_term_string\"}}],\"inLanguage\":\"pt-BR\"},{\"@type\":\"Organization\",\"@id\":\"https:\\\/\\\/transamerica93.com.br\\\/home\\\/#organization\",\"name\":\"Transam\u00e9rica Mococa 93,3\",\"url\":\"https:\\\/\\\/transamerica93.com.br\\\/home\\\/\",\"logo\":{\"@type\":\"ImageObject\",\"inLanguage\":\"pt-BR\",\"@id\":\"https:\\\/\\\/transamerica93.com.br\\\/home\\\/#\\\/schema\\\/logo\\\/image\\\/\",\"url\":\"https:\\\/\\\/transamerica93.com.br\\\/home\\\/wp-content\\\/uploads\\\/2023\\\/10\\\/logo2.png\",\"contentUrl\":\"https:\\\/\\\/transamerica93.com.br\\\/home\\\/wp-content\\\/uploads\\\/2023\\\/10\\\/logo2.png\",\"width\":800,\"height\":500,\"caption\":\"Transam\u00e9rica Mococa 93,3\"},\"image\":{\"@id\":\"https:\\\/\\\/transamerica93.com.br\\\/home\\\/#\\\/schema\\\/logo\\\/image\\\/\"},\"sameAs\":[\"https:\\\/\\\/www.facebook.com\\\/transamericamococa\",\"https:\\\/\\\/x.com\\\/transamerica933\",\"https:\\\/\\\/www.instagram.com\\\/transamericamococa\"]},{\"@type\":\"Person\",\"@id\":\"https:\\\/\\\/transamerica93.com.br\\\/home\\\/#\\\/schema\\\/person\\\/7fed7c99c0d4562efa8561bc0f543172\",\"name\":\"Reda\u00e7\u00e3o\",\"image\":{\"@type\":\"ImageObject\",\"inLanguage\":\"pt-BR\",\"@id\":\"https:\\\/\\\/secure.gravatar.com\\\/avatar\\\/1072c6b775fb02ef8506ce967551d95926669a6b7d2c2147b42eea4d7c68395e?s=96&d=mm&r=g\",\"url\":\"https:\\\/\\\/secure.gravatar.com\\\/avatar\\\/1072c6b775fb02ef8506ce967551d95926669a6b7d2c2147b42eea4d7c68395e?s=96&d=mm&r=g\",\"contentUrl\":\"https:\\\/\\\/secure.gravatar.com\\\/avatar\\\/1072c6b775fb02ef8506ce967551d95926669a6b7d2c2147b42eea4d7c68395e?s=96&d=mm&r=g\",\"caption\":\"Reda\u00e7\u00e3o\"},\"sameAs\":[\"https:\\\/\\\/transamerica93.com.br\\\/home\"],\"url\":\"https:\\\/\\\/transamerica93.com.br\\\/home\\\/author\\\/william\\\/\"}]}<\/script>\n<!-- \/ Yoast SEO plugin. -->","yoast_head_json":{"title":"S\u00e3o Paulo receber\u00e1 etapa da Copa do Mundo de mountain bike eliminator - Transam\u00e9rica Mococa 93,3","robots":{"index":"index","follow":"follow","max-snippet":"max-snippet:-1","max-image-preview":"max-image-preview:large","max-video-preview":"max-video-preview:-1"},"canonical":"https:\/\/transamerica93.com.br\/home\/sao-paulo-recebera-etapa-da-copa-do-mundo-de-mountain-bike-eliminator\/","og_locale":"pt_BR","og_type":"article","og_title":"S\u00e3o Paulo receber\u00e1 etapa da Copa do Mundo de mountain bike eliminator - Transam\u00e9rica Mococa 93,3","og_description":"A cidade de S\u00e3o Paulo receber\u00e1 pela primeira vez na hist\u00f3ria uma etapa da Copa do Mundo de mountain bike eliminator (XCE, sigla em ingl\u00eas Cross Country Eliminator), modalidade de mountain bike criada para ser \u00e1gil e urbana. A competi\u00e7\u00e3o ser\u00e1 disputada entre os dias 15 e 18 de agosto no Memorial da Am\u00e9rica Latina. &hellip;","og_url":"https:\/\/transamerica93.com.br\/home\/sao-paulo-recebera-etapa-da-copa-do-mundo-de-mountain-bike-eliminator\/","og_site_name":"Transam\u00e9rica Mococa 93,3","article_publisher":"https:\/\/www.facebook.com\/transamericamococa","article_published_time":"2024-02-26T15:00:21+00:00","og_image":[{"width":1170,"height":700,"url":"https:\/\/transamerica93.com.br\/home\/wp-content\/uploads\/2024\/02\/1-2.jpg","type":"image\/jpeg"}],"author":"Reda\u00e7\u00e3o","twitter_card":"summary_large_image","twitter_creator":"@transamerica933","twitter_site":"@transamerica933","twitter_misc":{"Escrito por":"Reda\u00e7\u00e3o","Est. tempo de leitura":"2 minutos"},"schema":{"@context":"https:\/\/schema.org","@graph":[{"@type":"Article","@id":"https:\/\/transamerica93.com.br\/home\/sao-paulo-recebera-etapa-da-copa-do-mundo-de-mountain-bike-eliminator\/#article","isPartOf":{"@id":"https:\/\/transamerica93.com.br\/home\/sao-paulo-recebera-etapa-da-copa-do-mundo-de-mountain-bike-eliminator\/"},"author":{"name":"Reda\u00e7\u00e3o","@id":"https:\/\/transamerica93.com.br\/home\/#\/schema\/person\/7fed7c99c0d4562efa8561bc0f543172"},"headline":"S\u00e3o Paulo receber\u00e1 etapa da Copa do Mundo de mountain bike eliminator","datePublished":"2024-02-26T15:00:21+00:00","mainEntityOfPage":{"@id":"https:\/\/transamerica93.com.br\/home\/sao-paulo-recebera-etapa-da-copa-do-mundo-de-mountain-bike-eliminator\/"},"wordCount":254,"publisher":{"@id":"https:\/\/transamerica93.com.br\/home\/#organization"},"image":{"@id":"https:\/\/transamerica93.com.br\/home\/sao-paulo-recebera-etapa-da-copa-do-mundo-de-mountain-bike-eliminator\/#primaryimage"},"thumbnailUrl":"https:\/\/transamerica93.com.br\/home\/wp-content\/uploads\/2024\/02\/1-2.jpg","articleSection":["Esportes"],"inLanguage":"pt-BR"},{"@type":"WebPage","@id":"https:\/\/transamerica93.com.br\/home\/sao-paulo-recebera-etapa-da-copa-do-mundo-de-mountain-bike-eliminator\/","url":"https:\/\/transamerica93.com.br\/home\/sao-paulo-recebera-etapa-da-copa-do-mundo-de-mountain-bike-eliminator\/","name":"S\u00e3o Paulo receber\u00e1 etapa da Copa do Mundo de mountain bike eliminator - Transam\u00e9rica Mococa 93,3","isPartOf":{"@id":"https:\/\/transamerica93.com.br\/home\/#website"},"primaryImageOfPage":{"@id":"https:\/\/transamerica93.com.br\/home\/sao-paulo-recebera-etapa-da-copa-do-mundo-de-mountain-bike-eliminator\/#primaryimage"},"image":{"@id":"https:\/\/transamerica93.com.br\/home\/sao-paulo-recebera-etapa-da-copa-do-mundo-de-mountain-bike-eliminator\/#primaryimage"},"thumbnailUrl":"https:\/\/transamerica93.com.br\/home\/wp-content\/uploads\/2024\/02\/1-2.jpg","datePublished":"2024-02-26T15:00:21+00:00","breadcrumb":{"@id":"https:\/\/transamerica93.com.br\/home\/sao-paulo-recebera-etapa-da-copa-do-mundo-de-mountain-bike-eliminator\/#breadcrumb"},"inLanguage":"pt-BR","potentialAction":[{"@type":"ReadAction","target":["https:\/\/transamerica93.com.br\/home\/sao-paulo-recebera-etapa-da-copa-do-mundo-de-mountain-bike-eliminator\/"]}]},{"@type":"ImageObject","inLanguage":"pt-BR","@id":"https:\/\/transamerica93.com.br\/home\/sao-paulo-recebera-etapa-da-copa-do-mundo-de-mountain-bike-eliminator\/#primaryimage","url":"https:\/\/transamerica93.com.br\/home\/wp-content\/uploads\/2024\/02\/1-2.jpg","contentUrl":"https:\/\/transamerica93.com.br\/home\/wp-content\/uploads\/2024\/02\/1-2.jpg","width":1170,"height":700,"caption":"\u00a9 Cesar Delong\/Shimano Fest\/Divulga\u00e7\u00e3o\/Direitos Reservados"},{"@type":"BreadcrumbList","@id":"https:\/\/transamerica93.com.br\/home\/sao-paulo-recebera-etapa-da-copa-do-mundo-de-mountain-bike-eliminator\/#breadcrumb","itemListElement":[{"@type":"ListItem","position":1,"name":"In\u00edcio","item":"https:\/\/transamerica93.com.br\/home\/"},{"@type":"ListItem","position":2,"name":"S\u00e3o Paulo receber\u00e1 etapa da Copa do Mundo de mountain bike eliminator"}]},{"@type":"WebSite","@id":"https:\/\/transamerica93.com.br\/home\/#website","url":"https:\/\/transamerica93.com.br\/home\/","name":"Transam\u00e9rica Mococa 93,3","description":"","publisher":{"@id":"https:\/\/transamerica93.com.br\/home\/#organization"},"potentialAction":[{"@type":"SearchAction","target":{"@type":"EntryPoint","urlTemplate":"https:\/\/transamerica93.com.br\/home\/?s={search_term_string}"},"query-input":{"@type":"PropertyValueSpecification","valueRequired":true,"valueName":"search_term_string"}}],"inLanguage":"pt-BR"},{"@type":"Organization","@id":"https:\/\/transamerica93.com.br\/home\/#organization","name":"Transam\u00e9rica Mococa 93,3","url":"https:\/\/transamerica93.com.br\/home\/","logo":{"@type":"ImageObject","inLanguage":"pt-BR","@id":"https:\/\/transamerica93.com.br\/home\/#\/schema\/logo\/image\/","url":"https:\/\/transamerica93.com.br\/home\/wp-content\/uploads\/2023\/10\/logo2.png","contentUrl":"https:\/\/transamerica93.com.br\/home\/wp-content\/uploads\/2023\/10\/logo2.png","width":800,"height":500,"caption":"Transam\u00e9rica Mococa 93,3"},"image":{"@id":"https:\/\/transamerica93.com.br\/home\/#\/schema\/logo\/image\/"},"sameAs":["https:\/\/www.facebook.com\/transamericamococa","https:\/\/x.com\/transamerica933","https:\/\/www.instagram.com\/transamericamococa"]},{"@type":"Person","@id":"https:\/\/transamerica93.com.br\/home\/#\/schema\/person\/7fed7c99c0d4562efa8561bc0f543172","name":"Reda\u00e7\u00e3o","image":{"@type":"ImageObject","inLanguage":"pt-BR","@id":"https:\/\/secure.gravatar.com\/avatar\/1072c6b775fb02ef8506ce967551d95926669a6b7d2c2147b42eea4d7c68395e?s=96&d=mm&r=g","url":"https:\/\/secure.gravatar.com\/avatar\/1072c6b775fb02ef8506ce967551d95926669a6b7d2c2147b42eea4d7c68395e?s=96&d=mm&r=g","contentUrl":"https:\/\/secure.gravatar.com\/avatar\/1072c6b775fb02ef8506ce967551d95926669a6b7d2c2147b42eea4d7c68395e?s=96&d=mm&r=g","caption":"Reda\u00e7\u00e3o"},"sameAs":["https:\/\/transamerica93.com.br\/home"],"url":"https:\/\/transamerica93.com.br\/home\/author\/william\/"}]}},"_links":{"self":[{"href":"https:\/\/transamerica93.com.br\/home\/wp-json\/wp\/v2\/posts\/2511","targetHints":{"allow":["GET"]}}],"collection":[{"href":"https:\/\/transamerica93.com.br\/home\/wp-json\/wp\/v2\/posts"}],"about":[{"href":"https:\/\/transamerica93.com.br\/home\/wp-json\/wp\/v2\/types\/post"}],"author":[{"embeddable":true,"href":"https:\/\/transamerica93.com.br\/home\/wp-json\/wp\/v2\/users\/1"}],"replies":[{"embeddable":true,"href":"https:\/\/transamerica93.com.br\/home\/wp-json\/wp\/v2\/comments?post=2511"}],"version-history":[{"count":1,"href":"https:\/\/transamerica93.com.br\/home\/wp-json\/wp\/v2\/posts\/2511\/revisions"}],"predecessor-version":[{"id":2513,"href":"https:\/\/transamerica93.com.br\/home\/wp-json\/wp\/v2\/posts\/2511\/revisions\/2513"}],"wp:featuredmedia":[{"embeddable":true,"href":"https:\/\/transamerica93.com.br\/home\/wp-json\/wp\/v2\/media\/2512"}],"wp:attachment":[{"href":"https:\/\/transamerica93.com.br\/home\/wp-json\/wp\/v2\/media?parent=2511"}],"wp:term":[{"taxonomy":"category","embeddable":true,"href":"https:\/\/transamerica93.com.br\/home\/wp-json\/wp\/v2\/categories?post=2511"},{"taxonomy":"post_tag","embeddable":true,"href":"https:\/\/transamerica93.com.br\/home\/wp-json\/wp\/v2\/tags?post=2511"}],"curies":[{"name":"wp","href":"https:\/\/api.w.org\/{rel}","templated":true}]}}