{"id":2514,"date":"2024-02-27T12:00:06","date_gmt":"2024-02-27T15:00:06","guid":{"rendered":"https:\/\/transamerica93.com.br\/home\/?p=2514"},"modified":"2024-02-23T10:44:26","modified_gmt":"2024-02-23T13:44:26","slug":"triatleta-luisa-baptista-volta-a-falar-e-agradece-medica-obrigada-por-salvar-minha-vida","status":"publish","type":"post","link":"https:\/\/transamerica93.com.br\/home\/triatleta-luisa-baptista-volta-a-falar-e-agradece-medica-obrigada-por-salvar-minha-vida\/","title":{"rendered":"Triatleta Lu\u00edsa Baptista volta a falar e agradece m\u00e9dica: &#8216;Obrigada por salvar minha vida&#8217;"},"content":{"rendered":"<div id=\"Corpo\">Internada desde o dia 23 de dezembro, quando fazia um treino no distrito de Santa Eud\u00f3xia, em S\u00e3o Carlos, interior de S\u00e3o Paulo, e acabou sofrendo um grave acidente, a triatleta Lu\u00edsa Baptista conseguir falar pela primeira vez nesta quarta-feira, na UTI do Hospital S\u00e3o Luiz, na capital paulistana De acordo com seu irm\u00e3o, Vitor Duarte, as primeiras palavras foram um agradecimento.<\/p>\n<p>&#8220;Obrigada por salvar minha vida&#8221;, falou a triatleta para a doutora Ludhmila Hajjar, respons\u00e1vel pelo tratamento, como revelou Vitor em post nas redes sociais. &#8220;Esse agradecimento n\u00e3o \u00e9 apenas da Lu, \u00e9 de nossa fam\u00edlia tamb\u00e9m. Muito obrigado!&#8221; O irm\u00e3o da campe\u00e3 pan-americana ainda falou da evolu\u00e7\u00e3o cl\u00ednica de Lu\u00edsa Baptista.<\/p>\n<p>&#8220;Ela continua apresentando uma melhora significativa em seu quadro. Cada vez mais consciente, consciente de si, de seu passado e entendendo bem a situa\u00e7\u00e3o&#8221;, escreveu. &#8220;Ontem (ter\u00e7a-feira) a Lu estava extremamente comunicativa com seus sinais, respondendo a todas as perguntas que lhe eram feitas, se emocionava e sorria com as coisas que lhe fal\u00e1vamos.&#8221;<\/p>\n<p>A triatleta foi atropelada por um motociclista sem habilita\u00e7\u00e3o e sofreu um politraumatismo, lesionando os pulm\u00f5es e sofrendo diversas fraturas nas costas e na perna direita. Foi submetida a algumas cirurgias e ainda continua sob cuidados. Mas evolui a cada dia.<\/p>\n<p>&#8220;Hoje (quarta-feirA), nossa comunica\u00e7\u00e3o que era apenas por piscadas, apertos de m\u00e3o ou movimenta\u00e7\u00f5es do pesco\u00e7o come\u00e7aram a acontecer em forma de palavras. A Lu est\u00e1 come\u00e7ando a conseguir conversar novamente, no seu tempo e como consegue, mas deu novamente um passo largo nessa corrida&#8221;, explicou V\u00edtor. &#8220;Agora os trabalhos com a equipe de fonoaudiologia ser\u00e3o acentuados. Tenho certeza que em breve traremos mais novas boas not\u00edcias.&#8221;<\/p><\/div>\n","protected":false},"excerpt":{"rendered":"<p>Internada desde o dia 23 de dezembro, quando fazia um treino no distrito de Santa Eud\u00f3xia, em S\u00e3o Carlos, interior de S\u00e3o Paulo, e acabou sofrendo um grave acidente, a triatleta Lu\u00edsa Baptista conseguir falar pela primeira vez nesta quarta-feira, na UTI do Hospital S\u00e3o Luiz, na capital paulistana De acordo com seu irm\u00e3o, Vitor &hellip;<\/p>\n","protected":false},"author":1,"featured_media":2515,"comment_status":"closed","ping_status":"closed","sticky":false,"template":"","format":"standard","meta":{"footnotes":""},"categories":[31],"tags":[],"class_list":["post-2514","post","type-post","status-publish","format-standard","has-post-thumbnail","hentry","category-esportes"],"yoast_head":"<!-- This site is optimized with the Yoast SEO plugin v27.4 - https:\/\/yoast.com\/product\/yoast-seo-wordpress\/ -->\n<title>Triatleta Lu\u00edsa Baptista volta a falar e agradece m\u00e9dica: &#039;Obrigada por salvar minha vida&#039; - Transam\u00e9rica Mococa 93,3<\/title>\n<meta name=\"robots\" content=\"index, follow, max-snippet:-1, max-image-preview:large, max-video-preview:-1\" \/>\n<link rel=\"canonical\" href=\"https:\/\/transamerica93.com.br\/home\/triatleta-luisa-baptista-volta-a-falar-e-agradece-medica-obrigada-por-salvar-minha-vida\/\" \/>\n<meta property=\"og:locale\" content=\"pt_BR\" \/>\n<meta property=\"og:type\" content=\"article\" \/>\n<meta property=\"og:title\" content=\"Triatleta Lu\u00edsa Baptista volta a falar e agradece m\u00e9dica: &#039;Obrigada por salvar minha vida&#039; - Transam\u00e9rica Mococa 93,3\" \/>\n<meta property=\"og:description\" content=\"Internada desde o dia 23 de dezembro, quando fazia um treino no distrito de Santa Eud\u00f3xia, em S\u00e3o Carlos, interior de S\u00e3o Paulo, e acabou sofrendo um grave acidente, a triatleta Lu\u00edsa Baptista conseguir falar pela primeira vez nesta quarta-feira, na UTI do Hospital S\u00e3o Luiz, na capital paulistana De acordo com seu irm\u00e3o, Vitor &hellip;\" \/>\n<meta property=\"og:url\" content=\"https:\/\/transamerica93.com.br\/home\/triatleta-luisa-baptista-volta-a-falar-e-agradece-medica-obrigada-por-salvar-minha-vida\/\" \/>\n<meta property=\"og:site_name\" content=\"Transam\u00e9rica Mococa 93,3\" \/>\n<meta property=\"article:publisher\" content=\"https:\/\/www.facebook.com\/transamericamococa\" \/>\n<meta property=\"article:published_time\" content=\"2024-02-27T15:00:06+00:00\" \/>\n<meta property=\"og:image\" content=\"https:\/\/transamerica93.com.br\/home\/wp-content\/uploads\/2024\/02\/1-3.jpg\" \/>\n\t<meta property=\"og:image:width\" content=\"907\" \/>\n\t<meta property=\"og:image:height\" content=\"603\" \/>\n\t<meta property=\"og:image:type\" content=\"image\/jpeg\" \/>\n<meta name=\"author\" content=\"Reda\u00e7\u00e3o\" \/>\n<meta name=\"twitter:card\" content=\"summary_large_image\" \/>\n<meta name=\"twitter:creator\" content=\"@transamerica933\" \/>\n<meta name=\"twitter:site\" content=\"@transamerica933\" \/>\n<meta name=\"twitter:label1\" content=\"Escrito por\" \/>\n\t<meta name=\"twitter:data1\" content=\"Reda\u00e7\u00e3o\" \/>\n\t<meta name=\"twitter:label2\" content=\"Est. tempo de leitura\" \/>\n\t<meta name=\"twitter:data2\" content=\"2 minutos\" \/>\n<script type=\"application\/ld+json\" class=\"yoast-schema-graph\">{\"@context\":\"https:\\\/\\\/schema.org\",\"@graph\":[{\"@type\":\"Article\",\"@id\":\"https:\\\/\\\/transamerica93.com.br\\\/home\\\/triatleta-luisa-baptista-volta-a-falar-e-agradece-medica-obrigada-por-salvar-minha-vida\\\/#article\",\"isPartOf\":{\"@id\":\"https:\\\/\\\/transamerica93.com.br\\\/home\\\/triatleta-luisa-baptista-volta-a-falar-e-agradece-medica-obrigada-por-salvar-minha-vida\\\/\"},\"author\":{\"name\":\"Reda\u00e7\u00e3o\",\"@id\":\"https:\\\/\\\/transamerica93.com.br\\\/home\\\/#\\\/schema\\\/person\\\/7fed7c99c0d4562efa8561bc0f543172\"},\"headline\":\"Triatleta Lu\u00edsa Baptista volta a falar e agradece m\u00e9dica: &#8216;Obrigada por salvar minha vida&#8217;\",\"datePublished\":\"2024-02-27T15:00:06+00:00\",\"mainEntityOfPage\":{\"@id\":\"https:\\\/\\\/transamerica93.com.br\\\/home\\\/triatleta-luisa-baptista-volta-a-falar-e-agradece-medica-obrigada-por-salvar-minha-vida\\\/\"},\"wordCount\":316,\"publisher\":{\"@id\":\"https:\\\/\\\/transamerica93.com.br\\\/home\\\/#organization\"},\"image\":{\"@id\":\"https:\\\/\\\/transamerica93.com.br\\\/home\\\/triatleta-luisa-baptista-volta-a-falar-e-agradece-medica-obrigada-por-salvar-minha-vida\\\/#primaryimage\"},\"thumbnailUrl\":\"https:\\\/\\\/transamerica93.com.br\\\/home\\\/wp-content\\\/uploads\\\/2024\\\/02\\\/1-3.jpg\",\"articleSection\":[\"Esportes\"],\"inLanguage\":\"pt-BR\"},{\"@type\":\"WebPage\",\"@id\":\"https:\\\/\\\/transamerica93.com.br\\\/home\\\/triatleta-luisa-baptista-volta-a-falar-e-agradece-medica-obrigada-por-salvar-minha-vida\\\/\",\"url\":\"https:\\\/\\\/transamerica93.com.br\\\/home\\\/triatleta-luisa-baptista-volta-a-falar-e-agradece-medica-obrigada-por-salvar-minha-vida\\\/\",\"name\":\"Triatleta Lu\u00edsa Baptista volta a falar e agradece m\u00e9dica: 'Obrigada por salvar minha vida' - Transam\u00e9rica Mococa 93,3\",\"isPartOf\":{\"@id\":\"https:\\\/\\\/transamerica93.com.br\\\/home\\\/#website\"},\"primaryImageOfPage\":{\"@id\":\"https:\\\/\\\/transamerica93.com.br\\\/home\\\/triatleta-luisa-baptista-volta-a-falar-e-agradece-medica-obrigada-por-salvar-minha-vida\\\/#primaryimage\"},\"image\":{\"@id\":\"https:\\\/\\\/transamerica93.com.br\\\/home\\\/triatleta-luisa-baptista-volta-a-falar-e-agradece-medica-obrigada-por-salvar-minha-vida\\\/#primaryimage\"},\"thumbnailUrl\":\"https:\\\/\\\/transamerica93.com.br\\\/home\\\/wp-content\\\/uploads\\\/2024\\\/02\\\/1-3.jpg\",\"datePublished\":\"2024-02-27T15:00:06+00:00\",\"breadcrumb\":{\"@id\":\"https:\\\/\\\/transamerica93.com.br\\\/home\\\/triatleta-luisa-baptista-volta-a-falar-e-agradece-medica-obrigada-por-salvar-minha-vida\\\/#breadcrumb\"},\"inLanguage\":\"pt-BR\",\"potentialAction\":[{\"@type\":\"ReadAction\",\"target\":[\"https:\\\/\\\/transamerica93.com.br\\\/home\\\/triatleta-luisa-baptista-volta-a-falar-e-agradece-medica-obrigada-por-salvar-minha-vida\\\/\"]}]},{\"@type\":\"ImageObject\",\"inLanguage\":\"pt-BR\",\"@id\":\"https:\\\/\\\/transamerica93.com.br\\\/home\\\/triatleta-luisa-baptista-volta-a-falar-e-agradece-medica-obrigada-por-salvar-minha-vida\\\/#primaryimage\",\"url\":\"https:\\\/\\\/transamerica93.com.br\\\/home\\\/wp-content\\\/uploads\\\/2024\\\/02\\\/1-3.jpg\",\"contentUrl\":\"https:\\\/\\\/transamerica93.com.br\\\/home\\\/wp-content\\\/uploads\\\/2024\\\/02\\\/1-3.jpg\",\"width\":907,\"height\":603,\"caption\":\"Foto: Divulga\u00e7\u00e3o Infosporte\"},{\"@type\":\"BreadcrumbList\",\"@id\":\"https:\\\/\\\/transamerica93.com.br\\\/home\\\/triatleta-luisa-baptista-volta-a-falar-e-agradece-medica-obrigada-por-salvar-minha-vida\\\/#breadcrumb\",\"itemListElement\":[{\"@type\":\"ListItem\",\"position\":1,\"name\":\"In\u00edcio\",\"item\":\"https:\\\/\\\/transamerica93.com.br\\\/home\\\/\"},{\"@type\":\"ListItem\",\"position\":2,\"name\":\"Triatleta Lu\u00edsa Baptista volta a falar e agradece m\u00e9dica: &#8216;Obrigada por salvar minha vida&#8217;\"}]},{\"@type\":\"WebSite\",\"@id\":\"https:\\\/\\\/transamerica93.com.br\\\/home\\\/#website\",\"url\":\"https:\\\/\\\/transamerica93.com.br\\\/home\\\/\",\"name\":\"Transam\u00e9rica Mococa 93,3\",\"description\":\"\",\"publisher\":{\"@id\":\"https:\\\/\\\/transamerica93.com.br\\\/home\\\/#organization\"},\"potentialAction\":[{\"@type\":\"SearchAction\",\"target\":{\"@type\":\"EntryPoint\",\"urlTemplate\":\"https:\\\/\\\/transamerica93.com.br\\\/home\\\/?s={search_term_string}\"},\"query-input\":{\"@type\":\"PropertyValueSpecification\",\"valueRequired\":true,\"valueName\":\"search_term_string\"}}],\"inLanguage\":\"pt-BR\"},{\"@type\":\"Organization\",\"@id\":\"https:\\\/\\\/transamerica93.com.br\\\/home\\\/#organization\",\"name\":\"Transam\u00e9rica Mococa 93,3\",\"url\":\"https:\\\/\\\/transamerica93.com.br\\\/home\\\/\",\"logo\":{\"@type\":\"ImageObject\",\"inLanguage\":\"pt-BR\",\"@id\":\"https:\\\/\\\/transamerica93.com.br\\\/home\\\/#\\\/schema\\\/logo\\\/image\\\/\",\"url\":\"https:\\\/\\\/transamerica93.com.br\\\/home\\\/wp-content\\\/uploads\\\/2023\\\/10\\\/logo2.png\",\"contentUrl\":\"https:\\\/\\\/transamerica93.com.br\\\/home\\\/wp-content\\\/uploads\\\/2023\\\/10\\\/logo2.png\",\"width\":800,\"height\":500,\"caption\":\"Transam\u00e9rica Mococa 93,3\"},\"image\":{\"@id\":\"https:\\\/\\\/transamerica93.com.br\\\/home\\\/#\\\/schema\\\/logo\\\/image\\\/\"},\"sameAs\":[\"https:\\\/\\\/www.facebook.com\\\/transamericamococa\",\"https:\\\/\\\/x.com\\\/transamerica933\",\"https:\\\/\\\/www.instagram.com\\\/transamericamococa\"]},{\"@type\":\"Person\",\"@id\":\"https:\\\/\\\/transamerica93.com.br\\\/home\\\/#\\\/schema\\\/person\\\/7fed7c99c0d4562efa8561bc0f543172\",\"name\":\"Reda\u00e7\u00e3o\",\"image\":{\"@type\":\"ImageObject\",\"inLanguage\":\"pt-BR\",\"@id\":\"https:\\\/\\\/secure.gravatar.com\\\/avatar\\\/1072c6b775fb02ef8506ce967551d95926669a6b7d2c2147b42eea4d7c68395e?s=96&d=mm&r=g\",\"url\":\"https:\\\/\\\/secure.gravatar.com\\\/avatar\\\/1072c6b775fb02ef8506ce967551d95926669a6b7d2c2147b42eea4d7c68395e?s=96&d=mm&r=g\",\"contentUrl\":\"https:\\\/\\\/secure.gravatar.com\\\/avatar\\\/1072c6b775fb02ef8506ce967551d95926669a6b7d2c2147b42eea4d7c68395e?s=96&d=mm&r=g\",\"caption\":\"Reda\u00e7\u00e3o\"},\"sameAs\":[\"https:\\\/\\\/transamerica93.com.br\\\/home\"],\"url\":\"https:\\\/\\\/transamerica93.com.br\\\/home\\\/author\\\/william\\\/\"}]}<\/script>\n<!-- \/ Yoast SEO plugin. -->","yoast_head_json":{"title":"Triatleta Lu\u00edsa Baptista volta a falar e agradece m\u00e9dica: 'Obrigada por salvar minha vida' - Transam\u00e9rica Mococa 93,3","robots":{"index":"index","follow":"follow","max-snippet":"max-snippet:-1","max-image-preview":"max-image-preview:large","max-video-preview":"max-video-preview:-1"},"canonical":"https:\/\/transamerica93.com.br\/home\/triatleta-luisa-baptista-volta-a-falar-e-agradece-medica-obrigada-por-salvar-minha-vida\/","og_locale":"pt_BR","og_type":"article","og_title":"Triatleta Lu\u00edsa Baptista volta a falar e agradece m\u00e9dica: 'Obrigada por salvar minha vida' - Transam\u00e9rica Mococa 93,3","og_description":"Internada desde o dia 23 de dezembro, quando fazia um treino no distrito de Santa Eud\u00f3xia, em S\u00e3o Carlos, interior de S\u00e3o Paulo, e acabou sofrendo um grave acidente, a triatleta Lu\u00edsa Baptista conseguir falar pela primeira vez nesta quarta-feira, na UTI do Hospital S\u00e3o Luiz, na capital paulistana De acordo com seu irm\u00e3o, Vitor &hellip;","og_url":"https:\/\/transamerica93.com.br\/home\/triatleta-luisa-baptista-volta-a-falar-e-agradece-medica-obrigada-por-salvar-minha-vida\/","og_site_name":"Transam\u00e9rica Mococa 93,3","article_publisher":"https:\/\/www.facebook.com\/transamericamococa","article_published_time":"2024-02-27T15:00:06+00:00","og_image":[{"width":907,"height":603,"url":"https:\/\/transamerica93.com.br\/home\/wp-content\/uploads\/2024\/02\/1-3.jpg","type":"image\/jpeg"}],"author":"Reda\u00e7\u00e3o","twitter_card":"summary_large_image","twitter_creator":"@transamerica933","twitter_site":"@transamerica933","twitter_misc":{"Escrito por":"Reda\u00e7\u00e3o","Est. tempo de leitura":"2 minutos"},"schema":{"@context":"https:\/\/schema.org","@graph":[{"@type":"Article","@id":"https:\/\/transamerica93.com.br\/home\/triatleta-luisa-baptista-volta-a-falar-e-agradece-medica-obrigada-por-salvar-minha-vida\/#article","isPartOf":{"@id":"https:\/\/transamerica93.com.br\/home\/triatleta-luisa-baptista-volta-a-falar-e-agradece-medica-obrigada-por-salvar-minha-vida\/"},"author":{"name":"Reda\u00e7\u00e3o","@id":"https:\/\/transamerica93.com.br\/home\/#\/schema\/person\/7fed7c99c0d4562efa8561bc0f543172"},"headline":"Triatleta Lu\u00edsa Baptista volta a falar e agradece m\u00e9dica: &#8216;Obrigada por salvar minha vida&#8217;","datePublished":"2024-02-27T15:00:06+00:00","mainEntityOfPage":{"@id":"https:\/\/transamerica93.com.br\/home\/triatleta-luisa-baptista-volta-a-falar-e-agradece-medica-obrigada-por-salvar-minha-vida\/"},"wordCount":316,"publisher":{"@id":"https:\/\/transamerica93.com.br\/home\/#organization"},"image":{"@id":"https:\/\/transamerica93.com.br\/home\/triatleta-luisa-baptista-volta-a-falar-e-agradece-medica-obrigada-por-salvar-minha-vida\/#primaryimage"},"thumbnailUrl":"https:\/\/transamerica93.com.br\/home\/wp-content\/uploads\/2024\/02\/1-3.jpg","articleSection":["Esportes"],"inLanguage":"pt-BR"},{"@type":"WebPage","@id":"https:\/\/transamerica93.com.br\/home\/triatleta-luisa-baptista-volta-a-falar-e-agradece-medica-obrigada-por-salvar-minha-vida\/","url":"https:\/\/transamerica93.com.br\/home\/triatleta-luisa-baptista-volta-a-falar-e-agradece-medica-obrigada-por-salvar-minha-vida\/","name":"Triatleta Lu\u00edsa Baptista volta a falar e agradece m\u00e9dica: 'Obrigada por salvar minha vida' - Transam\u00e9rica Mococa 93,3","isPartOf":{"@id":"https:\/\/transamerica93.com.br\/home\/#website"},"primaryImageOfPage":{"@id":"https:\/\/transamerica93.com.br\/home\/triatleta-luisa-baptista-volta-a-falar-e-agradece-medica-obrigada-por-salvar-minha-vida\/#primaryimage"},"image":{"@id":"https:\/\/transamerica93.com.br\/home\/triatleta-luisa-baptista-volta-a-falar-e-agradece-medica-obrigada-por-salvar-minha-vida\/#primaryimage"},"thumbnailUrl":"https:\/\/transamerica93.com.br\/home\/wp-content\/uploads\/2024\/02\/1-3.jpg","datePublished":"2024-02-27T15:00:06+00:00","breadcrumb":{"@id":"https:\/\/transamerica93.com.br\/home\/triatleta-luisa-baptista-volta-a-falar-e-agradece-medica-obrigada-por-salvar-minha-vida\/#breadcrumb"},"inLanguage":"pt-BR","potentialAction":[{"@type":"ReadAction","target":["https:\/\/transamerica93.com.br\/home\/triatleta-luisa-baptista-volta-a-falar-e-agradece-medica-obrigada-por-salvar-minha-vida\/"]}]},{"@type":"ImageObject","inLanguage":"pt-BR","@id":"https:\/\/transamerica93.com.br\/home\/triatleta-luisa-baptista-volta-a-falar-e-agradece-medica-obrigada-por-salvar-minha-vida\/#primaryimage","url":"https:\/\/transamerica93.com.br\/home\/wp-content\/uploads\/2024\/02\/1-3.jpg","contentUrl":"https:\/\/transamerica93.com.br\/home\/wp-content\/uploads\/2024\/02\/1-3.jpg","width":907,"height":603,"caption":"Foto: Divulga\u00e7\u00e3o Infosporte"},{"@type":"BreadcrumbList","@id":"https:\/\/transamerica93.com.br\/home\/triatleta-luisa-baptista-volta-a-falar-e-agradece-medica-obrigada-por-salvar-minha-vida\/#breadcrumb","itemListElement":[{"@type":"ListItem","position":1,"name":"In\u00edcio","item":"https:\/\/transamerica93.com.br\/home\/"},{"@type":"ListItem","position":2,"name":"Triatleta Lu\u00edsa Baptista volta a falar e agradece m\u00e9dica: &#8216;Obrigada por salvar minha vida&#8217;"}]},{"@type":"WebSite","@id":"https:\/\/transamerica93.com.br\/home\/#website","url":"https:\/\/transamerica93.com.br\/home\/","name":"Transam\u00e9rica Mococa 93,3","description":"","publisher":{"@id":"https:\/\/transamerica93.com.br\/home\/#organization"},"potentialAction":[{"@type":"SearchAction","target":{"@type":"EntryPoint","urlTemplate":"https:\/\/transamerica93.com.br\/home\/?s={search_term_string}"},"query-input":{"@type":"PropertyValueSpecification","valueRequired":true,"valueName":"search_term_string"}}],"inLanguage":"pt-BR"},{"@type":"Organization","@id":"https:\/\/transamerica93.com.br\/home\/#organization","name":"Transam\u00e9rica Mococa 93,3","url":"https:\/\/transamerica93.com.br\/home\/","logo":{"@type":"ImageObject","inLanguage":"pt-BR","@id":"https:\/\/transamerica93.com.br\/home\/#\/schema\/logo\/image\/","url":"https:\/\/transamerica93.com.br\/home\/wp-content\/uploads\/2023\/10\/logo2.png","contentUrl":"https:\/\/transamerica93.com.br\/home\/wp-content\/uploads\/2023\/10\/logo2.png","width":800,"height":500,"caption":"Transam\u00e9rica Mococa 93,3"},"image":{"@id":"https:\/\/transamerica93.com.br\/home\/#\/schema\/logo\/image\/"},"sameAs":["https:\/\/www.facebook.com\/transamericamococa","https:\/\/x.com\/transamerica933","https:\/\/www.instagram.com\/transamericamococa"]},{"@type":"Person","@id":"https:\/\/transamerica93.com.br\/home\/#\/schema\/person\/7fed7c99c0d4562efa8561bc0f543172","name":"Reda\u00e7\u00e3o","image":{"@type":"ImageObject","inLanguage":"pt-BR","@id":"https:\/\/secure.gravatar.com\/avatar\/1072c6b775fb02ef8506ce967551d95926669a6b7d2c2147b42eea4d7c68395e?s=96&d=mm&r=g","url":"https:\/\/secure.gravatar.com\/avatar\/1072c6b775fb02ef8506ce967551d95926669a6b7d2c2147b42eea4d7c68395e?s=96&d=mm&r=g","contentUrl":"https:\/\/secure.gravatar.com\/avatar\/1072c6b775fb02ef8506ce967551d95926669a6b7d2c2147b42eea4d7c68395e?s=96&d=mm&r=g","caption":"Reda\u00e7\u00e3o"},"sameAs":["https:\/\/transamerica93.com.br\/home"],"url":"https:\/\/transamerica93.com.br\/home\/author\/william\/"}]}},"_links":{"self":[{"href":"https:\/\/transamerica93.com.br\/home\/wp-json\/wp\/v2\/posts\/2514","targetHints":{"allow":["GET"]}}],"collection":[{"href":"https:\/\/transamerica93.com.br\/home\/wp-json\/wp\/v2\/posts"}],"about":[{"href":"https:\/\/transamerica93.com.br\/home\/wp-json\/wp\/v2\/types\/post"}],"author":[{"embeddable":true,"href":"https:\/\/transamerica93.com.br\/home\/wp-json\/wp\/v2\/users\/1"}],"replies":[{"embeddable":true,"href":"https:\/\/transamerica93.com.br\/home\/wp-json\/wp\/v2\/comments?post=2514"}],"version-history":[{"count":1,"href":"https:\/\/transamerica93.com.br\/home\/wp-json\/wp\/v2\/posts\/2514\/revisions"}],"predecessor-version":[{"id":2516,"href":"https:\/\/transamerica93.com.br\/home\/wp-json\/wp\/v2\/posts\/2514\/revisions\/2516"}],"wp:featuredmedia":[{"embeddable":true,"href":"https:\/\/transamerica93.com.br\/home\/wp-json\/wp\/v2\/media\/2515"}],"wp:attachment":[{"href":"https:\/\/transamerica93.com.br\/home\/wp-json\/wp\/v2\/media?parent=2514"}],"wp:term":[{"taxonomy":"category","embeddable":true,"href":"https:\/\/transamerica93.com.br\/home\/wp-json\/wp\/v2\/categories?post=2514"},{"taxonomy":"post_tag","embeddable":true,"href":"https:\/\/transamerica93.com.br\/home\/wp-json\/wp\/v2\/tags?post=2514"}],"curies":[{"name":"wp","href":"https:\/\/api.w.org\/{rel}","templated":true}]}}