{"id":2532,"date":"2024-02-28T15:00:43","date_gmt":"2024-02-28T18:00:43","guid":{"rendered":"https:\/\/transamerica93.com.br\/home\/?p=2532"},"modified":"2024-02-23T11:03:18","modified_gmt":"2024-02-23T14:03:18","slug":"andrea-bocelli-convida-sandy-para-concertos-no-brasil-veja-datas","status":"publish","type":"post","link":"https:\/\/transamerica93.com.br\/home\/andrea-bocelli-convida-sandy-para-concertos-no-brasil-veja-datas\/","title":{"rendered":"Andrea Bocelli convida Sandy para concertos no Brasil; veja datas"},"content":{"rendered":"<div id=\"Corpo\">\n<h6 class=\"Assina\">Por Reda\u00e7\u00e3o C2<\/h6>\n<p>Sandy \u00e9 a artista brasileira convidada para se apresentar ao lado de Andrea Bocelli nos shows do tenor no Brasil, em Belo Horizonte, Bras\u00edlia e S\u00e3o Paulo, marcados para os dias 17, 21 e 25 de maio, respectivamente.<\/p>\n<p>A agenda de Andrea Bocelli no Brasil contempla apresenta\u00e7\u00f5es no dia 17 de maio, no Est\u00e1dio Mineir\u00e3o, em Belo Horizonte; no dia 21 de maio, na Arena BRB Man\u00e9 Garrincha, em Bras\u00edlia; e nos dias 25 e 26 de maio, no Allianz Parque, em S\u00e3o Paulo.<\/p>\n<p>Esta n\u00e3o \u00e9 a primeira vez que os dois artistas se encontram. Em 1997, eles se reuniram para gravar uma vers\u00e3o da m\u00fasica\u00a0<i>Vivo Per Lei<\/i>.<\/p>\n<p>Al\u00e9m disso, compartilharam o palco em Belo Horizonte e S\u00e3o Paulo na mesma \u00e9poca. Em 2012, Sandy e Bocelli tamb\u00e9m realizaram um show em Portofino, na It\u00e1lia, onde o tenor realizou sua primeira performance em portugu\u00eas, cantando\u00a0<i>Corcovado<\/i>.<\/p>\n<p>Os ingressos est\u00e3o dispon\u00edveis a partir de R$ 250 e podem ser adquiridos atrav\u00e9s do site da\u00a0<a href=\"https:\/\/www.eventim.com%20br\/campaign\/andreabocellite\" target=\"_blank\" rel=\"noopener\"><u>Eventim<\/u><\/a>.<\/div>\n","protected":false},"excerpt":{"rendered":"<p>Por Reda\u00e7\u00e3o C2 Sandy \u00e9 a artista brasileira convidada para se apresentar ao lado de Andrea Bocelli nos shows do tenor no Brasil, em Belo Horizonte, Bras\u00edlia e S\u00e3o Paulo, marcados para os dias 17, 21 e 25 de maio, respectivamente. A agenda de Andrea Bocelli no Brasil contempla apresenta\u00e7\u00f5es no dia 17 de maio, &hellip;<\/p>\n","protected":false},"author":1,"featured_media":2533,"comment_status":"closed","ping_status":"closed","sticky":false,"template":"","format":"standard","meta":{"footnotes":""},"categories":[25],"tags":[],"class_list":["post-2532","post","type-post","status-publish","format-standard","has-post-thumbnail","hentry","category-musica"],"yoast_head":"<!-- This site is optimized with the Yoast SEO plugin v27.4 - https:\/\/yoast.com\/product\/yoast-seo-wordpress\/ -->\n<title>Andrea Bocelli convida Sandy para concertos no Brasil; veja datas - Transam\u00e9rica Mococa 93,3<\/title>\n<meta name=\"robots\" content=\"index, follow, max-snippet:-1, max-image-preview:large, max-video-preview:-1\" \/>\n<link rel=\"canonical\" href=\"https:\/\/transamerica93.com.br\/home\/andrea-bocelli-convida-sandy-para-concertos-no-brasil-veja-datas\/\" \/>\n<meta property=\"og:locale\" content=\"pt_BR\" \/>\n<meta property=\"og:type\" content=\"article\" \/>\n<meta property=\"og:title\" content=\"Andrea Bocelli convida Sandy para concertos no Brasil; veja datas - Transam\u00e9rica Mococa 93,3\" \/>\n<meta property=\"og:description\" content=\"Por Reda\u00e7\u00e3o C2 Sandy \u00e9 a artista brasileira convidada para se apresentar ao lado de Andrea Bocelli nos shows do tenor no Brasil, em Belo Horizonte, Bras\u00edlia e S\u00e3o Paulo, marcados para os dias 17, 21 e 25 de maio, respectivamente. A agenda de Andrea Bocelli no Brasil contempla apresenta\u00e7\u00f5es no dia 17 de maio, &hellip;\" \/>\n<meta property=\"og:url\" content=\"https:\/\/transamerica93.com.br\/home\/andrea-bocelli-convida-sandy-para-concertos-no-brasil-veja-datas\/\" \/>\n<meta property=\"og:site_name\" content=\"Transam\u00e9rica Mococa 93,3\" \/>\n<meta property=\"article:publisher\" content=\"https:\/\/www.facebook.com\/transamericamococa\" \/>\n<meta property=\"article:published_time\" content=\"2024-02-28T18:00:43+00:00\" \/>\n<meta property=\"og:image\" content=\"https:\/\/transamerica93.com.br\/home\/wp-content\/uploads\/2024\/02\/1-8.jpg\" \/>\n\t<meta property=\"og:image:width\" content=\"1140\" \/>\n\t<meta property=\"og:image:height\" content=\"760\" \/>\n\t<meta property=\"og:image:type\" content=\"image\/jpeg\" \/>\n<meta name=\"author\" content=\"Reda\u00e7\u00e3o\" \/>\n<meta name=\"twitter:card\" content=\"summary_large_image\" \/>\n<meta name=\"twitter:creator\" content=\"@transamerica933\" \/>\n<meta name=\"twitter:site\" content=\"@transamerica933\" \/>\n<meta name=\"twitter:label1\" content=\"Escrito por\" \/>\n\t<meta name=\"twitter:data1\" content=\"Reda\u00e7\u00e3o\" \/>\n\t<meta name=\"twitter:label2\" content=\"Est. tempo de leitura\" \/>\n\t<meta name=\"twitter:data2\" content=\"2 minutos\" \/>\n<script type=\"application\/ld+json\" class=\"yoast-schema-graph\">{\"@context\":\"https:\\\/\\\/schema.org\",\"@graph\":[{\"@type\":\"Article\",\"@id\":\"https:\\\/\\\/transamerica93.com.br\\\/home\\\/andrea-bocelli-convida-sandy-para-concertos-no-brasil-veja-datas\\\/#article\",\"isPartOf\":{\"@id\":\"https:\\\/\\\/transamerica93.com.br\\\/home\\\/andrea-bocelli-convida-sandy-para-concertos-no-brasil-veja-datas\\\/\"},\"author\":{\"name\":\"Reda\u00e7\u00e3o\",\"@id\":\"https:\\\/\\\/transamerica93.com.br\\\/home\\\/#\\\/schema\\\/person\\\/7fed7c99c0d4562efa8561bc0f543172\"},\"headline\":\"Andrea Bocelli convida Sandy para concertos no Brasil; veja datas\",\"datePublished\":\"2024-02-28T18:00:43+00:00\",\"mainEntityOfPage\":{\"@id\":\"https:\\\/\\\/transamerica93.com.br\\\/home\\\/andrea-bocelli-convida-sandy-para-concertos-no-brasil-veja-datas\\\/\"},\"wordCount\":186,\"publisher\":{\"@id\":\"https:\\\/\\\/transamerica93.com.br\\\/home\\\/#organization\"},\"image\":{\"@id\":\"https:\\\/\\\/transamerica93.com.br\\\/home\\\/andrea-bocelli-convida-sandy-para-concertos-no-brasil-veja-datas\\\/#primaryimage\"},\"thumbnailUrl\":\"https:\\\/\\\/transamerica93.com.br\\\/home\\\/wp-content\\\/uploads\\\/2024\\\/02\\\/1-8.jpg\",\"articleSection\":[\"M\u00fasica\"],\"inLanguage\":\"pt-BR\"},{\"@type\":\"WebPage\",\"@id\":\"https:\\\/\\\/transamerica93.com.br\\\/home\\\/andrea-bocelli-convida-sandy-para-concertos-no-brasil-veja-datas\\\/\",\"url\":\"https:\\\/\\\/transamerica93.com.br\\\/home\\\/andrea-bocelli-convida-sandy-para-concertos-no-brasil-veja-datas\\\/\",\"name\":\"Andrea Bocelli convida Sandy para concertos no Brasil; veja datas - Transam\u00e9rica Mococa 93,3\",\"isPartOf\":{\"@id\":\"https:\\\/\\\/transamerica93.com.br\\\/home\\\/#website\"},\"primaryImageOfPage\":{\"@id\":\"https:\\\/\\\/transamerica93.com.br\\\/home\\\/andrea-bocelli-convida-sandy-para-concertos-no-brasil-veja-datas\\\/#primaryimage\"},\"image\":{\"@id\":\"https:\\\/\\\/transamerica93.com.br\\\/home\\\/andrea-bocelli-convida-sandy-para-concertos-no-brasil-veja-datas\\\/#primaryimage\"},\"thumbnailUrl\":\"https:\\\/\\\/transamerica93.com.br\\\/home\\\/wp-content\\\/uploads\\\/2024\\\/02\\\/1-8.jpg\",\"datePublished\":\"2024-02-28T18:00:43+00:00\",\"breadcrumb\":{\"@id\":\"https:\\\/\\\/transamerica93.com.br\\\/home\\\/andrea-bocelli-convida-sandy-para-concertos-no-brasil-veja-datas\\\/#breadcrumb\"},\"inLanguage\":\"pt-BR\",\"potentialAction\":[{\"@type\":\"ReadAction\",\"target\":[\"https:\\\/\\\/transamerica93.com.br\\\/home\\\/andrea-bocelli-convida-sandy-para-concertos-no-brasil-veja-datas\\\/\"]}]},{\"@type\":\"ImageObject\",\"inLanguage\":\"pt-BR\",\"@id\":\"https:\\\/\\\/transamerica93.com.br\\\/home\\\/andrea-bocelli-convida-sandy-para-concertos-no-brasil-veja-datas\\\/#primaryimage\",\"url\":\"https:\\\/\\\/transamerica93.com.br\\\/home\\\/wp-content\\\/uploads\\\/2024\\\/02\\\/1-8.jpg\",\"contentUrl\":\"https:\\\/\\\/transamerica93.com.br\\\/home\\\/wp-content\\\/uploads\\\/2024\\\/02\\\/1-8.jpg\",\"width\":1140,\"height\":760,\"caption\":\"Foto: Youtube\\\/Andrea Bocelli\"},{\"@type\":\"BreadcrumbList\",\"@id\":\"https:\\\/\\\/transamerica93.com.br\\\/home\\\/andrea-bocelli-convida-sandy-para-concertos-no-brasil-veja-datas\\\/#breadcrumb\",\"itemListElement\":[{\"@type\":\"ListItem\",\"position\":1,\"name\":\"In\u00edcio\",\"item\":\"https:\\\/\\\/transamerica93.com.br\\\/home\\\/\"},{\"@type\":\"ListItem\",\"position\":2,\"name\":\"Andrea Bocelli convida Sandy para concertos no Brasil; veja datas\"}]},{\"@type\":\"WebSite\",\"@id\":\"https:\\\/\\\/transamerica93.com.br\\\/home\\\/#website\",\"url\":\"https:\\\/\\\/transamerica93.com.br\\\/home\\\/\",\"name\":\"Transam\u00e9rica Mococa 93,3\",\"description\":\"\",\"publisher\":{\"@id\":\"https:\\\/\\\/transamerica93.com.br\\\/home\\\/#organization\"},\"potentialAction\":[{\"@type\":\"SearchAction\",\"target\":{\"@type\":\"EntryPoint\",\"urlTemplate\":\"https:\\\/\\\/transamerica93.com.br\\\/home\\\/?s={search_term_string}\"},\"query-input\":{\"@type\":\"PropertyValueSpecification\",\"valueRequired\":true,\"valueName\":\"search_term_string\"}}],\"inLanguage\":\"pt-BR\"},{\"@type\":\"Organization\",\"@id\":\"https:\\\/\\\/transamerica93.com.br\\\/home\\\/#organization\",\"name\":\"Transam\u00e9rica Mococa 93,3\",\"url\":\"https:\\\/\\\/transamerica93.com.br\\\/home\\\/\",\"logo\":{\"@type\":\"ImageObject\",\"inLanguage\":\"pt-BR\",\"@id\":\"https:\\\/\\\/transamerica93.com.br\\\/home\\\/#\\\/schema\\\/logo\\\/image\\\/\",\"url\":\"https:\\\/\\\/transamerica93.com.br\\\/home\\\/wp-content\\\/uploads\\\/2023\\\/10\\\/logo2.png\",\"contentUrl\":\"https:\\\/\\\/transamerica93.com.br\\\/home\\\/wp-content\\\/uploads\\\/2023\\\/10\\\/logo2.png\",\"width\":800,\"height\":500,\"caption\":\"Transam\u00e9rica Mococa 93,3\"},\"image\":{\"@id\":\"https:\\\/\\\/transamerica93.com.br\\\/home\\\/#\\\/schema\\\/logo\\\/image\\\/\"},\"sameAs\":[\"https:\\\/\\\/www.facebook.com\\\/transamericamococa\",\"https:\\\/\\\/x.com\\\/transamerica933\",\"https:\\\/\\\/www.instagram.com\\\/transamericamococa\"]},{\"@type\":\"Person\",\"@id\":\"https:\\\/\\\/transamerica93.com.br\\\/home\\\/#\\\/schema\\\/person\\\/7fed7c99c0d4562efa8561bc0f543172\",\"name\":\"Reda\u00e7\u00e3o\",\"image\":{\"@type\":\"ImageObject\",\"inLanguage\":\"pt-BR\",\"@id\":\"https:\\\/\\\/secure.gravatar.com\\\/avatar\\\/1072c6b775fb02ef8506ce967551d95926669a6b7d2c2147b42eea4d7c68395e?s=96&d=mm&r=g\",\"url\":\"https:\\\/\\\/secure.gravatar.com\\\/avatar\\\/1072c6b775fb02ef8506ce967551d95926669a6b7d2c2147b42eea4d7c68395e?s=96&d=mm&r=g\",\"contentUrl\":\"https:\\\/\\\/secure.gravatar.com\\\/avatar\\\/1072c6b775fb02ef8506ce967551d95926669a6b7d2c2147b42eea4d7c68395e?s=96&d=mm&r=g\",\"caption\":\"Reda\u00e7\u00e3o\"},\"sameAs\":[\"https:\\\/\\\/transamerica93.com.br\\\/home\"],\"url\":\"https:\\\/\\\/transamerica93.com.br\\\/home\\\/author\\\/william\\\/\"}]}<\/script>\n<!-- \/ Yoast SEO plugin. -->","yoast_head_json":{"title":"Andrea Bocelli convida Sandy para concertos no Brasil; veja datas - Transam\u00e9rica Mococa 93,3","robots":{"index":"index","follow":"follow","max-snippet":"max-snippet:-1","max-image-preview":"max-image-preview:large","max-video-preview":"max-video-preview:-1"},"canonical":"https:\/\/transamerica93.com.br\/home\/andrea-bocelli-convida-sandy-para-concertos-no-brasil-veja-datas\/","og_locale":"pt_BR","og_type":"article","og_title":"Andrea Bocelli convida Sandy para concertos no Brasil; veja datas - Transam\u00e9rica Mococa 93,3","og_description":"Por Reda\u00e7\u00e3o C2 Sandy \u00e9 a artista brasileira convidada para se apresentar ao lado de Andrea Bocelli nos shows do tenor no Brasil, em Belo Horizonte, Bras\u00edlia e S\u00e3o Paulo, marcados para os dias 17, 21 e 25 de maio, respectivamente. A agenda de Andrea Bocelli no Brasil contempla apresenta\u00e7\u00f5es no dia 17 de maio, &hellip;","og_url":"https:\/\/transamerica93.com.br\/home\/andrea-bocelli-convida-sandy-para-concertos-no-brasil-veja-datas\/","og_site_name":"Transam\u00e9rica Mococa 93,3","article_publisher":"https:\/\/www.facebook.com\/transamericamococa","article_published_time":"2024-02-28T18:00:43+00:00","og_image":[{"width":1140,"height":760,"url":"https:\/\/transamerica93.com.br\/home\/wp-content\/uploads\/2024\/02\/1-8.jpg","type":"image\/jpeg"}],"author":"Reda\u00e7\u00e3o","twitter_card":"summary_large_image","twitter_creator":"@transamerica933","twitter_site":"@transamerica933","twitter_misc":{"Escrito por":"Reda\u00e7\u00e3o","Est. tempo de leitura":"2 minutos"},"schema":{"@context":"https:\/\/schema.org","@graph":[{"@type":"Article","@id":"https:\/\/transamerica93.com.br\/home\/andrea-bocelli-convida-sandy-para-concertos-no-brasil-veja-datas\/#article","isPartOf":{"@id":"https:\/\/transamerica93.com.br\/home\/andrea-bocelli-convida-sandy-para-concertos-no-brasil-veja-datas\/"},"author":{"name":"Reda\u00e7\u00e3o","@id":"https:\/\/transamerica93.com.br\/home\/#\/schema\/person\/7fed7c99c0d4562efa8561bc0f543172"},"headline":"Andrea Bocelli convida Sandy para concertos no Brasil; veja datas","datePublished":"2024-02-28T18:00:43+00:00","mainEntityOfPage":{"@id":"https:\/\/transamerica93.com.br\/home\/andrea-bocelli-convida-sandy-para-concertos-no-brasil-veja-datas\/"},"wordCount":186,"publisher":{"@id":"https:\/\/transamerica93.com.br\/home\/#organization"},"image":{"@id":"https:\/\/transamerica93.com.br\/home\/andrea-bocelli-convida-sandy-para-concertos-no-brasil-veja-datas\/#primaryimage"},"thumbnailUrl":"https:\/\/transamerica93.com.br\/home\/wp-content\/uploads\/2024\/02\/1-8.jpg","articleSection":["M\u00fasica"],"inLanguage":"pt-BR"},{"@type":"WebPage","@id":"https:\/\/transamerica93.com.br\/home\/andrea-bocelli-convida-sandy-para-concertos-no-brasil-veja-datas\/","url":"https:\/\/transamerica93.com.br\/home\/andrea-bocelli-convida-sandy-para-concertos-no-brasil-veja-datas\/","name":"Andrea Bocelli convida Sandy para concertos no Brasil; veja datas - Transam\u00e9rica Mococa 93,3","isPartOf":{"@id":"https:\/\/transamerica93.com.br\/home\/#website"},"primaryImageOfPage":{"@id":"https:\/\/transamerica93.com.br\/home\/andrea-bocelli-convida-sandy-para-concertos-no-brasil-veja-datas\/#primaryimage"},"image":{"@id":"https:\/\/transamerica93.com.br\/home\/andrea-bocelli-convida-sandy-para-concertos-no-brasil-veja-datas\/#primaryimage"},"thumbnailUrl":"https:\/\/transamerica93.com.br\/home\/wp-content\/uploads\/2024\/02\/1-8.jpg","datePublished":"2024-02-28T18:00:43+00:00","breadcrumb":{"@id":"https:\/\/transamerica93.com.br\/home\/andrea-bocelli-convida-sandy-para-concertos-no-brasil-veja-datas\/#breadcrumb"},"inLanguage":"pt-BR","potentialAction":[{"@type":"ReadAction","target":["https:\/\/transamerica93.com.br\/home\/andrea-bocelli-convida-sandy-para-concertos-no-brasil-veja-datas\/"]}]},{"@type":"ImageObject","inLanguage":"pt-BR","@id":"https:\/\/transamerica93.com.br\/home\/andrea-bocelli-convida-sandy-para-concertos-no-brasil-veja-datas\/#primaryimage","url":"https:\/\/transamerica93.com.br\/home\/wp-content\/uploads\/2024\/02\/1-8.jpg","contentUrl":"https:\/\/transamerica93.com.br\/home\/wp-content\/uploads\/2024\/02\/1-8.jpg","width":1140,"height":760,"caption":"Foto: Youtube\/Andrea Bocelli"},{"@type":"BreadcrumbList","@id":"https:\/\/transamerica93.com.br\/home\/andrea-bocelli-convida-sandy-para-concertos-no-brasil-veja-datas\/#breadcrumb","itemListElement":[{"@type":"ListItem","position":1,"name":"In\u00edcio","item":"https:\/\/transamerica93.com.br\/home\/"},{"@type":"ListItem","position":2,"name":"Andrea Bocelli convida Sandy para concertos no Brasil; veja datas"}]},{"@type":"WebSite","@id":"https:\/\/transamerica93.com.br\/home\/#website","url":"https:\/\/transamerica93.com.br\/home\/","name":"Transam\u00e9rica Mococa 93,3","description":"","publisher":{"@id":"https:\/\/transamerica93.com.br\/home\/#organization"},"potentialAction":[{"@type":"SearchAction","target":{"@type":"EntryPoint","urlTemplate":"https:\/\/transamerica93.com.br\/home\/?s={search_term_string}"},"query-input":{"@type":"PropertyValueSpecification","valueRequired":true,"valueName":"search_term_string"}}],"inLanguage":"pt-BR"},{"@type":"Organization","@id":"https:\/\/transamerica93.com.br\/home\/#organization","name":"Transam\u00e9rica Mococa 93,3","url":"https:\/\/transamerica93.com.br\/home\/","logo":{"@type":"ImageObject","inLanguage":"pt-BR","@id":"https:\/\/transamerica93.com.br\/home\/#\/schema\/logo\/image\/","url":"https:\/\/transamerica93.com.br\/home\/wp-content\/uploads\/2023\/10\/logo2.png","contentUrl":"https:\/\/transamerica93.com.br\/home\/wp-content\/uploads\/2023\/10\/logo2.png","width":800,"height":500,"caption":"Transam\u00e9rica Mococa 93,3"},"image":{"@id":"https:\/\/transamerica93.com.br\/home\/#\/schema\/logo\/image\/"},"sameAs":["https:\/\/www.facebook.com\/transamericamococa","https:\/\/x.com\/transamerica933","https:\/\/www.instagram.com\/transamericamococa"]},{"@type":"Person","@id":"https:\/\/transamerica93.com.br\/home\/#\/schema\/person\/7fed7c99c0d4562efa8561bc0f543172","name":"Reda\u00e7\u00e3o","image":{"@type":"ImageObject","inLanguage":"pt-BR","@id":"https:\/\/secure.gravatar.com\/avatar\/1072c6b775fb02ef8506ce967551d95926669a6b7d2c2147b42eea4d7c68395e?s=96&d=mm&r=g","url":"https:\/\/secure.gravatar.com\/avatar\/1072c6b775fb02ef8506ce967551d95926669a6b7d2c2147b42eea4d7c68395e?s=96&d=mm&r=g","contentUrl":"https:\/\/secure.gravatar.com\/avatar\/1072c6b775fb02ef8506ce967551d95926669a6b7d2c2147b42eea4d7c68395e?s=96&d=mm&r=g","caption":"Reda\u00e7\u00e3o"},"sameAs":["https:\/\/transamerica93.com.br\/home"],"url":"https:\/\/transamerica93.com.br\/home\/author\/william\/"}]}},"_links":{"self":[{"href":"https:\/\/transamerica93.com.br\/home\/wp-json\/wp\/v2\/posts\/2532","targetHints":{"allow":["GET"]}}],"collection":[{"href":"https:\/\/transamerica93.com.br\/home\/wp-json\/wp\/v2\/posts"}],"about":[{"href":"https:\/\/transamerica93.com.br\/home\/wp-json\/wp\/v2\/types\/post"}],"author":[{"embeddable":true,"href":"https:\/\/transamerica93.com.br\/home\/wp-json\/wp\/v2\/users\/1"}],"replies":[{"embeddable":true,"href":"https:\/\/transamerica93.com.br\/home\/wp-json\/wp\/v2\/comments?post=2532"}],"version-history":[{"count":1,"href":"https:\/\/transamerica93.com.br\/home\/wp-json\/wp\/v2\/posts\/2532\/revisions"}],"predecessor-version":[{"id":2534,"href":"https:\/\/transamerica93.com.br\/home\/wp-json\/wp\/v2\/posts\/2532\/revisions\/2534"}],"wp:featuredmedia":[{"embeddable":true,"href":"https:\/\/transamerica93.com.br\/home\/wp-json\/wp\/v2\/media\/2533"}],"wp:attachment":[{"href":"https:\/\/transamerica93.com.br\/home\/wp-json\/wp\/v2\/media?parent=2532"}],"wp:term":[{"taxonomy":"category","embeddable":true,"href":"https:\/\/transamerica93.com.br\/home\/wp-json\/wp\/v2\/categories?post=2532"},{"taxonomy":"post_tag","embeddable":true,"href":"https:\/\/transamerica93.com.br\/home\/wp-json\/wp\/v2\/tags?post=2532"}],"curies":[{"name":"wp","href":"https:\/\/api.w.org\/{rel}","templated":true}]}}