{"id":2538,"date":"2024-03-01T15:00:25","date_gmt":"2024-03-01T18:00:25","guid":{"rendered":"https:\/\/transamerica93.com.br\/home\/?p=2538"},"modified":"2024-02-23T11:09:13","modified_gmt":"2024-02-23T14:09:13","slug":"justica-americana-anula-processo-de-abuso-sexual-contra-steven-tyler-vocalista-do-aerosmith","status":"publish","type":"post","link":"https:\/\/transamerica93.com.br\/home\/justica-americana-anula-processo-de-abuso-sexual-contra-steven-tyler-vocalista-do-aerosmith\/","title":{"rendered":"Justi\u00e7a americana anula processo de abuso sexual contra Steven Tyler, vocalista do Aerosmith"},"content":{"rendered":"<p>Por Maria Fernanda Viana<\/p>\n<p>Um juiz dos Estados Unidos rejeitou um processo que acusava Steven Tyler, vocalista do Aerosmith, de agredir sexualmente uma adolescente em 1975. As acusa\u00e7\u00f5es foram feitas pela modelo Jeanne Bellino.<\/p>\n<p>Lewis Kaplan, juiz distrital em Manhattan, Nova York, alegou que Jeanne demorou muito para processar o vocalista do Aerosmith. Tyler sempre negou as acusa\u00e7\u00f5es.<\/p>\n<p>Segundo Kaplan, a modelo n\u00e3o se qualificava para o per\u00edodo de dois anos necess\u00e1rios para dar seguimento \u00e0 a\u00e7\u00e3o que, de outra forma, se estenderia al\u00e9m dos prazos de prescri\u00e7\u00e3o. O juiz ainda ressaltou que a suposta v\u00edtima n\u00e3o alegou que a conduta do vocalista se configurava como um &#8220;s\u00e9rio risco de les\u00e3o f\u00edsica&#8221;.<\/p>\n<p>O respons\u00e1vel pela anula\u00e7\u00e3o do processo ainda disse que a mulher demonstrou &#8220;falta de dilig\u00eancia&#8221;, visto que se ela denunciasse o caso antes, ele poderia se enquadrar na Lei das V\u00edtimas Infantis e a Lei dos Sobreviventes Adultos.<\/p>\n<p>David Long-Daniels, advogado de Steven Tyler celebrou a decis\u00e3o do juiz. Em nota enviada \u00e0 imprensa americana, ele disse: &#8220;Concordamos com o racioc\u00ednio do juiz e estamos gratos por este resultado em nome do nosso cliente&#8221;.<\/p>\n<p>At\u00e9 o momento, a defesa de Jeanne Bellino n\u00e3o se pronunciou.<\/p>\n<p>Na \u00e9poca do caso, a modelo tinha 17 anos e foi a um desfile de moda em Manhattan, onde conheceu o Aerosmith. Na vers\u00e3o dela, ela e o cantor, que tinha 27 anos, caminhavam pela rua quando ele a for\u00e7ou a entrar em uma cabine telef\u00f4nica onde Tyler a apalpou, fez sexo simulado e colocou a l\u00edngua em sua garganta enquanto os outros riam da situa\u00e7\u00e3o.<\/p>\n<p>Na den\u00fancia, Jeanne ainda alegou que, em uma comitiva no Warwick Hotel, Tyler a agrediu pela segunda vez. O cantor j\u00e1 havia sido acusado de agress\u00e3o sexual em 1973.<\/p>\n<p>*Estagi\u00e1ria sob supervis\u00e3o de Charlise Morais<\/p>\n","protected":false},"excerpt":{"rendered":"<p>Por Maria Fernanda Viana Um juiz dos Estados Unidos rejeitou um processo que acusava Steven Tyler, vocalista do Aerosmith, de agredir sexualmente uma adolescente em 1975. As acusa\u00e7\u00f5es foram feitas pela modelo Jeanne Bellino. Lewis Kaplan, juiz distrital em Manhattan, Nova York, alegou que Jeanne demorou muito para processar o vocalista do Aerosmith. Tyler sempre &hellip;<\/p>\n","protected":false},"author":1,"featured_media":2539,"comment_status":"closed","ping_status":"closed","sticky":false,"template":"","format":"standard","meta":{"footnotes":""},"categories":[25],"tags":[],"class_list":["post-2538","post","type-post","status-publish","format-standard","has-post-thumbnail","hentry","category-musica"],"yoast_head":"<!-- This site is optimized with the Yoast SEO plugin v27.4 - https:\/\/yoast.com\/product\/yoast-seo-wordpress\/ -->\n<title>Justi\u00e7a americana anula processo de abuso sexual contra Steven Tyler, vocalista do Aerosmith - Transam\u00e9rica Mococa 93,3<\/title>\n<meta name=\"robots\" content=\"index, follow, max-snippet:-1, max-image-preview:large, max-video-preview:-1\" \/>\n<link rel=\"canonical\" href=\"https:\/\/transamerica93.com.br\/home\/justica-americana-anula-processo-de-abuso-sexual-contra-steven-tyler-vocalista-do-aerosmith\/\" \/>\n<meta property=\"og:locale\" content=\"pt_BR\" \/>\n<meta property=\"og:type\" content=\"article\" \/>\n<meta property=\"og:title\" content=\"Justi\u00e7a americana anula processo de abuso sexual contra Steven Tyler, vocalista do Aerosmith - Transam\u00e9rica Mococa 93,3\" \/>\n<meta property=\"og:description\" content=\"Por Maria Fernanda Viana Um juiz dos Estados Unidos rejeitou um processo que acusava Steven Tyler, vocalista do Aerosmith, de agredir sexualmente uma adolescente em 1975. As acusa\u00e7\u00f5es foram feitas pela modelo Jeanne Bellino. Lewis Kaplan, juiz distrital em Manhattan, Nova York, alegou que Jeanne demorou muito para processar o vocalista do Aerosmith. Tyler sempre &hellip;\" \/>\n<meta property=\"og:url\" content=\"https:\/\/transamerica93.com.br\/home\/justica-americana-anula-processo-de-abuso-sexual-contra-steven-tyler-vocalista-do-aerosmith\/\" \/>\n<meta property=\"og:site_name\" content=\"Transam\u00e9rica Mococa 93,3\" \/>\n<meta property=\"article:publisher\" content=\"https:\/\/www.facebook.com\/transamericamococa\" \/>\n<meta property=\"article:published_time\" content=\"2024-03-01T18:00:25+00:00\" \/>\n<meta property=\"og:image\" content=\"https:\/\/transamerica93.com.br\/home\/wp-content\/uploads\/2024\/02\/1-10.jpg\" \/>\n\t<meta property=\"og:image:width\" content=\"788\" \/>\n\t<meta property=\"og:image:height\" content=\"538\" \/>\n\t<meta property=\"og:image:type\" content=\"image\/jpeg\" \/>\n<meta name=\"author\" content=\"Reda\u00e7\u00e3o\" \/>\n<meta name=\"twitter:card\" content=\"summary_large_image\" \/>\n<meta name=\"twitter:creator\" content=\"@transamerica933\" \/>\n<meta name=\"twitter:site\" content=\"@transamerica933\" \/>\n<meta name=\"twitter:label1\" content=\"Escrito por\" \/>\n\t<meta name=\"twitter:data1\" content=\"Reda\u00e7\u00e3o\" \/>\n\t<meta name=\"twitter:label2\" content=\"Est. tempo de leitura\" \/>\n\t<meta name=\"twitter:data2\" content=\"2 minutos\" \/>\n<script type=\"application\/ld+json\" class=\"yoast-schema-graph\">{\"@context\":\"https:\\\/\\\/schema.org\",\"@graph\":[{\"@type\":\"Article\",\"@id\":\"https:\\\/\\\/transamerica93.com.br\\\/home\\\/justica-americana-anula-processo-de-abuso-sexual-contra-steven-tyler-vocalista-do-aerosmith\\\/#article\",\"isPartOf\":{\"@id\":\"https:\\\/\\\/transamerica93.com.br\\\/home\\\/justica-americana-anula-processo-de-abuso-sexual-contra-steven-tyler-vocalista-do-aerosmith\\\/\"},\"author\":{\"name\":\"Reda\u00e7\u00e3o\",\"@id\":\"https:\\\/\\\/transamerica93.com.br\\\/home\\\/#\\\/schema\\\/person\\\/7fed7c99c0d4562efa8561bc0f543172\"},\"headline\":\"Justi\u00e7a americana anula processo de abuso sexual contra Steven Tyler, vocalista do Aerosmith\",\"datePublished\":\"2024-03-01T18:00:25+00:00\",\"mainEntityOfPage\":{\"@id\":\"https:\\\/\\\/transamerica93.com.br\\\/home\\\/justica-americana-anula-processo-de-abuso-sexual-contra-steven-tyler-vocalista-do-aerosmith\\\/\"},\"wordCount\":335,\"publisher\":{\"@id\":\"https:\\\/\\\/transamerica93.com.br\\\/home\\\/#organization\"},\"image\":{\"@id\":\"https:\\\/\\\/transamerica93.com.br\\\/home\\\/justica-americana-anula-processo-de-abuso-sexual-contra-steven-tyler-vocalista-do-aerosmith\\\/#primaryimage\"},\"thumbnailUrl\":\"https:\\\/\\\/transamerica93.com.br\\\/home\\\/wp-content\\\/uploads\\\/2024\\\/02\\\/1-10.jpg\",\"articleSection\":[\"M\u00fasica\"],\"inLanguage\":\"pt-BR\"},{\"@type\":\"WebPage\",\"@id\":\"https:\\\/\\\/transamerica93.com.br\\\/home\\\/justica-americana-anula-processo-de-abuso-sexual-contra-steven-tyler-vocalista-do-aerosmith\\\/\",\"url\":\"https:\\\/\\\/transamerica93.com.br\\\/home\\\/justica-americana-anula-processo-de-abuso-sexual-contra-steven-tyler-vocalista-do-aerosmith\\\/\",\"name\":\"Justi\u00e7a americana anula processo de abuso sexual contra Steven Tyler, vocalista do Aerosmith - Transam\u00e9rica Mococa 93,3\",\"isPartOf\":{\"@id\":\"https:\\\/\\\/transamerica93.com.br\\\/home\\\/#website\"},\"primaryImageOfPage\":{\"@id\":\"https:\\\/\\\/transamerica93.com.br\\\/home\\\/justica-americana-anula-processo-de-abuso-sexual-contra-steven-tyler-vocalista-do-aerosmith\\\/#primaryimage\"},\"image\":{\"@id\":\"https:\\\/\\\/transamerica93.com.br\\\/home\\\/justica-americana-anula-processo-de-abuso-sexual-contra-steven-tyler-vocalista-do-aerosmith\\\/#primaryimage\"},\"thumbnailUrl\":\"https:\\\/\\\/transamerica93.com.br\\\/home\\\/wp-content\\\/uploads\\\/2024\\\/02\\\/1-10.jpg\",\"datePublished\":\"2024-03-01T18:00:25+00:00\",\"breadcrumb\":{\"@id\":\"https:\\\/\\\/transamerica93.com.br\\\/home\\\/justica-americana-anula-processo-de-abuso-sexual-contra-steven-tyler-vocalista-do-aerosmith\\\/#breadcrumb\"},\"inLanguage\":\"pt-BR\",\"potentialAction\":[{\"@type\":\"ReadAction\",\"target\":[\"https:\\\/\\\/transamerica93.com.br\\\/home\\\/justica-americana-anula-processo-de-abuso-sexual-contra-steven-tyler-vocalista-do-aerosmith\\\/\"]}]},{\"@type\":\"ImageObject\",\"inLanguage\":\"pt-BR\",\"@id\":\"https:\\\/\\\/transamerica93.com.br\\\/home\\\/justica-americana-anula-processo-de-abuso-sexual-contra-steven-tyler-vocalista-do-aerosmith\\\/#primaryimage\",\"url\":\"https:\\\/\\\/transamerica93.com.br\\\/home\\\/wp-content\\\/uploads\\\/2024\\\/02\\\/1-10.jpg\",\"contentUrl\":\"https:\\\/\\\/transamerica93.com.br\\\/home\\\/wp-content\\\/uploads\\\/2024\\\/02\\\/1-10.jpg\",\"width\":788,\"height\":538,\"caption\":\"Foto: Instagram @iamstevent\"},{\"@type\":\"BreadcrumbList\",\"@id\":\"https:\\\/\\\/transamerica93.com.br\\\/home\\\/justica-americana-anula-processo-de-abuso-sexual-contra-steven-tyler-vocalista-do-aerosmith\\\/#breadcrumb\",\"itemListElement\":[{\"@type\":\"ListItem\",\"position\":1,\"name\":\"In\u00edcio\",\"item\":\"https:\\\/\\\/transamerica93.com.br\\\/home\\\/\"},{\"@type\":\"ListItem\",\"position\":2,\"name\":\"Justi\u00e7a americana anula processo de abuso sexual contra Steven Tyler, vocalista do Aerosmith\"}]},{\"@type\":\"WebSite\",\"@id\":\"https:\\\/\\\/transamerica93.com.br\\\/home\\\/#website\",\"url\":\"https:\\\/\\\/transamerica93.com.br\\\/home\\\/\",\"name\":\"Transam\u00e9rica Mococa 93,3\",\"description\":\"\",\"publisher\":{\"@id\":\"https:\\\/\\\/transamerica93.com.br\\\/home\\\/#organization\"},\"potentialAction\":[{\"@type\":\"SearchAction\",\"target\":{\"@type\":\"EntryPoint\",\"urlTemplate\":\"https:\\\/\\\/transamerica93.com.br\\\/home\\\/?s={search_term_string}\"},\"query-input\":{\"@type\":\"PropertyValueSpecification\",\"valueRequired\":true,\"valueName\":\"search_term_string\"}}],\"inLanguage\":\"pt-BR\"},{\"@type\":\"Organization\",\"@id\":\"https:\\\/\\\/transamerica93.com.br\\\/home\\\/#organization\",\"name\":\"Transam\u00e9rica Mococa 93,3\",\"url\":\"https:\\\/\\\/transamerica93.com.br\\\/home\\\/\",\"logo\":{\"@type\":\"ImageObject\",\"inLanguage\":\"pt-BR\",\"@id\":\"https:\\\/\\\/transamerica93.com.br\\\/home\\\/#\\\/schema\\\/logo\\\/image\\\/\",\"url\":\"https:\\\/\\\/transamerica93.com.br\\\/home\\\/wp-content\\\/uploads\\\/2023\\\/10\\\/logo2.png\",\"contentUrl\":\"https:\\\/\\\/transamerica93.com.br\\\/home\\\/wp-content\\\/uploads\\\/2023\\\/10\\\/logo2.png\",\"width\":800,\"height\":500,\"caption\":\"Transam\u00e9rica Mococa 93,3\"},\"image\":{\"@id\":\"https:\\\/\\\/transamerica93.com.br\\\/home\\\/#\\\/schema\\\/logo\\\/image\\\/\"},\"sameAs\":[\"https:\\\/\\\/www.facebook.com\\\/transamericamococa\",\"https:\\\/\\\/x.com\\\/transamerica933\",\"https:\\\/\\\/www.instagram.com\\\/transamericamococa\"]},{\"@type\":\"Person\",\"@id\":\"https:\\\/\\\/transamerica93.com.br\\\/home\\\/#\\\/schema\\\/person\\\/7fed7c99c0d4562efa8561bc0f543172\",\"name\":\"Reda\u00e7\u00e3o\",\"image\":{\"@type\":\"ImageObject\",\"inLanguage\":\"pt-BR\",\"@id\":\"https:\\\/\\\/secure.gravatar.com\\\/avatar\\\/1072c6b775fb02ef8506ce967551d95926669a6b7d2c2147b42eea4d7c68395e?s=96&d=mm&r=g\",\"url\":\"https:\\\/\\\/secure.gravatar.com\\\/avatar\\\/1072c6b775fb02ef8506ce967551d95926669a6b7d2c2147b42eea4d7c68395e?s=96&d=mm&r=g\",\"contentUrl\":\"https:\\\/\\\/secure.gravatar.com\\\/avatar\\\/1072c6b775fb02ef8506ce967551d95926669a6b7d2c2147b42eea4d7c68395e?s=96&d=mm&r=g\",\"caption\":\"Reda\u00e7\u00e3o\"},\"sameAs\":[\"https:\\\/\\\/transamerica93.com.br\\\/home\"],\"url\":\"https:\\\/\\\/transamerica93.com.br\\\/home\\\/author\\\/william\\\/\"}]}<\/script>\n<!-- \/ Yoast SEO plugin. -->","yoast_head_json":{"title":"Justi\u00e7a americana anula processo de abuso sexual contra Steven Tyler, vocalista do Aerosmith - Transam\u00e9rica Mococa 93,3","robots":{"index":"index","follow":"follow","max-snippet":"max-snippet:-1","max-image-preview":"max-image-preview:large","max-video-preview":"max-video-preview:-1"},"canonical":"https:\/\/transamerica93.com.br\/home\/justica-americana-anula-processo-de-abuso-sexual-contra-steven-tyler-vocalista-do-aerosmith\/","og_locale":"pt_BR","og_type":"article","og_title":"Justi\u00e7a americana anula processo de abuso sexual contra Steven Tyler, vocalista do Aerosmith - Transam\u00e9rica Mococa 93,3","og_description":"Por Maria Fernanda Viana Um juiz dos Estados Unidos rejeitou um processo que acusava Steven Tyler, vocalista do Aerosmith, de agredir sexualmente uma adolescente em 1975. As acusa\u00e7\u00f5es foram feitas pela modelo Jeanne Bellino. Lewis Kaplan, juiz distrital em Manhattan, Nova York, alegou que Jeanne demorou muito para processar o vocalista do Aerosmith. Tyler sempre &hellip;","og_url":"https:\/\/transamerica93.com.br\/home\/justica-americana-anula-processo-de-abuso-sexual-contra-steven-tyler-vocalista-do-aerosmith\/","og_site_name":"Transam\u00e9rica Mococa 93,3","article_publisher":"https:\/\/www.facebook.com\/transamericamococa","article_published_time":"2024-03-01T18:00:25+00:00","og_image":[{"width":788,"height":538,"url":"https:\/\/transamerica93.com.br\/home\/wp-content\/uploads\/2024\/02\/1-10.jpg","type":"image\/jpeg"}],"author":"Reda\u00e7\u00e3o","twitter_card":"summary_large_image","twitter_creator":"@transamerica933","twitter_site":"@transamerica933","twitter_misc":{"Escrito por":"Reda\u00e7\u00e3o","Est. tempo de leitura":"2 minutos"},"schema":{"@context":"https:\/\/schema.org","@graph":[{"@type":"Article","@id":"https:\/\/transamerica93.com.br\/home\/justica-americana-anula-processo-de-abuso-sexual-contra-steven-tyler-vocalista-do-aerosmith\/#article","isPartOf":{"@id":"https:\/\/transamerica93.com.br\/home\/justica-americana-anula-processo-de-abuso-sexual-contra-steven-tyler-vocalista-do-aerosmith\/"},"author":{"name":"Reda\u00e7\u00e3o","@id":"https:\/\/transamerica93.com.br\/home\/#\/schema\/person\/7fed7c99c0d4562efa8561bc0f543172"},"headline":"Justi\u00e7a americana anula processo de abuso sexual contra Steven Tyler, vocalista do Aerosmith","datePublished":"2024-03-01T18:00:25+00:00","mainEntityOfPage":{"@id":"https:\/\/transamerica93.com.br\/home\/justica-americana-anula-processo-de-abuso-sexual-contra-steven-tyler-vocalista-do-aerosmith\/"},"wordCount":335,"publisher":{"@id":"https:\/\/transamerica93.com.br\/home\/#organization"},"image":{"@id":"https:\/\/transamerica93.com.br\/home\/justica-americana-anula-processo-de-abuso-sexual-contra-steven-tyler-vocalista-do-aerosmith\/#primaryimage"},"thumbnailUrl":"https:\/\/transamerica93.com.br\/home\/wp-content\/uploads\/2024\/02\/1-10.jpg","articleSection":["M\u00fasica"],"inLanguage":"pt-BR"},{"@type":"WebPage","@id":"https:\/\/transamerica93.com.br\/home\/justica-americana-anula-processo-de-abuso-sexual-contra-steven-tyler-vocalista-do-aerosmith\/","url":"https:\/\/transamerica93.com.br\/home\/justica-americana-anula-processo-de-abuso-sexual-contra-steven-tyler-vocalista-do-aerosmith\/","name":"Justi\u00e7a americana anula processo de abuso sexual contra Steven Tyler, vocalista do Aerosmith - Transam\u00e9rica Mococa 93,3","isPartOf":{"@id":"https:\/\/transamerica93.com.br\/home\/#website"},"primaryImageOfPage":{"@id":"https:\/\/transamerica93.com.br\/home\/justica-americana-anula-processo-de-abuso-sexual-contra-steven-tyler-vocalista-do-aerosmith\/#primaryimage"},"image":{"@id":"https:\/\/transamerica93.com.br\/home\/justica-americana-anula-processo-de-abuso-sexual-contra-steven-tyler-vocalista-do-aerosmith\/#primaryimage"},"thumbnailUrl":"https:\/\/transamerica93.com.br\/home\/wp-content\/uploads\/2024\/02\/1-10.jpg","datePublished":"2024-03-01T18:00:25+00:00","breadcrumb":{"@id":"https:\/\/transamerica93.com.br\/home\/justica-americana-anula-processo-de-abuso-sexual-contra-steven-tyler-vocalista-do-aerosmith\/#breadcrumb"},"inLanguage":"pt-BR","potentialAction":[{"@type":"ReadAction","target":["https:\/\/transamerica93.com.br\/home\/justica-americana-anula-processo-de-abuso-sexual-contra-steven-tyler-vocalista-do-aerosmith\/"]}]},{"@type":"ImageObject","inLanguage":"pt-BR","@id":"https:\/\/transamerica93.com.br\/home\/justica-americana-anula-processo-de-abuso-sexual-contra-steven-tyler-vocalista-do-aerosmith\/#primaryimage","url":"https:\/\/transamerica93.com.br\/home\/wp-content\/uploads\/2024\/02\/1-10.jpg","contentUrl":"https:\/\/transamerica93.com.br\/home\/wp-content\/uploads\/2024\/02\/1-10.jpg","width":788,"height":538,"caption":"Foto: Instagram @iamstevent"},{"@type":"BreadcrumbList","@id":"https:\/\/transamerica93.com.br\/home\/justica-americana-anula-processo-de-abuso-sexual-contra-steven-tyler-vocalista-do-aerosmith\/#breadcrumb","itemListElement":[{"@type":"ListItem","position":1,"name":"In\u00edcio","item":"https:\/\/transamerica93.com.br\/home\/"},{"@type":"ListItem","position":2,"name":"Justi\u00e7a americana anula processo de abuso sexual contra Steven Tyler, vocalista do Aerosmith"}]},{"@type":"WebSite","@id":"https:\/\/transamerica93.com.br\/home\/#website","url":"https:\/\/transamerica93.com.br\/home\/","name":"Transam\u00e9rica Mococa 93,3","description":"","publisher":{"@id":"https:\/\/transamerica93.com.br\/home\/#organization"},"potentialAction":[{"@type":"SearchAction","target":{"@type":"EntryPoint","urlTemplate":"https:\/\/transamerica93.com.br\/home\/?s={search_term_string}"},"query-input":{"@type":"PropertyValueSpecification","valueRequired":true,"valueName":"search_term_string"}}],"inLanguage":"pt-BR"},{"@type":"Organization","@id":"https:\/\/transamerica93.com.br\/home\/#organization","name":"Transam\u00e9rica Mococa 93,3","url":"https:\/\/transamerica93.com.br\/home\/","logo":{"@type":"ImageObject","inLanguage":"pt-BR","@id":"https:\/\/transamerica93.com.br\/home\/#\/schema\/logo\/image\/","url":"https:\/\/transamerica93.com.br\/home\/wp-content\/uploads\/2023\/10\/logo2.png","contentUrl":"https:\/\/transamerica93.com.br\/home\/wp-content\/uploads\/2023\/10\/logo2.png","width":800,"height":500,"caption":"Transam\u00e9rica Mococa 93,3"},"image":{"@id":"https:\/\/transamerica93.com.br\/home\/#\/schema\/logo\/image\/"},"sameAs":["https:\/\/www.facebook.com\/transamericamococa","https:\/\/x.com\/transamerica933","https:\/\/www.instagram.com\/transamericamococa"]},{"@type":"Person","@id":"https:\/\/transamerica93.com.br\/home\/#\/schema\/person\/7fed7c99c0d4562efa8561bc0f543172","name":"Reda\u00e7\u00e3o","image":{"@type":"ImageObject","inLanguage":"pt-BR","@id":"https:\/\/secure.gravatar.com\/avatar\/1072c6b775fb02ef8506ce967551d95926669a6b7d2c2147b42eea4d7c68395e?s=96&d=mm&r=g","url":"https:\/\/secure.gravatar.com\/avatar\/1072c6b775fb02ef8506ce967551d95926669a6b7d2c2147b42eea4d7c68395e?s=96&d=mm&r=g","contentUrl":"https:\/\/secure.gravatar.com\/avatar\/1072c6b775fb02ef8506ce967551d95926669a6b7d2c2147b42eea4d7c68395e?s=96&d=mm&r=g","caption":"Reda\u00e7\u00e3o"},"sameAs":["https:\/\/transamerica93.com.br\/home"],"url":"https:\/\/transamerica93.com.br\/home\/author\/william\/"}]}},"_links":{"self":[{"href":"https:\/\/transamerica93.com.br\/home\/wp-json\/wp\/v2\/posts\/2538","targetHints":{"allow":["GET"]}}],"collection":[{"href":"https:\/\/transamerica93.com.br\/home\/wp-json\/wp\/v2\/posts"}],"about":[{"href":"https:\/\/transamerica93.com.br\/home\/wp-json\/wp\/v2\/types\/post"}],"author":[{"embeddable":true,"href":"https:\/\/transamerica93.com.br\/home\/wp-json\/wp\/v2\/users\/1"}],"replies":[{"embeddable":true,"href":"https:\/\/transamerica93.com.br\/home\/wp-json\/wp\/v2\/comments?post=2538"}],"version-history":[{"count":1,"href":"https:\/\/transamerica93.com.br\/home\/wp-json\/wp\/v2\/posts\/2538\/revisions"}],"predecessor-version":[{"id":2540,"href":"https:\/\/transamerica93.com.br\/home\/wp-json\/wp\/v2\/posts\/2538\/revisions\/2540"}],"wp:featuredmedia":[{"embeddable":true,"href":"https:\/\/transamerica93.com.br\/home\/wp-json\/wp\/v2\/media\/2539"}],"wp:attachment":[{"href":"https:\/\/transamerica93.com.br\/home\/wp-json\/wp\/v2\/media?parent=2538"}],"wp:term":[{"taxonomy":"category","embeddable":true,"href":"https:\/\/transamerica93.com.br\/home\/wp-json\/wp\/v2\/categories?post=2538"},{"taxonomy":"post_tag","embeddable":true,"href":"https:\/\/transamerica93.com.br\/home\/wp-json\/wp\/v2\/tags?post=2538"}],"curies":[{"name":"wp","href":"https:\/\/api.w.org\/{rel}","templated":true}]}}