{"id":2544,"date":"2024-02-27T18:00:08","date_gmt":"2024-02-27T21:00:08","guid":{"rendered":"https:\/\/transamerica93.com.br\/home\/?p=2544"},"modified":"2024-02-23T11:11:49","modified_gmt":"2024-02-23T14:11:49","slug":"defesa-de-alexandre-correa-pede-prisao-de-edu-guedes-ana-hickmann-fala-em-retaliacao","status":"publish","type":"post","link":"https:\/\/transamerica93.com.br\/home\/defesa-de-alexandre-correa-pede-prisao-de-edu-guedes-ana-hickmann-fala-em-retaliacao\/","title":{"rendered":"Defesa de Alexandre Correa pede pris\u00e3o de Edu Guedes; Ana Hickmann fala em retalia\u00e7\u00e3o"},"content":{"rendered":"<p>Por Reda\u00e7\u00e3o E+<\/p>\n<p>A defesa do empres\u00e1rio Alexandre Correa, ex-marido da apresentadora Ana Hickmann, pediu a pris\u00e3o do apresentador Edu Guedes. O advogado Enio Murad, que representa Correa, diz que Guedes, em conjunto com Ana Hickman, coagiu o filho do casal, Alezinho, de 9 anos, a se comunicar com a pai por meio do celular de Guedes.<\/p>\n<p>A a\u00e7\u00e3o teria ocorrido no \u00faltimo dia 15 de fevereiro, quando Ana, Guedes e Alezinho estavam Paraty, no Rio de Janeiro. A viagem alimentou rumores de que Ana e Guedes est\u00e3o em um relacionamento amoroso, embora a assessoria de imprensa da apresentadora negue o namoro.<\/p>\n<p>Em prints anexados ao pedido, \u00e9 poss\u00edvel ver fotos de Alezinho em um aplicativo de mensagens cujo nome que aparece no contato \u00e9 o de Edu Guedes. O advogado tamb\u00e9m enviou ao\u00a0<b>Estad\u00e3o<\/b>\u00a0um v\u00eddeo no qual Alezinho manda um recado para o pai.<\/p>\n<p>O advogado afirma que o celular da crian\u00e7a voltou a funcionar ap\u00f3s a defesa ingressar com o pedido de pris\u00e3o de Guedes na Justi\u00e7a. Murad afirma ainda que Alezinho faltou \u00e0s aulas nos dias 15 e 16.<\/p>\n<p>Procurada pelo\u00a0<b>Estad\u00e3o<\/b>, a assessoria de Ana afirmou, por meio de nota, que o celular de Alezinho ficou sem sinal e que foi disponibilizado um outro celular para que ele pudesse falar com o pai. A assessoria n\u00e3o cita o nome de Guedes.<\/p>\n<p>Por fim, o texto afirma que &#8220;como forma de puni\u00e7\u00e3o e retalia\u00e7\u00e3o, Alexandre Correa se negou a atender e a responder o contato telef\u00f4nico do filho&#8221;.<\/p>\n<p>A defesa de Alexandre, por sua vez, diz que seu cliente n\u00e3o atendeu \u00e0 liga\u00e7\u00e3o por medo de se tratar de &#8220;mais uma cilada de Ana&#8221; com o intuito de encontrar argumentos para que a Justi\u00e7a pudesse prend\u00ea-lo.<\/p>\n<p>A reportagem entrou em contato com o apresentador Edu Guedes, mas n\u00e3o obteve resposta. O espa\u00e7o segue aberto.<\/p>\n<p><b>Defesa de Correa pede ainda multa e proibi\u00e7\u00e3o de Guedes de se aproximar da crian\u00e7a<\/b><\/p>\n<p>No pedido da defesa de Correa que, no momento, est\u00e1 sob aprecia\u00e7\u00e3o da Justi\u00e7a, h\u00e1 ainda a solicita\u00e7\u00e3o de que a Justi\u00e7a aplique uma multa em Ana e Guedes no valor de R$ 500 mil por atos de constrangimento, coa\u00e7\u00e3o e aliena\u00e7\u00e3o parental.<\/p>\n<p>Pede, ainda, o imediato afastamento de Guedes de Alezinho, proibindo a conviv\u00eancia entre os dois. A defesa tamb\u00e9m solicita que a crian\u00e7a passe por uma per\u00edcia m\u00e9dica para averiguar se o menino est\u00e1 sofrendo algum impacto com falas e atitudes da m\u00e3e.<\/p>\n<p>Enio Murad, em conversa com o\u00a0<b>Estad\u00e3o<\/b>, afirma que o Alezinho quer depor na Justi\u00e7a &#8220;para provar que o pai nunca agrediu a m\u00e3e, que na verdade era a m\u00e3e que era agressora&#8221;.<\/p>\n<p>Murad afirma ainda que Ana se utilizou de um simulacro jur\u00eddico para pedir a pris\u00e3o de Correa no \u00faltimo dia 13 de fevereiro por supostamente ele ter quebrado a medida protetiva em favor de Ana<\/p>\n<p>A defesa de Correa afirma que o empres\u00e1rio \u00e9 v\u00edtima de dano moral e material, adult\u00e9rio, coa\u00e7\u00e3o, aliena\u00e7\u00e3o parental, cal\u00fania, difama\u00e7\u00e3o, entre outros crimes que est\u00e3o sendo apurados pela Justi\u00e7a.<\/p>\n<p>Em mensagem enviada ao\u00a0<b>Estad\u00e3o<\/b>, a assessoria de imprensa da apresentadora afirmou que Correa tenta criar novos atos para tumultuar as investiga\u00e7\u00f5es em curso, como desgastar a imagem de Ana. A assessoria da apresentadora tamb\u00e9m nega ter havido adult\u00e9rio por parte de Ana e afirma que Alezinho n\u00e3o estava presente no momento da suposta agress\u00e3o de Correa contra a apresentadora.<\/p>\n<p>A nota diz ainda que n\u00e3o h\u00e1 nenhuma tentativa de aliena\u00e7\u00e3o parental partindo de Ana e que o filho do casal est\u00e1 dispon\u00edvel todos os dias para contato com os familiares.<\/p>\n<p><b>Relembre o caso<\/b><\/p>\n<p>Em 12 de dezembro de 2023, Ana Hickmann prestou queixa de agress\u00e3o contra o empres\u00e1rio Alexandre Correa, com quem era casada.<\/p>\n<p>O\u00a0<b>Estad\u00e3o<\/b>\u00a0teve acesso ao boletim de ocorr\u00eancia registrado por Ana Hickmann, no qual ela acusa o empres\u00e1rio de agress\u00e3o f\u00edsica. Segundo seu relato, ela estaria na cozinha de sua casa com Alexandre, o filho e duas funcion\u00e1rias. Ela teria dito algo ao filho que o marido n\u00e3o teria gostado e foi repreendida, com &#8220;ambos aumentando o tom de voz&#8221;. A crian\u00e7a teria pedido que parassem de brigar e sa\u00eddo correndo assustada.<\/p>\n<p>&#8220;O autor passou a pressionar a v\u00edtima contra a parede, bem como a amea\u00e7\u00e1-la de agredi-la com uma cabe\u00e7ada, ocasi\u00e3o em que ela conseguiu afast\u00e1-lo e, ao tentar pegar seu telefone celular, que estava em cima de uma mesa na \u00e1rea externa, o autor, repentinamente, fechou a porta de correr da cozinha, o que pressionou o bra\u00e7o esquerdo da v\u00edtima&#8221;, diz o trecho seguinte do documento policial.<\/p>\n<p>Ana, ent\u00e3o, teria conseguido tranc\u00e1-lo para fora de casa e fez a liga\u00e7\u00e3o para a Pol\u00edcia Militar. Correa teria deixado o local pouco depois. Hickmann buscou atendimento m\u00e9dico no Hospital S\u00e3o Camilo, onde foi constatada uma contus\u00e3o em seu cotovelo esquerdo. Ainda segundo o BO, ela teve o bra\u00e7o imobilizado com uma tipoia.<\/p>\n<p>&#8220;A v\u00edtima tomou ci\u00eancia das medidas protetivas conferidas pela Lei Maria da Penha, por\u00e9m, neste momento, optou por n\u00e3o requer\u00ea-las&#8221;, encerra o documento.<\/p>\n<p>Alexandre confessou as agress\u00f5es, mas negou que tenha dado uma cabe\u00e7ada na apresentadora, segundo o UOL. Ana voltou a falar sobre o caso, dizendo que os dois tinham um relacionamento t\u00f3xico durante uma entrevista ao\u00a0<i>Domingo Espetacular<\/i>, da Record TV, ainda em dezembro de 2023.<\/p>\n<p>De l\u00e1 para c\u00e1, Ana e Alexandre t\u00eam trocado acusa\u00e7\u00f5es que envolvem desvio de dinheiro e aliena\u00e7\u00e3o parental de ambos os lados.<\/p>\n","protected":false},"excerpt":{"rendered":"<p>Por Reda\u00e7\u00e3o E+ A defesa do empres\u00e1rio Alexandre Correa, ex-marido da apresentadora Ana Hickmann, pediu a pris\u00e3o do apresentador Edu Guedes. O advogado Enio Murad, que representa Correa, diz que Guedes, em conjunto com Ana Hickman, coagiu o filho do casal, Alezinho, de 9 anos, a se comunicar com a pai por meio do celular &hellip;<\/p>\n","protected":false},"author":1,"featured_media":2009,"comment_status":"closed","ping_status":"closed","sticky":false,"template":"","format":"standard","meta":{"footnotes":""},"categories":[24],"tags":[],"class_list":["post-2544","post","type-post","status-publish","format-standard","has-post-thumbnail","hentry","category-entretenimento"],"yoast_head":"<!-- This site is optimized with the Yoast SEO plugin v27.4 - https:\/\/yoast.com\/product\/yoast-seo-wordpress\/ -->\n<title>Defesa de Alexandre Correa pede pris\u00e3o de Edu Guedes; Ana Hickmann fala em retalia\u00e7\u00e3o - Transam\u00e9rica Mococa 93,3<\/title>\n<meta name=\"robots\" content=\"index, follow, max-snippet:-1, max-image-preview:large, max-video-preview:-1\" \/>\n<link rel=\"canonical\" href=\"https:\/\/transamerica93.com.br\/home\/defesa-de-alexandre-correa-pede-prisao-de-edu-guedes-ana-hickmann-fala-em-retaliacao\/\" \/>\n<meta property=\"og:locale\" content=\"pt_BR\" \/>\n<meta property=\"og:type\" content=\"article\" \/>\n<meta property=\"og:title\" content=\"Defesa de Alexandre Correa pede pris\u00e3o de Edu Guedes; Ana Hickmann fala em retalia\u00e7\u00e3o - Transam\u00e9rica Mococa 93,3\" \/>\n<meta property=\"og:description\" content=\"Por Reda\u00e7\u00e3o E+ A defesa do empres\u00e1rio Alexandre Correa, ex-marido da apresentadora Ana Hickmann, pediu a pris\u00e3o do apresentador Edu Guedes. O advogado Enio Murad, que representa Correa, diz que Guedes, em conjunto com Ana Hickman, coagiu o filho do casal, Alezinho, de 9 anos, a se comunicar com a pai por meio do celular &hellip;\" \/>\n<meta property=\"og:url\" content=\"https:\/\/transamerica93.com.br\/home\/defesa-de-alexandre-correa-pede-prisao-de-edu-guedes-ana-hickmann-fala-em-retaliacao\/\" \/>\n<meta property=\"og:site_name\" content=\"Transam\u00e9rica Mococa 93,3\" \/>\n<meta property=\"article:publisher\" content=\"https:\/\/www.facebook.com\/transamericamococa\" \/>\n<meta property=\"article:published_time\" content=\"2024-02-27T21:00:08+00:00\" \/>\n<meta property=\"og:image\" content=\"https:\/\/transamerica93.com.br\/home\/wp-content\/uploads\/2023\/11\/imagem-4.jpg\" \/>\n\t<meta property=\"og:image:width\" content=\"758\" \/>\n\t<meta property=\"og:image:height\" content=\"493\" \/>\n\t<meta property=\"og:image:type\" content=\"image\/jpeg\" \/>\n<meta name=\"author\" content=\"Reda\u00e7\u00e3o\" \/>\n<meta name=\"twitter:card\" content=\"summary_large_image\" \/>\n<meta name=\"twitter:creator\" content=\"@transamerica933\" \/>\n<meta name=\"twitter:site\" content=\"@transamerica933\" \/>\n<meta name=\"twitter:label1\" content=\"Escrito por\" \/>\n\t<meta name=\"twitter:data1\" content=\"Reda\u00e7\u00e3o\" \/>\n\t<meta name=\"twitter:label2\" content=\"Est. tempo de leitura\" \/>\n\t<meta name=\"twitter:data2\" content=\"6 minutos\" \/>\n<script type=\"application\/ld+json\" class=\"yoast-schema-graph\">{\"@context\":\"https:\\\/\\\/schema.org\",\"@graph\":[{\"@type\":\"Article\",\"@id\":\"https:\\\/\\\/transamerica93.com.br\\\/home\\\/defesa-de-alexandre-correa-pede-prisao-de-edu-guedes-ana-hickmann-fala-em-retaliacao\\\/#article\",\"isPartOf\":{\"@id\":\"https:\\\/\\\/transamerica93.com.br\\\/home\\\/defesa-de-alexandre-correa-pede-prisao-de-edu-guedes-ana-hickmann-fala-em-retaliacao\\\/\"},\"author\":{\"name\":\"Reda\u00e7\u00e3o\",\"@id\":\"https:\\\/\\\/transamerica93.com.br\\\/home\\\/#\\\/schema\\\/person\\\/7fed7c99c0d4562efa8561bc0f543172\"},\"headline\":\"Defesa de Alexandre Correa pede pris\u00e3o de Edu Guedes; Ana Hickmann fala em retalia\u00e7\u00e3o\",\"datePublished\":\"2024-02-27T21:00:08+00:00\",\"mainEntityOfPage\":{\"@id\":\"https:\\\/\\\/transamerica93.com.br\\\/home\\\/defesa-de-alexandre-correa-pede-prisao-de-edu-guedes-ana-hickmann-fala-em-retaliacao\\\/\"},\"wordCount\":1005,\"publisher\":{\"@id\":\"https:\\\/\\\/transamerica93.com.br\\\/home\\\/#organization\"},\"image\":{\"@id\":\"https:\\\/\\\/transamerica93.com.br\\\/home\\\/defesa-de-alexandre-correa-pede-prisao-de-edu-guedes-ana-hickmann-fala-em-retaliacao\\\/#primaryimage\"},\"thumbnailUrl\":\"https:\\\/\\\/transamerica93.com.br\\\/home\\\/wp-content\\\/uploads\\\/2023\\\/11\\\/imagem-4.jpg\",\"articleSection\":[\"Entretenimento\"],\"inLanguage\":\"pt-BR\"},{\"@type\":\"WebPage\",\"@id\":\"https:\\\/\\\/transamerica93.com.br\\\/home\\\/defesa-de-alexandre-correa-pede-prisao-de-edu-guedes-ana-hickmann-fala-em-retaliacao\\\/\",\"url\":\"https:\\\/\\\/transamerica93.com.br\\\/home\\\/defesa-de-alexandre-correa-pede-prisao-de-edu-guedes-ana-hickmann-fala-em-retaliacao\\\/\",\"name\":\"Defesa de Alexandre Correa pede pris\u00e3o de Edu Guedes; Ana Hickmann fala em retalia\u00e7\u00e3o - Transam\u00e9rica Mococa 93,3\",\"isPartOf\":{\"@id\":\"https:\\\/\\\/transamerica93.com.br\\\/home\\\/#website\"},\"primaryImageOfPage\":{\"@id\":\"https:\\\/\\\/transamerica93.com.br\\\/home\\\/defesa-de-alexandre-correa-pede-prisao-de-edu-guedes-ana-hickmann-fala-em-retaliacao\\\/#primaryimage\"},\"image\":{\"@id\":\"https:\\\/\\\/transamerica93.com.br\\\/home\\\/defesa-de-alexandre-correa-pede-prisao-de-edu-guedes-ana-hickmann-fala-em-retaliacao\\\/#primaryimage\"},\"thumbnailUrl\":\"https:\\\/\\\/transamerica93.com.br\\\/home\\\/wp-content\\\/uploads\\\/2023\\\/11\\\/imagem-4.jpg\",\"datePublished\":\"2024-02-27T21:00:08+00:00\",\"breadcrumb\":{\"@id\":\"https:\\\/\\\/transamerica93.com.br\\\/home\\\/defesa-de-alexandre-correa-pede-prisao-de-edu-guedes-ana-hickmann-fala-em-retaliacao\\\/#breadcrumb\"},\"inLanguage\":\"pt-BR\",\"potentialAction\":[{\"@type\":\"ReadAction\",\"target\":[\"https:\\\/\\\/transamerica93.com.br\\\/home\\\/defesa-de-alexandre-correa-pede-prisao-de-edu-guedes-ana-hickmann-fala-em-retaliacao\\\/\"]}]},{\"@type\":\"ImageObject\",\"inLanguage\":\"pt-BR\",\"@id\":\"https:\\\/\\\/transamerica93.com.br\\\/home\\\/defesa-de-alexandre-correa-pede-prisao-de-edu-guedes-ana-hickmann-fala-em-retaliacao\\\/#primaryimage\",\"url\":\"https:\\\/\\\/transamerica93.com.br\\\/home\\\/wp-content\\\/uploads\\\/2023\\\/11\\\/imagem-4.jpg\",\"contentUrl\":\"https:\\\/\\\/transamerica93.com.br\\\/home\\\/wp-content\\\/uploads\\\/2023\\\/11\\\/imagem-4.jpg\",\"width\":758,\"height\":493,\"caption\":\"Foto: Instagram @ahickmann\"},{\"@type\":\"BreadcrumbList\",\"@id\":\"https:\\\/\\\/transamerica93.com.br\\\/home\\\/defesa-de-alexandre-correa-pede-prisao-de-edu-guedes-ana-hickmann-fala-em-retaliacao\\\/#breadcrumb\",\"itemListElement\":[{\"@type\":\"ListItem\",\"position\":1,\"name\":\"In\u00edcio\",\"item\":\"https:\\\/\\\/transamerica93.com.br\\\/home\\\/\"},{\"@type\":\"ListItem\",\"position\":2,\"name\":\"Defesa de Alexandre Correa pede pris\u00e3o de Edu Guedes; Ana Hickmann fala em retalia\u00e7\u00e3o\"}]},{\"@type\":\"WebSite\",\"@id\":\"https:\\\/\\\/transamerica93.com.br\\\/home\\\/#website\",\"url\":\"https:\\\/\\\/transamerica93.com.br\\\/home\\\/\",\"name\":\"Transam\u00e9rica Mococa 93,3\",\"description\":\"\",\"publisher\":{\"@id\":\"https:\\\/\\\/transamerica93.com.br\\\/home\\\/#organization\"},\"potentialAction\":[{\"@type\":\"SearchAction\",\"target\":{\"@type\":\"EntryPoint\",\"urlTemplate\":\"https:\\\/\\\/transamerica93.com.br\\\/home\\\/?s={search_term_string}\"},\"query-input\":{\"@type\":\"PropertyValueSpecification\",\"valueRequired\":true,\"valueName\":\"search_term_string\"}}],\"inLanguage\":\"pt-BR\"},{\"@type\":\"Organization\",\"@id\":\"https:\\\/\\\/transamerica93.com.br\\\/home\\\/#organization\",\"name\":\"Transam\u00e9rica Mococa 93,3\",\"url\":\"https:\\\/\\\/transamerica93.com.br\\\/home\\\/\",\"logo\":{\"@type\":\"ImageObject\",\"inLanguage\":\"pt-BR\",\"@id\":\"https:\\\/\\\/transamerica93.com.br\\\/home\\\/#\\\/schema\\\/logo\\\/image\\\/\",\"url\":\"https:\\\/\\\/transamerica93.com.br\\\/home\\\/wp-content\\\/uploads\\\/2023\\\/10\\\/logo2.png\",\"contentUrl\":\"https:\\\/\\\/transamerica93.com.br\\\/home\\\/wp-content\\\/uploads\\\/2023\\\/10\\\/logo2.png\",\"width\":800,\"height\":500,\"caption\":\"Transam\u00e9rica Mococa 93,3\"},\"image\":{\"@id\":\"https:\\\/\\\/transamerica93.com.br\\\/home\\\/#\\\/schema\\\/logo\\\/image\\\/\"},\"sameAs\":[\"https:\\\/\\\/www.facebook.com\\\/transamericamococa\",\"https:\\\/\\\/x.com\\\/transamerica933\",\"https:\\\/\\\/www.instagram.com\\\/transamericamococa\"]},{\"@type\":\"Person\",\"@id\":\"https:\\\/\\\/transamerica93.com.br\\\/home\\\/#\\\/schema\\\/person\\\/7fed7c99c0d4562efa8561bc0f543172\",\"name\":\"Reda\u00e7\u00e3o\",\"image\":{\"@type\":\"ImageObject\",\"inLanguage\":\"pt-BR\",\"@id\":\"https:\\\/\\\/secure.gravatar.com\\\/avatar\\\/1072c6b775fb02ef8506ce967551d95926669a6b7d2c2147b42eea4d7c68395e?s=96&d=mm&r=g\",\"url\":\"https:\\\/\\\/secure.gravatar.com\\\/avatar\\\/1072c6b775fb02ef8506ce967551d95926669a6b7d2c2147b42eea4d7c68395e?s=96&d=mm&r=g\",\"contentUrl\":\"https:\\\/\\\/secure.gravatar.com\\\/avatar\\\/1072c6b775fb02ef8506ce967551d95926669a6b7d2c2147b42eea4d7c68395e?s=96&d=mm&r=g\",\"caption\":\"Reda\u00e7\u00e3o\"},\"sameAs\":[\"https:\\\/\\\/transamerica93.com.br\\\/home\"],\"url\":\"https:\\\/\\\/transamerica93.com.br\\\/home\\\/author\\\/william\\\/\"}]}<\/script>\n<!-- \/ Yoast SEO plugin. -->","yoast_head_json":{"title":"Defesa de Alexandre Correa pede pris\u00e3o de Edu Guedes; Ana Hickmann fala em retalia\u00e7\u00e3o - Transam\u00e9rica Mococa 93,3","robots":{"index":"index","follow":"follow","max-snippet":"max-snippet:-1","max-image-preview":"max-image-preview:large","max-video-preview":"max-video-preview:-1"},"canonical":"https:\/\/transamerica93.com.br\/home\/defesa-de-alexandre-correa-pede-prisao-de-edu-guedes-ana-hickmann-fala-em-retaliacao\/","og_locale":"pt_BR","og_type":"article","og_title":"Defesa de Alexandre Correa pede pris\u00e3o de Edu Guedes; Ana Hickmann fala em retalia\u00e7\u00e3o - Transam\u00e9rica Mococa 93,3","og_description":"Por Reda\u00e7\u00e3o E+ A defesa do empres\u00e1rio Alexandre Correa, ex-marido da apresentadora Ana Hickmann, pediu a pris\u00e3o do apresentador Edu Guedes. O advogado Enio Murad, que representa Correa, diz que Guedes, em conjunto com Ana Hickman, coagiu o filho do casal, Alezinho, de 9 anos, a se comunicar com a pai por meio do celular &hellip;","og_url":"https:\/\/transamerica93.com.br\/home\/defesa-de-alexandre-correa-pede-prisao-de-edu-guedes-ana-hickmann-fala-em-retaliacao\/","og_site_name":"Transam\u00e9rica Mococa 93,3","article_publisher":"https:\/\/www.facebook.com\/transamericamococa","article_published_time":"2024-02-27T21:00:08+00:00","og_image":[{"width":758,"height":493,"url":"https:\/\/transamerica93.com.br\/home\/wp-content\/uploads\/2023\/11\/imagem-4.jpg","type":"image\/jpeg"}],"author":"Reda\u00e7\u00e3o","twitter_card":"summary_large_image","twitter_creator":"@transamerica933","twitter_site":"@transamerica933","twitter_misc":{"Escrito por":"Reda\u00e7\u00e3o","Est. tempo de leitura":"6 minutos"},"schema":{"@context":"https:\/\/schema.org","@graph":[{"@type":"Article","@id":"https:\/\/transamerica93.com.br\/home\/defesa-de-alexandre-correa-pede-prisao-de-edu-guedes-ana-hickmann-fala-em-retaliacao\/#article","isPartOf":{"@id":"https:\/\/transamerica93.com.br\/home\/defesa-de-alexandre-correa-pede-prisao-de-edu-guedes-ana-hickmann-fala-em-retaliacao\/"},"author":{"name":"Reda\u00e7\u00e3o","@id":"https:\/\/transamerica93.com.br\/home\/#\/schema\/person\/7fed7c99c0d4562efa8561bc0f543172"},"headline":"Defesa de Alexandre Correa pede pris\u00e3o de Edu Guedes; Ana Hickmann fala em retalia\u00e7\u00e3o","datePublished":"2024-02-27T21:00:08+00:00","mainEntityOfPage":{"@id":"https:\/\/transamerica93.com.br\/home\/defesa-de-alexandre-correa-pede-prisao-de-edu-guedes-ana-hickmann-fala-em-retaliacao\/"},"wordCount":1005,"publisher":{"@id":"https:\/\/transamerica93.com.br\/home\/#organization"},"image":{"@id":"https:\/\/transamerica93.com.br\/home\/defesa-de-alexandre-correa-pede-prisao-de-edu-guedes-ana-hickmann-fala-em-retaliacao\/#primaryimage"},"thumbnailUrl":"https:\/\/transamerica93.com.br\/home\/wp-content\/uploads\/2023\/11\/imagem-4.jpg","articleSection":["Entretenimento"],"inLanguage":"pt-BR"},{"@type":"WebPage","@id":"https:\/\/transamerica93.com.br\/home\/defesa-de-alexandre-correa-pede-prisao-de-edu-guedes-ana-hickmann-fala-em-retaliacao\/","url":"https:\/\/transamerica93.com.br\/home\/defesa-de-alexandre-correa-pede-prisao-de-edu-guedes-ana-hickmann-fala-em-retaliacao\/","name":"Defesa de Alexandre Correa pede pris\u00e3o de Edu Guedes; Ana Hickmann fala em retalia\u00e7\u00e3o - Transam\u00e9rica Mococa 93,3","isPartOf":{"@id":"https:\/\/transamerica93.com.br\/home\/#website"},"primaryImageOfPage":{"@id":"https:\/\/transamerica93.com.br\/home\/defesa-de-alexandre-correa-pede-prisao-de-edu-guedes-ana-hickmann-fala-em-retaliacao\/#primaryimage"},"image":{"@id":"https:\/\/transamerica93.com.br\/home\/defesa-de-alexandre-correa-pede-prisao-de-edu-guedes-ana-hickmann-fala-em-retaliacao\/#primaryimage"},"thumbnailUrl":"https:\/\/transamerica93.com.br\/home\/wp-content\/uploads\/2023\/11\/imagem-4.jpg","datePublished":"2024-02-27T21:00:08+00:00","breadcrumb":{"@id":"https:\/\/transamerica93.com.br\/home\/defesa-de-alexandre-correa-pede-prisao-de-edu-guedes-ana-hickmann-fala-em-retaliacao\/#breadcrumb"},"inLanguage":"pt-BR","potentialAction":[{"@type":"ReadAction","target":["https:\/\/transamerica93.com.br\/home\/defesa-de-alexandre-correa-pede-prisao-de-edu-guedes-ana-hickmann-fala-em-retaliacao\/"]}]},{"@type":"ImageObject","inLanguage":"pt-BR","@id":"https:\/\/transamerica93.com.br\/home\/defesa-de-alexandre-correa-pede-prisao-de-edu-guedes-ana-hickmann-fala-em-retaliacao\/#primaryimage","url":"https:\/\/transamerica93.com.br\/home\/wp-content\/uploads\/2023\/11\/imagem-4.jpg","contentUrl":"https:\/\/transamerica93.com.br\/home\/wp-content\/uploads\/2023\/11\/imagem-4.jpg","width":758,"height":493,"caption":"Foto: Instagram @ahickmann"},{"@type":"BreadcrumbList","@id":"https:\/\/transamerica93.com.br\/home\/defesa-de-alexandre-correa-pede-prisao-de-edu-guedes-ana-hickmann-fala-em-retaliacao\/#breadcrumb","itemListElement":[{"@type":"ListItem","position":1,"name":"In\u00edcio","item":"https:\/\/transamerica93.com.br\/home\/"},{"@type":"ListItem","position":2,"name":"Defesa de Alexandre Correa pede pris\u00e3o de Edu Guedes; Ana Hickmann fala em retalia\u00e7\u00e3o"}]},{"@type":"WebSite","@id":"https:\/\/transamerica93.com.br\/home\/#website","url":"https:\/\/transamerica93.com.br\/home\/","name":"Transam\u00e9rica Mococa 93,3","description":"","publisher":{"@id":"https:\/\/transamerica93.com.br\/home\/#organization"},"potentialAction":[{"@type":"SearchAction","target":{"@type":"EntryPoint","urlTemplate":"https:\/\/transamerica93.com.br\/home\/?s={search_term_string}"},"query-input":{"@type":"PropertyValueSpecification","valueRequired":true,"valueName":"search_term_string"}}],"inLanguage":"pt-BR"},{"@type":"Organization","@id":"https:\/\/transamerica93.com.br\/home\/#organization","name":"Transam\u00e9rica Mococa 93,3","url":"https:\/\/transamerica93.com.br\/home\/","logo":{"@type":"ImageObject","inLanguage":"pt-BR","@id":"https:\/\/transamerica93.com.br\/home\/#\/schema\/logo\/image\/","url":"https:\/\/transamerica93.com.br\/home\/wp-content\/uploads\/2023\/10\/logo2.png","contentUrl":"https:\/\/transamerica93.com.br\/home\/wp-content\/uploads\/2023\/10\/logo2.png","width":800,"height":500,"caption":"Transam\u00e9rica Mococa 93,3"},"image":{"@id":"https:\/\/transamerica93.com.br\/home\/#\/schema\/logo\/image\/"},"sameAs":["https:\/\/www.facebook.com\/transamericamococa","https:\/\/x.com\/transamerica933","https:\/\/www.instagram.com\/transamericamococa"]},{"@type":"Person","@id":"https:\/\/transamerica93.com.br\/home\/#\/schema\/person\/7fed7c99c0d4562efa8561bc0f543172","name":"Reda\u00e7\u00e3o","image":{"@type":"ImageObject","inLanguage":"pt-BR","@id":"https:\/\/secure.gravatar.com\/avatar\/1072c6b775fb02ef8506ce967551d95926669a6b7d2c2147b42eea4d7c68395e?s=96&d=mm&r=g","url":"https:\/\/secure.gravatar.com\/avatar\/1072c6b775fb02ef8506ce967551d95926669a6b7d2c2147b42eea4d7c68395e?s=96&d=mm&r=g","contentUrl":"https:\/\/secure.gravatar.com\/avatar\/1072c6b775fb02ef8506ce967551d95926669a6b7d2c2147b42eea4d7c68395e?s=96&d=mm&r=g","caption":"Reda\u00e7\u00e3o"},"sameAs":["https:\/\/transamerica93.com.br\/home"],"url":"https:\/\/transamerica93.com.br\/home\/author\/william\/"}]}},"_links":{"self":[{"href":"https:\/\/transamerica93.com.br\/home\/wp-json\/wp\/v2\/posts\/2544","targetHints":{"allow":["GET"]}}],"collection":[{"href":"https:\/\/transamerica93.com.br\/home\/wp-json\/wp\/v2\/posts"}],"about":[{"href":"https:\/\/transamerica93.com.br\/home\/wp-json\/wp\/v2\/types\/post"}],"author":[{"embeddable":true,"href":"https:\/\/transamerica93.com.br\/home\/wp-json\/wp\/v2\/users\/1"}],"replies":[{"embeddable":true,"href":"https:\/\/transamerica93.com.br\/home\/wp-json\/wp\/v2\/comments?post=2544"}],"version-history":[{"count":1,"href":"https:\/\/transamerica93.com.br\/home\/wp-json\/wp\/v2\/posts\/2544\/revisions"}],"predecessor-version":[{"id":2545,"href":"https:\/\/transamerica93.com.br\/home\/wp-json\/wp\/v2\/posts\/2544\/revisions\/2545"}],"wp:featuredmedia":[{"embeddable":true,"href":"https:\/\/transamerica93.com.br\/home\/wp-json\/wp\/v2\/media\/2009"}],"wp:attachment":[{"href":"https:\/\/transamerica93.com.br\/home\/wp-json\/wp\/v2\/media?parent=2544"}],"wp:term":[{"taxonomy":"category","embeddable":true,"href":"https:\/\/transamerica93.com.br\/home\/wp-json\/wp\/v2\/categories?post=2544"},{"taxonomy":"post_tag","embeddable":true,"href":"https:\/\/transamerica93.com.br\/home\/wp-json\/wp\/v2\/tags?post=2544"}],"curies":[{"name":"wp","href":"https:\/\/api.w.org\/{rel}","templated":true}]}}